{"id":23031,"date":"2024-09-26T21:40:52","date_gmt":"2024-09-27T00:40:52","guid":{"rendered":"https:\/\/apuntesdesanluis.com\/?p=23031"},"modified":"2024-09-26T21:40:52","modified_gmt":"2024-09-27T00:40:52","slug":"el-superior-tribunal-de-justicia-reitero-su-pedido-de-un-reajuste-del-presupuesto-provincial","status":"publish","type":"post","link":"https:\/\/apuntesdesanluis.com\/index.php\/2024\/09\/26\/el-superior-tribunal-de-justicia-reitero-su-pedido-de-un-reajuste-del-presupuesto-provincial\/","title":{"rendered":"EL SUPERIOR TRIBUNAL DE JUSTICIA REITER\u00d3 SU PEDIDO DE UN REAJUSTE DEL  PRESUPUESTO PROVINCIAL"},"content":{"rendered":"<h3>A pesar que Diputados ya le dio media sanci\u00f3n, el Superior Tribunal de Justicia mantuvo una reuni\u00f3n con la Comisi\u00f3n de Presupuesto, Hacienda y Econom\u00eda de la C\u00e1mara de Senadores de la provincia de San Luis, a los fines de abordar la proyecci\u00f3n presupuestaria prevista para la justicia en el a\u00f1o 2025.<\/h3>\n<h3>La audiencia se desarroll\u00f3 en el recinto del Palacio Legislativo, a solicitud del Alto Cuerpo Judicial. Participaron los ministros, Dres. Eduardo Allende -Presidente-, Carolina Monte Riso, Jorge Levingston y Jos\u00e9 Guillermo L\u2019Huillier, quienes fueron recibidos por los senadores Hugo Olgu\u00edn -Presidente de la referida Comisi\u00f3n-, Juan Alejandro Torres, Sergio Luis Guardia y Mariana Torres.<\/h3>\n<h3><img fetchpriority=\"high\" decoding=\"async\" class=\"wp-image-23033 aligncenter\" src=\"https:\/\/apuntesdesanluis.com\/wp-content\/uploads\/2024\/09\/ministros-del-stj-con-senadores-300x168.png\" alt=\"\" width=\"671\" height=\"376\" srcset=\"https:\/\/apuntesdesanluis.com\/wp-content\/uploads\/2024\/09\/ministros-del-stj-con-senadores-300x168.png 300w, https:\/\/apuntesdesanluis.com\/wp-content\/uploads\/2024\/09\/ministros-del-stj-con-senadores.png 715w\" sizes=\"(max-width: 671px) 100vw, 671px\" \/><\/h3>\n<h3>En este encuentro, las autoridades judiciales manifestaron las necesidades financieras del Poder Judicial para el ejercicio 2025, las que no se han visto reflejadas en el proyecto de ley de Presupuesto General de Gastos y C\u00e1lculo de Recursos de la Administraci\u00f3n Provincial presentado por el Poder Ejecutivo provincial, y que ya cuenta con media sanci\u00f3n de la C\u00e1mara de Diputados.<\/h3>\n<h3>Entre sus manifestaciones, explicaron que cada n\u00famero de cargos presentado en el referido proyecto ha sido determinado dentro de lo que exige la normativa legal para asegurar un adecuado funcionamiento del servicio de justicia. Ante lo cual, requirieron a los legisladores readecuar la proyecci\u00f3n de tal modo que cubran las necesidades funcionales y estructurales del Poder Judicial.<\/h3>\n<h3>En este mismo marco, el Superior Tribunal de Justicia solicit\u00f3 un encuentro con la Comisi\u00f3n de Asuntos Constitucionales y Labor Parlamentaria del Senado para explicar los fundamentos legales que han motivado la referida proyecci\u00f3n presupuestaria por parte de la justicia y la necesidad de contar con una Ley de Autarqu\u00eda Financiera, Econ\u00f3mica y Funcional del Poder Judicial.<\/h3>\n<p>&nbsp;<\/p>\n<p>&nbsp;<\/p>\n<p>&nbsp;<\/p>\n<p>&nbsp;<\/p>\n<p>&nbsp;<\/p>\n<p>&nbsp;<\/p>\n","protected":false},"excerpt":{"rendered":"<p>A pesar que Diputados ya le dio media sanci\u00f3n, el Superior Tribunal de Justicia mantuvo&#8230;<\/p>\n","protected":false},"author":1,"featured_media":23032,"comment_status":"closed","ping_status":"closed","sticky":false,"template":"","format":"standard","meta":{"footnotes":""},"categories":[6],"tags":[],"class_list":["post-23031","post","type-post","status-publish","format-standard","has-post-thumbnail","hentry","category-ciudad-provincia"],"yoast_head":"<!-- This site is optimized with the Yoast SEO plugin v26.1.1 - https:\/\/yoast.com\/wordpress\/plugins\/seo\/ -->\n<title>EL SUPERIOR TRIBUNAL DE JUSTICIA REITER\u00d3 SU PEDIDO DE UN REAJUSTE DEL PRESUPUESTO PROVINCIAL - Apuntes de San Luis<\/title>\n<meta name=\"robots\" content=\"index, follow, max-snippet:-1, max-image-preview:large, max-video-preview:-1\" \/>\n<link rel=\"canonical\" href=\"https:\/\/apuntesdesanluis.com\/index.php\/2024\/09\/26\/el-superior-tribunal-de-justicia-reitero-su-pedido-de-un-reajuste-del-presupuesto-provincial\/\" \/>\n<meta property=\"og:locale\" content=\"es_ES\" \/>\n<meta property=\"og:type\" content=\"article\" \/>\n<meta property=\"og:title\" content=\"EL SUPERIOR TRIBUNAL DE JUSTICIA REITER\u00d3 SU PEDIDO DE UN REAJUSTE DEL PRESUPUESTO PROVINCIAL - Apuntes de San Luis\" \/>\n<meta property=\"og:description\" content=\"A pesar que Diputados ya le dio media sanci\u00f3n, el Superior Tribunal de Justicia mantuvo...\" \/>\n<meta property=\"og:url\" content=\"https:\/\/apuntesdesanluis.com\/index.php\/2024\/09\/26\/el-superior-tribunal-de-justicia-reitero-su-pedido-de-un-reajuste-del-presupuesto-provincial\/\" \/>\n<meta property=\"og:site_name\" content=\"Apuntes de San Luis\" \/>\n<meta property=\"article:published_time\" content=\"2024-09-27T00:40:52+00:00\" \/>\n<meta property=\"og:image\" content=\"https:\/\/apuntesdesanluis.com\/wp-content\/uploads\/2024\/09\/reunion-de-ministros-del-STJ-con-senadores.png\" \/>\n\t<meta property=\"og:image:width\" content=\"769\" \/>\n\t<meta property=\"og:image:height\" content=\"458\" \/>\n\t<meta property=\"og:image:type\" content=\"image\/png\" \/>\n<meta name=\"author\" content=\"apuntesdesanluis.com\" \/>\n<meta name=\"twitter:card\" content=\"summary_large_image\" \/>\n<meta name=\"twitter:label1\" content=\"Escrito por\" \/>\n\t<meta name=\"twitter:data1\" content=\"apuntesdesanluis.com\" \/>\n\t<meta name=\"twitter:label2\" content=\"Tiempo de lectura\" \/>\n\t<meta name=\"twitter:data2\" content=\"2 minutos\" \/>\n<script type=\"application\/ld+json\" class=\"yoast-schema-graph\">{\"@context\":\"https:\/\/schema.org\",\"@graph\":[{\"@type\":\"Article\",\"@id\":\"https:\/\/apuntesdesanluis.com\/index.php\/2024\/09\/26\/el-superior-tribunal-de-justicia-reitero-su-pedido-de-un-reajuste-del-presupuesto-provincial\/#article\",\"isPartOf\":{\"@id\":\"https:\/\/apuntesdesanluis.com\/index.php\/2024\/09\/26\/el-superior-tribunal-de-justicia-reitero-su-pedido-de-un-reajuste-del-presupuesto-provincial\/\"},\"author\":{\"name\":\"apuntesdesanluis.com\",\"@id\":\"https:\/\/apuntesdesanluis.com\/#\/schema\/person\/b55151d52296fcce64d1a72538a70b90\"},\"headline\":\"EL SUPERIOR TRIBUNAL DE JUSTICIA REITER\u00d3 SU PEDIDO DE UN REAJUSTE DEL PRESUPUESTO PROVINCIAL\",\"datePublished\":\"2024-09-27T00:40:52+00:00\",\"mainEntityOfPage\":{\"@id\":\"https:\/\/apuntesdesanluis.com\/index.php\/2024\/09\/26\/el-superior-tribunal-de-justicia-reitero-su-pedido-de-un-reajuste-del-presupuesto-provincial\/\"},\"wordCount\":318,\"publisher\":{\"@id\":\"https:\/\/apuntesdesanluis.com\/#\/schema\/person\/b55151d52296fcce64d1a72538a70b90\"},\"image\":{\"@id\":\"https:\/\/apuntesdesanluis.com\/index.php\/2024\/09\/26\/el-superior-tribunal-de-justicia-reitero-su-pedido-de-un-reajuste-del-presupuesto-provincial\/#primaryimage\"},\"thumbnailUrl\":\"https:\/\/apuntesdesanluis.com\/wp-content\/uploads\/2024\/09\/reunion-de-ministros-del-STJ-con-senadores.png\",\"articleSection\":[\"Ciudad\/Provincia\"],\"inLanguage\":\"es-AR\"},{\"@type\":\"WebPage\",\"@id\":\"https:\/\/apuntesdesanluis.com\/index.php\/2024\/09\/26\/el-superior-tribunal-de-justicia-reitero-su-pedido-de-un-reajuste-del-presupuesto-provincial\/\",\"url\":\"https:\/\/apuntesdesanluis.com\/index.php\/2024\/09\/26\/el-superior-tribunal-de-justicia-reitero-su-pedido-de-un-reajuste-del-presupuesto-provincial\/\",\"name\":\"EL SUPERIOR TRIBUNAL DE JUSTICIA REITER\u00d3 SU PEDIDO DE UN REAJUSTE DEL PRESUPUESTO PROVINCIAL - Apuntes de San Luis\",\"isPartOf\":{\"@id\":\"https:\/\/apuntesdesanluis.com\/#website\"},\"primaryImageOfPage\":{\"@id\":\"https:\/\/apuntesdesanluis.com\/index.php\/2024\/09\/26\/el-superior-tribunal-de-justicia-reitero-su-pedido-de-un-reajuste-del-presupuesto-provincial\/#primaryimage\"},\"image\":{\"@id\":\"https:\/\/apuntesdesanluis.com\/index.php\/2024\/09\/26\/el-superior-tribunal-de-justicia-reitero-su-pedido-de-un-reajuste-del-presupuesto-provincial\/#primaryimage\"},\"thumbnailUrl\":\"https:\/\/apuntesdesanluis.com\/wp-content\/uploads\/2024\/09\/reunion-de-ministros-del-STJ-con-senadores.png\",\"datePublished\":\"2024-09-27T00:40:52+00:00\",\"breadcrumb\":{\"@id\":\"https:\/\/apuntesdesanluis.com\/index.php\/2024\/09\/26\/el-superior-tribunal-de-justicia-reitero-su-pedido-de-un-reajuste-del-presupuesto-provincial\/#breadcrumb\"},\"inLanguage\":\"es-AR\",\"potentialAction\":[{\"@type\":\"ReadAction\",\"target\":[\"https:\/\/apuntesdesanluis.com\/index.php\/2024\/09\/26\/el-superior-tribunal-de-justicia-reitero-su-pedido-de-un-reajuste-del-presupuesto-provincial\/\"]}]},{\"@type\":\"ImageObject\",\"inLanguage\":\"es-AR\",\"@id\":\"https:\/\/apuntesdesanluis.com\/index.php\/2024\/09\/26\/el-superior-tribunal-de-justicia-reitero-su-pedido-de-un-reajuste-del-presupuesto-provincial\/#primaryimage\",\"url\":\"https:\/\/apuntesdesanluis.com\/wp-content\/uploads\/2024\/09\/reunion-de-ministros-del-STJ-con-senadores.png\",\"contentUrl\":\"https:\/\/apuntesdesanluis.com\/wp-content\/uploads\/2024\/09\/reunion-de-ministros-del-STJ-con-senadores.png\",\"width\":769,\"height\":458},{\"@type\":\"BreadcrumbList\",\"@id\":\"https:\/\/apuntesdesanluis.com\/index.php\/2024\/09\/26\/el-superior-tribunal-de-justicia-reitero-su-pedido-de-un-reajuste-del-presupuesto-provincial\/#breadcrumb\",\"itemListElement\":[{\"@type\":\"ListItem\",\"position\":1,\"name\":\"Inicio\",\"item\":\"https:\/\/apuntesdesanluis.com\/\"},{\"@type\":\"ListItem\",\"position\":2,\"name\":\"EL SUPERIOR TRIBUNAL DE JUSTICIA REITER\u00d3 SU PEDIDO DE UN REAJUSTE DEL PRESUPUESTO PROVINCIAL\"}]},{\"@type\":\"WebSite\",\"@id\":\"https:\/\/apuntesdesanluis.com\/#website\",\"url\":\"https:\/\/apuntesdesanluis.com\/\",\"name\":\"Apuntes de San Luis\",\"description\":\"\",\"publisher\":{\"@id\":\"https:\/\/apuntesdesanluis.com\/#\/schema\/person\/b55151d52296fcce64d1a72538a70b90\"},\"potentialAction\":[{\"@type\":\"SearchAction\",\"target\":{\"@type\":\"EntryPoint\",\"urlTemplate\":\"https:\/\/apuntesdesanluis.com\/?s={search_term_string}\"},\"query-input\":{\"@type\":\"PropertyValueSpecification\",\"valueRequired\":true,\"valueName\":\"search_term_string\"}}],\"inLanguage\":\"es-AR\"},{\"@type\":[\"Person\",\"Organization\"],\"@id\":\"https:\/\/apuntesdesanluis.com\/#\/schema\/person\/b55151d52296fcce64d1a72538a70b90\",\"name\":\"apuntesdesanluis.com\",\"image\":{\"@type\":\"ImageObject\",\"inLanguage\":\"es-AR\",\"@id\":\"https:\/\/apuntesdesanluis.com\/#\/schema\/person\/image\/\",\"url\":\"https:\/\/apuntesdesanluis.com\/wp-content\/uploads\/2023\/07\/cropped-apuntesdesanluis.png\",\"contentUrl\":\"https:\/\/apuntesdesanluis.com\/wp-content\/uploads\/2023\/07\/cropped-apuntesdesanluis.png\",\"width\":450,\"height\":112,\"caption\":\"apuntesdesanluis.com\"},\"logo\":{\"@id\":\"https:\/\/apuntesdesanluis.com\/#\/schema\/person\/image\/\"},\"sameAs\":[\"https:\/\/apuntesdesanluis.com\"],\"url\":\"https:\/\/apuntesdesanluis.com\/index.php\/author\/apuntesdesanluis-com\/\"}]}<\/script>\n<!-- \/ Yoast SEO plugin. -->","yoast_head_json":{"title":"EL SUPERIOR TRIBUNAL DE JUSTICIA REITER\u00d3 SU PEDIDO DE UN REAJUSTE DEL PRESUPUESTO PROVINCIAL - Apuntes de San Luis","robots":{"index":"index","follow":"follow","max-snippet":"max-snippet:-1","max-image-preview":"max-image-preview:large","max-video-preview":"max-video-preview:-1"},"canonical":"https:\/\/apuntesdesanluis.com\/index.php\/2024\/09\/26\/el-superior-tribunal-de-justicia-reitero-su-pedido-de-un-reajuste-del-presupuesto-provincial\/","og_locale":"es_ES","og_type":"article","og_title":"EL SUPERIOR TRIBUNAL DE JUSTICIA REITER\u00d3 SU PEDIDO DE UN REAJUSTE DEL PRESUPUESTO PROVINCIAL - Apuntes de San Luis","og_description":"A pesar que Diputados ya le dio media sanci\u00f3n, el Superior Tribunal de Justicia mantuvo...","og_url":"https:\/\/apuntesdesanluis.com\/index.php\/2024\/09\/26\/el-superior-tribunal-de-justicia-reitero-su-pedido-de-un-reajuste-del-presupuesto-provincial\/","og_site_name":"Apuntes de San Luis","article_published_time":"2024-09-27T00:40:52+00:00","og_image":[{"width":769,"height":458,"url":"https:\/\/apuntesdesanluis.com\/wp-content\/uploads\/2024\/09\/reunion-de-ministros-del-STJ-con-senadores.png","type":"image\/png"}],"author":"apuntesdesanluis.com","twitter_card":"summary_large_image","twitter_misc":{"Escrito por":"apuntesdesanluis.com","Tiempo de lectura":"2 minutos"},"schema":{"@context":"https:\/\/schema.org","@graph":[{"@type":"Article","@id":"https:\/\/apuntesdesanluis.com\/index.php\/2024\/09\/26\/el-superior-tribunal-de-justicia-reitero-su-pedido-de-un-reajuste-del-presupuesto-provincial\/#article","isPartOf":{"@id":"https:\/\/apuntesdesanluis.com\/index.php\/2024\/09\/26\/el-superior-tribunal-de-justicia-reitero-su-pedido-de-un-reajuste-del-presupuesto-provincial\/"},"author":{"name":"apuntesdesanluis.com","@id":"https:\/\/apuntesdesanluis.com\/#\/schema\/person\/b55151d52296fcce64d1a72538a70b90"},"headline":"EL SUPERIOR TRIBUNAL DE JUSTICIA REITER\u00d3 SU PEDIDO DE UN REAJUSTE DEL PRESUPUESTO PROVINCIAL","datePublished":"2024-09-27T00:40:52+00:00","mainEntityOfPage":{"@id":"https:\/\/apuntesdesanluis.com\/index.php\/2024\/09\/26\/el-superior-tribunal-de-justicia-reitero-su-pedido-de-un-reajuste-del-presupuesto-provincial\/"},"wordCount":318,"publisher":{"@id":"https:\/\/apuntesdesanluis.com\/#\/schema\/person\/b55151d52296fcce64d1a72538a70b90"},"image":{"@id":"https:\/\/apuntesdesanluis.com\/index.php\/2024\/09\/26\/el-superior-tribunal-de-justicia-reitero-su-pedido-de-un-reajuste-del-presupuesto-provincial\/#primaryimage"},"thumbnailUrl":"https:\/\/apuntesdesanluis.com\/wp-content\/uploads\/2024\/09\/reunion-de-ministros-del-STJ-con-senadores.png","articleSection":["Ciudad\/Provincia"],"inLanguage":"es-AR"},{"@type":"WebPage","@id":"https:\/\/apuntesdesanluis.com\/index.php\/2024\/09\/26\/el-superior-tribunal-de-justicia-reitero-su-pedido-de-un-reajuste-del-presupuesto-provincial\/","url":"https:\/\/apuntesdesanluis.com\/index.php\/2024\/09\/26\/el-superior-tribunal-de-justicia-reitero-su-pedido-de-un-reajuste-del-presupuesto-provincial\/","name":"EL SUPERIOR TRIBUNAL DE JUSTICIA REITER\u00d3 SU PEDIDO DE UN REAJUSTE DEL PRESUPUESTO PROVINCIAL - Apuntes de San Luis","isPartOf":{"@id":"https:\/\/apuntesdesanluis.com\/#website"},"primaryImageOfPage":{"@id":"https:\/\/apuntesdesanluis.com\/index.php\/2024\/09\/26\/el-superior-tribunal-de-justicia-reitero-su-pedido-de-un-reajuste-del-presupuesto-provincial\/#primaryimage"},"image":{"@id":"https:\/\/apuntesdesanluis.com\/index.php\/2024\/09\/26\/el-superior-tribunal-de-justicia-reitero-su-pedido-de-un-reajuste-del-presupuesto-provincial\/#primaryimage"},"thumbnailUrl":"https:\/\/apuntesdesanluis.com\/wp-content\/uploads\/2024\/09\/reunion-de-ministros-del-STJ-con-senadores.png","datePublished":"2024-09-27T00:40:52+00:00","breadcrumb":{"@id":"https:\/\/apuntesdesanluis.com\/index.php\/2024\/09\/26\/el-superior-tribunal-de-justicia-reitero-su-pedido-de-un-reajuste-del-presupuesto-provincial\/#breadcrumb"},"inLanguage":"es-AR","potentialAction":[{"@type":"ReadAction","target":["https:\/\/apuntesdesanluis.com\/index.php\/2024\/09\/26\/el-superior-tribunal-de-justicia-reitero-su-pedido-de-un-reajuste-del-presupuesto-provincial\/"]}]},{"@type":"ImageObject","inLanguage":"es-AR","@id":"https:\/\/apuntesdesanluis.com\/index.php\/2024\/09\/26\/el-superior-tribunal-de-justicia-reitero-su-pedido-de-un-reajuste-del-presupuesto-provincial\/#primaryimage","url":"https:\/\/apuntesdesanluis.com\/wp-content\/uploads\/2024\/09\/reunion-de-ministros-del-STJ-con-senadores.png","contentUrl":"https:\/\/apuntesdesanluis.com\/wp-content\/uploads\/2024\/09\/reunion-de-ministros-del-STJ-con-senadores.png","width":769,"height":458},{"@type":"BreadcrumbList","@id":"https:\/\/apuntesdesanluis.com\/index.php\/2024\/09\/26\/el-superior-tribunal-de-justicia-reitero-su-pedido-de-un-reajuste-del-presupuesto-provincial\/#breadcrumb","itemListElement":[{"@type":"ListItem","position":1,"name":"Inicio","item":"https:\/\/apuntesdesanluis.com\/"},{"@type":"ListItem","position":2,"name":"EL SUPERIOR TRIBUNAL DE JUSTICIA REITER\u00d3 SU PEDIDO DE UN REAJUSTE DEL PRESUPUESTO PROVINCIAL"}]},{"@type":"WebSite","@id":"https:\/\/apuntesdesanluis.com\/#website","url":"https:\/\/apuntesdesanluis.com\/","name":"Apuntes de San Luis","description":"","publisher":{"@id":"https:\/\/apuntesdesanluis.com\/#\/schema\/person\/b55151d52296fcce64d1a72538a70b90"},"potentialAction":[{"@type":"SearchAction","target":{"@type":"EntryPoint","urlTemplate":"https:\/\/apuntesdesanluis.com\/?s={search_term_string}"},"query-input":{"@type":"PropertyValueSpecification","valueRequired":true,"valueName":"search_term_string"}}],"inLanguage":"es-AR"},{"@type":["Person","Organization"],"@id":"https:\/\/apuntesdesanluis.com\/#\/schema\/person\/b55151d52296fcce64d1a72538a70b90","name":"apuntesdesanluis.com","image":{"@type":"ImageObject","inLanguage":"es-AR","@id":"https:\/\/apuntesdesanluis.com\/#\/schema\/person\/image\/","url":"https:\/\/apuntesdesanluis.com\/wp-content\/uploads\/2023\/07\/cropped-apuntesdesanluis.png","contentUrl":"https:\/\/apuntesdesanluis.com\/wp-content\/uploads\/2023\/07\/cropped-apuntesdesanluis.png","width":450,"height":112,"caption":"apuntesdesanluis.com"},"logo":{"@id":"https:\/\/apuntesdesanluis.com\/#\/schema\/person\/image\/"},"sameAs":["https:\/\/apuntesdesanluis.com"],"url":"https:\/\/apuntesdesanluis.com\/index.php\/author\/apuntesdesanluis-com\/"}]}},"featured_image_urls":{"full":["https:\/\/apuntesdesanluis.com\/wp-content\/uploads\/2024\/09\/reunion-de-ministros-del-STJ-con-senadores.png",769,458,false],"thumbnail":["https:\/\/apuntesdesanluis.com\/wp-content\/uploads\/2024\/09\/reunion-de-ministros-del-STJ-con-senadores-150x150.png",150,150,true],"medium":["https:\/\/apuntesdesanluis.com\/wp-content\/uploads\/2024\/09\/reunion-de-ministros-del-STJ-con-senadores-300x179.png",300,179,true],"medium_large":["https:\/\/apuntesdesanluis.com\/wp-content\/uploads\/2024\/09\/reunion-de-ministros-del-STJ-con-senadores.png",640,381,false],"large":["https:\/\/apuntesdesanluis.com\/wp-content\/uploads\/2024\/09\/reunion-de-ministros-del-STJ-con-senadores.png",640,381,false],"1536x1536":["https:\/\/apuntesdesanluis.com\/wp-content\/uploads\/2024\/09\/reunion-de-ministros-del-STJ-con-senadores.png",769,458,false],"2048x2048":["https:\/\/apuntesdesanluis.com\/wp-content\/uploads\/2024\/09\/reunion-de-ministros-del-STJ-con-senadores.png",769,458,false],"newsever-slider-full":["https:\/\/apuntesdesanluis.com\/wp-content\/uploads\/2024\/09\/reunion-de-ministros-del-STJ-con-senadores.png",769,458,false],"newsever-featured":["https:\/\/apuntesdesanluis.com\/wp-content\/uploads\/2024\/09\/reunion-de-ministros-del-STJ-con-senadores.png",769,458,false],"newsever-medium":["https:\/\/apuntesdesanluis.com\/wp-content\/uploads\/2024\/09\/reunion-de-ministros-del-STJ-con-senadores-720x458.png",720,458,true]},"author_info":{"display_name":"apuntesdesanluis.com","author_link":"https:\/\/apuntesdesanluis.com\/index.php\/author\/apuntesdesanluis-com\/"},"category_info":"<a href=\"https:\/\/apuntesdesanluis.com\/index.php\/category\/ciudad-provincia\/\" rel=\"category tag\">Ciudad\/Provincia<\/a>","tag_info":"Ciudad\/Provincia","comment_count":"0","_links":{"self":[{"href":"https:\/\/apuntesdesanluis.com\/index.php\/wp-json\/wp\/v2\/posts\/23031","targetHints":{"allow":["GET"]}}],"collection":[{"href":"https:\/\/apuntesdesanluis.com\/index.php\/wp-json\/wp\/v2\/posts"}],"about":[{"href":"https:\/\/apuntesdesanluis.com\/index.php\/wp-json\/wp\/v2\/types\/post"}],"author":[{"embeddable":true,"href":"https:\/\/apuntesdesanluis.com\/index.php\/wp-json\/wp\/v2\/users\/1"}],"replies":[{"embeddable":true,"href":"https:\/\/apuntesdesanluis.com\/index.php\/wp-json\/wp\/v2\/comments?post=23031"}],"version-history":[{"count":1,"href":"https:\/\/apuntesdesanluis.com\/index.php\/wp-json\/wp\/v2\/posts\/23031\/revisions"}],"predecessor-version":[{"id":23034,"href":"https:\/\/apuntesdesanluis.com\/index.php\/wp-json\/wp\/v2\/posts\/23031\/revisions\/23034"}],"wp:featuredmedia":[{"embeddable":true,"href":"https:\/\/apuntesdesanluis.com\/index.php\/wp-json\/wp\/v2\/media\/23032"}],"wp:attachment":[{"href":"https:\/\/apuntesdesanluis.com\/index.php\/wp-json\/wp\/v2\/media?parent=23031"}],"wp:term":[{"taxonomy":"category","embeddable":true,"href":"https:\/\/apuntesdesanluis.com\/index.php\/wp-json\/wp\/v2\/categories?post=23031"},{"taxonomy":"post_tag","embeddable":true,"href":"https:\/\/apuntesdesanluis.com\/index.php\/wp-json\/wp\/v2\/tags?post=23031"}],"curies":[{"name":"wp","href":"https:\/\/api.w.org\/{rel}","templated":true}]}}