{"id":2304,"date":"2023-08-29T19:00:30","date_gmt":"2023-08-29T22:00:30","guid":{"rendered":"https:\/\/apuntesdesanluis.com\/?p=2304"},"modified":"2023-08-29T19:00:30","modified_gmt":"2023-08-29T22:00:30","slug":"por-el-dia-del-abogado-habra-feriado-judicial-el-viernes-1-de-septiembre","status":"publish","type":"post","link":"https:\/\/apuntesdesanluis.com\/index.php\/2023\/08\/29\/por-el-dia-del-abogado-habra-feriado-judicial-el-viernes-1-de-septiembre\/","title":{"rendered":"POR EL D\u00cdA DEL ABOGADO, HABR\u00c1 FERIADO JUDICIAL EL VIERNES 1 DE SEPTIEMBRE"},"content":{"rendered":"<h3 class=\"yiv7409174924ydp6329976emsonormal\" style=\"text-align: justify; background: white;\"><span style=\"font-family: 'Arial','sans-serif'; color: #1d2228;\">El Superior Tribunal de Justicia, la Procuraci\u00f3n General y la Defensor\u00eda General saludan a todos los abogados de la provincia, reconociendo su trabajo diario al servicio de la justicia, con motivo de celebrarse este martes 29 el <strong>D\u00eda del Abogado<\/strong>.<\/span><\/h3>\n<h3 class=\"yiv7409174924ydp6329976emsonormal\" style=\"text-align: justify; background: white;\"><span style=\"font-family: 'Arial','sans-serif'; color: #1d2228;\">En el marco de esta fecha, el Alto Cuerpo Judicial declar\u00f3 feriado judicial para el pr\u00f3ximo 01 de septiembre. La medida fue establecida por Acuerdo N\u00ba 146\/23, seg\u00fan lo solicitado por el Colegio de Abogados y Procuradores de la ciudad de San Luis y abarca a todas las Circunscripciones Judiciales. <\/span><\/h3>\n<h3 class=\"yiv7409174924ydp6329976emsonormal\" style=\"text-align: justify; background: white;\"><span style=\"font-family: 'Arial','sans-serif'; color: #1d2228;\">Cada 29 de agosto, se conmemora en Argentina el D\u00eda del Abogado, fecha elegida en conmemoraci\u00f3n al nacimiento de uno de los grandes juristas del pa\u00eds, Juan Bautista Alberdi, autor de \u201cBases y puntos de partida para la organizaci\u00f3n pol\u00edtica de la Confederaci\u00f3n Argentina\u201d, obra que sirvi\u00f3 como cimiento sobre la que se construy\u00f3 la Constituci\u00f3n Nacional de 1853.<\/span><\/h3>\n<h3 class=\"yiv7409174924ydp6329976emsonormal\" style=\"text-align: justify; background: white;\"><strong><span style=\"font-family: 'Arial','sans-serif'; color: #1d2228;\">BREVE RESE\u00d1A DE ALBERDI<\/span><\/strong><\/h3>\n<h3 class=\"yiv7409174924ydp6329976emsonormal\" style=\"text-align: justify; background: white;\"><span style=\"font-family: 'Arial','sans-serif'; color: #1d2228;\">Naci\u00f3 el 29 de agosto de 1810 en San Miguel de Tucum\u00e1n, en una casa frente a la plaza principal. Es conocido por ser el autor intelectual de la Primera Constituci\u00f3n. Fue uno de los pensadores m\u00e1s importantes e influyentes del siglo XIX.<\/span><\/h3>\n<h3 class=\"yiv7409174924ydp6329976emsonormal\" style=\"text-align: justify; background: white;\"><span style=\"font-family: 'Arial','sans-serif'; color: #1d2228;\">Residi\u00f3 desde muy joven en Buenos Aires, ciudad en la que desarroll\u00f3 una importante actividad pol\u00edtica, cultural y social. En 1831 ingres\u00f3 a la Universidad de Buenos Aires a estudiar Leyes, pero al ser opositor a Rosas decidi\u00f3 irse a C\u00f3rdoba, donde se gradu\u00f3 de Bachiller en Leyes. En 1835 fund\u00f3, junto a Juan Mar\u00eda Guti\u00e9rrez y Esteban Echeverr\u00eda, el Sal\u00f3n Literario, un espacio de difusi\u00f3n de ideas ligadas al romanticismo europeo. Fue uno de los miembros m\u00e1s influyentes de la Generaci\u00f3n del 37.<\/span><\/h3>\n<h3 class=\"yiv7409174924ydp6329976emsonormal\" style=\"text-align: justify; background: white;\"><span style=\"font-family: 'Arial','sans-serif'; color: #1d2228;\">Se exili\u00f3 en Europa y Sudam\u00e9rica, por ser opositor al gobierno. Vivi\u00f3 gran parte de su vida en Valpara\u00edso, Chile, donde trabaj\u00f3 como abogado y periodista. En 1852 escribi\u00f3 Bases y puntos de partida para la organizaci\u00f3n pol\u00edtica de la Rep\u00fablica Argentina, el borrador de la Constituci\u00f3n de 1853. En 1855 fue nombrado representante de la Confederaci\u00f3n Argentina en Par\u00eds, Madrid y Londres, cargo en el que logr\u00f3 varios acuerdos relevantes.<\/span><\/h3>\n<h3 class=\"yiv7409174924ydp6329976emsonormal\" style=\"text-align: justify; background: white;\"><span style=\"font-family: 'Arial','sans-serif'; color: #1d2228;\">Se opuso fervientemente a la infame guerra contra el Paraguay. Alberdi rechaz\u00f3 la posibilidad de llevar adelante una \u201cguerra justa\u201d porque ser\u00eda lo mismo que hablar de \u201ccrimen justo\u201d.<\/span><\/h3>\n<h3 class=\"yiv7409174924ydp6329976emsonormal\" style=\"text-align: justify; background: white;\"><span style=\"font-family: 'Arial','sans-serif'; color: #1d2228;\">Regres\u00f3 brevemente a Buenos Aires en 1879 cuando obtuvo una candidatura a diputado, pero se enferm\u00f3 y volvi\u00f3 a Francia, donde muri\u00f3 el 19 de junio de 1884. Sus cenizas descansan en la casa de gobierno de Tucum\u00e1n. Cada 29 de agosto se celebra en su honor, el D\u00eda del Abogado.<\/span><\/h3>\n","protected":false},"excerpt":{"rendered":"<p>El Superior Tribunal de Justicia, la Procuraci\u00f3n General y la Defensor\u00eda General saludan a todos&#8230;<\/p>\n","protected":false},"author":1,"featured_media":2305,"comment_status":"closed","ping_status":"closed","sticky":false,"template":"","format":"standard","meta":{"footnotes":""},"categories":[6],"tags":[],"class_list":["post-2304","post","type-post","status-publish","format-standard","has-post-thumbnail","hentry","category-ciudad-provincia"],"yoast_head":"<!-- This site is optimized with the Yoast SEO plugin v26.1.1 - https:\/\/yoast.com\/wordpress\/plugins\/seo\/ -->\n<title>POR EL D\u00cdA DEL ABOGADO, HABR\u00c1 FERIADO JUDICIAL EL VIERNES 1 DE SEPTIEMBRE - Apuntes de San Luis<\/title>\n<meta name=\"robots\" content=\"index, follow, max-snippet:-1, max-image-preview:large, max-video-preview:-1\" \/>\n<link rel=\"canonical\" href=\"https:\/\/apuntesdesanluis.com\/index.php\/2023\/08\/29\/por-el-dia-del-abogado-habra-feriado-judicial-el-viernes-1-de-septiembre\/\" \/>\n<meta property=\"og:locale\" content=\"es_ES\" \/>\n<meta property=\"og:type\" content=\"article\" \/>\n<meta property=\"og:title\" content=\"POR EL D\u00cdA DEL ABOGADO, HABR\u00c1 FERIADO JUDICIAL EL VIERNES 1 DE SEPTIEMBRE - Apuntes de San Luis\" \/>\n<meta property=\"og:description\" content=\"El Superior Tribunal de Justicia, la Procuraci\u00f3n General y la Defensor\u00eda General saludan a todos...\" \/>\n<meta property=\"og:url\" content=\"https:\/\/apuntesdesanluis.com\/index.php\/2023\/08\/29\/por-el-dia-del-abogado-habra-feriado-judicial-el-viernes-1-de-septiembre\/\" \/>\n<meta property=\"og:site_name\" content=\"Apuntes de San Luis\" \/>\n<meta property=\"article:published_time\" content=\"2023-08-29T22:00:30+00:00\" \/>\n<meta property=\"og:image\" content=\"https:\/\/apuntesdesanluis.com\/wp-content\/uploads\/2023\/08\/dia-del-abogado.png\" \/>\n\t<meta property=\"og:image:width\" content=\"656\" \/>\n\t<meta property=\"og:image:height\" content=\"411\" \/>\n\t<meta property=\"og:image:type\" content=\"image\/png\" \/>\n<meta name=\"author\" content=\"apuntesdesanluis.com\" \/>\n<meta name=\"twitter:card\" content=\"summary_large_image\" \/>\n<meta name=\"twitter:label1\" content=\"Escrito por\" \/>\n\t<meta name=\"twitter:data1\" content=\"apuntesdesanluis.com\" \/>\n\t<meta name=\"twitter:label2\" content=\"Tiempo de lectura\" \/>\n\t<meta name=\"twitter:data2\" content=\"2 minutos\" \/>\n<script type=\"application\/ld+json\" class=\"yoast-schema-graph\">{\"@context\":\"https:\/\/schema.org\",\"@graph\":[{\"@type\":\"Article\",\"@id\":\"https:\/\/apuntesdesanluis.com\/index.php\/2023\/08\/29\/por-el-dia-del-abogado-habra-feriado-judicial-el-viernes-1-de-septiembre\/#article\",\"isPartOf\":{\"@id\":\"https:\/\/apuntesdesanluis.com\/index.php\/2023\/08\/29\/por-el-dia-del-abogado-habra-feriado-judicial-el-viernes-1-de-septiembre\/\"},\"author\":{\"name\":\"apuntesdesanluis.com\",\"@id\":\"https:\/\/apuntesdesanluis.com\/#\/schema\/person\/b55151d52296fcce64d1a72538a70b90\"},\"headline\":\"POR EL D\u00cdA DEL ABOGADO, HABR\u00c1 FERIADO JUDICIAL EL VIERNES 1 DE SEPTIEMBRE\",\"datePublished\":\"2023-08-29T22:00:30+00:00\",\"mainEntityOfPage\":{\"@id\":\"https:\/\/apuntesdesanluis.com\/index.php\/2023\/08\/29\/por-el-dia-del-abogado-habra-feriado-judicial-el-viernes-1-de-septiembre\/\"},\"wordCount\":463,\"publisher\":{\"@id\":\"https:\/\/apuntesdesanluis.com\/#\/schema\/person\/b55151d52296fcce64d1a72538a70b90\"},\"image\":{\"@id\":\"https:\/\/apuntesdesanluis.com\/index.php\/2023\/08\/29\/por-el-dia-del-abogado-habra-feriado-judicial-el-viernes-1-de-septiembre\/#primaryimage\"},\"thumbnailUrl\":\"https:\/\/apuntesdesanluis.com\/wp-content\/uploads\/2023\/08\/dia-del-abogado.png\",\"articleSection\":[\"Ciudad\/Provincia\"],\"inLanguage\":\"es-AR\"},{\"@type\":\"WebPage\",\"@id\":\"https:\/\/apuntesdesanluis.com\/index.php\/2023\/08\/29\/por-el-dia-del-abogado-habra-feriado-judicial-el-viernes-1-de-septiembre\/\",\"url\":\"https:\/\/apuntesdesanluis.com\/index.php\/2023\/08\/29\/por-el-dia-del-abogado-habra-feriado-judicial-el-viernes-1-de-septiembre\/\",\"name\":\"POR EL D\u00cdA DEL ABOGADO, HABR\u00c1 FERIADO JUDICIAL EL VIERNES 1 DE SEPTIEMBRE - Apuntes de San Luis\",\"isPartOf\":{\"@id\":\"https:\/\/apuntesdesanluis.com\/#website\"},\"primaryImageOfPage\":{\"@id\":\"https:\/\/apuntesdesanluis.com\/index.php\/2023\/08\/29\/por-el-dia-del-abogado-habra-feriado-judicial-el-viernes-1-de-septiembre\/#primaryimage\"},\"image\":{\"@id\":\"https:\/\/apuntesdesanluis.com\/index.php\/2023\/08\/29\/por-el-dia-del-abogado-habra-feriado-judicial-el-viernes-1-de-septiembre\/#primaryimage\"},\"thumbnailUrl\":\"https:\/\/apuntesdesanluis.com\/wp-content\/uploads\/2023\/08\/dia-del-abogado.png\",\"datePublished\":\"2023-08-29T22:00:30+00:00\",\"breadcrumb\":{\"@id\":\"https:\/\/apuntesdesanluis.com\/index.php\/2023\/08\/29\/por-el-dia-del-abogado-habra-feriado-judicial-el-viernes-1-de-septiembre\/#breadcrumb\"},\"inLanguage\":\"es-AR\",\"potentialAction\":[{\"@type\":\"ReadAction\",\"target\":[\"https:\/\/apuntesdesanluis.com\/index.php\/2023\/08\/29\/por-el-dia-del-abogado-habra-feriado-judicial-el-viernes-1-de-septiembre\/\"]}]},{\"@type\":\"ImageObject\",\"inLanguage\":\"es-AR\",\"@id\":\"https:\/\/apuntesdesanluis.com\/index.php\/2023\/08\/29\/por-el-dia-del-abogado-habra-feriado-judicial-el-viernes-1-de-septiembre\/#primaryimage\",\"url\":\"https:\/\/apuntesdesanluis.com\/wp-content\/uploads\/2023\/08\/dia-del-abogado.png\",\"contentUrl\":\"https:\/\/apuntesdesanluis.com\/wp-content\/uploads\/2023\/08\/dia-del-abogado.png\",\"width\":656,\"height\":411},{\"@type\":\"BreadcrumbList\",\"@id\":\"https:\/\/apuntesdesanluis.com\/index.php\/2023\/08\/29\/por-el-dia-del-abogado-habra-feriado-judicial-el-viernes-1-de-septiembre\/#breadcrumb\",\"itemListElement\":[{\"@type\":\"ListItem\",\"position\":1,\"name\":\"Inicio\",\"item\":\"https:\/\/apuntesdesanluis.com\/\"},{\"@type\":\"ListItem\",\"position\":2,\"name\":\"POR EL D\u00cdA DEL ABOGADO, HABR\u00c1 FERIADO JUDICIAL EL VIERNES 1 DE SEPTIEMBRE\"}]},{\"@type\":\"WebSite\",\"@id\":\"https:\/\/apuntesdesanluis.com\/#website\",\"url\":\"https:\/\/apuntesdesanluis.com\/\",\"name\":\"Apuntes de San Luis\",\"description\":\"\",\"publisher\":{\"@id\":\"https:\/\/apuntesdesanluis.com\/#\/schema\/person\/b55151d52296fcce64d1a72538a70b90\"},\"potentialAction\":[{\"@type\":\"SearchAction\",\"target\":{\"@type\":\"EntryPoint\",\"urlTemplate\":\"https:\/\/apuntesdesanluis.com\/?s={search_term_string}\"},\"query-input\":{\"@type\":\"PropertyValueSpecification\",\"valueRequired\":true,\"valueName\":\"search_term_string\"}}],\"inLanguage\":\"es-AR\"},{\"@type\":[\"Person\",\"Organization\"],\"@id\":\"https:\/\/apuntesdesanluis.com\/#\/schema\/person\/b55151d52296fcce64d1a72538a70b90\",\"name\":\"apuntesdesanluis.com\",\"image\":{\"@type\":\"ImageObject\",\"inLanguage\":\"es-AR\",\"@id\":\"https:\/\/apuntesdesanluis.com\/#\/schema\/person\/image\/\",\"url\":\"https:\/\/apuntesdesanluis.com\/wp-content\/uploads\/2023\/07\/cropped-apuntesdesanluis.png\",\"contentUrl\":\"https:\/\/apuntesdesanluis.com\/wp-content\/uploads\/2023\/07\/cropped-apuntesdesanluis.png\",\"width\":450,\"height\":112,\"caption\":\"apuntesdesanluis.com\"},\"logo\":{\"@id\":\"https:\/\/apuntesdesanluis.com\/#\/schema\/person\/image\/\"},\"sameAs\":[\"https:\/\/apuntesdesanluis.com\"],\"url\":\"https:\/\/apuntesdesanluis.com\/index.php\/author\/apuntesdesanluis-com\/\"}]}<\/script>\n<!-- \/ Yoast SEO plugin. -->","yoast_head_json":{"title":"POR EL D\u00cdA DEL ABOGADO, HABR\u00c1 FERIADO JUDICIAL EL VIERNES 1 DE SEPTIEMBRE - Apuntes de San Luis","robots":{"index":"index","follow":"follow","max-snippet":"max-snippet:-1","max-image-preview":"max-image-preview:large","max-video-preview":"max-video-preview:-1"},"canonical":"https:\/\/apuntesdesanluis.com\/index.php\/2023\/08\/29\/por-el-dia-del-abogado-habra-feriado-judicial-el-viernes-1-de-septiembre\/","og_locale":"es_ES","og_type":"article","og_title":"POR EL D\u00cdA DEL ABOGADO, HABR\u00c1 FERIADO JUDICIAL EL VIERNES 1 DE SEPTIEMBRE - Apuntes de San Luis","og_description":"El Superior Tribunal de Justicia, la Procuraci\u00f3n General y la Defensor\u00eda General saludan a todos...","og_url":"https:\/\/apuntesdesanluis.com\/index.php\/2023\/08\/29\/por-el-dia-del-abogado-habra-feriado-judicial-el-viernes-1-de-septiembre\/","og_site_name":"Apuntes de San Luis","article_published_time":"2023-08-29T22:00:30+00:00","og_image":[{"width":656,"height":411,"url":"https:\/\/apuntesdesanluis.com\/wp-content\/uploads\/2023\/08\/dia-del-abogado.png","type":"image\/png"}],"author":"apuntesdesanluis.com","twitter_card":"summary_large_image","twitter_misc":{"Escrito por":"apuntesdesanluis.com","Tiempo de lectura":"2 minutos"},"schema":{"@context":"https:\/\/schema.org","@graph":[{"@type":"Article","@id":"https:\/\/apuntesdesanluis.com\/index.php\/2023\/08\/29\/por-el-dia-del-abogado-habra-feriado-judicial-el-viernes-1-de-septiembre\/#article","isPartOf":{"@id":"https:\/\/apuntesdesanluis.com\/index.php\/2023\/08\/29\/por-el-dia-del-abogado-habra-feriado-judicial-el-viernes-1-de-septiembre\/"},"author":{"name":"apuntesdesanluis.com","@id":"https:\/\/apuntesdesanluis.com\/#\/schema\/person\/b55151d52296fcce64d1a72538a70b90"},"headline":"POR EL D\u00cdA DEL ABOGADO, HABR\u00c1 FERIADO JUDICIAL EL VIERNES 1 DE SEPTIEMBRE","datePublished":"2023-08-29T22:00:30+00:00","mainEntityOfPage":{"@id":"https:\/\/apuntesdesanluis.com\/index.php\/2023\/08\/29\/por-el-dia-del-abogado-habra-feriado-judicial-el-viernes-1-de-septiembre\/"},"wordCount":463,"publisher":{"@id":"https:\/\/apuntesdesanluis.com\/#\/schema\/person\/b55151d52296fcce64d1a72538a70b90"},"image":{"@id":"https:\/\/apuntesdesanluis.com\/index.php\/2023\/08\/29\/por-el-dia-del-abogado-habra-feriado-judicial-el-viernes-1-de-septiembre\/#primaryimage"},"thumbnailUrl":"https:\/\/apuntesdesanluis.com\/wp-content\/uploads\/2023\/08\/dia-del-abogado.png","articleSection":["Ciudad\/Provincia"],"inLanguage":"es-AR"},{"@type":"WebPage","@id":"https:\/\/apuntesdesanluis.com\/index.php\/2023\/08\/29\/por-el-dia-del-abogado-habra-feriado-judicial-el-viernes-1-de-septiembre\/","url":"https:\/\/apuntesdesanluis.com\/index.php\/2023\/08\/29\/por-el-dia-del-abogado-habra-feriado-judicial-el-viernes-1-de-septiembre\/","name":"POR EL D\u00cdA DEL ABOGADO, HABR\u00c1 FERIADO JUDICIAL EL VIERNES 1 DE SEPTIEMBRE - Apuntes de San Luis","isPartOf":{"@id":"https:\/\/apuntesdesanluis.com\/#website"},"primaryImageOfPage":{"@id":"https:\/\/apuntesdesanluis.com\/index.php\/2023\/08\/29\/por-el-dia-del-abogado-habra-feriado-judicial-el-viernes-1-de-septiembre\/#primaryimage"},"image":{"@id":"https:\/\/apuntesdesanluis.com\/index.php\/2023\/08\/29\/por-el-dia-del-abogado-habra-feriado-judicial-el-viernes-1-de-septiembre\/#primaryimage"},"thumbnailUrl":"https:\/\/apuntesdesanluis.com\/wp-content\/uploads\/2023\/08\/dia-del-abogado.png","datePublished":"2023-08-29T22:00:30+00:00","breadcrumb":{"@id":"https:\/\/apuntesdesanluis.com\/index.php\/2023\/08\/29\/por-el-dia-del-abogado-habra-feriado-judicial-el-viernes-1-de-septiembre\/#breadcrumb"},"inLanguage":"es-AR","potentialAction":[{"@type":"ReadAction","target":["https:\/\/apuntesdesanluis.com\/index.php\/2023\/08\/29\/por-el-dia-del-abogado-habra-feriado-judicial-el-viernes-1-de-septiembre\/"]}]},{"@type":"ImageObject","inLanguage":"es-AR","@id":"https:\/\/apuntesdesanluis.com\/index.php\/2023\/08\/29\/por-el-dia-del-abogado-habra-feriado-judicial-el-viernes-1-de-septiembre\/#primaryimage","url":"https:\/\/apuntesdesanluis.com\/wp-content\/uploads\/2023\/08\/dia-del-abogado.png","contentUrl":"https:\/\/apuntesdesanluis.com\/wp-content\/uploads\/2023\/08\/dia-del-abogado.png","width":656,"height":411},{"@type":"BreadcrumbList","@id":"https:\/\/apuntesdesanluis.com\/index.php\/2023\/08\/29\/por-el-dia-del-abogado-habra-feriado-judicial-el-viernes-1-de-septiembre\/#breadcrumb","itemListElement":[{"@type":"ListItem","position":1,"name":"Inicio","item":"https:\/\/apuntesdesanluis.com\/"},{"@type":"ListItem","position":2,"name":"POR EL D\u00cdA DEL ABOGADO, HABR\u00c1 FERIADO JUDICIAL EL VIERNES 1 DE SEPTIEMBRE"}]},{"@type":"WebSite","@id":"https:\/\/apuntesdesanluis.com\/#website","url":"https:\/\/apuntesdesanluis.com\/","name":"Apuntes de San Luis","description":"","publisher":{"@id":"https:\/\/apuntesdesanluis.com\/#\/schema\/person\/b55151d52296fcce64d1a72538a70b90"},"potentialAction":[{"@type":"SearchAction","target":{"@type":"EntryPoint","urlTemplate":"https:\/\/apuntesdesanluis.com\/?s={search_term_string}"},"query-input":{"@type":"PropertyValueSpecification","valueRequired":true,"valueName":"search_term_string"}}],"inLanguage":"es-AR"},{"@type":["Person","Organization"],"@id":"https:\/\/apuntesdesanluis.com\/#\/schema\/person\/b55151d52296fcce64d1a72538a70b90","name":"apuntesdesanluis.com","image":{"@type":"ImageObject","inLanguage":"es-AR","@id":"https:\/\/apuntesdesanluis.com\/#\/schema\/person\/image\/","url":"https:\/\/apuntesdesanluis.com\/wp-content\/uploads\/2023\/07\/cropped-apuntesdesanluis.png","contentUrl":"https:\/\/apuntesdesanluis.com\/wp-content\/uploads\/2023\/07\/cropped-apuntesdesanluis.png","width":450,"height":112,"caption":"apuntesdesanluis.com"},"logo":{"@id":"https:\/\/apuntesdesanluis.com\/#\/schema\/person\/image\/"},"sameAs":["https:\/\/apuntesdesanluis.com"],"url":"https:\/\/apuntesdesanluis.com\/index.php\/author\/apuntesdesanluis-com\/"}]}},"featured_image_urls":{"full":["https:\/\/apuntesdesanluis.com\/wp-content\/uploads\/2023\/08\/dia-del-abogado.png",656,411,false],"thumbnail":["https:\/\/apuntesdesanluis.com\/wp-content\/uploads\/2023\/08\/dia-del-abogado-150x150.png",150,150,true],"medium":["https:\/\/apuntesdesanluis.com\/wp-content\/uploads\/2023\/08\/dia-del-abogado-300x188.png",300,188,true],"medium_large":["https:\/\/apuntesdesanluis.com\/wp-content\/uploads\/2023\/08\/dia-del-abogado.png",640,401,false],"large":["https:\/\/apuntesdesanluis.com\/wp-content\/uploads\/2023\/08\/dia-del-abogado.png",640,401,false],"1536x1536":["https:\/\/apuntesdesanluis.com\/wp-content\/uploads\/2023\/08\/dia-del-abogado.png",656,411,false],"2048x2048":["https:\/\/apuntesdesanluis.com\/wp-content\/uploads\/2023\/08\/dia-del-abogado.png",656,411,false],"newsever-slider-full":["https:\/\/apuntesdesanluis.com\/wp-content\/uploads\/2023\/08\/dia-del-abogado.png",656,411,false],"newsever-featured":["https:\/\/apuntesdesanluis.com\/wp-content\/uploads\/2023\/08\/dia-del-abogado.png",656,411,false],"newsever-medium":["https:\/\/apuntesdesanluis.com\/wp-content\/uploads\/2023\/08\/dia-del-abogado.png",656,411,false]},"author_info":{"display_name":"apuntesdesanluis.com","author_link":"https:\/\/apuntesdesanluis.com\/index.php\/author\/apuntesdesanluis-com\/"},"category_info":"<a href=\"https:\/\/apuntesdesanluis.com\/index.php\/category\/ciudad-provincia\/\" rel=\"category tag\">Ciudad\/Provincia<\/a>","tag_info":"Ciudad\/Provincia","comment_count":"0","_links":{"self":[{"href":"https:\/\/apuntesdesanluis.com\/index.php\/wp-json\/wp\/v2\/posts\/2304","targetHints":{"allow":["GET"]}}],"collection":[{"href":"https:\/\/apuntesdesanluis.com\/index.php\/wp-json\/wp\/v2\/posts"}],"about":[{"href":"https:\/\/apuntesdesanluis.com\/index.php\/wp-json\/wp\/v2\/types\/post"}],"author":[{"embeddable":true,"href":"https:\/\/apuntesdesanluis.com\/index.php\/wp-json\/wp\/v2\/users\/1"}],"replies":[{"embeddable":true,"href":"https:\/\/apuntesdesanluis.com\/index.php\/wp-json\/wp\/v2\/comments?post=2304"}],"version-history":[{"count":1,"href":"https:\/\/apuntesdesanluis.com\/index.php\/wp-json\/wp\/v2\/posts\/2304\/revisions"}],"predecessor-version":[{"id":2306,"href":"https:\/\/apuntesdesanluis.com\/index.php\/wp-json\/wp\/v2\/posts\/2304\/revisions\/2306"}],"wp:featuredmedia":[{"embeddable":true,"href":"https:\/\/apuntesdesanluis.com\/index.php\/wp-json\/wp\/v2\/media\/2305"}],"wp:attachment":[{"href":"https:\/\/apuntesdesanluis.com\/index.php\/wp-json\/wp\/v2\/media?parent=2304"}],"wp:term":[{"taxonomy":"category","embeddable":true,"href":"https:\/\/apuntesdesanluis.com\/index.php\/wp-json\/wp\/v2\/categories?post=2304"},{"taxonomy":"post_tag","embeddable":true,"href":"https:\/\/apuntesdesanluis.com\/index.php\/wp-json\/wp\/v2\/tags?post=2304"}],"curies":[{"name":"wp","href":"https:\/\/api.w.org\/{rel}","templated":true}]}}