{"id":23041,"date":"2024-09-27T00:01:26","date_gmt":"2024-09-27T03:01:26","guid":{"rendered":"https:\/\/apuntesdesanluis.com\/?p=23041"},"modified":"2024-09-27T01:03:41","modified_gmt":"2024-09-27T04:03:41","slug":"confirmado-renuncio-el-director-de-relaciones-laborales-alberto-lindow","status":"publish","type":"post","link":"https:\/\/apuntesdesanluis.com\/index.php\/2024\/09\/27\/confirmado-renuncio-el-director-de-relaciones-laborales-alberto-lindow\/","title":{"rendered":"CONFIRMADO: RENUNCI\u00d3 EL DIRECTOR DE RELACIONES LABORALES ALBERTO LINDOW"},"content":{"rendered":"<h3>Aunque no hubo confirmaci\u00f3n oficial, <strong>Apuntes de San Luis<\/strong> pudo confirmar que el villamercedino present\u00f3 su dimisi\u00f3n este jueves.<\/h3>\n<h3>El funcionario se desempe\u00f1aba desde el comienzo de la gesti\u00f3n de Claudio Poggi al frente de la Direcci\u00f3n de Relaciones Laborales, que depende del Ministerio de Gobierno que conduce <strong>Facundo Endeiza<\/strong>.<\/h3>\n<h3>Durante su gesti\u00f3n intervino en numerosos conflictos para intentar acercar a las partes, y entre sus acciones se destacan las reuniones que mantuvo para conciliar posiciones entre los empresarios de la empresa <strong>D\u00e1nica<\/strong>, en Villa Mercedes, y los trabajadores.<\/h3>\n<h3>Producto de innumerables reuniones finalmente, y luego de seis meses de estar cerrada, la empresa reabri\u00f3 sus puertas y reincorpor\u00f3 a la mayor\u00eda del personal.<\/h3>\n<h3>Seg\u00fan trascendidos, <strong>Alberto Lindow<\/strong> justific\u00f3 su renuncia al cargo en \u201crazones personales\u201d, motivos gen\u00e9ricos que se esgrimen cuando se desean omitir las verdaderas causales&#8230;<\/h3>\n<p>&nbsp;<\/p>\n<p>&nbsp;<\/p>\n<p>&nbsp;<\/p>\n<p>&nbsp;<\/p>\n<p>&nbsp;<\/p>\n<p>&nbsp;<\/p>\n<p>&nbsp;<\/p>\n<p>&nbsp;<\/p>\n<p>&nbsp;<\/p>\n<p>&nbsp;<\/p>\n<p>&nbsp;<\/p>\n<p>&nbsp;<\/p>\n","protected":false},"excerpt":{"rendered":"<p>Aunque no hubo confirmaci\u00f3n oficial, Apuntes de San Luis pudo confirmar que el villamercedino present\u00f3&#8230;<\/p>\n","protected":false},"author":1,"featured_media":23042,"comment_status":"closed","ping_status":"closed","sticky":false,"template":"","format":"standard","meta":{"footnotes":""},"categories":[6],"tags":[],"class_list":["post-23041","post","type-post","status-publish","format-standard","has-post-thumbnail","hentry","category-ciudad-provincia"],"yoast_head":"<!-- This site is optimized with the Yoast SEO plugin v26.1.1 - https:\/\/yoast.com\/wordpress\/plugins\/seo\/ -->\n<title>CONFIRMADO: RENUNCI\u00d3 EL DIRECTOR DE RELACIONES LABORALES ALBERTO LINDOW - Apuntes de San Luis<\/title>\n<meta name=\"robots\" content=\"index, follow, max-snippet:-1, max-image-preview:large, max-video-preview:-1\" \/>\n<link rel=\"canonical\" href=\"https:\/\/apuntesdesanluis.com\/index.php\/2024\/09\/27\/confirmado-renuncio-el-director-de-relaciones-laborales-alberto-lindow\/\" \/>\n<meta property=\"og:locale\" content=\"es_ES\" \/>\n<meta property=\"og:type\" content=\"article\" \/>\n<meta property=\"og:title\" content=\"CONFIRMADO: RENUNCI\u00d3 EL DIRECTOR DE RELACIONES LABORALES ALBERTO LINDOW - Apuntes de San Luis\" \/>\n<meta property=\"og:description\" content=\"Aunque no hubo confirmaci\u00f3n oficial, Apuntes de San Luis pudo confirmar que el villamercedino present\u00f3...\" \/>\n<meta property=\"og:url\" content=\"https:\/\/apuntesdesanluis.com\/index.php\/2024\/09\/27\/confirmado-renuncio-el-director-de-relaciones-laborales-alberto-lindow\/\" \/>\n<meta property=\"og:site_name\" content=\"Apuntes de San Luis\" \/>\n<meta property=\"article:published_time\" content=\"2024-09-27T03:01:26+00:00\" \/>\n<meta property=\"article:modified_time\" content=\"2024-09-27T04:03:41+00:00\" \/>\n<meta property=\"og:image\" content=\"https:\/\/apuntesdesanluis.com\/wp-content\/uploads\/2024\/09\/alberto-lindow.jpeg\" \/>\n\t<meta property=\"og:image:width\" content=\"750\" \/>\n\t<meta property=\"og:image:height\" content=\"420\" \/>\n\t<meta property=\"og:image:type\" content=\"image\/jpeg\" \/>\n<meta name=\"author\" content=\"apuntesdesanluis.com\" \/>\n<meta name=\"twitter:card\" content=\"summary_large_image\" \/>\n<meta name=\"twitter:label1\" content=\"Escrito por\" \/>\n\t<meta name=\"twitter:data1\" content=\"apuntesdesanluis.com\" \/>\n\t<meta name=\"twitter:label2\" content=\"Tiempo de lectura\" \/>\n\t<meta name=\"twitter:data2\" content=\"1 minuto\" \/>\n<script type=\"application\/ld+json\" class=\"yoast-schema-graph\">{\"@context\":\"https:\/\/schema.org\",\"@graph\":[{\"@type\":\"Article\",\"@id\":\"https:\/\/apuntesdesanluis.com\/index.php\/2024\/09\/27\/confirmado-renuncio-el-director-de-relaciones-laborales-alberto-lindow\/#article\",\"isPartOf\":{\"@id\":\"https:\/\/apuntesdesanluis.com\/index.php\/2024\/09\/27\/confirmado-renuncio-el-director-de-relaciones-laborales-alberto-lindow\/\"},\"author\":{\"name\":\"apuntesdesanluis.com\",\"@id\":\"https:\/\/apuntesdesanluis.com\/#\/schema\/person\/b55151d52296fcce64d1a72538a70b90\"},\"headline\":\"CONFIRMADO: RENUNCI\u00d3 EL DIRECTOR DE RELACIONES LABORALES ALBERTO LINDOW\",\"datePublished\":\"2024-09-27T03:01:26+00:00\",\"dateModified\":\"2024-09-27T04:03:41+00:00\",\"mainEntityOfPage\":{\"@id\":\"https:\/\/apuntesdesanluis.com\/index.php\/2024\/09\/27\/confirmado-renuncio-el-director-de-relaciones-laborales-alberto-lindow\/\"},\"wordCount\":169,\"publisher\":{\"@id\":\"https:\/\/apuntesdesanluis.com\/#\/schema\/person\/b55151d52296fcce64d1a72538a70b90\"},\"image\":{\"@id\":\"https:\/\/apuntesdesanluis.com\/index.php\/2024\/09\/27\/confirmado-renuncio-el-director-de-relaciones-laborales-alberto-lindow\/#primaryimage\"},\"thumbnailUrl\":\"https:\/\/apuntesdesanluis.com\/wp-content\/uploads\/2024\/09\/alberto-lindow.jpeg\",\"articleSection\":[\"Ciudad\/Provincia\"],\"inLanguage\":\"es-AR\"},{\"@type\":\"WebPage\",\"@id\":\"https:\/\/apuntesdesanluis.com\/index.php\/2024\/09\/27\/confirmado-renuncio-el-director-de-relaciones-laborales-alberto-lindow\/\",\"url\":\"https:\/\/apuntesdesanluis.com\/index.php\/2024\/09\/27\/confirmado-renuncio-el-director-de-relaciones-laborales-alberto-lindow\/\",\"name\":\"CONFIRMADO: RENUNCI\u00d3 EL DIRECTOR DE RELACIONES LABORALES ALBERTO LINDOW - Apuntes de San Luis\",\"isPartOf\":{\"@id\":\"https:\/\/apuntesdesanluis.com\/#website\"},\"primaryImageOfPage\":{\"@id\":\"https:\/\/apuntesdesanluis.com\/index.php\/2024\/09\/27\/confirmado-renuncio-el-director-de-relaciones-laborales-alberto-lindow\/#primaryimage\"},\"image\":{\"@id\":\"https:\/\/apuntesdesanluis.com\/index.php\/2024\/09\/27\/confirmado-renuncio-el-director-de-relaciones-laborales-alberto-lindow\/#primaryimage\"},\"thumbnailUrl\":\"https:\/\/apuntesdesanluis.com\/wp-content\/uploads\/2024\/09\/alberto-lindow.jpeg\",\"datePublished\":\"2024-09-27T03:01:26+00:00\",\"dateModified\":\"2024-09-27T04:03:41+00:00\",\"breadcrumb\":{\"@id\":\"https:\/\/apuntesdesanluis.com\/index.php\/2024\/09\/27\/confirmado-renuncio-el-director-de-relaciones-laborales-alberto-lindow\/#breadcrumb\"},\"inLanguage\":\"es-AR\",\"potentialAction\":[{\"@type\":\"ReadAction\",\"target\":[\"https:\/\/apuntesdesanluis.com\/index.php\/2024\/09\/27\/confirmado-renuncio-el-director-de-relaciones-laborales-alberto-lindow\/\"]}]},{\"@type\":\"ImageObject\",\"inLanguage\":\"es-AR\",\"@id\":\"https:\/\/apuntesdesanluis.com\/index.php\/2024\/09\/27\/confirmado-renuncio-el-director-de-relaciones-laborales-alberto-lindow\/#primaryimage\",\"url\":\"https:\/\/apuntesdesanluis.com\/wp-content\/uploads\/2024\/09\/alberto-lindow.jpeg\",\"contentUrl\":\"https:\/\/apuntesdesanluis.com\/wp-content\/uploads\/2024\/09\/alberto-lindow.jpeg\",\"width\":750,\"height\":420},{\"@type\":\"BreadcrumbList\",\"@id\":\"https:\/\/apuntesdesanluis.com\/index.php\/2024\/09\/27\/confirmado-renuncio-el-director-de-relaciones-laborales-alberto-lindow\/#breadcrumb\",\"itemListElement\":[{\"@type\":\"ListItem\",\"position\":1,\"name\":\"Inicio\",\"item\":\"https:\/\/apuntesdesanluis.com\/\"},{\"@type\":\"ListItem\",\"position\":2,\"name\":\"CONFIRMADO: RENUNCI\u00d3 EL DIRECTOR DE RELACIONES LABORALES ALBERTO LINDOW\"}]},{\"@type\":\"WebSite\",\"@id\":\"https:\/\/apuntesdesanluis.com\/#website\",\"url\":\"https:\/\/apuntesdesanluis.com\/\",\"name\":\"Apuntes de San Luis\",\"description\":\"\",\"publisher\":{\"@id\":\"https:\/\/apuntesdesanluis.com\/#\/schema\/person\/b55151d52296fcce64d1a72538a70b90\"},\"potentialAction\":[{\"@type\":\"SearchAction\",\"target\":{\"@type\":\"EntryPoint\",\"urlTemplate\":\"https:\/\/apuntesdesanluis.com\/?s={search_term_string}\"},\"query-input\":{\"@type\":\"PropertyValueSpecification\",\"valueRequired\":true,\"valueName\":\"search_term_string\"}}],\"inLanguage\":\"es-AR\"},{\"@type\":[\"Person\",\"Organization\"],\"@id\":\"https:\/\/apuntesdesanluis.com\/#\/schema\/person\/b55151d52296fcce64d1a72538a70b90\",\"name\":\"apuntesdesanluis.com\",\"image\":{\"@type\":\"ImageObject\",\"inLanguage\":\"es-AR\",\"@id\":\"https:\/\/apuntesdesanluis.com\/#\/schema\/person\/image\/\",\"url\":\"https:\/\/apuntesdesanluis.com\/wp-content\/uploads\/2023\/07\/cropped-apuntesdesanluis.png\",\"contentUrl\":\"https:\/\/apuntesdesanluis.com\/wp-content\/uploads\/2023\/07\/cropped-apuntesdesanluis.png\",\"width\":450,\"height\":112,\"caption\":\"apuntesdesanluis.com\"},\"logo\":{\"@id\":\"https:\/\/apuntesdesanluis.com\/#\/schema\/person\/image\/\"},\"sameAs\":[\"https:\/\/apuntesdesanluis.com\"],\"url\":\"https:\/\/apuntesdesanluis.com\/index.php\/author\/apuntesdesanluis-com\/\"}]}<\/script>\n<!-- \/ Yoast SEO plugin. -->","yoast_head_json":{"title":"CONFIRMADO: RENUNCI\u00d3 EL DIRECTOR DE RELACIONES LABORALES ALBERTO LINDOW - Apuntes de San Luis","robots":{"index":"index","follow":"follow","max-snippet":"max-snippet:-1","max-image-preview":"max-image-preview:large","max-video-preview":"max-video-preview:-1"},"canonical":"https:\/\/apuntesdesanluis.com\/index.php\/2024\/09\/27\/confirmado-renuncio-el-director-de-relaciones-laborales-alberto-lindow\/","og_locale":"es_ES","og_type":"article","og_title":"CONFIRMADO: RENUNCI\u00d3 EL DIRECTOR DE RELACIONES LABORALES ALBERTO LINDOW - Apuntes de San Luis","og_description":"Aunque no hubo confirmaci\u00f3n oficial, Apuntes de San Luis pudo confirmar que el villamercedino present\u00f3...","og_url":"https:\/\/apuntesdesanluis.com\/index.php\/2024\/09\/27\/confirmado-renuncio-el-director-de-relaciones-laborales-alberto-lindow\/","og_site_name":"Apuntes de San Luis","article_published_time":"2024-09-27T03:01:26+00:00","article_modified_time":"2024-09-27T04:03:41+00:00","og_image":[{"width":750,"height":420,"url":"https:\/\/apuntesdesanluis.com\/wp-content\/uploads\/2024\/09\/alberto-lindow.jpeg","type":"image\/jpeg"}],"author":"apuntesdesanluis.com","twitter_card":"summary_large_image","twitter_misc":{"Escrito por":"apuntesdesanluis.com","Tiempo de lectura":"1 minuto"},"schema":{"@context":"https:\/\/schema.org","@graph":[{"@type":"Article","@id":"https:\/\/apuntesdesanluis.com\/index.php\/2024\/09\/27\/confirmado-renuncio-el-director-de-relaciones-laborales-alberto-lindow\/#article","isPartOf":{"@id":"https:\/\/apuntesdesanluis.com\/index.php\/2024\/09\/27\/confirmado-renuncio-el-director-de-relaciones-laborales-alberto-lindow\/"},"author":{"name":"apuntesdesanluis.com","@id":"https:\/\/apuntesdesanluis.com\/#\/schema\/person\/b55151d52296fcce64d1a72538a70b90"},"headline":"CONFIRMADO: RENUNCI\u00d3 EL DIRECTOR DE RELACIONES LABORALES ALBERTO LINDOW","datePublished":"2024-09-27T03:01:26+00:00","dateModified":"2024-09-27T04:03:41+00:00","mainEntityOfPage":{"@id":"https:\/\/apuntesdesanluis.com\/index.php\/2024\/09\/27\/confirmado-renuncio-el-director-de-relaciones-laborales-alberto-lindow\/"},"wordCount":169,"publisher":{"@id":"https:\/\/apuntesdesanluis.com\/#\/schema\/person\/b55151d52296fcce64d1a72538a70b90"},"image":{"@id":"https:\/\/apuntesdesanluis.com\/index.php\/2024\/09\/27\/confirmado-renuncio-el-director-de-relaciones-laborales-alberto-lindow\/#primaryimage"},"thumbnailUrl":"https:\/\/apuntesdesanluis.com\/wp-content\/uploads\/2024\/09\/alberto-lindow.jpeg","articleSection":["Ciudad\/Provincia"],"inLanguage":"es-AR"},{"@type":"WebPage","@id":"https:\/\/apuntesdesanluis.com\/index.php\/2024\/09\/27\/confirmado-renuncio-el-director-de-relaciones-laborales-alberto-lindow\/","url":"https:\/\/apuntesdesanluis.com\/index.php\/2024\/09\/27\/confirmado-renuncio-el-director-de-relaciones-laborales-alberto-lindow\/","name":"CONFIRMADO: RENUNCI\u00d3 EL DIRECTOR DE RELACIONES LABORALES ALBERTO LINDOW - Apuntes de San Luis","isPartOf":{"@id":"https:\/\/apuntesdesanluis.com\/#website"},"primaryImageOfPage":{"@id":"https:\/\/apuntesdesanluis.com\/index.php\/2024\/09\/27\/confirmado-renuncio-el-director-de-relaciones-laborales-alberto-lindow\/#primaryimage"},"image":{"@id":"https:\/\/apuntesdesanluis.com\/index.php\/2024\/09\/27\/confirmado-renuncio-el-director-de-relaciones-laborales-alberto-lindow\/#primaryimage"},"thumbnailUrl":"https:\/\/apuntesdesanluis.com\/wp-content\/uploads\/2024\/09\/alberto-lindow.jpeg","datePublished":"2024-09-27T03:01:26+00:00","dateModified":"2024-09-27T04:03:41+00:00","breadcrumb":{"@id":"https:\/\/apuntesdesanluis.com\/index.php\/2024\/09\/27\/confirmado-renuncio-el-director-de-relaciones-laborales-alberto-lindow\/#breadcrumb"},"inLanguage":"es-AR","potentialAction":[{"@type":"ReadAction","target":["https:\/\/apuntesdesanluis.com\/index.php\/2024\/09\/27\/confirmado-renuncio-el-director-de-relaciones-laborales-alberto-lindow\/"]}]},{"@type":"ImageObject","inLanguage":"es-AR","@id":"https:\/\/apuntesdesanluis.com\/index.php\/2024\/09\/27\/confirmado-renuncio-el-director-de-relaciones-laborales-alberto-lindow\/#primaryimage","url":"https:\/\/apuntesdesanluis.com\/wp-content\/uploads\/2024\/09\/alberto-lindow.jpeg","contentUrl":"https:\/\/apuntesdesanluis.com\/wp-content\/uploads\/2024\/09\/alberto-lindow.jpeg","width":750,"height":420},{"@type":"BreadcrumbList","@id":"https:\/\/apuntesdesanluis.com\/index.php\/2024\/09\/27\/confirmado-renuncio-el-director-de-relaciones-laborales-alberto-lindow\/#breadcrumb","itemListElement":[{"@type":"ListItem","position":1,"name":"Inicio","item":"https:\/\/apuntesdesanluis.com\/"},{"@type":"ListItem","position":2,"name":"CONFIRMADO: RENUNCI\u00d3 EL DIRECTOR DE RELACIONES LABORALES ALBERTO LINDOW"}]},{"@type":"WebSite","@id":"https:\/\/apuntesdesanluis.com\/#website","url":"https:\/\/apuntesdesanluis.com\/","name":"Apuntes de San Luis","description":"","publisher":{"@id":"https:\/\/apuntesdesanluis.com\/#\/schema\/person\/b55151d52296fcce64d1a72538a70b90"},"potentialAction":[{"@type":"SearchAction","target":{"@type":"EntryPoint","urlTemplate":"https:\/\/apuntesdesanluis.com\/?s={search_term_string}"},"query-input":{"@type":"PropertyValueSpecification","valueRequired":true,"valueName":"search_term_string"}}],"inLanguage":"es-AR"},{"@type":["Person","Organization"],"@id":"https:\/\/apuntesdesanluis.com\/#\/schema\/person\/b55151d52296fcce64d1a72538a70b90","name":"apuntesdesanluis.com","image":{"@type":"ImageObject","inLanguage":"es-AR","@id":"https:\/\/apuntesdesanluis.com\/#\/schema\/person\/image\/","url":"https:\/\/apuntesdesanluis.com\/wp-content\/uploads\/2023\/07\/cropped-apuntesdesanluis.png","contentUrl":"https:\/\/apuntesdesanluis.com\/wp-content\/uploads\/2023\/07\/cropped-apuntesdesanluis.png","width":450,"height":112,"caption":"apuntesdesanluis.com"},"logo":{"@id":"https:\/\/apuntesdesanluis.com\/#\/schema\/person\/image\/"},"sameAs":["https:\/\/apuntesdesanluis.com"],"url":"https:\/\/apuntesdesanluis.com\/index.php\/author\/apuntesdesanluis-com\/"}]}},"featured_image_urls":{"full":["https:\/\/apuntesdesanluis.com\/wp-content\/uploads\/2024\/09\/alberto-lindow.jpeg",750,420,false],"thumbnail":["https:\/\/apuntesdesanluis.com\/wp-content\/uploads\/2024\/09\/alberto-lindow-150x150.jpeg",150,150,true],"medium":["https:\/\/apuntesdesanluis.com\/wp-content\/uploads\/2024\/09\/alberto-lindow-300x168.jpeg",300,168,true],"medium_large":["https:\/\/apuntesdesanluis.com\/wp-content\/uploads\/2024\/09\/alberto-lindow.jpeg",640,358,false],"large":["https:\/\/apuntesdesanluis.com\/wp-content\/uploads\/2024\/09\/alberto-lindow.jpeg",640,358,false],"1536x1536":["https:\/\/apuntesdesanluis.com\/wp-content\/uploads\/2024\/09\/alberto-lindow.jpeg",750,420,false],"2048x2048":["https:\/\/apuntesdesanluis.com\/wp-content\/uploads\/2024\/09\/alberto-lindow.jpeg",750,420,false],"newsever-slider-full":["https:\/\/apuntesdesanluis.com\/wp-content\/uploads\/2024\/09\/alberto-lindow.jpeg",750,420,false],"newsever-featured":["https:\/\/apuntesdesanluis.com\/wp-content\/uploads\/2024\/09\/alberto-lindow.jpeg",750,420,false],"newsever-medium":["https:\/\/apuntesdesanluis.com\/wp-content\/uploads\/2024\/09\/alberto-lindow-720x420.jpeg",720,420,true]},"author_info":{"display_name":"apuntesdesanluis.com","author_link":"https:\/\/apuntesdesanluis.com\/index.php\/author\/apuntesdesanluis-com\/"},"category_info":"<a href=\"https:\/\/apuntesdesanluis.com\/index.php\/category\/ciudad-provincia\/\" rel=\"category tag\">Ciudad\/Provincia<\/a>","tag_info":"Ciudad\/Provincia","comment_count":"0","_links":{"self":[{"href":"https:\/\/apuntesdesanluis.com\/index.php\/wp-json\/wp\/v2\/posts\/23041","targetHints":{"allow":["GET"]}}],"collection":[{"href":"https:\/\/apuntesdesanluis.com\/index.php\/wp-json\/wp\/v2\/posts"}],"about":[{"href":"https:\/\/apuntesdesanluis.com\/index.php\/wp-json\/wp\/v2\/types\/post"}],"author":[{"embeddable":true,"href":"https:\/\/apuntesdesanluis.com\/index.php\/wp-json\/wp\/v2\/users\/1"}],"replies":[{"embeddable":true,"href":"https:\/\/apuntesdesanluis.com\/index.php\/wp-json\/wp\/v2\/comments?post=23041"}],"version-history":[{"count":2,"href":"https:\/\/apuntesdesanluis.com\/index.php\/wp-json\/wp\/v2\/posts\/23041\/revisions"}],"predecessor-version":[{"id":23057,"href":"https:\/\/apuntesdesanluis.com\/index.php\/wp-json\/wp\/v2\/posts\/23041\/revisions\/23057"}],"wp:featuredmedia":[{"embeddable":true,"href":"https:\/\/apuntesdesanluis.com\/index.php\/wp-json\/wp\/v2\/media\/23042"}],"wp:attachment":[{"href":"https:\/\/apuntesdesanluis.com\/index.php\/wp-json\/wp\/v2\/media?parent=23041"}],"wp:term":[{"taxonomy":"category","embeddable":true,"href":"https:\/\/apuntesdesanluis.com\/index.php\/wp-json\/wp\/v2\/categories?post=23041"},{"taxonomy":"post_tag","embeddable":true,"href":"https:\/\/apuntesdesanluis.com\/index.php\/wp-json\/wp\/v2\/tags?post=23041"}],"curies":[{"name":"wp","href":"https:\/\/api.w.org\/{rel}","templated":true}]}}