{"id":23044,"date":"2024-09-27T00:24:51","date_gmt":"2024-09-27T03:24:51","guid":{"rendered":"https:\/\/apuntesdesanluis.com\/?p=23044"},"modified":"2024-09-27T00:28:26","modified_gmt":"2024-09-27T03:28:26","slug":"conflicto-universitario-contundente-rechazo-de-docentes-y-nodocentes-a-la-propuesta-oficial","status":"publish","type":"post","link":"https:\/\/apuntesdesanluis.com\/index.php\/2024\/09\/27\/conflicto-universitario-contundente-rechazo-de-docentes-y-nodocentes-a-la-propuesta-oficial\/","title":{"rendered":"CONFLICTO UNIVERSITARIO: CONTUNDENTE RECHAZO DE DOCENTES Y NODOCENTES A LA PROPUESTA OFICIAL"},"content":{"rendered":"<h3>Confirmando el adelanto de <strong>Apuntes de San Luis<\/strong>, en forma sorpresiva el gobierno nacional convoc\u00f3 este jueves a una reuni\u00f3n paritaria, para ofrecer un 5,8% de aumento salarial, lo que fue rechazado por los trabajadores nucleados en los gremios docentes y por la Federaci\u00f3n Argentina de Trabajadores de Universidades Nacionales (FATUN). Le exigen al gobierno &#8220;una propuesta seria&#8221; que permita compensar la p\u00e9rdida de m\u00e1s del 50% de poder adquisitivo y que no vete la ley de financiamiento educativo.<\/h3>\n<h3>Las diferentes organizaciones ratificaron la marcha federal convocada para el pr\u00f3ximo 2 de octubre, que se presume superar\u00e1 en n\u00famero la realizada el pasado 23 de abril.<\/h3>\n<h3>\u201cA solo cinco d\u00edas de la marcha nacional universitaria, el gobierno convoc\u00f3 a una reuni\u00f3n paritaria donde ofreci\u00f3 un 5.8% de aumento frente a la p\u00e9rdida de 59 puntos nominales\u201d, indic\u00f3 la <strong>Federaci\u00f3n Nacional de Docentes Universitarios<\/strong>.<\/h3>\n<h3>\u00abA nadie escapa que esta convocatoria se da por la inminencia de una marcha masiva en rechazo al ajuste en la universidad. Sin embargo, la propuesta est\u00e1 muy lejos de equiparar con los estatales porque es solo un 5.8% para octubre y no reconoce la enorme deuda de m\u00e1s de 50 puntos nominales en el salario de docentes y no docentes. Tampoco resuelve la cuesti\u00f3n de la garant\u00eda salarial, del FONID y otros temas\u00bb, se\u00f1al\u00f3 el Secretario General de CONADU, <strong>Carlos De Feo<\/strong>.<\/h3>\n<h3>Y continu\u00f3: \u201cLe pedimos al gobierno que, si realmente quiere comenzar un proceso paritario serio, presente una propuesta para solucionar en el menor plazo posible la situaci\u00f3n de atraso salarial. Mientras tanto, sigue en pie la marcha del 2 de octubre que es contra el veto a la Ley de Financiamiento Universitario que permitir\u00eda resolver lo que esta propuesta totalmente insuficiente no resuelve\u201d.<\/h3>\n<h3><strong>FATUN<\/strong><\/h3>\n<h3>Por su lado la <strong>Federaci\u00f3n Argentina de Trabajadores de Universidades Nacionales<\/strong> (FATUN) indic\u00f3 que en el d\u00eda de la fecha el Secretario General de la FATUN, <strong>Walter Merkis<\/strong>, el Secretario Adjunto, Jorge Anr\u00f3, y la Subsecretaria de Acci\u00f3n Gremial, Susana Ramos, en car\u00e1cter de paritarios y en conjunto con representantes de las federaciones docentes, se presentaron en el Palacio Sarmiento, donde funciona la Secretar\u00eda de Educaci\u00f3n de la Naci\u00f3n, \u201cante el repentino llamado de la Subsecretar\u00eda de Pol\u00edticas Universitarias, a una convocatoria de negociaci\u00f3n paritaria, que desde hace meses ha dejado de ser una instancia de negociaci\u00f3n para ser meramente una instancia informativa respecto a los aumentos\u201d.<\/h3>\n<p><img fetchpriority=\"high\" decoding=\"async\" class=\"wp-image-23046 aligncenter\" src=\"https:\/\/apuntesdesanluis.com\/wp-content\/uploads\/2024\/09\/de-feo-300x185.png\" alt=\"\" width=\"714\" height=\"440\" srcset=\"https:\/\/apuntesdesanluis.com\/wp-content\/uploads\/2024\/09\/de-feo-300x185.png 300w, https:\/\/apuntesdesanluis.com\/wp-content\/uploads\/2024\/09\/de-feo.png 600w\" sizes=\"(max-width: 714px) 100vw, 714px\" \/><\/p>\n<h3>\u201cDesde la administraci\u00f3n Milei se ofreci\u00f3 un 5,8 % sumado al 1% que el Gobierno Nacional ya hab\u00eda mandado los instructivos de liquidaci\u00f3n a nuestras Universidades totalizando un 6,8 %, esto muestra a las claras que la repentina convocatoria, con la consecuente oferta expresada, responde a la reciente convocatoria a una segunda Marcha Federal Universitaria, lo cual no solo refleja la falta de voluntad del Ejecutivo Nacional de dar soluciones a la acuciante situaci\u00f3n econ\u00f3mica que viven las Universidades y las\/os trabajadores de ellas, sino que, adem\u00e1s, las autoridades nacionales advierten que las movilizaciones nuevamente podr\u00edan ser masivas\u201d, enfatiz\u00f3 la federaci\u00f3n.<\/h3>\n<h3>\u201cDesde la FATUN no aceptamos el aumento, en primer lugar por considerarlo insuficiente teniendo en cuenta la p\u00e9rdida del poder adquisitivo de nuestros salarios en lo que va del a\u00f1o, que supera el 55%. En segundo lugar, porque el mismo no tiene en cuenta la situaci\u00f3n que revisten las\/os trabajadoras\/es de categor\u00eda 6 y 7, los cuales se encuentran bajo la l\u00ednea de pobreza, y para quienes cualquier propuesta salarial, resultar\u00e1 insuficiente dado el atraso que manifiestan sus salarios, respecto a los costos de vida actuales. En tercer lugar, el Gobierno Nacional no dio definici\u00f3n ni pudo asegurar el pago de la garant\u00eda salarial. En cuarto lugar, viendo las expresiones vertidas en el comunicado del Ministerio de Capital Humano, donde califican como hist\u00f3rico el ofrecimiento salarial realizado, comprendemos que el Gobierno Nacional busca, pura y exclusivamente, desviar el foco de atenci\u00f3n sobre el desfinanciamiento de las Instituciones Nacionales que est\u00e1 llevando a cabo, para mitigar los costos pol\u00edticos de sus acciones, en lugar de encontrar soluciones verdaderas a problemas del financiamiento de las Universidades P\u00fablicas\u201d.<\/h3>\n<h3>\u201cPor \u00faltimo, informamos que la negociaci\u00f3n del d\u00eda de hoy pas\u00f3 a un cuarto intermedio, para trabajar en la comisi\u00f3n t\u00e9cnica propuesta por el Gobierno Nacional, para el d\u00eda lunes 30 del corriente, a las 17 horas. Por todo lo expuesto, queda ratificado, m\u00e1s que nunca, el plan de lucha con el cronograma informado en los \u00faltimos d\u00edas. Sin salarios justos, no hay universidad p\u00fablica. Sigamos en Unidad, Solidaridad y Organizaci\u00f3n\u201d.<\/h3>\n<h3><strong>FEDUN<\/strong><\/h3>\n<h3>Por su parte la <strong>Federaci\u00f3n de Docentes de las Universidades<\/strong> (FEDUN) tambi\u00e9n llam\u00f3 la atenci\u00f3n sobre el sorpresivo llamado del gobierno a retomar la negociaci\u00f3n paritaria.<\/h3>\n<h3>\u201cA menos de una semana de la Marcha Federal Universitaria convocada para el pr\u00f3ximo 2 de octubre y cumpli\u00e9ndose una jornada de paro con acatamiento casi total en todas las Universidades del pa\u00eds, el gobierno nacional convoc\u00f3 por la tarde a las distintas representaciones gremiales y ofreci\u00f3 un irrisorio aumento salarial del 5,8% para el mes de octubre. Luego, public\u00f3 en redes sociales un comunicado totalmente falso en el que habla de \u00b4hist\u00f3rico ofrecimiento\u00b4, \u00b4enorme esfuerzo\u00b4 y \u00b4avance salarial\u00b4, entre otras mentiras\u201d.<\/h3>\n<h3>\u201cDesde que asumi\u00f3 este gobierno, hist\u00f3rica y sin precedentes es la p\u00e9rdida salarial: m\u00e1s de 60% de p\u00e9rdida frente a la inflaci\u00f3n en nueve meses. El \u00fanico enorme esfuerzo es el que hacen los y las docentes para llegar a fin de mes con el salario m\u00e1s bajo de la historia\u201d, enfatiz\u00f3 FEDUN.<\/h3>\n<h3>Agreg\u00f3 luego: \u201cEs ins\u00f3lito y una falta total de respeto el gobierno comunique una supuesta oferta de \u00b4avance salarial\u00b4 con m\u00e1s del 60% de p\u00e9rdida salarial. Los trabajadores de las Universidades resistimos la mayor p\u00e9rdida salarial de la historia y el deterioro del presupuesto universitario desde que este gobierno asumi\u00f3\u201d.<\/h3>\n<h3>\u201cor todo eso, volvemos a convocar a la sociedad a defender las banderas de la Universidad p\u00fablica, gratuita, de calidad y al servicio de los pueblos, el pr\u00f3ximo 2 de octubre frente al Congreso, y de producirse el veto de la Ley de Financiamiento Universitario, instamos a los diputados y diputadas a insistir con la promulgaci\u00f3n de la misma\u201d, concluy\u00f3.<\/h3>\n<p>&nbsp;<\/p>\n<p>&nbsp;<\/p>\n<p>&nbsp;<\/p>\n","protected":false},"excerpt":{"rendered":"<p>Confirmando el adelanto de Apuntes de San Luis, en forma sorpresiva el gobierno nacional convoc\u00f3&#8230;<\/p>\n","protected":false},"author":1,"featured_media":23045,"comment_status":"closed","ping_status":"closed","sticky":false,"template":"","format":"standard","meta":{"footnotes":""},"categories":[5],"tags":[],"class_list":["post-23044","post","type-post","status-publish","format-standard","has-post-thumbnail","hentry","category-nacionales-internacionales"],"yoast_head":"<!-- This site is optimized with the Yoast SEO plugin v26.1.1 - https:\/\/yoast.com\/wordpress\/plugins\/seo\/ -->\n<title>CONFLICTO UNIVERSITARIO: CONTUNDENTE RECHAZO DE DOCENTES Y NODOCENTES A LA PROPUESTA OFICIAL - Apuntes de San Luis<\/title>\n<meta name=\"robots\" content=\"index, follow, max-snippet:-1, max-image-preview:large, max-video-preview:-1\" \/>\n<link rel=\"canonical\" href=\"https:\/\/apuntesdesanluis.com\/index.php\/2024\/09\/27\/conflicto-universitario-contundente-rechazo-de-docentes-y-nodocentes-a-la-propuesta-oficial\/\" \/>\n<meta property=\"og:locale\" content=\"es_ES\" \/>\n<meta property=\"og:type\" content=\"article\" \/>\n<meta property=\"og:title\" content=\"CONFLICTO UNIVERSITARIO: CONTUNDENTE RECHAZO DE DOCENTES Y NODOCENTES A LA PROPUESTA OFICIAL - Apuntes de San Luis\" \/>\n<meta property=\"og:description\" content=\"Confirmando el adelanto de Apuntes de San Luis, en forma sorpresiva el gobierno nacional convoc\u00f3...\" \/>\n<meta property=\"og:url\" content=\"https:\/\/apuntesdesanluis.com\/index.php\/2024\/09\/27\/conflicto-universitario-contundente-rechazo-de-docentes-y-nodocentes-a-la-propuesta-oficial\/\" \/>\n<meta property=\"og:site_name\" content=\"Apuntes de San Luis\" \/>\n<meta property=\"article:published_time\" content=\"2024-09-27T03:24:51+00:00\" \/>\n<meta property=\"article:modified_time\" content=\"2024-09-27T03:28:26+00:00\" \/>\n<meta property=\"og:image\" content=\"https:\/\/apuntesdesanluis.com\/wp-content\/uploads\/2024\/09\/paritaria.png\" \/>\n\t<meta property=\"og:image:width\" content=\"683\" \/>\n\t<meta property=\"og:image:height\" content=\"411\" \/>\n\t<meta property=\"og:image:type\" content=\"image\/png\" \/>\n<meta name=\"author\" content=\"apuntesdesanluis.com\" \/>\n<meta name=\"twitter:card\" content=\"summary_large_image\" \/>\n<meta name=\"twitter:label1\" content=\"Escrito por\" \/>\n\t<meta name=\"twitter:data1\" content=\"apuntesdesanluis.com\" \/>\n\t<meta name=\"twitter:label2\" content=\"Tiempo de lectura\" \/>\n\t<meta name=\"twitter:data2\" content=\"6 minutos\" \/>\n<script type=\"application\/ld+json\" class=\"yoast-schema-graph\">{\"@context\":\"https:\/\/schema.org\",\"@graph\":[{\"@type\":\"Article\",\"@id\":\"https:\/\/apuntesdesanluis.com\/index.php\/2024\/09\/27\/conflicto-universitario-contundente-rechazo-de-docentes-y-nodocentes-a-la-propuesta-oficial\/#article\",\"isPartOf\":{\"@id\":\"https:\/\/apuntesdesanluis.com\/index.php\/2024\/09\/27\/conflicto-universitario-contundente-rechazo-de-docentes-y-nodocentes-a-la-propuesta-oficial\/\"},\"author\":{\"name\":\"apuntesdesanluis.com\",\"@id\":\"https:\/\/apuntesdesanluis.com\/#\/schema\/person\/b55151d52296fcce64d1a72538a70b90\"},\"headline\":\"CONFLICTO UNIVERSITARIO: CONTUNDENTE RECHAZO DE DOCENTES Y NODOCENTES A LA PROPUESTA OFICIAL\",\"datePublished\":\"2024-09-27T03:24:51+00:00\",\"dateModified\":\"2024-09-27T03:28:26+00:00\",\"mainEntityOfPage\":{\"@id\":\"https:\/\/apuntesdesanluis.com\/index.php\/2024\/09\/27\/conflicto-universitario-contundente-rechazo-de-docentes-y-nodocentes-a-la-propuesta-oficial\/\"},\"wordCount\":1086,\"publisher\":{\"@id\":\"https:\/\/apuntesdesanluis.com\/#\/schema\/person\/b55151d52296fcce64d1a72538a70b90\"},\"image\":{\"@id\":\"https:\/\/apuntesdesanluis.com\/index.php\/2024\/09\/27\/conflicto-universitario-contundente-rechazo-de-docentes-y-nodocentes-a-la-propuesta-oficial\/#primaryimage\"},\"thumbnailUrl\":\"https:\/\/apuntesdesanluis.com\/wp-content\/uploads\/2024\/09\/paritaria.png\",\"articleSection\":[\"Nacionales\/Internacionales\"],\"inLanguage\":\"es-AR\"},{\"@type\":\"WebPage\",\"@id\":\"https:\/\/apuntesdesanluis.com\/index.php\/2024\/09\/27\/conflicto-universitario-contundente-rechazo-de-docentes-y-nodocentes-a-la-propuesta-oficial\/\",\"url\":\"https:\/\/apuntesdesanluis.com\/index.php\/2024\/09\/27\/conflicto-universitario-contundente-rechazo-de-docentes-y-nodocentes-a-la-propuesta-oficial\/\",\"name\":\"CONFLICTO UNIVERSITARIO: CONTUNDENTE RECHAZO DE DOCENTES Y NODOCENTES A LA PROPUESTA OFICIAL - Apuntes de San Luis\",\"isPartOf\":{\"@id\":\"https:\/\/apuntesdesanluis.com\/#website\"},\"primaryImageOfPage\":{\"@id\":\"https:\/\/apuntesdesanluis.com\/index.php\/2024\/09\/27\/conflicto-universitario-contundente-rechazo-de-docentes-y-nodocentes-a-la-propuesta-oficial\/#primaryimage\"},\"image\":{\"@id\":\"https:\/\/apuntesdesanluis.com\/index.php\/2024\/09\/27\/conflicto-universitario-contundente-rechazo-de-docentes-y-nodocentes-a-la-propuesta-oficial\/#primaryimage\"},\"thumbnailUrl\":\"https:\/\/apuntesdesanluis.com\/wp-content\/uploads\/2024\/09\/paritaria.png\",\"datePublished\":\"2024-09-27T03:24:51+00:00\",\"dateModified\":\"2024-09-27T03:28:26+00:00\",\"breadcrumb\":{\"@id\":\"https:\/\/apuntesdesanluis.com\/index.php\/2024\/09\/27\/conflicto-universitario-contundente-rechazo-de-docentes-y-nodocentes-a-la-propuesta-oficial\/#breadcrumb\"},\"inLanguage\":\"es-AR\",\"potentialAction\":[{\"@type\":\"ReadAction\",\"target\":[\"https:\/\/apuntesdesanluis.com\/index.php\/2024\/09\/27\/conflicto-universitario-contundente-rechazo-de-docentes-y-nodocentes-a-la-propuesta-oficial\/\"]}]},{\"@type\":\"ImageObject\",\"inLanguage\":\"es-AR\",\"@id\":\"https:\/\/apuntesdesanluis.com\/index.php\/2024\/09\/27\/conflicto-universitario-contundente-rechazo-de-docentes-y-nodocentes-a-la-propuesta-oficial\/#primaryimage\",\"url\":\"https:\/\/apuntesdesanluis.com\/wp-content\/uploads\/2024\/09\/paritaria.png\",\"contentUrl\":\"https:\/\/apuntesdesanluis.com\/wp-content\/uploads\/2024\/09\/paritaria.png\",\"width\":683,\"height\":411},{\"@type\":\"BreadcrumbList\",\"@id\":\"https:\/\/apuntesdesanluis.com\/index.php\/2024\/09\/27\/conflicto-universitario-contundente-rechazo-de-docentes-y-nodocentes-a-la-propuesta-oficial\/#breadcrumb\",\"itemListElement\":[{\"@type\":\"ListItem\",\"position\":1,\"name\":\"Inicio\",\"item\":\"https:\/\/apuntesdesanluis.com\/\"},{\"@type\":\"ListItem\",\"position\":2,\"name\":\"CONFLICTO UNIVERSITARIO: CONTUNDENTE RECHAZO DE DOCENTES Y NODOCENTES A LA PROPUESTA OFICIAL\"}]},{\"@type\":\"WebSite\",\"@id\":\"https:\/\/apuntesdesanluis.com\/#website\",\"url\":\"https:\/\/apuntesdesanluis.com\/\",\"name\":\"Apuntes de San Luis\",\"description\":\"\",\"publisher\":{\"@id\":\"https:\/\/apuntesdesanluis.com\/#\/schema\/person\/b55151d52296fcce64d1a72538a70b90\"},\"potentialAction\":[{\"@type\":\"SearchAction\",\"target\":{\"@type\":\"EntryPoint\",\"urlTemplate\":\"https:\/\/apuntesdesanluis.com\/?s={search_term_string}\"},\"query-input\":{\"@type\":\"PropertyValueSpecification\",\"valueRequired\":true,\"valueName\":\"search_term_string\"}}],\"inLanguage\":\"es-AR\"},{\"@type\":[\"Person\",\"Organization\"],\"@id\":\"https:\/\/apuntesdesanluis.com\/#\/schema\/person\/b55151d52296fcce64d1a72538a70b90\",\"name\":\"apuntesdesanluis.com\",\"image\":{\"@type\":\"ImageObject\",\"inLanguage\":\"es-AR\",\"@id\":\"https:\/\/apuntesdesanluis.com\/#\/schema\/person\/image\/\",\"url\":\"https:\/\/apuntesdesanluis.com\/wp-content\/uploads\/2023\/07\/cropped-apuntesdesanluis.png\",\"contentUrl\":\"https:\/\/apuntesdesanluis.com\/wp-content\/uploads\/2023\/07\/cropped-apuntesdesanluis.png\",\"width\":450,\"height\":112,\"caption\":\"apuntesdesanluis.com\"},\"logo\":{\"@id\":\"https:\/\/apuntesdesanluis.com\/#\/schema\/person\/image\/\"},\"sameAs\":[\"https:\/\/apuntesdesanluis.com\"],\"url\":\"https:\/\/apuntesdesanluis.com\/index.php\/author\/apuntesdesanluis-com\/\"}]}<\/script>\n<!-- \/ Yoast SEO plugin. -->","yoast_head_json":{"title":"CONFLICTO UNIVERSITARIO: CONTUNDENTE RECHAZO DE DOCENTES Y NODOCENTES A LA PROPUESTA OFICIAL - Apuntes de San Luis","robots":{"index":"index","follow":"follow","max-snippet":"max-snippet:-1","max-image-preview":"max-image-preview:large","max-video-preview":"max-video-preview:-1"},"canonical":"https:\/\/apuntesdesanluis.com\/index.php\/2024\/09\/27\/conflicto-universitario-contundente-rechazo-de-docentes-y-nodocentes-a-la-propuesta-oficial\/","og_locale":"es_ES","og_type":"article","og_title":"CONFLICTO UNIVERSITARIO: CONTUNDENTE RECHAZO DE DOCENTES Y NODOCENTES A LA PROPUESTA OFICIAL - Apuntes de San Luis","og_description":"Confirmando el adelanto de Apuntes de San Luis, en forma sorpresiva el gobierno nacional convoc\u00f3...","og_url":"https:\/\/apuntesdesanluis.com\/index.php\/2024\/09\/27\/conflicto-universitario-contundente-rechazo-de-docentes-y-nodocentes-a-la-propuesta-oficial\/","og_site_name":"Apuntes de San Luis","article_published_time":"2024-09-27T03:24:51+00:00","article_modified_time":"2024-09-27T03:28:26+00:00","og_image":[{"width":683,"height":411,"url":"https:\/\/apuntesdesanluis.com\/wp-content\/uploads\/2024\/09\/paritaria.png","type":"image\/png"}],"author":"apuntesdesanluis.com","twitter_card":"summary_large_image","twitter_misc":{"Escrito por":"apuntesdesanluis.com","Tiempo de lectura":"6 minutos"},"schema":{"@context":"https:\/\/schema.org","@graph":[{"@type":"Article","@id":"https:\/\/apuntesdesanluis.com\/index.php\/2024\/09\/27\/conflicto-universitario-contundente-rechazo-de-docentes-y-nodocentes-a-la-propuesta-oficial\/#article","isPartOf":{"@id":"https:\/\/apuntesdesanluis.com\/index.php\/2024\/09\/27\/conflicto-universitario-contundente-rechazo-de-docentes-y-nodocentes-a-la-propuesta-oficial\/"},"author":{"name":"apuntesdesanluis.com","@id":"https:\/\/apuntesdesanluis.com\/#\/schema\/person\/b55151d52296fcce64d1a72538a70b90"},"headline":"CONFLICTO UNIVERSITARIO: CONTUNDENTE RECHAZO DE DOCENTES Y NODOCENTES A LA PROPUESTA OFICIAL","datePublished":"2024-09-27T03:24:51+00:00","dateModified":"2024-09-27T03:28:26+00:00","mainEntityOfPage":{"@id":"https:\/\/apuntesdesanluis.com\/index.php\/2024\/09\/27\/conflicto-universitario-contundente-rechazo-de-docentes-y-nodocentes-a-la-propuesta-oficial\/"},"wordCount":1086,"publisher":{"@id":"https:\/\/apuntesdesanluis.com\/#\/schema\/person\/b55151d52296fcce64d1a72538a70b90"},"image":{"@id":"https:\/\/apuntesdesanluis.com\/index.php\/2024\/09\/27\/conflicto-universitario-contundente-rechazo-de-docentes-y-nodocentes-a-la-propuesta-oficial\/#primaryimage"},"thumbnailUrl":"https:\/\/apuntesdesanluis.com\/wp-content\/uploads\/2024\/09\/paritaria.png","articleSection":["Nacionales\/Internacionales"],"inLanguage":"es-AR"},{"@type":"WebPage","@id":"https:\/\/apuntesdesanluis.com\/index.php\/2024\/09\/27\/conflicto-universitario-contundente-rechazo-de-docentes-y-nodocentes-a-la-propuesta-oficial\/","url":"https:\/\/apuntesdesanluis.com\/index.php\/2024\/09\/27\/conflicto-universitario-contundente-rechazo-de-docentes-y-nodocentes-a-la-propuesta-oficial\/","name":"CONFLICTO UNIVERSITARIO: CONTUNDENTE RECHAZO DE DOCENTES Y NODOCENTES A LA PROPUESTA OFICIAL - Apuntes de San Luis","isPartOf":{"@id":"https:\/\/apuntesdesanluis.com\/#website"},"primaryImageOfPage":{"@id":"https:\/\/apuntesdesanluis.com\/index.php\/2024\/09\/27\/conflicto-universitario-contundente-rechazo-de-docentes-y-nodocentes-a-la-propuesta-oficial\/#primaryimage"},"image":{"@id":"https:\/\/apuntesdesanluis.com\/index.php\/2024\/09\/27\/conflicto-universitario-contundente-rechazo-de-docentes-y-nodocentes-a-la-propuesta-oficial\/#primaryimage"},"thumbnailUrl":"https:\/\/apuntesdesanluis.com\/wp-content\/uploads\/2024\/09\/paritaria.png","datePublished":"2024-09-27T03:24:51+00:00","dateModified":"2024-09-27T03:28:26+00:00","breadcrumb":{"@id":"https:\/\/apuntesdesanluis.com\/index.php\/2024\/09\/27\/conflicto-universitario-contundente-rechazo-de-docentes-y-nodocentes-a-la-propuesta-oficial\/#breadcrumb"},"inLanguage":"es-AR","potentialAction":[{"@type":"ReadAction","target":["https:\/\/apuntesdesanluis.com\/index.php\/2024\/09\/27\/conflicto-universitario-contundente-rechazo-de-docentes-y-nodocentes-a-la-propuesta-oficial\/"]}]},{"@type":"ImageObject","inLanguage":"es-AR","@id":"https:\/\/apuntesdesanluis.com\/index.php\/2024\/09\/27\/conflicto-universitario-contundente-rechazo-de-docentes-y-nodocentes-a-la-propuesta-oficial\/#primaryimage","url":"https:\/\/apuntesdesanluis.com\/wp-content\/uploads\/2024\/09\/paritaria.png","contentUrl":"https:\/\/apuntesdesanluis.com\/wp-content\/uploads\/2024\/09\/paritaria.png","width":683,"height":411},{"@type":"BreadcrumbList","@id":"https:\/\/apuntesdesanluis.com\/index.php\/2024\/09\/27\/conflicto-universitario-contundente-rechazo-de-docentes-y-nodocentes-a-la-propuesta-oficial\/#breadcrumb","itemListElement":[{"@type":"ListItem","position":1,"name":"Inicio","item":"https:\/\/apuntesdesanluis.com\/"},{"@type":"ListItem","position":2,"name":"CONFLICTO UNIVERSITARIO: CONTUNDENTE RECHAZO DE DOCENTES Y NODOCENTES A LA PROPUESTA OFICIAL"}]},{"@type":"WebSite","@id":"https:\/\/apuntesdesanluis.com\/#website","url":"https:\/\/apuntesdesanluis.com\/","name":"Apuntes de San Luis","description":"","publisher":{"@id":"https:\/\/apuntesdesanluis.com\/#\/schema\/person\/b55151d52296fcce64d1a72538a70b90"},"potentialAction":[{"@type":"SearchAction","target":{"@type":"EntryPoint","urlTemplate":"https:\/\/apuntesdesanluis.com\/?s={search_term_string}"},"query-input":{"@type":"PropertyValueSpecification","valueRequired":true,"valueName":"search_term_string"}}],"inLanguage":"es-AR"},{"@type":["Person","Organization"],"@id":"https:\/\/apuntesdesanluis.com\/#\/schema\/person\/b55151d52296fcce64d1a72538a70b90","name":"apuntesdesanluis.com","image":{"@type":"ImageObject","inLanguage":"es-AR","@id":"https:\/\/apuntesdesanluis.com\/#\/schema\/person\/image\/","url":"https:\/\/apuntesdesanluis.com\/wp-content\/uploads\/2023\/07\/cropped-apuntesdesanluis.png","contentUrl":"https:\/\/apuntesdesanluis.com\/wp-content\/uploads\/2023\/07\/cropped-apuntesdesanluis.png","width":450,"height":112,"caption":"apuntesdesanluis.com"},"logo":{"@id":"https:\/\/apuntesdesanluis.com\/#\/schema\/person\/image\/"},"sameAs":["https:\/\/apuntesdesanluis.com"],"url":"https:\/\/apuntesdesanluis.com\/index.php\/author\/apuntesdesanluis-com\/"}]}},"featured_image_urls":{"full":["https:\/\/apuntesdesanluis.com\/wp-content\/uploads\/2024\/09\/paritaria.png",683,411,false],"thumbnail":["https:\/\/apuntesdesanluis.com\/wp-content\/uploads\/2024\/09\/paritaria-150x150.png",150,150,true],"medium":["https:\/\/apuntesdesanluis.com\/wp-content\/uploads\/2024\/09\/paritaria-300x181.png",300,181,true],"medium_large":["https:\/\/apuntesdesanluis.com\/wp-content\/uploads\/2024\/09\/paritaria.png",640,385,false],"large":["https:\/\/apuntesdesanluis.com\/wp-content\/uploads\/2024\/09\/paritaria.png",640,385,false],"1536x1536":["https:\/\/apuntesdesanluis.com\/wp-content\/uploads\/2024\/09\/paritaria.png",683,411,false],"2048x2048":["https:\/\/apuntesdesanluis.com\/wp-content\/uploads\/2024\/09\/paritaria.png",683,411,false],"newsever-slider-full":["https:\/\/apuntesdesanluis.com\/wp-content\/uploads\/2024\/09\/paritaria.png",683,411,false],"newsever-featured":["https:\/\/apuntesdesanluis.com\/wp-content\/uploads\/2024\/09\/paritaria.png",683,411,false],"newsever-medium":["https:\/\/apuntesdesanluis.com\/wp-content\/uploads\/2024\/09\/paritaria.png",683,411,false]},"author_info":{"display_name":"apuntesdesanluis.com","author_link":"https:\/\/apuntesdesanluis.com\/index.php\/author\/apuntesdesanluis-com\/"},"category_info":"<a href=\"https:\/\/apuntesdesanluis.com\/index.php\/category\/nacionales-internacionales\/\" rel=\"category tag\">Nacionales\/Internacionales<\/a>","tag_info":"Nacionales\/Internacionales","comment_count":"0","_links":{"self":[{"href":"https:\/\/apuntesdesanluis.com\/index.php\/wp-json\/wp\/v2\/posts\/23044","targetHints":{"allow":["GET"]}}],"collection":[{"href":"https:\/\/apuntesdesanluis.com\/index.php\/wp-json\/wp\/v2\/posts"}],"about":[{"href":"https:\/\/apuntesdesanluis.com\/index.php\/wp-json\/wp\/v2\/types\/post"}],"author":[{"embeddable":true,"href":"https:\/\/apuntesdesanluis.com\/index.php\/wp-json\/wp\/v2\/users\/1"}],"replies":[{"embeddable":true,"href":"https:\/\/apuntesdesanluis.com\/index.php\/wp-json\/wp\/v2\/comments?post=23044"}],"version-history":[{"count":6,"href":"https:\/\/apuntesdesanluis.com\/index.php\/wp-json\/wp\/v2\/posts\/23044\/revisions"}],"predecessor-version":[{"id":23052,"href":"https:\/\/apuntesdesanluis.com\/index.php\/wp-json\/wp\/v2\/posts\/23044\/revisions\/23052"}],"wp:featuredmedia":[{"embeddable":true,"href":"https:\/\/apuntesdesanluis.com\/index.php\/wp-json\/wp\/v2\/media\/23045"}],"wp:attachment":[{"href":"https:\/\/apuntesdesanluis.com\/index.php\/wp-json\/wp\/v2\/media?parent=23044"}],"wp:term":[{"taxonomy":"category","embeddable":true,"href":"https:\/\/apuntesdesanluis.com\/index.php\/wp-json\/wp\/v2\/categories?post=23044"},{"taxonomy":"post_tag","embeddable":true,"href":"https:\/\/apuntesdesanluis.com\/index.php\/wp-json\/wp\/v2\/tags?post=23044"}],"curies":[{"name":"wp","href":"https:\/\/api.w.org\/{rel}","templated":true}]}}