{"id":23053,"date":"2024-09-27T00:34:27","date_gmt":"2024-09-27T03:34:27","guid":{"rendered":"https:\/\/apuntesdesanluis.com\/?p=23053"},"modified":"2024-09-27T00:34:27","modified_gmt":"2024-09-27T03:34:27","slug":"renuncio-el-ministro-de-salud-mario-russo-el-gobierno-anuncio-que-asumira-en-su-lugar-mario-lugones","status":"publish","type":"post","link":"https:\/\/apuntesdesanluis.com\/index.php\/2024\/09\/27\/renuncio-el-ministro-de-salud-mario-russo-el-gobierno-anuncio-que-asumira-en-su-lugar-mario-lugones\/","title":{"rendered":"RENUNCI\u00d3 EL MINISTRO DE SALUD, MARIO RUSSO: EL GOBIERNO ANUNCI\u00d3 QUE ASUMIR\u00c1 EN SU LUGAR MARIO LUGONES"},"content":{"rendered":"<h3>El ministro de Salud, <strong>Mario Antonio Russo<\/strong>, renunci\u00f3 a su cargo en el Gobierno Nacional. Su dimisi\u00f3n fue presentada formalmente este jueves, seg\u00fan confirmaron fuentes oficiales. De esta forma, el funcionario dejar\u00e1 de formar parte del Poder Ejecutivo, a cargo del presidente Javier Milei. As\u00ed, desde la Oficina del Presidente confirmaron que su remplazo ser\u00e1 <strong>Mario Lugones<\/strong>.<\/h3>\n<h3>A trav\u00e9s de un comunicado, el Ministerio de Salud hizo oficial la noticia. \u201cMario Russo present\u00f3 en el d\u00eda de la fecha su renuncia al cargo de ministro, con el que fuera honrado por el Presidente de la Naci\u00f3n Javier Milei desde el pasado 10 de diciembre\u201d, comienza diciendo el texto, que se\u00f1ala que la decisi\u00f3n responde a \u201cmotivos estrictamente personales\u201d.<\/h3>\n<h3>Tras la confirmaci\u00f3n, desde la Oficina del Presidente informaron que el Dr. Mario Lugones ser\u00e1 el nuevo ministro de Salud, un hombre cercano a Santiago Caputo. El nuevo titular de la cartera cuenta con una extensa experiencia en el sector. Estuvo a cargo del Sanatorio G\u00fcemes y fue fundador y presidente de la Fundaci\u00f3n G\u00fcemes.<\/h3>\n<p><img fetchpriority=\"high\" decoding=\"async\" class=\"wp-image-23055 aligncenter\" src=\"https:\/\/apuntesdesanluis.com\/wp-content\/uploads\/2024\/09\/mario-lugones-300x171.png\" alt=\"\" width=\"753\" height=\"429\" srcset=\"https:\/\/apuntesdesanluis.com\/wp-content\/uploads\/2024\/09\/mario-lugones-300x171.png 300w, https:\/\/apuntesdesanluis.com\/wp-content\/uploads\/2024\/09\/mario-lugones.png 756w\" sizes=\"(max-width: 753px) 100vw, 753px\" \/><\/p>\n<h4 style=\"text-align: center;\"><em>Dr. Mario Lugones, quien podr\u00eda asumir en Salud este viernes.<\/em><\/h4>\n<h3>\u201cA lo largo de su carrera, fue jefe de cl\u00ednica de la Unidad Coronaria del Sanatorio G\u00fcemes, adem\u00e1s de m\u00e9dico cardi\u00f3logo de Praxis M\u00e9dica, de la Fundaci\u00f3n Favaloro, del Sanatorio Malvinas, entre otros. A su vez, se desempe\u00f1\u00f3 como director del Instituto M\u00e9dico de la Seguridad Social y Evaluaci\u00f3n Tecnol\u00f3gica (IMSSET) de la Facultad de Medicina de la UBA y fue director de la Maestr\u00eda de Gerenciamiento de Sistemas de Salud de la UBA\u201d, sostiene el comunicado.<\/h3>\n<h3>La gesti\u00f3n de Russo dur\u00f3 unos 10 meses y tuvo uno de sus momentos m\u00e1s \u00e1lgidos con la hist\u00f3rica epidemia de dengue en el \u00faltimo verano. Con ese antecedente, el Gobierno se encuentra gestionando operativos de prevenci\u00f3n en la actualidad y planific\u00f3 una campa\u00f1a de vacunaci\u00f3n antes de la llegada de temperaturas c\u00e1lidas.<\/h3>\n<h3>Antes de ejercer como titular de la cartera sanitaria en la presidencia de Milei, Russo fue secretario de Salud en los municipios de San Miguel y Mor\u00f3n. Graduado de la Universidad Nacional de Buenos Aires, es especialista en cuidados perioperatorios de cirug\u00eda cardiovascular y tiene una reconocida trayectoria de casi una d\u00e9cada en FLENI.<\/h3>\n<h3>\u201cEl desaf\u00edo de reordenar y mejorar el sistema de salud es una tarea en la que estamos todos juntos; nos sentimos parte de un equipo que los incluye y confiamos en ustedes para seguir trabajando con una mirada colaborativa\u201d, dijo ante sus pares provinciales durante un encuentro del Consejo Federal de Salud (COFESA), que se reuni\u00f3 una semana atr\u00e1s.<\/h3>\n<h3>D\u00edas despu\u00e9s de la reuni\u00f3n con sus hom\u00f3logos de otras jurisdicciones, Russo cerr\u00f3 el Congreso Argentino de Salud, organizado por la Asociaci\u00f3n Civil de Actividades M\u00e9dicas Integradas (ACAMI). \u201cYa desregulamos, hicimos la matr\u00edcula digital, sacamos la receta electr\u00f3nica y muchos cambios m\u00e1s\u201d, destac\u00f3 durante el evento. Esta fue una de sus \u00faltimas actividades p\u00fablicas.<\/h3>\n<h3>Sobre los objetivos del Estado nacional en materia de salud, el funcionario saliente plante\u00f3: \u201cPara nosotros los municipios deben encargarse de la atenci\u00f3n primaria y el primer nivel de complejidad. Luego est\u00e1n los gobiernos provinciales que deben encargarse del segundo nivel de complejidad. Y luego el Ministerio de Salud de la Naci\u00f3n, que se encarga de la rector\u00eda\u201d.<\/h3>\n<h3>Salud, adem\u00e1s, es una de las \u00e1reas en las que el Poder Ejecutivo realiza una profunda revisi\u00f3n del personal contratado. Junto a los ministerios de Justicia y Capital Humano, acumula m\u00e1s de 70 mil contratados cuya vinculaci\u00f3n formal vence a fin de septiembre. El vocero presidencial, Manuel Adorni, confirm\u00f3 que todos esos puestos se encuentran en evaluaci\u00f3n.<\/h3>\n<p>&nbsp;<\/p>\n<p>&nbsp;<\/p>\n<p>&nbsp;<\/p>\n<p>&nbsp;<\/p>\n<p>&nbsp;<\/p>\n<p>&nbsp;<\/p>\n","protected":false},"excerpt":{"rendered":"<p>El ministro de Salud, Mario Antonio Russo, renunci\u00f3 a su cargo en el Gobierno Nacional&#8230;.<\/p>\n","protected":false},"author":1,"featured_media":23054,"comment_status":"closed","ping_status":"closed","sticky":false,"template":"","format":"standard","meta":{"footnotes":""},"categories":[5],"tags":[],"class_list":["post-23053","post","type-post","status-publish","format-standard","has-post-thumbnail","hentry","category-nacionales-internacionales"],"yoast_head":"<!-- This site is optimized with the Yoast SEO plugin v26.1.1 - https:\/\/yoast.com\/wordpress\/plugins\/seo\/ -->\n<title>RENUNCI\u00d3 EL MINISTRO DE SALUD, MARIO RUSSO: EL GOBIERNO ANUNCI\u00d3 QUE ASUMIR\u00c1 EN SU LUGAR MARIO LUGONES - Apuntes de San Luis<\/title>\n<meta name=\"robots\" content=\"index, follow, max-snippet:-1, max-image-preview:large, max-video-preview:-1\" \/>\n<link rel=\"canonical\" href=\"https:\/\/apuntesdesanluis.com\/index.php\/2024\/09\/27\/renuncio-el-ministro-de-salud-mario-russo-el-gobierno-anuncio-que-asumira-en-su-lugar-mario-lugones\/\" \/>\n<meta property=\"og:locale\" content=\"es_ES\" \/>\n<meta property=\"og:type\" content=\"article\" \/>\n<meta property=\"og:title\" content=\"RENUNCI\u00d3 EL MINISTRO DE SALUD, MARIO RUSSO: EL GOBIERNO ANUNCI\u00d3 QUE ASUMIR\u00c1 EN SU LUGAR MARIO LUGONES - Apuntes de San Luis\" \/>\n<meta property=\"og:description\" content=\"El ministro de Salud, Mario Antonio Russo, renunci\u00f3 a su cargo en el Gobierno Nacional....\" \/>\n<meta property=\"og:url\" content=\"https:\/\/apuntesdesanluis.com\/index.php\/2024\/09\/27\/renuncio-el-ministro-de-salud-mario-russo-el-gobierno-anuncio-que-asumira-en-su-lugar-mario-lugones\/\" \/>\n<meta property=\"og:site_name\" content=\"Apuntes de San Luis\" \/>\n<meta property=\"article:published_time\" content=\"2024-09-27T03:34:27+00:00\" \/>\n<meta property=\"og:image\" content=\"https:\/\/apuntesdesanluis.com\/wp-content\/uploads\/2024\/09\/mario-ruso.png\" \/>\n\t<meta property=\"og:image:width\" content=\"711\" \/>\n\t<meta property=\"og:image:height\" content=\"432\" \/>\n\t<meta property=\"og:image:type\" content=\"image\/png\" \/>\n<meta name=\"author\" content=\"apuntesdesanluis.com\" \/>\n<meta name=\"twitter:card\" content=\"summary_large_image\" \/>\n<meta name=\"twitter:label1\" content=\"Escrito por\" \/>\n\t<meta name=\"twitter:data1\" content=\"apuntesdesanluis.com\" \/>\n\t<meta name=\"twitter:label2\" content=\"Tiempo de lectura\" \/>\n\t<meta name=\"twitter:data2\" content=\"4 minutos\" \/>\n<script type=\"application\/ld+json\" class=\"yoast-schema-graph\">{\"@context\":\"https:\/\/schema.org\",\"@graph\":[{\"@type\":\"Article\",\"@id\":\"https:\/\/apuntesdesanluis.com\/index.php\/2024\/09\/27\/renuncio-el-ministro-de-salud-mario-russo-el-gobierno-anuncio-que-asumira-en-su-lugar-mario-lugones\/#article\",\"isPartOf\":{\"@id\":\"https:\/\/apuntesdesanluis.com\/index.php\/2024\/09\/27\/renuncio-el-ministro-de-salud-mario-russo-el-gobierno-anuncio-que-asumira-en-su-lugar-mario-lugones\/\"},\"author\":{\"name\":\"apuntesdesanluis.com\",\"@id\":\"https:\/\/apuntesdesanluis.com\/#\/schema\/person\/b55151d52296fcce64d1a72538a70b90\"},\"headline\":\"RENUNCI\u00d3 EL MINISTRO DE SALUD, MARIO RUSSO: EL GOBIERNO ANUNCI\u00d3 QUE ASUMIR\u00c1 EN SU LUGAR MARIO LUGONES\",\"datePublished\":\"2024-09-27T03:34:27+00:00\",\"mainEntityOfPage\":{\"@id\":\"https:\/\/apuntesdesanluis.com\/index.php\/2024\/09\/27\/renuncio-el-ministro-de-salud-mario-russo-el-gobierno-anuncio-que-asumira-en-su-lugar-mario-lugones\/\"},\"wordCount\":669,\"publisher\":{\"@id\":\"https:\/\/apuntesdesanluis.com\/#\/schema\/person\/b55151d52296fcce64d1a72538a70b90\"},\"image\":{\"@id\":\"https:\/\/apuntesdesanluis.com\/index.php\/2024\/09\/27\/renuncio-el-ministro-de-salud-mario-russo-el-gobierno-anuncio-que-asumira-en-su-lugar-mario-lugones\/#primaryimage\"},\"thumbnailUrl\":\"https:\/\/apuntesdesanluis.com\/wp-content\/uploads\/2024\/09\/mario-ruso.png\",\"articleSection\":[\"Nacionales\/Internacionales\"],\"inLanguage\":\"es-AR\"},{\"@type\":\"WebPage\",\"@id\":\"https:\/\/apuntesdesanluis.com\/index.php\/2024\/09\/27\/renuncio-el-ministro-de-salud-mario-russo-el-gobierno-anuncio-que-asumira-en-su-lugar-mario-lugones\/\",\"url\":\"https:\/\/apuntesdesanluis.com\/index.php\/2024\/09\/27\/renuncio-el-ministro-de-salud-mario-russo-el-gobierno-anuncio-que-asumira-en-su-lugar-mario-lugones\/\",\"name\":\"RENUNCI\u00d3 EL MINISTRO DE SALUD, MARIO RUSSO: EL GOBIERNO ANUNCI\u00d3 QUE ASUMIR\u00c1 EN SU LUGAR MARIO LUGONES - Apuntes de San Luis\",\"isPartOf\":{\"@id\":\"https:\/\/apuntesdesanluis.com\/#website\"},\"primaryImageOfPage\":{\"@id\":\"https:\/\/apuntesdesanluis.com\/index.php\/2024\/09\/27\/renuncio-el-ministro-de-salud-mario-russo-el-gobierno-anuncio-que-asumira-en-su-lugar-mario-lugones\/#primaryimage\"},\"image\":{\"@id\":\"https:\/\/apuntesdesanluis.com\/index.php\/2024\/09\/27\/renuncio-el-ministro-de-salud-mario-russo-el-gobierno-anuncio-que-asumira-en-su-lugar-mario-lugones\/#primaryimage\"},\"thumbnailUrl\":\"https:\/\/apuntesdesanluis.com\/wp-content\/uploads\/2024\/09\/mario-ruso.png\",\"datePublished\":\"2024-09-27T03:34:27+00:00\",\"breadcrumb\":{\"@id\":\"https:\/\/apuntesdesanluis.com\/index.php\/2024\/09\/27\/renuncio-el-ministro-de-salud-mario-russo-el-gobierno-anuncio-que-asumira-en-su-lugar-mario-lugones\/#breadcrumb\"},\"inLanguage\":\"es-AR\",\"potentialAction\":[{\"@type\":\"ReadAction\",\"target\":[\"https:\/\/apuntesdesanluis.com\/index.php\/2024\/09\/27\/renuncio-el-ministro-de-salud-mario-russo-el-gobierno-anuncio-que-asumira-en-su-lugar-mario-lugones\/\"]}]},{\"@type\":\"ImageObject\",\"inLanguage\":\"es-AR\",\"@id\":\"https:\/\/apuntesdesanluis.com\/index.php\/2024\/09\/27\/renuncio-el-ministro-de-salud-mario-russo-el-gobierno-anuncio-que-asumira-en-su-lugar-mario-lugones\/#primaryimage\",\"url\":\"https:\/\/apuntesdesanluis.com\/wp-content\/uploads\/2024\/09\/mario-ruso.png\",\"contentUrl\":\"https:\/\/apuntesdesanluis.com\/wp-content\/uploads\/2024\/09\/mario-ruso.png\",\"width\":711,\"height\":432},{\"@type\":\"BreadcrumbList\",\"@id\":\"https:\/\/apuntesdesanluis.com\/index.php\/2024\/09\/27\/renuncio-el-ministro-de-salud-mario-russo-el-gobierno-anuncio-que-asumira-en-su-lugar-mario-lugones\/#breadcrumb\",\"itemListElement\":[{\"@type\":\"ListItem\",\"position\":1,\"name\":\"Inicio\",\"item\":\"https:\/\/apuntesdesanluis.com\/\"},{\"@type\":\"ListItem\",\"position\":2,\"name\":\"RENUNCI\u00d3 EL MINISTRO DE SALUD, MARIO RUSSO: EL GOBIERNO ANUNCI\u00d3 QUE ASUMIR\u00c1 EN SU LUGAR MARIO LUGONES\"}]},{\"@type\":\"WebSite\",\"@id\":\"https:\/\/apuntesdesanluis.com\/#website\",\"url\":\"https:\/\/apuntesdesanluis.com\/\",\"name\":\"Apuntes de San Luis\",\"description\":\"\",\"publisher\":{\"@id\":\"https:\/\/apuntesdesanluis.com\/#\/schema\/person\/b55151d52296fcce64d1a72538a70b90\"},\"potentialAction\":[{\"@type\":\"SearchAction\",\"target\":{\"@type\":\"EntryPoint\",\"urlTemplate\":\"https:\/\/apuntesdesanluis.com\/?s={search_term_string}\"},\"query-input\":{\"@type\":\"PropertyValueSpecification\",\"valueRequired\":true,\"valueName\":\"search_term_string\"}}],\"inLanguage\":\"es-AR\"},{\"@type\":[\"Person\",\"Organization\"],\"@id\":\"https:\/\/apuntesdesanluis.com\/#\/schema\/person\/b55151d52296fcce64d1a72538a70b90\",\"name\":\"apuntesdesanluis.com\",\"image\":{\"@type\":\"ImageObject\",\"inLanguage\":\"es-AR\",\"@id\":\"https:\/\/apuntesdesanluis.com\/#\/schema\/person\/image\/\",\"url\":\"https:\/\/apuntesdesanluis.com\/wp-content\/uploads\/2023\/07\/cropped-apuntesdesanluis.png\",\"contentUrl\":\"https:\/\/apuntesdesanluis.com\/wp-content\/uploads\/2023\/07\/cropped-apuntesdesanluis.png\",\"width\":450,\"height\":112,\"caption\":\"apuntesdesanluis.com\"},\"logo\":{\"@id\":\"https:\/\/apuntesdesanluis.com\/#\/schema\/person\/image\/\"},\"sameAs\":[\"https:\/\/apuntesdesanluis.com\"],\"url\":\"https:\/\/apuntesdesanluis.com\/index.php\/author\/apuntesdesanluis-com\/\"}]}<\/script>\n<!-- \/ Yoast SEO plugin. -->","yoast_head_json":{"title":"RENUNCI\u00d3 EL MINISTRO DE SALUD, MARIO RUSSO: EL GOBIERNO ANUNCI\u00d3 QUE ASUMIR\u00c1 EN SU LUGAR MARIO LUGONES - Apuntes de San Luis","robots":{"index":"index","follow":"follow","max-snippet":"max-snippet:-1","max-image-preview":"max-image-preview:large","max-video-preview":"max-video-preview:-1"},"canonical":"https:\/\/apuntesdesanluis.com\/index.php\/2024\/09\/27\/renuncio-el-ministro-de-salud-mario-russo-el-gobierno-anuncio-que-asumira-en-su-lugar-mario-lugones\/","og_locale":"es_ES","og_type":"article","og_title":"RENUNCI\u00d3 EL MINISTRO DE SALUD, MARIO RUSSO: EL GOBIERNO ANUNCI\u00d3 QUE ASUMIR\u00c1 EN SU LUGAR MARIO LUGONES - Apuntes de San Luis","og_description":"El ministro de Salud, Mario Antonio Russo, renunci\u00f3 a su cargo en el Gobierno Nacional....","og_url":"https:\/\/apuntesdesanluis.com\/index.php\/2024\/09\/27\/renuncio-el-ministro-de-salud-mario-russo-el-gobierno-anuncio-que-asumira-en-su-lugar-mario-lugones\/","og_site_name":"Apuntes de San Luis","article_published_time":"2024-09-27T03:34:27+00:00","og_image":[{"width":711,"height":432,"url":"https:\/\/apuntesdesanluis.com\/wp-content\/uploads\/2024\/09\/mario-ruso.png","type":"image\/png"}],"author":"apuntesdesanluis.com","twitter_card":"summary_large_image","twitter_misc":{"Escrito por":"apuntesdesanluis.com","Tiempo de lectura":"4 minutos"},"schema":{"@context":"https:\/\/schema.org","@graph":[{"@type":"Article","@id":"https:\/\/apuntesdesanluis.com\/index.php\/2024\/09\/27\/renuncio-el-ministro-de-salud-mario-russo-el-gobierno-anuncio-que-asumira-en-su-lugar-mario-lugones\/#article","isPartOf":{"@id":"https:\/\/apuntesdesanluis.com\/index.php\/2024\/09\/27\/renuncio-el-ministro-de-salud-mario-russo-el-gobierno-anuncio-que-asumira-en-su-lugar-mario-lugones\/"},"author":{"name":"apuntesdesanluis.com","@id":"https:\/\/apuntesdesanluis.com\/#\/schema\/person\/b55151d52296fcce64d1a72538a70b90"},"headline":"RENUNCI\u00d3 EL MINISTRO DE SALUD, MARIO RUSSO: EL GOBIERNO ANUNCI\u00d3 QUE ASUMIR\u00c1 EN SU LUGAR MARIO LUGONES","datePublished":"2024-09-27T03:34:27+00:00","mainEntityOfPage":{"@id":"https:\/\/apuntesdesanluis.com\/index.php\/2024\/09\/27\/renuncio-el-ministro-de-salud-mario-russo-el-gobierno-anuncio-que-asumira-en-su-lugar-mario-lugones\/"},"wordCount":669,"publisher":{"@id":"https:\/\/apuntesdesanluis.com\/#\/schema\/person\/b55151d52296fcce64d1a72538a70b90"},"image":{"@id":"https:\/\/apuntesdesanluis.com\/index.php\/2024\/09\/27\/renuncio-el-ministro-de-salud-mario-russo-el-gobierno-anuncio-que-asumira-en-su-lugar-mario-lugones\/#primaryimage"},"thumbnailUrl":"https:\/\/apuntesdesanluis.com\/wp-content\/uploads\/2024\/09\/mario-ruso.png","articleSection":["Nacionales\/Internacionales"],"inLanguage":"es-AR"},{"@type":"WebPage","@id":"https:\/\/apuntesdesanluis.com\/index.php\/2024\/09\/27\/renuncio-el-ministro-de-salud-mario-russo-el-gobierno-anuncio-que-asumira-en-su-lugar-mario-lugones\/","url":"https:\/\/apuntesdesanluis.com\/index.php\/2024\/09\/27\/renuncio-el-ministro-de-salud-mario-russo-el-gobierno-anuncio-que-asumira-en-su-lugar-mario-lugones\/","name":"RENUNCI\u00d3 EL MINISTRO DE SALUD, MARIO RUSSO: EL GOBIERNO ANUNCI\u00d3 QUE ASUMIR\u00c1 EN SU LUGAR MARIO LUGONES - Apuntes de San Luis","isPartOf":{"@id":"https:\/\/apuntesdesanluis.com\/#website"},"primaryImageOfPage":{"@id":"https:\/\/apuntesdesanluis.com\/index.php\/2024\/09\/27\/renuncio-el-ministro-de-salud-mario-russo-el-gobierno-anuncio-que-asumira-en-su-lugar-mario-lugones\/#primaryimage"},"image":{"@id":"https:\/\/apuntesdesanluis.com\/index.php\/2024\/09\/27\/renuncio-el-ministro-de-salud-mario-russo-el-gobierno-anuncio-que-asumira-en-su-lugar-mario-lugones\/#primaryimage"},"thumbnailUrl":"https:\/\/apuntesdesanluis.com\/wp-content\/uploads\/2024\/09\/mario-ruso.png","datePublished":"2024-09-27T03:34:27+00:00","breadcrumb":{"@id":"https:\/\/apuntesdesanluis.com\/index.php\/2024\/09\/27\/renuncio-el-ministro-de-salud-mario-russo-el-gobierno-anuncio-que-asumira-en-su-lugar-mario-lugones\/#breadcrumb"},"inLanguage":"es-AR","potentialAction":[{"@type":"ReadAction","target":["https:\/\/apuntesdesanluis.com\/index.php\/2024\/09\/27\/renuncio-el-ministro-de-salud-mario-russo-el-gobierno-anuncio-que-asumira-en-su-lugar-mario-lugones\/"]}]},{"@type":"ImageObject","inLanguage":"es-AR","@id":"https:\/\/apuntesdesanluis.com\/index.php\/2024\/09\/27\/renuncio-el-ministro-de-salud-mario-russo-el-gobierno-anuncio-que-asumira-en-su-lugar-mario-lugones\/#primaryimage","url":"https:\/\/apuntesdesanluis.com\/wp-content\/uploads\/2024\/09\/mario-ruso.png","contentUrl":"https:\/\/apuntesdesanluis.com\/wp-content\/uploads\/2024\/09\/mario-ruso.png","width":711,"height":432},{"@type":"BreadcrumbList","@id":"https:\/\/apuntesdesanluis.com\/index.php\/2024\/09\/27\/renuncio-el-ministro-de-salud-mario-russo-el-gobierno-anuncio-que-asumira-en-su-lugar-mario-lugones\/#breadcrumb","itemListElement":[{"@type":"ListItem","position":1,"name":"Inicio","item":"https:\/\/apuntesdesanluis.com\/"},{"@type":"ListItem","position":2,"name":"RENUNCI\u00d3 EL MINISTRO DE SALUD, MARIO RUSSO: EL GOBIERNO ANUNCI\u00d3 QUE ASUMIR\u00c1 EN SU LUGAR MARIO LUGONES"}]},{"@type":"WebSite","@id":"https:\/\/apuntesdesanluis.com\/#website","url":"https:\/\/apuntesdesanluis.com\/","name":"Apuntes de San Luis","description":"","publisher":{"@id":"https:\/\/apuntesdesanluis.com\/#\/schema\/person\/b55151d52296fcce64d1a72538a70b90"},"potentialAction":[{"@type":"SearchAction","target":{"@type":"EntryPoint","urlTemplate":"https:\/\/apuntesdesanluis.com\/?s={search_term_string}"},"query-input":{"@type":"PropertyValueSpecification","valueRequired":true,"valueName":"search_term_string"}}],"inLanguage":"es-AR"},{"@type":["Person","Organization"],"@id":"https:\/\/apuntesdesanluis.com\/#\/schema\/person\/b55151d52296fcce64d1a72538a70b90","name":"apuntesdesanluis.com","image":{"@type":"ImageObject","inLanguage":"es-AR","@id":"https:\/\/apuntesdesanluis.com\/#\/schema\/person\/image\/","url":"https:\/\/apuntesdesanluis.com\/wp-content\/uploads\/2023\/07\/cropped-apuntesdesanluis.png","contentUrl":"https:\/\/apuntesdesanluis.com\/wp-content\/uploads\/2023\/07\/cropped-apuntesdesanluis.png","width":450,"height":112,"caption":"apuntesdesanluis.com"},"logo":{"@id":"https:\/\/apuntesdesanluis.com\/#\/schema\/person\/image\/"},"sameAs":["https:\/\/apuntesdesanluis.com"],"url":"https:\/\/apuntesdesanluis.com\/index.php\/author\/apuntesdesanluis-com\/"}]}},"featured_image_urls":{"full":["https:\/\/apuntesdesanluis.com\/wp-content\/uploads\/2024\/09\/mario-ruso.png",711,432,false],"thumbnail":["https:\/\/apuntesdesanluis.com\/wp-content\/uploads\/2024\/09\/mario-ruso-150x150.png",150,150,true],"medium":["https:\/\/apuntesdesanluis.com\/wp-content\/uploads\/2024\/09\/mario-ruso-300x182.png",300,182,true],"medium_large":["https:\/\/apuntesdesanluis.com\/wp-content\/uploads\/2024\/09\/mario-ruso.png",640,389,false],"large":["https:\/\/apuntesdesanluis.com\/wp-content\/uploads\/2024\/09\/mario-ruso.png",640,389,false],"1536x1536":["https:\/\/apuntesdesanluis.com\/wp-content\/uploads\/2024\/09\/mario-ruso.png",711,432,false],"2048x2048":["https:\/\/apuntesdesanluis.com\/wp-content\/uploads\/2024\/09\/mario-ruso.png",711,432,false],"newsever-slider-full":["https:\/\/apuntesdesanluis.com\/wp-content\/uploads\/2024\/09\/mario-ruso.png",711,432,false],"newsever-featured":["https:\/\/apuntesdesanluis.com\/wp-content\/uploads\/2024\/09\/mario-ruso.png",711,432,false],"newsever-medium":["https:\/\/apuntesdesanluis.com\/wp-content\/uploads\/2024\/09\/mario-ruso.png",711,432,false]},"author_info":{"display_name":"apuntesdesanluis.com","author_link":"https:\/\/apuntesdesanluis.com\/index.php\/author\/apuntesdesanluis-com\/"},"category_info":"<a href=\"https:\/\/apuntesdesanluis.com\/index.php\/category\/nacionales-internacionales\/\" rel=\"category tag\">Nacionales\/Internacionales<\/a>","tag_info":"Nacionales\/Internacionales","comment_count":"0","_links":{"self":[{"href":"https:\/\/apuntesdesanluis.com\/index.php\/wp-json\/wp\/v2\/posts\/23053","targetHints":{"allow":["GET"]}}],"collection":[{"href":"https:\/\/apuntesdesanluis.com\/index.php\/wp-json\/wp\/v2\/posts"}],"about":[{"href":"https:\/\/apuntesdesanluis.com\/index.php\/wp-json\/wp\/v2\/types\/post"}],"author":[{"embeddable":true,"href":"https:\/\/apuntesdesanluis.com\/index.php\/wp-json\/wp\/v2\/users\/1"}],"replies":[{"embeddable":true,"href":"https:\/\/apuntesdesanluis.com\/index.php\/wp-json\/wp\/v2\/comments?post=23053"}],"version-history":[{"count":1,"href":"https:\/\/apuntesdesanluis.com\/index.php\/wp-json\/wp\/v2\/posts\/23053\/revisions"}],"predecessor-version":[{"id":23056,"href":"https:\/\/apuntesdesanluis.com\/index.php\/wp-json\/wp\/v2\/posts\/23053\/revisions\/23056"}],"wp:featuredmedia":[{"embeddable":true,"href":"https:\/\/apuntesdesanluis.com\/index.php\/wp-json\/wp\/v2\/media\/23054"}],"wp:attachment":[{"href":"https:\/\/apuntesdesanluis.com\/index.php\/wp-json\/wp\/v2\/media?parent=23053"}],"wp:term":[{"taxonomy":"category","embeddable":true,"href":"https:\/\/apuntesdesanluis.com\/index.php\/wp-json\/wp\/v2\/categories?post=23053"},{"taxonomy":"post_tag","embeddable":true,"href":"https:\/\/apuntesdesanluis.com\/index.php\/wp-json\/wp\/v2\/tags?post=23053"}],"curies":[{"name":"wp","href":"https:\/\/api.w.org\/{rel}","templated":true}]}}