{"id":23058,"date":"2024-09-27T18:09:17","date_gmt":"2024-09-27T21:09:17","guid":{"rendered":"https:\/\/apuntesdesanluis.com\/?p=23058"},"modified":"2024-09-27T18:09:17","modified_gmt":"2024-09-27T21:09:17","slug":"todo-mal-se-separo-de-pampita-y-ahora-lo-denunciaron-por-contratacion-irregular-de-mas-de-300-empleados","status":"publish","type":"post","link":"https:\/\/apuntesdesanluis.com\/index.php\/2024\/09\/27\/todo-mal-se-separo-de-pampita-y-ahora-lo-denunciaron-por-contratacion-irregular-de-mas-de-300-empleados\/","title":{"rendered":"TODO MAL: SE SEPAR\u00d3 DE PAMPITA Y AHORA LO DENUNCIARON POR CONTRATACI\u00d3N IRREGULAR DE M\u00c1S DE 300 EMPLEADOS"},"content":{"rendered":"<h3>Un abogado denunci\u00f3 hoy a <strong>Roberto Garc\u00eda Morit\u00e1n<\/strong>, pareja de la famosa modelo y conductora, por presunta contrataci\u00f3n irregular de 384 empleados en el Ministerio de Desarrollo Econ\u00f3mico de la Ciudad de Buenos Aires a su cargo, y otras contrataciones de servicios con proveedores as\u00ed como eventos.<\/h3>\n<h3>La denuncia fue presentada por Fernando Miguez, de la &#8220;Fundaci\u00f3n por la Paz y el Cambio Clim\u00e1tico&#8221; y result\u00f3 sorteada en el Juzgado Federal 1 a cargo de la jueza Mar\u00eda Servini, informaron fuentes judiciales.<\/h3>\n<h3>El empresario y actual funcionario porte\u00f1o qued\u00f3 denunciado adem\u00e1s por presuntas irregularidades en fundaciones y la recepci\u00f3n de donaciones de diferentes empresas.<\/h3>\n<p><img fetchpriority=\"high\" decoding=\"async\" class=\"wp-image-23060 aligncenter\" src=\"https:\/\/apuntesdesanluis.com\/wp-content\/uploads\/2024\/09\/pampita-300x195.png\" alt=\"\" width=\"836\" height=\"543\" srcset=\"https:\/\/apuntesdesanluis.com\/wp-content\/uploads\/2024\/09\/pampita-300x195.png 300w, https:\/\/apuntesdesanluis.com\/wp-content\/uploads\/2024\/09\/pampita-768x500.png 768w, https:\/\/apuntesdesanluis.com\/wp-content\/uploads\/2024\/09\/pampita.png 893w\" sizes=\"(max-width: 836px) 100vw, 836px\" \/><\/p>\n<h4 style=\"text-align: center;\"><em>El hombre era un perfecto desconocido hasta que se junt\u00f3 con Pampita.<\/em><\/h4>\n<h3>&#8220;Seg\u00fan fuentes oficiosas Garc\u00eda habr\u00eda nombrado 384 personas en seis (6) meses con sueldos de m\u00e1s de $1.000.000, sin ser estos imprescindibles y con la debida correspondencia de tareas en dicho ministerio&#8221;, sostuvo Miguez.<\/h3>\n<h3>Adem\u00e1s, el denunciante mencion\u00f3 que &#8220;seg\u00fan el Bolet\u00edn Oficial de la Ciudad&#8221; y en ciertas \u00e1reas, \u201clleg\u00f3 a designar m\u00e1s de 30 empleados en un solo d\u00eda. Adem\u00e1s, el dirigente republicano increment\u00f3 los gastos de su ministerio en m\u00e1s de 300 millones mensuales\u201d.<\/h3>\n<h3>Miguez pidi\u00f3 que se dispongan medidas de prueba como, por ejemplo, librar oficio a organismos de control para que &#8220;informen sobre transferencias y\/o movimientos sobre cuentas bancarias, movimientos inusuales, transferencias internacionales o comportamientos financieros at\u00edpicos&#8221;.<\/h3>\n<h3>La denuncia se present\u00f3 por supuesta \u201cmalversaci\u00f3n de caudales p\u00fablicos&#8221; y &#8220;peculado\u201d.<\/h3>\n<p>&nbsp;<\/p>\n<p>&nbsp;<\/p>\n<p>&nbsp;<\/p>\n","protected":false},"excerpt":{"rendered":"<p>Un abogado denunci\u00f3 hoy a Roberto Garc\u00eda Morit\u00e1n, pareja de la famosa modelo y conductora,&#8230;<\/p>\n","protected":false},"author":1,"featured_media":23059,"comment_status":"closed","ping_status":"closed","sticky":false,"template":"","format":"standard","meta":{"footnotes":""},"categories":[5],"tags":[],"class_list":["post-23058","post","type-post","status-publish","format-standard","has-post-thumbnail","hentry","category-nacionales-internacionales"],"yoast_head":"<!-- This site is optimized with the Yoast SEO plugin v26.1.1 - https:\/\/yoast.com\/wordpress\/plugins\/seo\/ -->\n<title>TODO MAL: SE SEPAR\u00d3 DE PAMPITA Y AHORA LO DENUNCIARON POR CONTRATACI\u00d3N IRREGULAR DE M\u00c1S DE 300 EMPLEADOS - Apuntes de San Luis<\/title>\n<meta name=\"robots\" content=\"index, follow, max-snippet:-1, max-image-preview:large, max-video-preview:-1\" \/>\n<link rel=\"canonical\" href=\"https:\/\/apuntesdesanluis.com\/index.php\/2024\/09\/27\/todo-mal-se-separo-de-pampita-y-ahora-lo-denunciaron-por-contratacion-irregular-de-mas-de-300-empleados\/\" \/>\n<meta property=\"og:locale\" content=\"es_ES\" \/>\n<meta property=\"og:type\" content=\"article\" \/>\n<meta property=\"og:title\" content=\"TODO MAL: SE SEPAR\u00d3 DE PAMPITA Y AHORA LO DENUNCIARON POR CONTRATACI\u00d3N IRREGULAR DE M\u00c1S DE 300 EMPLEADOS - Apuntes de San Luis\" \/>\n<meta property=\"og:description\" content=\"Un abogado denunci\u00f3 hoy a Roberto Garc\u00eda Morit\u00e1n, pareja de la famosa modelo y conductora,...\" \/>\n<meta property=\"og:url\" content=\"https:\/\/apuntesdesanluis.com\/index.php\/2024\/09\/27\/todo-mal-se-separo-de-pampita-y-ahora-lo-denunciaron-por-contratacion-irregular-de-mas-de-300-empleados\/\" \/>\n<meta property=\"og:site_name\" content=\"Apuntes de San Luis\" \/>\n<meta property=\"article:published_time\" content=\"2024-09-27T21:09:17+00:00\" \/>\n<meta property=\"og:image\" content=\"https:\/\/apuntesdesanluis.com\/wp-content\/uploads\/2024\/09\/garcia-moritan.png\" \/>\n\t<meta property=\"og:image:width\" content=\"812\" \/>\n\t<meta property=\"og:image:height\" content=\"479\" \/>\n\t<meta property=\"og:image:type\" content=\"image\/png\" \/>\n<meta name=\"author\" content=\"apuntesdesanluis.com\" \/>\n<meta name=\"twitter:card\" content=\"summary_large_image\" \/>\n<meta name=\"twitter:label1\" content=\"Escrito por\" \/>\n\t<meta name=\"twitter:data1\" content=\"apuntesdesanluis.com\" \/>\n\t<meta name=\"twitter:label2\" content=\"Tiempo de lectura\" \/>\n\t<meta name=\"twitter:data2\" content=\"2 minutos\" \/>\n<script type=\"application\/ld+json\" class=\"yoast-schema-graph\">{\"@context\":\"https:\/\/schema.org\",\"@graph\":[{\"@type\":\"Article\",\"@id\":\"https:\/\/apuntesdesanluis.com\/index.php\/2024\/09\/27\/todo-mal-se-separo-de-pampita-y-ahora-lo-denunciaron-por-contratacion-irregular-de-mas-de-300-empleados\/#article\",\"isPartOf\":{\"@id\":\"https:\/\/apuntesdesanluis.com\/index.php\/2024\/09\/27\/todo-mal-se-separo-de-pampita-y-ahora-lo-denunciaron-por-contratacion-irregular-de-mas-de-300-empleados\/\"},\"author\":{\"name\":\"apuntesdesanluis.com\",\"@id\":\"https:\/\/apuntesdesanluis.com\/#\/schema\/person\/b55151d52296fcce64d1a72538a70b90\"},\"headline\":\"TODO MAL: SE SEPAR\u00d3 DE PAMPITA Y AHORA LO DENUNCIARON POR CONTRATACI\u00d3N IRREGULAR DE M\u00c1S DE 300 EMPLEADOS\",\"datePublished\":\"2024-09-27T21:09:17+00:00\",\"mainEntityOfPage\":{\"@id\":\"https:\/\/apuntesdesanluis.com\/index.php\/2024\/09\/27\/todo-mal-se-separo-de-pampita-y-ahora-lo-denunciaron-por-contratacion-irregular-de-mas-de-300-empleados\/\"},\"wordCount\":280,\"publisher\":{\"@id\":\"https:\/\/apuntesdesanluis.com\/#\/schema\/person\/b55151d52296fcce64d1a72538a70b90\"},\"image\":{\"@id\":\"https:\/\/apuntesdesanluis.com\/index.php\/2024\/09\/27\/todo-mal-se-separo-de-pampita-y-ahora-lo-denunciaron-por-contratacion-irregular-de-mas-de-300-empleados\/#primaryimage\"},\"thumbnailUrl\":\"https:\/\/apuntesdesanluis.com\/wp-content\/uploads\/2024\/09\/garcia-moritan.png\",\"articleSection\":[\"Nacionales\/Internacionales\"],\"inLanguage\":\"es-AR\"},{\"@type\":\"WebPage\",\"@id\":\"https:\/\/apuntesdesanluis.com\/index.php\/2024\/09\/27\/todo-mal-se-separo-de-pampita-y-ahora-lo-denunciaron-por-contratacion-irregular-de-mas-de-300-empleados\/\",\"url\":\"https:\/\/apuntesdesanluis.com\/index.php\/2024\/09\/27\/todo-mal-se-separo-de-pampita-y-ahora-lo-denunciaron-por-contratacion-irregular-de-mas-de-300-empleados\/\",\"name\":\"TODO MAL: SE SEPAR\u00d3 DE PAMPITA Y AHORA LO DENUNCIARON POR CONTRATACI\u00d3N IRREGULAR DE M\u00c1S DE 300 EMPLEADOS - Apuntes de San Luis\",\"isPartOf\":{\"@id\":\"https:\/\/apuntesdesanluis.com\/#website\"},\"primaryImageOfPage\":{\"@id\":\"https:\/\/apuntesdesanluis.com\/index.php\/2024\/09\/27\/todo-mal-se-separo-de-pampita-y-ahora-lo-denunciaron-por-contratacion-irregular-de-mas-de-300-empleados\/#primaryimage\"},\"image\":{\"@id\":\"https:\/\/apuntesdesanluis.com\/index.php\/2024\/09\/27\/todo-mal-se-separo-de-pampita-y-ahora-lo-denunciaron-por-contratacion-irregular-de-mas-de-300-empleados\/#primaryimage\"},\"thumbnailUrl\":\"https:\/\/apuntesdesanluis.com\/wp-content\/uploads\/2024\/09\/garcia-moritan.png\",\"datePublished\":\"2024-09-27T21:09:17+00:00\",\"breadcrumb\":{\"@id\":\"https:\/\/apuntesdesanluis.com\/index.php\/2024\/09\/27\/todo-mal-se-separo-de-pampita-y-ahora-lo-denunciaron-por-contratacion-irregular-de-mas-de-300-empleados\/#breadcrumb\"},\"inLanguage\":\"es-AR\",\"potentialAction\":[{\"@type\":\"ReadAction\",\"target\":[\"https:\/\/apuntesdesanluis.com\/index.php\/2024\/09\/27\/todo-mal-se-separo-de-pampita-y-ahora-lo-denunciaron-por-contratacion-irregular-de-mas-de-300-empleados\/\"]}]},{\"@type\":\"ImageObject\",\"inLanguage\":\"es-AR\",\"@id\":\"https:\/\/apuntesdesanluis.com\/index.php\/2024\/09\/27\/todo-mal-se-separo-de-pampita-y-ahora-lo-denunciaron-por-contratacion-irregular-de-mas-de-300-empleados\/#primaryimage\",\"url\":\"https:\/\/apuntesdesanluis.com\/wp-content\/uploads\/2024\/09\/garcia-moritan.png\",\"contentUrl\":\"https:\/\/apuntesdesanluis.com\/wp-content\/uploads\/2024\/09\/garcia-moritan.png\",\"width\":812,\"height\":479},{\"@type\":\"BreadcrumbList\",\"@id\":\"https:\/\/apuntesdesanluis.com\/index.php\/2024\/09\/27\/todo-mal-se-separo-de-pampita-y-ahora-lo-denunciaron-por-contratacion-irregular-de-mas-de-300-empleados\/#breadcrumb\",\"itemListElement\":[{\"@type\":\"ListItem\",\"position\":1,\"name\":\"Inicio\",\"item\":\"https:\/\/apuntesdesanluis.com\/\"},{\"@type\":\"ListItem\",\"position\":2,\"name\":\"TODO MAL: SE SEPAR\u00d3 DE PAMPITA Y AHORA LO DENUNCIARON POR CONTRATACI\u00d3N IRREGULAR DE M\u00c1S DE 300 EMPLEADOS\"}]},{\"@type\":\"WebSite\",\"@id\":\"https:\/\/apuntesdesanluis.com\/#website\",\"url\":\"https:\/\/apuntesdesanluis.com\/\",\"name\":\"Apuntes de San Luis\",\"description\":\"\",\"publisher\":{\"@id\":\"https:\/\/apuntesdesanluis.com\/#\/schema\/person\/b55151d52296fcce64d1a72538a70b90\"},\"potentialAction\":[{\"@type\":\"SearchAction\",\"target\":{\"@type\":\"EntryPoint\",\"urlTemplate\":\"https:\/\/apuntesdesanluis.com\/?s={search_term_string}\"},\"query-input\":{\"@type\":\"PropertyValueSpecification\",\"valueRequired\":true,\"valueName\":\"search_term_string\"}}],\"inLanguage\":\"es-AR\"},{\"@type\":[\"Person\",\"Organization\"],\"@id\":\"https:\/\/apuntesdesanluis.com\/#\/schema\/person\/b55151d52296fcce64d1a72538a70b90\",\"name\":\"apuntesdesanluis.com\",\"image\":{\"@type\":\"ImageObject\",\"inLanguage\":\"es-AR\",\"@id\":\"https:\/\/apuntesdesanluis.com\/#\/schema\/person\/image\/\",\"url\":\"https:\/\/apuntesdesanluis.com\/wp-content\/uploads\/2023\/07\/cropped-apuntesdesanluis.png\",\"contentUrl\":\"https:\/\/apuntesdesanluis.com\/wp-content\/uploads\/2023\/07\/cropped-apuntesdesanluis.png\",\"width\":450,\"height\":112,\"caption\":\"apuntesdesanluis.com\"},\"logo\":{\"@id\":\"https:\/\/apuntesdesanluis.com\/#\/schema\/person\/image\/\"},\"sameAs\":[\"https:\/\/apuntesdesanluis.com\"],\"url\":\"https:\/\/apuntesdesanluis.com\/index.php\/author\/apuntesdesanluis-com\/\"}]}<\/script>\n<!-- \/ Yoast SEO plugin. -->","yoast_head_json":{"title":"TODO MAL: SE SEPAR\u00d3 DE PAMPITA Y AHORA LO DENUNCIARON POR CONTRATACI\u00d3N IRREGULAR DE M\u00c1S DE 300 EMPLEADOS - Apuntes de San Luis","robots":{"index":"index","follow":"follow","max-snippet":"max-snippet:-1","max-image-preview":"max-image-preview:large","max-video-preview":"max-video-preview:-1"},"canonical":"https:\/\/apuntesdesanluis.com\/index.php\/2024\/09\/27\/todo-mal-se-separo-de-pampita-y-ahora-lo-denunciaron-por-contratacion-irregular-de-mas-de-300-empleados\/","og_locale":"es_ES","og_type":"article","og_title":"TODO MAL: SE SEPAR\u00d3 DE PAMPITA Y AHORA LO DENUNCIARON POR CONTRATACI\u00d3N IRREGULAR DE M\u00c1S DE 300 EMPLEADOS - Apuntes de San Luis","og_description":"Un abogado denunci\u00f3 hoy a Roberto Garc\u00eda Morit\u00e1n, pareja de la famosa modelo y conductora,...","og_url":"https:\/\/apuntesdesanluis.com\/index.php\/2024\/09\/27\/todo-mal-se-separo-de-pampita-y-ahora-lo-denunciaron-por-contratacion-irregular-de-mas-de-300-empleados\/","og_site_name":"Apuntes de San Luis","article_published_time":"2024-09-27T21:09:17+00:00","og_image":[{"width":812,"height":479,"url":"https:\/\/apuntesdesanluis.com\/wp-content\/uploads\/2024\/09\/garcia-moritan.png","type":"image\/png"}],"author":"apuntesdesanluis.com","twitter_card":"summary_large_image","twitter_misc":{"Escrito por":"apuntesdesanluis.com","Tiempo de lectura":"2 minutos"},"schema":{"@context":"https:\/\/schema.org","@graph":[{"@type":"Article","@id":"https:\/\/apuntesdesanluis.com\/index.php\/2024\/09\/27\/todo-mal-se-separo-de-pampita-y-ahora-lo-denunciaron-por-contratacion-irregular-de-mas-de-300-empleados\/#article","isPartOf":{"@id":"https:\/\/apuntesdesanluis.com\/index.php\/2024\/09\/27\/todo-mal-se-separo-de-pampita-y-ahora-lo-denunciaron-por-contratacion-irregular-de-mas-de-300-empleados\/"},"author":{"name":"apuntesdesanluis.com","@id":"https:\/\/apuntesdesanluis.com\/#\/schema\/person\/b55151d52296fcce64d1a72538a70b90"},"headline":"TODO MAL: SE SEPAR\u00d3 DE PAMPITA Y AHORA LO DENUNCIARON POR CONTRATACI\u00d3N IRREGULAR DE M\u00c1S DE 300 EMPLEADOS","datePublished":"2024-09-27T21:09:17+00:00","mainEntityOfPage":{"@id":"https:\/\/apuntesdesanluis.com\/index.php\/2024\/09\/27\/todo-mal-se-separo-de-pampita-y-ahora-lo-denunciaron-por-contratacion-irregular-de-mas-de-300-empleados\/"},"wordCount":280,"publisher":{"@id":"https:\/\/apuntesdesanluis.com\/#\/schema\/person\/b55151d52296fcce64d1a72538a70b90"},"image":{"@id":"https:\/\/apuntesdesanluis.com\/index.php\/2024\/09\/27\/todo-mal-se-separo-de-pampita-y-ahora-lo-denunciaron-por-contratacion-irregular-de-mas-de-300-empleados\/#primaryimage"},"thumbnailUrl":"https:\/\/apuntesdesanluis.com\/wp-content\/uploads\/2024\/09\/garcia-moritan.png","articleSection":["Nacionales\/Internacionales"],"inLanguage":"es-AR"},{"@type":"WebPage","@id":"https:\/\/apuntesdesanluis.com\/index.php\/2024\/09\/27\/todo-mal-se-separo-de-pampita-y-ahora-lo-denunciaron-por-contratacion-irregular-de-mas-de-300-empleados\/","url":"https:\/\/apuntesdesanluis.com\/index.php\/2024\/09\/27\/todo-mal-se-separo-de-pampita-y-ahora-lo-denunciaron-por-contratacion-irregular-de-mas-de-300-empleados\/","name":"TODO MAL: SE SEPAR\u00d3 DE PAMPITA Y AHORA LO DENUNCIARON POR CONTRATACI\u00d3N IRREGULAR DE M\u00c1S DE 300 EMPLEADOS - Apuntes de San Luis","isPartOf":{"@id":"https:\/\/apuntesdesanluis.com\/#website"},"primaryImageOfPage":{"@id":"https:\/\/apuntesdesanluis.com\/index.php\/2024\/09\/27\/todo-mal-se-separo-de-pampita-y-ahora-lo-denunciaron-por-contratacion-irregular-de-mas-de-300-empleados\/#primaryimage"},"image":{"@id":"https:\/\/apuntesdesanluis.com\/index.php\/2024\/09\/27\/todo-mal-se-separo-de-pampita-y-ahora-lo-denunciaron-por-contratacion-irregular-de-mas-de-300-empleados\/#primaryimage"},"thumbnailUrl":"https:\/\/apuntesdesanluis.com\/wp-content\/uploads\/2024\/09\/garcia-moritan.png","datePublished":"2024-09-27T21:09:17+00:00","breadcrumb":{"@id":"https:\/\/apuntesdesanluis.com\/index.php\/2024\/09\/27\/todo-mal-se-separo-de-pampita-y-ahora-lo-denunciaron-por-contratacion-irregular-de-mas-de-300-empleados\/#breadcrumb"},"inLanguage":"es-AR","potentialAction":[{"@type":"ReadAction","target":["https:\/\/apuntesdesanluis.com\/index.php\/2024\/09\/27\/todo-mal-se-separo-de-pampita-y-ahora-lo-denunciaron-por-contratacion-irregular-de-mas-de-300-empleados\/"]}]},{"@type":"ImageObject","inLanguage":"es-AR","@id":"https:\/\/apuntesdesanluis.com\/index.php\/2024\/09\/27\/todo-mal-se-separo-de-pampita-y-ahora-lo-denunciaron-por-contratacion-irregular-de-mas-de-300-empleados\/#primaryimage","url":"https:\/\/apuntesdesanluis.com\/wp-content\/uploads\/2024\/09\/garcia-moritan.png","contentUrl":"https:\/\/apuntesdesanluis.com\/wp-content\/uploads\/2024\/09\/garcia-moritan.png","width":812,"height":479},{"@type":"BreadcrumbList","@id":"https:\/\/apuntesdesanluis.com\/index.php\/2024\/09\/27\/todo-mal-se-separo-de-pampita-y-ahora-lo-denunciaron-por-contratacion-irregular-de-mas-de-300-empleados\/#breadcrumb","itemListElement":[{"@type":"ListItem","position":1,"name":"Inicio","item":"https:\/\/apuntesdesanluis.com\/"},{"@type":"ListItem","position":2,"name":"TODO MAL: SE SEPAR\u00d3 DE PAMPITA Y AHORA LO DENUNCIARON POR CONTRATACI\u00d3N IRREGULAR DE M\u00c1S DE 300 EMPLEADOS"}]},{"@type":"WebSite","@id":"https:\/\/apuntesdesanluis.com\/#website","url":"https:\/\/apuntesdesanluis.com\/","name":"Apuntes de San Luis","description":"","publisher":{"@id":"https:\/\/apuntesdesanluis.com\/#\/schema\/person\/b55151d52296fcce64d1a72538a70b90"},"potentialAction":[{"@type":"SearchAction","target":{"@type":"EntryPoint","urlTemplate":"https:\/\/apuntesdesanluis.com\/?s={search_term_string}"},"query-input":{"@type":"PropertyValueSpecification","valueRequired":true,"valueName":"search_term_string"}}],"inLanguage":"es-AR"},{"@type":["Person","Organization"],"@id":"https:\/\/apuntesdesanluis.com\/#\/schema\/person\/b55151d52296fcce64d1a72538a70b90","name":"apuntesdesanluis.com","image":{"@type":"ImageObject","inLanguage":"es-AR","@id":"https:\/\/apuntesdesanluis.com\/#\/schema\/person\/image\/","url":"https:\/\/apuntesdesanluis.com\/wp-content\/uploads\/2023\/07\/cropped-apuntesdesanluis.png","contentUrl":"https:\/\/apuntesdesanluis.com\/wp-content\/uploads\/2023\/07\/cropped-apuntesdesanluis.png","width":450,"height":112,"caption":"apuntesdesanluis.com"},"logo":{"@id":"https:\/\/apuntesdesanluis.com\/#\/schema\/person\/image\/"},"sameAs":["https:\/\/apuntesdesanluis.com"],"url":"https:\/\/apuntesdesanluis.com\/index.php\/author\/apuntesdesanluis-com\/"}]}},"featured_image_urls":{"full":["https:\/\/apuntesdesanluis.com\/wp-content\/uploads\/2024\/09\/garcia-moritan.png",812,479,false],"thumbnail":["https:\/\/apuntesdesanluis.com\/wp-content\/uploads\/2024\/09\/garcia-moritan-150x150.png",150,150,true],"medium":["https:\/\/apuntesdesanluis.com\/wp-content\/uploads\/2024\/09\/garcia-moritan-300x177.png",300,177,true],"medium_large":["https:\/\/apuntesdesanluis.com\/wp-content\/uploads\/2024\/09\/garcia-moritan-768x453.png",640,378,true],"large":["https:\/\/apuntesdesanluis.com\/wp-content\/uploads\/2024\/09\/garcia-moritan.png",640,378,false],"1536x1536":["https:\/\/apuntesdesanluis.com\/wp-content\/uploads\/2024\/09\/garcia-moritan.png",812,479,false],"2048x2048":["https:\/\/apuntesdesanluis.com\/wp-content\/uploads\/2024\/09\/garcia-moritan.png",812,479,false],"newsever-slider-full":["https:\/\/apuntesdesanluis.com\/wp-content\/uploads\/2024\/09\/garcia-moritan.png",812,479,false],"newsever-featured":["https:\/\/apuntesdesanluis.com\/wp-content\/uploads\/2024\/09\/garcia-moritan.png",812,479,false],"newsever-medium":["https:\/\/apuntesdesanluis.com\/wp-content\/uploads\/2024\/09\/garcia-moritan-720x475.png",720,475,true]},"author_info":{"display_name":"apuntesdesanluis.com","author_link":"https:\/\/apuntesdesanluis.com\/index.php\/author\/apuntesdesanluis-com\/"},"category_info":"<a href=\"https:\/\/apuntesdesanluis.com\/index.php\/category\/nacionales-internacionales\/\" rel=\"category tag\">Nacionales\/Internacionales<\/a>","tag_info":"Nacionales\/Internacionales","comment_count":"0","_links":{"self":[{"href":"https:\/\/apuntesdesanluis.com\/index.php\/wp-json\/wp\/v2\/posts\/23058","targetHints":{"allow":["GET"]}}],"collection":[{"href":"https:\/\/apuntesdesanluis.com\/index.php\/wp-json\/wp\/v2\/posts"}],"about":[{"href":"https:\/\/apuntesdesanluis.com\/index.php\/wp-json\/wp\/v2\/types\/post"}],"author":[{"embeddable":true,"href":"https:\/\/apuntesdesanluis.com\/index.php\/wp-json\/wp\/v2\/users\/1"}],"replies":[{"embeddable":true,"href":"https:\/\/apuntesdesanluis.com\/index.php\/wp-json\/wp\/v2\/comments?post=23058"}],"version-history":[{"count":1,"href":"https:\/\/apuntesdesanluis.com\/index.php\/wp-json\/wp\/v2\/posts\/23058\/revisions"}],"predecessor-version":[{"id":23061,"href":"https:\/\/apuntesdesanluis.com\/index.php\/wp-json\/wp\/v2\/posts\/23058\/revisions\/23061"}],"wp:featuredmedia":[{"embeddable":true,"href":"https:\/\/apuntesdesanluis.com\/index.php\/wp-json\/wp\/v2\/media\/23059"}],"wp:attachment":[{"href":"https:\/\/apuntesdesanluis.com\/index.php\/wp-json\/wp\/v2\/media?parent=23058"}],"wp:term":[{"taxonomy":"category","embeddable":true,"href":"https:\/\/apuntesdesanluis.com\/index.php\/wp-json\/wp\/v2\/categories?post=23058"},{"taxonomy":"post_tag","embeddable":true,"href":"https:\/\/apuntesdesanluis.com\/index.php\/wp-json\/wp\/v2\/tags?post=23058"}],"curies":[{"name":"wp","href":"https:\/\/api.w.org\/{rel}","templated":true}]}}