{"id":23087,"date":"2024-09-27T20:40:23","date_gmt":"2024-09-27T23:40:23","guid":{"rendered":"https:\/\/apuntesdesanluis.com\/?p=23087"},"modified":"2024-09-27T20:43:00","modified_gmt":"2024-09-27T23:43:00","slug":"segun-el-indec-mas-de-la-mitad-de-los-puntanos-son-pobres","status":"publish","type":"post","link":"https:\/\/apuntesdesanluis.com\/index.php\/2024\/09\/27\/segun-el-indec-mas-de-la-mitad-de-los-puntanos-son-pobres\/","title":{"rendered":"SEG\u00daN EL INDEC, CRECI\u00d3 LA MISHIADURA Y M\u00c1S DE LA MITAD DE LOS PUNTANOS SON POBRES"},"content":{"rendered":"<h3>El jueves por la tarde se conocieron los \u00edndices de pobreza e indigencia en todo el pa\u00eds y <a href=\"https:\/\/estadistica.sanluis.gov.ar\/wp-content\/uploads\/eph_pobreza_03_2442F61D046F.pdf\" target=\"_blank\" rel=\"noopener\"><strong>en promedio la pobreza creci\u00f3 alrededor de un 25%<\/strong><\/a> en relaci\u00f3n la \u00faltima medici\u00f3n del a\u00f1o pasado. En nuestra provincia, los \u00edndices son m\u00e1s preocupantes a\u00fan, ya que la media se ubic\u00f3 por sobre el promedio nacional, con <strong>53,8%<\/strong> y tambi\u00e9n de la zona Cuyo, ubicada en el 52,3%.<\/h3>\n<h3>El \u00edndice de pobreza aument\u00f3 al 52,9% al t\u00e9rmino del primer semestre, en el contexto nacional, mientras el Gran San Luis tiene, sobre un total de 83.534 hogares que abarca la proyecci\u00f3n de la encuesta y unas 249.523 personas alcanzadas, 36.610 hogares son pobres, donde viven unas 134.177 personas.<\/h3>\n<h3>La estad\u00edstica se\u00f1ala tambi\u00e9n que 6.269 hogares son indigentes y a 24.351 pobladores no les alcanza para comprar comida en la ciudad capital y sus localidades cercanas. El porcentaje en este \u00faltimo caso es de 7,5% hogares indigentes y 9,8% de sus habitantes.<\/h3>\n<h3>Comparado entre el gobierno que se fue y el que actualmente gestiona San Luis, el crecimiento de la pobreza creci\u00f3 desde el 36,9% al 53,8% de las personas en estos primeros seis meses de 2024. Si se tiene en cuenta los hogares, el n\u00famero pasa de 28,2% 43,8%.<\/h3>\n<h3>Si se analiza la indigencia, creci\u00f3 del 5,6% que dej\u00f3 Rodr\u00edguez Sa\u00e1, al 9,8% en la era Poggi, un 4,2% m\u00e1s.<\/h3>\n<h3>Haciendo clic sobre los respectivos cuadros se puede acceder a los informes semestrales completos que reprodujo la Direcci\u00f3n de Estad\u00edsticas y Censos. (<strong><a href=\"https:\/\/www.periodistasenlared.info\/setiembre24-27\/Nota1.html\">Periodistas en la Red<\/a><\/strong>)<\/h3>\n<p><a href=\"https:\/\/estadistica.sanluis.gov.ar\/wp-content\/uploads\/eph_pobreza_03_2442F61D046F.pdf\" target=\"_blank\" rel=\"noopener\"><img fetchpriority=\"high\" decoding=\"async\" class=\"wp-image-23088 aligncenter\" src=\"https:\/\/apuntesdesanluis.com\/wp-content\/uploads\/2024\/09\/cuadro-1-300x242.png\" alt=\"\" width=\"676\" height=\"545\" srcset=\"https:\/\/apuntesdesanluis.com\/wp-content\/uploads\/2024\/09\/cuadro-1-300x242.png 300w, https:\/\/apuntesdesanluis.com\/wp-content\/uploads\/2024\/09\/cuadro-1.png 641w\" sizes=\"(max-width: 676px) 100vw, 676px\" \/><\/a><\/p>\n<p><a href=\"https:\/\/estadistica.sanluis.gov.ar\/wp-content\/uploads\/eph_pobreza_03_2442F61D046F.pdf\" target=\"_blank\" rel=\"noopener\"><img decoding=\"async\" class=\"wp-image-23089 aligncenter\" src=\"https:\/\/apuntesdesanluis.com\/wp-content\/uploads\/2024\/09\/cuadro-2-300x188.png\" alt=\"\" width=\"683\" height=\"428\" srcset=\"https:\/\/apuntesdesanluis.com\/wp-content\/uploads\/2024\/09\/cuadro-2-300x188.png 300w, https:\/\/apuntesdesanluis.com\/wp-content\/uploads\/2024\/09\/cuadro-2.png 644w\" sizes=\"(max-width: 683px) 100vw, 683px\" \/><\/a><\/p>\n<p>&nbsp;<\/p>\n<p>&nbsp;<\/p>\n<p>&nbsp;<\/p>\n","protected":false},"excerpt":{"rendered":"<p>El jueves por la tarde se conocieron los \u00edndices de pobreza e indigencia en todo&#8230;<\/p>\n","protected":false},"author":1,"featured_media":23090,"comment_status":"closed","ping_status":"closed","sticky":false,"template":"","format":"standard","meta":{"footnotes":""},"categories":[6],"tags":[],"class_list":["post-23087","post","type-post","status-publish","format-standard","has-post-thumbnail","hentry","category-ciudad-provincia"],"yoast_head":"<!-- This site is optimized with the Yoast SEO plugin v26.1.1 - https:\/\/yoast.com\/wordpress\/plugins\/seo\/ -->\n<title>SEG\u00daN EL INDEC, CRECI\u00d3 LA MISHIADURA Y M\u00c1S DE LA MITAD DE LOS PUNTANOS SON POBRES - Apuntes de San Luis<\/title>\n<meta name=\"robots\" content=\"index, follow, max-snippet:-1, max-image-preview:large, max-video-preview:-1\" \/>\n<link rel=\"canonical\" href=\"https:\/\/apuntesdesanluis.com\/index.php\/2024\/09\/27\/segun-el-indec-mas-de-la-mitad-de-los-puntanos-son-pobres\/\" \/>\n<meta property=\"og:locale\" content=\"es_ES\" \/>\n<meta property=\"og:type\" content=\"article\" \/>\n<meta property=\"og:title\" content=\"SEG\u00daN EL INDEC, CRECI\u00d3 LA MISHIADURA Y M\u00c1S DE LA MITAD DE LOS PUNTANOS SON POBRES - Apuntes de San Luis\" \/>\n<meta property=\"og:description\" content=\"El jueves por la tarde se conocieron los \u00edndices de pobreza e indigencia en todo...\" \/>\n<meta property=\"og:url\" content=\"https:\/\/apuntesdesanluis.com\/index.php\/2024\/09\/27\/segun-el-indec-mas-de-la-mitad-de-los-puntanos-son-pobres\/\" \/>\n<meta property=\"og:site_name\" content=\"Apuntes de San Luis\" \/>\n<meta property=\"article:published_time\" content=\"2024-09-27T23:40:23+00:00\" \/>\n<meta property=\"article:modified_time\" content=\"2024-09-27T23:43:00+00:00\" \/>\n<meta property=\"og:image\" content=\"https:\/\/apuntesdesanluis.com\/wp-content\/uploads\/2024\/09\/pobreza-en-san-luis.png\" \/>\n\t<meta property=\"og:image:width\" content=\"547\" \/>\n\t<meta property=\"og:image:height\" content=\"312\" \/>\n\t<meta property=\"og:image:type\" content=\"image\/png\" \/>\n<meta name=\"author\" content=\"apuntesdesanluis.com\" \/>\n<meta name=\"twitter:card\" content=\"summary_large_image\" \/>\n<meta name=\"twitter:label1\" content=\"Escrito por\" \/>\n\t<meta name=\"twitter:data1\" content=\"apuntesdesanluis.com\" \/>\n\t<meta name=\"twitter:label2\" content=\"Tiempo de lectura\" \/>\n\t<meta name=\"twitter:data2\" content=\"2 minutos\" \/>\n<script type=\"application\/ld+json\" class=\"yoast-schema-graph\">{\"@context\":\"https:\/\/schema.org\",\"@graph\":[{\"@type\":\"Article\",\"@id\":\"https:\/\/apuntesdesanluis.com\/index.php\/2024\/09\/27\/segun-el-indec-mas-de-la-mitad-de-los-puntanos-son-pobres\/#article\",\"isPartOf\":{\"@id\":\"https:\/\/apuntesdesanluis.com\/index.php\/2024\/09\/27\/segun-el-indec-mas-de-la-mitad-de-los-puntanos-son-pobres\/\"},\"author\":{\"name\":\"apuntesdesanluis.com\",\"@id\":\"https:\/\/apuntesdesanluis.com\/#\/schema\/person\/b55151d52296fcce64d1a72538a70b90\"},\"headline\":\"SEG\u00daN EL INDEC, CRECI\u00d3 LA MISHIADURA Y M\u00c1S DE LA MITAD DE LOS PUNTANOS SON POBRES\",\"datePublished\":\"2024-09-27T23:40:23+00:00\",\"dateModified\":\"2024-09-27T23:43:00+00:00\",\"mainEntityOfPage\":{\"@id\":\"https:\/\/apuntesdesanluis.com\/index.php\/2024\/09\/27\/segun-el-indec-mas-de-la-mitad-de-los-puntanos-son-pobres\/\"},\"wordCount\":272,\"publisher\":{\"@id\":\"https:\/\/apuntesdesanluis.com\/#\/schema\/person\/b55151d52296fcce64d1a72538a70b90\"},\"image\":{\"@id\":\"https:\/\/apuntesdesanluis.com\/index.php\/2024\/09\/27\/segun-el-indec-mas-de-la-mitad-de-los-puntanos-son-pobres\/#primaryimage\"},\"thumbnailUrl\":\"https:\/\/apuntesdesanluis.com\/wp-content\/uploads\/2024\/09\/pobreza-en-san-luis.png\",\"articleSection\":[\"Ciudad\/Provincia\"],\"inLanguage\":\"es-AR\"},{\"@type\":\"WebPage\",\"@id\":\"https:\/\/apuntesdesanluis.com\/index.php\/2024\/09\/27\/segun-el-indec-mas-de-la-mitad-de-los-puntanos-son-pobres\/\",\"url\":\"https:\/\/apuntesdesanluis.com\/index.php\/2024\/09\/27\/segun-el-indec-mas-de-la-mitad-de-los-puntanos-son-pobres\/\",\"name\":\"SEG\u00daN EL INDEC, CRECI\u00d3 LA MISHIADURA Y M\u00c1S DE LA MITAD DE LOS PUNTANOS SON POBRES - Apuntes de San Luis\",\"isPartOf\":{\"@id\":\"https:\/\/apuntesdesanluis.com\/#website\"},\"primaryImageOfPage\":{\"@id\":\"https:\/\/apuntesdesanluis.com\/index.php\/2024\/09\/27\/segun-el-indec-mas-de-la-mitad-de-los-puntanos-son-pobres\/#primaryimage\"},\"image\":{\"@id\":\"https:\/\/apuntesdesanluis.com\/index.php\/2024\/09\/27\/segun-el-indec-mas-de-la-mitad-de-los-puntanos-son-pobres\/#primaryimage\"},\"thumbnailUrl\":\"https:\/\/apuntesdesanluis.com\/wp-content\/uploads\/2024\/09\/pobreza-en-san-luis.png\",\"datePublished\":\"2024-09-27T23:40:23+00:00\",\"dateModified\":\"2024-09-27T23:43:00+00:00\",\"breadcrumb\":{\"@id\":\"https:\/\/apuntesdesanluis.com\/index.php\/2024\/09\/27\/segun-el-indec-mas-de-la-mitad-de-los-puntanos-son-pobres\/#breadcrumb\"},\"inLanguage\":\"es-AR\",\"potentialAction\":[{\"@type\":\"ReadAction\",\"target\":[\"https:\/\/apuntesdesanluis.com\/index.php\/2024\/09\/27\/segun-el-indec-mas-de-la-mitad-de-los-puntanos-son-pobres\/\"]}]},{\"@type\":\"ImageObject\",\"inLanguage\":\"es-AR\",\"@id\":\"https:\/\/apuntesdesanluis.com\/index.php\/2024\/09\/27\/segun-el-indec-mas-de-la-mitad-de-los-puntanos-son-pobres\/#primaryimage\",\"url\":\"https:\/\/apuntesdesanluis.com\/wp-content\/uploads\/2024\/09\/pobreza-en-san-luis.png\",\"contentUrl\":\"https:\/\/apuntesdesanluis.com\/wp-content\/uploads\/2024\/09\/pobreza-en-san-luis.png\",\"width\":547,\"height\":312},{\"@type\":\"BreadcrumbList\",\"@id\":\"https:\/\/apuntesdesanluis.com\/index.php\/2024\/09\/27\/segun-el-indec-mas-de-la-mitad-de-los-puntanos-son-pobres\/#breadcrumb\",\"itemListElement\":[{\"@type\":\"ListItem\",\"position\":1,\"name\":\"Inicio\",\"item\":\"https:\/\/apuntesdesanluis.com\/\"},{\"@type\":\"ListItem\",\"position\":2,\"name\":\"SEG\u00daN EL INDEC, CRECI\u00d3 LA MISHIADURA Y M\u00c1S DE LA MITAD DE LOS PUNTANOS SON POBRES\"}]},{\"@type\":\"WebSite\",\"@id\":\"https:\/\/apuntesdesanluis.com\/#website\",\"url\":\"https:\/\/apuntesdesanluis.com\/\",\"name\":\"Apuntes de San Luis\",\"description\":\"\",\"publisher\":{\"@id\":\"https:\/\/apuntesdesanluis.com\/#\/schema\/person\/b55151d52296fcce64d1a72538a70b90\"},\"potentialAction\":[{\"@type\":\"SearchAction\",\"target\":{\"@type\":\"EntryPoint\",\"urlTemplate\":\"https:\/\/apuntesdesanluis.com\/?s={search_term_string}\"},\"query-input\":{\"@type\":\"PropertyValueSpecification\",\"valueRequired\":true,\"valueName\":\"search_term_string\"}}],\"inLanguage\":\"es-AR\"},{\"@type\":[\"Person\",\"Organization\"],\"@id\":\"https:\/\/apuntesdesanluis.com\/#\/schema\/person\/b55151d52296fcce64d1a72538a70b90\",\"name\":\"apuntesdesanluis.com\",\"image\":{\"@type\":\"ImageObject\",\"inLanguage\":\"es-AR\",\"@id\":\"https:\/\/apuntesdesanluis.com\/#\/schema\/person\/image\/\",\"url\":\"https:\/\/apuntesdesanluis.com\/wp-content\/uploads\/2023\/07\/cropped-apuntesdesanluis.png\",\"contentUrl\":\"https:\/\/apuntesdesanluis.com\/wp-content\/uploads\/2023\/07\/cropped-apuntesdesanluis.png\",\"width\":450,\"height\":112,\"caption\":\"apuntesdesanluis.com\"},\"logo\":{\"@id\":\"https:\/\/apuntesdesanluis.com\/#\/schema\/person\/image\/\"},\"sameAs\":[\"https:\/\/apuntesdesanluis.com\"],\"url\":\"https:\/\/apuntesdesanluis.com\/index.php\/author\/apuntesdesanluis-com\/\"}]}<\/script>\n<!-- \/ Yoast SEO plugin. -->","yoast_head_json":{"title":"SEG\u00daN EL INDEC, CRECI\u00d3 LA MISHIADURA Y M\u00c1S DE LA MITAD DE LOS PUNTANOS SON POBRES - Apuntes de San Luis","robots":{"index":"index","follow":"follow","max-snippet":"max-snippet:-1","max-image-preview":"max-image-preview:large","max-video-preview":"max-video-preview:-1"},"canonical":"https:\/\/apuntesdesanluis.com\/index.php\/2024\/09\/27\/segun-el-indec-mas-de-la-mitad-de-los-puntanos-son-pobres\/","og_locale":"es_ES","og_type":"article","og_title":"SEG\u00daN EL INDEC, CRECI\u00d3 LA MISHIADURA Y M\u00c1S DE LA MITAD DE LOS PUNTANOS SON POBRES - Apuntes de San Luis","og_description":"El jueves por la tarde se conocieron los \u00edndices de pobreza e indigencia en todo...","og_url":"https:\/\/apuntesdesanluis.com\/index.php\/2024\/09\/27\/segun-el-indec-mas-de-la-mitad-de-los-puntanos-son-pobres\/","og_site_name":"Apuntes de San Luis","article_published_time":"2024-09-27T23:40:23+00:00","article_modified_time":"2024-09-27T23:43:00+00:00","og_image":[{"width":547,"height":312,"url":"https:\/\/apuntesdesanluis.com\/wp-content\/uploads\/2024\/09\/pobreza-en-san-luis.png","type":"image\/png"}],"author":"apuntesdesanluis.com","twitter_card":"summary_large_image","twitter_misc":{"Escrito por":"apuntesdesanluis.com","Tiempo de lectura":"2 minutos"},"schema":{"@context":"https:\/\/schema.org","@graph":[{"@type":"Article","@id":"https:\/\/apuntesdesanluis.com\/index.php\/2024\/09\/27\/segun-el-indec-mas-de-la-mitad-de-los-puntanos-son-pobres\/#article","isPartOf":{"@id":"https:\/\/apuntesdesanluis.com\/index.php\/2024\/09\/27\/segun-el-indec-mas-de-la-mitad-de-los-puntanos-son-pobres\/"},"author":{"name":"apuntesdesanluis.com","@id":"https:\/\/apuntesdesanluis.com\/#\/schema\/person\/b55151d52296fcce64d1a72538a70b90"},"headline":"SEG\u00daN EL INDEC, CRECI\u00d3 LA MISHIADURA Y M\u00c1S DE LA MITAD DE LOS PUNTANOS SON POBRES","datePublished":"2024-09-27T23:40:23+00:00","dateModified":"2024-09-27T23:43:00+00:00","mainEntityOfPage":{"@id":"https:\/\/apuntesdesanluis.com\/index.php\/2024\/09\/27\/segun-el-indec-mas-de-la-mitad-de-los-puntanos-son-pobres\/"},"wordCount":272,"publisher":{"@id":"https:\/\/apuntesdesanluis.com\/#\/schema\/person\/b55151d52296fcce64d1a72538a70b90"},"image":{"@id":"https:\/\/apuntesdesanluis.com\/index.php\/2024\/09\/27\/segun-el-indec-mas-de-la-mitad-de-los-puntanos-son-pobres\/#primaryimage"},"thumbnailUrl":"https:\/\/apuntesdesanluis.com\/wp-content\/uploads\/2024\/09\/pobreza-en-san-luis.png","articleSection":["Ciudad\/Provincia"],"inLanguage":"es-AR"},{"@type":"WebPage","@id":"https:\/\/apuntesdesanluis.com\/index.php\/2024\/09\/27\/segun-el-indec-mas-de-la-mitad-de-los-puntanos-son-pobres\/","url":"https:\/\/apuntesdesanluis.com\/index.php\/2024\/09\/27\/segun-el-indec-mas-de-la-mitad-de-los-puntanos-son-pobres\/","name":"SEG\u00daN EL INDEC, CRECI\u00d3 LA MISHIADURA Y M\u00c1S DE LA MITAD DE LOS PUNTANOS SON POBRES - Apuntes de San Luis","isPartOf":{"@id":"https:\/\/apuntesdesanluis.com\/#website"},"primaryImageOfPage":{"@id":"https:\/\/apuntesdesanluis.com\/index.php\/2024\/09\/27\/segun-el-indec-mas-de-la-mitad-de-los-puntanos-son-pobres\/#primaryimage"},"image":{"@id":"https:\/\/apuntesdesanluis.com\/index.php\/2024\/09\/27\/segun-el-indec-mas-de-la-mitad-de-los-puntanos-son-pobres\/#primaryimage"},"thumbnailUrl":"https:\/\/apuntesdesanluis.com\/wp-content\/uploads\/2024\/09\/pobreza-en-san-luis.png","datePublished":"2024-09-27T23:40:23+00:00","dateModified":"2024-09-27T23:43:00+00:00","breadcrumb":{"@id":"https:\/\/apuntesdesanluis.com\/index.php\/2024\/09\/27\/segun-el-indec-mas-de-la-mitad-de-los-puntanos-son-pobres\/#breadcrumb"},"inLanguage":"es-AR","potentialAction":[{"@type":"ReadAction","target":["https:\/\/apuntesdesanluis.com\/index.php\/2024\/09\/27\/segun-el-indec-mas-de-la-mitad-de-los-puntanos-son-pobres\/"]}]},{"@type":"ImageObject","inLanguage":"es-AR","@id":"https:\/\/apuntesdesanluis.com\/index.php\/2024\/09\/27\/segun-el-indec-mas-de-la-mitad-de-los-puntanos-son-pobres\/#primaryimage","url":"https:\/\/apuntesdesanluis.com\/wp-content\/uploads\/2024\/09\/pobreza-en-san-luis.png","contentUrl":"https:\/\/apuntesdesanluis.com\/wp-content\/uploads\/2024\/09\/pobreza-en-san-luis.png","width":547,"height":312},{"@type":"BreadcrumbList","@id":"https:\/\/apuntesdesanluis.com\/index.php\/2024\/09\/27\/segun-el-indec-mas-de-la-mitad-de-los-puntanos-son-pobres\/#breadcrumb","itemListElement":[{"@type":"ListItem","position":1,"name":"Inicio","item":"https:\/\/apuntesdesanluis.com\/"},{"@type":"ListItem","position":2,"name":"SEG\u00daN EL INDEC, CRECI\u00d3 LA MISHIADURA Y M\u00c1S DE LA MITAD DE LOS PUNTANOS SON POBRES"}]},{"@type":"WebSite","@id":"https:\/\/apuntesdesanluis.com\/#website","url":"https:\/\/apuntesdesanluis.com\/","name":"Apuntes de San Luis","description":"","publisher":{"@id":"https:\/\/apuntesdesanluis.com\/#\/schema\/person\/b55151d52296fcce64d1a72538a70b90"},"potentialAction":[{"@type":"SearchAction","target":{"@type":"EntryPoint","urlTemplate":"https:\/\/apuntesdesanluis.com\/?s={search_term_string}"},"query-input":{"@type":"PropertyValueSpecification","valueRequired":true,"valueName":"search_term_string"}}],"inLanguage":"es-AR"},{"@type":["Person","Organization"],"@id":"https:\/\/apuntesdesanluis.com\/#\/schema\/person\/b55151d52296fcce64d1a72538a70b90","name":"apuntesdesanluis.com","image":{"@type":"ImageObject","inLanguage":"es-AR","@id":"https:\/\/apuntesdesanluis.com\/#\/schema\/person\/image\/","url":"https:\/\/apuntesdesanluis.com\/wp-content\/uploads\/2023\/07\/cropped-apuntesdesanluis.png","contentUrl":"https:\/\/apuntesdesanluis.com\/wp-content\/uploads\/2023\/07\/cropped-apuntesdesanluis.png","width":450,"height":112,"caption":"apuntesdesanluis.com"},"logo":{"@id":"https:\/\/apuntesdesanluis.com\/#\/schema\/person\/image\/"},"sameAs":["https:\/\/apuntesdesanluis.com"],"url":"https:\/\/apuntesdesanluis.com\/index.php\/author\/apuntesdesanluis-com\/"}]}},"featured_image_urls":{"full":["https:\/\/apuntesdesanluis.com\/wp-content\/uploads\/2024\/09\/pobreza-en-san-luis.png",547,312,false],"thumbnail":["https:\/\/apuntesdesanluis.com\/wp-content\/uploads\/2024\/09\/pobreza-en-san-luis-150x150.png",150,150,true],"medium":["https:\/\/apuntesdesanluis.com\/wp-content\/uploads\/2024\/09\/pobreza-en-san-luis-300x171.png",300,171,true],"medium_large":["https:\/\/apuntesdesanluis.com\/wp-content\/uploads\/2024\/09\/pobreza-en-san-luis.png",547,312,false],"large":["https:\/\/apuntesdesanluis.com\/wp-content\/uploads\/2024\/09\/pobreza-en-san-luis.png",547,312,false],"1536x1536":["https:\/\/apuntesdesanluis.com\/wp-content\/uploads\/2024\/09\/pobreza-en-san-luis.png",547,312,false],"2048x2048":["https:\/\/apuntesdesanluis.com\/wp-content\/uploads\/2024\/09\/pobreza-en-san-luis.png",547,312,false],"newsever-slider-full":["https:\/\/apuntesdesanluis.com\/wp-content\/uploads\/2024\/09\/pobreza-en-san-luis.png",547,312,false],"newsever-featured":["https:\/\/apuntesdesanluis.com\/wp-content\/uploads\/2024\/09\/pobreza-en-san-luis.png",547,312,false],"newsever-medium":["https:\/\/apuntesdesanluis.com\/wp-content\/uploads\/2024\/09\/pobreza-en-san-luis.png",547,312,false]},"author_info":{"display_name":"apuntesdesanluis.com","author_link":"https:\/\/apuntesdesanluis.com\/index.php\/author\/apuntesdesanluis-com\/"},"category_info":"<a href=\"https:\/\/apuntesdesanluis.com\/index.php\/category\/ciudad-provincia\/\" rel=\"category tag\">Ciudad\/Provincia<\/a>","tag_info":"Ciudad\/Provincia","comment_count":"0","_links":{"self":[{"href":"https:\/\/apuntesdesanluis.com\/index.php\/wp-json\/wp\/v2\/posts\/23087","targetHints":{"allow":["GET"]}}],"collection":[{"href":"https:\/\/apuntesdesanluis.com\/index.php\/wp-json\/wp\/v2\/posts"}],"about":[{"href":"https:\/\/apuntesdesanluis.com\/index.php\/wp-json\/wp\/v2\/types\/post"}],"author":[{"embeddable":true,"href":"https:\/\/apuntesdesanluis.com\/index.php\/wp-json\/wp\/v2\/users\/1"}],"replies":[{"embeddable":true,"href":"https:\/\/apuntesdesanluis.com\/index.php\/wp-json\/wp\/v2\/comments?post=23087"}],"version-history":[{"count":3,"href":"https:\/\/apuntesdesanluis.com\/index.php\/wp-json\/wp\/v2\/posts\/23087\/revisions"}],"predecessor-version":[{"id":23093,"href":"https:\/\/apuntesdesanluis.com\/index.php\/wp-json\/wp\/v2\/posts\/23087\/revisions\/23093"}],"wp:featuredmedia":[{"embeddable":true,"href":"https:\/\/apuntesdesanluis.com\/index.php\/wp-json\/wp\/v2\/media\/23090"}],"wp:attachment":[{"href":"https:\/\/apuntesdesanluis.com\/index.php\/wp-json\/wp\/v2\/media?parent=23087"}],"wp:term":[{"taxonomy":"category","embeddable":true,"href":"https:\/\/apuntesdesanluis.com\/index.php\/wp-json\/wp\/v2\/categories?post=23087"},{"taxonomy":"post_tag","embeddable":true,"href":"https:\/\/apuntesdesanluis.com\/index.php\/wp-json\/wp\/v2\/tags?post=23087"}],"curies":[{"name":"wp","href":"https:\/\/api.w.org\/{rel}","templated":true}]}}