{"id":23094,"date":"2024-09-27T21:51:51","date_gmt":"2024-09-28T00:51:51","guid":{"rendered":"https:\/\/apuntesdesanluis.com\/?p=23094"},"modified":"2024-09-27T21:51:51","modified_gmt":"2024-09-28T00:51:51","slug":"en-el-dia-del-turismo-se-inauguro-en-merlo-el-centro-de-convenciones","status":"publish","type":"post","link":"https:\/\/apuntesdesanluis.com\/index.php\/2024\/09\/27\/en-el-dia-del-turismo-se-inauguro-en-merlo-el-centro-de-convenciones\/","title":{"rendered":"EN EL D\u00cdA DEL TURISMO, SE INAUGUR\u00d3 EN MERLO EL CENTRO DE CONVENCIONES"},"content":{"rendered":"<h3>La Provincia transform\u00f3 el emblem\u00e1tico Casino \u2018Dos Venados\u2019 en un espacio que abre las puertas al crecimiento del turismo y la econom\u00eda de la localidad. El gobernador <strong>Claudio Poggi<\/strong> presenci\u00f3 la apertura y asegur\u00f3 que esta es una forma de crear una provincia competitiva tur\u00edsticamente.<\/h3>\n<h3>Este viernes, la Villa de Merlo dio un nuevo paso hacia el crecimiento de la localidad con la apertura del nuevo Centro de Convenciones. En compa\u00f1\u00eda de su gabinete gubernamental, el Primer Mandatario presenci\u00f3 la inauguraci\u00f3n del Centro, que responde al pedido formulado por el intendente <strong>Juan \u00c1lvarez Pinto<\/strong>, quien solicit\u00f3 realizarla para el D\u00eda del Turismo.<\/h3>\n<h3><img fetchpriority=\"high\" decoding=\"async\" class=\"wp-image-23096 aligncenter\" src=\"https:\/\/apuntesdesanluis.com\/wp-content\/uploads\/2024\/09\/alvarez-pinto-300x180.png\" alt=\"\" width=\"682\" height=\"409\" srcset=\"https:\/\/apuntesdesanluis.com\/wp-content\/uploads\/2024\/09\/alvarez-pinto-300x180.png 300w, https:\/\/apuntesdesanluis.com\/wp-content\/uploads\/2024\/09\/alvarez-pinto.png 753w\" sizes=\"(max-width: 682px) 100vw, 682px\" \/><\/h3>\n<h3>Precisamente el intendente de la villa tur\u00edstica fue el encargado de dar la bienvenida, agradeciendo al gobierno provincial por la obra.<\/h3>\n<h3><img decoding=\"async\" class=\"wp-image-23097 aligncenter\" src=\"https:\/\/apuntesdesanluis.com\/wp-content\/uploads\/2024\/09\/centro-convenciones-300x175.png\" alt=\"\" width=\"682\" height=\"398\" srcset=\"https:\/\/apuntesdesanluis.com\/wp-content\/uploads\/2024\/09\/centro-convenciones-300x175.png 300w, https:\/\/apuntesdesanluis.com\/wp-content\/uploads\/2024\/09\/centro-convenciones.png 759w\" sizes=\"(max-width: 682px) 100vw, 682px\" \/><\/h3>\n<h3>Por su parte el secretario de Comunicaciones, <strong>Diego Masci<\/strong>, present\u00f3 la nueva marca tur\u00edstica \u2018Conexi\u00f3n San Luis\u2019 que impulsar\u00e1 la Provincia y asegur\u00f3 que fue elaborada para hacer del turismo \u201cuna fuente de trabajo que arraigue a los j\u00f3venes\u201d.<\/h3>\n<h3>\u201cTenemos que recuperar una marca que nos identifique como provincia, que nos permita presentarnos ante aquellos que conciben a San Luis como destino tur\u00edstico\u201d, expres\u00f3 Masci, quien adem\u00e1s detall\u00f3 que \u2018Conexi\u00f3n San Luis\u2019 es fruto de un trabajo de investigaci\u00f3n cualitativo que realizaron con informaci\u00f3n de 4.300 encuestas. \u201cLa mayor\u00eda de los turistas entienden al lugar ideal como aquel en el que pueden descansar, tener calma, tranquilidad y conectar con la naturaleza\u201d, explic\u00f3.<\/h3>\n<h3><img decoding=\"async\" class=\"wp-image-23098 aligncenter\" src=\"https:\/\/apuntesdesanluis.com\/wp-content\/uploads\/2024\/09\/masci-1-300x192.png\" alt=\"\" width=\"681\" height=\"436\" srcset=\"https:\/\/apuntesdesanluis.com\/wp-content\/uploads\/2024\/09\/masci-1-300x192.png 300w, https:\/\/apuntesdesanluis.com\/wp-content\/uploads\/2024\/09\/masci-1.png 690w\" sizes=\"(max-width: 681px) 100vw, 681px\" \/><\/h3>\n<h3>El Secretario exterioriz\u00f3 su convencimiento acerca de que \u201cla \u00fanica forma de lograr que el turismo se transforme en una fuente sustentable de trabajo y sostenible en el tiempo, es uniendo la sinergia de la Provincia, los municipios y el sector privado\u201d.<\/h3>\n<h3>Durante la apertura, el ministro de Turismo, <strong>Juan Manuel Rigau<\/strong>, aprovech\u00f3 la ocasi\u00f3n para presentar \u2018Turismo de Reuniones\u2019. Se trata de una iniciativa que busca activar la econom\u00eda de San Luis en \u00e9pocas de baja afluencia de visitantes.<\/h3>\n<p><img loading=\"lazy\" decoding=\"async\" class=\"wp-image-23099 aligncenter\" src=\"https:\/\/apuntesdesanluis.com\/wp-content\/uploads\/2024\/09\/rigau-1-300x195.png\" alt=\"\" width=\"680\" height=\"442\" srcset=\"https:\/\/apuntesdesanluis.com\/wp-content\/uploads\/2024\/09\/rigau-1-300x195.png 300w, https:\/\/apuntesdesanluis.com\/wp-content\/uploads\/2024\/09\/rigau-1.png 660w\" sizes=\"(max-width: 680px) 100vw, 680px\" \/><\/p>\n<h3>Rigau hizo hincapi\u00e9 en la importancia de trabajar sobre el turismo durante todo el a\u00f1o, no \u00fanicamente en los meses de mayor movimiento de gente. \u201cPercibimos que hay una cantidad de infraestructura a disposici\u00f3n que no estaba cumpliendo con el potencial que ten\u00eda. Con el turismo de reuniones, lo que podemos lograr fundamentalmente es un soporte para acompa\u00f1ar la temporada baja. Este centro de convenciones va a ser una pata importante para cumplir con eso\u201d, indic\u00f3.<\/h3>\n<p><img loading=\"lazy\" decoding=\"async\" class=\"wp-image-23100 aligncenter\" src=\"https:\/\/apuntesdesanluis.com\/wp-content\/uploads\/2024\/09\/inauguracion-centro-convenciones-300x191.png\" alt=\"\" width=\"682\" height=\"434\" srcset=\"https:\/\/apuntesdesanluis.com\/wp-content\/uploads\/2024\/09\/inauguracion-centro-convenciones-300x191.png 300w, https:\/\/apuntesdesanluis.com\/wp-content\/uploads\/2024\/09\/inauguracion-centro-convenciones.png 692w\" sizes=\"(max-width: 682px) 100vw, 682px\" \/><\/p>\n<p>&nbsp;<\/p>\n<p>&nbsp;<\/p>\n<p>&nbsp;<\/p>\n<p>&nbsp;<\/p>\n<p>&nbsp;<\/p>\n<p>&nbsp;<\/p>\n","protected":false},"excerpt":{"rendered":"<p>La Provincia transform\u00f3 el emblem\u00e1tico Casino \u2018Dos Venados\u2019 en un espacio que abre las puertas&#8230;<\/p>\n","protected":false},"author":1,"featured_media":23095,"comment_status":"closed","ping_status":"closed","sticky":false,"template":"","format":"standard","meta":{"footnotes":""},"categories":[6],"tags":[],"class_list":["post-23094","post","type-post","status-publish","format-standard","has-post-thumbnail","hentry","category-ciudad-provincia"],"yoast_head":"<!-- This site is optimized with the Yoast SEO plugin v26.1.1 - https:\/\/yoast.com\/wordpress\/plugins\/seo\/ -->\n<title>EN EL D\u00cdA DEL TURISMO, SE INAUGUR\u00d3 EN MERLO EL CENTRO DE CONVENCIONES - Apuntes de San Luis<\/title>\n<meta name=\"robots\" content=\"index, follow, max-snippet:-1, max-image-preview:large, max-video-preview:-1\" \/>\n<link rel=\"canonical\" href=\"https:\/\/apuntesdesanluis.com\/index.php\/2024\/09\/27\/en-el-dia-del-turismo-se-inauguro-en-merlo-el-centro-de-convenciones\/\" \/>\n<meta property=\"og:locale\" content=\"es_ES\" \/>\n<meta property=\"og:type\" content=\"article\" \/>\n<meta property=\"og:title\" content=\"EN EL D\u00cdA DEL TURISMO, SE INAUGUR\u00d3 EN MERLO EL CENTRO DE CONVENCIONES - Apuntes de San Luis\" \/>\n<meta property=\"og:description\" content=\"La Provincia transform\u00f3 el emblem\u00e1tico Casino \u2018Dos Venados\u2019 en un espacio que abre las puertas...\" \/>\n<meta property=\"og:url\" content=\"https:\/\/apuntesdesanluis.com\/index.php\/2024\/09\/27\/en-el-dia-del-turismo-se-inauguro-en-merlo-el-centro-de-convenciones\/\" \/>\n<meta property=\"og:site_name\" content=\"Apuntes de San Luis\" \/>\n<meta property=\"article:published_time\" content=\"2024-09-28T00:51:51+00:00\" \/>\n<meta property=\"og:image\" content=\"https:\/\/apuntesdesanluis.com\/wp-content\/uploads\/2024\/09\/centro-de-convenciones-de-merlo.png\" \/>\n\t<meta property=\"og:image:width\" content=\"731\" \/>\n\t<meta property=\"og:image:height\" content=\"420\" \/>\n\t<meta property=\"og:image:type\" content=\"image\/png\" \/>\n<meta name=\"author\" content=\"apuntesdesanluis.com\" \/>\n<meta name=\"twitter:card\" content=\"summary_large_image\" \/>\n<meta name=\"twitter:label1\" content=\"Escrito por\" \/>\n\t<meta name=\"twitter:data1\" content=\"apuntesdesanluis.com\" \/>\n\t<meta name=\"twitter:label2\" content=\"Tiempo de lectura\" \/>\n\t<meta name=\"twitter:data2\" content=\"3 minutos\" \/>\n<script type=\"application\/ld+json\" class=\"yoast-schema-graph\">{\"@context\":\"https:\/\/schema.org\",\"@graph\":[{\"@type\":\"Article\",\"@id\":\"https:\/\/apuntesdesanluis.com\/index.php\/2024\/09\/27\/en-el-dia-del-turismo-se-inauguro-en-merlo-el-centro-de-convenciones\/#article\",\"isPartOf\":{\"@id\":\"https:\/\/apuntesdesanluis.com\/index.php\/2024\/09\/27\/en-el-dia-del-turismo-se-inauguro-en-merlo-el-centro-de-convenciones\/\"},\"author\":{\"name\":\"apuntesdesanluis.com\",\"@id\":\"https:\/\/apuntesdesanluis.com\/#\/schema\/person\/b55151d52296fcce64d1a72538a70b90\"},\"headline\":\"EN EL D\u00cdA DEL TURISMO, SE INAUGUR\u00d3 EN MERLO EL CENTRO DE CONVENCIONES\",\"datePublished\":\"2024-09-28T00:51:51+00:00\",\"mainEntityOfPage\":{\"@id\":\"https:\/\/apuntesdesanluis.com\/index.php\/2024\/09\/27\/en-el-dia-del-turismo-se-inauguro-en-merlo-el-centro-de-convenciones\/\"},\"wordCount\":432,\"publisher\":{\"@id\":\"https:\/\/apuntesdesanluis.com\/#\/schema\/person\/b55151d52296fcce64d1a72538a70b90\"},\"image\":{\"@id\":\"https:\/\/apuntesdesanluis.com\/index.php\/2024\/09\/27\/en-el-dia-del-turismo-se-inauguro-en-merlo-el-centro-de-convenciones\/#primaryimage\"},\"thumbnailUrl\":\"https:\/\/apuntesdesanluis.com\/wp-content\/uploads\/2024\/09\/centro-de-convenciones-de-merlo.png\",\"articleSection\":[\"Ciudad\/Provincia\"],\"inLanguage\":\"es-AR\"},{\"@type\":\"WebPage\",\"@id\":\"https:\/\/apuntesdesanluis.com\/index.php\/2024\/09\/27\/en-el-dia-del-turismo-se-inauguro-en-merlo-el-centro-de-convenciones\/\",\"url\":\"https:\/\/apuntesdesanluis.com\/index.php\/2024\/09\/27\/en-el-dia-del-turismo-se-inauguro-en-merlo-el-centro-de-convenciones\/\",\"name\":\"EN EL D\u00cdA DEL TURISMO, SE INAUGUR\u00d3 EN MERLO EL CENTRO DE CONVENCIONES - Apuntes de San Luis\",\"isPartOf\":{\"@id\":\"https:\/\/apuntesdesanluis.com\/#website\"},\"primaryImageOfPage\":{\"@id\":\"https:\/\/apuntesdesanluis.com\/index.php\/2024\/09\/27\/en-el-dia-del-turismo-se-inauguro-en-merlo-el-centro-de-convenciones\/#primaryimage\"},\"image\":{\"@id\":\"https:\/\/apuntesdesanluis.com\/index.php\/2024\/09\/27\/en-el-dia-del-turismo-se-inauguro-en-merlo-el-centro-de-convenciones\/#primaryimage\"},\"thumbnailUrl\":\"https:\/\/apuntesdesanluis.com\/wp-content\/uploads\/2024\/09\/centro-de-convenciones-de-merlo.png\",\"datePublished\":\"2024-09-28T00:51:51+00:00\",\"breadcrumb\":{\"@id\":\"https:\/\/apuntesdesanluis.com\/index.php\/2024\/09\/27\/en-el-dia-del-turismo-se-inauguro-en-merlo-el-centro-de-convenciones\/#breadcrumb\"},\"inLanguage\":\"es-AR\",\"potentialAction\":[{\"@type\":\"ReadAction\",\"target\":[\"https:\/\/apuntesdesanluis.com\/index.php\/2024\/09\/27\/en-el-dia-del-turismo-se-inauguro-en-merlo-el-centro-de-convenciones\/\"]}]},{\"@type\":\"ImageObject\",\"inLanguage\":\"es-AR\",\"@id\":\"https:\/\/apuntesdesanluis.com\/index.php\/2024\/09\/27\/en-el-dia-del-turismo-se-inauguro-en-merlo-el-centro-de-convenciones\/#primaryimage\",\"url\":\"https:\/\/apuntesdesanluis.com\/wp-content\/uploads\/2024\/09\/centro-de-convenciones-de-merlo.png\",\"contentUrl\":\"https:\/\/apuntesdesanluis.com\/wp-content\/uploads\/2024\/09\/centro-de-convenciones-de-merlo.png\",\"width\":731,\"height\":420},{\"@type\":\"BreadcrumbList\",\"@id\":\"https:\/\/apuntesdesanluis.com\/index.php\/2024\/09\/27\/en-el-dia-del-turismo-se-inauguro-en-merlo-el-centro-de-convenciones\/#breadcrumb\",\"itemListElement\":[{\"@type\":\"ListItem\",\"position\":1,\"name\":\"Inicio\",\"item\":\"https:\/\/apuntesdesanluis.com\/\"},{\"@type\":\"ListItem\",\"position\":2,\"name\":\"EN EL D\u00cdA DEL TURISMO, SE INAUGUR\u00d3 EN MERLO EL CENTRO DE CONVENCIONES\"}]},{\"@type\":\"WebSite\",\"@id\":\"https:\/\/apuntesdesanluis.com\/#website\",\"url\":\"https:\/\/apuntesdesanluis.com\/\",\"name\":\"Apuntes de San Luis\",\"description\":\"\",\"publisher\":{\"@id\":\"https:\/\/apuntesdesanluis.com\/#\/schema\/person\/b55151d52296fcce64d1a72538a70b90\"},\"potentialAction\":[{\"@type\":\"SearchAction\",\"target\":{\"@type\":\"EntryPoint\",\"urlTemplate\":\"https:\/\/apuntesdesanluis.com\/?s={search_term_string}\"},\"query-input\":{\"@type\":\"PropertyValueSpecification\",\"valueRequired\":true,\"valueName\":\"search_term_string\"}}],\"inLanguage\":\"es-AR\"},{\"@type\":[\"Person\",\"Organization\"],\"@id\":\"https:\/\/apuntesdesanluis.com\/#\/schema\/person\/b55151d52296fcce64d1a72538a70b90\",\"name\":\"apuntesdesanluis.com\",\"image\":{\"@type\":\"ImageObject\",\"inLanguage\":\"es-AR\",\"@id\":\"https:\/\/apuntesdesanluis.com\/#\/schema\/person\/image\/\",\"url\":\"https:\/\/apuntesdesanluis.com\/wp-content\/uploads\/2023\/07\/cropped-apuntesdesanluis.png\",\"contentUrl\":\"https:\/\/apuntesdesanluis.com\/wp-content\/uploads\/2023\/07\/cropped-apuntesdesanluis.png\",\"width\":450,\"height\":112,\"caption\":\"apuntesdesanluis.com\"},\"logo\":{\"@id\":\"https:\/\/apuntesdesanluis.com\/#\/schema\/person\/image\/\"},\"sameAs\":[\"https:\/\/apuntesdesanluis.com\"],\"url\":\"https:\/\/apuntesdesanluis.com\/index.php\/author\/apuntesdesanluis-com\/\"}]}<\/script>\n<!-- \/ Yoast SEO plugin. -->","yoast_head_json":{"title":"EN EL D\u00cdA DEL TURISMO, SE INAUGUR\u00d3 EN MERLO EL CENTRO DE CONVENCIONES - Apuntes de San Luis","robots":{"index":"index","follow":"follow","max-snippet":"max-snippet:-1","max-image-preview":"max-image-preview:large","max-video-preview":"max-video-preview:-1"},"canonical":"https:\/\/apuntesdesanluis.com\/index.php\/2024\/09\/27\/en-el-dia-del-turismo-se-inauguro-en-merlo-el-centro-de-convenciones\/","og_locale":"es_ES","og_type":"article","og_title":"EN EL D\u00cdA DEL TURISMO, SE INAUGUR\u00d3 EN MERLO EL CENTRO DE CONVENCIONES - Apuntes de San Luis","og_description":"La Provincia transform\u00f3 el emblem\u00e1tico Casino \u2018Dos Venados\u2019 en un espacio que abre las puertas...","og_url":"https:\/\/apuntesdesanluis.com\/index.php\/2024\/09\/27\/en-el-dia-del-turismo-se-inauguro-en-merlo-el-centro-de-convenciones\/","og_site_name":"Apuntes de San Luis","article_published_time":"2024-09-28T00:51:51+00:00","og_image":[{"width":731,"height":420,"url":"https:\/\/apuntesdesanluis.com\/wp-content\/uploads\/2024\/09\/centro-de-convenciones-de-merlo.png","type":"image\/png"}],"author":"apuntesdesanluis.com","twitter_card":"summary_large_image","twitter_misc":{"Escrito por":"apuntesdesanluis.com","Tiempo de lectura":"3 minutos"},"schema":{"@context":"https:\/\/schema.org","@graph":[{"@type":"Article","@id":"https:\/\/apuntesdesanluis.com\/index.php\/2024\/09\/27\/en-el-dia-del-turismo-se-inauguro-en-merlo-el-centro-de-convenciones\/#article","isPartOf":{"@id":"https:\/\/apuntesdesanluis.com\/index.php\/2024\/09\/27\/en-el-dia-del-turismo-se-inauguro-en-merlo-el-centro-de-convenciones\/"},"author":{"name":"apuntesdesanluis.com","@id":"https:\/\/apuntesdesanluis.com\/#\/schema\/person\/b55151d52296fcce64d1a72538a70b90"},"headline":"EN EL D\u00cdA DEL TURISMO, SE INAUGUR\u00d3 EN MERLO EL CENTRO DE CONVENCIONES","datePublished":"2024-09-28T00:51:51+00:00","mainEntityOfPage":{"@id":"https:\/\/apuntesdesanluis.com\/index.php\/2024\/09\/27\/en-el-dia-del-turismo-se-inauguro-en-merlo-el-centro-de-convenciones\/"},"wordCount":432,"publisher":{"@id":"https:\/\/apuntesdesanluis.com\/#\/schema\/person\/b55151d52296fcce64d1a72538a70b90"},"image":{"@id":"https:\/\/apuntesdesanluis.com\/index.php\/2024\/09\/27\/en-el-dia-del-turismo-se-inauguro-en-merlo-el-centro-de-convenciones\/#primaryimage"},"thumbnailUrl":"https:\/\/apuntesdesanluis.com\/wp-content\/uploads\/2024\/09\/centro-de-convenciones-de-merlo.png","articleSection":["Ciudad\/Provincia"],"inLanguage":"es-AR"},{"@type":"WebPage","@id":"https:\/\/apuntesdesanluis.com\/index.php\/2024\/09\/27\/en-el-dia-del-turismo-se-inauguro-en-merlo-el-centro-de-convenciones\/","url":"https:\/\/apuntesdesanluis.com\/index.php\/2024\/09\/27\/en-el-dia-del-turismo-se-inauguro-en-merlo-el-centro-de-convenciones\/","name":"EN EL D\u00cdA DEL TURISMO, SE INAUGUR\u00d3 EN MERLO EL CENTRO DE CONVENCIONES - Apuntes de San Luis","isPartOf":{"@id":"https:\/\/apuntesdesanluis.com\/#website"},"primaryImageOfPage":{"@id":"https:\/\/apuntesdesanluis.com\/index.php\/2024\/09\/27\/en-el-dia-del-turismo-se-inauguro-en-merlo-el-centro-de-convenciones\/#primaryimage"},"image":{"@id":"https:\/\/apuntesdesanluis.com\/index.php\/2024\/09\/27\/en-el-dia-del-turismo-se-inauguro-en-merlo-el-centro-de-convenciones\/#primaryimage"},"thumbnailUrl":"https:\/\/apuntesdesanluis.com\/wp-content\/uploads\/2024\/09\/centro-de-convenciones-de-merlo.png","datePublished":"2024-09-28T00:51:51+00:00","breadcrumb":{"@id":"https:\/\/apuntesdesanluis.com\/index.php\/2024\/09\/27\/en-el-dia-del-turismo-se-inauguro-en-merlo-el-centro-de-convenciones\/#breadcrumb"},"inLanguage":"es-AR","potentialAction":[{"@type":"ReadAction","target":["https:\/\/apuntesdesanluis.com\/index.php\/2024\/09\/27\/en-el-dia-del-turismo-se-inauguro-en-merlo-el-centro-de-convenciones\/"]}]},{"@type":"ImageObject","inLanguage":"es-AR","@id":"https:\/\/apuntesdesanluis.com\/index.php\/2024\/09\/27\/en-el-dia-del-turismo-se-inauguro-en-merlo-el-centro-de-convenciones\/#primaryimage","url":"https:\/\/apuntesdesanluis.com\/wp-content\/uploads\/2024\/09\/centro-de-convenciones-de-merlo.png","contentUrl":"https:\/\/apuntesdesanluis.com\/wp-content\/uploads\/2024\/09\/centro-de-convenciones-de-merlo.png","width":731,"height":420},{"@type":"BreadcrumbList","@id":"https:\/\/apuntesdesanluis.com\/index.php\/2024\/09\/27\/en-el-dia-del-turismo-se-inauguro-en-merlo-el-centro-de-convenciones\/#breadcrumb","itemListElement":[{"@type":"ListItem","position":1,"name":"Inicio","item":"https:\/\/apuntesdesanluis.com\/"},{"@type":"ListItem","position":2,"name":"EN EL D\u00cdA DEL TURISMO, SE INAUGUR\u00d3 EN MERLO EL CENTRO DE CONVENCIONES"}]},{"@type":"WebSite","@id":"https:\/\/apuntesdesanluis.com\/#website","url":"https:\/\/apuntesdesanluis.com\/","name":"Apuntes de San Luis","description":"","publisher":{"@id":"https:\/\/apuntesdesanluis.com\/#\/schema\/person\/b55151d52296fcce64d1a72538a70b90"},"potentialAction":[{"@type":"SearchAction","target":{"@type":"EntryPoint","urlTemplate":"https:\/\/apuntesdesanluis.com\/?s={search_term_string}"},"query-input":{"@type":"PropertyValueSpecification","valueRequired":true,"valueName":"search_term_string"}}],"inLanguage":"es-AR"},{"@type":["Person","Organization"],"@id":"https:\/\/apuntesdesanluis.com\/#\/schema\/person\/b55151d52296fcce64d1a72538a70b90","name":"apuntesdesanluis.com","image":{"@type":"ImageObject","inLanguage":"es-AR","@id":"https:\/\/apuntesdesanluis.com\/#\/schema\/person\/image\/","url":"https:\/\/apuntesdesanluis.com\/wp-content\/uploads\/2023\/07\/cropped-apuntesdesanluis.png","contentUrl":"https:\/\/apuntesdesanluis.com\/wp-content\/uploads\/2023\/07\/cropped-apuntesdesanluis.png","width":450,"height":112,"caption":"apuntesdesanluis.com"},"logo":{"@id":"https:\/\/apuntesdesanluis.com\/#\/schema\/person\/image\/"},"sameAs":["https:\/\/apuntesdesanluis.com"],"url":"https:\/\/apuntesdesanluis.com\/index.php\/author\/apuntesdesanluis-com\/"}]}},"featured_image_urls":{"full":["https:\/\/apuntesdesanluis.com\/wp-content\/uploads\/2024\/09\/centro-de-convenciones-de-merlo.png",731,420,false],"thumbnail":["https:\/\/apuntesdesanluis.com\/wp-content\/uploads\/2024\/09\/centro-de-convenciones-de-merlo-150x150.png",150,150,true],"medium":["https:\/\/apuntesdesanluis.com\/wp-content\/uploads\/2024\/09\/centro-de-convenciones-de-merlo-300x172.png",300,172,true],"medium_large":["https:\/\/apuntesdesanluis.com\/wp-content\/uploads\/2024\/09\/centro-de-convenciones-de-merlo.png",640,368,false],"large":["https:\/\/apuntesdesanluis.com\/wp-content\/uploads\/2024\/09\/centro-de-convenciones-de-merlo.png",640,368,false],"1536x1536":["https:\/\/apuntesdesanluis.com\/wp-content\/uploads\/2024\/09\/centro-de-convenciones-de-merlo.png",731,420,false],"2048x2048":["https:\/\/apuntesdesanluis.com\/wp-content\/uploads\/2024\/09\/centro-de-convenciones-de-merlo.png",731,420,false],"newsever-slider-full":["https:\/\/apuntesdesanluis.com\/wp-content\/uploads\/2024\/09\/centro-de-convenciones-de-merlo.png",731,420,false],"newsever-featured":["https:\/\/apuntesdesanluis.com\/wp-content\/uploads\/2024\/09\/centro-de-convenciones-de-merlo.png",731,420,false],"newsever-medium":["https:\/\/apuntesdesanluis.com\/wp-content\/uploads\/2024\/09\/centro-de-convenciones-de-merlo-720x420.png",720,420,true]},"author_info":{"display_name":"apuntesdesanluis.com","author_link":"https:\/\/apuntesdesanluis.com\/index.php\/author\/apuntesdesanluis-com\/"},"category_info":"<a href=\"https:\/\/apuntesdesanluis.com\/index.php\/category\/ciudad-provincia\/\" rel=\"category tag\">Ciudad\/Provincia<\/a>","tag_info":"Ciudad\/Provincia","comment_count":"0","_links":{"self":[{"href":"https:\/\/apuntesdesanluis.com\/index.php\/wp-json\/wp\/v2\/posts\/23094","targetHints":{"allow":["GET"]}}],"collection":[{"href":"https:\/\/apuntesdesanluis.com\/index.php\/wp-json\/wp\/v2\/posts"}],"about":[{"href":"https:\/\/apuntesdesanluis.com\/index.php\/wp-json\/wp\/v2\/types\/post"}],"author":[{"embeddable":true,"href":"https:\/\/apuntesdesanluis.com\/index.php\/wp-json\/wp\/v2\/users\/1"}],"replies":[{"embeddable":true,"href":"https:\/\/apuntesdesanluis.com\/index.php\/wp-json\/wp\/v2\/comments?post=23094"}],"version-history":[{"count":1,"href":"https:\/\/apuntesdesanluis.com\/index.php\/wp-json\/wp\/v2\/posts\/23094\/revisions"}],"predecessor-version":[{"id":23101,"href":"https:\/\/apuntesdesanluis.com\/index.php\/wp-json\/wp\/v2\/posts\/23094\/revisions\/23101"}],"wp:featuredmedia":[{"embeddable":true,"href":"https:\/\/apuntesdesanluis.com\/index.php\/wp-json\/wp\/v2\/media\/23095"}],"wp:attachment":[{"href":"https:\/\/apuntesdesanluis.com\/index.php\/wp-json\/wp\/v2\/media?parent=23094"}],"wp:term":[{"taxonomy":"category","embeddable":true,"href":"https:\/\/apuntesdesanluis.com\/index.php\/wp-json\/wp\/v2\/categories?post=23094"},{"taxonomy":"post_tag","embeddable":true,"href":"https:\/\/apuntesdesanluis.com\/index.php\/wp-json\/wp\/v2\/tags?post=23094"}],"curies":[{"name":"wp","href":"https:\/\/api.w.org\/{rel}","templated":true}]}}