{"id":23102,"date":"2024-09-27T22:03:09","date_gmt":"2024-09-28T01:03:09","guid":{"rendered":"https:\/\/apuntesdesanluis.com\/?p=23102"},"modified":"2024-09-27T22:03:09","modified_gmt":"2024-09-28T01:03:09","slug":"el-gobierno-ratifica-el-rumbo-economico-pese-al-aumento-de-la-pobreza","status":"publish","type":"post","link":"https:\/\/apuntesdesanluis.com\/index.php\/2024\/09\/27\/el-gobierno-ratifica-el-rumbo-economico-pese-al-aumento-de-la-pobreza\/","title":{"rendered":"EL GOBIERNO RATIFICA EL RUMBO ECON\u00d3MICO PESE AL AUMENTO DE LA POBREZA"},"content":{"rendered":"<h3>El oficialismo mantendr\u00e1 su estrategia pese al agravamiento de la situaci\u00f3n socioecon\u00f3mica y la ca\u00edda en la imagen del Presidente.<\/h3>\n<h3>El Gobierno nacional ratifica el rumbo econ\u00f3mico y no tiene planeado un cambio de discurso pese a la marcada crisis que atraviesa el pa\u00eds, que hizo trepar la pobreza al 52,9% y la indigencia al 18,1%, seg\u00fan indic\u00f3 el Instituto Nacional de Estad\u00edstica y Censos (Indec).<\/h3>\n<h3>&#8220;No tomamos decisiones en base a sensibilidades que nos quieren imponer&#8221;, afirm\u00f3 una fuente con despacho en Casa Rosada, al tiempo que desliz\u00f3 que el gobierno libertario mantendr\u00e1 su narrativa pese al agravamiento de la situaci\u00f3n socioecon\u00f3mica.<\/h3>\n<h3>Las mismas fuentes tampoco vaticinaron un cambio de pol\u00edtica con relaci\u00f3n a la circunstancia que atraviesan los jubilados tras el veto presidencial a la ley de recomposici\u00f3n de haberes.<\/h3>\n<h3>&#8220;Esto es como un hospital de guerra, cuando llegan los heridos, ten\u00e9s que atender al m\u00e1s grave&#8221;, explicaron en Casa de Gobierno, e indicaron que la prioridad del Ejecutivo son los ni\u00f1os, ya que el 66,1% de ese sector de la sociedad viven en la pobreza de acuerdo al Indec.<\/h3>\n<h3>En esta l\u00ednea se hab\u00eda manifestado ayer el ministro de Desregulaci\u00f3n y Transformaci\u00f3n del Estado, Federico Sturzenegger, quien destac\u00f3 el recorte del gasto p\u00fablico del 30% registrado este a\u00f1o y afirm\u00f3 que el Gobierno continuar\u00e1 con su agenda de &#8220;deep motosierra&#8221; en el Estado.<\/h3>\n<h3>&#8220;El Presidente Milei ya logr\u00f3 bajar el gasto un 30% este a\u00f1o y vamos a seguir en ese camino de recortes con la deep motosierra porque el compromiso del equilibrio fiscal no se negocia&#8221;, subray\u00f3 en el marco del 29\u00b0 simposio internacional de econom\u00eda, Panorama Econ\u00f3mico y Financiero. Perspectivas Nacionales e Internacionales, que se llev\u00f3 a cabo en el hotel Alvear.<\/h3>\n<p><img fetchpriority=\"high\" decoding=\"async\" class=\"wp-image-22763 aligncenter\" src=\"https:\/\/apuntesdesanluis.com\/wp-content\/uploads\/2024\/09\/MILEI-TOCANDO-LA-CAMPANA-300x195.png\" alt=\"\" width=\"705\" height=\"458\" srcset=\"https:\/\/apuntesdesanluis.com\/wp-content\/uploads\/2024\/09\/MILEI-TOCANDO-LA-CAMPANA-300x195.png 300w, https:\/\/apuntesdesanluis.com\/wp-content\/uploads\/2024\/09\/MILEI-TOCANDO-LA-CAMPANA.png 741w\" sizes=\"(max-width: 705px) 100vw, 705px\" \/><\/p>\n<h3>Las voces oficialistas en favor fortalecer el n\u00facleo del discurso libertario no son distintas a las del propio presidente Javier Milei, quien durante su paso por Wall Street dej\u00f3 en claro que no est\u00e1 en los planes un cambio de rumbo, a pesar de que en las \u00faltimas semanas las encuestas registraron una ca\u00edda en su imagen.<\/h3>\n<h3>&#8220;No estamos dispuestos a negociar bajo ning\u00fan punto de vista el equilibrio fiscal&#8221;, enfatiz\u00f3 de forma categ\u00f3rica el Presidente durante una conferencia ante personalidades e inversionistas en New York.<\/h3>\n<h3>Adem\u00e1s, reiter\u00f3 sus elogios al ministro de Econom\u00eda, Luis Caputo: &#8220;Gracias al extraordinario ministro Toto Caputo (se) hab\u00eda alcanzado el super\u00e1vit financiero&#8221;.<\/h3>\n<h3>&#8220;Va ser recordado como el mejor ministro de Econom\u00eda de la historia, porque est\u00e1 haciendo una tarea enorme&#8221;, vaticin\u00f3 el mandatario nacional.<\/h3>\n<h3>De esta manera, en el Ejecutivo est\u00e1n convencidos de que su base electoral no se ver\u00e1 afectada por los malos resultados en t\u00e9rminos de pobreza y conf\u00edan en que sus votantes la interpreten como una consecuencia de la &#8220;pesada herencia&#8221; del kirchnerismo.<\/h3>\n<p>&nbsp;<\/p>\n<p>&nbsp;<\/p>\n<p>&nbsp;<\/p>\n<h3><\/h3>\n<h3><\/h3>\n","protected":false},"excerpt":{"rendered":"<p>El oficialismo mantendr\u00e1 su estrategia pese al agravamiento de la situaci\u00f3n socioecon\u00f3mica y la ca\u00edda&#8230;<\/p>\n","protected":false},"author":1,"featured_media":17464,"comment_status":"closed","ping_status":"closed","sticky":false,"template":"","format":"standard","meta":{"footnotes":""},"categories":[5],"tags":[],"class_list":["post-23102","post","type-post","status-publish","format-standard","has-post-thumbnail","hentry","category-nacionales-internacionales"],"yoast_head":"<!-- This site is optimized with the Yoast SEO plugin v26.1.1 - https:\/\/yoast.com\/wordpress\/plugins\/seo\/ -->\n<title>EL GOBIERNO RATIFICA EL RUMBO ECON\u00d3MICO PESE AL AUMENTO DE LA POBREZA - Apuntes de San Luis<\/title>\n<meta name=\"robots\" content=\"index, follow, max-snippet:-1, max-image-preview:large, max-video-preview:-1\" \/>\n<link rel=\"canonical\" href=\"https:\/\/apuntesdesanluis.com\/index.php\/2024\/09\/27\/el-gobierno-ratifica-el-rumbo-economico-pese-al-aumento-de-la-pobreza\/\" \/>\n<meta property=\"og:locale\" content=\"es_ES\" \/>\n<meta property=\"og:type\" content=\"article\" \/>\n<meta property=\"og:title\" content=\"EL GOBIERNO RATIFICA EL RUMBO ECON\u00d3MICO PESE AL AUMENTO DE LA POBREZA - Apuntes de San Luis\" \/>\n<meta property=\"og:description\" content=\"El oficialismo mantendr\u00e1 su estrategia pese al agravamiento de la situaci\u00f3n socioecon\u00f3mica y la ca\u00edda...\" \/>\n<meta property=\"og:url\" content=\"https:\/\/apuntesdesanluis.com\/index.php\/2024\/09\/27\/el-gobierno-ratifica-el-rumbo-economico-pese-al-aumento-de-la-pobreza\/\" \/>\n<meta property=\"og:site_name\" content=\"Apuntes de San Luis\" \/>\n<meta property=\"article:published_time\" content=\"2024-09-28T01:03:09+00:00\" \/>\n<meta property=\"og:image\" content=\"https:\/\/apuntesdesanluis.com\/wp-content\/uploads\/2024\/06\/MILEI-1.png\" \/>\n\t<meta property=\"og:image:width\" content=\"766\" \/>\n\t<meta property=\"og:image:height\" content=\"506\" \/>\n\t<meta property=\"og:image:type\" content=\"image\/png\" \/>\n<meta name=\"author\" content=\"apuntesdesanluis.com\" \/>\n<meta name=\"twitter:card\" content=\"summary_large_image\" \/>\n<meta name=\"twitter:label1\" content=\"Escrito por\" \/>\n\t<meta name=\"twitter:data1\" content=\"apuntesdesanluis.com\" \/>\n\t<meta name=\"twitter:label2\" content=\"Tiempo de lectura\" \/>\n\t<meta name=\"twitter:data2\" content=\"3 minutos\" \/>\n<script type=\"application\/ld+json\" class=\"yoast-schema-graph\">{\"@context\":\"https:\/\/schema.org\",\"@graph\":[{\"@type\":\"Article\",\"@id\":\"https:\/\/apuntesdesanluis.com\/index.php\/2024\/09\/27\/el-gobierno-ratifica-el-rumbo-economico-pese-al-aumento-de-la-pobreza\/#article\",\"isPartOf\":{\"@id\":\"https:\/\/apuntesdesanluis.com\/index.php\/2024\/09\/27\/el-gobierno-ratifica-el-rumbo-economico-pese-al-aumento-de-la-pobreza\/\"},\"author\":{\"name\":\"apuntesdesanluis.com\",\"@id\":\"https:\/\/apuntesdesanluis.com\/#\/schema\/person\/b55151d52296fcce64d1a72538a70b90\"},\"headline\":\"EL GOBIERNO RATIFICA EL RUMBO ECON\u00d3MICO PESE AL AUMENTO DE LA POBREZA\",\"datePublished\":\"2024-09-28T01:03:09+00:00\",\"mainEntityOfPage\":{\"@id\":\"https:\/\/apuntesdesanluis.com\/index.php\/2024\/09\/27\/el-gobierno-ratifica-el-rumbo-economico-pese-al-aumento-de-la-pobreza\/\"},\"wordCount\":505,\"publisher\":{\"@id\":\"https:\/\/apuntesdesanluis.com\/#\/schema\/person\/b55151d52296fcce64d1a72538a70b90\"},\"image\":{\"@id\":\"https:\/\/apuntesdesanluis.com\/index.php\/2024\/09\/27\/el-gobierno-ratifica-el-rumbo-economico-pese-al-aumento-de-la-pobreza\/#primaryimage\"},\"thumbnailUrl\":\"https:\/\/apuntesdesanluis.com\/wp-content\/uploads\/2024\/06\/MILEI-1.png\",\"articleSection\":[\"Nacionales\/Internacionales\"],\"inLanguage\":\"es-AR\"},{\"@type\":\"WebPage\",\"@id\":\"https:\/\/apuntesdesanluis.com\/index.php\/2024\/09\/27\/el-gobierno-ratifica-el-rumbo-economico-pese-al-aumento-de-la-pobreza\/\",\"url\":\"https:\/\/apuntesdesanluis.com\/index.php\/2024\/09\/27\/el-gobierno-ratifica-el-rumbo-economico-pese-al-aumento-de-la-pobreza\/\",\"name\":\"EL GOBIERNO RATIFICA EL RUMBO ECON\u00d3MICO PESE AL AUMENTO DE LA POBREZA - Apuntes de San Luis\",\"isPartOf\":{\"@id\":\"https:\/\/apuntesdesanluis.com\/#website\"},\"primaryImageOfPage\":{\"@id\":\"https:\/\/apuntesdesanluis.com\/index.php\/2024\/09\/27\/el-gobierno-ratifica-el-rumbo-economico-pese-al-aumento-de-la-pobreza\/#primaryimage\"},\"image\":{\"@id\":\"https:\/\/apuntesdesanluis.com\/index.php\/2024\/09\/27\/el-gobierno-ratifica-el-rumbo-economico-pese-al-aumento-de-la-pobreza\/#primaryimage\"},\"thumbnailUrl\":\"https:\/\/apuntesdesanluis.com\/wp-content\/uploads\/2024\/06\/MILEI-1.png\",\"datePublished\":\"2024-09-28T01:03:09+00:00\",\"breadcrumb\":{\"@id\":\"https:\/\/apuntesdesanluis.com\/index.php\/2024\/09\/27\/el-gobierno-ratifica-el-rumbo-economico-pese-al-aumento-de-la-pobreza\/#breadcrumb\"},\"inLanguage\":\"es-AR\",\"potentialAction\":[{\"@type\":\"ReadAction\",\"target\":[\"https:\/\/apuntesdesanluis.com\/index.php\/2024\/09\/27\/el-gobierno-ratifica-el-rumbo-economico-pese-al-aumento-de-la-pobreza\/\"]}]},{\"@type\":\"ImageObject\",\"inLanguage\":\"es-AR\",\"@id\":\"https:\/\/apuntesdesanluis.com\/index.php\/2024\/09\/27\/el-gobierno-ratifica-el-rumbo-economico-pese-al-aumento-de-la-pobreza\/#primaryimage\",\"url\":\"https:\/\/apuntesdesanluis.com\/wp-content\/uploads\/2024\/06\/MILEI-1.png\",\"contentUrl\":\"https:\/\/apuntesdesanluis.com\/wp-content\/uploads\/2024\/06\/MILEI-1.png\",\"width\":766,\"height\":506},{\"@type\":\"BreadcrumbList\",\"@id\":\"https:\/\/apuntesdesanluis.com\/index.php\/2024\/09\/27\/el-gobierno-ratifica-el-rumbo-economico-pese-al-aumento-de-la-pobreza\/#breadcrumb\",\"itemListElement\":[{\"@type\":\"ListItem\",\"position\":1,\"name\":\"Inicio\",\"item\":\"https:\/\/apuntesdesanluis.com\/\"},{\"@type\":\"ListItem\",\"position\":2,\"name\":\"EL GOBIERNO RATIFICA EL RUMBO ECON\u00d3MICO PESE AL AUMENTO DE LA POBREZA\"}]},{\"@type\":\"WebSite\",\"@id\":\"https:\/\/apuntesdesanluis.com\/#website\",\"url\":\"https:\/\/apuntesdesanluis.com\/\",\"name\":\"Apuntes de San Luis\",\"description\":\"\",\"publisher\":{\"@id\":\"https:\/\/apuntesdesanluis.com\/#\/schema\/person\/b55151d52296fcce64d1a72538a70b90\"},\"potentialAction\":[{\"@type\":\"SearchAction\",\"target\":{\"@type\":\"EntryPoint\",\"urlTemplate\":\"https:\/\/apuntesdesanluis.com\/?s={search_term_string}\"},\"query-input\":{\"@type\":\"PropertyValueSpecification\",\"valueRequired\":true,\"valueName\":\"search_term_string\"}}],\"inLanguage\":\"es-AR\"},{\"@type\":[\"Person\",\"Organization\"],\"@id\":\"https:\/\/apuntesdesanluis.com\/#\/schema\/person\/b55151d52296fcce64d1a72538a70b90\",\"name\":\"apuntesdesanluis.com\",\"image\":{\"@type\":\"ImageObject\",\"inLanguage\":\"es-AR\",\"@id\":\"https:\/\/apuntesdesanluis.com\/#\/schema\/person\/image\/\",\"url\":\"https:\/\/apuntesdesanluis.com\/wp-content\/uploads\/2023\/07\/cropped-apuntesdesanluis.png\",\"contentUrl\":\"https:\/\/apuntesdesanluis.com\/wp-content\/uploads\/2023\/07\/cropped-apuntesdesanluis.png\",\"width\":450,\"height\":112,\"caption\":\"apuntesdesanluis.com\"},\"logo\":{\"@id\":\"https:\/\/apuntesdesanluis.com\/#\/schema\/person\/image\/\"},\"sameAs\":[\"https:\/\/apuntesdesanluis.com\"],\"url\":\"https:\/\/apuntesdesanluis.com\/index.php\/author\/apuntesdesanluis-com\/\"}]}<\/script>\n<!-- \/ Yoast SEO plugin. -->","yoast_head_json":{"title":"EL GOBIERNO RATIFICA EL RUMBO ECON\u00d3MICO PESE AL AUMENTO DE LA POBREZA - Apuntes de San Luis","robots":{"index":"index","follow":"follow","max-snippet":"max-snippet:-1","max-image-preview":"max-image-preview:large","max-video-preview":"max-video-preview:-1"},"canonical":"https:\/\/apuntesdesanluis.com\/index.php\/2024\/09\/27\/el-gobierno-ratifica-el-rumbo-economico-pese-al-aumento-de-la-pobreza\/","og_locale":"es_ES","og_type":"article","og_title":"EL GOBIERNO RATIFICA EL RUMBO ECON\u00d3MICO PESE AL AUMENTO DE LA POBREZA - Apuntes de San Luis","og_description":"El oficialismo mantendr\u00e1 su estrategia pese al agravamiento de la situaci\u00f3n socioecon\u00f3mica y la ca\u00edda...","og_url":"https:\/\/apuntesdesanluis.com\/index.php\/2024\/09\/27\/el-gobierno-ratifica-el-rumbo-economico-pese-al-aumento-de-la-pobreza\/","og_site_name":"Apuntes de San Luis","article_published_time":"2024-09-28T01:03:09+00:00","og_image":[{"width":766,"height":506,"url":"https:\/\/apuntesdesanluis.com\/wp-content\/uploads\/2024\/06\/MILEI-1.png","type":"image\/png"}],"author":"apuntesdesanluis.com","twitter_card":"summary_large_image","twitter_misc":{"Escrito por":"apuntesdesanluis.com","Tiempo de lectura":"3 minutos"},"schema":{"@context":"https:\/\/schema.org","@graph":[{"@type":"Article","@id":"https:\/\/apuntesdesanluis.com\/index.php\/2024\/09\/27\/el-gobierno-ratifica-el-rumbo-economico-pese-al-aumento-de-la-pobreza\/#article","isPartOf":{"@id":"https:\/\/apuntesdesanluis.com\/index.php\/2024\/09\/27\/el-gobierno-ratifica-el-rumbo-economico-pese-al-aumento-de-la-pobreza\/"},"author":{"name":"apuntesdesanluis.com","@id":"https:\/\/apuntesdesanluis.com\/#\/schema\/person\/b55151d52296fcce64d1a72538a70b90"},"headline":"EL GOBIERNO RATIFICA EL RUMBO ECON\u00d3MICO PESE AL AUMENTO DE LA POBREZA","datePublished":"2024-09-28T01:03:09+00:00","mainEntityOfPage":{"@id":"https:\/\/apuntesdesanluis.com\/index.php\/2024\/09\/27\/el-gobierno-ratifica-el-rumbo-economico-pese-al-aumento-de-la-pobreza\/"},"wordCount":505,"publisher":{"@id":"https:\/\/apuntesdesanluis.com\/#\/schema\/person\/b55151d52296fcce64d1a72538a70b90"},"image":{"@id":"https:\/\/apuntesdesanluis.com\/index.php\/2024\/09\/27\/el-gobierno-ratifica-el-rumbo-economico-pese-al-aumento-de-la-pobreza\/#primaryimage"},"thumbnailUrl":"https:\/\/apuntesdesanluis.com\/wp-content\/uploads\/2024\/06\/MILEI-1.png","articleSection":["Nacionales\/Internacionales"],"inLanguage":"es-AR"},{"@type":"WebPage","@id":"https:\/\/apuntesdesanluis.com\/index.php\/2024\/09\/27\/el-gobierno-ratifica-el-rumbo-economico-pese-al-aumento-de-la-pobreza\/","url":"https:\/\/apuntesdesanluis.com\/index.php\/2024\/09\/27\/el-gobierno-ratifica-el-rumbo-economico-pese-al-aumento-de-la-pobreza\/","name":"EL GOBIERNO RATIFICA EL RUMBO ECON\u00d3MICO PESE AL AUMENTO DE LA POBREZA - Apuntes de San Luis","isPartOf":{"@id":"https:\/\/apuntesdesanluis.com\/#website"},"primaryImageOfPage":{"@id":"https:\/\/apuntesdesanluis.com\/index.php\/2024\/09\/27\/el-gobierno-ratifica-el-rumbo-economico-pese-al-aumento-de-la-pobreza\/#primaryimage"},"image":{"@id":"https:\/\/apuntesdesanluis.com\/index.php\/2024\/09\/27\/el-gobierno-ratifica-el-rumbo-economico-pese-al-aumento-de-la-pobreza\/#primaryimage"},"thumbnailUrl":"https:\/\/apuntesdesanluis.com\/wp-content\/uploads\/2024\/06\/MILEI-1.png","datePublished":"2024-09-28T01:03:09+00:00","breadcrumb":{"@id":"https:\/\/apuntesdesanluis.com\/index.php\/2024\/09\/27\/el-gobierno-ratifica-el-rumbo-economico-pese-al-aumento-de-la-pobreza\/#breadcrumb"},"inLanguage":"es-AR","potentialAction":[{"@type":"ReadAction","target":["https:\/\/apuntesdesanluis.com\/index.php\/2024\/09\/27\/el-gobierno-ratifica-el-rumbo-economico-pese-al-aumento-de-la-pobreza\/"]}]},{"@type":"ImageObject","inLanguage":"es-AR","@id":"https:\/\/apuntesdesanluis.com\/index.php\/2024\/09\/27\/el-gobierno-ratifica-el-rumbo-economico-pese-al-aumento-de-la-pobreza\/#primaryimage","url":"https:\/\/apuntesdesanluis.com\/wp-content\/uploads\/2024\/06\/MILEI-1.png","contentUrl":"https:\/\/apuntesdesanluis.com\/wp-content\/uploads\/2024\/06\/MILEI-1.png","width":766,"height":506},{"@type":"BreadcrumbList","@id":"https:\/\/apuntesdesanluis.com\/index.php\/2024\/09\/27\/el-gobierno-ratifica-el-rumbo-economico-pese-al-aumento-de-la-pobreza\/#breadcrumb","itemListElement":[{"@type":"ListItem","position":1,"name":"Inicio","item":"https:\/\/apuntesdesanluis.com\/"},{"@type":"ListItem","position":2,"name":"EL GOBIERNO RATIFICA EL RUMBO ECON\u00d3MICO PESE AL AUMENTO DE LA POBREZA"}]},{"@type":"WebSite","@id":"https:\/\/apuntesdesanluis.com\/#website","url":"https:\/\/apuntesdesanluis.com\/","name":"Apuntes de San Luis","description":"","publisher":{"@id":"https:\/\/apuntesdesanluis.com\/#\/schema\/person\/b55151d52296fcce64d1a72538a70b90"},"potentialAction":[{"@type":"SearchAction","target":{"@type":"EntryPoint","urlTemplate":"https:\/\/apuntesdesanluis.com\/?s={search_term_string}"},"query-input":{"@type":"PropertyValueSpecification","valueRequired":true,"valueName":"search_term_string"}}],"inLanguage":"es-AR"},{"@type":["Person","Organization"],"@id":"https:\/\/apuntesdesanluis.com\/#\/schema\/person\/b55151d52296fcce64d1a72538a70b90","name":"apuntesdesanluis.com","image":{"@type":"ImageObject","inLanguage":"es-AR","@id":"https:\/\/apuntesdesanluis.com\/#\/schema\/person\/image\/","url":"https:\/\/apuntesdesanluis.com\/wp-content\/uploads\/2023\/07\/cropped-apuntesdesanluis.png","contentUrl":"https:\/\/apuntesdesanluis.com\/wp-content\/uploads\/2023\/07\/cropped-apuntesdesanluis.png","width":450,"height":112,"caption":"apuntesdesanluis.com"},"logo":{"@id":"https:\/\/apuntesdesanluis.com\/#\/schema\/person\/image\/"},"sameAs":["https:\/\/apuntesdesanluis.com"],"url":"https:\/\/apuntesdesanluis.com\/index.php\/author\/apuntesdesanluis-com\/"}]}},"featured_image_urls":{"full":["https:\/\/apuntesdesanluis.com\/wp-content\/uploads\/2024\/06\/MILEI-1.png",766,506,false],"thumbnail":["https:\/\/apuntesdesanluis.com\/wp-content\/uploads\/2024\/06\/MILEI-1-150x150.png",150,150,true],"medium":["https:\/\/apuntesdesanluis.com\/wp-content\/uploads\/2024\/06\/MILEI-1-300x198.png",300,198,true],"medium_large":["https:\/\/apuntesdesanluis.com\/wp-content\/uploads\/2024\/06\/MILEI-1.png",640,423,false],"large":["https:\/\/apuntesdesanluis.com\/wp-content\/uploads\/2024\/06\/MILEI-1.png",640,423,false],"1536x1536":["https:\/\/apuntesdesanluis.com\/wp-content\/uploads\/2024\/06\/MILEI-1.png",766,506,false],"2048x2048":["https:\/\/apuntesdesanluis.com\/wp-content\/uploads\/2024\/06\/MILEI-1.png",766,506,false],"newsever-slider-full":["https:\/\/apuntesdesanluis.com\/wp-content\/uploads\/2024\/06\/MILEI-1.png",766,506,false],"newsever-featured":["https:\/\/apuntesdesanluis.com\/wp-content\/uploads\/2024\/06\/MILEI-1.png",766,506,false],"newsever-medium":["https:\/\/apuntesdesanluis.com\/wp-content\/uploads\/2024\/06\/MILEI-1-720x475.png",720,475,true]},"author_info":{"display_name":"apuntesdesanluis.com","author_link":"https:\/\/apuntesdesanluis.com\/index.php\/author\/apuntesdesanluis-com\/"},"category_info":"<a href=\"https:\/\/apuntesdesanluis.com\/index.php\/category\/nacionales-internacionales\/\" rel=\"category tag\">Nacionales\/Internacionales<\/a>","tag_info":"Nacionales\/Internacionales","comment_count":"0","_links":{"self":[{"href":"https:\/\/apuntesdesanluis.com\/index.php\/wp-json\/wp\/v2\/posts\/23102","targetHints":{"allow":["GET"]}}],"collection":[{"href":"https:\/\/apuntesdesanluis.com\/index.php\/wp-json\/wp\/v2\/posts"}],"about":[{"href":"https:\/\/apuntesdesanluis.com\/index.php\/wp-json\/wp\/v2\/types\/post"}],"author":[{"embeddable":true,"href":"https:\/\/apuntesdesanluis.com\/index.php\/wp-json\/wp\/v2\/users\/1"}],"replies":[{"embeddable":true,"href":"https:\/\/apuntesdesanluis.com\/index.php\/wp-json\/wp\/v2\/comments?post=23102"}],"version-history":[{"count":1,"href":"https:\/\/apuntesdesanluis.com\/index.php\/wp-json\/wp\/v2\/posts\/23102\/revisions"}],"predecessor-version":[{"id":23103,"href":"https:\/\/apuntesdesanluis.com\/index.php\/wp-json\/wp\/v2\/posts\/23102\/revisions\/23103"}],"wp:featuredmedia":[{"embeddable":true,"href":"https:\/\/apuntesdesanluis.com\/index.php\/wp-json\/wp\/v2\/media\/17464"}],"wp:attachment":[{"href":"https:\/\/apuntesdesanluis.com\/index.php\/wp-json\/wp\/v2\/media?parent=23102"}],"wp:term":[{"taxonomy":"category","embeddable":true,"href":"https:\/\/apuntesdesanluis.com\/index.php\/wp-json\/wp\/v2\/categories?post=23102"},{"taxonomy":"post_tag","embeddable":true,"href":"https:\/\/apuntesdesanluis.com\/index.php\/wp-json\/wp\/v2\/tags?post=23102"}],"curies":[{"name":"wp","href":"https:\/\/api.w.org\/{rel}","templated":true}]}}