{"id":23104,"date":"2024-09-27T22:13:05","date_gmt":"2024-09-28T01:13:05","guid":{"rendered":"https:\/\/apuntesdesanluis.com\/?p=23104"},"modified":"2024-09-27T22:13:05","modified_gmt":"2024-09-28T01:13:05","slug":"una-mujer-se-tiro-de-la-pasarela-despues-de-discutir-con-su-pareja","status":"publish","type":"post","link":"https:\/\/apuntesdesanluis.com\/index.php\/2024\/09\/27\/una-mujer-se-tiro-de-la-pasarela-despues-de-discutir-con-su-pareja\/","title":{"rendered":"UNA MUJER SE TIR\u00d3 DE LA PASARELA DESPU\u00c9S DE DISCUTIR CON SU PAREJA"},"content":{"rendered":"<h3>El hecho ocurri\u00f3 este jueves en horas de la tarde, cuando polic\u00edas del Comando Radioel\u00e9ctrico tomaron intervenci\u00f3n al tomar conocimiento de la violenta discusi\u00f3n que mantuvo con su pareja, un sujeto de 25 a\u00f1os que le hab\u00eda robado el celular y que fue detenido. La v\u00edctima apenas recibi\u00f3 algunos golpes.<\/h3>\n<h3>Los efectivos llevaban a cabo recorridos de prevenci\u00f3n y fueron alertados por el Centro de Operaciones Policiales, ya que en la zona de la pasarela del ferrocarril, en inmediaciones de las avenidas Aviador Origone y Bartolom\u00e9 Mitre, un individuo hab\u00eda discutido con su pareja, le hab\u00eda sustra\u00eddo el tel\u00e9fono celular y luego se hab\u00eda dado a la fuga hacia el norte por calle Pedernera.<\/h3>\n<h3>Adem\u00e1s, despu\u00e9s de la discusi\u00f3n, la mujer se hab\u00eda arrojado desde la pasarela y sufri\u00f3 distintos golpes, por lo que fue trasladada hacia el Policl\u00ednico \u201cJuan Domingo Per\u00f3n\u201d, donde recibi\u00f3 las primeras atenciones y luego fue dada de alta.<\/h3>\n<h3>Con las caracter\u00edsticas aportadas, los uniformados iniciaron la b\u00fasqueda del individuo por la zona y lograron interceptarlo en inmediaciones de las calles Pedernera e Ivanowsky.<\/h3>\n<h3>Tras ser identificado, se le realiz\u00f3 una requisa y los polic\u00edas le encontraron varios objetos, entre ellos un tel\u00e9fono celular Motorola, el cual le hab\u00eda sustra\u00eddo a su pareja.<\/h3>\n<h3>Tras ser demorado, el sujeto fue trasladado a la Comisar\u00eda Seccional 9\u00b0.<\/h3>\n<p>&nbsp;<\/p>\n<p>&nbsp;<\/p>\n<p>&nbsp;<\/p>\n<p>&nbsp;<\/p>\n<p>&nbsp;<\/p>\n<p>&nbsp;<\/p>\n<p>&nbsp;<\/p>\n","protected":false},"excerpt":{"rendered":"<p>El hecho ocurri\u00f3 este jueves en horas de la tarde, cuando polic\u00edas del Comando Radioel\u00e9ctrico&#8230;<\/p>\n","protected":false},"author":1,"featured_media":23106,"comment_status":"closed","ping_status":"closed","sticky":false,"template":"","format":"standard","meta":{"footnotes":""},"categories":[6],"tags":[],"class_list":["post-23104","post","type-post","status-publish","format-standard","has-post-thumbnail","hentry","category-ciudad-provincia"],"yoast_head":"<!-- This site is optimized with the Yoast SEO plugin v26.1.1 - https:\/\/yoast.com\/wordpress\/plugins\/seo\/ -->\n<title>UNA MUJER SE TIR\u00d3 DE LA PASARELA DESPU\u00c9S DE DISCUTIR CON SU PAREJA - Apuntes de San Luis<\/title>\n<meta name=\"robots\" content=\"index, follow, max-snippet:-1, max-image-preview:large, max-video-preview:-1\" \/>\n<link rel=\"canonical\" href=\"https:\/\/apuntesdesanluis.com\/index.php\/2024\/09\/27\/una-mujer-se-tiro-de-la-pasarela-despues-de-discutir-con-su-pareja\/\" \/>\n<meta property=\"og:locale\" content=\"es_ES\" \/>\n<meta property=\"og:type\" content=\"article\" \/>\n<meta property=\"og:title\" content=\"UNA MUJER SE TIR\u00d3 DE LA PASARELA DESPU\u00c9S DE DISCUTIR CON SU PAREJA - Apuntes de San Luis\" \/>\n<meta property=\"og:description\" content=\"El hecho ocurri\u00f3 este jueves en horas de la tarde, cuando polic\u00edas del Comando Radioel\u00e9ctrico...\" \/>\n<meta property=\"og:url\" content=\"https:\/\/apuntesdesanluis.com\/index.php\/2024\/09\/27\/una-mujer-se-tiro-de-la-pasarela-despues-de-discutir-con-su-pareja\/\" \/>\n<meta property=\"og:site_name\" content=\"Apuntes de San Luis\" \/>\n<meta property=\"article:published_time\" content=\"2024-09-28T01:13:05+00:00\" \/>\n<meta property=\"og:image\" content=\"https:\/\/apuntesdesanluis.com\/wp-content\/uploads\/2024\/09\/Imagen-de-WhatsApp-2024-09-27-a-las-22.01.37_ecb64939.jpg\" \/>\n\t<meta property=\"og:image:width\" content=\"791\" \/>\n\t<meta property=\"og:image:height\" content=\"501\" \/>\n\t<meta property=\"og:image:type\" content=\"image\/jpeg\" \/>\n<meta name=\"author\" content=\"apuntesdesanluis.com\" \/>\n<meta name=\"twitter:card\" content=\"summary_large_image\" \/>\n<meta name=\"twitter:label1\" content=\"Escrito por\" \/>\n\t<meta name=\"twitter:data1\" content=\"apuntesdesanluis.com\" \/>\n\t<meta name=\"twitter:label2\" content=\"Tiempo de lectura\" \/>\n\t<meta name=\"twitter:data2\" content=\"2 minutos\" \/>\n<script type=\"application\/ld+json\" class=\"yoast-schema-graph\">{\"@context\":\"https:\/\/schema.org\",\"@graph\":[{\"@type\":\"Article\",\"@id\":\"https:\/\/apuntesdesanluis.com\/index.php\/2024\/09\/27\/una-mujer-se-tiro-de-la-pasarela-despues-de-discutir-con-su-pareja\/#article\",\"isPartOf\":{\"@id\":\"https:\/\/apuntesdesanluis.com\/index.php\/2024\/09\/27\/una-mujer-se-tiro-de-la-pasarela-despues-de-discutir-con-su-pareja\/\"},\"author\":{\"name\":\"apuntesdesanluis.com\",\"@id\":\"https:\/\/apuntesdesanluis.com\/#\/schema\/person\/b55151d52296fcce64d1a72538a70b90\"},\"headline\":\"UNA MUJER SE TIR\u00d3 DE LA PASARELA DESPU\u00c9S DE DISCUTIR CON SU PAREJA\",\"datePublished\":\"2024-09-28T01:13:05+00:00\",\"mainEntityOfPage\":{\"@id\":\"https:\/\/apuntesdesanluis.com\/index.php\/2024\/09\/27\/una-mujer-se-tiro-de-la-pasarela-despues-de-discutir-con-su-pareja\/\"},\"wordCount\":264,\"publisher\":{\"@id\":\"https:\/\/apuntesdesanluis.com\/#\/schema\/person\/b55151d52296fcce64d1a72538a70b90\"},\"image\":{\"@id\":\"https:\/\/apuntesdesanluis.com\/index.php\/2024\/09\/27\/una-mujer-se-tiro-de-la-pasarela-despues-de-discutir-con-su-pareja\/#primaryimage\"},\"thumbnailUrl\":\"https:\/\/apuntesdesanluis.com\/wp-content\/uploads\/2024\/09\/Imagen-de-WhatsApp-2024-09-27-a-las-22.01.37_ecb64939.jpg\",\"articleSection\":[\"Ciudad\/Provincia\"],\"inLanguage\":\"es-AR\"},{\"@type\":\"WebPage\",\"@id\":\"https:\/\/apuntesdesanluis.com\/index.php\/2024\/09\/27\/una-mujer-se-tiro-de-la-pasarela-despues-de-discutir-con-su-pareja\/\",\"url\":\"https:\/\/apuntesdesanluis.com\/index.php\/2024\/09\/27\/una-mujer-se-tiro-de-la-pasarela-despues-de-discutir-con-su-pareja\/\",\"name\":\"UNA MUJER SE TIR\u00d3 DE LA PASARELA DESPU\u00c9S DE DISCUTIR CON SU PAREJA - Apuntes de San Luis\",\"isPartOf\":{\"@id\":\"https:\/\/apuntesdesanluis.com\/#website\"},\"primaryImageOfPage\":{\"@id\":\"https:\/\/apuntesdesanluis.com\/index.php\/2024\/09\/27\/una-mujer-se-tiro-de-la-pasarela-despues-de-discutir-con-su-pareja\/#primaryimage\"},\"image\":{\"@id\":\"https:\/\/apuntesdesanluis.com\/index.php\/2024\/09\/27\/una-mujer-se-tiro-de-la-pasarela-despues-de-discutir-con-su-pareja\/#primaryimage\"},\"thumbnailUrl\":\"https:\/\/apuntesdesanluis.com\/wp-content\/uploads\/2024\/09\/Imagen-de-WhatsApp-2024-09-27-a-las-22.01.37_ecb64939.jpg\",\"datePublished\":\"2024-09-28T01:13:05+00:00\",\"breadcrumb\":{\"@id\":\"https:\/\/apuntesdesanluis.com\/index.php\/2024\/09\/27\/una-mujer-se-tiro-de-la-pasarela-despues-de-discutir-con-su-pareja\/#breadcrumb\"},\"inLanguage\":\"es-AR\",\"potentialAction\":[{\"@type\":\"ReadAction\",\"target\":[\"https:\/\/apuntesdesanluis.com\/index.php\/2024\/09\/27\/una-mujer-se-tiro-de-la-pasarela-despues-de-discutir-con-su-pareja\/\"]}]},{\"@type\":\"ImageObject\",\"inLanguage\":\"es-AR\",\"@id\":\"https:\/\/apuntesdesanluis.com\/index.php\/2024\/09\/27\/una-mujer-se-tiro-de-la-pasarela-despues-de-discutir-con-su-pareja\/#primaryimage\",\"url\":\"https:\/\/apuntesdesanluis.com\/wp-content\/uploads\/2024\/09\/Imagen-de-WhatsApp-2024-09-27-a-las-22.01.37_ecb64939.jpg\",\"contentUrl\":\"https:\/\/apuntesdesanluis.com\/wp-content\/uploads\/2024\/09\/Imagen-de-WhatsApp-2024-09-27-a-las-22.01.37_ecb64939.jpg\",\"width\":791,\"height\":501},{\"@type\":\"BreadcrumbList\",\"@id\":\"https:\/\/apuntesdesanluis.com\/index.php\/2024\/09\/27\/una-mujer-se-tiro-de-la-pasarela-despues-de-discutir-con-su-pareja\/#breadcrumb\",\"itemListElement\":[{\"@type\":\"ListItem\",\"position\":1,\"name\":\"Inicio\",\"item\":\"https:\/\/apuntesdesanluis.com\/\"},{\"@type\":\"ListItem\",\"position\":2,\"name\":\"UNA MUJER SE TIR\u00d3 DE LA PASARELA DESPU\u00c9S DE DISCUTIR CON SU PAREJA\"}]},{\"@type\":\"WebSite\",\"@id\":\"https:\/\/apuntesdesanluis.com\/#website\",\"url\":\"https:\/\/apuntesdesanluis.com\/\",\"name\":\"Apuntes de San Luis\",\"description\":\"\",\"publisher\":{\"@id\":\"https:\/\/apuntesdesanluis.com\/#\/schema\/person\/b55151d52296fcce64d1a72538a70b90\"},\"potentialAction\":[{\"@type\":\"SearchAction\",\"target\":{\"@type\":\"EntryPoint\",\"urlTemplate\":\"https:\/\/apuntesdesanluis.com\/?s={search_term_string}\"},\"query-input\":{\"@type\":\"PropertyValueSpecification\",\"valueRequired\":true,\"valueName\":\"search_term_string\"}}],\"inLanguage\":\"es-AR\"},{\"@type\":[\"Person\",\"Organization\"],\"@id\":\"https:\/\/apuntesdesanluis.com\/#\/schema\/person\/b55151d52296fcce64d1a72538a70b90\",\"name\":\"apuntesdesanluis.com\",\"image\":{\"@type\":\"ImageObject\",\"inLanguage\":\"es-AR\",\"@id\":\"https:\/\/apuntesdesanluis.com\/#\/schema\/person\/image\/\",\"url\":\"https:\/\/apuntesdesanluis.com\/wp-content\/uploads\/2023\/07\/cropped-apuntesdesanluis.png\",\"contentUrl\":\"https:\/\/apuntesdesanluis.com\/wp-content\/uploads\/2023\/07\/cropped-apuntesdesanluis.png\",\"width\":450,\"height\":112,\"caption\":\"apuntesdesanluis.com\"},\"logo\":{\"@id\":\"https:\/\/apuntesdesanluis.com\/#\/schema\/person\/image\/\"},\"sameAs\":[\"https:\/\/apuntesdesanluis.com\"],\"url\":\"https:\/\/apuntesdesanluis.com\/index.php\/author\/apuntesdesanluis-com\/\"}]}<\/script>\n<!-- \/ Yoast SEO plugin. -->","yoast_head_json":{"title":"UNA MUJER SE TIR\u00d3 DE LA PASARELA DESPU\u00c9S DE DISCUTIR CON SU PAREJA - Apuntes de San Luis","robots":{"index":"index","follow":"follow","max-snippet":"max-snippet:-1","max-image-preview":"max-image-preview:large","max-video-preview":"max-video-preview:-1"},"canonical":"https:\/\/apuntesdesanluis.com\/index.php\/2024\/09\/27\/una-mujer-se-tiro-de-la-pasarela-despues-de-discutir-con-su-pareja\/","og_locale":"es_ES","og_type":"article","og_title":"UNA MUJER SE TIR\u00d3 DE LA PASARELA DESPU\u00c9S DE DISCUTIR CON SU PAREJA - Apuntes de San Luis","og_description":"El hecho ocurri\u00f3 este jueves en horas de la tarde, cuando polic\u00edas del Comando Radioel\u00e9ctrico...","og_url":"https:\/\/apuntesdesanluis.com\/index.php\/2024\/09\/27\/una-mujer-se-tiro-de-la-pasarela-despues-de-discutir-con-su-pareja\/","og_site_name":"Apuntes de San Luis","article_published_time":"2024-09-28T01:13:05+00:00","og_image":[{"width":791,"height":501,"url":"https:\/\/apuntesdesanluis.com\/wp-content\/uploads\/2024\/09\/Imagen-de-WhatsApp-2024-09-27-a-las-22.01.37_ecb64939.jpg","type":"image\/jpeg"}],"author":"apuntesdesanluis.com","twitter_card":"summary_large_image","twitter_misc":{"Escrito por":"apuntesdesanluis.com","Tiempo de lectura":"2 minutos"},"schema":{"@context":"https:\/\/schema.org","@graph":[{"@type":"Article","@id":"https:\/\/apuntesdesanluis.com\/index.php\/2024\/09\/27\/una-mujer-se-tiro-de-la-pasarela-despues-de-discutir-con-su-pareja\/#article","isPartOf":{"@id":"https:\/\/apuntesdesanluis.com\/index.php\/2024\/09\/27\/una-mujer-se-tiro-de-la-pasarela-despues-de-discutir-con-su-pareja\/"},"author":{"name":"apuntesdesanluis.com","@id":"https:\/\/apuntesdesanluis.com\/#\/schema\/person\/b55151d52296fcce64d1a72538a70b90"},"headline":"UNA MUJER SE TIR\u00d3 DE LA PASARELA DESPU\u00c9S DE DISCUTIR CON SU PAREJA","datePublished":"2024-09-28T01:13:05+00:00","mainEntityOfPage":{"@id":"https:\/\/apuntesdesanluis.com\/index.php\/2024\/09\/27\/una-mujer-se-tiro-de-la-pasarela-despues-de-discutir-con-su-pareja\/"},"wordCount":264,"publisher":{"@id":"https:\/\/apuntesdesanluis.com\/#\/schema\/person\/b55151d52296fcce64d1a72538a70b90"},"image":{"@id":"https:\/\/apuntesdesanluis.com\/index.php\/2024\/09\/27\/una-mujer-se-tiro-de-la-pasarela-despues-de-discutir-con-su-pareja\/#primaryimage"},"thumbnailUrl":"https:\/\/apuntesdesanluis.com\/wp-content\/uploads\/2024\/09\/Imagen-de-WhatsApp-2024-09-27-a-las-22.01.37_ecb64939.jpg","articleSection":["Ciudad\/Provincia"],"inLanguage":"es-AR"},{"@type":"WebPage","@id":"https:\/\/apuntesdesanluis.com\/index.php\/2024\/09\/27\/una-mujer-se-tiro-de-la-pasarela-despues-de-discutir-con-su-pareja\/","url":"https:\/\/apuntesdesanluis.com\/index.php\/2024\/09\/27\/una-mujer-se-tiro-de-la-pasarela-despues-de-discutir-con-su-pareja\/","name":"UNA MUJER SE TIR\u00d3 DE LA PASARELA DESPU\u00c9S DE DISCUTIR CON SU PAREJA - Apuntes de San Luis","isPartOf":{"@id":"https:\/\/apuntesdesanluis.com\/#website"},"primaryImageOfPage":{"@id":"https:\/\/apuntesdesanluis.com\/index.php\/2024\/09\/27\/una-mujer-se-tiro-de-la-pasarela-despues-de-discutir-con-su-pareja\/#primaryimage"},"image":{"@id":"https:\/\/apuntesdesanluis.com\/index.php\/2024\/09\/27\/una-mujer-se-tiro-de-la-pasarela-despues-de-discutir-con-su-pareja\/#primaryimage"},"thumbnailUrl":"https:\/\/apuntesdesanluis.com\/wp-content\/uploads\/2024\/09\/Imagen-de-WhatsApp-2024-09-27-a-las-22.01.37_ecb64939.jpg","datePublished":"2024-09-28T01:13:05+00:00","breadcrumb":{"@id":"https:\/\/apuntesdesanluis.com\/index.php\/2024\/09\/27\/una-mujer-se-tiro-de-la-pasarela-despues-de-discutir-con-su-pareja\/#breadcrumb"},"inLanguage":"es-AR","potentialAction":[{"@type":"ReadAction","target":["https:\/\/apuntesdesanluis.com\/index.php\/2024\/09\/27\/una-mujer-se-tiro-de-la-pasarela-despues-de-discutir-con-su-pareja\/"]}]},{"@type":"ImageObject","inLanguage":"es-AR","@id":"https:\/\/apuntesdesanluis.com\/index.php\/2024\/09\/27\/una-mujer-se-tiro-de-la-pasarela-despues-de-discutir-con-su-pareja\/#primaryimage","url":"https:\/\/apuntesdesanluis.com\/wp-content\/uploads\/2024\/09\/Imagen-de-WhatsApp-2024-09-27-a-las-22.01.37_ecb64939.jpg","contentUrl":"https:\/\/apuntesdesanluis.com\/wp-content\/uploads\/2024\/09\/Imagen-de-WhatsApp-2024-09-27-a-las-22.01.37_ecb64939.jpg","width":791,"height":501},{"@type":"BreadcrumbList","@id":"https:\/\/apuntesdesanluis.com\/index.php\/2024\/09\/27\/una-mujer-se-tiro-de-la-pasarela-despues-de-discutir-con-su-pareja\/#breadcrumb","itemListElement":[{"@type":"ListItem","position":1,"name":"Inicio","item":"https:\/\/apuntesdesanluis.com\/"},{"@type":"ListItem","position":2,"name":"UNA MUJER SE TIR\u00d3 DE LA PASARELA DESPU\u00c9S DE DISCUTIR CON SU PAREJA"}]},{"@type":"WebSite","@id":"https:\/\/apuntesdesanluis.com\/#website","url":"https:\/\/apuntesdesanluis.com\/","name":"Apuntes de San Luis","description":"","publisher":{"@id":"https:\/\/apuntesdesanluis.com\/#\/schema\/person\/b55151d52296fcce64d1a72538a70b90"},"potentialAction":[{"@type":"SearchAction","target":{"@type":"EntryPoint","urlTemplate":"https:\/\/apuntesdesanluis.com\/?s={search_term_string}"},"query-input":{"@type":"PropertyValueSpecification","valueRequired":true,"valueName":"search_term_string"}}],"inLanguage":"es-AR"},{"@type":["Person","Organization"],"@id":"https:\/\/apuntesdesanluis.com\/#\/schema\/person\/b55151d52296fcce64d1a72538a70b90","name":"apuntesdesanluis.com","image":{"@type":"ImageObject","inLanguage":"es-AR","@id":"https:\/\/apuntesdesanluis.com\/#\/schema\/person\/image\/","url":"https:\/\/apuntesdesanluis.com\/wp-content\/uploads\/2023\/07\/cropped-apuntesdesanluis.png","contentUrl":"https:\/\/apuntesdesanluis.com\/wp-content\/uploads\/2023\/07\/cropped-apuntesdesanluis.png","width":450,"height":112,"caption":"apuntesdesanluis.com"},"logo":{"@id":"https:\/\/apuntesdesanluis.com\/#\/schema\/person\/image\/"},"sameAs":["https:\/\/apuntesdesanluis.com"],"url":"https:\/\/apuntesdesanluis.com\/index.php\/author\/apuntesdesanluis-com\/"}]}},"featured_image_urls":{"full":["https:\/\/apuntesdesanluis.com\/wp-content\/uploads\/2024\/09\/Imagen-de-WhatsApp-2024-09-27-a-las-22.01.37_ecb64939.jpg",791,501,false],"thumbnail":["https:\/\/apuntesdesanluis.com\/wp-content\/uploads\/2024\/09\/Imagen-de-WhatsApp-2024-09-27-a-las-22.01.37_ecb64939-150x150.jpg",150,150,true],"medium":["https:\/\/apuntesdesanluis.com\/wp-content\/uploads\/2024\/09\/Imagen-de-WhatsApp-2024-09-27-a-las-22.01.37_ecb64939-300x190.jpg",300,190,true],"medium_large":["https:\/\/apuntesdesanluis.com\/wp-content\/uploads\/2024\/09\/Imagen-de-WhatsApp-2024-09-27-a-las-22.01.37_ecb64939-768x486.jpg",640,405,true],"large":["https:\/\/apuntesdesanluis.com\/wp-content\/uploads\/2024\/09\/Imagen-de-WhatsApp-2024-09-27-a-las-22.01.37_ecb64939.jpg",640,405,false],"1536x1536":["https:\/\/apuntesdesanluis.com\/wp-content\/uploads\/2024\/09\/Imagen-de-WhatsApp-2024-09-27-a-las-22.01.37_ecb64939.jpg",791,501,false],"2048x2048":["https:\/\/apuntesdesanluis.com\/wp-content\/uploads\/2024\/09\/Imagen-de-WhatsApp-2024-09-27-a-las-22.01.37_ecb64939.jpg",791,501,false],"newsever-slider-full":["https:\/\/apuntesdesanluis.com\/wp-content\/uploads\/2024\/09\/Imagen-de-WhatsApp-2024-09-27-a-las-22.01.37_ecb64939.jpg",791,501,false],"newsever-featured":["https:\/\/apuntesdesanluis.com\/wp-content\/uploads\/2024\/09\/Imagen-de-WhatsApp-2024-09-27-a-las-22.01.37_ecb64939.jpg",791,501,false],"newsever-medium":["https:\/\/apuntesdesanluis.com\/wp-content\/uploads\/2024\/09\/Imagen-de-WhatsApp-2024-09-27-a-las-22.01.37_ecb64939-720x475.jpg",720,475,true]},"author_info":{"display_name":"apuntesdesanluis.com","author_link":"https:\/\/apuntesdesanluis.com\/index.php\/author\/apuntesdesanluis-com\/"},"category_info":"<a href=\"https:\/\/apuntesdesanluis.com\/index.php\/category\/ciudad-provincia\/\" rel=\"category tag\">Ciudad\/Provincia<\/a>","tag_info":"Ciudad\/Provincia","comment_count":"0","_links":{"self":[{"href":"https:\/\/apuntesdesanluis.com\/index.php\/wp-json\/wp\/v2\/posts\/23104","targetHints":{"allow":["GET"]}}],"collection":[{"href":"https:\/\/apuntesdesanluis.com\/index.php\/wp-json\/wp\/v2\/posts"}],"about":[{"href":"https:\/\/apuntesdesanluis.com\/index.php\/wp-json\/wp\/v2\/types\/post"}],"author":[{"embeddable":true,"href":"https:\/\/apuntesdesanluis.com\/index.php\/wp-json\/wp\/v2\/users\/1"}],"replies":[{"embeddable":true,"href":"https:\/\/apuntesdesanluis.com\/index.php\/wp-json\/wp\/v2\/comments?post=23104"}],"version-history":[{"count":1,"href":"https:\/\/apuntesdesanluis.com\/index.php\/wp-json\/wp\/v2\/posts\/23104\/revisions"}],"predecessor-version":[{"id":23107,"href":"https:\/\/apuntesdesanluis.com\/index.php\/wp-json\/wp\/v2\/posts\/23104\/revisions\/23107"}],"wp:featuredmedia":[{"embeddable":true,"href":"https:\/\/apuntesdesanluis.com\/index.php\/wp-json\/wp\/v2\/media\/23106"}],"wp:attachment":[{"href":"https:\/\/apuntesdesanluis.com\/index.php\/wp-json\/wp\/v2\/media?parent=23104"}],"wp:term":[{"taxonomy":"category","embeddable":true,"href":"https:\/\/apuntesdesanluis.com\/index.php\/wp-json\/wp\/v2\/categories?post=23104"},{"taxonomy":"post_tag","embeddable":true,"href":"https:\/\/apuntesdesanluis.com\/index.php\/wp-json\/wp\/v2\/tags?post=23104"}],"curies":[{"name":"wp","href":"https:\/\/api.w.org\/{rel}","templated":true}]}}