{"id":23108,"date":"2024-09-28T21:46:26","date_gmt":"2024-09-29T00:46:26","guid":{"rendered":"https:\/\/apuntesdesanluis.com\/?p=23108"},"modified":"2024-09-28T21:46:26","modified_gmt":"2024-09-29T00:46:26","slug":"dos-jovenes-en-terapia-intensiva-tras-volcar-en-el-ingreso-a-san-luis","status":"publish","type":"post","link":"https:\/\/apuntesdesanluis.com\/index.php\/2024\/09\/28\/dos-jovenes-en-terapia-intensiva-tras-volcar-en-el-ingreso-a-san-luis\/","title":{"rendered":"DOS J\u00d3VENES EN TERAPIA INTENSIVA TRAS VOLCAR EN EL INGRESO A SAN LUIS"},"content":{"rendered":"<h3>El accidente se produjo este s\u00e1bado a la madrugada, alrededor de las 5:00, se en la avenida Jos\u00e9 Santos Ortiz, a unos 150 metros del puente sobre calle Riobamba, en la ciudad de San Luis.<\/h3>\n<h3>En ese sector de la avenida Jos\u00e9 Santos Ortiz, un joven de 20 a\u00f1os que conduc\u00eda de oeste a este un auto Peugeot 206 -por razones que se tratan de establecer- perdi\u00f3 el control del veh\u00edculo al pasar el puente de calle Riobamba, luego impact\u00f3 contra el guardarrail del cantero central y volc\u00f3, quedando el autom\u00f3vil con las cuatro ruedas hacia arriba.<\/h3>\n<h3>El conductor iba en compa\u00f1\u00eda de otro joven de 20 a\u00f1os de edad y una joven de 19 a\u00f1os.<\/h3>\n<h3>Personal de salud acudi\u00f3 en ambulancias del Sempro al lugar del accidente, donde brindaron las primeras atenciones m\u00e9dicas a los j\u00f3venes, quienes luego fueron trasladados al Hospital Central \u201cDr. Ram\u00f3n Carrillo\u201d debido a las heridas que presentaban.<\/h3>\n<h3>De acuerdo a la informaci\u00f3n, la visibilidad y el estado de la calzada al momento del accidente eran buenas.<\/h3>\n<h3>Posteriormente, personal policial se hizo presente en la guardia del hospital, desde donde se inform\u00f3 que el conductor presentaba contusi\u00f3n pulmonar y fractura de mand\u00edbula; el otro joven de 20 a\u00f1os presentaba fractura de cr\u00e1neo y ambos fueron derivados a terapia intensiva; mientras que la joven de 19 a\u00f1os presentaba algunos golpes y escoriaciaciones en su cuerpo, y posteriormente fue dada de alta.<\/h3>\n<p>&nbsp;<\/p>\n<p>&nbsp;<\/p>\n<p>&nbsp;<\/p>\n<p>&nbsp;<\/p>\n<p>&nbsp;<\/p>\n<p>&nbsp;<\/p>\n","protected":false},"excerpt":{"rendered":"<p>El accidente se produjo este s\u00e1bado a la madrugada, alrededor de las 5:00, se en&#8230;<\/p>\n","protected":false},"author":1,"featured_media":23109,"comment_status":"closed","ping_status":"closed","sticky":false,"template":"","format":"standard","meta":{"footnotes":""},"categories":[6],"tags":[],"class_list":["post-23108","post","type-post","status-publish","format-standard","has-post-thumbnail","hentry","category-ciudad-provincia"],"yoast_head":"<!-- This site is optimized with the Yoast SEO plugin v26.1.1 - https:\/\/yoast.com\/wordpress\/plugins\/seo\/ -->\n<title>DOS J\u00d3VENES EN TERAPIA INTENSIVA TRAS VOLCAR EN EL INGRESO A SAN LUIS - Apuntes de San Luis<\/title>\n<meta name=\"robots\" content=\"index, follow, max-snippet:-1, max-image-preview:large, max-video-preview:-1\" \/>\n<link rel=\"canonical\" href=\"https:\/\/apuntesdesanluis.com\/index.php\/2024\/09\/28\/dos-jovenes-en-terapia-intensiva-tras-volcar-en-el-ingreso-a-san-luis\/\" \/>\n<meta property=\"og:locale\" content=\"es_ES\" \/>\n<meta property=\"og:type\" content=\"article\" \/>\n<meta property=\"og:title\" content=\"DOS J\u00d3VENES EN TERAPIA INTENSIVA TRAS VOLCAR EN EL INGRESO A SAN LUIS - Apuntes de San Luis\" \/>\n<meta property=\"og:description\" content=\"El accidente se produjo este s\u00e1bado a la madrugada, alrededor de las 5:00, se en...\" \/>\n<meta property=\"og:url\" content=\"https:\/\/apuntesdesanluis.com\/index.php\/2024\/09\/28\/dos-jovenes-en-terapia-intensiva-tras-volcar-en-el-ingreso-a-san-luis\/\" \/>\n<meta property=\"og:site_name\" content=\"Apuntes de San Luis\" \/>\n<meta property=\"article:published_time\" content=\"2024-09-29T00:46:26+00:00\" \/>\n<meta property=\"og:image\" content=\"https:\/\/apuntesdesanluis.com\/wp-content\/uploads\/2024\/09\/4bf54c68-2cb5-419a-b8e3-4d7769244f3b.jpg\" \/>\n\t<meta property=\"og:image:width\" content=\"700\" \/>\n\t<meta property=\"og:image:height\" content=\"482\" \/>\n\t<meta property=\"og:image:type\" content=\"image\/jpeg\" \/>\n<meta name=\"author\" content=\"apuntesdesanluis.com\" \/>\n<meta name=\"twitter:card\" content=\"summary_large_image\" \/>\n<meta name=\"twitter:label1\" content=\"Escrito por\" \/>\n\t<meta name=\"twitter:data1\" content=\"apuntesdesanluis.com\" \/>\n\t<meta name=\"twitter:label2\" content=\"Tiempo de lectura\" \/>\n\t<meta name=\"twitter:data2\" content=\"2 minutos\" \/>\n<script type=\"application\/ld+json\" class=\"yoast-schema-graph\">{\"@context\":\"https:\/\/schema.org\",\"@graph\":[{\"@type\":\"Article\",\"@id\":\"https:\/\/apuntesdesanluis.com\/index.php\/2024\/09\/28\/dos-jovenes-en-terapia-intensiva-tras-volcar-en-el-ingreso-a-san-luis\/#article\",\"isPartOf\":{\"@id\":\"https:\/\/apuntesdesanluis.com\/index.php\/2024\/09\/28\/dos-jovenes-en-terapia-intensiva-tras-volcar-en-el-ingreso-a-san-luis\/\"},\"author\":{\"name\":\"apuntesdesanluis.com\",\"@id\":\"https:\/\/apuntesdesanluis.com\/#\/schema\/person\/b55151d52296fcce64d1a72538a70b90\"},\"headline\":\"DOS J\u00d3VENES EN TERAPIA INTENSIVA TRAS VOLCAR EN EL INGRESO A SAN LUIS\",\"datePublished\":\"2024-09-29T00:46:26+00:00\",\"mainEntityOfPage\":{\"@id\":\"https:\/\/apuntesdesanluis.com\/index.php\/2024\/09\/28\/dos-jovenes-en-terapia-intensiva-tras-volcar-en-el-ingreso-a-san-luis\/\"},\"wordCount\":264,\"publisher\":{\"@id\":\"https:\/\/apuntesdesanluis.com\/#\/schema\/person\/b55151d52296fcce64d1a72538a70b90\"},\"image\":{\"@id\":\"https:\/\/apuntesdesanluis.com\/index.php\/2024\/09\/28\/dos-jovenes-en-terapia-intensiva-tras-volcar-en-el-ingreso-a-san-luis\/#primaryimage\"},\"thumbnailUrl\":\"https:\/\/apuntesdesanluis.com\/wp-content\/uploads\/2024\/09\/4bf54c68-2cb5-419a-b8e3-4d7769244f3b.jpg\",\"articleSection\":[\"Ciudad\/Provincia\"],\"inLanguage\":\"es-AR\"},{\"@type\":\"WebPage\",\"@id\":\"https:\/\/apuntesdesanluis.com\/index.php\/2024\/09\/28\/dos-jovenes-en-terapia-intensiva-tras-volcar-en-el-ingreso-a-san-luis\/\",\"url\":\"https:\/\/apuntesdesanluis.com\/index.php\/2024\/09\/28\/dos-jovenes-en-terapia-intensiva-tras-volcar-en-el-ingreso-a-san-luis\/\",\"name\":\"DOS J\u00d3VENES EN TERAPIA INTENSIVA TRAS VOLCAR EN EL INGRESO A SAN LUIS - Apuntes de San Luis\",\"isPartOf\":{\"@id\":\"https:\/\/apuntesdesanluis.com\/#website\"},\"primaryImageOfPage\":{\"@id\":\"https:\/\/apuntesdesanluis.com\/index.php\/2024\/09\/28\/dos-jovenes-en-terapia-intensiva-tras-volcar-en-el-ingreso-a-san-luis\/#primaryimage\"},\"image\":{\"@id\":\"https:\/\/apuntesdesanluis.com\/index.php\/2024\/09\/28\/dos-jovenes-en-terapia-intensiva-tras-volcar-en-el-ingreso-a-san-luis\/#primaryimage\"},\"thumbnailUrl\":\"https:\/\/apuntesdesanluis.com\/wp-content\/uploads\/2024\/09\/4bf54c68-2cb5-419a-b8e3-4d7769244f3b.jpg\",\"datePublished\":\"2024-09-29T00:46:26+00:00\",\"breadcrumb\":{\"@id\":\"https:\/\/apuntesdesanluis.com\/index.php\/2024\/09\/28\/dos-jovenes-en-terapia-intensiva-tras-volcar-en-el-ingreso-a-san-luis\/#breadcrumb\"},\"inLanguage\":\"es-AR\",\"potentialAction\":[{\"@type\":\"ReadAction\",\"target\":[\"https:\/\/apuntesdesanluis.com\/index.php\/2024\/09\/28\/dos-jovenes-en-terapia-intensiva-tras-volcar-en-el-ingreso-a-san-luis\/\"]}]},{\"@type\":\"ImageObject\",\"inLanguage\":\"es-AR\",\"@id\":\"https:\/\/apuntesdesanluis.com\/index.php\/2024\/09\/28\/dos-jovenes-en-terapia-intensiva-tras-volcar-en-el-ingreso-a-san-luis\/#primaryimage\",\"url\":\"https:\/\/apuntesdesanluis.com\/wp-content\/uploads\/2024\/09\/4bf54c68-2cb5-419a-b8e3-4d7769244f3b.jpg\",\"contentUrl\":\"https:\/\/apuntesdesanluis.com\/wp-content\/uploads\/2024\/09\/4bf54c68-2cb5-419a-b8e3-4d7769244f3b.jpg\",\"width\":700,\"height\":482},{\"@type\":\"BreadcrumbList\",\"@id\":\"https:\/\/apuntesdesanluis.com\/index.php\/2024\/09\/28\/dos-jovenes-en-terapia-intensiva-tras-volcar-en-el-ingreso-a-san-luis\/#breadcrumb\",\"itemListElement\":[{\"@type\":\"ListItem\",\"position\":1,\"name\":\"Inicio\",\"item\":\"https:\/\/apuntesdesanluis.com\/\"},{\"@type\":\"ListItem\",\"position\":2,\"name\":\"DOS J\u00d3VENES EN TERAPIA INTENSIVA TRAS VOLCAR EN EL INGRESO A SAN LUIS\"}]},{\"@type\":\"WebSite\",\"@id\":\"https:\/\/apuntesdesanluis.com\/#website\",\"url\":\"https:\/\/apuntesdesanluis.com\/\",\"name\":\"Apuntes de San Luis\",\"description\":\"\",\"publisher\":{\"@id\":\"https:\/\/apuntesdesanluis.com\/#\/schema\/person\/b55151d52296fcce64d1a72538a70b90\"},\"potentialAction\":[{\"@type\":\"SearchAction\",\"target\":{\"@type\":\"EntryPoint\",\"urlTemplate\":\"https:\/\/apuntesdesanluis.com\/?s={search_term_string}\"},\"query-input\":{\"@type\":\"PropertyValueSpecification\",\"valueRequired\":true,\"valueName\":\"search_term_string\"}}],\"inLanguage\":\"es-AR\"},{\"@type\":[\"Person\",\"Organization\"],\"@id\":\"https:\/\/apuntesdesanluis.com\/#\/schema\/person\/b55151d52296fcce64d1a72538a70b90\",\"name\":\"apuntesdesanluis.com\",\"image\":{\"@type\":\"ImageObject\",\"inLanguage\":\"es-AR\",\"@id\":\"https:\/\/apuntesdesanluis.com\/#\/schema\/person\/image\/\",\"url\":\"https:\/\/apuntesdesanluis.com\/wp-content\/uploads\/2023\/07\/cropped-apuntesdesanluis.png\",\"contentUrl\":\"https:\/\/apuntesdesanluis.com\/wp-content\/uploads\/2023\/07\/cropped-apuntesdesanluis.png\",\"width\":450,\"height\":112,\"caption\":\"apuntesdesanluis.com\"},\"logo\":{\"@id\":\"https:\/\/apuntesdesanluis.com\/#\/schema\/person\/image\/\"},\"sameAs\":[\"https:\/\/apuntesdesanluis.com\"],\"url\":\"https:\/\/apuntesdesanluis.com\/index.php\/author\/apuntesdesanluis-com\/\"}]}<\/script>\n<!-- \/ Yoast SEO plugin. -->","yoast_head_json":{"title":"DOS J\u00d3VENES EN TERAPIA INTENSIVA TRAS VOLCAR EN EL INGRESO A SAN LUIS - Apuntes de San Luis","robots":{"index":"index","follow":"follow","max-snippet":"max-snippet:-1","max-image-preview":"max-image-preview:large","max-video-preview":"max-video-preview:-1"},"canonical":"https:\/\/apuntesdesanluis.com\/index.php\/2024\/09\/28\/dos-jovenes-en-terapia-intensiva-tras-volcar-en-el-ingreso-a-san-luis\/","og_locale":"es_ES","og_type":"article","og_title":"DOS J\u00d3VENES EN TERAPIA INTENSIVA TRAS VOLCAR EN EL INGRESO A SAN LUIS - Apuntes de San Luis","og_description":"El accidente se produjo este s\u00e1bado a la madrugada, alrededor de las 5:00, se en...","og_url":"https:\/\/apuntesdesanluis.com\/index.php\/2024\/09\/28\/dos-jovenes-en-terapia-intensiva-tras-volcar-en-el-ingreso-a-san-luis\/","og_site_name":"Apuntes de San Luis","article_published_time":"2024-09-29T00:46:26+00:00","og_image":[{"width":700,"height":482,"url":"https:\/\/apuntesdesanluis.com\/wp-content\/uploads\/2024\/09\/4bf54c68-2cb5-419a-b8e3-4d7769244f3b.jpg","type":"image\/jpeg"}],"author":"apuntesdesanluis.com","twitter_card":"summary_large_image","twitter_misc":{"Escrito por":"apuntesdesanluis.com","Tiempo de lectura":"2 minutos"},"schema":{"@context":"https:\/\/schema.org","@graph":[{"@type":"Article","@id":"https:\/\/apuntesdesanluis.com\/index.php\/2024\/09\/28\/dos-jovenes-en-terapia-intensiva-tras-volcar-en-el-ingreso-a-san-luis\/#article","isPartOf":{"@id":"https:\/\/apuntesdesanluis.com\/index.php\/2024\/09\/28\/dos-jovenes-en-terapia-intensiva-tras-volcar-en-el-ingreso-a-san-luis\/"},"author":{"name":"apuntesdesanluis.com","@id":"https:\/\/apuntesdesanluis.com\/#\/schema\/person\/b55151d52296fcce64d1a72538a70b90"},"headline":"DOS J\u00d3VENES EN TERAPIA INTENSIVA TRAS VOLCAR EN EL INGRESO A SAN LUIS","datePublished":"2024-09-29T00:46:26+00:00","mainEntityOfPage":{"@id":"https:\/\/apuntesdesanluis.com\/index.php\/2024\/09\/28\/dos-jovenes-en-terapia-intensiva-tras-volcar-en-el-ingreso-a-san-luis\/"},"wordCount":264,"publisher":{"@id":"https:\/\/apuntesdesanluis.com\/#\/schema\/person\/b55151d52296fcce64d1a72538a70b90"},"image":{"@id":"https:\/\/apuntesdesanluis.com\/index.php\/2024\/09\/28\/dos-jovenes-en-terapia-intensiva-tras-volcar-en-el-ingreso-a-san-luis\/#primaryimage"},"thumbnailUrl":"https:\/\/apuntesdesanluis.com\/wp-content\/uploads\/2024\/09\/4bf54c68-2cb5-419a-b8e3-4d7769244f3b.jpg","articleSection":["Ciudad\/Provincia"],"inLanguage":"es-AR"},{"@type":"WebPage","@id":"https:\/\/apuntesdesanluis.com\/index.php\/2024\/09\/28\/dos-jovenes-en-terapia-intensiva-tras-volcar-en-el-ingreso-a-san-luis\/","url":"https:\/\/apuntesdesanluis.com\/index.php\/2024\/09\/28\/dos-jovenes-en-terapia-intensiva-tras-volcar-en-el-ingreso-a-san-luis\/","name":"DOS J\u00d3VENES EN TERAPIA INTENSIVA TRAS VOLCAR EN EL INGRESO A SAN LUIS - Apuntes de San Luis","isPartOf":{"@id":"https:\/\/apuntesdesanluis.com\/#website"},"primaryImageOfPage":{"@id":"https:\/\/apuntesdesanluis.com\/index.php\/2024\/09\/28\/dos-jovenes-en-terapia-intensiva-tras-volcar-en-el-ingreso-a-san-luis\/#primaryimage"},"image":{"@id":"https:\/\/apuntesdesanluis.com\/index.php\/2024\/09\/28\/dos-jovenes-en-terapia-intensiva-tras-volcar-en-el-ingreso-a-san-luis\/#primaryimage"},"thumbnailUrl":"https:\/\/apuntesdesanluis.com\/wp-content\/uploads\/2024\/09\/4bf54c68-2cb5-419a-b8e3-4d7769244f3b.jpg","datePublished":"2024-09-29T00:46:26+00:00","breadcrumb":{"@id":"https:\/\/apuntesdesanluis.com\/index.php\/2024\/09\/28\/dos-jovenes-en-terapia-intensiva-tras-volcar-en-el-ingreso-a-san-luis\/#breadcrumb"},"inLanguage":"es-AR","potentialAction":[{"@type":"ReadAction","target":["https:\/\/apuntesdesanluis.com\/index.php\/2024\/09\/28\/dos-jovenes-en-terapia-intensiva-tras-volcar-en-el-ingreso-a-san-luis\/"]}]},{"@type":"ImageObject","inLanguage":"es-AR","@id":"https:\/\/apuntesdesanluis.com\/index.php\/2024\/09\/28\/dos-jovenes-en-terapia-intensiva-tras-volcar-en-el-ingreso-a-san-luis\/#primaryimage","url":"https:\/\/apuntesdesanluis.com\/wp-content\/uploads\/2024\/09\/4bf54c68-2cb5-419a-b8e3-4d7769244f3b.jpg","contentUrl":"https:\/\/apuntesdesanluis.com\/wp-content\/uploads\/2024\/09\/4bf54c68-2cb5-419a-b8e3-4d7769244f3b.jpg","width":700,"height":482},{"@type":"BreadcrumbList","@id":"https:\/\/apuntesdesanluis.com\/index.php\/2024\/09\/28\/dos-jovenes-en-terapia-intensiva-tras-volcar-en-el-ingreso-a-san-luis\/#breadcrumb","itemListElement":[{"@type":"ListItem","position":1,"name":"Inicio","item":"https:\/\/apuntesdesanluis.com\/"},{"@type":"ListItem","position":2,"name":"DOS J\u00d3VENES EN TERAPIA INTENSIVA TRAS VOLCAR EN EL INGRESO A SAN LUIS"}]},{"@type":"WebSite","@id":"https:\/\/apuntesdesanluis.com\/#website","url":"https:\/\/apuntesdesanluis.com\/","name":"Apuntes de San Luis","description":"","publisher":{"@id":"https:\/\/apuntesdesanluis.com\/#\/schema\/person\/b55151d52296fcce64d1a72538a70b90"},"potentialAction":[{"@type":"SearchAction","target":{"@type":"EntryPoint","urlTemplate":"https:\/\/apuntesdesanluis.com\/?s={search_term_string}"},"query-input":{"@type":"PropertyValueSpecification","valueRequired":true,"valueName":"search_term_string"}}],"inLanguage":"es-AR"},{"@type":["Person","Organization"],"@id":"https:\/\/apuntesdesanluis.com\/#\/schema\/person\/b55151d52296fcce64d1a72538a70b90","name":"apuntesdesanluis.com","image":{"@type":"ImageObject","inLanguage":"es-AR","@id":"https:\/\/apuntesdesanluis.com\/#\/schema\/person\/image\/","url":"https:\/\/apuntesdesanluis.com\/wp-content\/uploads\/2023\/07\/cropped-apuntesdesanluis.png","contentUrl":"https:\/\/apuntesdesanluis.com\/wp-content\/uploads\/2023\/07\/cropped-apuntesdesanluis.png","width":450,"height":112,"caption":"apuntesdesanluis.com"},"logo":{"@id":"https:\/\/apuntesdesanluis.com\/#\/schema\/person\/image\/"},"sameAs":["https:\/\/apuntesdesanluis.com"],"url":"https:\/\/apuntesdesanluis.com\/index.php\/author\/apuntesdesanluis-com\/"}]}},"featured_image_urls":{"full":["https:\/\/apuntesdesanluis.com\/wp-content\/uploads\/2024\/09\/4bf54c68-2cb5-419a-b8e3-4d7769244f3b.jpg",700,482,false],"thumbnail":["https:\/\/apuntesdesanluis.com\/wp-content\/uploads\/2024\/09\/4bf54c68-2cb5-419a-b8e3-4d7769244f3b-150x150.jpg",150,150,true],"medium":["https:\/\/apuntesdesanluis.com\/wp-content\/uploads\/2024\/09\/4bf54c68-2cb5-419a-b8e3-4d7769244f3b-300x207.jpg",300,207,true],"medium_large":["https:\/\/apuntesdesanluis.com\/wp-content\/uploads\/2024\/09\/4bf54c68-2cb5-419a-b8e3-4d7769244f3b.jpg",640,441,false],"large":["https:\/\/apuntesdesanluis.com\/wp-content\/uploads\/2024\/09\/4bf54c68-2cb5-419a-b8e3-4d7769244f3b.jpg",640,441,false],"1536x1536":["https:\/\/apuntesdesanluis.com\/wp-content\/uploads\/2024\/09\/4bf54c68-2cb5-419a-b8e3-4d7769244f3b.jpg",700,482,false],"2048x2048":["https:\/\/apuntesdesanluis.com\/wp-content\/uploads\/2024\/09\/4bf54c68-2cb5-419a-b8e3-4d7769244f3b.jpg",700,482,false],"newsever-slider-full":["https:\/\/apuntesdesanluis.com\/wp-content\/uploads\/2024\/09\/4bf54c68-2cb5-419a-b8e3-4d7769244f3b.jpg",700,482,false],"newsever-featured":["https:\/\/apuntesdesanluis.com\/wp-content\/uploads\/2024\/09\/4bf54c68-2cb5-419a-b8e3-4d7769244f3b.jpg",700,482,false],"newsever-medium":["https:\/\/apuntesdesanluis.com\/wp-content\/uploads\/2024\/09\/4bf54c68-2cb5-419a-b8e3-4d7769244f3b-700x475.jpg",700,475,true]},"author_info":{"display_name":"apuntesdesanluis.com","author_link":"https:\/\/apuntesdesanluis.com\/index.php\/author\/apuntesdesanluis-com\/"},"category_info":"<a href=\"https:\/\/apuntesdesanluis.com\/index.php\/category\/ciudad-provincia\/\" rel=\"category tag\">Ciudad\/Provincia<\/a>","tag_info":"Ciudad\/Provincia","comment_count":"0","_links":{"self":[{"href":"https:\/\/apuntesdesanluis.com\/index.php\/wp-json\/wp\/v2\/posts\/23108","targetHints":{"allow":["GET"]}}],"collection":[{"href":"https:\/\/apuntesdesanluis.com\/index.php\/wp-json\/wp\/v2\/posts"}],"about":[{"href":"https:\/\/apuntesdesanluis.com\/index.php\/wp-json\/wp\/v2\/types\/post"}],"author":[{"embeddable":true,"href":"https:\/\/apuntesdesanluis.com\/index.php\/wp-json\/wp\/v2\/users\/1"}],"replies":[{"embeddable":true,"href":"https:\/\/apuntesdesanluis.com\/index.php\/wp-json\/wp\/v2\/comments?post=23108"}],"version-history":[{"count":1,"href":"https:\/\/apuntesdesanluis.com\/index.php\/wp-json\/wp\/v2\/posts\/23108\/revisions"}],"predecessor-version":[{"id":23110,"href":"https:\/\/apuntesdesanluis.com\/index.php\/wp-json\/wp\/v2\/posts\/23108\/revisions\/23110"}],"wp:featuredmedia":[{"embeddable":true,"href":"https:\/\/apuntesdesanluis.com\/index.php\/wp-json\/wp\/v2\/media\/23109"}],"wp:attachment":[{"href":"https:\/\/apuntesdesanluis.com\/index.php\/wp-json\/wp\/v2\/media?parent=23108"}],"wp:term":[{"taxonomy":"category","embeddable":true,"href":"https:\/\/apuntesdesanluis.com\/index.php\/wp-json\/wp\/v2\/categories?post=23108"},{"taxonomy":"post_tag","embeddable":true,"href":"https:\/\/apuntesdesanluis.com\/index.php\/wp-json\/wp\/v2\/tags?post=23108"}],"curies":[{"name":"wp","href":"https:\/\/api.w.org\/{rel}","templated":true}]}}