{"id":23111,"date":"2024-09-29T13:11:58","date_gmt":"2024-09-29T16:11:58","guid":{"rendered":"https:\/\/apuntesdesanluis.com\/?p=23111"},"modified":"2024-09-29T13:11:58","modified_gmt":"2024-09-29T16:11:58","slug":"los-sueldos-de-estatales-estaran-acreditados-a-partir-de-las-10-de-este-lunes","status":"publish","type":"post","link":"https:\/\/apuntesdesanluis.com\/index.php\/2024\/09\/29\/los-sueldos-de-estatales-estaran-acreditados-a-partir-de-las-10-de-este-lunes\/","title":{"rendered":"LOS SUELDOS DE ESTATALES ESTAR\u00c1N ACREDITADOS A PARTIR DE LAS 10 DE ESTE LUNES"},"content":{"rendered":"<h3>El Banco Naci\u00f3n le inform\u00f3 a Tesorer\u00eda General de la Provincia que por una falla t\u00e9cnica los sueldos de los empleados p\u00fablicos se depositar\u00e1n este lunes 30 desde las 10 de la ma\u00f1ana.<\/h3>\n<h3>En un comunicado la sede bancaria inform\u00f3: \u201cEl Banco Naci\u00f3n informa a la Tesorer\u00eda General de la Provincia que por una falla t\u00e9cnica en la plataforma de pago del mismo, los HABERES DEL MES DE SETIEMBRE se ver\u00e1n reflejados el d\u00eda lunes, en las respectivas cajas de ahorro, a partir de la hora diez de la ma\u00f1ana\u201d.<\/h3>\n<h3>Los sueldos se liquidan con el aumento del 5% correspondiente al segundo tramo del incremento anunciado del 20%. En octubre tambi\u00e9n percibir\u00e1n un 5% m\u00e1s y finalmente otro 4% en noviembre, que se suma al 6% dispuesto el mes pasado.<\/h3>\n<h3>Adem\u00e1s, la Direcci\u00f3n precis\u00f3 novedades adicionales para las \u00e1reas de salud, educaci\u00f3n y seguridad.<\/h3>\n<h3>El personal de salud alcanzado por Convenio Colectivo de Trabajo 122\/75 ser\u00e1 beneficiario de una asignaci\u00f3n no remunerativa por \u00fanica vez por el D\u00eda de la Sanidad (21\/09) por un importe de $41.118,00.<\/h3>\n<h3>Para los trabajadores de educaci\u00f3n, incrementa un 4% el Complemento Remunerativo y disminuye el Complemento No Remunerativo un 4%. Esto tiene como fin mejorar la base de c\u00e1lculo de los aportes jubilatorios y de obra social, como as\u00ed tambi\u00e9n del Sueldo Anual Complementario (SAC).<\/h3>\n<h3>En el caso de Seguridad, eliminan los Adicionales No Remunerativos por Eventos (Polic\u00eda) y Dedicaci\u00f3n (penitenciaria) e incrementan en la misma proporci\u00f3n el Adicional Remunerativo por Recargo de la Polic\u00eda y Penitenciar\u00eda.<\/h3>\n<h3><strong>INCLUSI\u00d3N SOCIAL<\/strong><\/h3>\n<h3>Los beneficiarios del Plan de Inclusi\u00f3n Social percibir\u00e1n su retribuci\u00f3n el pr\u00f3ximo mi\u00e9rcoles 9 de octubre. La novedad para quienes percib\u00edan el b\u00e1sico de $234.000, es que cuando cobren su paga, la misma ascender\u00e1 a $300.000, esto implica un incremento de $66.000 para quienes ten\u00edan la retribuci\u00f3n m\u00e1s baja.<\/h3>\n<p>&nbsp;<\/p>\n<p>&nbsp;<\/p>\n<p>&nbsp;<\/p>\n<p>&nbsp;<\/p>\n<p>&nbsp;<\/p>\n","protected":false},"excerpt":{"rendered":"<p>El Banco Naci\u00f3n le inform\u00f3 a Tesorer\u00eda General de la Provincia que por una falla&#8230;<\/p>\n","protected":false},"author":1,"featured_media":23112,"comment_status":"closed","ping_status":"closed","sticky":false,"template":"","format":"standard","meta":{"footnotes":""},"categories":[6],"tags":[],"class_list":["post-23111","post","type-post","status-publish","format-standard","has-post-thumbnail","hentry","category-ciudad-provincia"],"yoast_head":"<!-- This site is optimized with the Yoast SEO plugin v26.1.1 - https:\/\/yoast.com\/wordpress\/plugins\/seo\/ -->\n<title>LOS SUELDOS DE ESTATALES ESTAR\u00c1N ACREDITADOS A PARTIR DE LAS 10 DE ESTE LUNES - Apuntes de San Luis<\/title>\n<meta name=\"robots\" content=\"index, follow, max-snippet:-1, max-image-preview:large, max-video-preview:-1\" \/>\n<link rel=\"canonical\" href=\"https:\/\/apuntesdesanluis.com\/index.php\/2024\/09\/29\/los-sueldos-de-estatales-estaran-acreditados-a-partir-de-las-10-de-este-lunes\/\" \/>\n<meta property=\"og:locale\" content=\"es_ES\" \/>\n<meta property=\"og:type\" content=\"article\" \/>\n<meta property=\"og:title\" content=\"LOS SUELDOS DE ESTATALES ESTAR\u00c1N ACREDITADOS A PARTIR DE LAS 10 DE ESTE LUNES - Apuntes de San Luis\" \/>\n<meta property=\"og:description\" content=\"El Banco Naci\u00f3n le inform\u00f3 a Tesorer\u00eda General de la Provincia que por una falla...\" \/>\n<meta property=\"og:url\" content=\"https:\/\/apuntesdesanluis.com\/index.php\/2024\/09\/29\/los-sueldos-de-estatales-estaran-acreditados-a-partir-de-las-10-de-este-lunes\/\" \/>\n<meta property=\"og:site_name\" content=\"Apuntes de San Luis\" \/>\n<meta property=\"article:published_time\" content=\"2024-09-29T16:11:58+00:00\" \/>\n<meta property=\"og:image\" content=\"https:\/\/apuntesdesanluis.com\/wp-content\/uploads\/2024\/09\/empleados-publicos.png\" \/>\n\t<meta property=\"og:image:width\" content=\"662\" \/>\n\t<meta property=\"og:image:height\" content=\"407\" \/>\n\t<meta property=\"og:image:type\" content=\"image\/png\" \/>\n<meta name=\"author\" content=\"apuntesdesanluis.com\" \/>\n<meta name=\"twitter:card\" content=\"summary_large_image\" \/>\n<meta name=\"twitter:label1\" content=\"Escrito por\" \/>\n\t<meta name=\"twitter:data1\" content=\"apuntesdesanluis.com\" \/>\n\t<meta name=\"twitter:label2\" content=\"Tiempo de lectura\" \/>\n\t<meta name=\"twitter:data2\" content=\"2 minutos\" \/>\n<script type=\"application\/ld+json\" class=\"yoast-schema-graph\">{\"@context\":\"https:\/\/schema.org\",\"@graph\":[{\"@type\":\"Article\",\"@id\":\"https:\/\/apuntesdesanluis.com\/index.php\/2024\/09\/29\/los-sueldos-de-estatales-estaran-acreditados-a-partir-de-las-10-de-este-lunes\/#article\",\"isPartOf\":{\"@id\":\"https:\/\/apuntesdesanluis.com\/index.php\/2024\/09\/29\/los-sueldos-de-estatales-estaran-acreditados-a-partir-de-las-10-de-este-lunes\/\"},\"author\":{\"name\":\"apuntesdesanluis.com\",\"@id\":\"https:\/\/apuntesdesanluis.com\/#\/schema\/person\/b55151d52296fcce64d1a72538a70b90\"},\"headline\":\"LOS SUELDOS DE ESTATALES ESTAR\u00c1N ACREDITADOS A PARTIR DE LAS 10 DE ESTE LUNES\",\"datePublished\":\"2024-09-29T16:11:58+00:00\",\"mainEntityOfPage\":{\"@id\":\"https:\/\/apuntesdesanluis.com\/index.php\/2024\/09\/29\/los-sueldos-de-estatales-estaran-acreditados-a-partir-de-las-10-de-este-lunes\/\"},\"wordCount\":346,\"publisher\":{\"@id\":\"https:\/\/apuntesdesanluis.com\/#\/schema\/person\/b55151d52296fcce64d1a72538a70b90\"},\"image\":{\"@id\":\"https:\/\/apuntesdesanluis.com\/index.php\/2024\/09\/29\/los-sueldos-de-estatales-estaran-acreditados-a-partir-de-las-10-de-este-lunes\/#primaryimage\"},\"thumbnailUrl\":\"https:\/\/apuntesdesanluis.com\/wp-content\/uploads\/2024\/09\/empleados-publicos.png\",\"articleSection\":[\"Ciudad\/Provincia\"],\"inLanguage\":\"es-AR\"},{\"@type\":\"WebPage\",\"@id\":\"https:\/\/apuntesdesanluis.com\/index.php\/2024\/09\/29\/los-sueldos-de-estatales-estaran-acreditados-a-partir-de-las-10-de-este-lunes\/\",\"url\":\"https:\/\/apuntesdesanluis.com\/index.php\/2024\/09\/29\/los-sueldos-de-estatales-estaran-acreditados-a-partir-de-las-10-de-este-lunes\/\",\"name\":\"LOS SUELDOS DE ESTATALES ESTAR\u00c1N ACREDITADOS A PARTIR DE LAS 10 DE ESTE LUNES - Apuntes de San Luis\",\"isPartOf\":{\"@id\":\"https:\/\/apuntesdesanluis.com\/#website\"},\"primaryImageOfPage\":{\"@id\":\"https:\/\/apuntesdesanluis.com\/index.php\/2024\/09\/29\/los-sueldos-de-estatales-estaran-acreditados-a-partir-de-las-10-de-este-lunes\/#primaryimage\"},\"image\":{\"@id\":\"https:\/\/apuntesdesanluis.com\/index.php\/2024\/09\/29\/los-sueldos-de-estatales-estaran-acreditados-a-partir-de-las-10-de-este-lunes\/#primaryimage\"},\"thumbnailUrl\":\"https:\/\/apuntesdesanluis.com\/wp-content\/uploads\/2024\/09\/empleados-publicos.png\",\"datePublished\":\"2024-09-29T16:11:58+00:00\",\"breadcrumb\":{\"@id\":\"https:\/\/apuntesdesanluis.com\/index.php\/2024\/09\/29\/los-sueldos-de-estatales-estaran-acreditados-a-partir-de-las-10-de-este-lunes\/#breadcrumb\"},\"inLanguage\":\"es-AR\",\"potentialAction\":[{\"@type\":\"ReadAction\",\"target\":[\"https:\/\/apuntesdesanluis.com\/index.php\/2024\/09\/29\/los-sueldos-de-estatales-estaran-acreditados-a-partir-de-las-10-de-este-lunes\/\"]}]},{\"@type\":\"ImageObject\",\"inLanguage\":\"es-AR\",\"@id\":\"https:\/\/apuntesdesanluis.com\/index.php\/2024\/09\/29\/los-sueldos-de-estatales-estaran-acreditados-a-partir-de-las-10-de-este-lunes\/#primaryimage\",\"url\":\"https:\/\/apuntesdesanluis.com\/wp-content\/uploads\/2024\/09\/empleados-publicos.png\",\"contentUrl\":\"https:\/\/apuntesdesanluis.com\/wp-content\/uploads\/2024\/09\/empleados-publicos.png\",\"width\":662,\"height\":407},{\"@type\":\"BreadcrumbList\",\"@id\":\"https:\/\/apuntesdesanluis.com\/index.php\/2024\/09\/29\/los-sueldos-de-estatales-estaran-acreditados-a-partir-de-las-10-de-este-lunes\/#breadcrumb\",\"itemListElement\":[{\"@type\":\"ListItem\",\"position\":1,\"name\":\"Inicio\",\"item\":\"https:\/\/apuntesdesanluis.com\/\"},{\"@type\":\"ListItem\",\"position\":2,\"name\":\"LOS SUELDOS DE ESTATALES ESTAR\u00c1N ACREDITADOS A PARTIR DE LAS 10 DE ESTE LUNES\"}]},{\"@type\":\"WebSite\",\"@id\":\"https:\/\/apuntesdesanluis.com\/#website\",\"url\":\"https:\/\/apuntesdesanluis.com\/\",\"name\":\"Apuntes de San Luis\",\"description\":\"\",\"publisher\":{\"@id\":\"https:\/\/apuntesdesanluis.com\/#\/schema\/person\/b55151d52296fcce64d1a72538a70b90\"},\"potentialAction\":[{\"@type\":\"SearchAction\",\"target\":{\"@type\":\"EntryPoint\",\"urlTemplate\":\"https:\/\/apuntesdesanluis.com\/?s={search_term_string}\"},\"query-input\":{\"@type\":\"PropertyValueSpecification\",\"valueRequired\":true,\"valueName\":\"search_term_string\"}}],\"inLanguage\":\"es-AR\"},{\"@type\":[\"Person\",\"Organization\"],\"@id\":\"https:\/\/apuntesdesanluis.com\/#\/schema\/person\/b55151d52296fcce64d1a72538a70b90\",\"name\":\"apuntesdesanluis.com\",\"image\":{\"@type\":\"ImageObject\",\"inLanguage\":\"es-AR\",\"@id\":\"https:\/\/apuntesdesanluis.com\/#\/schema\/person\/image\/\",\"url\":\"https:\/\/apuntesdesanluis.com\/wp-content\/uploads\/2023\/07\/cropped-apuntesdesanluis.png\",\"contentUrl\":\"https:\/\/apuntesdesanluis.com\/wp-content\/uploads\/2023\/07\/cropped-apuntesdesanluis.png\",\"width\":450,\"height\":112,\"caption\":\"apuntesdesanluis.com\"},\"logo\":{\"@id\":\"https:\/\/apuntesdesanluis.com\/#\/schema\/person\/image\/\"},\"sameAs\":[\"https:\/\/apuntesdesanluis.com\"],\"url\":\"https:\/\/apuntesdesanluis.com\/index.php\/author\/apuntesdesanluis-com\/\"}]}<\/script>\n<!-- \/ Yoast SEO plugin. -->","yoast_head_json":{"title":"LOS SUELDOS DE ESTATALES ESTAR\u00c1N ACREDITADOS A PARTIR DE LAS 10 DE ESTE LUNES - Apuntes de San Luis","robots":{"index":"index","follow":"follow","max-snippet":"max-snippet:-1","max-image-preview":"max-image-preview:large","max-video-preview":"max-video-preview:-1"},"canonical":"https:\/\/apuntesdesanluis.com\/index.php\/2024\/09\/29\/los-sueldos-de-estatales-estaran-acreditados-a-partir-de-las-10-de-este-lunes\/","og_locale":"es_ES","og_type":"article","og_title":"LOS SUELDOS DE ESTATALES ESTAR\u00c1N ACREDITADOS A PARTIR DE LAS 10 DE ESTE LUNES - Apuntes de San Luis","og_description":"El Banco Naci\u00f3n le inform\u00f3 a Tesorer\u00eda General de la Provincia que por una falla...","og_url":"https:\/\/apuntesdesanluis.com\/index.php\/2024\/09\/29\/los-sueldos-de-estatales-estaran-acreditados-a-partir-de-las-10-de-este-lunes\/","og_site_name":"Apuntes de San Luis","article_published_time":"2024-09-29T16:11:58+00:00","og_image":[{"width":662,"height":407,"url":"https:\/\/apuntesdesanluis.com\/wp-content\/uploads\/2024\/09\/empleados-publicos.png","type":"image\/png"}],"author":"apuntesdesanluis.com","twitter_card":"summary_large_image","twitter_misc":{"Escrito por":"apuntesdesanluis.com","Tiempo de lectura":"2 minutos"},"schema":{"@context":"https:\/\/schema.org","@graph":[{"@type":"Article","@id":"https:\/\/apuntesdesanluis.com\/index.php\/2024\/09\/29\/los-sueldos-de-estatales-estaran-acreditados-a-partir-de-las-10-de-este-lunes\/#article","isPartOf":{"@id":"https:\/\/apuntesdesanluis.com\/index.php\/2024\/09\/29\/los-sueldos-de-estatales-estaran-acreditados-a-partir-de-las-10-de-este-lunes\/"},"author":{"name":"apuntesdesanluis.com","@id":"https:\/\/apuntesdesanluis.com\/#\/schema\/person\/b55151d52296fcce64d1a72538a70b90"},"headline":"LOS SUELDOS DE ESTATALES ESTAR\u00c1N ACREDITADOS A PARTIR DE LAS 10 DE ESTE LUNES","datePublished":"2024-09-29T16:11:58+00:00","mainEntityOfPage":{"@id":"https:\/\/apuntesdesanluis.com\/index.php\/2024\/09\/29\/los-sueldos-de-estatales-estaran-acreditados-a-partir-de-las-10-de-este-lunes\/"},"wordCount":346,"publisher":{"@id":"https:\/\/apuntesdesanluis.com\/#\/schema\/person\/b55151d52296fcce64d1a72538a70b90"},"image":{"@id":"https:\/\/apuntesdesanluis.com\/index.php\/2024\/09\/29\/los-sueldos-de-estatales-estaran-acreditados-a-partir-de-las-10-de-este-lunes\/#primaryimage"},"thumbnailUrl":"https:\/\/apuntesdesanluis.com\/wp-content\/uploads\/2024\/09\/empleados-publicos.png","articleSection":["Ciudad\/Provincia"],"inLanguage":"es-AR"},{"@type":"WebPage","@id":"https:\/\/apuntesdesanluis.com\/index.php\/2024\/09\/29\/los-sueldos-de-estatales-estaran-acreditados-a-partir-de-las-10-de-este-lunes\/","url":"https:\/\/apuntesdesanluis.com\/index.php\/2024\/09\/29\/los-sueldos-de-estatales-estaran-acreditados-a-partir-de-las-10-de-este-lunes\/","name":"LOS SUELDOS DE ESTATALES ESTAR\u00c1N ACREDITADOS A PARTIR DE LAS 10 DE ESTE LUNES - Apuntes de San Luis","isPartOf":{"@id":"https:\/\/apuntesdesanluis.com\/#website"},"primaryImageOfPage":{"@id":"https:\/\/apuntesdesanluis.com\/index.php\/2024\/09\/29\/los-sueldos-de-estatales-estaran-acreditados-a-partir-de-las-10-de-este-lunes\/#primaryimage"},"image":{"@id":"https:\/\/apuntesdesanluis.com\/index.php\/2024\/09\/29\/los-sueldos-de-estatales-estaran-acreditados-a-partir-de-las-10-de-este-lunes\/#primaryimage"},"thumbnailUrl":"https:\/\/apuntesdesanluis.com\/wp-content\/uploads\/2024\/09\/empleados-publicos.png","datePublished":"2024-09-29T16:11:58+00:00","breadcrumb":{"@id":"https:\/\/apuntesdesanluis.com\/index.php\/2024\/09\/29\/los-sueldos-de-estatales-estaran-acreditados-a-partir-de-las-10-de-este-lunes\/#breadcrumb"},"inLanguage":"es-AR","potentialAction":[{"@type":"ReadAction","target":["https:\/\/apuntesdesanluis.com\/index.php\/2024\/09\/29\/los-sueldos-de-estatales-estaran-acreditados-a-partir-de-las-10-de-este-lunes\/"]}]},{"@type":"ImageObject","inLanguage":"es-AR","@id":"https:\/\/apuntesdesanluis.com\/index.php\/2024\/09\/29\/los-sueldos-de-estatales-estaran-acreditados-a-partir-de-las-10-de-este-lunes\/#primaryimage","url":"https:\/\/apuntesdesanluis.com\/wp-content\/uploads\/2024\/09\/empleados-publicos.png","contentUrl":"https:\/\/apuntesdesanluis.com\/wp-content\/uploads\/2024\/09\/empleados-publicos.png","width":662,"height":407},{"@type":"BreadcrumbList","@id":"https:\/\/apuntesdesanluis.com\/index.php\/2024\/09\/29\/los-sueldos-de-estatales-estaran-acreditados-a-partir-de-las-10-de-este-lunes\/#breadcrumb","itemListElement":[{"@type":"ListItem","position":1,"name":"Inicio","item":"https:\/\/apuntesdesanluis.com\/"},{"@type":"ListItem","position":2,"name":"LOS SUELDOS DE ESTATALES ESTAR\u00c1N ACREDITADOS A PARTIR DE LAS 10 DE ESTE LUNES"}]},{"@type":"WebSite","@id":"https:\/\/apuntesdesanluis.com\/#website","url":"https:\/\/apuntesdesanluis.com\/","name":"Apuntes de San Luis","description":"","publisher":{"@id":"https:\/\/apuntesdesanluis.com\/#\/schema\/person\/b55151d52296fcce64d1a72538a70b90"},"potentialAction":[{"@type":"SearchAction","target":{"@type":"EntryPoint","urlTemplate":"https:\/\/apuntesdesanluis.com\/?s={search_term_string}"},"query-input":{"@type":"PropertyValueSpecification","valueRequired":true,"valueName":"search_term_string"}}],"inLanguage":"es-AR"},{"@type":["Person","Organization"],"@id":"https:\/\/apuntesdesanluis.com\/#\/schema\/person\/b55151d52296fcce64d1a72538a70b90","name":"apuntesdesanluis.com","image":{"@type":"ImageObject","inLanguage":"es-AR","@id":"https:\/\/apuntesdesanluis.com\/#\/schema\/person\/image\/","url":"https:\/\/apuntesdesanluis.com\/wp-content\/uploads\/2023\/07\/cropped-apuntesdesanluis.png","contentUrl":"https:\/\/apuntesdesanluis.com\/wp-content\/uploads\/2023\/07\/cropped-apuntesdesanluis.png","width":450,"height":112,"caption":"apuntesdesanluis.com"},"logo":{"@id":"https:\/\/apuntesdesanluis.com\/#\/schema\/person\/image\/"},"sameAs":["https:\/\/apuntesdesanluis.com"],"url":"https:\/\/apuntesdesanluis.com\/index.php\/author\/apuntesdesanluis-com\/"}]}},"featured_image_urls":{"full":["https:\/\/apuntesdesanluis.com\/wp-content\/uploads\/2024\/09\/empleados-publicos.png",662,407,false],"thumbnail":["https:\/\/apuntesdesanluis.com\/wp-content\/uploads\/2024\/09\/empleados-publicos-150x150.png",150,150,true],"medium":["https:\/\/apuntesdesanluis.com\/wp-content\/uploads\/2024\/09\/empleados-publicos-300x184.png",300,184,true],"medium_large":["https:\/\/apuntesdesanluis.com\/wp-content\/uploads\/2024\/09\/empleados-publicos.png",640,393,false],"large":["https:\/\/apuntesdesanluis.com\/wp-content\/uploads\/2024\/09\/empleados-publicos.png",640,393,false],"1536x1536":["https:\/\/apuntesdesanluis.com\/wp-content\/uploads\/2024\/09\/empleados-publicos.png",662,407,false],"2048x2048":["https:\/\/apuntesdesanluis.com\/wp-content\/uploads\/2024\/09\/empleados-publicos.png",662,407,false],"newsever-slider-full":["https:\/\/apuntesdesanluis.com\/wp-content\/uploads\/2024\/09\/empleados-publicos.png",662,407,false],"newsever-featured":["https:\/\/apuntesdesanluis.com\/wp-content\/uploads\/2024\/09\/empleados-publicos.png",662,407,false],"newsever-medium":["https:\/\/apuntesdesanluis.com\/wp-content\/uploads\/2024\/09\/empleados-publicos.png",662,407,false]},"author_info":{"display_name":"apuntesdesanluis.com","author_link":"https:\/\/apuntesdesanluis.com\/index.php\/author\/apuntesdesanluis-com\/"},"category_info":"<a href=\"https:\/\/apuntesdesanluis.com\/index.php\/category\/ciudad-provincia\/\" rel=\"category tag\">Ciudad\/Provincia<\/a>","tag_info":"Ciudad\/Provincia","comment_count":"0","_links":{"self":[{"href":"https:\/\/apuntesdesanluis.com\/index.php\/wp-json\/wp\/v2\/posts\/23111","targetHints":{"allow":["GET"]}}],"collection":[{"href":"https:\/\/apuntesdesanluis.com\/index.php\/wp-json\/wp\/v2\/posts"}],"about":[{"href":"https:\/\/apuntesdesanluis.com\/index.php\/wp-json\/wp\/v2\/types\/post"}],"author":[{"embeddable":true,"href":"https:\/\/apuntesdesanluis.com\/index.php\/wp-json\/wp\/v2\/users\/1"}],"replies":[{"embeddable":true,"href":"https:\/\/apuntesdesanluis.com\/index.php\/wp-json\/wp\/v2\/comments?post=23111"}],"version-history":[{"count":1,"href":"https:\/\/apuntesdesanluis.com\/index.php\/wp-json\/wp\/v2\/posts\/23111\/revisions"}],"predecessor-version":[{"id":23113,"href":"https:\/\/apuntesdesanluis.com\/index.php\/wp-json\/wp\/v2\/posts\/23111\/revisions\/23113"}],"wp:featuredmedia":[{"embeddable":true,"href":"https:\/\/apuntesdesanluis.com\/index.php\/wp-json\/wp\/v2\/media\/23112"}],"wp:attachment":[{"href":"https:\/\/apuntesdesanluis.com\/index.php\/wp-json\/wp\/v2\/media?parent=23111"}],"wp:term":[{"taxonomy":"category","embeddable":true,"href":"https:\/\/apuntesdesanluis.com\/index.php\/wp-json\/wp\/v2\/categories?post=23111"},{"taxonomy":"post_tag","embeddable":true,"href":"https:\/\/apuntesdesanluis.com\/index.php\/wp-json\/wp\/v2\/tags?post=23111"}],"curies":[{"name":"wp","href":"https:\/\/api.w.org\/{rel}","templated":true}]}}