{"id":23121,"date":"2024-09-29T20:39:53","date_gmt":"2024-09-29T23:39:53","guid":{"rendered":"https:\/\/apuntesdesanluis.com\/?p=23121"},"modified":"2024-09-30T07:34:33","modified_gmt":"2024-09-30T10:34:33","slug":"gracias-karina-no-me-ayudes-tanto","status":"publish","type":"post","link":"https:\/\/apuntesdesanluis.com\/index.php\/2024\/09\/29\/gracias-karina-no-me-ayudes-tanto\/","title":{"rendered":"GRACIAS KARINA, NO ME AYUDES TANTO"},"content":{"rendered":"<h3>Por <strong>Ignacio Fidanza *<\/strong><\/h3>\n<h3><img fetchpriority=\"high\" decoding=\"async\" class=\"wp-image-8458 aligncenter\" src=\"https:\/\/apuntesdesanluis.com\/wp-content\/uploads\/2023\/12\/fidanza-300x227.png\" alt=\"\" width=\"534\" height=\"404\" srcset=\"https:\/\/apuntesdesanluis.com\/wp-content\/uploads\/2023\/12\/fidanza-300x227.png 300w, https:\/\/apuntesdesanluis.com\/wp-content\/uploads\/2023\/12\/fidanza.png 494w\" sizes=\"(max-width: 534px) 100vw, 534px\" \/><\/h3>\n<h3>La hermana le caus\u00f3 al Presidente un ins\u00f3lito da\u00f1o: arm\u00f3 un acto para exhibir casta y debilidad.<\/h3>\n<h3>Los presidentes argentinos suelen apelar al recurso de los actos masivos para mostrar fortaleza en momentos de adversidad. Esa es la regla de Alfons\u00edn para ac\u00e1. Bueno, como en tantas otras cosas, los hermanos Milei tambi\u00e9n rompieron ese molde.<\/h3>\n<h3>Karina Milei expuso a su hermano presidente a un acto desangelado, en penumbras, con acarreados, micros rentados, lo peor del sindicalismo, amontonados en el deteriorado anfiteatro del Parque Lezama, que tiene la m\u00f3dica capacidad de 5.500 almas y ni eso pudieron completar. Un partido de tenis local en el Parque Roca convoca m\u00e1s gente, no hablemos ya de Miranda desbordando cuatro Movistar Arena -15 mil personas por show- al hilo. Pero ya lo sabemos: Est\u00e1n los que se creen famosos y los que son famosos de verdad.<\/h3>\n<p><iframe title=\"Micros para el acto de Milei\" width=\"640\" height=\"360\" src=\"https:\/\/www.youtube.com\/embed\/PRuZOmqkzDk?feature=oembed\" frameborder=\"0\" allow=\"accelerometer; autoplay; clipboard-write; encrypted-media; gyroscope; picture-in-picture; web-share\" referrerpolicy=\"strict-origin-when-cross-origin\" allowfullscreen><\/iframe><\/p>\n<h4 style=\"text-align: center;\"><em>Micros rentados, al m\u00e1s puro estilo de &#8220;la casta&#8221;.<\/em><\/h4>\n<h3>El timming no pudo ser peor: justo dos d\u00edas despu\u00e9s que se conoci\u00f3 el peor \u00edndice de pobreza desde la crisis del 2001, que confirm\u00f3 que en sus ocho meses de mandato, Milei sum\u00f3 m\u00e1s de 5 millones de pobres. Claro, fue un sinceramiento, como los precios y las tarifas, como la ca\u00edda del empleo y el cierre de pymes. O no.<\/h3>\n<h3>El punto es que en un momento tan malo, cuando todas las encuestas reflejan ca\u00eddas fuertes en la consideraci\u00f3n del gobierno y el Presidente, dar un paso tan riesgoso como un acto p\u00fablico no es tarea para amateurs. Hay que asegurar la convocatoria y trabajar muy bien la puesta y el mensaje. Nada de eso se vio. &#8220;Vino menos gente que en el 2021&#8221;, sintetiz\u00f3 crudo, un dirigente libertario que acompa\u00f1a hace rato a Milei.<\/h3>\n<h3>De lado del discurso tampoco hubo mucho para comentar. El Presidente se dedic\u00f3 a repetir sus insultos usuales, a los que ahora sum\u00f3 a los encuestadores. L\u00f3gico. Y no mucho m\u00e1s. \u00bfEntonces para qu\u00e9 el acto?<\/h3>\n<h3>Muy simple, fue la fiestita de cumplea\u00f1os de Karina Milei, como dej\u00f3 en claro en su discurso mal le\u00eddo. Se merec\u00eda un festejo por haber conseguido la habilitaci\u00f3n nacional del sello La Libertad Avanza. Se merec\u00eda su acto, su centralidad, acaso un ensayo general para la campa\u00f1a del a\u00f1o que viene. \u00bfPero para qu\u00e9 exponer a su hermano, por qu\u00e9 no hizo el acto s\u00f3lo ella?. &#8220;Porque no es querida, no convoca&#8221;, agreg\u00f3 otro dirigente libertario.<\/h3>\n<h3>Karina Milei arm\u00f3 el partido con el viejo puntero peronista Sebasti\u00e1n Pareja y los Menem. La idea de este grupo es que ella encabece la boleta de diputados nacionales por la provincia de Buenos Aires el a\u00f1o que viene, como primera etapa de su carrera presidencial. Si se parece a Pinguino o Pinguina es porque as\u00ed est\u00e1 la pol\u00edtica en la Argentina Manaos: no hay ideas nuevas.<\/h3>\n<h3>Javier Milei hasta ahora sigue diciendo que sus candidatos son Mauricio Macri en Capital y Jos\u00e9 Luis Espert en provincia. En los pr\u00f3ximos meses veremos si El Jefe es realmente El Jefe o el Presidente prevalece.<\/h3>\n<p><iframe title=\"Karina Milei leyendo en la apertura del acto de La Libertad Avanza\" width=\"640\" height=\"360\" src=\"https:\/\/www.youtube.com\/embed\/D-_XVCNUyQg?feature=oembed\" frameborder=\"0\" allow=\"accelerometer; autoplay; clipboard-write; encrypted-media; gyroscope; picture-in-picture; web-share\" referrerpolicy=\"strict-origin-when-cross-origin\" allowfullscreen><\/iframe><\/p>\n<h3><\/h3>\n<h3><span style=\"color: #3366ff;\"><strong>* Editor La Pol\u00edtica Online<\/strong><\/span><\/h3>\n<p>&nbsp;<\/p>\n<p>&nbsp;<\/p>\n<p>&nbsp;<\/p>\n","protected":false},"excerpt":{"rendered":"<p>Por Ignacio Fidanza * La hermana le caus\u00f3 al Presidente un ins\u00f3lito da\u00f1o: arm\u00f3 un&#8230;<\/p>\n","protected":false},"author":1,"featured_media":23122,"comment_status":"closed","ping_status":"closed","sticky":false,"template":"","format":"standard","meta":{"footnotes":""},"categories":[9],"tags":[],"class_list":["post-23121","post","type-post","status-publish","format-standard","has-post-thumbnail","hentry","category-opinion"],"yoast_head":"<!-- This site is optimized with the Yoast SEO plugin v26.1.1 - https:\/\/yoast.com\/wordpress\/plugins\/seo\/ -->\n<title>GRACIAS KARINA, NO ME AYUDES TANTO - Apuntes de San Luis<\/title>\n<meta name=\"robots\" content=\"index, follow, max-snippet:-1, max-image-preview:large, max-video-preview:-1\" \/>\n<link rel=\"canonical\" href=\"https:\/\/apuntesdesanluis.com\/index.php\/2024\/09\/29\/gracias-karina-no-me-ayudes-tanto\/\" \/>\n<meta property=\"og:locale\" content=\"es_ES\" \/>\n<meta property=\"og:type\" content=\"article\" \/>\n<meta property=\"og:title\" content=\"GRACIAS KARINA, NO ME AYUDES TANTO - Apuntes de San Luis\" \/>\n<meta property=\"og:description\" content=\"Por Ignacio Fidanza * La hermana le caus\u00f3 al Presidente un ins\u00f3lito da\u00f1o: arm\u00f3 un...\" \/>\n<meta property=\"og:url\" content=\"https:\/\/apuntesdesanluis.com\/index.php\/2024\/09\/29\/gracias-karina-no-me-ayudes-tanto\/\" \/>\n<meta property=\"og:site_name\" content=\"Apuntes de San Luis\" \/>\n<meta property=\"article:published_time\" content=\"2024-09-29T23:39:53+00:00\" \/>\n<meta property=\"article:modified_time\" content=\"2024-09-30T10:34:33+00:00\" \/>\n<meta property=\"og:image\" content=\"https:\/\/apuntesdesanluis.com\/wp-content\/uploads\/2024\/09\/hermanos-milei.png\" \/>\n\t<meta property=\"og:image:width\" content=\"556\" \/>\n\t<meta property=\"og:image:height\" content=\"326\" \/>\n\t<meta property=\"og:image:type\" content=\"image\/png\" \/>\n<meta name=\"author\" content=\"apuntesdesanluis.com\" \/>\n<meta name=\"twitter:card\" content=\"summary_large_image\" \/>\n<meta name=\"twitter:label1\" content=\"Escrito por\" \/>\n\t<meta name=\"twitter:data1\" content=\"apuntesdesanluis.com\" \/>\n\t<meta name=\"twitter:label2\" content=\"Tiempo de lectura\" \/>\n\t<meta name=\"twitter:data2\" content=\"3 minutos\" \/>\n<script type=\"application\/ld+json\" class=\"yoast-schema-graph\">{\"@context\":\"https:\/\/schema.org\",\"@graph\":[{\"@type\":\"Article\",\"@id\":\"https:\/\/apuntesdesanluis.com\/index.php\/2024\/09\/29\/gracias-karina-no-me-ayudes-tanto\/#article\",\"isPartOf\":{\"@id\":\"https:\/\/apuntesdesanluis.com\/index.php\/2024\/09\/29\/gracias-karina-no-me-ayudes-tanto\/\"},\"author\":{\"name\":\"apuntesdesanluis.com\",\"@id\":\"https:\/\/apuntesdesanluis.com\/#\/schema\/person\/b55151d52296fcce64d1a72538a70b90\"},\"headline\":\"GRACIAS KARINA, NO ME AYUDES TANTO\",\"datePublished\":\"2024-09-29T23:39:53+00:00\",\"dateModified\":\"2024-09-30T10:34:33+00:00\",\"mainEntityOfPage\":{\"@id\":\"https:\/\/apuntesdesanluis.com\/index.php\/2024\/09\/29\/gracias-karina-no-me-ayudes-tanto\/\"},\"wordCount\":560,\"publisher\":{\"@id\":\"https:\/\/apuntesdesanluis.com\/#\/schema\/person\/b55151d52296fcce64d1a72538a70b90\"},\"image\":{\"@id\":\"https:\/\/apuntesdesanluis.com\/index.php\/2024\/09\/29\/gracias-karina-no-me-ayudes-tanto\/#primaryimage\"},\"thumbnailUrl\":\"https:\/\/apuntesdesanluis.com\/wp-content\/uploads\/2024\/09\/hermanos-milei.png\",\"articleSection\":[\"Opini\u00f3n\"],\"inLanguage\":\"es-AR\"},{\"@type\":\"WebPage\",\"@id\":\"https:\/\/apuntesdesanluis.com\/index.php\/2024\/09\/29\/gracias-karina-no-me-ayudes-tanto\/\",\"url\":\"https:\/\/apuntesdesanluis.com\/index.php\/2024\/09\/29\/gracias-karina-no-me-ayudes-tanto\/\",\"name\":\"GRACIAS KARINA, NO ME AYUDES TANTO - Apuntes de San Luis\",\"isPartOf\":{\"@id\":\"https:\/\/apuntesdesanluis.com\/#website\"},\"primaryImageOfPage\":{\"@id\":\"https:\/\/apuntesdesanluis.com\/index.php\/2024\/09\/29\/gracias-karina-no-me-ayudes-tanto\/#primaryimage\"},\"image\":{\"@id\":\"https:\/\/apuntesdesanluis.com\/index.php\/2024\/09\/29\/gracias-karina-no-me-ayudes-tanto\/#primaryimage\"},\"thumbnailUrl\":\"https:\/\/apuntesdesanluis.com\/wp-content\/uploads\/2024\/09\/hermanos-milei.png\",\"datePublished\":\"2024-09-29T23:39:53+00:00\",\"dateModified\":\"2024-09-30T10:34:33+00:00\",\"breadcrumb\":{\"@id\":\"https:\/\/apuntesdesanluis.com\/index.php\/2024\/09\/29\/gracias-karina-no-me-ayudes-tanto\/#breadcrumb\"},\"inLanguage\":\"es-AR\",\"potentialAction\":[{\"@type\":\"ReadAction\",\"target\":[\"https:\/\/apuntesdesanluis.com\/index.php\/2024\/09\/29\/gracias-karina-no-me-ayudes-tanto\/\"]}]},{\"@type\":\"ImageObject\",\"inLanguage\":\"es-AR\",\"@id\":\"https:\/\/apuntesdesanluis.com\/index.php\/2024\/09\/29\/gracias-karina-no-me-ayudes-tanto\/#primaryimage\",\"url\":\"https:\/\/apuntesdesanluis.com\/wp-content\/uploads\/2024\/09\/hermanos-milei.png\",\"contentUrl\":\"https:\/\/apuntesdesanluis.com\/wp-content\/uploads\/2024\/09\/hermanos-milei.png\",\"width\":556,\"height\":326},{\"@type\":\"BreadcrumbList\",\"@id\":\"https:\/\/apuntesdesanluis.com\/index.php\/2024\/09\/29\/gracias-karina-no-me-ayudes-tanto\/#breadcrumb\",\"itemListElement\":[{\"@type\":\"ListItem\",\"position\":1,\"name\":\"Inicio\",\"item\":\"https:\/\/apuntesdesanluis.com\/\"},{\"@type\":\"ListItem\",\"position\":2,\"name\":\"GRACIAS KARINA, NO ME AYUDES TANTO\"}]},{\"@type\":\"WebSite\",\"@id\":\"https:\/\/apuntesdesanluis.com\/#website\",\"url\":\"https:\/\/apuntesdesanluis.com\/\",\"name\":\"Apuntes de San Luis\",\"description\":\"\",\"publisher\":{\"@id\":\"https:\/\/apuntesdesanluis.com\/#\/schema\/person\/b55151d52296fcce64d1a72538a70b90\"},\"potentialAction\":[{\"@type\":\"SearchAction\",\"target\":{\"@type\":\"EntryPoint\",\"urlTemplate\":\"https:\/\/apuntesdesanluis.com\/?s={search_term_string}\"},\"query-input\":{\"@type\":\"PropertyValueSpecification\",\"valueRequired\":true,\"valueName\":\"search_term_string\"}}],\"inLanguage\":\"es-AR\"},{\"@type\":[\"Person\",\"Organization\"],\"@id\":\"https:\/\/apuntesdesanluis.com\/#\/schema\/person\/b55151d52296fcce64d1a72538a70b90\",\"name\":\"apuntesdesanluis.com\",\"image\":{\"@type\":\"ImageObject\",\"inLanguage\":\"es-AR\",\"@id\":\"https:\/\/apuntesdesanluis.com\/#\/schema\/person\/image\/\",\"url\":\"https:\/\/apuntesdesanluis.com\/wp-content\/uploads\/2023\/07\/cropped-apuntesdesanluis.png\",\"contentUrl\":\"https:\/\/apuntesdesanluis.com\/wp-content\/uploads\/2023\/07\/cropped-apuntesdesanluis.png\",\"width\":450,\"height\":112,\"caption\":\"apuntesdesanluis.com\"},\"logo\":{\"@id\":\"https:\/\/apuntesdesanluis.com\/#\/schema\/person\/image\/\"},\"sameAs\":[\"https:\/\/apuntesdesanluis.com\"],\"url\":\"https:\/\/apuntesdesanluis.com\/index.php\/author\/apuntesdesanluis-com\/\"}]}<\/script>\n<!-- \/ Yoast SEO plugin. -->","yoast_head_json":{"title":"GRACIAS KARINA, NO ME AYUDES TANTO - Apuntes de San Luis","robots":{"index":"index","follow":"follow","max-snippet":"max-snippet:-1","max-image-preview":"max-image-preview:large","max-video-preview":"max-video-preview:-1"},"canonical":"https:\/\/apuntesdesanluis.com\/index.php\/2024\/09\/29\/gracias-karina-no-me-ayudes-tanto\/","og_locale":"es_ES","og_type":"article","og_title":"GRACIAS KARINA, NO ME AYUDES TANTO - Apuntes de San Luis","og_description":"Por Ignacio Fidanza * La hermana le caus\u00f3 al Presidente un ins\u00f3lito da\u00f1o: arm\u00f3 un...","og_url":"https:\/\/apuntesdesanluis.com\/index.php\/2024\/09\/29\/gracias-karina-no-me-ayudes-tanto\/","og_site_name":"Apuntes de San Luis","article_published_time":"2024-09-29T23:39:53+00:00","article_modified_time":"2024-09-30T10:34:33+00:00","og_image":[{"width":556,"height":326,"url":"https:\/\/apuntesdesanluis.com\/wp-content\/uploads\/2024\/09\/hermanos-milei.png","type":"image\/png"}],"author":"apuntesdesanluis.com","twitter_card":"summary_large_image","twitter_misc":{"Escrito por":"apuntesdesanluis.com","Tiempo de lectura":"3 minutos"},"schema":{"@context":"https:\/\/schema.org","@graph":[{"@type":"Article","@id":"https:\/\/apuntesdesanluis.com\/index.php\/2024\/09\/29\/gracias-karina-no-me-ayudes-tanto\/#article","isPartOf":{"@id":"https:\/\/apuntesdesanluis.com\/index.php\/2024\/09\/29\/gracias-karina-no-me-ayudes-tanto\/"},"author":{"name":"apuntesdesanluis.com","@id":"https:\/\/apuntesdesanluis.com\/#\/schema\/person\/b55151d52296fcce64d1a72538a70b90"},"headline":"GRACIAS KARINA, NO ME AYUDES TANTO","datePublished":"2024-09-29T23:39:53+00:00","dateModified":"2024-09-30T10:34:33+00:00","mainEntityOfPage":{"@id":"https:\/\/apuntesdesanluis.com\/index.php\/2024\/09\/29\/gracias-karina-no-me-ayudes-tanto\/"},"wordCount":560,"publisher":{"@id":"https:\/\/apuntesdesanluis.com\/#\/schema\/person\/b55151d52296fcce64d1a72538a70b90"},"image":{"@id":"https:\/\/apuntesdesanluis.com\/index.php\/2024\/09\/29\/gracias-karina-no-me-ayudes-tanto\/#primaryimage"},"thumbnailUrl":"https:\/\/apuntesdesanluis.com\/wp-content\/uploads\/2024\/09\/hermanos-milei.png","articleSection":["Opini\u00f3n"],"inLanguage":"es-AR"},{"@type":"WebPage","@id":"https:\/\/apuntesdesanluis.com\/index.php\/2024\/09\/29\/gracias-karina-no-me-ayudes-tanto\/","url":"https:\/\/apuntesdesanluis.com\/index.php\/2024\/09\/29\/gracias-karina-no-me-ayudes-tanto\/","name":"GRACIAS KARINA, NO ME AYUDES TANTO - Apuntes de San Luis","isPartOf":{"@id":"https:\/\/apuntesdesanluis.com\/#website"},"primaryImageOfPage":{"@id":"https:\/\/apuntesdesanluis.com\/index.php\/2024\/09\/29\/gracias-karina-no-me-ayudes-tanto\/#primaryimage"},"image":{"@id":"https:\/\/apuntesdesanluis.com\/index.php\/2024\/09\/29\/gracias-karina-no-me-ayudes-tanto\/#primaryimage"},"thumbnailUrl":"https:\/\/apuntesdesanluis.com\/wp-content\/uploads\/2024\/09\/hermanos-milei.png","datePublished":"2024-09-29T23:39:53+00:00","dateModified":"2024-09-30T10:34:33+00:00","breadcrumb":{"@id":"https:\/\/apuntesdesanluis.com\/index.php\/2024\/09\/29\/gracias-karina-no-me-ayudes-tanto\/#breadcrumb"},"inLanguage":"es-AR","potentialAction":[{"@type":"ReadAction","target":["https:\/\/apuntesdesanluis.com\/index.php\/2024\/09\/29\/gracias-karina-no-me-ayudes-tanto\/"]}]},{"@type":"ImageObject","inLanguage":"es-AR","@id":"https:\/\/apuntesdesanluis.com\/index.php\/2024\/09\/29\/gracias-karina-no-me-ayudes-tanto\/#primaryimage","url":"https:\/\/apuntesdesanluis.com\/wp-content\/uploads\/2024\/09\/hermanos-milei.png","contentUrl":"https:\/\/apuntesdesanluis.com\/wp-content\/uploads\/2024\/09\/hermanos-milei.png","width":556,"height":326},{"@type":"BreadcrumbList","@id":"https:\/\/apuntesdesanluis.com\/index.php\/2024\/09\/29\/gracias-karina-no-me-ayudes-tanto\/#breadcrumb","itemListElement":[{"@type":"ListItem","position":1,"name":"Inicio","item":"https:\/\/apuntesdesanluis.com\/"},{"@type":"ListItem","position":2,"name":"GRACIAS KARINA, NO ME AYUDES TANTO"}]},{"@type":"WebSite","@id":"https:\/\/apuntesdesanluis.com\/#website","url":"https:\/\/apuntesdesanluis.com\/","name":"Apuntes de San Luis","description":"","publisher":{"@id":"https:\/\/apuntesdesanluis.com\/#\/schema\/person\/b55151d52296fcce64d1a72538a70b90"},"potentialAction":[{"@type":"SearchAction","target":{"@type":"EntryPoint","urlTemplate":"https:\/\/apuntesdesanluis.com\/?s={search_term_string}"},"query-input":{"@type":"PropertyValueSpecification","valueRequired":true,"valueName":"search_term_string"}}],"inLanguage":"es-AR"},{"@type":["Person","Organization"],"@id":"https:\/\/apuntesdesanluis.com\/#\/schema\/person\/b55151d52296fcce64d1a72538a70b90","name":"apuntesdesanluis.com","image":{"@type":"ImageObject","inLanguage":"es-AR","@id":"https:\/\/apuntesdesanluis.com\/#\/schema\/person\/image\/","url":"https:\/\/apuntesdesanluis.com\/wp-content\/uploads\/2023\/07\/cropped-apuntesdesanluis.png","contentUrl":"https:\/\/apuntesdesanluis.com\/wp-content\/uploads\/2023\/07\/cropped-apuntesdesanluis.png","width":450,"height":112,"caption":"apuntesdesanluis.com"},"logo":{"@id":"https:\/\/apuntesdesanluis.com\/#\/schema\/person\/image\/"},"sameAs":["https:\/\/apuntesdesanluis.com"],"url":"https:\/\/apuntesdesanluis.com\/index.php\/author\/apuntesdesanluis-com\/"}]}},"featured_image_urls":{"full":["https:\/\/apuntesdesanluis.com\/wp-content\/uploads\/2024\/09\/hermanos-milei.png",556,326,false],"thumbnail":["https:\/\/apuntesdesanluis.com\/wp-content\/uploads\/2024\/09\/hermanos-milei-150x150.png",150,150,true],"medium":["https:\/\/apuntesdesanluis.com\/wp-content\/uploads\/2024\/09\/hermanos-milei-300x176.png",300,176,true],"medium_large":["https:\/\/apuntesdesanluis.com\/wp-content\/uploads\/2024\/09\/hermanos-milei.png",556,326,false],"large":["https:\/\/apuntesdesanluis.com\/wp-content\/uploads\/2024\/09\/hermanos-milei.png",556,326,false],"1536x1536":["https:\/\/apuntesdesanluis.com\/wp-content\/uploads\/2024\/09\/hermanos-milei.png",556,326,false],"2048x2048":["https:\/\/apuntesdesanluis.com\/wp-content\/uploads\/2024\/09\/hermanos-milei.png",556,326,false],"newsever-slider-full":["https:\/\/apuntesdesanluis.com\/wp-content\/uploads\/2024\/09\/hermanos-milei.png",556,326,false],"newsever-featured":["https:\/\/apuntesdesanluis.com\/wp-content\/uploads\/2024\/09\/hermanos-milei.png",556,326,false],"newsever-medium":["https:\/\/apuntesdesanluis.com\/wp-content\/uploads\/2024\/09\/hermanos-milei.png",556,326,false]},"author_info":{"display_name":"apuntesdesanluis.com","author_link":"https:\/\/apuntesdesanluis.com\/index.php\/author\/apuntesdesanluis-com\/"},"category_info":"<a href=\"https:\/\/apuntesdesanluis.com\/index.php\/category\/opinion\/\" rel=\"category tag\">Opini\u00f3n<\/a>","tag_info":"Opini\u00f3n","comment_count":"0","_links":{"self":[{"href":"https:\/\/apuntesdesanluis.com\/index.php\/wp-json\/wp\/v2\/posts\/23121","targetHints":{"allow":["GET"]}}],"collection":[{"href":"https:\/\/apuntesdesanluis.com\/index.php\/wp-json\/wp\/v2\/posts"}],"about":[{"href":"https:\/\/apuntesdesanluis.com\/index.php\/wp-json\/wp\/v2\/types\/post"}],"author":[{"embeddable":true,"href":"https:\/\/apuntesdesanluis.com\/index.php\/wp-json\/wp\/v2\/users\/1"}],"replies":[{"embeddable":true,"href":"https:\/\/apuntesdesanluis.com\/index.php\/wp-json\/wp\/v2\/comments?post=23121"}],"version-history":[{"count":3,"href":"https:\/\/apuntesdesanluis.com\/index.php\/wp-json\/wp\/v2\/posts\/23121\/revisions"}],"predecessor-version":[{"id":23132,"href":"https:\/\/apuntesdesanluis.com\/index.php\/wp-json\/wp\/v2\/posts\/23121\/revisions\/23132"}],"wp:featuredmedia":[{"embeddable":true,"href":"https:\/\/apuntesdesanluis.com\/index.php\/wp-json\/wp\/v2\/media\/23122"}],"wp:attachment":[{"href":"https:\/\/apuntesdesanluis.com\/index.php\/wp-json\/wp\/v2\/media?parent=23121"}],"wp:term":[{"taxonomy":"category","embeddable":true,"href":"https:\/\/apuntesdesanluis.com\/index.php\/wp-json\/wp\/v2\/categories?post=23121"},{"taxonomy":"post_tag","embeddable":true,"href":"https:\/\/apuntesdesanluis.com\/index.php\/wp-json\/wp\/v2\/tags?post=23121"}],"curies":[{"name":"wp","href":"https:\/\/api.w.org\/{rel}","templated":true}]}}