{"id":23133,"date":"2024-09-30T11:49:24","date_gmt":"2024-09-30T14:49:24","guid":{"rendered":"https:\/\/apuntesdesanluis.com\/?p=23133"},"modified":"2024-09-30T11:49:24","modified_gmt":"2024-09-30T14:49:24","slug":"murio-a-los-88-anos-el-cantautor-y-actor-kris-kristofferson","status":"publish","type":"post","link":"https:\/\/apuntesdesanluis.com\/index.php\/2024\/09\/30\/murio-a-los-88-anos-el-cantautor-y-actor-kris-kristofferson\/","title":{"rendered":"MURI\u00d3 A LOS 88 A\u00d1OS EL CANTAUTOR Y ACTOR KRIS KRISTOFFERSON"},"content":{"rendered":"<h3><strong>Kris Kristofferson<\/strong>, con un estilo de escritura h\u00e1bil y un carisma rudo que se convirti\u00f3 en una superestrella de la m\u00fasica country y un actor de primera l\u00ednea de Hollywood, falleci\u00f3 en su casa de Maui, Haw\u00e1i, el s\u00e1bado, seg\u00fan inform\u00f3 la portavoz de la familia, Ebie McFarland, en un correo electr\u00f3nico. Ten\u00eda 88 a\u00f1os.<\/h3>\n<h3>McFarland dijo que Kristofferson muri\u00f3 en paz, rodeado de su familia. No se indic\u00f3 la causa.<\/h3>\n<h3>A finales de los a\u00f1os 60, el nativo de Brownsville, Texas, escribi\u00f3 cl\u00e1sicos como Sunday Mornin\u2019 Comin\u2019 Down, Help Me Make it Through the Night, For the Good Times\u201dy Me and Bobby McGee. Kristofferson era cantante, pero muchas de sus canciones eran m\u00e1s conocidas por haber sido interpretadas por otros, ya fuera Ray Price cantando For the Good Times o Janis Joplin cantando a todo pulm\u00f3n Me and Bobby McGee.<\/h3>\n<h3>Kristofferson, que pod\u00eda recitar de memoria a William Blake, entreteji\u00f3 intrincadas letras de m\u00fasica folk sobre la soledad y el tierno romance en la m\u00fasica country popular. Con su pelo largo, sus pantalones acampanados y sus canciones de contracultura influenciadas por Bob Dylan, represent\u00f3 una nueva generaci\u00f3n de compositores de m\u00fasica country junto con colegas como Willie Nelson, John Prine y Tom T. Hall.<\/h3>\n<h3>\u201cNo hay mejor compositor vivo que Kris Kristofferson\u201d, dijo Nelson durante una ceremonia de entrega de premios a Kristofferson en noviembre de 2009 organizada por BMI. \u201cTodo lo que escribe es un est\u00e1ndar y todos vamos a tener que vivir con eso\u201d.<\/h3>\n<h3>Como actor, interpret\u00f3 el papel principal junto a Barbara Streisand y Ellen Burstyn, pero tambi\u00e9n ten\u00eda predilecci\u00f3n por los westerns con tiroteos y los dramas de vaqueros. Fue conocido por sus papeles en Pat Garrett y Billy the Kid y A Star Is Born (1976), que le vali\u00f3 un Globo de Oro al Mejor Actor.<\/h3>\n<h3>Fue boxeador y jugador de f\u00fatbol americano en la universidad, obtuvo un m\u00e1ster en ingl\u00e9s en el Merton College de la Universidad de Oxford, en Inglaterra, y rechaz\u00f3 un puesto de profesor en la Academia Militar de los Estados Unidos en West Point, Nueva York, para dedicarse a la composici\u00f3n de canciones en Nashville. Con la esperanza de entrar en la industria, trabaj\u00f3 como conserje a tiempo parcial en el estudio Music Row de Columbia Records en 1966, cuando Dylan grab\u00f3 temas para el influyente \u00e1lbum doble Blonde on Blonde.<\/h3>\n<h3>En ocasiones, la leyenda de Kristofferson era m\u00e1s grande que la vida real. A Cash le gustaba contar una historia, en su mayor\u00eda exagerada, de c\u00f3mo Kristofferson, un ex piloto del ej\u00e9rcito de los EEUU, aterriz\u00f3 un helic\u00f3ptero en el jard\u00edn de Cash para darle una cinta de Sunday Mornin\u2019 Comin\u2019 Down con una cerveza en una mano. A lo largo de los a\u00f1os, en entrevistas, Kristofferson dijo con todo respeto hacia Cash que, si bien aterriz\u00f3 un helic\u00f3ptero en la casa de Cash, el Hombre de Negro ni siquiera estaba en casa en ese momento, la cinta de demostraci\u00f3n era una canci\u00f3n que nadie cort\u00f3 en realidad y, sin duda, no podr\u00eda volar un helic\u00f3ptero con una cerveza en la mano.<\/h3>\n<h3>\u201cCuando todav\u00eda estaba en el ej\u00e9rcito, cuando le di la mano en el backstage del Grand Ole Opry, decid\u00ed que volver\u00eda\u201d, dijo Kristofferson. \u201cFue electrizante. Me tom\u00f3 bajo su protecci\u00f3n antes de grabar ninguna de mis canciones. Grab\u00f3 mi primer disco, que fue disco del a\u00f1o. Me puso en el escenario la primera vez\u201d.<\/h3>\n<h3>Una de sus canciones m\u00e1s grabadas, Me and Bobby McGee, fue escrita a partir de una recomendaci\u00f3n del fundador de Monument Records, Fred Foster. Foster ten\u00eda en mente un t\u00edtulo para la canci\u00f3n, Me and Bobby McKee, en honor a una secretaria que trabajaba en su edificio. Kristofferson dijo en una entrevista en la revista Performing Songwriter, que se inspir\u00f3 para escribir la letra sobre un hombre y una mujer que viajan juntos despu\u00e9s de ver la pel\u00edcula de Federico Fellini, La Strada.<\/h3>\n<h3>Joplin, que ten\u00eda una relaci\u00f3n cercana con Kristofferson, cambi\u00f3 la letra para convertir a Bobby McGee en un hombre y grab\u00f3 su versi\u00f3n pocos d\u00edas antes de morir en 1970 por una sobredosis de drogas. La grabaci\u00f3n se convirti\u00f3 en un \u00e9xito p\u00f3stumo n\u00famero uno para Joplin.<\/h3>\n<h3>Los \u00e9xitos que grab\u00f3 Kristofferson incluyen Why Me, Loving Her Was Easier (Than Anything I\u2019ll Ever Do), Watch Closely Now, Desperados Waiting for a Train, A Song I\u2019d Like to Sing y Jesus Was a Capricorn.<\/h3>\n<h3>En 1973 se cas\u00f3 con la tambi\u00e9n compositora Rita Coolidge y juntos tuvieron una exitosa carrera como d\u00fao que les vali\u00f3 dos premios Grammy. Se divorciaron en 1980.<\/h3>\n<h3><\/h3>\n<h3><\/h3>\n<h3><\/h3>\n<h3><\/h3>\n<h3><\/h3>\n<h3><\/h3>\n","protected":false},"excerpt":{"rendered":"<p>Kris Kristofferson, con un estilo de escritura h\u00e1bil y un carisma rudo que se convirti\u00f3&#8230;<\/p>\n","protected":false},"author":1,"featured_media":23134,"comment_status":"closed","ping_status":"closed","sticky":false,"template":"","format":"standard","meta":{"footnotes":""},"categories":[5],"tags":[],"class_list":["post-23133","post","type-post","status-publish","format-standard","has-post-thumbnail","hentry","category-nacionales-internacionales"],"yoast_head":"<!-- This site is optimized with the Yoast SEO plugin v26.1.1 - https:\/\/yoast.com\/wordpress\/plugins\/seo\/ -->\n<title>MURI\u00d3 A LOS 88 A\u00d1OS EL CANTAUTOR Y ACTOR KRIS KRISTOFFERSON - Apuntes de San Luis<\/title>\n<meta name=\"robots\" content=\"index, follow, max-snippet:-1, max-image-preview:large, max-video-preview:-1\" \/>\n<link rel=\"canonical\" href=\"https:\/\/apuntesdesanluis.com\/index.php\/2024\/09\/30\/murio-a-los-88-anos-el-cantautor-y-actor-kris-kristofferson\/\" \/>\n<meta property=\"og:locale\" content=\"es_ES\" \/>\n<meta property=\"og:type\" content=\"article\" \/>\n<meta property=\"og:title\" content=\"MURI\u00d3 A LOS 88 A\u00d1OS EL CANTAUTOR Y ACTOR KRIS KRISTOFFERSON - Apuntes de San Luis\" \/>\n<meta property=\"og:description\" content=\"Kris Kristofferson, con un estilo de escritura h\u00e1bil y un carisma rudo que se convirti\u00f3...\" \/>\n<meta property=\"og:url\" content=\"https:\/\/apuntesdesanluis.com\/index.php\/2024\/09\/30\/murio-a-los-88-anos-el-cantautor-y-actor-kris-kristofferson\/\" \/>\n<meta property=\"og:site_name\" content=\"Apuntes de San Luis\" \/>\n<meta property=\"article:published_time\" content=\"2024-09-30T14:49:24+00:00\" \/>\n<meta property=\"og:image\" content=\"https:\/\/apuntesdesanluis.com\/wp-content\/uploads\/2024\/09\/kris.png\" \/>\n\t<meta property=\"og:image:width\" content=\"861\" \/>\n\t<meta property=\"og:image:height\" content=\"561\" \/>\n\t<meta property=\"og:image:type\" content=\"image\/png\" \/>\n<meta name=\"author\" content=\"apuntesdesanluis.com\" \/>\n<meta name=\"twitter:card\" content=\"summary_large_image\" \/>\n<meta name=\"twitter:label1\" content=\"Escrito por\" \/>\n\t<meta name=\"twitter:data1\" content=\"apuntesdesanluis.com\" \/>\n\t<meta name=\"twitter:label2\" content=\"Tiempo de lectura\" \/>\n\t<meta name=\"twitter:data2\" content=\"4 minutos\" \/>\n<script type=\"application\/ld+json\" class=\"yoast-schema-graph\">{\"@context\":\"https:\/\/schema.org\",\"@graph\":[{\"@type\":\"Article\",\"@id\":\"https:\/\/apuntesdesanluis.com\/index.php\/2024\/09\/30\/murio-a-los-88-anos-el-cantautor-y-actor-kris-kristofferson\/#article\",\"isPartOf\":{\"@id\":\"https:\/\/apuntesdesanluis.com\/index.php\/2024\/09\/30\/murio-a-los-88-anos-el-cantautor-y-actor-kris-kristofferson\/\"},\"author\":{\"name\":\"apuntesdesanluis.com\",\"@id\":\"https:\/\/apuntesdesanluis.com\/#\/schema\/person\/b55151d52296fcce64d1a72538a70b90\"},\"headline\":\"MURI\u00d3 A LOS 88 A\u00d1OS EL CANTAUTOR Y ACTOR KRIS KRISTOFFERSON\",\"datePublished\":\"2024-09-30T14:49:24+00:00\",\"mainEntityOfPage\":{\"@id\":\"https:\/\/apuntesdesanluis.com\/index.php\/2024\/09\/30\/murio-a-los-88-anos-el-cantautor-y-actor-kris-kristofferson\/\"},\"wordCount\":827,\"publisher\":{\"@id\":\"https:\/\/apuntesdesanluis.com\/#\/schema\/person\/b55151d52296fcce64d1a72538a70b90\"},\"image\":{\"@id\":\"https:\/\/apuntesdesanluis.com\/index.php\/2024\/09\/30\/murio-a-los-88-anos-el-cantautor-y-actor-kris-kristofferson\/#primaryimage\"},\"thumbnailUrl\":\"https:\/\/apuntesdesanluis.com\/wp-content\/uploads\/2024\/09\/kris.png\",\"articleSection\":[\"Nacionales\/Internacionales\"],\"inLanguage\":\"es-AR\"},{\"@type\":\"WebPage\",\"@id\":\"https:\/\/apuntesdesanluis.com\/index.php\/2024\/09\/30\/murio-a-los-88-anos-el-cantautor-y-actor-kris-kristofferson\/\",\"url\":\"https:\/\/apuntesdesanluis.com\/index.php\/2024\/09\/30\/murio-a-los-88-anos-el-cantautor-y-actor-kris-kristofferson\/\",\"name\":\"MURI\u00d3 A LOS 88 A\u00d1OS EL CANTAUTOR Y ACTOR KRIS KRISTOFFERSON - Apuntes de San Luis\",\"isPartOf\":{\"@id\":\"https:\/\/apuntesdesanluis.com\/#website\"},\"primaryImageOfPage\":{\"@id\":\"https:\/\/apuntesdesanluis.com\/index.php\/2024\/09\/30\/murio-a-los-88-anos-el-cantautor-y-actor-kris-kristofferson\/#primaryimage\"},\"image\":{\"@id\":\"https:\/\/apuntesdesanluis.com\/index.php\/2024\/09\/30\/murio-a-los-88-anos-el-cantautor-y-actor-kris-kristofferson\/#primaryimage\"},\"thumbnailUrl\":\"https:\/\/apuntesdesanluis.com\/wp-content\/uploads\/2024\/09\/kris.png\",\"datePublished\":\"2024-09-30T14:49:24+00:00\",\"breadcrumb\":{\"@id\":\"https:\/\/apuntesdesanluis.com\/index.php\/2024\/09\/30\/murio-a-los-88-anos-el-cantautor-y-actor-kris-kristofferson\/#breadcrumb\"},\"inLanguage\":\"es-AR\",\"potentialAction\":[{\"@type\":\"ReadAction\",\"target\":[\"https:\/\/apuntesdesanluis.com\/index.php\/2024\/09\/30\/murio-a-los-88-anos-el-cantautor-y-actor-kris-kristofferson\/\"]}]},{\"@type\":\"ImageObject\",\"inLanguage\":\"es-AR\",\"@id\":\"https:\/\/apuntesdesanluis.com\/index.php\/2024\/09\/30\/murio-a-los-88-anos-el-cantautor-y-actor-kris-kristofferson\/#primaryimage\",\"url\":\"https:\/\/apuntesdesanluis.com\/wp-content\/uploads\/2024\/09\/kris.png\",\"contentUrl\":\"https:\/\/apuntesdesanluis.com\/wp-content\/uploads\/2024\/09\/kris.png\",\"width\":861,\"height\":561},{\"@type\":\"BreadcrumbList\",\"@id\":\"https:\/\/apuntesdesanluis.com\/index.php\/2024\/09\/30\/murio-a-los-88-anos-el-cantautor-y-actor-kris-kristofferson\/#breadcrumb\",\"itemListElement\":[{\"@type\":\"ListItem\",\"position\":1,\"name\":\"Inicio\",\"item\":\"https:\/\/apuntesdesanluis.com\/\"},{\"@type\":\"ListItem\",\"position\":2,\"name\":\"MURI\u00d3 A LOS 88 A\u00d1OS EL CANTAUTOR Y ACTOR KRIS KRISTOFFERSON\"}]},{\"@type\":\"WebSite\",\"@id\":\"https:\/\/apuntesdesanluis.com\/#website\",\"url\":\"https:\/\/apuntesdesanluis.com\/\",\"name\":\"Apuntes de San Luis\",\"description\":\"\",\"publisher\":{\"@id\":\"https:\/\/apuntesdesanluis.com\/#\/schema\/person\/b55151d52296fcce64d1a72538a70b90\"},\"potentialAction\":[{\"@type\":\"SearchAction\",\"target\":{\"@type\":\"EntryPoint\",\"urlTemplate\":\"https:\/\/apuntesdesanluis.com\/?s={search_term_string}\"},\"query-input\":{\"@type\":\"PropertyValueSpecification\",\"valueRequired\":true,\"valueName\":\"search_term_string\"}}],\"inLanguage\":\"es-AR\"},{\"@type\":[\"Person\",\"Organization\"],\"@id\":\"https:\/\/apuntesdesanluis.com\/#\/schema\/person\/b55151d52296fcce64d1a72538a70b90\",\"name\":\"apuntesdesanluis.com\",\"image\":{\"@type\":\"ImageObject\",\"inLanguage\":\"es-AR\",\"@id\":\"https:\/\/apuntesdesanluis.com\/#\/schema\/person\/image\/\",\"url\":\"https:\/\/apuntesdesanluis.com\/wp-content\/uploads\/2023\/07\/cropped-apuntesdesanluis.png\",\"contentUrl\":\"https:\/\/apuntesdesanluis.com\/wp-content\/uploads\/2023\/07\/cropped-apuntesdesanluis.png\",\"width\":450,\"height\":112,\"caption\":\"apuntesdesanluis.com\"},\"logo\":{\"@id\":\"https:\/\/apuntesdesanluis.com\/#\/schema\/person\/image\/\"},\"sameAs\":[\"https:\/\/apuntesdesanluis.com\"],\"url\":\"https:\/\/apuntesdesanluis.com\/index.php\/author\/apuntesdesanluis-com\/\"}]}<\/script>\n<!-- \/ Yoast SEO plugin. -->","yoast_head_json":{"title":"MURI\u00d3 A LOS 88 A\u00d1OS EL CANTAUTOR Y ACTOR KRIS KRISTOFFERSON - Apuntes de San Luis","robots":{"index":"index","follow":"follow","max-snippet":"max-snippet:-1","max-image-preview":"max-image-preview:large","max-video-preview":"max-video-preview:-1"},"canonical":"https:\/\/apuntesdesanluis.com\/index.php\/2024\/09\/30\/murio-a-los-88-anos-el-cantautor-y-actor-kris-kristofferson\/","og_locale":"es_ES","og_type":"article","og_title":"MURI\u00d3 A LOS 88 A\u00d1OS EL CANTAUTOR Y ACTOR KRIS KRISTOFFERSON - Apuntes de San Luis","og_description":"Kris Kristofferson, con un estilo de escritura h\u00e1bil y un carisma rudo que se convirti\u00f3...","og_url":"https:\/\/apuntesdesanluis.com\/index.php\/2024\/09\/30\/murio-a-los-88-anos-el-cantautor-y-actor-kris-kristofferson\/","og_site_name":"Apuntes de San Luis","article_published_time":"2024-09-30T14:49:24+00:00","og_image":[{"width":861,"height":561,"url":"https:\/\/apuntesdesanluis.com\/wp-content\/uploads\/2024\/09\/kris.png","type":"image\/png"}],"author":"apuntesdesanluis.com","twitter_card":"summary_large_image","twitter_misc":{"Escrito por":"apuntesdesanluis.com","Tiempo de lectura":"4 minutos"},"schema":{"@context":"https:\/\/schema.org","@graph":[{"@type":"Article","@id":"https:\/\/apuntesdesanluis.com\/index.php\/2024\/09\/30\/murio-a-los-88-anos-el-cantautor-y-actor-kris-kristofferson\/#article","isPartOf":{"@id":"https:\/\/apuntesdesanluis.com\/index.php\/2024\/09\/30\/murio-a-los-88-anos-el-cantautor-y-actor-kris-kristofferson\/"},"author":{"name":"apuntesdesanluis.com","@id":"https:\/\/apuntesdesanluis.com\/#\/schema\/person\/b55151d52296fcce64d1a72538a70b90"},"headline":"MURI\u00d3 A LOS 88 A\u00d1OS EL CANTAUTOR Y ACTOR KRIS KRISTOFFERSON","datePublished":"2024-09-30T14:49:24+00:00","mainEntityOfPage":{"@id":"https:\/\/apuntesdesanluis.com\/index.php\/2024\/09\/30\/murio-a-los-88-anos-el-cantautor-y-actor-kris-kristofferson\/"},"wordCount":827,"publisher":{"@id":"https:\/\/apuntesdesanluis.com\/#\/schema\/person\/b55151d52296fcce64d1a72538a70b90"},"image":{"@id":"https:\/\/apuntesdesanluis.com\/index.php\/2024\/09\/30\/murio-a-los-88-anos-el-cantautor-y-actor-kris-kristofferson\/#primaryimage"},"thumbnailUrl":"https:\/\/apuntesdesanluis.com\/wp-content\/uploads\/2024\/09\/kris.png","articleSection":["Nacionales\/Internacionales"],"inLanguage":"es-AR"},{"@type":"WebPage","@id":"https:\/\/apuntesdesanluis.com\/index.php\/2024\/09\/30\/murio-a-los-88-anos-el-cantautor-y-actor-kris-kristofferson\/","url":"https:\/\/apuntesdesanluis.com\/index.php\/2024\/09\/30\/murio-a-los-88-anos-el-cantautor-y-actor-kris-kristofferson\/","name":"MURI\u00d3 A LOS 88 A\u00d1OS EL CANTAUTOR Y ACTOR KRIS KRISTOFFERSON - Apuntes de San Luis","isPartOf":{"@id":"https:\/\/apuntesdesanluis.com\/#website"},"primaryImageOfPage":{"@id":"https:\/\/apuntesdesanluis.com\/index.php\/2024\/09\/30\/murio-a-los-88-anos-el-cantautor-y-actor-kris-kristofferson\/#primaryimage"},"image":{"@id":"https:\/\/apuntesdesanluis.com\/index.php\/2024\/09\/30\/murio-a-los-88-anos-el-cantautor-y-actor-kris-kristofferson\/#primaryimage"},"thumbnailUrl":"https:\/\/apuntesdesanluis.com\/wp-content\/uploads\/2024\/09\/kris.png","datePublished":"2024-09-30T14:49:24+00:00","breadcrumb":{"@id":"https:\/\/apuntesdesanluis.com\/index.php\/2024\/09\/30\/murio-a-los-88-anos-el-cantautor-y-actor-kris-kristofferson\/#breadcrumb"},"inLanguage":"es-AR","potentialAction":[{"@type":"ReadAction","target":["https:\/\/apuntesdesanluis.com\/index.php\/2024\/09\/30\/murio-a-los-88-anos-el-cantautor-y-actor-kris-kristofferson\/"]}]},{"@type":"ImageObject","inLanguage":"es-AR","@id":"https:\/\/apuntesdesanluis.com\/index.php\/2024\/09\/30\/murio-a-los-88-anos-el-cantautor-y-actor-kris-kristofferson\/#primaryimage","url":"https:\/\/apuntesdesanluis.com\/wp-content\/uploads\/2024\/09\/kris.png","contentUrl":"https:\/\/apuntesdesanluis.com\/wp-content\/uploads\/2024\/09\/kris.png","width":861,"height":561},{"@type":"BreadcrumbList","@id":"https:\/\/apuntesdesanluis.com\/index.php\/2024\/09\/30\/murio-a-los-88-anos-el-cantautor-y-actor-kris-kristofferson\/#breadcrumb","itemListElement":[{"@type":"ListItem","position":1,"name":"Inicio","item":"https:\/\/apuntesdesanluis.com\/"},{"@type":"ListItem","position":2,"name":"MURI\u00d3 A LOS 88 A\u00d1OS EL CANTAUTOR Y ACTOR KRIS KRISTOFFERSON"}]},{"@type":"WebSite","@id":"https:\/\/apuntesdesanluis.com\/#website","url":"https:\/\/apuntesdesanluis.com\/","name":"Apuntes de San Luis","description":"","publisher":{"@id":"https:\/\/apuntesdesanluis.com\/#\/schema\/person\/b55151d52296fcce64d1a72538a70b90"},"potentialAction":[{"@type":"SearchAction","target":{"@type":"EntryPoint","urlTemplate":"https:\/\/apuntesdesanluis.com\/?s={search_term_string}"},"query-input":{"@type":"PropertyValueSpecification","valueRequired":true,"valueName":"search_term_string"}}],"inLanguage":"es-AR"},{"@type":["Person","Organization"],"@id":"https:\/\/apuntesdesanluis.com\/#\/schema\/person\/b55151d52296fcce64d1a72538a70b90","name":"apuntesdesanluis.com","image":{"@type":"ImageObject","inLanguage":"es-AR","@id":"https:\/\/apuntesdesanluis.com\/#\/schema\/person\/image\/","url":"https:\/\/apuntesdesanluis.com\/wp-content\/uploads\/2023\/07\/cropped-apuntesdesanluis.png","contentUrl":"https:\/\/apuntesdesanluis.com\/wp-content\/uploads\/2023\/07\/cropped-apuntesdesanluis.png","width":450,"height":112,"caption":"apuntesdesanluis.com"},"logo":{"@id":"https:\/\/apuntesdesanluis.com\/#\/schema\/person\/image\/"},"sameAs":["https:\/\/apuntesdesanluis.com"],"url":"https:\/\/apuntesdesanluis.com\/index.php\/author\/apuntesdesanluis-com\/"}]}},"featured_image_urls":{"full":["https:\/\/apuntesdesanluis.com\/wp-content\/uploads\/2024\/09\/kris.png",861,561,false],"thumbnail":["https:\/\/apuntesdesanluis.com\/wp-content\/uploads\/2024\/09\/kris-150x150.png",150,150,true],"medium":["https:\/\/apuntesdesanluis.com\/wp-content\/uploads\/2024\/09\/kris-300x195.png",300,195,true],"medium_large":["https:\/\/apuntesdesanluis.com\/wp-content\/uploads\/2024\/09\/kris-768x500.png",640,417,true],"large":["https:\/\/apuntesdesanluis.com\/wp-content\/uploads\/2024\/09\/kris.png",640,417,false],"1536x1536":["https:\/\/apuntesdesanluis.com\/wp-content\/uploads\/2024\/09\/kris.png",861,561,false],"2048x2048":["https:\/\/apuntesdesanluis.com\/wp-content\/uploads\/2024\/09\/kris.png",861,561,false],"newsever-slider-full":["https:\/\/apuntesdesanluis.com\/wp-content\/uploads\/2024\/09\/kris.png",861,561,false],"newsever-featured":["https:\/\/apuntesdesanluis.com\/wp-content\/uploads\/2024\/09\/kris.png",861,561,false],"newsever-medium":["https:\/\/apuntesdesanluis.com\/wp-content\/uploads\/2024\/09\/kris-720x475.png",720,475,true]},"author_info":{"display_name":"apuntesdesanluis.com","author_link":"https:\/\/apuntesdesanluis.com\/index.php\/author\/apuntesdesanluis-com\/"},"category_info":"<a href=\"https:\/\/apuntesdesanluis.com\/index.php\/category\/nacionales-internacionales\/\" rel=\"category tag\">Nacionales\/Internacionales<\/a>","tag_info":"Nacionales\/Internacionales","comment_count":"0","_links":{"self":[{"href":"https:\/\/apuntesdesanluis.com\/index.php\/wp-json\/wp\/v2\/posts\/23133","targetHints":{"allow":["GET"]}}],"collection":[{"href":"https:\/\/apuntesdesanluis.com\/index.php\/wp-json\/wp\/v2\/posts"}],"about":[{"href":"https:\/\/apuntesdesanluis.com\/index.php\/wp-json\/wp\/v2\/types\/post"}],"author":[{"embeddable":true,"href":"https:\/\/apuntesdesanluis.com\/index.php\/wp-json\/wp\/v2\/users\/1"}],"replies":[{"embeddable":true,"href":"https:\/\/apuntesdesanluis.com\/index.php\/wp-json\/wp\/v2\/comments?post=23133"}],"version-history":[{"count":1,"href":"https:\/\/apuntesdesanluis.com\/index.php\/wp-json\/wp\/v2\/posts\/23133\/revisions"}],"predecessor-version":[{"id":23135,"href":"https:\/\/apuntesdesanluis.com\/index.php\/wp-json\/wp\/v2\/posts\/23133\/revisions\/23135"}],"wp:featuredmedia":[{"embeddable":true,"href":"https:\/\/apuntesdesanluis.com\/index.php\/wp-json\/wp\/v2\/media\/23134"}],"wp:attachment":[{"href":"https:\/\/apuntesdesanluis.com\/index.php\/wp-json\/wp\/v2\/media?parent=23133"}],"wp:term":[{"taxonomy":"category","embeddable":true,"href":"https:\/\/apuntesdesanluis.com\/index.php\/wp-json\/wp\/v2\/categories?post=23133"},{"taxonomy":"post_tag","embeddable":true,"href":"https:\/\/apuntesdesanluis.com\/index.php\/wp-json\/wp\/v2\/tags?post=23133"}],"curies":[{"name":"wp","href":"https:\/\/api.w.org\/{rel}","templated":true}]}}