{"id":23140,"date":"2024-09-29T20:09:39","date_gmt":"2024-09-29T23:09:39","guid":{"rendered":"https:\/\/apuntesdesanluis.com\/?p=23140"},"modified":"2024-09-30T19:10:56","modified_gmt":"2024-09-30T22:10:56","slug":"mandan-a-prision-por-90-dias-a-acusado-de-generar-dos-incendios-forestales","status":"publish","type":"post","link":"https:\/\/apuntesdesanluis.com\/index.php\/2024\/09\/29\/mandan-a-prision-por-90-dias-a-acusado-de-generar-dos-incendios-forestales\/","title":{"rendered":"MANDAN A PRISI\u00d3N POR 90 D\u00cdAS A ACUSADO DE GENERAR DOS INCENDIOS FORESTALES"},"content":{"rendered":"<h3>Un hombre de 33 a\u00f1os fue enviado al Servicio Penitenciario Provincial bajo prisi\u00f3n preventiva por 90 d\u00edas, luego de que la fiscal\u00eda lo acusara de ser el responsable de iniciar dos incendios en el paraje Balcarce, perteneciente a la jurisdicci\u00f3n del municipio de Cortaderas.<\/h3>\n<h3>La medida de coerci\u00f3n se orden\u00f3 el pasado viernes en el marco de la audiencia de formulaci\u00f3n de cargos.<\/h3>\n<h3>De acuerdo con la acusaci\u00f3n, el 3 y el 18 de septiembre, el acusado realiz\u00f3 quemas forestales. El \u00faltimo gener\u00f3 un incendio de gran magnitud que devast\u00f3 el bosque nativo, afect\u00f3 a la fauna local, destruy\u00f3 viviendas y provoc\u00f3 importantes da\u00f1os en \u00e1reas rurales. El combate contra las llamas se prolong\u00f3 durante un d\u00eda completo.<\/h3>\n<h3>Durante la audiencia, la fiscal\u00eda solicit\u00f3 una prisi\u00f3n preventiva de tres meses con el objetivo de reunir m\u00e1s pruebas, formalizar la acusaci\u00f3n y solicitar la elevaci\u00f3n de la causa a juicio. El juez de Garant\u00eda, Jorge Pinto, otorg\u00f3 dicha medida, argumentando que exist\u00edan fundamentos suficientes.<\/h3>\n<h3>Entre los motivos se destac\u00f3 que el imputado, oriundo de R\u00edo Cuarto, no cuenta con arraigo en la zona y est\u00e1 acusado de los delitos de \u201cincendio doloso\u201d y \u201cestrago\u201d.<\/h3>\n<p>&nbsp;<\/p>\n<p>&nbsp;<\/p>\n<p>&nbsp;<\/p>\n","protected":false},"excerpt":{"rendered":"<p>Un hombre de 33 a\u00f1os fue enviado al Servicio Penitenciario Provincial bajo prisi\u00f3n preventiva por&#8230;<\/p>\n","protected":false},"author":1,"featured_media":22617,"comment_status":"closed","ping_status":"closed","sticky":false,"template":"","format":"standard","meta":{"footnotes":""},"categories":[6],"tags":[],"class_list":["post-23140","post","type-post","status-publish","format-standard","has-post-thumbnail","hentry","category-ciudad-provincia"],"yoast_head":"<!-- This site is optimized with the Yoast SEO plugin v26.1.1 - https:\/\/yoast.com\/wordpress\/plugins\/seo\/ -->\n<title>MANDAN A PRISI\u00d3N POR 90 D\u00cdAS A ACUSADO DE GENERAR DOS INCENDIOS FORESTALES - Apuntes de San Luis<\/title>\n<meta name=\"robots\" content=\"index, follow, max-snippet:-1, max-image-preview:large, max-video-preview:-1\" \/>\n<link rel=\"canonical\" href=\"https:\/\/apuntesdesanluis.com\/index.php\/2024\/09\/29\/mandan-a-prision-por-90-dias-a-acusado-de-generar-dos-incendios-forestales\/\" \/>\n<meta property=\"og:locale\" content=\"es_ES\" \/>\n<meta property=\"og:type\" content=\"article\" \/>\n<meta property=\"og:title\" content=\"MANDAN A PRISI\u00d3N POR 90 D\u00cdAS A ACUSADO DE GENERAR DOS INCENDIOS FORESTALES - Apuntes de San Luis\" \/>\n<meta property=\"og:description\" content=\"Un hombre de 33 a\u00f1os fue enviado al Servicio Penitenciario Provincial bajo prisi\u00f3n preventiva por...\" \/>\n<meta property=\"og:url\" content=\"https:\/\/apuntesdesanluis.com\/index.php\/2024\/09\/29\/mandan-a-prision-por-90-dias-a-acusado-de-generar-dos-incendios-forestales\/\" \/>\n<meta property=\"og:site_name\" content=\"Apuntes de San Luis\" \/>\n<meta property=\"article:published_time\" content=\"2024-09-29T23:09:39+00:00\" \/>\n<meta property=\"article:modified_time\" content=\"2024-09-30T22:10:56+00:00\" \/>\n<meta property=\"og:image\" content=\"https:\/\/apuntesdesanluis.com\/wp-content\/uploads\/2024\/09\/incendio-1.png\" \/>\n\t<meta property=\"og:image:width\" content=\"700\" \/>\n\t<meta property=\"og:image:height\" content=\"412\" \/>\n\t<meta property=\"og:image:type\" content=\"image\/png\" \/>\n<meta name=\"author\" content=\"apuntesdesanluis.com\" \/>\n<meta name=\"twitter:card\" content=\"summary_large_image\" \/>\n<meta name=\"twitter:label1\" content=\"Escrito por\" \/>\n\t<meta name=\"twitter:data1\" content=\"apuntesdesanluis.com\" \/>\n\t<meta name=\"twitter:label2\" content=\"Tiempo de lectura\" \/>\n\t<meta name=\"twitter:data2\" content=\"2 minutos\" \/>\n<script type=\"application\/ld+json\" class=\"yoast-schema-graph\">{\"@context\":\"https:\/\/schema.org\",\"@graph\":[{\"@type\":\"Article\",\"@id\":\"https:\/\/apuntesdesanluis.com\/index.php\/2024\/09\/29\/mandan-a-prision-por-90-dias-a-acusado-de-generar-dos-incendios-forestales\/#article\",\"isPartOf\":{\"@id\":\"https:\/\/apuntesdesanluis.com\/index.php\/2024\/09\/29\/mandan-a-prision-por-90-dias-a-acusado-de-generar-dos-incendios-forestales\/\"},\"author\":{\"name\":\"apuntesdesanluis.com\",\"@id\":\"https:\/\/apuntesdesanluis.com\/#\/schema\/person\/b55151d52296fcce64d1a72538a70b90\"},\"headline\":\"MANDAN A PRISI\u00d3N POR 90 D\u00cdAS A ACUSADO DE GENERAR DOS INCENDIOS FORESTALES\",\"datePublished\":\"2024-09-29T23:09:39+00:00\",\"dateModified\":\"2024-09-30T22:10:56+00:00\",\"mainEntityOfPage\":{\"@id\":\"https:\/\/apuntesdesanluis.com\/index.php\/2024\/09\/29\/mandan-a-prision-por-90-dias-a-acusado-de-generar-dos-incendios-forestales\/\"},\"wordCount\":224,\"publisher\":{\"@id\":\"https:\/\/apuntesdesanluis.com\/#\/schema\/person\/b55151d52296fcce64d1a72538a70b90\"},\"image\":{\"@id\":\"https:\/\/apuntesdesanluis.com\/index.php\/2024\/09\/29\/mandan-a-prision-por-90-dias-a-acusado-de-generar-dos-incendios-forestales\/#primaryimage\"},\"thumbnailUrl\":\"https:\/\/apuntesdesanluis.com\/wp-content\/uploads\/2024\/09\/incendio-1.png\",\"articleSection\":[\"Ciudad\/Provincia\"],\"inLanguage\":\"es-AR\"},{\"@type\":\"WebPage\",\"@id\":\"https:\/\/apuntesdesanluis.com\/index.php\/2024\/09\/29\/mandan-a-prision-por-90-dias-a-acusado-de-generar-dos-incendios-forestales\/\",\"url\":\"https:\/\/apuntesdesanluis.com\/index.php\/2024\/09\/29\/mandan-a-prision-por-90-dias-a-acusado-de-generar-dos-incendios-forestales\/\",\"name\":\"MANDAN A PRISI\u00d3N POR 90 D\u00cdAS A ACUSADO DE GENERAR DOS INCENDIOS FORESTALES - Apuntes de San Luis\",\"isPartOf\":{\"@id\":\"https:\/\/apuntesdesanluis.com\/#website\"},\"primaryImageOfPage\":{\"@id\":\"https:\/\/apuntesdesanluis.com\/index.php\/2024\/09\/29\/mandan-a-prision-por-90-dias-a-acusado-de-generar-dos-incendios-forestales\/#primaryimage\"},\"image\":{\"@id\":\"https:\/\/apuntesdesanluis.com\/index.php\/2024\/09\/29\/mandan-a-prision-por-90-dias-a-acusado-de-generar-dos-incendios-forestales\/#primaryimage\"},\"thumbnailUrl\":\"https:\/\/apuntesdesanluis.com\/wp-content\/uploads\/2024\/09\/incendio-1.png\",\"datePublished\":\"2024-09-29T23:09:39+00:00\",\"dateModified\":\"2024-09-30T22:10:56+00:00\",\"breadcrumb\":{\"@id\":\"https:\/\/apuntesdesanluis.com\/index.php\/2024\/09\/29\/mandan-a-prision-por-90-dias-a-acusado-de-generar-dos-incendios-forestales\/#breadcrumb\"},\"inLanguage\":\"es-AR\",\"potentialAction\":[{\"@type\":\"ReadAction\",\"target\":[\"https:\/\/apuntesdesanluis.com\/index.php\/2024\/09\/29\/mandan-a-prision-por-90-dias-a-acusado-de-generar-dos-incendios-forestales\/\"]}]},{\"@type\":\"ImageObject\",\"inLanguage\":\"es-AR\",\"@id\":\"https:\/\/apuntesdesanluis.com\/index.php\/2024\/09\/29\/mandan-a-prision-por-90-dias-a-acusado-de-generar-dos-incendios-forestales\/#primaryimage\",\"url\":\"https:\/\/apuntesdesanluis.com\/wp-content\/uploads\/2024\/09\/incendio-1.png\",\"contentUrl\":\"https:\/\/apuntesdesanluis.com\/wp-content\/uploads\/2024\/09\/incendio-1.png\",\"width\":700,\"height\":412},{\"@type\":\"BreadcrumbList\",\"@id\":\"https:\/\/apuntesdesanluis.com\/index.php\/2024\/09\/29\/mandan-a-prision-por-90-dias-a-acusado-de-generar-dos-incendios-forestales\/#breadcrumb\",\"itemListElement\":[{\"@type\":\"ListItem\",\"position\":1,\"name\":\"Inicio\",\"item\":\"https:\/\/apuntesdesanluis.com\/\"},{\"@type\":\"ListItem\",\"position\":2,\"name\":\"MANDAN A PRISI\u00d3N POR 90 D\u00cdAS A ACUSADO DE GENERAR DOS INCENDIOS FORESTALES\"}]},{\"@type\":\"WebSite\",\"@id\":\"https:\/\/apuntesdesanluis.com\/#website\",\"url\":\"https:\/\/apuntesdesanluis.com\/\",\"name\":\"Apuntes de San Luis\",\"description\":\"\",\"publisher\":{\"@id\":\"https:\/\/apuntesdesanluis.com\/#\/schema\/person\/b55151d52296fcce64d1a72538a70b90\"},\"potentialAction\":[{\"@type\":\"SearchAction\",\"target\":{\"@type\":\"EntryPoint\",\"urlTemplate\":\"https:\/\/apuntesdesanluis.com\/?s={search_term_string}\"},\"query-input\":{\"@type\":\"PropertyValueSpecification\",\"valueRequired\":true,\"valueName\":\"search_term_string\"}}],\"inLanguage\":\"es-AR\"},{\"@type\":[\"Person\",\"Organization\"],\"@id\":\"https:\/\/apuntesdesanluis.com\/#\/schema\/person\/b55151d52296fcce64d1a72538a70b90\",\"name\":\"apuntesdesanluis.com\",\"image\":{\"@type\":\"ImageObject\",\"inLanguage\":\"es-AR\",\"@id\":\"https:\/\/apuntesdesanluis.com\/#\/schema\/person\/image\/\",\"url\":\"https:\/\/apuntesdesanluis.com\/wp-content\/uploads\/2023\/07\/cropped-apuntesdesanluis.png\",\"contentUrl\":\"https:\/\/apuntesdesanluis.com\/wp-content\/uploads\/2023\/07\/cropped-apuntesdesanluis.png\",\"width\":450,\"height\":112,\"caption\":\"apuntesdesanluis.com\"},\"logo\":{\"@id\":\"https:\/\/apuntesdesanluis.com\/#\/schema\/person\/image\/\"},\"sameAs\":[\"https:\/\/apuntesdesanluis.com\"],\"url\":\"https:\/\/apuntesdesanluis.com\/index.php\/author\/apuntesdesanluis-com\/\"}]}<\/script>\n<!-- \/ Yoast SEO plugin. -->","yoast_head_json":{"title":"MANDAN A PRISI\u00d3N POR 90 D\u00cdAS A ACUSADO DE GENERAR DOS INCENDIOS FORESTALES - Apuntes de San Luis","robots":{"index":"index","follow":"follow","max-snippet":"max-snippet:-1","max-image-preview":"max-image-preview:large","max-video-preview":"max-video-preview:-1"},"canonical":"https:\/\/apuntesdesanluis.com\/index.php\/2024\/09\/29\/mandan-a-prision-por-90-dias-a-acusado-de-generar-dos-incendios-forestales\/","og_locale":"es_ES","og_type":"article","og_title":"MANDAN A PRISI\u00d3N POR 90 D\u00cdAS A ACUSADO DE GENERAR DOS INCENDIOS FORESTALES - Apuntes de San Luis","og_description":"Un hombre de 33 a\u00f1os fue enviado al Servicio Penitenciario Provincial bajo prisi\u00f3n preventiva por...","og_url":"https:\/\/apuntesdesanluis.com\/index.php\/2024\/09\/29\/mandan-a-prision-por-90-dias-a-acusado-de-generar-dos-incendios-forestales\/","og_site_name":"Apuntes de San Luis","article_published_time":"2024-09-29T23:09:39+00:00","article_modified_time":"2024-09-30T22:10:56+00:00","og_image":[{"width":700,"height":412,"url":"https:\/\/apuntesdesanluis.com\/wp-content\/uploads\/2024\/09\/incendio-1.png","type":"image\/png"}],"author":"apuntesdesanluis.com","twitter_card":"summary_large_image","twitter_misc":{"Escrito por":"apuntesdesanluis.com","Tiempo de lectura":"2 minutos"},"schema":{"@context":"https:\/\/schema.org","@graph":[{"@type":"Article","@id":"https:\/\/apuntesdesanluis.com\/index.php\/2024\/09\/29\/mandan-a-prision-por-90-dias-a-acusado-de-generar-dos-incendios-forestales\/#article","isPartOf":{"@id":"https:\/\/apuntesdesanluis.com\/index.php\/2024\/09\/29\/mandan-a-prision-por-90-dias-a-acusado-de-generar-dos-incendios-forestales\/"},"author":{"name":"apuntesdesanluis.com","@id":"https:\/\/apuntesdesanluis.com\/#\/schema\/person\/b55151d52296fcce64d1a72538a70b90"},"headline":"MANDAN A PRISI\u00d3N POR 90 D\u00cdAS A ACUSADO DE GENERAR DOS INCENDIOS FORESTALES","datePublished":"2024-09-29T23:09:39+00:00","dateModified":"2024-09-30T22:10:56+00:00","mainEntityOfPage":{"@id":"https:\/\/apuntesdesanluis.com\/index.php\/2024\/09\/29\/mandan-a-prision-por-90-dias-a-acusado-de-generar-dos-incendios-forestales\/"},"wordCount":224,"publisher":{"@id":"https:\/\/apuntesdesanluis.com\/#\/schema\/person\/b55151d52296fcce64d1a72538a70b90"},"image":{"@id":"https:\/\/apuntesdesanluis.com\/index.php\/2024\/09\/29\/mandan-a-prision-por-90-dias-a-acusado-de-generar-dos-incendios-forestales\/#primaryimage"},"thumbnailUrl":"https:\/\/apuntesdesanluis.com\/wp-content\/uploads\/2024\/09\/incendio-1.png","articleSection":["Ciudad\/Provincia"],"inLanguage":"es-AR"},{"@type":"WebPage","@id":"https:\/\/apuntesdesanluis.com\/index.php\/2024\/09\/29\/mandan-a-prision-por-90-dias-a-acusado-de-generar-dos-incendios-forestales\/","url":"https:\/\/apuntesdesanluis.com\/index.php\/2024\/09\/29\/mandan-a-prision-por-90-dias-a-acusado-de-generar-dos-incendios-forestales\/","name":"MANDAN A PRISI\u00d3N POR 90 D\u00cdAS A ACUSADO DE GENERAR DOS INCENDIOS FORESTALES - Apuntes de San Luis","isPartOf":{"@id":"https:\/\/apuntesdesanluis.com\/#website"},"primaryImageOfPage":{"@id":"https:\/\/apuntesdesanluis.com\/index.php\/2024\/09\/29\/mandan-a-prision-por-90-dias-a-acusado-de-generar-dos-incendios-forestales\/#primaryimage"},"image":{"@id":"https:\/\/apuntesdesanluis.com\/index.php\/2024\/09\/29\/mandan-a-prision-por-90-dias-a-acusado-de-generar-dos-incendios-forestales\/#primaryimage"},"thumbnailUrl":"https:\/\/apuntesdesanluis.com\/wp-content\/uploads\/2024\/09\/incendio-1.png","datePublished":"2024-09-29T23:09:39+00:00","dateModified":"2024-09-30T22:10:56+00:00","breadcrumb":{"@id":"https:\/\/apuntesdesanluis.com\/index.php\/2024\/09\/29\/mandan-a-prision-por-90-dias-a-acusado-de-generar-dos-incendios-forestales\/#breadcrumb"},"inLanguage":"es-AR","potentialAction":[{"@type":"ReadAction","target":["https:\/\/apuntesdesanluis.com\/index.php\/2024\/09\/29\/mandan-a-prision-por-90-dias-a-acusado-de-generar-dos-incendios-forestales\/"]}]},{"@type":"ImageObject","inLanguage":"es-AR","@id":"https:\/\/apuntesdesanluis.com\/index.php\/2024\/09\/29\/mandan-a-prision-por-90-dias-a-acusado-de-generar-dos-incendios-forestales\/#primaryimage","url":"https:\/\/apuntesdesanluis.com\/wp-content\/uploads\/2024\/09\/incendio-1.png","contentUrl":"https:\/\/apuntesdesanluis.com\/wp-content\/uploads\/2024\/09\/incendio-1.png","width":700,"height":412},{"@type":"BreadcrumbList","@id":"https:\/\/apuntesdesanluis.com\/index.php\/2024\/09\/29\/mandan-a-prision-por-90-dias-a-acusado-de-generar-dos-incendios-forestales\/#breadcrumb","itemListElement":[{"@type":"ListItem","position":1,"name":"Inicio","item":"https:\/\/apuntesdesanluis.com\/"},{"@type":"ListItem","position":2,"name":"MANDAN A PRISI\u00d3N POR 90 D\u00cdAS A ACUSADO DE GENERAR DOS INCENDIOS FORESTALES"}]},{"@type":"WebSite","@id":"https:\/\/apuntesdesanluis.com\/#website","url":"https:\/\/apuntesdesanluis.com\/","name":"Apuntes de San Luis","description":"","publisher":{"@id":"https:\/\/apuntesdesanluis.com\/#\/schema\/person\/b55151d52296fcce64d1a72538a70b90"},"potentialAction":[{"@type":"SearchAction","target":{"@type":"EntryPoint","urlTemplate":"https:\/\/apuntesdesanluis.com\/?s={search_term_string}"},"query-input":{"@type":"PropertyValueSpecification","valueRequired":true,"valueName":"search_term_string"}}],"inLanguage":"es-AR"},{"@type":["Person","Organization"],"@id":"https:\/\/apuntesdesanluis.com\/#\/schema\/person\/b55151d52296fcce64d1a72538a70b90","name":"apuntesdesanluis.com","image":{"@type":"ImageObject","inLanguage":"es-AR","@id":"https:\/\/apuntesdesanluis.com\/#\/schema\/person\/image\/","url":"https:\/\/apuntesdesanluis.com\/wp-content\/uploads\/2023\/07\/cropped-apuntesdesanluis.png","contentUrl":"https:\/\/apuntesdesanluis.com\/wp-content\/uploads\/2023\/07\/cropped-apuntesdesanluis.png","width":450,"height":112,"caption":"apuntesdesanluis.com"},"logo":{"@id":"https:\/\/apuntesdesanluis.com\/#\/schema\/person\/image\/"},"sameAs":["https:\/\/apuntesdesanluis.com"],"url":"https:\/\/apuntesdesanluis.com\/index.php\/author\/apuntesdesanluis-com\/"}]}},"featured_image_urls":{"full":["https:\/\/apuntesdesanluis.com\/wp-content\/uploads\/2024\/09\/incendio-1.png",700,412,false],"thumbnail":["https:\/\/apuntesdesanluis.com\/wp-content\/uploads\/2024\/09\/incendio-1-150x150.png",150,150,true],"medium":["https:\/\/apuntesdesanluis.com\/wp-content\/uploads\/2024\/09\/incendio-1-300x177.png",300,177,true],"medium_large":["https:\/\/apuntesdesanluis.com\/wp-content\/uploads\/2024\/09\/incendio-1.png",640,377,false],"large":["https:\/\/apuntesdesanluis.com\/wp-content\/uploads\/2024\/09\/incendio-1.png",640,377,false],"1536x1536":["https:\/\/apuntesdesanluis.com\/wp-content\/uploads\/2024\/09\/incendio-1.png",700,412,false],"2048x2048":["https:\/\/apuntesdesanluis.com\/wp-content\/uploads\/2024\/09\/incendio-1.png",700,412,false],"newsever-slider-full":["https:\/\/apuntesdesanluis.com\/wp-content\/uploads\/2024\/09\/incendio-1.png",700,412,false],"newsever-featured":["https:\/\/apuntesdesanluis.com\/wp-content\/uploads\/2024\/09\/incendio-1.png",700,412,false],"newsever-medium":["https:\/\/apuntesdesanluis.com\/wp-content\/uploads\/2024\/09\/incendio-1.png",700,412,false]},"author_info":{"display_name":"apuntesdesanluis.com","author_link":"https:\/\/apuntesdesanluis.com\/index.php\/author\/apuntesdesanluis-com\/"},"category_info":"<a href=\"https:\/\/apuntesdesanluis.com\/index.php\/category\/ciudad-provincia\/\" rel=\"category tag\">Ciudad\/Provincia<\/a>","tag_info":"Ciudad\/Provincia","comment_count":"0","_links":{"self":[{"href":"https:\/\/apuntesdesanluis.com\/index.php\/wp-json\/wp\/v2\/posts\/23140","targetHints":{"allow":["GET"]}}],"collection":[{"href":"https:\/\/apuntesdesanluis.com\/index.php\/wp-json\/wp\/v2\/posts"}],"about":[{"href":"https:\/\/apuntesdesanluis.com\/index.php\/wp-json\/wp\/v2\/types\/post"}],"author":[{"embeddable":true,"href":"https:\/\/apuntesdesanluis.com\/index.php\/wp-json\/wp\/v2\/users\/1"}],"replies":[{"embeddable":true,"href":"https:\/\/apuntesdesanluis.com\/index.php\/wp-json\/wp\/v2\/comments?post=23140"}],"version-history":[{"count":1,"href":"https:\/\/apuntesdesanluis.com\/index.php\/wp-json\/wp\/v2\/posts\/23140\/revisions"}],"predecessor-version":[{"id":23141,"href":"https:\/\/apuntesdesanluis.com\/index.php\/wp-json\/wp\/v2\/posts\/23140\/revisions\/23141"}],"wp:featuredmedia":[{"embeddable":true,"href":"https:\/\/apuntesdesanluis.com\/index.php\/wp-json\/wp\/v2\/media\/22617"}],"wp:attachment":[{"href":"https:\/\/apuntesdesanluis.com\/index.php\/wp-json\/wp\/v2\/media?parent=23140"}],"wp:term":[{"taxonomy":"category","embeddable":true,"href":"https:\/\/apuntesdesanluis.com\/index.php\/wp-json\/wp\/v2\/categories?post=23140"},{"taxonomy":"post_tag","embeddable":true,"href":"https:\/\/apuntesdesanluis.com\/index.php\/wp-json\/wp\/v2\/tags?post=23140"}],"curies":[{"name":"wp","href":"https:\/\/api.w.org\/{rel}","templated":true}]}}