{"id":23142,"date":"2024-09-30T19:16:23","date_gmt":"2024-09-30T22:16:23","guid":{"rendered":"https:\/\/apuntesdesanluis.com\/?p=23142"},"modified":"2024-09-30T19:16:23","modified_gmt":"2024-09-30T22:16:23","slug":"caso-anahi-robledo-yuvero-prorrogaron-prision-preventiva-del-imputado","status":"publish","type":"post","link":"https:\/\/apuntesdesanluis.com\/index.php\/2024\/09\/30\/caso-anahi-robledo-yuvero-prorrogaron-prision-preventiva-del-imputado\/","title":{"rendered":"CASO ANAH\u00cd ROBLEDO YUVERO: PRORROGARON PRISI\u00d3N PREVENTIVA DEL IMPUTADO"},"content":{"rendered":"<h3>El Juez de Garant\u00eda N\u00ba 1 dio lugar a lo solicitado por el representante del Ministerio P\u00fablico Fiscal.<\/h3>\n<h3>Este lunes, se desarroll\u00f3 una audiencia donde se trat\u00f3 la pr\u00f3rroga de prisi\u00f3n preventiva para el imputado por el homicidio de <strong>Anah\u00ed Robledo Yuvero<\/strong>, ocurrido el pasado 23 de mayo en el B\u00ba Jardin del Sur de Villa Mercedes.<\/h3>\n<h3>Estuvieron presentes en la audiencia, el Juez del Juzgado de Garant\u00eda N\u00ba 1, Dr. Alfredo Cuello, el secretario, Dr. Fabi\u00e1n Aguilar, el Fiscal de Instrucci\u00f3n N\u00ba 4, Dr. Leandro Estrada, la Fiscal Adjunta, Dra. Gisela Milstein, la representante de la Particular Damnificada, Dra. Laura Rodr\u00edguez, y el Defensor del imputado, Dr. Bautista Rivadera.<\/h3>\n<h3>En esta audiencia, la Fiscal\u00eda solicit\u00f3 la pr\u00f3rroga de prisi\u00f3n preventiva por el t\u00e9rmino de cuatro meses. Entre sus argumentaciones, tuvo en cuenta el pron\u00f3stico punitivo, la falta de arraigo, el riesgo procesal y la producci\u00f3n de pruebas pendientes.<\/h3>\n<h3>La representante de la Particular Damnificada adhiri\u00f3, mientras que la Defensa del acusado rechaz\u00f3 el plazo y solicit\u00f3 la reducci\u00f3n del mismo.<\/h3>\n<h3>Luego de la exposici\u00f3n de las partes, el Dr. Cuello orden\u00f3 prorrogar la medida de prisi\u00f3n preventiva por cuatro meses.<\/h3>\n<h3>Al imputado se le formularon cargos por el delito de homicidio triplemente calificado por alevos\u00eda, ensa\u00f1amiento y venganza transversal y cumple la medida de prisi\u00f3n preventiva en el Servicio Penitenciario Provincial.<\/h3>\n<h3 style=\"text-align: center;\"><strong>\u2026\u2026\u2026\u2026\u2026..<\/strong><\/h3>\n<h3>Para mayor informaci\u00f3n sobre este caso, ingresar al siguiente enlace:<\/h3>\n<h3><span style=\"color: #3366ff;\"><strong><a style=\"color: #3366ff;\" href=\"https:\/\/www.periodicojudicial.gov.ar\/caso-anahi-robledo-yuvero-imputado-por-homicidio-doblemente-calificado-continuara-detenido\/\">https:\/\/www.periodicojudicial.gov.ar\/caso-anahi-robledo-yuvero-imputado-por-homicidio-doblemente-calificado-continuara-detenido\/<\/a><\/strong><\/span><\/h3>\n<p>&nbsp;<\/p>\n<p>&nbsp;<\/p>\n<p>&nbsp;<\/p>\n<p>&nbsp;<\/p>\n","protected":false},"excerpt":{"rendered":"<p>El Juez de Garant\u00eda N\u00ba 1 dio lugar a lo solicitado por el representante del&#8230;<\/p>\n","protected":false},"author":1,"featured_media":23143,"comment_status":"closed","ping_status":"closed","sticky":false,"template":"","format":"standard","meta":{"footnotes":""},"categories":[6],"tags":[],"class_list":["post-23142","post","type-post","status-publish","format-standard","has-post-thumbnail","hentry","category-ciudad-provincia"],"yoast_head":"<!-- This site is optimized with the Yoast SEO plugin v26.1.1 - https:\/\/yoast.com\/wordpress\/plugins\/seo\/ -->\n<title>CASO ANAH\u00cd ROBLEDO YUVERO: PRORROGARON PRISI\u00d3N PREVENTIVA DEL IMPUTADO - Apuntes de San Luis<\/title>\n<meta name=\"robots\" content=\"index, follow, max-snippet:-1, max-image-preview:large, max-video-preview:-1\" \/>\n<link rel=\"canonical\" href=\"https:\/\/apuntesdesanluis.com\/index.php\/2024\/09\/30\/caso-anahi-robledo-yuvero-prorrogaron-prision-preventiva-del-imputado\/\" \/>\n<meta property=\"og:locale\" content=\"es_ES\" \/>\n<meta property=\"og:type\" content=\"article\" \/>\n<meta property=\"og:title\" content=\"CASO ANAH\u00cd ROBLEDO YUVERO: PRORROGARON PRISI\u00d3N PREVENTIVA DEL IMPUTADO - Apuntes de San Luis\" \/>\n<meta property=\"og:description\" content=\"El Juez de Garant\u00eda N\u00ba 1 dio lugar a lo solicitado por el representante del...\" \/>\n<meta property=\"og:url\" content=\"https:\/\/apuntesdesanluis.com\/index.php\/2024\/09\/30\/caso-anahi-robledo-yuvero-prorrogaron-prision-preventiva-del-imputado\/\" \/>\n<meta property=\"og:site_name\" content=\"Apuntes de San Luis\" \/>\n<meta property=\"article:published_time\" content=\"2024-09-30T22:16:23+00:00\" \/>\n<meta property=\"og:image\" content=\"https:\/\/apuntesdesanluis.com\/wp-content\/uploads\/2024\/09\/ANAHI-ROBLEDO-YUVERO.png\" \/>\n\t<meta property=\"og:image:width\" content=\"626\" \/>\n\t<meta property=\"og:image:height\" content=\"375\" \/>\n\t<meta property=\"og:image:type\" content=\"image\/png\" \/>\n<meta name=\"author\" content=\"apuntesdesanluis.com\" \/>\n<meta name=\"twitter:card\" content=\"summary_large_image\" \/>\n<meta name=\"twitter:label1\" content=\"Escrito por\" \/>\n\t<meta name=\"twitter:data1\" content=\"apuntesdesanluis.com\" \/>\n\t<meta name=\"twitter:label2\" content=\"Tiempo de lectura\" \/>\n\t<meta name=\"twitter:data2\" content=\"2 minutos\" \/>\n<script type=\"application\/ld+json\" class=\"yoast-schema-graph\">{\"@context\":\"https:\/\/schema.org\",\"@graph\":[{\"@type\":\"Article\",\"@id\":\"https:\/\/apuntesdesanluis.com\/index.php\/2024\/09\/30\/caso-anahi-robledo-yuvero-prorrogaron-prision-preventiva-del-imputado\/#article\",\"isPartOf\":{\"@id\":\"https:\/\/apuntesdesanluis.com\/index.php\/2024\/09\/30\/caso-anahi-robledo-yuvero-prorrogaron-prision-preventiva-del-imputado\/\"},\"author\":{\"name\":\"apuntesdesanluis.com\",\"@id\":\"https:\/\/apuntesdesanluis.com\/#\/schema\/person\/b55151d52296fcce64d1a72538a70b90\"},\"headline\":\"CASO ANAH\u00cd ROBLEDO YUVERO: PRORROGARON PRISI\u00d3N PREVENTIVA DEL IMPUTADO\",\"datePublished\":\"2024-09-30T22:16:23+00:00\",\"mainEntityOfPage\":{\"@id\":\"https:\/\/apuntesdesanluis.com\/index.php\/2024\/09\/30\/caso-anahi-robledo-yuvero-prorrogaron-prision-preventiva-del-imputado\/\"},\"wordCount\":269,\"publisher\":{\"@id\":\"https:\/\/apuntesdesanluis.com\/#\/schema\/person\/b55151d52296fcce64d1a72538a70b90\"},\"image\":{\"@id\":\"https:\/\/apuntesdesanluis.com\/index.php\/2024\/09\/30\/caso-anahi-robledo-yuvero-prorrogaron-prision-preventiva-del-imputado\/#primaryimage\"},\"thumbnailUrl\":\"https:\/\/apuntesdesanluis.com\/wp-content\/uploads\/2024\/09\/ANAHI-ROBLEDO-YUVERO.png\",\"articleSection\":[\"Ciudad\/Provincia\"],\"inLanguage\":\"es-AR\"},{\"@type\":\"WebPage\",\"@id\":\"https:\/\/apuntesdesanluis.com\/index.php\/2024\/09\/30\/caso-anahi-robledo-yuvero-prorrogaron-prision-preventiva-del-imputado\/\",\"url\":\"https:\/\/apuntesdesanluis.com\/index.php\/2024\/09\/30\/caso-anahi-robledo-yuvero-prorrogaron-prision-preventiva-del-imputado\/\",\"name\":\"CASO ANAH\u00cd ROBLEDO YUVERO: PRORROGARON PRISI\u00d3N PREVENTIVA DEL IMPUTADO - Apuntes de San Luis\",\"isPartOf\":{\"@id\":\"https:\/\/apuntesdesanluis.com\/#website\"},\"primaryImageOfPage\":{\"@id\":\"https:\/\/apuntesdesanluis.com\/index.php\/2024\/09\/30\/caso-anahi-robledo-yuvero-prorrogaron-prision-preventiva-del-imputado\/#primaryimage\"},\"image\":{\"@id\":\"https:\/\/apuntesdesanluis.com\/index.php\/2024\/09\/30\/caso-anahi-robledo-yuvero-prorrogaron-prision-preventiva-del-imputado\/#primaryimage\"},\"thumbnailUrl\":\"https:\/\/apuntesdesanluis.com\/wp-content\/uploads\/2024\/09\/ANAHI-ROBLEDO-YUVERO.png\",\"datePublished\":\"2024-09-30T22:16:23+00:00\",\"breadcrumb\":{\"@id\":\"https:\/\/apuntesdesanluis.com\/index.php\/2024\/09\/30\/caso-anahi-robledo-yuvero-prorrogaron-prision-preventiva-del-imputado\/#breadcrumb\"},\"inLanguage\":\"es-AR\",\"potentialAction\":[{\"@type\":\"ReadAction\",\"target\":[\"https:\/\/apuntesdesanluis.com\/index.php\/2024\/09\/30\/caso-anahi-robledo-yuvero-prorrogaron-prision-preventiva-del-imputado\/\"]}]},{\"@type\":\"ImageObject\",\"inLanguage\":\"es-AR\",\"@id\":\"https:\/\/apuntesdesanluis.com\/index.php\/2024\/09\/30\/caso-anahi-robledo-yuvero-prorrogaron-prision-preventiva-del-imputado\/#primaryimage\",\"url\":\"https:\/\/apuntesdesanluis.com\/wp-content\/uploads\/2024\/09\/ANAHI-ROBLEDO-YUVERO.png\",\"contentUrl\":\"https:\/\/apuntesdesanluis.com\/wp-content\/uploads\/2024\/09\/ANAHI-ROBLEDO-YUVERO.png\",\"width\":626,\"height\":375},{\"@type\":\"BreadcrumbList\",\"@id\":\"https:\/\/apuntesdesanluis.com\/index.php\/2024\/09\/30\/caso-anahi-robledo-yuvero-prorrogaron-prision-preventiva-del-imputado\/#breadcrumb\",\"itemListElement\":[{\"@type\":\"ListItem\",\"position\":1,\"name\":\"Inicio\",\"item\":\"https:\/\/apuntesdesanluis.com\/\"},{\"@type\":\"ListItem\",\"position\":2,\"name\":\"CASO ANAH\u00cd ROBLEDO YUVERO: PRORROGARON PRISI\u00d3N PREVENTIVA DEL IMPUTADO\"}]},{\"@type\":\"WebSite\",\"@id\":\"https:\/\/apuntesdesanluis.com\/#website\",\"url\":\"https:\/\/apuntesdesanluis.com\/\",\"name\":\"Apuntes de San Luis\",\"description\":\"\",\"publisher\":{\"@id\":\"https:\/\/apuntesdesanluis.com\/#\/schema\/person\/b55151d52296fcce64d1a72538a70b90\"},\"potentialAction\":[{\"@type\":\"SearchAction\",\"target\":{\"@type\":\"EntryPoint\",\"urlTemplate\":\"https:\/\/apuntesdesanluis.com\/?s={search_term_string}\"},\"query-input\":{\"@type\":\"PropertyValueSpecification\",\"valueRequired\":true,\"valueName\":\"search_term_string\"}}],\"inLanguage\":\"es-AR\"},{\"@type\":[\"Person\",\"Organization\"],\"@id\":\"https:\/\/apuntesdesanluis.com\/#\/schema\/person\/b55151d52296fcce64d1a72538a70b90\",\"name\":\"apuntesdesanluis.com\",\"image\":{\"@type\":\"ImageObject\",\"inLanguage\":\"es-AR\",\"@id\":\"https:\/\/apuntesdesanluis.com\/#\/schema\/person\/image\/\",\"url\":\"https:\/\/apuntesdesanluis.com\/wp-content\/uploads\/2023\/07\/cropped-apuntesdesanluis.png\",\"contentUrl\":\"https:\/\/apuntesdesanluis.com\/wp-content\/uploads\/2023\/07\/cropped-apuntesdesanluis.png\",\"width\":450,\"height\":112,\"caption\":\"apuntesdesanluis.com\"},\"logo\":{\"@id\":\"https:\/\/apuntesdesanluis.com\/#\/schema\/person\/image\/\"},\"sameAs\":[\"https:\/\/apuntesdesanluis.com\"],\"url\":\"https:\/\/apuntesdesanluis.com\/index.php\/author\/apuntesdesanluis-com\/\"}]}<\/script>\n<!-- \/ Yoast SEO plugin. -->","yoast_head_json":{"title":"CASO ANAH\u00cd ROBLEDO YUVERO: PRORROGARON PRISI\u00d3N PREVENTIVA DEL IMPUTADO - Apuntes de San Luis","robots":{"index":"index","follow":"follow","max-snippet":"max-snippet:-1","max-image-preview":"max-image-preview:large","max-video-preview":"max-video-preview:-1"},"canonical":"https:\/\/apuntesdesanluis.com\/index.php\/2024\/09\/30\/caso-anahi-robledo-yuvero-prorrogaron-prision-preventiva-del-imputado\/","og_locale":"es_ES","og_type":"article","og_title":"CASO ANAH\u00cd ROBLEDO YUVERO: PRORROGARON PRISI\u00d3N PREVENTIVA DEL IMPUTADO - Apuntes de San Luis","og_description":"El Juez de Garant\u00eda N\u00ba 1 dio lugar a lo solicitado por el representante del...","og_url":"https:\/\/apuntesdesanluis.com\/index.php\/2024\/09\/30\/caso-anahi-robledo-yuvero-prorrogaron-prision-preventiva-del-imputado\/","og_site_name":"Apuntes de San Luis","article_published_time":"2024-09-30T22:16:23+00:00","og_image":[{"width":626,"height":375,"url":"https:\/\/apuntesdesanluis.com\/wp-content\/uploads\/2024\/09\/ANAHI-ROBLEDO-YUVERO.png","type":"image\/png"}],"author":"apuntesdesanluis.com","twitter_card":"summary_large_image","twitter_misc":{"Escrito por":"apuntesdesanluis.com","Tiempo de lectura":"2 minutos"},"schema":{"@context":"https:\/\/schema.org","@graph":[{"@type":"Article","@id":"https:\/\/apuntesdesanluis.com\/index.php\/2024\/09\/30\/caso-anahi-robledo-yuvero-prorrogaron-prision-preventiva-del-imputado\/#article","isPartOf":{"@id":"https:\/\/apuntesdesanluis.com\/index.php\/2024\/09\/30\/caso-anahi-robledo-yuvero-prorrogaron-prision-preventiva-del-imputado\/"},"author":{"name":"apuntesdesanluis.com","@id":"https:\/\/apuntesdesanluis.com\/#\/schema\/person\/b55151d52296fcce64d1a72538a70b90"},"headline":"CASO ANAH\u00cd ROBLEDO YUVERO: PRORROGARON PRISI\u00d3N PREVENTIVA DEL IMPUTADO","datePublished":"2024-09-30T22:16:23+00:00","mainEntityOfPage":{"@id":"https:\/\/apuntesdesanluis.com\/index.php\/2024\/09\/30\/caso-anahi-robledo-yuvero-prorrogaron-prision-preventiva-del-imputado\/"},"wordCount":269,"publisher":{"@id":"https:\/\/apuntesdesanluis.com\/#\/schema\/person\/b55151d52296fcce64d1a72538a70b90"},"image":{"@id":"https:\/\/apuntesdesanluis.com\/index.php\/2024\/09\/30\/caso-anahi-robledo-yuvero-prorrogaron-prision-preventiva-del-imputado\/#primaryimage"},"thumbnailUrl":"https:\/\/apuntesdesanluis.com\/wp-content\/uploads\/2024\/09\/ANAHI-ROBLEDO-YUVERO.png","articleSection":["Ciudad\/Provincia"],"inLanguage":"es-AR"},{"@type":"WebPage","@id":"https:\/\/apuntesdesanluis.com\/index.php\/2024\/09\/30\/caso-anahi-robledo-yuvero-prorrogaron-prision-preventiva-del-imputado\/","url":"https:\/\/apuntesdesanluis.com\/index.php\/2024\/09\/30\/caso-anahi-robledo-yuvero-prorrogaron-prision-preventiva-del-imputado\/","name":"CASO ANAH\u00cd ROBLEDO YUVERO: PRORROGARON PRISI\u00d3N PREVENTIVA DEL IMPUTADO - Apuntes de San Luis","isPartOf":{"@id":"https:\/\/apuntesdesanluis.com\/#website"},"primaryImageOfPage":{"@id":"https:\/\/apuntesdesanluis.com\/index.php\/2024\/09\/30\/caso-anahi-robledo-yuvero-prorrogaron-prision-preventiva-del-imputado\/#primaryimage"},"image":{"@id":"https:\/\/apuntesdesanluis.com\/index.php\/2024\/09\/30\/caso-anahi-robledo-yuvero-prorrogaron-prision-preventiva-del-imputado\/#primaryimage"},"thumbnailUrl":"https:\/\/apuntesdesanluis.com\/wp-content\/uploads\/2024\/09\/ANAHI-ROBLEDO-YUVERO.png","datePublished":"2024-09-30T22:16:23+00:00","breadcrumb":{"@id":"https:\/\/apuntesdesanluis.com\/index.php\/2024\/09\/30\/caso-anahi-robledo-yuvero-prorrogaron-prision-preventiva-del-imputado\/#breadcrumb"},"inLanguage":"es-AR","potentialAction":[{"@type":"ReadAction","target":["https:\/\/apuntesdesanluis.com\/index.php\/2024\/09\/30\/caso-anahi-robledo-yuvero-prorrogaron-prision-preventiva-del-imputado\/"]}]},{"@type":"ImageObject","inLanguage":"es-AR","@id":"https:\/\/apuntesdesanluis.com\/index.php\/2024\/09\/30\/caso-anahi-robledo-yuvero-prorrogaron-prision-preventiva-del-imputado\/#primaryimage","url":"https:\/\/apuntesdesanluis.com\/wp-content\/uploads\/2024\/09\/ANAHI-ROBLEDO-YUVERO.png","contentUrl":"https:\/\/apuntesdesanluis.com\/wp-content\/uploads\/2024\/09\/ANAHI-ROBLEDO-YUVERO.png","width":626,"height":375},{"@type":"BreadcrumbList","@id":"https:\/\/apuntesdesanluis.com\/index.php\/2024\/09\/30\/caso-anahi-robledo-yuvero-prorrogaron-prision-preventiva-del-imputado\/#breadcrumb","itemListElement":[{"@type":"ListItem","position":1,"name":"Inicio","item":"https:\/\/apuntesdesanluis.com\/"},{"@type":"ListItem","position":2,"name":"CASO ANAH\u00cd ROBLEDO YUVERO: PRORROGARON PRISI\u00d3N PREVENTIVA DEL IMPUTADO"}]},{"@type":"WebSite","@id":"https:\/\/apuntesdesanluis.com\/#website","url":"https:\/\/apuntesdesanluis.com\/","name":"Apuntes de San Luis","description":"","publisher":{"@id":"https:\/\/apuntesdesanluis.com\/#\/schema\/person\/b55151d52296fcce64d1a72538a70b90"},"potentialAction":[{"@type":"SearchAction","target":{"@type":"EntryPoint","urlTemplate":"https:\/\/apuntesdesanluis.com\/?s={search_term_string}"},"query-input":{"@type":"PropertyValueSpecification","valueRequired":true,"valueName":"search_term_string"}}],"inLanguage":"es-AR"},{"@type":["Person","Organization"],"@id":"https:\/\/apuntesdesanluis.com\/#\/schema\/person\/b55151d52296fcce64d1a72538a70b90","name":"apuntesdesanluis.com","image":{"@type":"ImageObject","inLanguage":"es-AR","@id":"https:\/\/apuntesdesanluis.com\/#\/schema\/person\/image\/","url":"https:\/\/apuntesdesanluis.com\/wp-content\/uploads\/2023\/07\/cropped-apuntesdesanluis.png","contentUrl":"https:\/\/apuntesdesanluis.com\/wp-content\/uploads\/2023\/07\/cropped-apuntesdesanluis.png","width":450,"height":112,"caption":"apuntesdesanluis.com"},"logo":{"@id":"https:\/\/apuntesdesanluis.com\/#\/schema\/person\/image\/"},"sameAs":["https:\/\/apuntesdesanluis.com"],"url":"https:\/\/apuntesdesanluis.com\/index.php\/author\/apuntesdesanluis-com\/"}]}},"featured_image_urls":{"full":["https:\/\/apuntesdesanluis.com\/wp-content\/uploads\/2024\/09\/ANAHI-ROBLEDO-YUVERO.png",626,375,false],"thumbnail":["https:\/\/apuntesdesanluis.com\/wp-content\/uploads\/2024\/09\/ANAHI-ROBLEDO-YUVERO-150x150.png",150,150,true],"medium":["https:\/\/apuntesdesanluis.com\/wp-content\/uploads\/2024\/09\/ANAHI-ROBLEDO-YUVERO-300x180.png",300,180,true],"medium_large":["https:\/\/apuntesdesanluis.com\/wp-content\/uploads\/2024\/09\/ANAHI-ROBLEDO-YUVERO.png",626,375,false],"large":["https:\/\/apuntesdesanluis.com\/wp-content\/uploads\/2024\/09\/ANAHI-ROBLEDO-YUVERO.png",626,375,false],"1536x1536":["https:\/\/apuntesdesanluis.com\/wp-content\/uploads\/2024\/09\/ANAHI-ROBLEDO-YUVERO.png",626,375,false],"2048x2048":["https:\/\/apuntesdesanluis.com\/wp-content\/uploads\/2024\/09\/ANAHI-ROBLEDO-YUVERO.png",626,375,false],"newsever-slider-full":["https:\/\/apuntesdesanluis.com\/wp-content\/uploads\/2024\/09\/ANAHI-ROBLEDO-YUVERO.png",626,375,false],"newsever-featured":["https:\/\/apuntesdesanluis.com\/wp-content\/uploads\/2024\/09\/ANAHI-ROBLEDO-YUVERO.png",626,375,false],"newsever-medium":["https:\/\/apuntesdesanluis.com\/wp-content\/uploads\/2024\/09\/ANAHI-ROBLEDO-YUVERO.png",626,375,false]},"author_info":{"display_name":"apuntesdesanluis.com","author_link":"https:\/\/apuntesdesanluis.com\/index.php\/author\/apuntesdesanluis-com\/"},"category_info":"<a href=\"https:\/\/apuntesdesanluis.com\/index.php\/category\/ciudad-provincia\/\" rel=\"category tag\">Ciudad\/Provincia<\/a>","tag_info":"Ciudad\/Provincia","comment_count":"0","_links":{"self":[{"href":"https:\/\/apuntesdesanluis.com\/index.php\/wp-json\/wp\/v2\/posts\/23142","targetHints":{"allow":["GET"]}}],"collection":[{"href":"https:\/\/apuntesdesanluis.com\/index.php\/wp-json\/wp\/v2\/posts"}],"about":[{"href":"https:\/\/apuntesdesanluis.com\/index.php\/wp-json\/wp\/v2\/types\/post"}],"author":[{"embeddable":true,"href":"https:\/\/apuntesdesanluis.com\/index.php\/wp-json\/wp\/v2\/users\/1"}],"replies":[{"embeddable":true,"href":"https:\/\/apuntesdesanluis.com\/index.php\/wp-json\/wp\/v2\/comments?post=23142"}],"version-history":[{"count":1,"href":"https:\/\/apuntesdesanluis.com\/index.php\/wp-json\/wp\/v2\/posts\/23142\/revisions"}],"predecessor-version":[{"id":23144,"href":"https:\/\/apuntesdesanluis.com\/index.php\/wp-json\/wp\/v2\/posts\/23142\/revisions\/23144"}],"wp:featuredmedia":[{"embeddable":true,"href":"https:\/\/apuntesdesanluis.com\/index.php\/wp-json\/wp\/v2\/media\/23143"}],"wp:attachment":[{"href":"https:\/\/apuntesdesanluis.com\/index.php\/wp-json\/wp\/v2\/media?parent=23142"}],"wp:term":[{"taxonomy":"category","embeddable":true,"href":"https:\/\/apuntesdesanluis.com\/index.php\/wp-json\/wp\/v2\/categories?post=23142"},{"taxonomy":"post_tag","embeddable":true,"href":"https:\/\/apuntesdesanluis.com\/index.php\/wp-json\/wp\/v2\/tags?post=23142"}],"curies":[{"name":"wp","href":"https:\/\/api.w.org\/{rel}","templated":true}]}}