{"id":23145,"date":"2024-09-30T19:24:34","date_gmt":"2024-09-30T22:24:34","guid":{"rendered":"https:\/\/apuntesdesanluis.com\/?p=23145"},"modified":"2024-09-30T19:24:34","modified_gmt":"2024-09-30T22:24:34","slug":"lanzan-observatorio-de-transporte-y-una-aplicacion-para-usuarios-del-interurbano","status":"publish","type":"post","link":"https:\/\/apuntesdesanluis.com\/index.php\/2024\/09\/30\/lanzan-observatorio-de-transporte-y-una-aplicacion-para-usuarios-del-interurbano\/","title":{"rendered":"LANZAN OBSERVATORIO DE TRANSPORTE Y UNA APLICACI\u00d3N PARA USUARIOS DEL INTERURBANO"},"content":{"rendered":"<h3>La primera permitir\u00e1 monitorear las unidades en tiempo real desde la EDIRO. La segunda, \u2018TIP San Luis\u2019, ofrecer\u00e1 informaci\u00f3n precisa a los pasajeros sobre viajes y tiempos de espera.<\/h3>\n<h3>El sistema de transporte se moderniza para ofrecer una mejor experiencia de servicio a los usuarios locales y tambi\u00e9n a los turistas que lleguen para disfrutar de San Luis. Este lunes, en la EDIRO, el gobernador <strong>Claudio Poggi<\/strong> y el secretario de Transporte, <strong>V\u00edctor Cianchino<\/strong>, pusieron en marcha el Observatorio de Transporte y lanzaron \u2018TIP San Luis\u2019, una innovadora aplicaci\u00f3n m\u00f3vil con informaci\u00f3n \u00fatil y precisa para pasajeros del interurbano.<\/h3>\n<h3>En el microcine, en la planta baja de la terminal, Cianchino present\u00f3 la plataforma \u2018Transporte Integral Provincial San Luis\u2019, que tendr\u00e1 formato de aplicaci\u00f3n m\u00f3vil para tel\u00e9fonos y tambi\u00e9n una p\u00e1gina web que estar\u00e1 operativa en los pr\u00f3ximos d\u00edas.<\/h3>\n<p><img fetchpriority=\"high\" decoding=\"async\" class=\"wp-image-23147 aligncenter\" src=\"https:\/\/apuntesdesanluis.com\/wp-content\/uploads\/2024\/09\/gianchino-300x204.png\" alt=\"\" width=\"657\" height=\"447\" srcset=\"https:\/\/apuntesdesanluis.com\/wp-content\/uploads\/2024\/09\/gianchino-300x204.png 300w, https:\/\/apuntesdesanluis.com\/wp-content\/uploads\/2024\/09\/gianchino.png 663w\" sizes=\"(max-width: 657px) 100vw, 657px\" \/><\/p>\n<h3>El sistema cuenta con un buscador con todos los corredores y servicios, las empresas que lo prestan, sus horarios, frecuencias de lunes a lunes y tarifas. Tambi\u00e9n un mapa que, gracias a un sistema de GPS, permitir\u00e1 que el usuario visualice en tiempo real d\u00f3nde est\u00e1 su colectivo y con ello estimar el tiempo de arribo y la posterior duraci\u00f3n del viaje.<\/h3>\n<h3>Uno de los desarrolladores del programa explic\u00f3 que los usuarios, una vez registrados, tambi\u00e9n podr\u00e1n comprar sus pasajes para los corredores m\u00e1s largos abonando con Mercado Pago.<\/h3>\n<h3>Los usuarios podr\u00e1n acceder a la app escaneando los c\u00f3digos QR que estar\u00e1n disponibles desde este martes en las redes sociales de Transporte y en todas las unidades del interurbano.<\/h3>\n<h3><strong>UNA BASE DE DATOS PARA MEJORAR<\/strong><\/h3>\n<h3>Al comienzo de su alocuci\u00f3n, Cianchino lament\u00f3 que en diciembre, cuando asumi\u00f3 la actual gesti\u00f3n, el \u00e1rea de Transporte estaba \u201cabsolutamente desordenada, con un sistema deficiente y si se quiere antiguo\u201d, sin datos sobre el funcionamiento de los corredores y con una gran desconfianza por parte de los pasajeros en cuanto a la prestaci\u00f3n.<\/h3>\n<h3><img decoding=\"async\" class=\"wp-image-23148 aligncenter\" src=\"https:\/\/apuntesdesanluis.com\/wp-content\/uploads\/2024\/09\/observatorio-300x202.png\" alt=\"\" width=\"691\" height=\"465\" srcset=\"https:\/\/apuntesdesanluis.com\/wp-content\/uploads\/2024\/09\/observatorio-300x202.png 300w, https:\/\/apuntesdesanluis.com\/wp-content\/uploads\/2024\/09\/observatorio.png 740w\" sizes=\"(max-width: 691px) 100vw, 691px\" \/><\/h3>\n<h3>Por eso, otro de los objetivos centrales de las aplicaciones presentadas este lunes es justamente \u201cobtener datos, porque lo que no se puede medir no se puede mejorar y este aporte ser\u00e1 sumamente importante para definir pol\u00edticas p\u00fablicas\u201d, destac\u00f3 el Secretario.<\/h3>\n<h3>El Observatorio de Transporte, ubicado en el primer piso, tuvo su corte de cintas minutos antes de las 13:00 y sus operadores, capacitados especialmente, recibieron las felicitaciones de Poggi y su comitiva.<\/h3>\n<h3>Esta otra iniciativa tiene la ventaja de ofrecer informaci\u00f3n, tambi\u00e9n en tiempo real, sobre el funcionamiento del todo el sistema de transporte a nivel provincial, recopilar y analizar datos que ayuden a la optimizacion del servicio, tambi\u00e9n contribuir a la toma de decisiones y evaluaci\u00f3n de pol\u00edticas implementadas y, quiz\u00e1s la m\u00e1s importante, un aporte a la seguridad de los pasajeros, los choferes y sus unidades con la instalaci\u00f3n de c\u00e1maras de seguridad en cada colectivo y tambi\u00e9n un bot\u00f3n antip\u00e1nico para alertar sobre cualquier eventualidad.<\/h3>\n<h3>\u201cEstamos dando un paso muy importante, recuperando el espacio perdido. Provincias vecinas ya lo tienen a esto en funcionamiento y nosotros estamos atrasados. Incorporar la tecnolog\u00eda en beneficio de los usuarios de transporte interurbano de una aplicaci\u00f3n digital. Desde su celular ver las paradas, los horarios, los tiempos, los costos, poder inclusive hasta en algunos tramos sacar los pasajes, la verdad que es un avance muy importante. Estoy muy contento con este progreso en el que ha trabajado todo el equipo de la secretar\u00eda de Transporte\u201d, dijo Poggi.<\/h3>\n<p><iframe title=\"Claudio Poggi, gobernador de San Luis\" width=\"640\" height=\"360\" src=\"https:\/\/www.youtube.com\/embed\/0XA8AfFUNzU?feature=oembed\" frameborder=\"0\" allow=\"accelerometer; autoplay; clipboard-write; encrypted-media; gyroscope; picture-in-picture; web-share\" referrerpolicy=\"strict-origin-when-cross-origin\" allowfullscreen><\/iframe><\/p>\n<p>&nbsp;<\/p>\n<p>&nbsp;<\/p>\n<p>&nbsp;<\/p>\n<h3><\/h3>\n","protected":false},"excerpt":{"rendered":"<p>La primera permitir\u00e1 monitorear las unidades en tiempo real desde la EDIRO. La segunda, \u2018TIP&#8230;<\/p>\n","protected":false},"author":1,"featured_media":23146,"comment_status":"closed","ping_status":"closed","sticky":false,"template":"","format":"standard","meta":{"footnotes":""},"categories":[6],"tags":[],"class_list":["post-23145","post","type-post","status-publish","format-standard","has-post-thumbnail","hentry","category-ciudad-provincia"],"yoast_head":"<!-- This site is optimized with the Yoast SEO plugin v26.1.1 - https:\/\/yoast.com\/wordpress\/plugins\/seo\/ -->\n<title>LANZAN OBSERVATORIO DE TRANSPORTE Y UNA APLICACI\u00d3N PARA USUARIOS DEL INTERURBANO - Apuntes de San Luis<\/title>\n<meta name=\"robots\" content=\"index, follow, max-snippet:-1, max-image-preview:large, max-video-preview:-1\" \/>\n<link rel=\"canonical\" href=\"https:\/\/apuntesdesanluis.com\/index.php\/2024\/09\/30\/lanzan-observatorio-de-transporte-y-una-aplicacion-para-usuarios-del-interurbano\/\" \/>\n<meta property=\"og:locale\" content=\"es_ES\" \/>\n<meta property=\"og:type\" content=\"article\" \/>\n<meta property=\"og:title\" content=\"LANZAN OBSERVATORIO DE TRANSPORTE Y UNA APLICACI\u00d3N PARA USUARIOS DEL INTERURBANO - Apuntes de San Luis\" \/>\n<meta property=\"og:description\" content=\"La primera permitir\u00e1 monitorear las unidades en tiempo real desde la EDIRO. La segunda, \u2018TIP...\" \/>\n<meta property=\"og:url\" content=\"https:\/\/apuntesdesanluis.com\/index.php\/2024\/09\/30\/lanzan-observatorio-de-transporte-y-una-aplicacion-para-usuarios-del-interurbano\/\" \/>\n<meta property=\"og:site_name\" content=\"Apuntes de San Luis\" \/>\n<meta property=\"article:published_time\" content=\"2024-09-30T22:24:34+00:00\" \/>\n<meta property=\"og:image\" content=\"https:\/\/apuntesdesanluis.com\/wp-content\/uploads\/2024\/09\/poggi-observatorio.png\" \/>\n\t<meta property=\"og:image:width\" content=\"749\" \/>\n\t<meta property=\"og:image:height\" content=\"467\" \/>\n\t<meta property=\"og:image:type\" content=\"image\/png\" \/>\n<meta name=\"author\" content=\"apuntesdesanluis.com\" \/>\n<meta name=\"twitter:card\" content=\"summary_large_image\" \/>\n<meta name=\"twitter:label1\" content=\"Escrito por\" \/>\n\t<meta name=\"twitter:data1\" content=\"apuntesdesanluis.com\" \/>\n\t<meta name=\"twitter:label2\" content=\"Tiempo de lectura\" \/>\n\t<meta name=\"twitter:data2\" content=\"4 minutos\" \/>\n<script type=\"application\/ld+json\" class=\"yoast-schema-graph\">{\"@context\":\"https:\/\/schema.org\",\"@graph\":[{\"@type\":\"Article\",\"@id\":\"https:\/\/apuntesdesanluis.com\/index.php\/2024\/09\/30\/lanzan-observatorio-de-transporte-y-una-aplicacion-para-usuarios-del-interurbano\/#article\",\"isPartOf\":{\"@id\":\"https:\/\/apuntesdesanluis.com\/index.php\/2024\/09\/30\/lanzan-observatorio-de-transporte-y-una-aplicacion-para-usuarios-del-interurbano\/\"},\"author\":{\"name\":\"apuntesdesanluis.com\",\"@id\":\"https:\/\/apuntesdesanluis.com\/#\/schema\/person\/b55151d52296fcce64d1a72538a70b90\"},\"headline\":\"LANZAN OBSERVATORIO DE TRANSPORTE Y UNA APLICACI\u00d3N PARA USUARIOS DEL INTERURBANO\",\"datePublished\":\"2024-09-30T22:24:34+00:00\",\"mainEntityOfPage\":{\"@id\":\"https:\/\/apuntesdesanluis.com\/index.php\/2024\/09\/30\/lanzan-observatorio-de-transporte-y-una-aplicacion-para-usuarios-del-interurbano\/\"},\"wordCount\":627,\"publisher\":{\"@id\":\"https:\/\/apuntesdesanluis.com\/#\/schema\/person\/b55151d52296fcce64d1a72538a70b90\"},\"image\":{\"@id\":\"https:\/\/apuntesdesanluis.com\/index.php\/2024\/09\/30\/lanzan-observatorio-de-transporte-y-una-aplicacion-para-usuarios-del-interurbano\/#primaryimage\"},\"thumbnailUrl\":\"https:\/\/apuntesdesanluis.com\/wp-content\/uploads\/2024\/09\/poggi-observatorio.png\",\"articleSection\":[\"Ciudad\/Provincia\"],\"inLanguage\":\"es-AR\"},{\"@type\":\"WebPage\",\"@id\":\"https:\/\/apuntesdesanluis.com\/index.php\/2024\/09\/30\/lanzan-observatorio-de-transporte-y-una-aplicacion-para-usuarios-del-interurbano\/\",\"url\":\"https:\/\/apuntesdesanluis.com\/index.php\/2024\/09\/30\/lanzan-observatorio-de-transporte-y-una-aplicacion-para-usuarios-del-interurbano\/\",\"name\":\"LANZAN OBSERVATORIO DE TRANSPORTE Y UNA APLICACI\u00d3N PARA USUARIOS DEL INTERURBANO - Apuntes de San Luis\",\"isPartOf\":{\"@id\":\"https:\/\/apuntesdesanluis.com\/#website\"},\"primaryImageOfPage\":{\"@id\":\"https:\/\/apuntesdesanluis.com\/index.php\/2024\/09\/30\/lanzan-observatorio-de-transporte-y-una-aplicacion-para-usuarios-del-interurbano\/#primaryimage\"},\"image\":{\"@id\":\"https:\/\/apuntesdesanluis.com\/index.php\/2024\/09\/30\/lanzan-observatorio-de-transporte-y-una-aplicacion-para-usuarios-del-interurbano\/#primaryimage\"},\"thumbnailUrl\":\"https:\/\/apuntesdesanluis.com\/wp-content\/uploads\/2024\/09\/poggi-observatorio.png\",\"datePublished\":\"2024-09-30T22:24:34+00:00\",\"breadcrumb\":{\"@id\":\"https:\/\/apuntesdesanluis.com\/index.php\/2024\/09\/30\/lanzan-observatorio-de-transporte-y-una-aplicacion-para-usuarios-del-interurbano\/#breadcrumb\"},\"inLanguage\":\"es-AR\",\"potentialAction\":[{\"@type\":\"ReadAction\",\"target\":[\"https:\/\/apuntesdesanluis.com\/index.php\/2024\/09\/30\/lanzan-observatorio-de-transporte-y-una-aplicacion-para-usuarios-del-interurbano\/\"]}]},{\"@type\":\"ImageObject\",\"inLanguage\":\"es-AR\",\"@id\":\"https:\/\/apuntesdesanluis.com\/index.php\/2024\/09\/30\/lanzan-observatorio-de-transporte-y-una-aplicacion-para-usuarios-del-interurbano\/#primaryimage\",\"url\":\"https:\/\/apuntesdesanluis.com\/wp-content\/uploads\/2024\/09\/poggi-observatorio.png\",\"contentUrl\":\"https:\/\/apuntesdesanluis.com\/wp-content\/uploads\/2024\/09\/poggi-observatorio.png\",\"width\":749,\"height\":467},{\"@type\":\"BreadcrumbList\",\"@id\":\"https:\/\/apuntesdesanluis.com\/index.php\/2024\/09\/30\/lanzan-observatorio-de-transporte-y-una-aplicacion-para-usuarios-del-interurbano\/#breadcrumb\",\"itemListElement\":[{\"@type\":\"ListItem\",\"position\":1,\"name\":\"Inicio\",\"item\":\"https:\/\/apuntesdesanluis.com\/\"},{\"@type\":\"ListItem\",\"position\":2,\"name\":\"LANZAN OBSERVATORIO DE TRANSPORTE Y UNA APLICACI\u00d3N PARA USUARIOS DEL INTERURBANO\"}]},{\"@type\":\"WebSite\",\"@id\":\"https:\/\/apuntesdesanluis.com\/#website\",\"url\":\"https:\/\/apuntesdesanluis.com\/\",\"name\":\"Apuntes de San Luis\",\"description\":\"\",\"publisher\":{\"@id\":\"https:\/\/apuntesdesanluis.com\/#\/schema\/person\/b55151d52296fcce64d1a72538a70b90\"},\"potentialAction\":[{\"@type\":\"SearchAction\",\"target\":{\"@type\":\"EntryPoint\",\"urlTemplate\":\"https:\/\/apuntesdesanluis.com\/?s={search_term_string}\"},\"query-input\":{\"@type\":\"PropertyValueSpecification\",\"valueRequired\":true,\"valueName\":\"search_term_string\"}}],\"inLanguage\":\"es-AR\"},{\"@type\":[\"Person\",\"Organization\"],\"@id\":\"https:\/\/apuntesdesanluis.com\/#\/schema\/person\/b55151d52296fcce64d1a72538a70b90\",\"name\":\"apuntesdesanluis.com\",\"image\":{\"@type\":\"ImageObject\",\"inLanguage\":\"es-AR\",\"@id\":\"https:\/\/apuntesdesanluis.com\/#\/schema\/person\/image\/\",\"url\":\"https:\/\/apuntesdesanluis.com\/wp-content\/uploads\/2023\/07\/cropped-apuntesdesanluis.png\",\"contentUrl\":\"https:\/\/apuntesdesanluis.com\/wp-content\/uploads\/2023\/07\/cropped-apuntesdesanluis.png\",\"width\":450,\"height\":112,\"caption\":\"apuntesdesanluis.com\"},\"logo\":{\"@id\":\"https:\/\/apuntesdesanluis.com\/#\/schema\/person\/image\/\"},\"sameAs\":[\"https:\/\/apuntesdesanluis.com\"],\"url\":\"https:\/\/apuntesdesanluis.com\/index.php\/author\/apuntesdesanluis-com\/\"}]}<\/script>\n<!-- \/ Yoast SEO plugin. -->","yoast_head_json":{"title":"LANZAN OBSERVATORIO DE TRANSPORTE Y UNA APLICACI\u00d3N PARA USUARIOS DEL INTERURBANO - Apuntes de San Luis","robots":{"index":"index","follow":"follow","max-snippet":"max-snippet:-1","max-image-preview":"max-image-preview:large","max-video-preview":"max-video-preview:-1"},"canonical":"https:\/\/apuntesdesanluis.com\/index.php\/2024\/09\/30\/lanzan-observatorio-de-transporte-y-una-aplicacion-para-usuarios-del-interurbano\/","og_locale":"es_ES","og_type":"article","og_title":"LANZAN OBSERVATORIO DE TRANSPORTE Y UNA APLICACI\u00d3N PARA USUARIOS DEL INTERURBANO - Apuntes de San Luis","og_description":"La primera permitir\u00e1 monitorear las unidades en tiempo real desde la EDIRO. La segunda, \u2018TIP...","og_url":"https:\/\/apuntesdesanluis.com\/index.php\/2024\/09\/30\/lanzan-observatorio-de-transporte-y-una-aplicacion-para-usuarios-del-interurbano\/","og_site_name":"Apuntes de San Luis","article_published_time":"2024-09-30T22:24:34+00:00","og_image":[{"width":749,"height":467,"url":"https:\/\/apuntesdesanluis.com\/wp-content\/uploads\/2024\/09\/poggi-observatorio.png","type":"image\/png"}],"author":"apuntesdesanluis.com","twitter_card":"summary_large_image","twitter_misc":{"Escrito por":"apuntesdesanluis.com","Tiempo de lectura":"4 minutos"},"schema":{"@context":"https:\/\/schema.org","@graph":[{"@type":"Article","@id":"https:\/\/apuntesdesanluis.com\/index.php\/2024\/09\/30\/lanzan-observatorio-de-transporte-y-una-aplicacion-para-usuarios-del-interurbano\/#article","isPartOf":{"@id":"https:\/\/apuntesdesanluis.com\/index.php\/2024\/09\/30\/lanzan-observatorio-de-transporte-y-una-aplicacion-para-usuarios-del-interurbano\/"},"author":{"name":"apuntesdesanluis.com","@id":"https:\/\/apuntesdesanluis.com\/#\/schema\/person\/b55151d52296fcce64d1a72538a70b90"},"headline":"LANZAN OBSERVATORIO DE TRANSPORTE Y UNA APLICACI\u00d3N PARA USUARIOS DEL INTERURBANO","datePublished":"2024-09-30T22:24:34+00:00","mainEntityOfPage":{"@id":"https:\/\/apuntesdesanluis.com\/index.php\/2024\/09\/30\/lanzan-observatorio-de-transporte-y-una-aplicacion-para-usuarios-del-interurbano\/"},"wordCount":627,"publisher":{"@id":"https:\/\/apuntesdesanluis.com\/#\/schema\/person\/b55151d52296fcce64d1a72538a70b90"},"image":{"@id":"https:\/\/apuntesdesanluis.com\/index.php\/2024\/09\/30\/lanzan-observatorio-de-transporte-y-una-aplicacion-para-usuarios-del-interurbano\/#primaryimage"},"thumbnailUrl":"https:\/\/apuntesdesanluis.com\/wp-content\/uploads\/2024\/09\/poggi-observatorio.png","articleSection":["Ciudad\/Provincia"],"inLanguage":"es-AR"},{"@type":"WebPage","@id":"https:\/\/apuntesdesanluis.com\/index.php\/2024\/09\/30\/lanzan-observatorio-de-transporte-y-una-aplicacion-para-usuarios-del-interurbano\/","url":"https:\/\/apuntesdesanluis.com\/index.php\/2024\/09\/30\/lanzan-observatorio-de-transporte-y-una-aplicacion-para-usuarios-del-interurbano\/","name":"LANZAN OBSERVATORIO DE TRANSPORTE Y UNA APLICACI\u00d3N PARA USUARIOS DEL INTERURBANO - Apuntes de San Luis","isPartOf":{"@id":"https:\/\/apuntesdesanluis.com\/#website"},"primaryImageOfPage":{"@id":"https:\/\/apuntesdesanluis.com\/index.php\/2024\/09\/30\/lanzan-observatorio-de-transporte-y-una-aplicacion-para-usuarios-del-interurbano\/#primaryimage"},"image":{"@id":"https:\/\/apuntesdesanluis.com\/index.php\/2024\/09\/30\/lanzan-observatorio-de-transporte-y-una-aplicacion-para-usuarios-del-interurbano\/#primaryimage"},"thumbnailUrl":"https:\/\/apuntesdesanluis.com\/wp-content\/uploads\/2024\/09\/poggi-observatorio.png","datePublished":"2024-09-30T22:24:34+00:00","breadcrumb":{"@id":"https:\/\/apuntesdesanluis.com\/index.php\/2024\/09\/30\/lanzan-observatorio-de-transporte-y-una-aplicacion-para-usuarios-del-interurbano\/#breadcrumb"},"inLanguage":"es-AR","potentialAction":[{"@type":"ReadAction","target":["https:\/\/apuntesdesanluis.com\/index.php\/2024\/09\/30\/lanzan-observatorio-de-transporte-y-una-aplicacion-para-usuarios-del-interurbano\/"]}]},{"@type":"ImageObject","inLanguage":"es-AR","@id":"https:\/\/apuntesdesanluis.com\/index.php\/2024\/09\/30\/lanzan-observatorio-de-transporte-y-una-aplicacion-para-usuarios-del-interurbano\/#primaryimage","url":"https:\/\/apuntesdesanluis.com\/wp-content\/uploads\/2024\/09\/poggi-observatorio.png","contentUrl":"https:\/\/apuntesdesanluis.com\/wp-content\/uploads\/2024\/09\/poggi-observatorio.png","width":749,"height":467},{"@type":"BreadcrumbList","@id":"https:\/\/apuntesdesanluis.com\/index.php\/2024\/09\/30\/lanzan-observatorio-de-transporte-y-una-aplicacion-para-usuarios-del-interurbano\/#breadcrumb","itemListElement":[{"@type":"ListItem","position":1,"name":"Inicio","item":"https:\/\/apuntesdesanluis.com\/"},{"@type":"ListItem","position":2,"name":"LANZAN OBSERVATORIO DE TRANSPORTE Y UNA APLICACI\u00d3N PARA USUARIOS DEL INTERURBANO"}]},{"@type":"WebSite","@id":"https:\/\/apuntesdesanluis.com\/#website","url":"https:\/\/apuntesdesanluis.com\/","name":"Apuntes de San Luis","description":"","publisher":{"@id":"https:\/\/apuntesdesanluis.com\/#\/schema\/person\/b55151d52296fcce64d1a72538a70b90"},"potentialAction":[{"@type":"SearchAction","target":{"@type":"EntryPoint","urlTemplate":"https:\/\/apuntesdesanluis.com\/?s={search_term_string}"},"query-input":{"@type":"PropertyValueSpecification","valueRequired":true,"valueName":"search_term_string"}}],"inLanguage":"es-AR"},{"@type":["Person","Organization"],"@id":"https:\/\/apuntesdesanluis.com\/#\/schema\/person\/b55151d52296fcce64d1a72538a70b90","name":"apuntesdesanluis.com","image":{"@type":"ImageObject","inLanguage":"es-AR","@id":"https:\/\/apuntesdesanluis.com\/#\/schema\/person\/image\/","url":"https:\/\/apuntesdesanluis.com\/wp-content\/uploads\/2023\/07\/cropped-apuntesdesanluis.png","contentUrl":"https:\/\/apuntesdesanluis.com\/wp-content\/uploads\/2023\/07\/cropped-apuntesdesanluis.png","width":450,"height":112,"caption":"apuntesdesanluis.com"},"logo":{"@id":"https:\/\/apuntesdesanluis.com\/#\/schema\/person\/image\/"},"sameAs":["https:\/\/apuntesdesanluis.com"],"url":"https:\/\/apuntesdesanluis.com\/index.php\/author\/apuntesdesanluis-com\/"}]}},"featured_image_urls":{"full":["https:\/\/apuntesdesanluis.com\/wp-content\/uploads\/2024\/09\/poggi-observatorio.png",749,467,false],"thumbnail":["https:\/\/apuntesdesanluis.com\/wp-content\/uploads\/2024\/09\/poggi-observatorio-150x150.png",150,150,true],"medium":["https:\/\/apuntesdesanluis.com\/wp-content\/uploads\/2024\/09\/poggi-observatorio-300x187.png",300,187,true],"medium_large":["https:\/\/apuntesdesanluis.com\/wp-content\/uploads\/2024\/09\/poggi-observatorio.png",640,399,false],"large":["https:\/\/apuntesdesanluis.com\/wp-content\/uploads\/2024\/09\/poggi-observatorio.png",640,399,false],"1536x1536":["https:\/\/apuntesdesanluis.com\/wp-content\/uploads\/2024\/09\/poggi-observatorio.png",749,467,false],"2048x2048":["https:\/\/apuntesdesanluis.com\/wp-content\/uploads\/2024\/09\/poggi-observatorio.png",749,467,false],"newsever-slider-full":["https:\/\/apuntesdesanluis.com\/wp-content\/uploads\/2024\/09\/poggi-observatorio.png",749,467,false],"newsever-featured":["https:\/\/apuntesdesanluis.com\/wp-content\/uploads\/2024\/09\/poggi-observatorio.png",749,467,false],"newsever-medium":["https:\/\/apuntesdesanluis.com\/wp-content\/uploads\/2024\/09\/poggi-observatorio-720x467.png",720,467,true]},"author_info":{"display_name":"apuntesdesanluis.com","author_link":"https:\/\/apuntesdesanluis.com\/index.php\/author\/apuntesdesanluis-com\/"},"category_info":"<a href=\"https:\/\/apuntesdesanluis.com\/index.php\/category\/ciudad-provincia\/\" rel=\"category tag\">Ciudad\/Provincia<\/a>","tag_info":"Ciudad\/Provincia","comment_count":"0","_links":{"self":[{"href":"https:\/\/apuntesdesanluis.com\/index.php\/wp-json\/wp\/v2\/posts\/23145","targetHints":{"allow":["GET"]}}],"collection":[{"href":"https:\/\/apuntesdesanluis.com\/index.php\/wp-json\/wp\/v2\/posts"}],"about":[{"href":"https:\/\/apuntesdesanluis.com\/index.php\/wp-json\/wp\/v2\/types\/post"}],"author":[{"embeddable":true,"href":"https:\/\/apuntesdesanluis.com\/index.php\/wp-json\/wp\/v2\/users\/1"}],"replies":[{"embeddable":true,"href":"https:\/\/apuntesdesanluis.com\/index.php\/wp-json\/wp\/v2\/comments?post=23145"}],"version-history":[{"count":1,"href":"https:\/\/apuntesdesanluis.com\/index.php\/wp-json\/wp\/v2\/posts\/23145\/revisions"}],"predecessor-version":[{"id":23149,"href":"https:\/\/apuntesdesanluis.com\/index.php\/wp-json\/wp\/v2\/posts\/23145\/revisions\/23149"}],"wp:featuredmedia":[{"embeddable":true,"href":"https:\/\/apuntesdesanluis.com\/index.php\/wp-json\/wp\/v2\/media\/23146"}],"wp:attachment":[{"href":"https:\/\/apuntesdesanluis.com\/index.php\/wp-json\/wp\/v2\/media?parent=23145"}],"wp:term":[{"taxonomy":"category","embeddable":true,"href":"https:\/\/apuntesdesanluis.com\/index.php\/wp-json\/wp\/v2\/categories?post=23145"},{"taxonomy":"post_tag","embeddable":true,"href":"https:\/\/apuntesdesanluis.com\/index.php\/wp-json\/wp\/v2\/tags?post=23145"}],"curies":[{"name":"wp","href":"https:\/\/api.w.org\/{rel}","templated":true}]}}