{"id":23154,"date":"2024-09-30T17:50:26","date_gmt":"2024-09-30T20:50:26","guid":{"rendered":"https:\/\/apuntesdesanluis.com\/?p=23154"},"modified":"2024-09-30T19:50:55","modified_gmt":"2024-09-30T22:50:55","slug":"merlo-se-lucio-en-la-29-feria-internacional-de-turismo","status":"publish","type":"post","link":"https:\/\/apuntesdesanluis.com\/index.php\/2024\/09\/30\/merlo-se-lucio-en-la-29-feria-internacional-de-turismo\/","title":{"rendered":"MERLO SE LUCI\u00d3 EN LA 29\u00b0 FERIA INTERNACIONAL DE TURISMO"},"content":{"rendered":"<h3>En la 29\u00b0 Feria Internacional de Turismo (FIT) y bajo su nuevo slogan, \u201cSo\u00f1\u00e1 &amp; Viv\u00ed, Sent\u00ed Merlo\u201d, la villa tur\u00edstica fue parte del stand de Cuyo junto al Ministerio de Turismo y Cultura de la Provincia de San Luis.<\/h3>\n<h3>Durante los dos primeros d\u00edas se presentaron sus principales atractivos, adem\u00e1s de la variada propuesta de servicios tur\u00edsticos que ofrecen sus prestadores locales.<\/h3>\n<h3>La jornada, que comenz\u00f3 el s\u00e1bado 28 a las 14 h tras el acto oficial de apertura, estuvo marcada por una serie de actividades din\u00e1micas y participativas. Uno de los momentos m\u00e1s disfrutados por el p\u00fablico fue la invitaci\u00f3n a participar en juegos sensoriales dise\u00f1ados para poner a prueba los conocimientos de los visitantes sobre el destino, creando una experiencia interactiva y entretenida que captur\u00f3 la atenci\u00f3n de muchos.<\/h3>\n<h3>Entre las actividades m\u00e1s destacadas del d\u00eda se encontr\u00f3 la presentaci\u00f3n de Ruff Diving, expertos en buceo y aventura, quienes ofrecieron una charla motivando a los asistentes a sumergirse en una experiencia de buceo \u00fanica.<\/h3>\n<h3>Con el objetivo de dar a conocer la nutrida agenda de eventos se present\u00f3 el 51 \u00b0 Festival Nacional Valle del Sol, evento a realizarse en octubre, que re\u00fane a artistas locales y nacionales para el disfrute de residentes y turistas.<\/h3>\n<p><img fetchpriority=\"high\" decoding=\"async\" class=\"wp-image-23156 aligncenter\" src=\"https:\/\/apuntesdesanluis.com\/wp-content\/uploads\/2024\/09\/b7bd4389-106d-4bd9-a6b8-1a5d0a54a9d3-266x300.jpg\" alt=\"\" width=\"636\" height=\"717\" srcset=\"https:\/\/apuntesdesanluis.com\/wp-content\/uploads\/2024\/09\/b7bd4389-106d-4bd9-a6b8-1a5d0a54a9d3-266x300.jpg 266w, https:\/\/apuntesdesanluis.com\/wp-content\/uploads\/2024\/09\/b7bd4389-106d-4bd9-a6b8-1a5d0a54a9d3.jpg 694w\" sizes=\"(max-width: 636px) 100vw, 636px\" \/><\/p>\n<h3>Adem\u00e1s, se promocion\u00f3 la CopCom, un evento cervecero que se realizar\u00e1 en noviembre y que reunir\u00e1 a los mejores productores artesanales de la regi\u00f3n. Durante la jornada, los visitantes tambi\u00e9n pudieron disfrutar de degustaciones de productos locales como alfajores, cervezas y gin, mostrando la riqueza gastron\u00f3mica de Villa de Merlo.<\/h3>\n<h3>En simult\u00e1neo a las actividades que se desarrollaban, se llev\u00f3 a cabo la presentaci\u00f3n del Corredor Central del pa\u00eds. C\u00f3rdoba y San Luis en el stand de la Secretar\u00eda de Turismo de la Naci\u00f3n, con la degustaci\u00f3n de productos locales por cada corredor, sorteos de estad\u00edas y premios. Este corredor est\u00e1 formado por las localidades de Traslasierra, Corredor de los Comechingones y Sierras del Sur.<\/h3>\n<h3>El ambiente del stand estuvo musicalizado por Coquena, una banda merlina que sorprende con su propuesta innovadora ,fusionando ritmos del altiplano, lo que a\u00f1adi\u00f3 un toque de frescura y autenticidad a la presentaci\u00f3n del destino dentro de la regi\u00f3n de Cuyo.<\/h3>\n<h3>La participaci\u00f3n de Villa de Merlo en la FIT no solo incluye a la Secretar\u00eda de Turismo, sino tambi\u00e9n a diversos actores locales, como la Facultad de Turismo y Urbanismo; establecimientos hoteleros y gastron\u00f3micos, quienes acercaron su oferta a los visitantes, destacando la calidad y diversidad de servicios disponibles en el destino.<\/h3>\n<p><img decoding=\"async\" class=\"wp-image-23157 aligncenter\" src=\"https:\/\/apuntesdesanluis.com\/wp-content\/uploads\/2024\/09\/cab40cd1-4c9b-4bf7-a3ee-99a005038942-300x270.jpg\" alt=\"\" width=\"639\" height=\"575\" srcset=\"https:\/\/apuntesdesanluis.com\/wp-content\/uploads\/2024\/09\/cab40cd1-4c9b-4bf7-a3ee-99a005038942-300x270.jpg 300w, https:\/\/apuntesdesanluis.com\/wp-content\/uploads\/2024\/09\/cab40cd1-4c9b-4bf7-a3ee-99a005038942.jpg 700w\" sizes=\"(max-width: 639px) 100vw, 639px\" \/><\/p>\n<h3>La jornada del primer d\u00eda concluy\u00f3 con la presentaci\u00f3n de Turismo Religioso, un producto en constante crecimiento que busca poner en valor el patrimonio hist\u00f3rico y cultural de la localidad. A trav\u00e9s de esta propuesta, se invit\u00f3 a los asistentes a descubrir los circuitos que destacan por su riqueza espiritual y cultural.<\/h3>\n<h3>El primer d\u00eda en la FIT fue una muestra exitosa de la energ\u00eda, creatividad y diversidad que Villa de Merlo tiene para ofrecer, reafirmando su posici\u00f3n como uno de los destinos m\u00e1s atractivos de la regi\u00f3n.<\/h3>\n<h3>El segundo d\u00eda de la Feria Internacional de Turismo (FIT) finaliz\u00f3 con un notable \u00e9xito para Villa de Merlo. Este evento, que convoca a m\u00e1s de 125 mil asistentes y re\u00fane a representantes de m\u00e1s de 50 pa\u00edses, se destaca como una plataforma clave para el posicionamiento y la promoci\u00f3n de destinos tur\u00edsticos. En el stand de la regi\u00f3n de Cuyo, la provincia de San Luis, junto con Villa de Merlo, fue protagonista de una jornada que reflej\u00f3 la diversidad y la riqueza tur\u00edstica de la regi\u00f3n.<\/h3>\n<h3>El domingo 29 comenz\u00f3 con una gran afluencia de p\u00fablico, lo que permiti\u00f3 que Villa de Merlo desplegara sus actividades interactivas en las que se entregaron premios y se realizaron sorteos. Los juegos sensoriales estuvieron presentes toda la tarde en diferentes momentos de concurrencia, invitando a vivir la experiencia de descubrir Merlo a trav\u00e9s de los sentidos.<\/h3>\n<h3>En el marco de la promoci\u00f3n de la agenda tur\u00edstica del destino, se present\u00f3 la Reuni\u00f3n del Motociclista Argentino, evento que re\u00fane a m\u00e1s de 2000 participantes. Estuvo presente la Agrupaci\u00f3n Latino Americanos Motociclistas Asociados (LAMA), la cual brind\u00f3 al p\u00fablico una exhibici\u00f3n de motos en el predio de La Rural.<\/h3>\n<p><img decoding=\"async\" class=\"wp-image-23158 aligncenter\" src=\"https:\/\/apuntesdesanluis.com\/wp-content\/uploads\/2024\/09\/5000b720-3de0-4411-9f4e-55b2f8b5268e-300x164.jpg\" alt=\"\" width=\"713\" height=\"390\" srcset=\"https:\/\/apuntesdesanluis.com\/wp-content\/uploads\/2024\/09\/5000b720-3de0-4411-9f4e-55b2f8b5268e-300x164.jpg 300w, https:\/\/apuntesdesanluis.com\/wp-content\/uploads\/2024\/09\/5000b720-3de0-4411-9f4e-55b2f8b5268e.jpg 592w\" sizes=\"(max-width: 713px) 100vw, 713px\" \/><\/p>\n<h3>Posterior a ello, se realiz\u00f3 una presentaci\u00f3n acerca de la profesionalizaci\u00f3n de la actividad tur\u00edstica, que estuvo a cargo de la Gu\u00eda de Turismo Mara Molina, miembro de la Asociaci\u00f3n de Gu\u00edas de Turismo, con el objetivo de brindar herramientas y compartir experiencias resaltando la importancia de la formaci\u00f3n y capacitaci\u00f3n de profesionales en el \u00e1mbito tur\u00edstico.<\/h3>\n<h3>El cierre de la tarde estuvo a cargo de la banda merlina Coquena, deleitando al p\u00fablico con su m\u00fasica, haciendo bailar a todos al ritmo andino y latinoamericano que los caracteriza.<\/h3>\n<h3>Con el cierre de las jornadas abiertas al p\u00fablico general, Villa de Merlo continuar\u00e1 su participaci\u00f3n en la FIT durante los d\u00edas lunes y martes, enfoc\u00e1ndose en las actividades reservadas para la prensa y profesionales del sector tur\u00edstico. Estas jornadas ser\u00e1n clave para establecer nuevos acuerdos comerciales y generar v\u00ednculos estrat\u00e9gicos con expertos de la industria. Asimismo se posicionar\u00e1 a Merlo como un destino ideal para la realizaci\u00f3n de eventos y congresos.<\/h3>\n<p>&nbsp;<\/p>\n<p>&nbsp;<\/p>\n<p>&nbsp;<\/p>\n<p>&nbsp;<\/p>\n<p>&nbsp;<\/p>\n<p>&nbsp;<\/p>\n","protected":false},"excerpt":{"rendered":"<p>En la 29\u00b0 Feria Internacional de Turismo (FIT) y bajo su nuevo slogan, \u201cSo\u00f1\u00e1 &amp;&#8230;<\/p>\n","protected":false},"author":1,"featured_media":23155,"comment_status":"closed","ping_status":"closed","sticky":false,"template":"","format":"standard","meta":{"footnotes":""},"categories":[6],"tags":[],"class_list":["post-23154","post","type-post","status-publish","format-standard","has-post-thumbnail","hentry","category-ciudad-provincia"],"yoast_head":"<!-- This site is optimized with the Yoast SEO plugin v26.1.1 - https:\/\/yoast.com\/wordpress\/plugins\/seo\/ -->\n<title>MERLO SE LUCI\u00d3 EN LA 29\u00b0 FERIA INTERNACIONAL DE TURISMO - Apuntes de San Luis<\/title>\n<meta name=\"robots\" content=\"index, follow, max-snippet:-1, max-image-preview:large, max-video-preview:-1\" \/>\n<link rel=\"canonical\" href=\"https:\/\/apuntesdesanluis.com\/index.php\/2024\/09\/30\/merlo-se-lucio-en-la-29-feria-internacional-de-turismo\/\" \/>\n<meta property=\"og:locale\" content=\"es_ES\" \/>\n<meta property=\"og:type\" content=\"article\" \/>\n<meta property=\"og:title\" content=\"MERLO SE LUCI\u00d3 EN LA 29\u00b0 FERIA INTERNACIONAL DE TURISMO - Apuntes de San Luis\" \/>\n<meta property=\"og:description\" content=\"En la 29\u00b0 Feria Internacional de Turismo (FIT) y bajo su nuevo slogan, \u201cSo\u00f1\u00e1 &amp;...\" \/>\n<meta property=\"og:url\" content=\"https:\/\/apuntesdesanluis.com\/index.php\/2024\/09\/30\/merlo-se-lucio-en-la-29-feria-internacional-de-turismo\/\" \/>\n<meta property=\"og:site_name\" content=\"Apuntes de San Luis\" \/>\n<meta property=\"article:published_time\" content=\"2024-09-30T20:50:26+00:00\" \/>\n<meta property=\"article:modified_time\" content=\"2024-09-30T22:50:55+00:00\" \/>\n<meta property=\"og:image\" content=\"https:\/\/apuntesdesanluis.com\/wp-content\/uploads\/2024\/09\/conexion.jpg\" \/>\n\t<meta property=\"og:image:width\" content=\"700\" \/>\n\t<meta property=\"og:image:height\" content=\"407\" \/>\n\t<meta property=\"og:image:type\" content=\"image\/jpeg\" \/>\n<meta name=\"author\" content=\"apuntesdesanluis.com\" \/>\n<meta name=\"twitter:card\" content=\"summary_large_image\" \/>\n<meta name=\"twitter:label1\" content=\"Escrito por\" \/>\n\t<meta name=\"twitter:data1\" content=\"apuntesdesanluis.com\" \/>\n\t<meta name=\"twitter:label2\" content=\"Tiempo de lectura\" \/>\n\t<meta name=\"twitter:data2\" content=\"5 minutos\" \/>\n<script type=\"application\/ld+json\" class=\"yoast-schema-graph\">{\"@context\":\"https:\/\/schema.org\",\"@graph\":[{\"@type\":\"Article\",\"@id\":\"https:\/\/apuntesdesanluis.com\/index.php\/2024\/09\/30\/merlo-se-lucio-en-la-29-feria-internacional-de-turismo\/#article\",\"isPartOf\":{\"@id\":\"https:\/\/apuntesdesanluis.com\/index.php\/2024\/09\/30\/merlo-se-lucio-en-la-29-feria-internacional-de-turismo\/\"},\"author\":{\"name\":\"apuntesdesanluis.com\",\"@id\":\"https:\/\/apuntesdesanluis.com\/#\/schema\/person\/b55151d52296fcce64d1a72538a70b90\"},\"headline\":\"MERLO SE LUCI\u00d3 EN LA 29\u00b0 FERIA INTERNACIONAL DE TURISMO\",\"datePublished\":\"2024-09-30T20:50:26+00:00\",\"dateModified\":\"2024-09-30T22:50:55+00:00\",\"mainEntityOfPage\":{\"@id\":\"https:\/\/apuntesdesanluis.com\/index.php\/2024\/09\/30\/merlo-se-lucio-en-la-29-feria-internacional-de-turismo\/\"},\"wordCount\":948,\"publisher\":{\"@id\":\"https:\/\/apuntesdesanluis.com\/#\/schema\/person\/b55151d52296fcce64d1a72538a70b90\"},\"image\":{\"@id\":\"https:\/\/apuntesdesanluis.com\/index.php\/2024\/09\/30\/merlo-se-lucio-en-la-29-feria-internacional-de-turismo\/#primaryimage\"},\"thumbnailUrl\":\"https:\/\/apuntesdesanluis.com\/wp-content\/uploads\/2024\/09\/conexion.jpg\",\"articleSection\":[\"Ciudad\/Provincia\"],\"inLanguage\":\"es-AR\"},{\"@type\":\"WebPage\",\"@id\":\"https:\/\/apuntesdesanluis.com\/index.php\/2024\/09\/30\/merlo-se-lucio-en-la-29-feria-internacional-de-turismo\/\",\"url\":\"https:\/\/apuntesdesanluis.com\/index.php\/2024\/09\/30\/merlo-se-lucio-en-la-29-feria-internacional-de-turismo\/\",\"name\":\"MERLO SE LUCI\u00d3 EN LA 29\u00b0 FERIA INTERNACIONAL DE TURISMO - Apuntes de San Luis\",\"isPartOf\":{\"@id\":\"https:\/\/apuntesdesanluis.com\/#website\"},\"primaryImageOfPage\":{\"@id\":\"https:\/\/apuntesdesanluis.com\/index.php\/2024\/09\/30\/merlo-se-lucio-en-la-29-feria-internacional-de-turismo\/#primaryimage\"},\"image\":{\"@id\":\"https:\/\/apuntesdesanluis.com\/index.php\/2024\/09\/30\/merlo-se-lucio-en-la-29-feria-internacional-de-turismo\/#primaryimage\"},\"thumbnailUrl\":\"https:\/\/apuntesdesanluis.com\/wp-content\/uploads\/2024\/09\/conexion.jpg\",\"datePublished\":\"2024-09-30T20:50:26+00:00\",\"dateModified\":\"2024-09-30T22:50:55+00:00\",\"breadcrumb\":{\"@id\":\"https:\/\/apuntesdesanluis.com\/index.php\/2024\/09\/30\/merlo-se-lucio-en-la-29-feria-internacional-de-turismo\/#breadcrumb\"},\"inLanguage\":\"es-AR\",\"potentialAction\":[{\"@type\":\"ReadAction\",\"target\":[\"https:\/\/apuntesdesanluis.com\/index.php\/2024\/09\/30\/merlo-se-lucio-en-la-29-feria-internacional-de-turismo\/\"]}]},{\"@type\":\"ImageObject\",\"inLanguage\":\"es-AR\",\"@id\":\"https:\/\/apuntesdesanluis.com\/index.php\/2024\/09\/30\/merlo-se-lucio-en-la-29-feria-internacional-de-turismo\/#primaryimage\",\"url\":\"https:\/\/apuntesdesanluis.com\/wp-content\/uploads\/2024\/09\/conexion.jpg\",\"contentUrl\":\"https:\/\/apuntesdesanluis.com\/wp-content\/uploads\/2024\/09\/conexion.jpg\",\"width\":700,\"height\":407},{\"@type\":\"BreadcrumbList\",\"@id\":\"https:\/\/apuntesdesanluis.com\/index.php\/2024\/09\/30\/merlo-se-lucio-en-la-29-feria-internacional-de-turismo\/#breadcrumb\",\"itemListElement\":[{\"@type\":\"ListItem\",\"position\":1,\"name\":\"Inicio\",\"item\":\"https:\/\/apuntesdesanluis.com\/\"},{\"@type\":\"ListItem\",\"position\":2,\"name\":\"MERLO SE LUCI\u00d3 EN LA 29\u00b0 FERIA INTERNACIONAL DE TURISMO\"}]},{\"@type\":\"WebSite\",\"@id\":\"https:\/\/apuntesdesanluis.com\/#website\",\"url\":\"https:\/\/apuntesdesanluis.com\/\",\"name\":\"Apuntes de San Luis\",\"description\":\"\",\"publisher\":{\"@id\":\"https:\/\/apuntesdesanluis.com\/#\/schema\/person\/b55151d52296fcce64d1a72538a70b90\"},\"potentialAction\":[{\"@type\":\"SearchAction\",\"target\":{\"@type\":\"EntryPoint\",\"urlTemplate\":\"https:\/\/apuntesdesanluis.com\/?s={search_term_string}\"},\"query-input\":{\"@type\":\"PropertyValueSpecification\",\"valueRequired\":true,\"valueName\":\"search_term_string\"}}],\"inLanguage\":\"es-AR\"},{\"@type\":[\"Person\",\"Organization\"],\"@id\":\"https:\/\/apuntesdesanluis.com\/#\/schema\/person\/b55151d52296fcce64d1a72538a70b90\",\"name\":\"apuntesdesanluis.com\",\"image\":{\"@type\":\"ImageObject\",\"inLanguage\":\"es-AR\",\"@id\":\"https:\/\/apuntesdesanluis.com\/#\/schema\/person\/image\/\",\"url\":\"https:\/\/apuntesdesanluis.com\/wp-content\/uploads\/2023\/07\/cropped-apuntesdesanluis.png\",\"contentUrl\":\"https:\/\/apuntesdesanluis.com\/wp-content\/uploads\/2023\/07\/cropped-apuntesdesanluis.png\",\"width\":450,\"height\":112,\"caption\":\"apuntesdesanluis.com\"},\"logo\":{\"@id\":\"https:\/\/apuntesdesanluis.com\/#\/schema\/person\/image\/\"},\"sameAs\":[\"https:\/\/apuntesdesanluis.com\"],\"url\":\"https:\/\/apuntesdesanluis.com\/index.php\/author\/apuntesdesanluis-com\/\"}]}<\/script>\n<!-- \/ Yoast SEO plugin. -->","yoast_head_json":{"title":"MERLO SE LUCI\u00d3 EN LA 29\u00b0 FERIA INTERNACIONAL DE TURISMO - Apuntes de San Luis","robots":{"index":"index","follow":"follow","max-snippet":"max-snippet:-1","max-image-preview":"max-image-preview:large","max-video-preview":"max-video-preview:-1"},"canonical":"https:\/\/apuntesdesanluis.com\/index.php\/2024\/09\/30\/merlo-se-lucio-en-la-29-feria-internacional-de-turismo\/","og_locale":"es_ES","og_type":"article","og_title":"MERLO SE LUCI\u00d3 EN LA 29\u00b0 FERIA INTERNACIONAL DE TURISMO - Apuntes de San Luis","og_description":"En la 29\u00b0 Feria Internacional de Turismo (FIT) y bajo su nuevo slogan, \u201cSo\u00f1\u00e1 &amp;...","og_url":"https:\/\/apuntesdesanluis.com\/index.php\/2024\/09\/30\/merlo-se-lucio-en-la-29-feria-internacional-de-turismo\/","og_site_name":"Apuntes de San Luis","article_published_time":"2024-09-30T20:50:26+00:00","article_modified_time":"2024-09-30T22:50:55+00:00","og_image":[{"width":700,"height":407,"url":"https:\/\/apuntesdesanluis.com\/wp-content\/uploads\/2024\/09\/conexion.jpg","type":"image\/jpeg"}],"author":"apuntesdesanluis.com","twitter_card":"summary_large_image","twitter_misc":{"Escrito por":"apuntesdesanluis.com","Tiempo de lectura":"5 minutos"},"schema":{"@context":"https:\/\/schema.org","@graph":[{"@type":"Article","@id":"https:\/\/apuntesdesanluis.com\/index.php\/2024\/09\/30\/merlo-se-lucio-en-la-29-feria-internacional-de-turismo\/#article","isPartOf":{"@id":"https:\/\/apuntesdesanluis.com\/index.php\/2024\/09\/30\/merlo-se-lucio-en-la-29-feria-internacional-de-turismo\/"},"author":{"name":"apuntesdesanluis.com","@id":"https:\/\/apuntesdesanluis.com\/#\/schema\/person\/b55151d52296fcce64d1a72538a70b90"},"headline":"MERLO SE LUCI\u00d3 EN LA 29\u00b0 FERIA INTERNACIONAL DE TURISMO","datePublished":"2024-09-30T20:50:26+00:00","dateModified":"2024-09-30T22:50:55+00:00","mainEntityOfPage":{"@id":"https:\/\/apuntesdesanluis.com\/index.php\/2024\/09\/30\/merlo-se-lucio-en-la-29-feria-internacional-de-turismo\/"},"wordCount":948,"publisher":{"@id":"https:\/\/apuntesdesanluis.com\/#\/schema\/person\/b55151d52296fcce64d1a72538a70b90"},"image":{"@id":"https:\/\/apuntesdesanluis.com\/index.php\/2024\/09\/30\/merlo-se-lucio-en-la-29-feria-internacional-de-turismo\/#primaryimage"},"thumbnailUrl":"https:\/\/apuntesdesanluis.com\/wp-content\/uploads\/2024\/09\/conexion.jpg","articleSection":["Ciudad\/Provincia"],"inLanguage":"es-AR"},{"@type":"WebPage","@id":"https:\/\/apuntesdesanluis.com\/index.php\/2024\/09\/30\/merlo-se-lucio-en-la-29-feria-internacional-de-turismo\/","url":"https:\/\/apuntesdesanluis.com\/index.php\/2024\/09\/30\/merlo-se-lucio-en-la-29-feria-internacional-de-turismo\/","name":"MERLO SE LUCI\u00d3 EN LA 29\u00b0 FERIA INTERNACIONAL DE TURISMO - Apuntes de San Luis","isPartOf":{"@id":"https:\/\/apuntesdesanluis.com\/#website"},"primaryImageOfPage":{"@id":"https:\/\/apuntesdesanluis.com\/index.php\/2024\/09\/30\/merlo-se-lucio-en-la-29-feria-internacional-de-turismo\/#primaryimage"},"image":{"@id":"https:\/\/apuntesdesanluis.com\/index.php\/2024\/09\/30\/merlo-se-lucio-en-la-29-feria-internacional-de-turismo\/#primaryimage"},"thumbnailUrl":"https:\/\/apuntesdesanluis.com\/wp-content\/uploads\/2024\/09\/conexion.jpg","datePublished":"2024-09-30T20:50:26+00:00","dateModified":"2024-09-30T22:50:55+00:00","breadcrumb":{"@id":"https:\/\/apuntesdesanluis.com\/index.php\/2024\/09\/30\/merlo-se-lucio-en-la-29-feria-internacional-de-turismo\/#breadcrumb"},"inLanguage":"es-AR","potentialAction":[{"@type":"ReadAction","target":["https:\/\/apuntesdesanluis.com\/index.php\/2024\/09\/30\/merlo-se-lucio-en-la-29-feria-internacional-de-turismo\/"]}]},{"@type":"ImageObject","inLanguage":"es-AR","@id":"https:\/\/apuntesdesanluis.com\/index.php\/2024\/09\/30\/merlo-se-lucio-en-la-29-feria-internacional-de-turismo\/#primaryimage","url":"https:\/\/apuntesdesanluis.com\/wp-content\/uploads\/2024\/09\/conexion.jpg","contentUrl":"https:\/\/apuntesdesanluis.com\/wp-content\/uploads\/2024\/09\/conexion.jpg","width":700,"height":407},{"@type":"BreadcrumbList","@id":"https:\/\/apuntesdesanluis.com\/index.php\/2024\/09\/30\/merlo-se-lucio-en-la-29-feria-internacional-de-turismo\/#breadcrumb","itemListElement":[{"@type":"ListItem","position":1,"name":"Inicio","item":"https:\/\/apuntesdesanluis.com\/"},{"@type":"ListItem","position":2,"name":"MERLO SE LUCI\u00d3 EN LA 29\u00b0 FERIA INTERNACIONAL DE TURISMO"}]},{"@type":"WebSite","@id":"https:\/\/apuntesdesanluis.com\/#website","url":"https:\/\/apuntesdesanluis.com\/","name":"Apuntes de San Luis","description":"","publisher":{"@id":"https:\/\/apuntesdesanluis.com\/#\/schema\/person\/b55151d52296fcce64d1a72538a70b90"},"potentialAction":[{"@type":"SearchAction","target":{"@type":"EntryPoint","urlTemplate":"https:\/\/apuntesdesanluis.com\/?s={search_term_string}"},"query-input":{"@type":"PropertyValueSpecification","valueRequired":true,"valueName":"search_term_string"}}],"inLanguage":"es-AR"},{"@type":["Person","Organization"],"@id":"https:\/\/apuntesdesanluis.com\/#\/schema\/person\/b55151d52296fcce64d1a72538a70b90","name":"apuntesdesanluis.com","image":{"@type":"ImageObject","inLanguage":"es-AR","@id":"https:\/\/apuntesdesanluis.com\/#\/schema\/person\/image\/","url":"https:\/\/apuntesdesanluis.com\/wp-content\/uploads\/2023\/07\/cropped-apuntesdesanluis.png","contentUrl":"https:\/\/apuntesdesanluis.com\/wp-content\/uploads\/2023\/07\/cropped-apuntesdesanluis.png","width":450,"height":112,"caption":"apuntesdesanluis.com"},"logo":{"@id":"https:\/\/apuntesdesanluis.com\/#\/schema\/person\/image\/"},"sameAs":["https:\/\/apuntesdesanluis.com"],"url":"https:\/\/apuntesdesanluis.com\/index.php\/author\/apuntesdesanluis-com\/"}]}},"featured_image_urls":{"full":["https:\/\/apuntesdesanluis.com\/wp-content\/uploads\/2024\/09\/conexion.jpg",700,407,false],"thumbnail":["https:\/\/apuntesdesanluis.com\/wp-content\/uploads\/2024\/09\/conexion-150x150.jpg",150,150,true],"medium":["https:\/\/apuntesdesanluis.com\/wp-content\/uploads\/2024\/09\/conexion-300x174.jpg",300,174,true],"medium_large":["https:\/\/apuntesdesanluis.com\/wp-content\/uploads\/2024\/09\/conexion.jpg",640,372,false],"large":["https:\/\/apuntesdesanluis.com\/wp-content\/uploads\/2024\/09\/conexion.jpg",640,372,false],"1536x1536":["https:\/\/apuntesdesanluis.com\/wp-content\/uploads\/2024\/09\/conexion.jpg",700,407,false],"2048x2048":["https:\/\/apuntesdesanluis.com\/wp-content\/uploads\/2024\/09\/conexion.jpg",700,407,false],"newsever-slider-full":["https:\/\/apuntesdesanluis.com\/wp-content\/uploads\/2024\/09\/conexion.jpg",700,407,false],"newsever-featured":["https:\/\/apuntesdesanluis.com\/wp-content\/uploads\/2024\/09\/conexion.jpg",700,407,false],"newsever-medium":["https:\/\/apuntesdesanluis.com\/wp-content\/uploads\/2024\/09\/conexion.jpg",700,407,false]},"author_info":{"display_name":"apuntesdesanluis.com","author_link":"https:\/\/apuntesdesanluis.com\/index.php\/author\/apuntesdesanluis-com\/"},"category_info":"<a href=\"https:\/\/apuntesdesanluis.com\/index.php\/category\/ciudad-provincia\/\" rel=\"category tag\">Ciudad\/Provincia<\/a>","tag_info":"Ciudad\/Provincia","comment_count":"0","_links":{"self":[{"href":"https:\/\/apuntesdesanluis.com\/index.php\/wp-json\/wp\/v2\/posts\/23154","targetHints":{"allow":["GET"]}}],"collection":[{"href":"https:\/\/apuntesdesanluis.com\/index.php\/wp-json\/wp\/v2\/posts"}],"about":[{"href":"https:\/\/apuntesdesanluis.com\/index.php\/wp-json\/wp\/v2\/types\/post"}],"author":[{"embeddable":true,"href":"https:\/\/apuntesdesanluis.com\/index.php\/wp-json\/wp\/v2\/users\/1"}],"replies":[{"embeddable":true,"href":"https:\/\/apuntesdesanluis.com\/index.php\/wp-json\/wp\/v2\/comments?post=23154"}],"version-history":[{"count":1,"href":"https:\/\/apuntesdesanluis.com\/index.php\/wp-json\/wp\/v2\/posts\/23154\/revisions"}],"predecessor-version":[{"id":23159,"href":"https:\/\/apuntesdesanluis.com\/index.php\/wp-json\/wp\/v2\/posts\/23154\/revisions\/23159"}],"wp:featuredmedia":[{"embeddable":true,"href":"https:\/\/apuntesdesanluis.com\/index.php\/wp-json\/wp\/v2\/media\/23155"}],"wp:attachment":[{"href":"https:\/\/apuntesdesanluis.com\/index.php\/wp-json\/wp\/v2\/media?parent=23154"}],"wp:term":[{"taxonomy":"category","embeddable":true,"href":"https:\/\/apuntesdesanluis.com\/index.php\/wp-json\/wp\/v2\/categories?post=23154"},{"taxonomy":"post_tag","embeddable":true,"href":"https:\/\/apuntesdesanluis.com\/index.php\/wp-json\/wp\/v2\/tags?post=23154"}],"curies":[{"name":"wp","href":"https:\/\/api.w.org\/{rel}","templated":true}]}}