{"id":2316,"date":"2023-08-29T19:56:47","date_gmt":"2023-08-29T22:56:47","guid":{"rendered":"https:\/\/apuntesdesanluis.com\/?p=2316"},"modified":"2023-08-29T19:58:54","modified_gmt":"2023-08-29T22:58:54","slug":"intensa-busqueda-de-los-dos-argentinos-que-desaparecieron-en-el-mar-de-malaga","status":"publish","type":"post","link":"https:\/\/apuntesdesanluis.com\/index.php\/2023\/08\/29\/intensa-busqueda-de-los-dos-argentinos-que-desaparecieron-en-el-mar-de-malaga\/","title":{"rendered":"INTENSA B\u00daSQUEDA DE LOS DOS ARGENTINOS QUE DESAPARECIERON EN EL MAR DE M\u00c1LAGA"},"content":{"rendered":"<h3>Los marplatenses <strong>Maximiliano Ludvik<\/strong> (29) y <strong>Emmanuel Soria<\/strong> (34) llevan m\u00e1s de 48 horas desaparecidos en el mar de M\u00e1laga, Espa\u00f1a. El domingo a la ma\u00f1ana ingresaron a esas aguas de la costa mediterr\u00e1nea para hacer paddle surf y tomar mate mientras miraban el amanecer, pero nunca regresaron a la orilla. La tabla inflable que usaron fue encontrada un d\u00eda despu\u00e9s: estaba a 15 millas de la costa, aproximadamente unos 24 kil\u00f3metros.<\/h3>\n<h3>Hasta el momento son intensamente buscados por las autoridades locales que, tambi\u00e9n este martes, desplegaron embarcaciones y un helic\u00f3ptero para continuar con el rastrillaje.<\/h3>\n<h3>Si bien sab\u00edan nadar, ninguno de los dos era experto en paddle surf. Maxi hab\u00eda comprado la tabla por internet dos semanas antes y la hab\u00edan usado en tres o cuatro ocasiones para practicar. As\u00ed lo relat\u00f3 Camila Soria, hermana de Emmanuel, en di\u00e1logo con \u201cEspejo P\u00fablico\u201d (Antena 3).<\/h3>\n<h3>Horas m\u00e1s tarde, al ver que los j\u00f3venes no regresaban -y que hab\u00eda alerta amarilla por fuertes vientos-, Camila empez\u00f3 a inquietarse. Fue a buscarlos a la playa, pero no los encontr\u00f3. Tampoco pudo contactarse con ellos: hab\u00edan dejado los celulares en su casa. Cerca de las 16, un llamado al tel\u00e9fono de Maxi encendi\u00f3 las primeras alarmas. Del otro lado del tel\u00e9fono, su jefe y due\u00f1o de la helader\u00eda \u201cEl Barrio\u201d de M\u00e1laga, quer\u00eda saber por qu\u00e9 no se hab\u00eda presentado ese d\u00eda en el trabajo.<\/h3>\n<h3>Lo que sigui\u00f3 fue el comienzo de una b\u00fasqueda desesperada: la familia de Soria volvi\u00f3 a la playa, Camila empez\u00f3 a llamar a los hospitales, pero no hab\u00eda rastro de los marplatenses por ning\u00fan lado. Finalmente, la hermana de Emmanuel se present\u00f3 en la Comisar\u00eda Provincial de Polic\u00eda Nacional de M\u00e1laga y radic\u00f3 la denuncia por desaparici\u00f3n. Desde la noche del domingo, el centro de Salvamento Mar\u00edtimo y A\u00e9reo de Tarifa coordina la b\u00fasqueda de los j\u00f3venes.<\/h3>\n<h3><img fetchpriority=\"high\" decoding=\"async\" class=\"wp-image-2317 aligncenter\" src=\"https:\/\/apuntesdesanluis.com\/wp-content\/uploads\/2023\/08\/tabla-300x155.png\" alt=\"\" width=\"728\" height=\"376\" srcset=\"https:\/\/apuntesdesanluis.com\/wp-content\/uploads\/2023\/08\/tabla-300x155.png 300w, https:\/\/apuntesdesanluis.com\/wp-content\/uploads\/2023\/08\/tabla-768x397.png 768w, https:\/\/apuntesdesanluis.com\/wp-content\/uploads\/2023\/08\/tabla.png 838w\" sizes=\"(max-width: 728px) 100vw, 728px\" \/><\/h3>\n<h4 style=\"text-align: center;\"><em>La tabla de los argentinos desaparecidos.<\/em><\/h4>\n<h3>Maximiliano y Emmanuel son dos amigos oriundos de la ciudad de Mar del Plata. El primero en aterrizar en Espa\u00f1a fue el menor. Previo a eso, el joven de 29 a\u00f1os, hincha de Boca Juniors y amante de la guitarra, visit\u00f3 otros destinos europeos, entre ellos, \u00c1msterdam y Dinamarca.<\/h3>\n<h3>A fines de abril, Ludvik comenz\u00f3 a buscar \u201ctrabajo serio\u201d en M\u00e1laga. As\u00ed lo comunic\u00f3 en el grupo de Facebook: \u201cSoy argentino, con papeles en regla, pasaporte italiano y N\u00famero de Identidad de Extranjero (NIE). Me desenvuelvo bien para muchos aspectos, lo que m\u00e1s me gusta es la venta minorista en una tienda o comercio, pero me adapto a lo que sea. Ofertas para \u2018trabajar desde casa y ganar \u20ac5000 por mes\u2019 abstenerse de escribir. Busco trabajo serio\u201d, escribi\u00f3.<\/h3>\n<h3>Meses despu\u00e9s, se encontr\u00f3 con su amigo, Emmanuel, que hab\u00eda viajado a M\u00e1laga de vacaciones. Lo hizo con su madre y su hermana, Camila: fueron a visitar a su hermano Santiago, que vive ah\u00ed. De hecho, el pasado 12 de agosto, Soria public\u00f3 una foto con sus parientes en la playa a la noche. \u201cVerano espa\u00f1ol con la familia\u201d, escribi\u00f3. Ten\u00eda previsto retornar al pa\u00eds en septiembre.<\/h3>\n<p><img decoding=\"async\" class=\"wp-image-2320 aligncenter\" src=\"https:\/\/apuntesdesanluis.com\/wp-content\/uploads\/2023\/08\/MARPLATENSES-300x186.png\" alt=\"\" width=\"701\" height=\"435\" srcset=\"https:\/\/apuntesdesanluis.com\/wp-content\/uploads\/2023\/08\/MARPLATENSES-300x186.png 300w, https:\/\/apuntesdesanluis.com\/wp-content\/uploads\/2023\/08\/MARPLATENSES-768x477.png 768w, https:\/\/apuntesdesanluis.com\/wp-content\/uploads\/2023\/08\/MARPLATENSES.png 772w\" sizes=\"(max-width: 701px) 100vw, 701px\" \/><\/p>\n<h3>Tanto Soria como Ludvik comparten su afici\u00f3n por el club Argentinos del Sud, un club social y deportivo de Mar del Plata, donde Emmanuel jug\u00f3 desde chico y lleg\u00f3 a ser el capit\u00e1n de la Primera Divisi\u00f3n. No es el \u00fanico de los Soria vinculado a la instituci\u00f3n deportiva: su padre, Carlos Soria, quien muri\u00f3 en 2016, fue entrenador de Inferiores, coordinador general del f\u00fatbol y directivo. Sus hermanos tambi\u00e9n jugaron desde chicos hasta llegar a la m\u00e1xima categor\u00eda.<\/h3>\n<h3>Tras la noticia de la desaparici\u00f3n, el club suspendi\u00f3 sus actividades para los d\u00edas lunes 28 y martes 29 y difundi\u00f3 un comunicado solidariz\u00e1ndose con las familias de los j\u00f3venes.<\/h3>\n<h3>\u201cDeseamos profundamente la pronta aparici\u00f3n de ambos. Si algo nos caracteriz\u00f3 siempre fue nunca perder la fe ante ninguna situaci\u00f3n. Mantendremos al tanto sobre cualquier novedad y rogamos seguir difundiendo la noticia de la b\u00fasqueda y la colecta\u201d, publicaron en su cuenta de Facebook.<\/h3>\n<h3>La colecta a la que hacen referencia es la que iniciaron familiares de Maxi y Emmanuel para emprender viaje a Espa\u00f1a y sumarse a la b\u00fasqueda del paradero de los j\u00f3venes. \u201cSeguimos recibiendo ayuda. Es un mont\u00f3n. Agradezco la fuerza y la fe que nos transmite la gente. Los vamos a encontrar. No tenemos dudas. Son excelentes personas\u201d, dijo esta ma\u00f1ana a A24, el hermano de Emmanuel, Francisco Soria, antes de abordar un vuelo desde el Aeropuerto de Ezeiza.<\/h3>\n<h3>A partir del hallazgo de la tabla, el \u00e1rea de b\u00fasqueda se extendi\u00f3 desde M\u00e1laga capital hacia el Este, hasta el meridiano de Nerja, y casi 30 kil\u00f3metros mar adentro.<\/h3>\n<h3>Por ese lugar, siguieron la b\u00fasqueda de los j\u00f3venes un helic\u00f3ptero Helimer 207 de Salvamento Mar\u00edtimo, dos embarcaciones de esta entidad (Salvamar Alnitak y Salvamar Hamal), un patrullero de la Guardia Civil y una embarcaci\u00f3n de la Cruz Roja (LS Cronos), seg\u00fan inform\u00f3 este martes la Sociedad de Salvamento y Seguridad Mar\u00edtima espa\u00f1ola.<\/h3>\n<h3>\u201cTambi\u00e9n se contin\u00faan emitiendo avisos a los buques que navegan por la zona\u201d, a\u00f1adieron. En tanto, las familias piden que se revisen las im\u00e1genes de las c\u00e1maras de seguridad de la playa para poder comprobar si finalmente se lanzaron al mar y en qu\u00e9 condiciones lo hicieron.<\/h3>\n<p>&nbsp;<\/p>\n<p>&nbsp;<\/p>\n","protected":false},"excerpt":{"rendered":"<p>Los marplatenses Maximiliano Ludvik (29) y Emmanuel Soria (34) llevan m\u00e1s de 48 horas desaparecidos&#8230;<\/p>\n","protected":false},"author":1,"featured_media":2318,"comment_status":"closed","ping_status":"closed","sticky":false,"template":"","format":"standard","meta":{"footnotes":""},"categories":[5],"tags":[],"class_list":["post-2316","post","type-post","status-publish","format-standard","has-post-thumbnail","hentry","category-nacionales-internacionales"],"yoast_head":"<!-- This site is optimized with the Yoast SEO plugin v26.1.1 - https:\/\/yoast.com\/wordpress\/plugins\/seo\/ -->\n<title>INTENSA B\u00daSQUEDA DE LOS DOS ARGENTINOS QUE DESAPARECIERON EN EL MAR DE M\u00c1LAGA - Apuntes de San Luis<\/title>\n<meta name=\"robots\" content=\"index, follow, max-snippet:-1, max-image-preview:large, max-video-preview:-1\" \/>\n<link rel=\"canonical\" href=\"https:\/\/apuntesdesanluis.com\/index.php\/2023\/08\/29\/intensa-busqueda-de-los-dos-argentinos-que-desaparecieron-en-el-mar-de-malaga\/\" \/>\n<meta property=\"og:locale\" content=\"es_ES\" \/>\n<meta property=\"og:type\" content=\"article\" \/>\n<meta property=\"og:title\" content=\"INTENSA B\u00daSQUEDA DE LOS DOS ARGENTINOS QUE DESAPARECIERON EN EL MAR DE M\u00c1LAGA - Apuntes de San Luis\" \/>\n<meta property=\"og:description\" content=\"Los marplatenses Maximiliano Ludvik (29) y Emmanuel Soria (34) llevan m\u00e1s de 48 horas desaparecidos...\" \/>\n<meta property=\"og:url\" content=\"https:\/\/apuntesdesanluis.com\/index.php\/2023\/08\/29\/intensa-busqueda-de-los-dos-argentinos-que-desaparecieron-en-el-mar-de-malaga\/\" \/>\n<meta property=\"og:site_name\" content=\"Apuntes de San Luis\" \/>\n<meta property=\"article:published_time\" content=\"2023-08-29T22:56:47+00:00\" \/>\n<meta property=\"article:modified_time\" content=\"2023-08-29T22:58:54+00:00\" \/>\n<meta property=\"og:image\" content=\"https:\/\/apuntesdesanluis.com\/wp-content\/uploads\/2023\/08\/argentinos-en-malaga.png\" \/>\n\t<meta property=\"og:image:width\" content=\"819\" \/>\n\t<meta property=\"og:image:height\" content=\"479\" \/>\n\t<meta property=\"og:image:type\" content=\"image\/png\" \/>\n<meta name=\"author\" content=\"apuntesdesanluis.com\" \/>\n<meta name=\"twitter:card\" content=\"summary_large_image\" \/>\n<meta name=\"twitter:label1\" content=\"Escrito por\" \/>\n\t<meta name=\"twitter:data1\" content=\"apuntesdesanluis.com\" \/>\n\t<meta name=\"twitter:label2\" content=\"Tiempo de lectura\" \/>\n\t<meta name=\"twitter:data2\" content=\"5 minutos\" \/>\n<script type=\"application\/ld+json\" class=\"yoast-schema-graph\">{\"@context\":\"https:\/\/schema.org\",\"@graph\":[{\"@type\":\"Article\",\"@id\":\"https:\/\/apuntesdesanluis.com\/index.php\/2023\/08\/29\/intensa-busqueda-de-los-dos-argentinos-que-desaparecieron-en-el-mar-de-malaga\/#article\",\"isPartOf\":{\"@id\":\"https:\/\/apuntesdesanluis.com\/index.php\/2023\/08\/29\/intensa-busqueda-de-los-dos-argentinos-que-desaparecieron-en-el-mar-de-malaga\/\"},\"author\":{\"name\":\"apuntesdesanluis.com\",\"@id\":\"https:\/\/apuntesdesanluis.com\/#\/schema\/person\/b55151d52296fcce64d1a72538a70b90\"},\"headline\":\"INTENSA B\u00daSQUEDA DE LOS DOS ARGENTINOS QUE DESAPARECIERON EN EL MAR DE M\u00c1LAGA\",\"datePublished\":\"2023-08-29T22:56:47+00:00\",\"dateModified\":\"2023-08-29T22:58:54+00:00\",\"mainEntityOfPage\":{\"@id\":\"https:\/\/apuntesdesanluis.com\/index.php\/2023\/08\/29\/intensa-busqueda-de-los-dos-argentinos-que-desaparecieron-en-el-mar-de-malaga\/\"},\"wordCount\":959,\"publisher\":{\"@id\":\"https:\/\/apuntesdesanluis.com\/#\/schema\/person\/b55151d52296fcce64d1a72538a70b90\"},\"image\":{\"@id\":\"https:\/\/apuntesdesanluis.com\/index.php\/2023\/08\/29\/intensa-busqueda-de-los-dos-argentinos-que-desaparecieron-en-el-mar-de-malaga\/#primaryimage\"},\"thumbnailUrl\":\"https:\/\/apuntesdesanluis.com\/wp-content\/uploads\/2023\/08\/argentinos-en-malaga.png\",\"articleSection\":[\"Nacionales\/Internacionales\"],\"inLanguage\":\"es-AR\"},{\"@type\":\"WebPage\",\"@id\":\"https:\/\/apuntesdesanluis.com\/index.php\/2023\/08\/29\/intensa-busqueda-de-los-dos-argentinos-que-desaparecieron-en-el-mar-de-malaga\/\",\"url\":\"https:\/\/apuntesdesanluis.com\/index.php\/2023\/08\/29\/intensa-busqueda-de-los-dos-argentinos-que-desaparecieron-en-el-mar-de-malaga\/\",\"name\":\"INTENSA B\u00daSQUEDA DE LOS DOS ARGENTINOS QUE DESAPARECIERON EN EL MAR DE M\u00c1LAGA - Apuntes de San Luis\",\"isPartOf\":{\"@id\":\"https:\/\/apuntesdesanluis.com\/#website\"},\"primaryImageOfPage\":{\"@id\":\"https:\/\/apuntesdesanluis.com\/index.php\/2023\/08\/29\/intensa-busqueda-de-los-dos-argentinos-que-desaparecieron-en-el-mar-de-malaga\/#primaryimage\"},\"image\":{\"@id\":\"https:\/\/apuntesdesanluis.com\/index.php\/2023\/08\/29\/intensa-busqueda-de-los-dos-argentinos-que-desaparecieron-en-el-mar-de-malaga\/#primaryimage\"},\"thumbnailUrl\":\"https:\/\/apuntesdesanluis.com\/wp-content\/uploads\/2023\/08\/argentinos-en-malaga.png\",\"datePublished\":\"2023-08-29T22:56:47+00:00\",\"dateModified\":\"2023-08-29T22:58:54+00:00\",\"breadcrumb\":{\"@id\":\"https:\/\/apuntesdesanluis.com\/index.php\/2023\/08\/29\/intensa-busqueda-de-los-dos-argentinos-que-desaparecieron-en-el-mar-de-malaga\/#breadcrumb\"},\"inLanguage\":\"es-AR\",\"potentialAction\":[{\"@type\":\"ReadAction\",\"target\":[\"https:\/\/apuntesdesanluis.com\/index.php\/2023\/08\/29\/intensa-busqueda-de-los-dos-argentinos-que-desaparecieron-en-el-mar-de-malaga\/\"]}]},{\"@type\":\"ImageObject\",\"inLanguage\":\"es-AR\",\"@id\":\"https:\/\/apuntesdesanluis.com\/index.php\/2023\/08\/29\/intensa-busqueda-de-los-dos-argentinos-que-desaparecieron-en-el-mar-de-malaga\/#primaryimage\",\"url\":\"https:\/\/apuntesdesanluis.com\/wp-content\/uploads\/2023\/08\/argentinos-en-malaga.png\",\"contentUrl\":\"https:\/\/apuntesdesanluis.com\/wp-content\/uploads\/2023\/08\/argentinos-en-malaga.png\",\"width\":819,\"height\":479},{\"@type\":\"BreadcrumbList\",\"@id\":\"https:\/\/apuntesdesanluis.com\/index.php\/2023\/08\/29\/intensa-busqueda-de-los-dos-argentinos-que-desaparecieron-en-el-mar-de-malaga\/#breadcrumb\",\"itemListElement\":[{\"@type\":\"ListItem\",\"position\":1,\"name\":\"Inicio\",\"item\":\"https:\/\/apuntesdesanluis.com\/\"},{\"@type\":\"ListItem\",\"position\":2,\"name\":\"INTENSA B\u00daSQUEDA DE LOS DOS ARGENTINOS QUE DESAPARECIERON EN EL MAR DE M\u00c1LAGA\"}]},{\"@type\":\"WebSite\",\"@id\":\"https:\/\/apuntesdesanluis.com\/#website\",\"url\":\"https:\/\/apuntesdesanluis.com\/\",\"name\":\"Apuntes de San Luis\",\"description\":\"\",\"publisher\":{\"@id\":\"https:\/\/apuntesdesanluis.com\/#\/schema\/person\/b55151d52296fcce64d1a72538a70b90\"},\"potentialAction\":[{\"@type\":\"SearchAction\",\"target\":{\"@type\":\"EntryPoint\",\"urlTemplate\":\"https:\/\/apuntesdesanluis.com\/?s={search_term_string}\"},\"query-input\":{\"@type\":\"PropertyValueSpecification\",\"valueRequired\":true,\"valueName\":\"search_term_string\"}}],\"inLanguage\":\"es-AR\"},{\"@type\":[\"Person\",\"Organization\"],\"@id\":\"https:\/\/apuntesdesanluis.com\/#\/schema\/person\/b55151d52296fcce64d1a72538a70b90\",\"name\":\"apuntesdesanluis.com\",\"image\":{\"@type\":\"ImageObject\",\"inLanguage\":\"es-AR\",\"@id\":\"https:\/\/apuntesdesanluis.com\/#\/schema\/person\/image\/\",\"url\":\"https:\/\/apuntesdesanluis.com\/wp-content\/uploads\/2023\/07\/cropped-apuntesdesanluis.png\",\"contentUrl\":\"https:\/\/apuntesdesanluis.com\/wp-content\/uploads\/2023\/07\/cropped-apuntesdesanluis.png\",\"width\":450,\"height\":112,\"caption\":\"apuntesdesanluis.com\"},\"logo\":{\"@id\":\"https:\/\/apuntesdesanluis.com\/#\/schema\/person\/image\/\"},\"sameAs\":[\"https:\/\/apuntesdesanluis.com\"],\"url\":\"https:\/\/apuntesdesanluis.com\/index.php\/author\/apuntesdesanluis-com\/\"}]}<\/script>\n<!-- \/ Yoast SEO plugin. -->","yoast_head_json":{"title":"INTENSA B\u00daSQUEDA DE LOS DOS ARGENTINOS QUE DESAPARECIERON EN EL MAR DE M\u00c1LAGA - Apuntes de San Luis","robots":{"index":"index","follow":"follow","max-snippet":"max-snippet:-1","max-image-preview":"max-image-preview:large","max-video-preview":"max-video-preview:-1"},"canonical":"https:\/\/apuntesdesanluis.com\/index.php\/2023\/08\/29\/intensa-busqueda-de-los-dos-argentinos-que-desaparecieron-en-el-mar-de-malaga\/","og_locale":"es_ES","og_type":"article","og_title":"INTENSA B\u00daSQUEDA DE LOS DOS ARGENTINOS QUE DESAPARECIERON EN EL MAR DE M\u00c1LAGA - Apuntes de San Luis","og_description":"Los marplatenses Maximiliano Ludvik (29) y Emmanuel Soria (34) llevan m\u00e1s de 48 horas desaparecidos...","og_url":"https:\/\/apuntesdesanluis.com\/index.php\/2023\/08\/29\/intensa-busqueda-de-los-dos-argentinos-que-desaparecieron-en-el-mar-de-malaga\/","og_site_name":"Apuntes de San Luis","article_published_time":"2023-08-29T22:56:47+00:00","article_modified_time":"2023-08-29T22:58:54+00:00","og_image":[{"width":819,"height":479,"url":"https:\/\/apuntesdesanluis.com\/wp-content\/uploads\/2023\/08\/argentinos-en-malaga.png","type":"image\/png"}],"author":"apuntesdesanluis.com","twitter_card":"summary_large_image","twitter_misc":{"Escrito por":"apuntesdesanluis.com","Tiempo de lectura":"5 minutos"},"schema":{"@context":"https:\/\/schema.org","@graph":[{"@type":"Article","@id":"https:\/\/apuntesdesanluis.com\/index.php\/2023\/08\/29\/intensa-busqueda-de-los-dos-argentinos-que-desaparecieron-en-el-mar-de-malaga\/#article","isPartOf":{"@id":"https:\/\/apuntesdesanluis.com\/index.php\/2023\/08\/29\/intensa-busqueda-de-los-dos-argentinos-que-desaparecieron-en-el-mar-de-malaga\/"},"author":{"name":"apuntesdesanluis.com","@id":"https:\/\/apuntesdesanluis.com\/#\/schema\/person\/b55151d52296fcce64d1a72538a70b90"},"headline":"INTENSA B\u00daSQUEDA DE LOS DOS ARGENTINOS QUE DESAPARECIERON EN EL MAR DE M\u00c1LAGA","datePublished":"2023-08-29T22:56:47+00:00","dateModified":"2023-08-29T22:58:54+00:00","mainEntityOfPage":{"@id":"https:\/\/apuntesdesanluis.com\/index.php\/2023\/08\/29\/intensa-busqueda-de-los-dos-argentinos-que-desaparecieron-en-el-mar-de-malaga\/"},"wordCount":959,"publisher":{"@id":"https:\/\/apuntesdesanluis.com\/#\/schema\/person\/b55151d52296fcce64d1a72538a70b90"},"image":{"@id":"https:\/\/apuntesdesanluis.com\/index.php\/2023\/08\/29\/intensa-busqueda-de-los-dos-argentinos-que-desaparecieron-en-el-mar-de-malaga\/#primaryimage"},"thumbnailUrl":"https:\/\/apuntesdesanluis.com\/wp-content\/uploads\/2023\/08\/argentinos-en-malaga.png","articleSection":["Nacionales\/Internacionales"],"inLanguage":"es-AR"},{"@type":"WebPage","@id":"https:\/\/apuntesdesanluis.com\/index.php\/2023\/08\/29\/intensa-busqueda-de-los-dos-argentinos-que-desaparecieron-en-el-mar-de-malaga\/","url":"https:\/\/apuntesdesanluis.com\/index.php\/2023\/08\/29\/intensa-busqueda-de-los-dos-argentinos-que-desaparecieron-en-el-mar-de-malaga\/","name":"INTENSA B\u00daSQUEDA DE LOS DOS ARGENTINOS QUE DESAPARECIERON EN EL MAR DE M\u00c1LAGA - Apuntes de San Luis","isPartOf":{"@id":"https:\/\/apuntesdesanluis.com\/#website"},"primaryImageOfPage":{"@id":"https:\/\/apuntesdesanluis.com\/index.php\/2023\/08\/29\/intensa-busqueda-de-los-dos-argentinos-que-desaparecieron-en-el-mar-de-malaga\/#primaryimage"},"image":{"@id":"https:\/\/apuntesdesanluis.com\/index.php\/2023\/08\/29\/intensa-busqueda-de-los-dos-argentinos-que-desaparecieron-en-el-mar-de-malaga\/#primaryimage"},"thumbnailUrl":"https:\/\/apuntesdesanluis.com\/wp-content\/uploads\/2023\/08\/argentinos-en-malaga.png","datePublished":"2023-08-29T22:56:47+00:00","dateModified":"2023-08-29T22:58:54+00:00","breadcrumb":{"@id":"https:\/\/apuntesdesanluis.com\/index.php\/2023\/08\/29\/intensa-busqueda-de-los-dos-argentinos-que-desaparecieron-en-el-mar-de-malaga\/#breadcrumb"},"inLanguage":"es-AR","potentialAction":[{"@type":"ReadAction","target":["https:\/\/apuntesdesanluis.com\/index.php\/2023\/08\/29\/intensa-busqueda-de-los-dos-argentinos-que-desaparecieron-en-el-mar-de-malaga\/"]}]},{"@type":"ImageObject","inLanguage":"es-AR","@id":"https:\/\/apuntesdesanluis.com\/index.php\/2023\/08\/29\/intensa-busqueda-de-los-dos-argentinos-que-desaparecieron-en-el-mar-de-malaga\/#primaryimage","url":"https:\/\/apuntesdesanluis.com\/wp-content\/uploads\/2023\/08\/argentinos-en-malaga.png","contentUrl":"https:\/\/apuntesdesanluis.com\/wp-content\/uploads\/2023\/08\/argentinos-en-malaga.png","width":819,"height":479},{"@type":"BreadcrumbList","@id":"https:\/\/apuntesdesanluis.com\/index.php\/2023\/08\/29\/intensa-busqueda-de-los-dos-argentinos-que-desaparecieron-en-el-mar-de-malaga\/#breadcrumb","itemListElement":[{"@type":"ListItem","position":1,"name":"Inicio","item":"https:\/\/apuntesdesanluis.com\/"},{"@type":"ListItem","position":2,"name":"INTENSA B\u00daSQUEDA DE LOS DOS ARGENTINOS QUE DESAPARECIERON EN EL MAR DE M\u00c1LAGA"}]},{"@type":"WebSite","@id":"https:\/\/apuntesdesanluis.com\/#website","url":"https:\/\/apuntesdesanluis.com\/","name":"Apuntes de San Luis","description":"","publisher":{"@id":"https:\/\/apuntesdesanluis.com\/#\/schema\/person\/b55151d52296fcce64d1a72538a70b90"},"potentialAction":[{"@type":"SearchAction","target":{"@type":"EntryPoint","urlTemplate":"https:\/\/apuntesdesanluis.com\/?s={search_term_string}"},"query-input":{"@type":"PropertyValueSpecification","valueRequired":true,"valueName":"search_term_string"}}],"inLanguage":"es-AR"},{"@type":["Person","Organization"],"@id":"https:\/\/apuntesdesanluis.com\/#\/schema\/person\/b55151d52296fcce64d1a72538a70b90","name":"apuntesdesanluis.com","image":{"@type":"ImageObject","inLanguage":"es-AR","@id":"https:\/\/apuntesdesanluis.com\/#\/schema\/person\/image\/","url":"https:\/\/apuntesdesanluis.com\/wp-content\/uploads\/2023\/07\/cropped-apuntesdesanluis.png","contentUrl":"https:\/\/apuntesdesanluis.com\/wp-content\/uploads\/2023\/07\/cropped-apuntesdesanluis.png","width":450,"height":112,"caption":"apuntesdesanluis.com"},"logo":{"@id":"https:\/\/apuntesdesanluis.com\/#\/schema\/person\/image\/"},"sameAs":["https:\/\/apuntesdesanluis.com"],"url":"https:\/\/apuntesdesanluis.com\/index.php\/author\/apuntesdesanluis-com\/"}]}},"featured_image_urls":{"full":["https:\/\/apuntesdesanluis.com\/wp-content\/uploads\/2023\/08\/argentinos-en-malaga.png",819,479,false],"thumbnail":["https:\/\/apuntesdesanluis.com\/wp-content\/uploads\/2023\/08\/argentinos-en-malaga-150x150.png",150,150,true],"medium":["https:\/\/apuntesdesanluis.com\/wp-content\/uploads\/2023\/08\/argentinos-en-malaga-300x175.png",300,175,true],"medium_large":["https:\/\/apuntesdesanluis.com\/wp-content\/uploads\/2023\/08\/argentinos-en-malaga-768x449.png",640,374,true],"large":["https:\/\/apuntesdesanluis.com\/wp-content\/uploads\/2023\/08\/argentinos-en-malaga.png",640,374,false],"1536x1536":["https:\/\/apuntesdesanluis.com\/wp-content\/uploads\/2023\/08\/argentinos-en-malaga.png",819,479,false],"2048x2048":["https:\/\/apuntesdesanluis.com\/wp-content\/uploads\/2023\/08\/argentinos-en-malaga.png",819,479,false],"newsever-slider-full":["https:\/\/apuntesdesanluis.com\/wp-content\/uploads\/2023\/08\/argentinos-en-malaga.png",819,479,false],"newsever-featured":["https:\/\/apuntesdesanluis.com\/wp-content\/uploads\/2023\/08\/argentinos-en-malaga.png",819,479,false],"newsever-medium":["https:\/\/apuntesdesanluis.com\/wp-content\/uploads\/2023\/08\/argentinos-en-malaga-720x475.png",720,475,true]},"author_info":{"display_name":"apuntesdesanluis.com","author_link":"https:\/\/apuntesdesanluis.com\/index.php\/author\/apuntesdesanluis-com\/"},"category_info":"<a href=\"https:\/\/apuntesdesanluis.com\/index.php\/category\/nacionales-internacionales\/\" rel=\"category tag\">Nacionales\/Internacionales<\/a>","tag_info":"Nacionales\/Internacionales","comment_count":"0","_links":{"self":[{"href":"https:\/\/apuntesdesanluis.com\/index.php\/wp-json\/wp\/v2\/posts\/2316","targetHints":{"allow":["GET"]}}],"collection":[{"href":"https:\/\/apuntesdesanluis.com\/index.php\/wp-json\/wp\/v2\/posts"}],"about":[{"href":"https:\/\/apuntesdesanluis.com\/index.php\/wp-json\/wp\/v2\/types\/post"}],"author":[{"embeddable":true,"href":"https:\/\/apuntesdesanluis.com\/index.php\/wp-json\/wp\/v2\/users\/1"}],"replies":[{"embeddable":true,"href":"https:\/\/apuntesdesanluis.com\/index.php\/wp-json\/wp\/v2\/comments?post=2316"}],"version-history":[{"count":3,"href":"https:\/\/apuntesdesanluis.com\/index.php\/wp-json\/wp\/v2\/posts\/2316\/revisions"}],"predecessor-version":[{"id":2322,"href":"https:\/\/apuntesdesanluis.com\/index.php\/wp-json\/wp\/v2\/posts\/2316\/revisions\/2322"}],"wp:featuredmedia":[{"embeddable":true,"href":"https:\/\/apuntesdesanluis.com\/index.php\/wp-json\/wp\/v2\/media\/2318"}],"wp:attachment":[{"href":"https:\/\/apuntesdesanluis.com\/index.php\/wp-json\/wp\/v2\/media?parent=2316"}],"wp:term":[{"taxonomy":"category","embeddable":true,"href":"https:\/\/apuntesdesanluis.com\/index.php\/wp-json\/wp\/v2\/categories?post=2316"},{"taxonomy":"post_tag","embeddable":true,"href":"https:\/\/apuntesdesanluis.com\/index.php\/wp-json\/wp\/v2\/tags?post=2316"}],"curies":[{"name":"wp","href":"https:\/\/api.w.org\/{rel}","templated":true}]}}