{"id":23162,"date":"2024-09-30T20:06:31","date_gmt":"2024-09-30T23:06:31","guid":{"rendered":"https:\/\/apuntesdesanluis.com\/?p=23162"},"modified":"2024-09-30T20:06:31","modified_gmt":"2024-09-30T23:06:31","slug":"se-quebro-la-cadera-al-saltar-desde-un-balcon-para-evitar-que-le-robaran-la-moto","status":"publish","type":"post","link":"https:\/\/apuntesdesanluis.com\/index.php\/2024\/09\/30\/se-quebro-la-cadera-al-saltar-desde-un-balcon-para-evitar-que-le-robaran-la-moto\/","title":{"rendered":"SE QUEBR\u00d3 LA CADERA AL SALTAR DESDE UN BALC\u00d3N PARA EVITAR QUE LE ROBARAN LA MOTO"},"content":{"rendered":"<h3>Ocurri\u00f3 en Mar del Plata y, tras la fuerte ca\u00edda, tambi\u00e9n sufri\u00f3 lesiones en los pulmones. Necesita $4 millones para una pr\u00f3tesis. Su familia comenz\u00f3 una colecta.<\/h3>\n<h3>Un hombre intent\u00f3 evitar el robo de su moto, la que usa para trabajar como repartidor de delivery en la ciudad de Mar del Plata, y ante la desesperaci\u00f3n, salt\u00f3 desde un balc\u00f3n. Sin embargo, sufri\u00f3 una ca\u00edda que le produjo una fractura de cadera y tambi\u00e9n afect\u00f3 sus pulmones. Ahora, mientras permanece internado en el hospital, su familia inici\u00f3 una colecta para poder recaudar los fondos necesarios para la pr\u00f3tesis que necesita tras el accidente. Seg\u00fan detall\u00f3 su cu\u00f1ada a Infobae, precisan reunir, al menos, 4 millones de pesos.<\/h3>\n<h3>El episodio tuvo lugar el \u00faltimo jueves, en el cruce de las calles Bol\u00edvar y Chaco de la ciudad balnearia. Eran cerca de las 18 cuando Luis Escalada, la v\u00edctima de 40 a\u00f1os, vio por la ventana el momento exacto en el que dos motochorros intentaron robarle su veh\u00edculo de trabajo.<\/h3>\n<h3>\u201c\u00c9l estaba en lo de una amiga, lo m\u00e1s tranquilo. En ese instante, vio que quer\u00edan sacarle la moto, que la hab\u00eda dejado atada enfrente para verla mejor porque con todos los hechos de inseguridad que est\u00e1n pasando ac\u00e1 en Mar del Plata, ten\u00e9s que estar en todos los detalles. Entonces, cuando vio que quisieron robar la moto, trat\u00f3 de bajar por el balc\u00f3n y cay\u00f3 mal porque se le venci\u00f3 una de las manos y se fue de costado. En consecuencia, esto hizo que caiga con todo el peso sobre la pierna derecha y le desplaz\u00f3 el f\u00e9mur hacia arriba. A ra\u00edz de eso, se quebr\u00f3 la cadera\u201d, relat\u00f3 su cu\u00f1ada en di\u00e1logo con este medio.<\/h3>\n<h3>Y remarc\u00f3 sobre el instante en el que Luis decidi\u00f3 saltar desde el balc\u00f3n para evitar el robo: \u201cTodos pensamos que es una locura lo que hizo, pero es su herramienta de trabajo y le cost\u00f3 much\u00edsimo comprarla\u201d.<\/h3>\n<h3>Desde que ocurri\u00f3 el episodio, la v\u00edctima permanece internada en el Hospital Interzonal General de Agudos (HIGA) de Mar del Plata. \u201cPor suerte, est\u00e1 bien, con \u00e1nimo y se est\u00e1 recuperando de a poco. Hoy reci\u00e9n le sacaron el tubo que ten\u00eda colocado. Es que del golpe, tambi\u00e9n tuvo una leve fisura que hizo que le ingresara l\u00edquido en los pulmones. Entonces, la preocupaci\u00f3n era principalmente porque no pod\u00edan operarlo de la cadera si no se solucionaba este otro problema\u201d, detall\u00f3 la mujer.<\/h3>\n<h3>\u201cEl mi\u00e9rcoles tiene junta m\u00e9dica y ah\u00ed nos van a decir c\u00f3mo ser\u00eda todo el procedimiento y qu\u00e9 pr\u00f3tesis necesita, porque dada la edad, no puede ser una pr\u00f3tesis com\u00fan como la que le suelen poner a las personas mayores\u201d, agreg\u00f3.<\/h3>\n<h3>Las im\u00e1genes del hecho circularon a trav\u00e9s de los medios locales y las redes sociales.<\/h3>\n<p><iframe title=\"SALT\u00d3 del BALC\u00d3N para que NO le ROBEN la MOTO #ElNotiDeLaGente\" width=\"640\" height=\"360\" src=\"https:\/\/www.youtube.com\/embed\/STsup51ZRkc?feature=oembed\" frameborder=\"0\" allow=\"accelerometer; autoplay; clipboard-write; encrypted-media; gyroscope; picture-in-picture; web-share\" referrerpolicy=\"strict-origin-when-cross-origin\" allowfullscreen><\/iframe><\/p>\n<h3>All\u00ed, el sospechoso que viajaba en la parte trasera del veh\u00edculo, baj\u00f3 y en cuesti\u00f3n de segundos, intent\u00f3 apropiarse de la motocicleta de Escalada. Mientras, quien conduc\u00eda aguard\u00f3 un par de segundos hasta que not\u00f3 que la v\u00edctima estaba al tanto de lo que estaba ocurriendo sobre la calle. En ese momento, el repartidor dio el salto para salvar su veh\u00edculo y, al caer, los delincuentes huyeron a toda velocidad.<\/h3>\n<h3>Pocos segundos despu\u00e9s, la v\u00edctima intent\u00f3 recuperarse del golpe. Pero, al intentar avanzar apenas unos pasos, volvi\u00f3 a quedar tendido sobre el piso, producto de la grave ca\u00edda. De hecho, en las im\u00e1genes que captaron la secuencia, se observa f\u00e1cilmente la dificultad que presentaba para caminar.<\/h3>\n<h3>Ante la desesperante situaci\u00f3n, su familia y amigos comenzaron una colecta para recaudar el dinero suficiente que le permita afrontar los gastos de salud. \u201cEl problema es que como no cuenta con cobertura m\u00e9dica, necesita pagar la pr\u00f3tesis, que est\u00e1 arriba de los 4 millones de pesos\u201d, sentenci\u00f3 la cu\u00f1ada. Y recalc\u00f3: \u201cLuis es delivery y est\u00e1 en negro lamentablemente\u201d.<\/h3>\n<h3>\u201cAyuda para Luis Escalada. Le quisieron robar la moto y en el intento de defenderla, tuvo una lesi\u00f3n grave en la cadera. Necesita una pr\u00f3tesis, cuesta 4 millones de pesos y no tiene obra social\u201d, rez\u00f3 el comunicado que difundieron para visibilizar la campa\u00f1a de recaudaci\u00f3n y que pueda ser operado. Y concluy\u00f3: \u201cUn poquito entre muchos es un mont\u00f3n\u201d.<\/h3>\n<p><img fetchpriority=\"high\" decoding=\"async\" class=\"wp-image-23164 aligncenter\" src=\"https:\/\/apuntesdesanluis.com\/wp-content\/uploads\/2024\/09\/ayuda-224x300.png\" alt=\"\" width=\"561\" height=\"751\" srcset=\"https:\/\/apuntesdesanluis.com\/wp-content\/uploads\/2024\/09\/ayuda-224x300.png 224w, https:\/\/apuntesdesanluis.com\/wp-content\/uploads\/2024\/09\/ayuda.png 547w\" sizes=\"(max-width: 561px) 100vw, 561px\" \/><\/p>\n<p>&nbsp;<\/p>\n<p>&nbsp;<\/p>\n<p>&nbsp;<\/p>\n<p>&nbsp;<\/p>\n<p>&nbsp;<\/p>\n<p>&nbsp;<\/p>\n","protected":false},"excerpt":{"rendered":"<p>Ocurri\u00f3 en Mar del Plata y, tras la fuerte ca\u00edda, tambi\u00e9n sufri\u00f3 lesiones en los&#8230;<\/p>\n","protected":false},"author":1,"featured_media":23163,"comment_status":"closed","ping_status":"closed","sticky":false,"template":"","format":"standard","meta":{"footnotes":""},"categories":[5],"tags":[],"class_list":["post-23162","post","type-post","status-publish","format-standard","has-post-thumbnail","hentry","category-nacionales-internacionales"],"yoast_head":"<!-- This site is optimized with the Yoast SEO plugin v26.1.1 - https:\/\/yoast.com\/wordpress\/plugins\/seo\/ -->\n<title>SE QUEBR\u00d3 LA CADERA AL SALTAR DESDE UN BALC\u00d3N PARA EVITAR QUE LE ROBARAN LA MOTO - Apuntes de San Luis<\/title>\n<meta name=\"robots\" content=\"index, follow, max-snippet:-1, max-image-preview:large, max-video-preview:-1\" \/>\n<link rel=\"canonical\" href=\"https:\/\/apuntesdesanluis.com\/index.php\/2024\/09\/30\/se-quebro-la-cadera-al-saltar-desde-un-balcon-para-evitar-que-le-robaran-la-moto\/\" \/>\n<meta property=\"og:locale\" content=\"es_ES\" \/>\n<meta property=\"og:type\" content=\"article\" \/>\n<meta property=\"og:title\" content=\"SE QUEBR\u00d3 LA CADERA AL SALTAR DESDE UN BALC\u00d3N PARA EVITAR QUE LE ROBARAN LA MOTO - Apuntes de San Luis\" \/>\n<meta property=\"og:description\" content=\"Ocurri\u00f3 en Mar del Plata y, tras la fuerte ca\u00edda, tambi\u00e9n sufri\u00f3 lesiones en los...\" \/>\n<meta property=\"og:url\" content=\"https:\/\/apuntesdesanluis.com\/index.php\/2024\/09\/30\/se-quebro-la-cadera-al-saltar-desde-un-balcon-para-evitar-que-le-robaran-la-moto\/\" \/>\n<meta property=\"og:site_name\" content=\"Apuntes de San Luis\" \/>\n<meta property=\"article:published_time\" content=\"2024-09-30T23:06:31+00:00\" \/>\n<meta property=\"og:image\" content=\"https:\/\/apuntesdesanluis.com\/wp-content\/uploads\/2024\/09\/salto-desde-un-balcon.png\" \/>\n\t<meta property=\"og:image:width\" content=\"800\" \/>\n\t<meta property=\"og:image:height\" content=\"441\" \/>\n\t<meta property=\"og:image:type\" content=\"image\/png\" \/>\n<meta name=\"author\" content=\"apuntesdesanluis.com\" \/>\n<meta name=\"twitter:card\" content=\"summary_large_image\" \/>\n<meta name=\"twitter:label1\" content=\"Escrito por\" \/>\n\t<meta name=\"twitter:data1\" content=\"apuntesdesanluis.com\" \/>\n\t<meta name=\"twitter:label2\" content=\"Tiempo de lectura\" \/>\n\t<meta name=\"twitter:data2\" content=\"4 minutos\" \/>\n<script type=\"application\/ld+json\" class=\"yoast-schema-graph\">{\"@context\":\"https:\/\/schema.org\",\"@graph\":[{\"@type\":\"Article\",\"@id\":\"https:\/\/apuntesdesanluis.com\/index.php\/2024\/09\/30\/se-quebro-la-cadera-al-saltar-desde-un-balcon-para-evitar-que-le-robaran-la-moto\/#article\",\"isPartOf\":{\"@id\":\"https:\/\/apuntesdesanluis.com\/index.php\/2024\/09\/30\/se-quebro-la-cadera-al-saltar-desde-un-balcon-para-evitar-que-le-robaran-la-moto\/\"},\"author\":{\"name\":\"apuntesdesanluis.com\",\"@id\":\"https:\/\/apuntesdesanluis.com\/#\/schema\/person\/b55151d52296fcce64d1a72538a70b90\"},\"headline\":\"SE QUEBR\u00d3 LA CADERA AL SALTAR DESDE UN BALC\u00d3N PARA EVITAR QUE LE ROBARAN LA MOTO\",\"datePublished\":\"2024-09-30T23:06:31+00:00\",\"mainEntityOfPage\":{\"@id\":\"https:\/\/apuntesdesanluis.com\/index.php\/2024\/09\/30\/se-quebro-la-cadera-al-saltar-desde-un-balcon-para-evitar-que-le-robaran-la-moto\/\"},\"wordCount\":789,\"publisher\":{\"@id\":\"https:\/\/apuntesdesanluis.com\/#\/schema\/person\/b55151d52296fcce64d1a72538a70b90\"},\"image\":{\"@id\":\"https:\/\/apuntesdesanluis.com\/index.php\/2024\/09\/30\/se-quebro-la-cadera-al-saltar-desde-un-balcon-para-evitar-que-le-robaran-la-moto\/#primaryimage\"},\"thumbnailUrl\":\"https:\/\/apuntesdesanluis.com\/wp-content\/uploads\/2024\/09\/salto-desde-un-balcon.png\",\"articleSection\":[\"Nacionales\/Internacionales\"],\"inLanguage\":\"es-AR\"},{\"@type\":\"WebPage\",\"@id\":\"https:\/\/apuntesdesanluis.com\/index.php\/2024\/09\/30\/se-quebro-la-cadera-al-saltar-desde-un-balcon-para-evitar-que-le-robaran-la-moto\/\",\"url\":\"https:\/\/apuntesdesanluis.com\/index.php\/2024\/09\/30\/se-quebro-la-cadera-al-saltar-desde-un-balcon-para-evitar-que-le-robaran-la-moto\/\",\"name\":\"SE QUEBR\u00d3 LA CADERA AL SALTAR DESDE UN BALC\u00d3N PARA EVITAR QUE LE ROBARAN LA MOTO - Apuntes de San Luis\",\"isPartOf\":{\"@id\":\"https:\/\/apuntesdesanluis.com\/#website\"},\"primaryImageOfPage\":{\"@id\":\"https:\/\/apuntesdesanluis.com\/index.php\/2024\/09\/30\/se-quebro-la-cadera-al-saltar-desde-un-balcon-para-evitar-que-le-robaran-la-moto\/#primaryimage\"},\"image\":{\"@id\":\"https:\/\/apuntesdesanluis.com\/index.php\/2024\/09\/30\/se-quebro-la-cadera-al-saltar-desde-un-balcon-para-evitar-que-le-robaran-la-moto\/#primaryimage\"},\"thumbnailUrl\":\"https:\/\/apuntesdesanluis.com\/wp-content\/uploads\/2024\/09\/salto-desde-un-balcon.png\",\"datePublished\":\"2024-09-30T23:06:31+00:00\",\"breadcrumb\":{\"@id\":\"https:\/\/apuntesdesanluis.com\/index.php\/2024\/09\/30\/se-quebro-la-cadera-al-saltar-desde-un-balcon-para-evitar-que-le-robaran-la-moto\/#breadcrumb\"},\"inLanguage\":\"es-AR\",\"potentialAction\":[{\"@type\":\"ReadAction\",\"target\":[\"https:\/\/apuntesdesanluis.com\/index.php\/2024\/09\/30\/se-quebro-la-cadera-al-saltar-desde-un-balcon-para-evitar-que-le-robaran-la-moto\/\"]}]},{\"@type\":\"ImageObject\",\"inLanguage\":\"es-AR\",\"@id\":\"https:\/\/apuntesdesanluis.com\/index.php\/2024\/09\/30\/se-quebro-la-cadera-al-saltar-desde-un-balcon-para-evitar-que-le-robaran-la-moto\/#primaryimage\",\"url\":\"https:\/\/apuntesdesanluis.com\/wp-content\/uploads\/2024\/09\/salto-desde-un-balcon.png\",\"contentUrl\":\"https:\/\/apuntesdesanluis.com\/wp-content\/uploads\/2024\/09\/salto-desde-un-balcon.png\",\"width\":800,\"height\":441},{\"@type\":\"BreadcrumbList\",\"@id\":\"https:\/\/apuntesdesanluis.com\/index.php\/2024\/09\/30\/se-quebro-la-cadera-al-saltar-desde-un-balcon-para-evitar-que-le-robaran-la-moto\/#breadcrumb\",\"itemListElement\":[{\"@type\":\"ListItem\",\"position\":1,\"name\":\"Inicio\",\"item\":\"https:\/\/apuntesdesanluis.com\/\"},{\"@type\":\"ListItem\",\"position\":2,\"name\":\"SE QUEBR\u00d3 LA CADERA AL SALTAR DESDE UN BALC\u00d3N PARA EVITAR QUE LE ROBARAN LA MOTO\"}]},{\"@type\":\"WebSite\",\"@id\":\"https:\/\/apuntesdesanluis.com\/#website\",\"url\":\"https:\/\/apuntesdesanluis.com\/\",\"name\":\"Apuntes de San Luis\",\"description\":\"\",\"publisher\":{\"@id\":\"https:\/\/apuntesdesanluis.com\/#\/schema\/person\/b55151d52296fcce64d1a72538a70b90\"},\"potentialAction\":[{\"@type\":\"SearchAction\",\"target\":{\"@type\":\"EntryPoint\",\"urlTemplate\":\"https:\/\/apuntesdesanluis.com\/?s={search_term_string}\"},\"query-input\":{\"@type\":\"PropertyValueSpecification\",\"valueRequired\":true,\"valueName\":\"search_term_string\"}}],\"inLanguage\":\"es-AR\"},{\"@type\":[\"Person\",\"Organization\"],\"@id\":\"https:\/\/apuntesdesanluis.com\/#\/schema\/person\/b55151d52296fcce64d1a72538a70b90\",\"name\":\"apuntesdesanluis.com\",\"image\":{\"@type\":\"ImageObject\",\"inLanguage\":\"es-AR\",\"@id\":\"https:\/\/apuntesdesanluis.com\/#\/schema\/person\/image\/\",\"url\":\"https:\/\/apuntesdesanluis.com\/wp-content\/uploads\/2023\/07\/cropped-apuntesdesanluis.png\",\"contentUrl\":\"https:\/\/apuntesdesanluis.com\/wp-content\/uploads\/2023\/07\/cropped-apuntesdesanluis.png\",\"width\":450,\"height\":112,\"caption\":\"apuntesdesanluis.com\"},\"logo\":{\"@id\":\"https:\/\/apuntesdesanluis.com\/#\/schema\/person\/image\/\"},\"sameAs\":[\"https:\/\/apuntesdesanluis.com\"],\"url\":\"https:\/\/apuntesdesanluis.com\/index.php\/author\/apuntesdesanluis-com\/\"}]}<\/script>\n<!-- \/ Yoast SEO plugin. -->","yoast_head_json":{"title":"SE QUEBR\u00d3 LA CADERA AL SALTAR DESDE UN BALC\u00d3N PARA EVITAR QUE LE ROBARAN LA MOTO - Apuntes de San Luis","robots":{"index":"index","follow":"follow","max-snippet":"max-snippet:-1","max-image-preview":"max-image-preview:large","max-video-preview":"max-video-preview:-1"},"canonical":"https:\/\/apuntesdesanluis.com\/index.php\/2024\/09\/30\/se-quebro-la-cadera-al-saltar-desde-un-balcon-para-evitar-que-le-robaran-la-moto\/","og_locale":"es_ES","og_type":"article","og_title":"SE QUEBR\u00d3 LA CADERA AL SALTAR DESDE UN BALC\u00d3N PARA EVITAR QUE LE ROBARAN LA MOTO - Apuntes de San Luis","og_description":"Ocurri\u00f3 en Mar del Plata y, tras la fuerte ca\u00edda, tambi\u00e9n sufri\u00f3 lesiones en los...","og_url":"https:\/\/apuntesdesanluis.com\/index.php\/2024\/09\/30\/se-quebro-la-cadera-al-saltar-desde-un-balcon-para-evitar-que-le-robaran-la-moto\/","og_site_name":"Apuntes de San Luis","article_published_time":"2024-09-30T23:06:31+00:00","og_image":[{"width":800,"height":441,"url":"https:\/\/apuntesdesanluis.com\/wp-content\/uploads\/2024\/09\/salto-desde-un-balcon.png","type":"image\/png"}],"author":"apuntesdesanluis.com","twitter_card":"summary_large_image","twitter_misc":{"Escrito por":"apuntesdesanluis.com","Tiempo de lectura":"4 minutos"},"schema":{"@context":"https:\/\/schema.org","@graph":[{"@type":"Article","@id":"https:\/\/apuntesdesanluis.com\/index.php\/2024\/09\/30\/se-quebro-la-cadera-al-saltar-desde-un-balcon-para-evitar-que-le-robaran-la-moto\/#article","isPartOf":{"@id":"https:\/\/apuntesdesanluis.com\/index.php\/2024\/09\/30\/se-quebro-la-cadera-al-saltar-desde-un-balcon-para-evitar-que-le-robaran-la-moto\/"},"author":{"name":"apuntesdesanluis.com","@id":"https:\/\/apuntesdesanluis.com\/#\/schema\/person\/b55151d52296fcce64d1a72538a70b90"},"headline":"SE QUEBR\u00d3 LA CADERA AL SALTAR DESDE UN BALC\u00d3N PARA EVITAR QUE LE ROBARAN LA MOTO","datePublished":"2024-09-30T23:06:31+00:00","mainEntityOfPage":{"@id":"https:\/\/apuntesdesanluis.com\/index.php\/2024\/09\/30\/se-quebro-la-cadera-al-saltar-desde-un-balcon-para-evitar-que-le-robaran-la-moto\/"},"wordCount":789,"publisher":{"@id":"https:\/\/apuntesdesanluis.com\/#\/schema\/person\/b55151d52296fcce64d1a72538a70b90"},"image":{"@id":"https:\/\/apuntesdesanluis.com\/index.php\/2024\/09\/30\/se-quebro-la-cadera-al-saltar-desde-un-balcon-para-evitar-que-le-robaran-la-moto\/#primaryimage"},"thumbnailUrl":"https:\/\/apuntesdesanluis.com\/wp-content\/uploads\/2024\/09\/salto-desde-un-balcon.png","articleSection":["Nacionales\/Internacionales"],"inLanguage":"es-AR"},{"@type":"WebPage","@id":"https:\/\/apuntesdesanluis.com\/index.php\/2024\/09\/30\/se-quebro-la-cadera-al-saltar-desde-un-balcon-para-evitar-que-le-robaran-la-moto\/","url":"https:\/\/apuntesdesanluis.com\/index.php\/2024\/09\/30\/se-quebro-la-cadera-al-saltar-desde-un-balcon-para-evitar-que-le-robaran-la-moto\/","name":"SE QUEBR\u00d3 LA CADERA AL SALTAR DESDE UN BALC\u00d3N PARA EVITAR QUE LE ROBARAN LA MOTO - Apuntes de San Luis","isPartOf":{"@id":"https:\/\/apuntesdesanluis.com\/#website"},"primaryImageOfPage":{"@id":"https:\/\/apuntesdesanluis.com\/index.php\/2024\/09\/30\/se-quebro-la-cadera-al-saltar-desde-un-balcon-para-evitar-que-le-robaran-la-moto\/#primaryimage"},"image":{"@id":"https:\/\/apuntesdesanluis.com\/index.php\/2024\/09\/30\/se-quebro-la-cadera-al-saltar-desde-un-balcon-para-evitar-que-le-robaran-la-moto\/#primaryimage"},"thumbnailUrl":"https:\/\/apuntesdesanluis.com\/wp-content\/uploads\/2024\/09\/salto-desde-un-balcon.png","datePublished":"2024-09-30T23:06:31+00:00","breadcrumb":{"@id":"https:\/\/apuntesdesanluis.com\/index.php\/2024\/09\/30\/se-quebro-la-cadera-al-saltar-desde-un-balcon-para-evitar-que-le-robaran-la-moto\/#breadcrumb"},"inLanguage":"es-AR","potentialAction":[{"@type":"ReadAction","target":["https:\/\/apuntesdesanluis.com\/index.php\/2024\/09\/30\/se-quebro-la-cadera-al-saltar-desde-un-balcon-para-evitar-que-le-robaran-la-moto\/"]}]},{"@type":"ImageObject","inLanguage":"es-AR","@id":"https:\/\/apuntesdesanluis.com\/index.php\/2024\/09\/30\/se-quebro-la-cadera-al-saltar-desde-un-balcon-para-evitar-que-le-robaran-la-moto\/#primaryimage","url":"https:\/\/apuntesdesanluis.com\/wp-content\/uploads\/2024\/09\/salto-desde-un-balcon.png","contentUrl":"https:\/\/apuntesdesanluis.com\/wp-content\/uploads\/2024\/09\/salto-desde-un-balcon.png","width":800,"height":441},{"@type":"BreadcrumbList","@id":"https:\/\/apuntesdesanluis.com\/index.php\/2024\/09\/30\/se-quebro-la-cadera-al-saltar-desde-un-balcon-para-evitar-que-le-robaran-la-moto\/#breadcrumb","itemListElement":[{"@type":"ListItem","position":1,"name":"Inicio","item":"https:\/\/apuntesdesanluis.com\/"},{"@type":"ListItem","position":2,"name":"SE QUEBR\u00d3 LA CADERA AL SALTAR DESDE UN BALC\u00d3N PARA EVITAR QUE LE ROBARAN LA MOTO"}]},{"@type":"WebSite","@id":"https:\/\/apuntesdesanluis.com\/#website","url":"https:\/\/apuntesdesanluis.com\/","name":"Apuntes de San Luis","description":"","publisher":{"@id":"https:\/\/apuntesdesanluis.com\/#\/schema\/person\/b55151d52296fcce64d1a72538a70b90"},"potentialAction":[{"@type":"SearchAction","target":{"@type":"EntryPoint","urlTemplate":"https:\/\/apuntesdesanluis.com\/?s={search_term_string}"},"query-input":{"@type":"PropertyValueSpecification","valueRequired":true,"valueName":"search_term_string"}}],"inLanguage":"es-AR"},{"@type":["Person","Organization"],"@id":"https:\/\/apuntesdesanluis.com\/#\/schema\/person\/b55151d52296fcce64d1a72538a70b90","name":"apuntesdesanluis.com","image":{"@type":"ImageObject","inLanguage":"es-AR","@id":"https:\/\/apuntesdesanluis.com\/#\/schema\/person\/image\/","url":"https:\/\/apuntesdesanluis.com\/wp-content\/uploads\/2023\/07\/cropped-apuntesdesanluis.png","contentUrl":"https:\/\/apuntesdesanluis.com\/wp-content\/uploads\/2023\/07\/cropped-apuntesdesanluis.png","width":450,"height":112,"caption":"apuntesdesanluis.com"},"logo":{"@id":"https:\/\/apuntesdesanluis.com\/#\/schema\/person\/image\/"},"sameAs":["https:\/\/apuntesdesanluis.com"],"url":"https:\/\/apuntesdesanluis.com\/index.php\/author\/apuntesdesanluis-com\/"}]}},"featured_image_urls":{"full":["https:\/\/apuntesdesanluis.com\/wp-content\/uploads\/2024\/09\/salto-desde-un-balcon.png",800,441,false],"thumbnail":["https:\/\/apuntesdesanluis.com\/wp-content\/uploads\/2024\/09\/salto-desde-un-balcon-150x150.png",150,150,true],"medium":["https:\/\/apuntesdesanluis.com\/wp-content\/uploads\/2024\/09\/salto-desde-un-balcon-300x165.png",300,165,true],"medium_large":["https:\/\/apuntesdesanluis.com\/wp-content\/uploads\/2024\/09\/salto-desde-un-balcon-768x423.png",640,353,true],"large":["https:\/\/apuntesdesanluis.com\/wp-content\/uploads\/2024\/09\/salto-desde-un-balcon.png",640,353,false],"1536x1536":["https:\/\/apuntesdesanluis.com\/wp-content\/uploads\/2024\/09\/salto-desde-un-balcon.png",800,441,false],"2048x2048":["https:\/\/apuntesdesanluis.com\/wp-content\/uploads\/2024\/09\/salto-desde-un-balcon.png",800,441,false],"newsever-slider-full":["https:\/\/apuntesdesanluis.com\/wp-content\/uploads\/2024\/09\/salto-desde-un-balcon.png",800,441,false],"newsever-featured":["https:\/\/apuntesdesanluis.com\/wp-content\/uploads\/2024\/09\/salto-desde-un-balcon.png",800,441,false],"newsever-medium":["https:\/\/apuntesdesanluis.com\/wp-content\/uploads\/2024\/09\/salto-desde-un-balcon-720x441.png",720,441,true]},"author_info":{"display_name":"apuntesdesanluis.com","author_link":"https:\/\/apuntesdesanluis.com\/index.php\/author\/apuntesdesanluis-com\/"},"category_info":"<a href=\"https:\/\/apuntesdesanluis.com\/index.php\/category\/nacionales-internacionales\/\" rel=\"category tag\">Nacionales\/Internacionales<\/a>","tag_info":"Nacionales\/Internacionales","comment_count":"0","_links":{"self":[{"href":"https:\/\/apuntesdesanluis.com\/index.php\/wp-json\/wp\/v2\/posts\/23162","targetHints":{"allow":["GET"]}}],"collection":[{"href":"https:\/\/apuntesdesanluis.com\/index.php\/wp-json\/wp\/v2\/posts"}],"about":[{"href":"https:\/\/apuntesdesanluis.com\/index.php\/wp-json\/wp\/v2\/types\/post"}],"author":[{"embeddable":true,"href":"https:\/\/apuntesdesanluis.com\/index.php\/wp-json\/wp\/v2\/users\/1"}],"replies":[{"embeddable":true,"href":"https:\/\/apuntesdesanluis.com\/index.php\/wp-json\/wp\/v2\/comments?post=23162"}],"version-history":[{"count":1,"href":"https:\/\/apuntesdesanluis.com\/index.php\/wp-json\/wp\/v2\/posts\/23162\/revisions"}],"predecessor-version":[{"id":23165,"href":"https:\/\/apuntesdesanluis.com\/index.php\/wp-json\/wp\/v2\/posts\/23162\/revisions\/23165"}],"wp:featuredmedia":[{"embeddable":true,"href":"https:\/\/apuntesdesanluis.com\/index.php\/wp-json\/wp\/v2\/media\/23163"}],"wp:attachment":[{"href":"https:\/\/apuntesdesanluis.com\/index.php\/wp-json\/wp\/v2\/media?parent=23162"}],"wp:term":[{"taxonomy":"category","embeddable":true,"href":"https:\/\/apuntesdesanluis.com\/index.php\/wp-json\/wp\/v2\/categories?post=23162"},{"taxonomy":"post_tag","embeddable":true,"href":"https:\/\/apuntesdesanluis.com\/index.php\/wp-json\/wp\/v2\/tags?post=23162"}],"curies":[{"name":"wp","href":"https:\/\/api.w.org\/{rel}","templated":true}]}}