{"id":23170,"date":"2024-09-30T21:05:31","date_gmt":"2024-10-01T00:05:31","guid":{"rendered":"https:\/\/apuntesdesanluis.com\/?p=23170"},"modified":"2024-09-30T21:16:24","modified_gmt":"2024-10-01T00:16:24","slug":"mafalda-cumple-60-anos-la-historieta-creada-por-quino-que-dejo-una-huella-en-todos-los-argentinos","status":"publish","type":"post","link":"https:\/\/apuntesdesanluis.com\/index.php\/2024\/09\/30\/mafalda-cumple-60-anos-la-historieta-creada-por-quino-que-dejo-una-huella-en-todos-los-argentinos\/","title":{"rendered":"MAFALDA CUMPLE 60 A\u00d1OS: LA HISTORIETA CREADA POR QUINO QUE DEJ\u00d3 UNA HUELLA EN TODOS LOS ARGENTINOS"},"content":{"rendered":"<h3>En 1964 se public\u00f3 la primera tira hecha por <strong>Joaqu\u00edn Salvador Lavado Tej\u00f3n<\/strong>, qui\u00e9n muri\u00f3 el 30 de septiembre de 2020, un d\u00eda despu\u00e9s del aniversario de su creaci\u00f3n.<\/h3>\n<h3><strong>Mafalda<\/strong>, la ni\u00f1a rebelde y que analizaba el mundo de una forma \u00fanica con sus pocos a\u00f1os de edad, cumple 60 a\u00f1os y este nuevo aniversario trae consigo el recuerdo inmemorable de una historieta que supo dejar una huella en todos los argentinos.<\/h3>\n<h3>Su creador, Joaqu\u00edn Salvador Lavado Tej\u00f3n o mejor conocido como Quino, cre\u00f3 a Mafalda en 1962, pero reci\u00e9n el 29 de septiembre de 1964 la public\u00f3 en la revista Primera Plana.<\/h3>\n<p><img fetchpriority=\"high\" decoding=\"async\" class=\"wp-image-23172 aligncenter\" src=\"https:\/\/apuntesdesanluis.com\/wp-content\/uploads\/2024\/09\/mafalda-con-quino-300x200.png\" alt=\"\" width=\"696\" height=\"464\" srcset=\"https:\/\/apuntesdesanluis.com\/wp-content\/uploads\/2024\/09\/mafalda-con-quino-300x200.png 300w, https:\/\/apuntesdesanluis.com\/wp-content\/uploads\/2024\/09\/mafalda-con-quino.png 727w\" sizes=\"(max-width: 696px) 100vw, 696px\" \/><\/p>\n<h3>Desde aquel momento, Quino se consagr\u00f3 por su forma de retratar las situaciones del mundo y del pa\u00eds en la figura de una ni\u00f1a de 6 a\u00f1os que odia la sopa, busca la paz y explica con iron\u00eda y estudio el mecanismo de c\u00f3mo funciona todo.<\/h3>\n<h3>Aun as\u00ed, la historieta solo fue realizada durante nueve a\u00f1os continuos, entre 1964 y 1973, donde pas\u00f3 por tres revistas diferentes.<\/h3>\n<h3>Todo comenz\u00f3 a principios de 1960 cuando Joaqu\u00edn trabajaba en Agens Publicidad, una empresa dedicada a la creaci\u00f3n de contenidos. Por esos a\u00f1os la agencia pens\u00f3 iniciar una campa\u00f1a que promocionara electrodom\u00e9sticos de la marca Mansfield, que eran producidos por la empresa Siam Di Tella.<\/h3>\n<p><img decoding=\"async\" class=\"wp-image-23173 aligncenter\" src=\"https:\/\/apuntesdesanluis.com\/wp-content\/uploads\/2024\/09\/mafalda-sopa-300x113.png\" alt=\"\" width=\"706\" height=\"266\" srcset=\"https:\/\/apuntesdesanluis.com\/wp-content\/uploads\/2024\/09\/mafalda-sopa-300x113.png 300w, https:\/\/apuntesdesanluis.com\/wp-content\/uploads\/2024\/09\/mafalda-sopa-768x288.png 768w, https:\/\/apuntesdesanluis.com\/wp-content\/uploads\/2024\/09\/mafalda-sopa.png 840w\" sizes=\"(max-width: 706px) 100vw, 706px\" \/><\/p>\n<h3>All\u00ed Quino realiz\u00f3 ocho tiras que ten\u00edan cierta relaci\u00f3n y que buscaban promocionar la empresa, pero al tiempo los diarios decidieron rechazar las publicaciones ya que hab\u00eda un alto contenido publicitario.<\/h3>\n<h3>Aun as\u00ed las puertas se abrieron en 1964 cuando Primera Plana acept\u00f3 que la historieta sea p\u00fablica sin publicidad. Desde ese momento Quino comenz\u00f3 a darle vida a Mafalda y r\u00e1pidamente pudo revolucionar las casas de los argentinos.<\/h3>\n<h3>La historieta est\u00e1 integrada por sus amigos: Susanita, Felipe, Libertad y Manolito, su hermano Guille y sus pap\u00e1s. Hasta el 25 de junio de 1973, donde la tira pertenec\u00eda al semanario Siete D\u00edas Ilustrados y se le puso fin a su creaci\u00f3n, se difundieron miles de historias detr\u00e1s de los pensamientos e ideas de Mafalda.<\/h3>\n<p><img decoding=\"async\" class=\"wp-image-23174 aligncenter\" src=\"https:\/\/apuntesdesanluis.com\/wp-content\/uploads\/2024\/09\/mafalda-personajes-300x173.png\" alt=\"\" width=\"721\" height=\"416\" srcset=\"https:\/\/apuntesdesanluis.com\/wp-content\/uploads\/2024\/09\/mafalda-personajes-300x173.png 300w, https:\/\/apuntesdesanluis.com\/wp-content\/uploads\/2024\/09\/mafalda-personajes-768x443.png 768w, https:\/\/apuntesdesanluis.com\/wp-content\/uploads\/2024\/09\/mafalda-personajes.png 858w\" sizes=\"(max-width: 721px) 100vw, 721px\" \/><\/p>\n<h3>Con el boom que gener\u00f3 su publicaci\u00f3n, la historia fue lanzada en 26 idiomas diferentes y recorri\u00f3 todo el mundo donde tambi\u00e9n pudieron reflejarse, en muchos sentidos, en aquella vida de la menor: &#8220;Si no haces cosas est\u00fapidas cuando eres joven no tienes nada de que sonre\u00edr cuando est\u00e1s viejo&#8221;, una de sus t\u00edpicas frases.<\/h3>\n<h3>Joaqu\u00edn Salvador Lavado Tej\u00f3n muri\u00f3 el 30 de septiembre de 2020, un d\u00eda despu\u00e9s de que se cumpliera un nuevo aniversario de la publicaci\u00f3n de la historieta que como se mencion\u00f3 anteriormente dej\u00f3 y sigue dejando una huella sin precedentes.<\/h3>\n<p>&nbsp;<\/p>\n<p>&nbsp;<\/p>\n<p>&nbsp;<\/p>\n<p>&nbsp;<\/p>\n<p>&nbsp;<\/p>\n<p>&nbsp;<\/p>\n<p>&nbsp;<\/p>\n<p>&nbsp;<\/p>\n<p>&nbsp;<\/p>\n","protected":false},"excerpt":{"rendered":"<p>En 1964 se public\u00f3 la primera tira hecha por Joaqu\u00edn Salvador Lavado Tej\u00f3n, qui\u00e9n muri\u00f3&#8230;<\/p>\n","protected":false},"author":1,"featured_media":23171,"comment_status":"closed","ping_status":"closed","sticky":false,"template":"","format":"standard","meta":{"footnotes":""},"categories":[5],"tags":[],"class_list":["post-23170","post","type-post","status-publish","format-standard","has-post-thumbnail","hentry","category-nacionales-internacionales"],"yoast_head":"<!-- This site is optimized with the Yoast SEO plugin v26.1.1 - https:\/\/yoast.com\/wordpress\/plugins\/seo\/ -->\n<title>MAFALDA CUMPLE 60 A\u00d1OS: LA HISTORIETA CREADA POR QUINO QUE DEJ\u00d3 UNA HUELLA EN TODOS LOS ARGENTINOS - Apuntes de San Luis<\/title>\n<meta name=\"robots\" content=\"index, follow, max-snippet:-1, max-image-preview:large, max-video-preview:-1\" \/>\n<link rel=\"canonical\" href=\"https:\/\/apuntesdesanluis.com\/index.php\/2024\/09\/30\/mafalda-cumple-60-anos-la-historieta-creada-por-quino-que-dejo-una-huella-en-todos-los-argentinos\/\" \/>\n<meta property=\"og:locale\" content=\"es_ES\" \/>\n<meta property=\"og:type\" content=\"article\" \/>\n<meta property=\"og:title\" content=\"MAFALDA CUMPLE 60 A\u00d1OS: LA HISTORIETA CREADA POR QUINO QUE DEJ\u00d3 UNA HUELLA EN TODOS LOS ARGENTINOS - Apuntes de San Luis\" \/>\n<meta property=\"og:description\" content=\"En 1964 se public\u00f3 la primera tira hecha por Joaqu\u00edn Salvador Lavado Tej\u00f3n, qui\u00e9n muri\u00f3...\" \/>\n<meta property=\"og:url\" content=\"https:\/\/apuntesdesanluis.com\/index.php\/2024\/09\/30\/mafalda-cumple-60-anos-la-historieta-creada-por-quino-que-dejo-una-huella-en-todos-los-argentinos\/\" \/>\n<meta property=\"og:site_name\" content=\"Apuntes de San Luis\" \/>\n<meta property=\"article:published_time\" content=\"2024-10-01T00:05:31+00:00\" \/>\n<meta property=\"article:modified_time\" content=\"2024-10-01T00:16:24+00:00\" \/>\n<meta property=\"og:image\" content=\"https:\/\/apuntesdesanluis.com\/wp-content\/uploads\/2024\/09\/mafalda.png\" \/>\n\t<meta property=\"og:image:width\" content=\"835\" \/>\n\t<meta property=\"og:image:height\" content=\"485\" \/>\n\t<meta property=\"og:image:type\" content=\"image\/png\" \/>\n<meta name=\"author\" content=\"apuntesdesanluis.com\" \/>\n<meta name=\"twitter:card\" content=\"summary_large_image\" \/>\n<meta name=\"twitter:label1\" content=\"Escrito por\" \/>\n\t<meta name=\"twitter:data1\" content=\"apuntesdesanluis.com\" \/>\n\t<meta name=\"twitter:label2\" content=\"Tiempo de lectura\" \/>\n\t<meta name=\"twitter:data2\" content=\"3 minutos\" \/>\n<script type=\"application\/ld+json\" class=\"yoast-schema-graph\">{\"@context\":\"https:\/\/schema.org\",\"@graph\":[{\"@type\":\"Article\",\"@id\":\"https:\/\/apuntesdesanluis.com\/index.php\/2024\/09\/30\/mafalda-cumple-60-anos-la-historieta-creada-por-quino-que-dejo-una-huella-en-todos-los-argentinos\/#article\",\"isPartOf\":{\"@id\":\"https:\/\/apuntesdesanluis.com\/index.php\/2024\/09\/30\/mafalda-cumple-60-anos-la-historieta-creada-por-quino-que-dejo-una-huella-en-todos-los-argentinos\/\"},\"author\":{\"name\":\"apuntesdesanluis.com\",\"@id\":\"https:\/\/apuntesdesanluis.com\/#\/schema\/person\/b55151d52296fcce64d1a72538a70b90\"},\"headline\":\"MAFALDA CUMPLE 60 A\u00d1OS: LA HISTORIETA CREADA POR QUINO QUE DEJ\u00d3 UNA HUELLA EN TODOS LOS ARGENTINOS\",\"datePublished\":\"2024-10-01T00:05:31+00:00\",\"dateModified\":\"2024-10-01T00:16:24+00:00\",\"mainEntityOfPage\":{\"@id\":\"https:\/\/apuntesdesanluis.com\/index.php\/2024\/09\/30\/mafalda-cumple-60-anos-la-historieta-creada-por-quino-que-dejo-una-huella-en-todos-los-argentinos\/\"},\"wordCount\":487,\"publisher\":{\"@id\":\"https:\/\/apuntesdesanluis.com\/#\/schema\/person\/b55151d52296fcce64d1a72538a70b90\"},\"image\":{\"@id\":\"https:\/\/apuntesdesanluis.com\/index.php\/2024\/09\/30\/mafalda-cumple-60-anos-la-historieta-creada-por-quino-que-dejo-una-huella-en-todos-los-argentinos\/#primaryimage\"},\"thumbnailUrl\":\"https:\/\/apuntesdesanluis.com\/wp-content\/uploads\/2024\/09\/mafalda.png\",\"articleSection\":[\"Nacionales\/Internacionales\"],\"inLanguage\":\"es-AR\"},{\"@type\":\"WebPage\",\"@id\":\"https:\/\/apuntesdesanluis.com\/index.php\/2024\/09\/30\/mafalda-cumple-60-anos-la-historieta-creada-por-quino-que-dejo-una-huella-en-todos-los-argentinos\/\",\"url\":\"https:\/\/apuntesdesanluis.com\/index.php\/2024\/09\/30\/mafalda-cumple-60-anos-la-historieta-creada-por-quino-que-dejo-una-huella-en-todos-los-argentinos\/\",\"name\":\"MAFALDA CUMPLE 60 A\u00d1OS: LA HISTORIETA CREADA POR QUINO QUE DEJ\u00d3 UNA HUELLA EN TODOS LOS ARGENTINOS - Apuntes de San Luis\",\"isPartOf\":{\"@id\":\"https:\/\/apuntesdesanluis.com\/#website\"},\"primaryImageOfPage\":{\"@id\":\"https:\/\/apuntesdesanluis.com\/index.php\/2024\/09\/30\/mafalda-cumple-60-anos-la-historieta-creada-por-quino-que-dejo-una-huella-en-todos-los-argentinos\/#primaryimage\"},\"image\":{\"@id\":\"https:\/\/apuntesdesanluis.com\/index.php\/2024\/09\/30\/mafalda-cumple-60-anos-la-historieta-creada-por-quino-que-dejo-una-huella-en-todos-los-argentinos\/#primaryimage\"},\"thumbnailUrl\":\"https:\/\/apuntesdesanluis.com\/wp-content\/uploads\/2024\/09\/mafalda.png\",\"datePublished\":\"2024-10-01T00:05:31+00:00\",\"dateModified\":\"2024-10-01T00:16:24+00:00\",\"breadcrumb\":{\"@id\":\"https:\/\/apuntesdesanluis.com\/index.php\/2024\/09\/30\/mafalda-cumple-60-anos-la-historieta-creada-por-quino-que-dejo-una-huella-en-todos-los-argentinos\/#breadcrumb\"},\"inLanguage\":\"es-AR\",\"potentialAction\":[{\"@type\":\"ReadAction\",\"target\":[\"https:\/\/apuntesdesanluis.com\/index.php\/2024\/09\/30\/mafalda-cumple-60-anos-la-historieta-creada-por-quino-que-dejo-una-huella-en-todos-los-argentinos\/\"]}]},{\"@type\":\"ImageObject\",\"inLanguage\":\"es-AR\",\"@id\":\"https:\/\/apuntesdesanluis.com\/index.php\/2024\/09\/30\/mafalda-cumple-60-anos-la-historieta-creada-por-quino-que-dejo-una-huella-en-todos-los-argentinos\/#primaryimage\",\"url\":\"https:\/\/apuntesdesanluis.com\/wp-content\/uploads\/2024\/09\/mafalda.png\",\"contentUrl\":\"https:\/\/apuntesdesanluis.com\/wp-content\/uploads\/2024\/09\/mafalda.png\",\"width\":835,\"height\":485},{\"@type\":\"BreadcrumbList\",\"@id\":\"https:\/\/apuntesdesanluis.com\/index.php\/2024\/09\/30\/mafalda-cumple-60-anos-la-historieta-creada-por-quino-que-dejo-una-huella-en-todos-los-argentinos\/#breadcrumb\",\"itemListElement\":[{\"@type\":\"ListItem\",\"position\":1,\"name\":\"Inicio\",\"item\":\"https:\/\/apuntesdesanluis.com\/\"},{\"@type\":\"ListItem\",\"position\":2,\"name\":\"MAFALDA CUMPLE 60 A\u00d1OS: LA HISTORIETA CREADA POR QUINO QUE DEJ\u00d3 UNA HUELLA EN TODOS LOS ARGENTINOS\"}]},{\"@type\":\"WebSite\",\"@id\":\"https:\/\/apuntesdesanluis.com\/#website\",\"url\":\"https:\/\/apuntesdesanluis.com\/\",\"name\":\"Apuntes de San Luis\",\"description\":\"\",\"publisher\":{\"@id\":\"https:\/\/apuntesdesanluis.com\/#\/schema\/person\/b55151d52296fcce64d1a72538a70b90\"},\"potentialAction\":[{\"@type\":\"SearchAction\",\"target\":{\"@type\":\"EntryPoint\",\"urlTemplate\":\"https:\/\/apuntesdesanluis.com\/?s={search_term_string}\"},\"query-input\":{\"@type\":\"PropertyValueSpecification\",\"valueRequired\":true,\"valueName\":\"search_term_string\"}}],\"inLanguage\":\"es-AR\"},{\"@type\":[\"Person\",\"Organization\"],\"@id\":\"https:\/\/apuntesdesanluis.com\/#\/schema\/person\/b55151d52296fcce64d1a72538a70b90\",\"name\":\"apuntesdesanluis.com\",\"image\":{\"@type\":\"ImageObject\",\"inLanguage\":\"es-AR\",\"@id\":\"https:\/\/apuntesdesanluis.com\/#\/schema\/person\/image\/\",\"url\":\"https:\/\/apuntesdesanluis.com\/wp-content\/uploads\/2023\/07\/cropped-apuntesdesanluis.png\",\"contentUrl\":\"https:\/\/apuntesdesanluis.com\/wp-content\/uploads\/2023\/07\/cropped-apuntesdesanluis.png\",\"width\":450,\"height\":112,\"caption\":\"apuntesdesanluis.com\"},\"logo\":{\"@id\":\"https:\/\/apuntesdesanluis.com\/#\/schema\/person\/image\/\"},\"sameAs\":[\"https:\/\/apuntesdesanluis.com\"],\"url\":\"https:\/\/apuntesdesanluis.com\/index.php\/author\/apuntesdesanluis-com\/\"}]}<\/script>\n<!-- \/ Yoast SEO plugin. -->","yoast_head_json":{"title":"MAFALDA CUMPLE 60 A\u00d1OS: LA HISTORIETA CREADA POR QUINO QUE DEJ\u00d3 UNA HUELLA EN TODOS LOS ARGENTINOS - Apuntes de San Luis","robots":{"index":"index","follow":"follow","max-snippet":"max-snippet:-1","max-image-preview":"max-image-preview:large","max-video-preview":"max-video-preview:-1"},"canonical":"https:\/\/apuntesdesanluis.com\/index.php\/2024\/09\/30\/mafalda-cumple-60-anos-la-historieta-creada-por-quino-que-dejo-una-huella-en-todos-los-argentinos\/","og_locale":"es_ES","og_type":"article","og_title":"MAFALDA CUMPLE 60 A\u00d1OS: LA HISTORIETA CREADA POR QUINO QUE DEJ\u00d3 UNA HUELLA EN TODOS LOS ARGENTINOS - Apuntes de San Luis","og_description":"En 1964 se public\u00f3 la primera tira hecha por Joaqu\u00edn Salvador Lavado Tej\u00f3n, qui\u00e9n muri\u00f3...","og_url":"https:\/\/apuntesdesanluis.com\/index.php\/2024\/09\/30\/mafalda-cumple-60-anos-la-historieta-creada-por-quino-que-dejo-una-huella-en-todos-los-argentinos\/","og_site_name":"Apuntes de San Luis","article_published_time":"2024-10-01T00:05:31+00:00","article_modified_time":"2024-10-01T00:16:24+00:00","og_image":[{"width":835,"height":485,"url":"https:\/\/apuntesdesanluis.com\/wp-content\/uploads\/2024\/09\/mafalda.png","type":"image\/png"}],"author":"apuntesdesanluis.com","twitter_card":"summary_large_image","twitter_misc":{"Escrito por":"apuntesdesanluis.com","Tiempo de lectura":"3 minutos"},"schema":{"@context":"https:\/\/schema.org","@graph":[{"@type":"Article","@id":"https:\/\/apuntesdesanluis.com\/index.php\/2024\/09\/30\/mafalda-cumple-60-anos-la-historieta-creada-por-quino-que-dejo-una-huella-en-todos-los-argentinos\/#article","isPartOf":{"@id":"https:\/\/apuntesdesanluis.com\/index.php\/2024\/09\/30\/mafalda-cumple-60-anos-la-historieta-creada-por-quino-que-dejo-una-huella-en-todos-los-argentinos\/"},"author":{"name":"apuntesdesanluis.com","@id":"https:\/\/apuntesdesanluis.com\/#\/schema\/person\/b55151d52296fcce64d1a72538a70b90"},"headline":"MAFALDA CUMPLE 60 A\u00d1OS: LA HISTORIETA CREADA POR QUINO QUE DEJ\u00d3 UNA HUELLA EN TODOS LOS ARGENTINOS","datePublished":"2024-10-01T00:05:31+00:00","dateModified":"2024-10-01T00:16:24+00:00","mainEntityOfPage":{"@id":"https:\/\/apuntesdesanluis.com\/index.php\/2024\/09\/30\/mafalda-cumple-60-anos-la-historieta-creada-por-quino-que-dejo-una-huella-en-todos-los-argentinos\/"},"wordCount":487,"publisher":{"@id":"https:\/\/apuntesdesanluis.com\/#\/schema\/person\/b55151d52296fcce64d1a72538a70b90"},"image":{"@id":"https:\/\/apuntesdesanluis.com\/index.php\/2024\/09\/30\/mafalda-cumple-60-anos-la-historieta-creada-por-quino-que-dejo-una-huella-en-todos-los-argentinos\/#primaryimage"},"thumbnailUrl":"https:\/\/apuntesdesanluis.com\/wp-content\/uploads\/2024\/09\/mafalda.png","articleSection":["Nacionales\/Internacionales"],"inLanguage":"es-AR"},{"@type":"WebPage","@id":"https:\/\/apuntesdesanluis.com\/index.php\/2024\/09\/30\/mafalda-cumple-60-anos-la-historieta-creada-por-quino-que-dejo-una-huella-en-todos-los-argentinos\/","url":"https:\/\/apuntesdesanluis.com\/index.php\/2024\/09\/30\/mafalda-cumple-60-anos-la-historieta-creada-por-quino-que-dejo-una-huella-en-todos-los-argentinos\/","name":"MAFALDA CUMPLE 60 A\u00d1OS: LA HISTORIETA CREADA POR QUINO QUE DEJ\u00d3 UNA HUELLA EN TODOS LOS ARGENTINOS - Apuntes de San Luis","isPartOf":{"@id":"https:\/\/apuntesdesanluis.com\/#website"},"primaryImageOfPage":{"@id":"https:\/\/apuntesdesanluis.com\/index.php\/2024\/09\/30\/mafalda-cumple-60-anos-la-historieta-creada-por-quino-que-dejo-una-huella-en-todos-los-argentinos\/#primaryimage"},"image":{"@id":"https:\/\/apuntesdesanluis.com\/index.php\/2024\/09\/30\/mafalda-cumple-60-anos-la-historieta-creada-por-quino-que-dejo-una-huella-en-todos-los-argentinos\/#primaryimage"},"thumbnailUrl":"https:\/\/apuntesdesanluis.com\/wp-content\/uploads\/2024\/09\/mafalda.png","datePublished":"2024-10-01T00:05:31+00:00","dateModified":"2024-10-01T00:16:24+00:00","breadcrumb":{"@id":"https:\/\/apuntesdesanluis.com\/index.php\/2024\/09\/30\/mafalda-cumple-60-anos-la-historieta-creada-por-quino-que-dejo-una-huella-en-todos-los-argentinos\/#breadcrumb"},"inLanguage":"es-AR","potentialAction":[{"@type":"ReadAction","target":["https:\/\/apuntesdesanluis.com\/index.php\/2024\/09\/30\/mafalda-cumple-60-anos-la-historieta-creada-por-quino-que-dejo-una-huella-en-todos-los-argentinos\/"]}]},{"@type":"ImageObject","inLanguage":"es-AR","@id":"https:\/\/apuntesdesanluis.com\/index.php\/2024\/09\/30\/mafalda-cumple-60-anos-la-historieta-creada-por-quino-que-dejo-una-huella-en-todos-los-argentinos\/#primaryimage","url":"https:\/\/apuntesdesanluis.com\/wp-content\/uploads\/2024\/09\/mafalda.png","contentUrl":"https:\/\/apuntesdesanluis.com\/wp-content\/uploads\/2024\/09\/mafalda.png","width":835,"height":485},{"@type":"BreadcrumbList","@id":"https:\/\/apuntesdesanluis.com\/index.php\/2024\/09\/30\/mafalda-cumple-60-anos-la-historieta-creada-por-quino-que-dejo-una-huella-en-todos-los-argentinos\/#breadcrumb","itemListElement":[{"@type":"ListItem","position":1,"name":"Inicio","item":"https:\/\/apuntesdesanluis.com\/"},{"@type":"ListItem","position":2,"name":"MAFALDA CUMPLE 60 A\u00d1OS: LA HISTORIETA CREADA POR QUINO QUE DEJ\u00d3 UNA HUELLA EN TODOS LOS ARGENTINOS"}]},{"@type":"WebSite","@id":"https:\/\/apuntesdesanluis.com\/#website","url":"https:\/\/apuntesdesanluis.com\/","name":"Apuntes de San Luis","description":"","publisher":{"@id":"https:\/\/apuntesdesanluis.com\/#\/schema\/person\/b55151d52296fcce64d1a72538a70b90"},"potentialAction":[{"@type":"SearchAction","target":{"@type":"EntryPoint","urlTemplate":"https:\/\/apuntesdesanluis.com\/?s={search_term_string}"},"query-input":{"@type":"PropertyValueSpecification","valueRequired":true,"valueName":"search_term_string"}}],"inLanguage":"es-AR"},{"@type":["Person","Organization"],"@id":"https:\/\/apuntesdesanluis.com\/#\/schema\/person\/b55151d52296fcce64d1a72538a70b90","name":"apuntesdesanluis.com","image":{"@type":"ImageObject","inLanguage":"es-AR","@id":"https:\/\/apuntesdesanluis.com\/#\/schema\/person\/image\/","url":"https:\/\/apuntesdesanluis.com\/wp-content\/uploads\/2023\/07\/cropped-apuntesdesanluis.png","contentUrl":"https:\/\/apuntesdesanluis.com\/wp-content\/uploads\/2023\/07\/cropped-apuntesdesanluis.png","width":450,"height":112,"caption":"apuntesdesanluis.com"},"logo":{"@id":"https:\/\/apuntesdesanluis.com\/#\/schema\/person\/image\/"},"sameAs":["https:\/\/apuntesdesanluis.com"],"url":"https:\/\/apuntesdesanluis.com\/index.php\/author\/apuntesdesanluis-com\/"}]}},"featured_image_urls":{"full":["https:\/\/apuntesdesanluis.com\/wp-content\/uploads\/2024\/09\/mafalda.png",835,485,false],"thumbnail":["https:\/\/apuntesdesanluis.com\/wp-content\/uploads\/2024\/09\/mafalda-150x150.png",150,150,true],"medium":["https:\/\/apuntesdesanluis.com\/wp-content\/uploads\/2024\/09\/mafalda-300x174.png",300,174,true],"medium_large":["https:\/\/apuntesdesanluis.com\/wp-content\/uploads\/2024\/09\/mafalda-768x446.png",640,372,true],"large":["https:\/\/apuntesdesanluis.com\/wp-content\/uploads\/2024\/09\/mafalda.png",640,372,false],"1536x1536":["https:\/\/apuntesdesanluis.com\/wp-content\/uploads\/2024\/09\/mafalda.png",835,485,false],"2048x2048":["https:\/\/apuntesdesanluis.com\/wp-content\/uploads\/2024\/09\/mafalda.png",835,485,false],"newsever-slider-full":["https:\/\/apuntesdesanluis.com\/wp-content\/uploads\/2024\/09\/mafalda.png",835,485,false],"newsever-featured":["https:\/\/apuntesdesanluis.com\/wp-content\/uploads\/2024\/09\/mafalda.png",835,485,false],"newsever-medium":["https:\/\/apuntesdesanluis.com\/wp-content\/uploads\/2024\/09\/mafalda-720x475.png",720,475,true]},"author_info":{"display_name":"apuntesdesanluis.com","author_link":"https:\/\/apuntesdesanluis.com\/index.php\/author\/apuntesdesanluis-com\/"},"category_info":"<a href=\"https:\/\/apuntesdesanluis.com\/index.php\/category\/nacionales-internacionales\/\" rel=\"category tag\">Nacionales\/Internacionales<\/a>","tag_info":"Nacionales\/Internacionales","comment_count":"0","_links":{"self":[{"href":"https:\/\/apuntesdesanluis.com\/index.php\/wp-json\/wp\/v2\/posts\/23170","targetHints":{"allow":["GET"]}}],"collection":[{"href":"https:\/\/apuntesdesanluis.com\/index.php\/wp-json\/wp\/v2\/posts"}],"about":[{"href":"https:\/\/apuntesdesanluis.com\/index.php\/wp-json\/wp\/v2\/types\/post"}],"author":[{"embeddable":true,"href":"https:\/\/apuntesdesanluis.com\/index.php\/wp-json\/wp\/v2\/users\/1"}],"replies":[{"embeddable":true,"href":"https:\/\/apuntesdesanluis.com\/index.php\/wp-json\/wp\/v2\/comments?post=23170"}],"version-history":[{"count":2,"href":"https:\/\/apuntesdesanluis.com\/index.php\/wp-json\/wp\/v2\/posts\/23170\/revisions"}],"predecessor-version":[{"id":23176,"href":"https:\/\/apuntesdesanluis.com\/index.php\/wp-json\/wp\/v2\/posts\/23170\/revisions\/23176"}],"wp:featuredmedia":[{"embeddable":true,"href":"https:\/\/apuntesdesanluis.com\/index.php\/wp-json\/wp\/v2\/media\/23171"}],"wp:attachment":[{"href":"https:\/\/apuntesdesanluis.com\/index.php\/wp-json\/wp\/v2\/media?parent=23170"}],"wp:term":[{"taxonomy":"category","embeddable":true,"href":"https:\/\/apuntesdesanluis.com\/index.php\/wp-json\/wp\/v2\/categories?post=23170"},{"taxonomy":"post_tag","embeddable":true,"href":"https:\/\/apuntesdesanluis.com\/index.php\/wp-json\/wp\/v2\/tags?post=23170"}],"curies":[{"name":"wp","href":"https:\/\/api.w.org\/{rel}","templated":true}]}}