{"id":23177,"date":"2024-09-30T21:19:59","date_gmt":"2024-10-01T00:19:59","guid":{"rendered":"https:\/\/apuntesdesanluis.com\/?p=23177"},"modified":"2024-09-30T21:19:59","modified_gmt":"2024-10-01T00:19:59","slug":"milei-y-bukele-afianzaron-su-vinculo-con-una-nueva-reunion-en-casa-rosada","status":"publish","type":"post","link":"https:\/\/apuntesdesanluis.com\/index.php\/2024\/09\/30\/milei-y-bukele-afianzaron-su-vinculo-con-una-nueva-reunion-en-casa-rosada\/","title":{"rendered":"MILEI Y BUKELE AFIANZARON SU V\u00cdNCULO CON UNA NUEVA REUNI\u00d3N EN CASA ROSADA"},"content":{"rendered":"<h3>El presidente <strong>Javier Milei<\/strong> recibi\u00f3 en Casa Rosada a su par de El Salvador, <strong>Nayib Bukele<\/strong>, con quien mantuvo una audiencia, en la que abordaron la cooperaci\u00f3n en temas como &#8220;energ\u00eda, comercio y seguridad&#8221;, entre otros.<\/h3>\n<h3>Luego de la reuni\u00f3n a solas, se sumaron al encuentro ampliado ministros de ambas administraciones. Por \u00faltimo, Milei y Bukele salieron a saludar desde uno de los balcones de la Rosada, como suele invitar a hacerlo el presidente argentino cada vez que recibe una personalidad, como el caso de Susana Gim\u00e9nez la semana anterior.<\/h3>\n<h3>Previo a su llegada a la Rosada, el mandatario salvadore\u00f1o hab\u00eda hecho la habitual ofrenda floral en Plaza San Mart\u00edn, en Retiro, donde estuvo acompa\u00f1ado por la canciller Diana Mondino, y desde all\u00ed se traslad\u00f3 a la sede gubernamental.<\/h3>\n<h3>Milei lo recibi\u00f3 minutos antes de las 15:30 en el Sal\u00f3n de los Bustos de la explanada, luego se trasladaron al Sal\u00f3n Blanco, donde hicieron el saludo formal y las fotos y acto seguido se dirigieron al despacho presidencial.<\/h3>\n<h3>&#8220;Va a ser una reuni\u00f3n\u00a0 muy buena, somos amigos con Milei. Vamos a hablar de energ\u00eda, comercio y seguridad&#8221;, hab\u00eda adelantado el salvadore\u00f1o en declaraciones a la prensa en Plaza San Mart\u00edn. Y agreg\u00f3: &#8220;Me gusta lo que est\u00e1 haciendo Milei&#8221;.<\/h3>\n<h3>De esta forma ambos mandatarios afianzaron su v\u00ednculo, luego de haberse visto durante sus respectivas asunciones, el 10 de diciembre en Buenos Aires y en junio pasado en El Salvador, cuando Bukele volvi\u00f3 a tomar posesi\u00f3n del cargo tras ser reelecto.<\/h3>\n<h3>Durante la reuni\u00f3n, el subsecretario de Prensa, Javier Lanari, escribi\u00f3 en la red social X: &#8220;Bukele consigui\u00f3 las reformas m\u00e1s importantes de la historia de El Salvador siendo minor\u00eda absoluta en el Congreso. Derrot\u00f3 al narcotr\u00e1fico con convicci\u00f3n, firmeza y desafiando a la pol\u00edtica tradicional. Su ejemplo es inspiraci\u00f3n&#8230;&#8221;.<\/h3>\n<h3>Este nuevo encuentro entre ambos fue luego del acuerdo de asesoramiento en materia de seguridad firmado entre los dos pa\u00edses en junio pasado, durante una visita de la ministra Patricia Bullrich al pa\u00eds centroamericano.<\/h3>\n<h3>El mandatario salvadore\u00f1o cobr\u00f3 gran notoriedad por su pol\u00edtica de seguridad de mano dura que le dio popularidad en su pa\u00eds, al disminuir el accionar delictivo de bandas delictivas que controlaban parte del territorio. En paralelo, como consecuencia de ese accionar viene recibiendo denuncias por supuestas violaciones a los derechos humanos.<\/h3>\n<h3>Acompa\u00f1aron a Milei el Jefe de Gabinete, Guillermo Francos; la secretaria General de la Presidencia, Karina Milei, y los ministros de Relaciones Exteriores, Diana Mondino; de Econom\u00eda, Luis Caputo; de Justicia, Mariano Cuneo Libarona; de Seguridad, Patricia Bullrich, y de Capital Humano, Sandra Pettovello; adem\u00e1s del vocero Manuel Adorni y el embajador de Argentina en El Salvador, Sergio Iaciuk.<\/h3>\n<h3>Participaron por la administraci\u00f3n de Bukele los ministros de Relaciones Exteriores, Alexandra Hill; de Seguridad y Justicia, Gustavo Villatoro; de Cultura, Ra\u00fal Castillo; el presidente de la Comisi\u00f3n Ejecutiva Hidroel\u00e9ctrica del Rio Lempa, Daniel \u00c1lvarez; el de la Comisi\u00f3n Ejecutiva Portuaria Aut\u00f3noma, Federico Anliker; el del INVEST, Rodrigo Ayala; el jefe del Estado Mayor Presidencial, Manuel Acevedo L\u00f3pez y el embajador de El Salvador en Argentina, Eduardo Cardoza Mata.<\/h3>\n<h3>Por la noche, Bukele ten\u00eda pautado visitar la quinta de Olivos para compartir una cena con el mandatario libertario. Se encuentra en Buenos Aires desde el viernes pasado y en medio de un fuerte hermetismo no trascendi\u00f3 ninguna actividad del mandatario salvadore\u00f1o durante este fin de semana.<\/h3>\n<h3>Est\u00e1 previsto que en el marco de su visita de Estado, este martes concurra al Congreso para reunirse con los titulares de ambas c\u00e1maras, Victoria Villarruel y Mart\u00edn Menem, y con el presidente de la Corte Suprema, Horacio Rosatti.<\/h3>\n<p>&nbsp;<\/p>\n<p>&nbsp;<\/p>\n<p>&nbsp;<\/p>\n<p>&nbsp;<\/p>\n<p>&nbsp;<\/p>\n<p>&nbsp;<\/p>\n","protected":false},"excerpt":{"rendered":"<p>El presidente Javier Milei recibi\u00f3 en Casa Rosada a su par de El Salvador, Nayib&#8230;<\/p>\n","protected":false},"author":1,"featured_media":23178,"comment_status":"closed","ping_status":"closed","sticky":false,"template":"","format":"standard","meta":{"footnotes":""},"categories":[5],"tags":[],"class_list":["post-23177","post","type-post","status-publish","format-standard","has-post-thumbnail","hentry","category-nacionales-internacionales"],"yoast_head":"<!-- This site is optimized with the Yoast SEO plugin v26.1.1 - https:\/\/yoast.com\/wordpress\/plugins\/seo\/ -->\n<title>MILEI Y BUKELE AFIANZARON SU V\u00cdNCULO CON UNA NUEVA REUNI\u00d3N EN CASA ROSADA - Apuntes de San Luis<\/title>\n<meta name=\"robots\" content=\"index, follow, max-snippet:-1, max-image-preview:large, max-video-preview:-1\" \/>\n<link rel=\"canonical\" href=\"https:\/\/apuntesdesanluis.com\/index.php\/2024\/09\/30\/milei-y-bukele-afianzaron-su-vinculo-con-una-nueva-reunion-en-casa-rosada\/\" \/>\n<meta property=\"og:locale\" content=\"es_ES\" \/>\n<meta property=\"og:type\" content=\"article\" \/>\n<meta property=\"og:title\" content=\"MILEI Y BUKELE AFIANZARON SU V\u00cdNCULO CON UNA NUEVA REUNI\u00d3N EN CASA ROSADA - Apuntes de San Luis\" \/>\n<meta property=\"og:description\" content=\"El presidente Javier Milei recibi\u00f3 en Casa Rosada a su par de El Salvador, Nayib...\" \/>\n<meta property=\"og:url\" content=\"https:\/\/apuntesdesanluis.com\/index.php\/2024\/09\/30\/milei-y-bukele-afianzaron-su-vinculo-con-una-nueva-reunion-en-casa-rosada\/\" \/>\n<meta property=\"og:site_name\" content=\"Apuntes de San Luis\" \/>\n<meta property=\"article:published_time\" content=\"2024-10-01T00:19:59+00:00\" \/>\n<meta property=\"og:image\" content=\"https:\/\/apuntesdesanluis.com\/wp-content\/uploads\/2024\/09\/bukele-y-milei.png\" \/>\n\t<meta property=\"og:image:width\" content=\"742\" \/>\n\t<meta property=\"og:image:height\" content=\"454\" \/>\n\t<meta property=\"og:image:type\" content=\"image\/png\" \/>\n<meta name=\"author\" content=\"apuntesdesanluis.com\" \/>\n<meta name=\"twitter:card\" content=\"summary_large_image\" \/>\n<meta name=\"twitter:label1\" content=\"Escrito por\" \/>\n\t<meta name=\"twitter:data1\" content=\"apuntesdesanluis.com\" \/>\n\t<meta name=\"twitter:label2\" content=\"Tiempo de lectura\" \/>\n\t<meta name=\"twitter:data2\" content=\"3 minutos\" \/>\n<script type=\"application\/ld+json\" class=\"yoast-schema-graph\">{\"@context\":\"https:\/\/schema.org\",\"@graph\":[{\"@type\":\"Article\",\"@id\":\"https:\/\/apuntesdesanluis.com\/index.php\/2024\/09\/30\/milei-y-bukele-afianzaron-su-vinculo-con-una-nueva-reunion-en-casa-rosada\/#article\",\"isPartOf\":{\"@id\":\"https:\/\/apuntesdesanluis.com\/index.php\/2024\/09\/30\/milei-y-bukele-afianzaron-su-vinculo-con-una-nueva-reunion-en-casa-rosada\/\"},\"author\":{\"name\":\"apuntesdesanluis.com\",\"@id\":\"https:\/\/apuntesdesanluis.com\/#\/schema\/person\/b55151d52296fcce64d1a72538a70b90\"},\"headline\":\"MILEI Y BUKELE AFIANZARON SU V\u00cdNCULO CON UNA NUEVA REUNI\u00d3N EN CASA ROSADA\",\"datePublished\":\"2024-10-01T00:19:59+00:00\",\"mainEntityOfPage\":{\"@id\":\"https:\/\/apuntesdesanluis.com\/index.php\/2024\/09\/30\/milei-y-bukele-afianzaron-su-vinculo-con-una-nueva-reunion-en-casa-rosada\/\"},\"wordCount\":660,\"publisher\":{\"@id\":\"https:\/\/apuntesdesanluis.com\/#\/schema\/person\/b55151d52296fcce64d1a72538a70b90\"},\"image\":{\"@id\":\"https:\/\/apuntesdesanluis.com\/index.php\/2024\/09\/30\/milei-y-bukele-afianzaron-su-vinculo-con-una-nueva-reunion-en-casa-rosada\/#primaryimage\"},\"thumbnailUrl\":\"https:\/\/apuntesdesanluis.com\/wp-content\/uploads\/2024\/09\/bukele-y-milei.png\",\"articleSection\":[\"Nacionales\/Internacionales\"],\"inLanguage\":\"es-AR\"},{\"@type\":\"WebPage\",\"@id\":\"https:\/\/apuntesdesanluis.com\/index.php\/2024\/09\/30\/milei-y-bukele-afianzaron-su-vinculo-con-una-nueva-reunion-en-casa-rosada\/\",\"url\":\"https:\/\/apuntesdesanluis.com\/index.php\/2024\/09\/30\/milei-y-bukele-afianzaron-su-vinculo-con-una-nueva-reunion-en-casa-rosada\/\",\"name\":\"MILEI Y BUKELE AFIANZARON SU V\u00cdNCULO CON UNA NUEVA REUNI\u00d3N EN CASA ROSADA - Apuntes de San Luis\",\"isPartOf\":{\"@id\":\"https:\/\/apuntesdesanluis.com\/#website\"},\"primaryImageOfPage\":{\"@id\":\"https:\/\/apuntesdesanluis.com\/index.php\/2024\/09\/30\/milei-y-bukele-afianzaron-su-vinculo-con-una-nueva-reunion-en-casa-rosada\/#primaryimage\"},\"image\":{\"@id\":\"https:\/\/apuntesdesanluis.com\/index.php\/2024\/09\/30\/milei-y-bukele-afianzaron-su-vinculo-con-una-nueva-reunion-en-casa-rosada\/#primaryimage\"},\"thumbnailUrl\":\"https:\/\/apuntesdesanluis.com\/wp-content\/uploads\/2024\/09\/bukele-y-milei.png\",\"datePublished\":\"2024-10-01T00:19:59+00:00\",\"breadcrumb\":{\"@id\":\"https:\/\/apuntesdesanluis.com\/index.php\/2024\/09\/30\/milei-y-bukele-afianzaron-su-vinculo-con-una-nueva-reunion-en-casa-rosada\/#breadcrumb\"},\"inLanguage\":\"es-AR\",\"potentialAction\":[{\"@type\":\"ReadAction\",\"target\":[\"https:\/\/apuntesdesanluis.com\/index.php\/2024\/09\/30\/milei-y-bukele-afianzaron-su-vinculo-con-una-nueva-reunion-en-casa-rosada\/\"]}]},{\"@type\":\"ImageObject\",\"inLanguage\":\"es-AR\",\"@id\":\"https:\/\/apuntesdesanluis.com\/index.php\/2024\/09\/30\/milei-y-bukele-afianzaron-su-vinculo-con-una-nueva-reunion-en-casa-rosada\/#primaryimage\",\"url\":\"https:\/\/apuntesdesanluis.com\/wp-content\/uploads\/2024\/09\/bukele-y-milei.png\",\"contentUrl\":\"https:\/\/apuntesdesanluis.com\/wp-content\/uploads\/2024\/09\/bukele-y-milei.png\",\"width\":742,\"height\":454},{\"@type\":\"BreadcrumbList\",\"@id\":\"https:\/\/apuntesdesanluis.com\/index.php\/2024\/09\/30\/milei-y-bukele-afianzaron-su-vinculo-con-una-nueva-reunion-en-casa-rosada\/#breadcrumb\",\"itemListElement\":[{\"@type\":\"ListItem\",\"position\":1,\"name\":\"Inicio\",\"item\":\"https:\/\/apuntesdesanluis.com\/\"},{\"@type\":\"ListItem\",\"position\":2,\"name\":\"MILEI Y BUKELE AFIANZARON SU V\u00cdNCULO CON UNA NUEVA REUNI\u00d3N EN CASA ROSADA\"}]},{\"@type\":\"WebSite\",\"@id\":\"https:\/\/apuntesdesanluis.com\/#website\",\"url\":\"https:\/\/apuntesdesanluis.com\/\",\"name\":\"Apuntes de San Luis\",\"description\":\"\",\"publisher\":{\"@id\":\"https:\/\/apuntesdesanluis.com\/#\/schema\/person\/b55151d52296fcce64d1a72538a70b90\"},\"potentialAction\":[{\"@type\":\"SearchAction\",\"target\":{\"@type\":\"EntryPoint\",\"urlTemplate\":\"https:\/\/apuntesdesanluis.com\/?s={search_term_string}\"},\"query-input\":{\"@type\":\"PropertyValueSpecification\",\"valueRequired\":true,\"valueName\":\"search_term_string\"}}],\"inLanguage\":\"es-AR\"},{\"@type\":[\"Person\",\"Organization\"],\"@id\":\"https:\/\/apuntesdesanluis.com\/#\/schema\/person\/b55151d52296fcce64d1a72538a70b90\",\"name\":\"apuntesdesanluis.com\",\"image\":{\"@type\":\"ImageObject\",\"inLanguage\":\"es-AR\",\"@id\":\"https:\/\/apuntesdesanluis.com\/#\/schema\/person\/image\/\",\"url\":\"https:\/\/apuntesdesanluis.com\/wp-content\/uploads\/2023\/07\/cropped-apuntesdesanluis.png\",\"contentUrl\":\"https:\/\/apuntesdesanluis.com\/wp-content\/uploads\/2023\/07\/cropped-apuntesdesanluis.png\",\"width\":450,\"height\":112,\"caption\":\"apuntesdesanluis.com\"},\"logo\":{\"@id\":\"https:\/\/apuntesdesanluis.com\/#\/schema\/person\/image\/\"},\"sameAs\":[\"https:\/\/apuntesdesanluis.com\"],\"url\":\"https:\/\/apuntesdesanluis.com\/index.php\/author\/apuntesdesanluis-com\/\"}]}<\/script>\n<!-- \/ Yoast SEO plugin. -->","yoast_head_json":{"title":"MILEI Y BUKELE AFIANZARON SU V\u00cdNCULO CON UNA NUEVA REUNI\u00d3N EN CASA ROSADA - Apuntes de San Luis","robots":{"index":"index","follow":"follow","max-snippet":"max-snippet:-1","max-image-preview":"max-image-preview:large","max-video-preview":"max-video-preview:-1"},"canonical":"https:\/\/apuntesdesanluis.com\/index.php\/2024\/09\/30\/milei-y-bukele-afianzaron-su-vinculo-con-una-nueva-reunion-en-casa-rosada\/","og_locale":"es_ES","og_type":"article","og_title":"MILEI Y BUKELE AFIANZARON SU V\u00cdNCULO CON UNA NUEVA REUNI\u00d3N EN CASA ROSADA - Apuntes de San Luis","og_description":"El presidente Javier Milei recibi\u00f3 en Casa Rosada a su par de El Salvador, Nayib...","og_url":"https:\/\/apuntesdesanluis.com\/index.php\/2024\/09\/30\/milei-y-bukele-afianzaron-su-vinculo-con-una-nueva-reunion-en-casa-rosada\/","og_site_name":"Apuntes de San Luis","article_published_time":"2024-10-01T00:19:59+00:00","og_image":[{"width":742,"height":454,"url":"https:\/\/apuntesdesanluis.com\/wp-content\/uploads\/2024\/09\/bukele-y-milei.png","type":"image\/png"}],"author":"apuntesdesanluis.com","twitter_card":"summary_large_image","twitter_misc":{"Escrito por":"apuntesdesanluis.com","Tiempo de lectura":"3 minutos"},"schema":{"@context":"https:\/\/schema.org","@graph":[{"@type":"Article","@id":"https:\/\/apuntesdesanluis.com\/index.php\/2024\/09\/30\/milei-y-bukele-afianzaron-su-vinculo-con-una-nueva-reunion-en-casa-rosada\/#article","isPartOf":{"@id":"https:\/\/apuntesdesanluis.com\/index.php\/2024\/09\/30\/milei-y-bukele-afianzaron-su-vinculo-con-una-nueva-reunion-en-casa-rosada\/"},"author":{"name":"apuntesdesanluis.com","@id":"https:\/\/apuntesdesanluis.com\/#\/schema\/person\/b55151d52296fcce64d1a72538a70b90"},"headline":"MILEI Y BUKELE AFIANZARON SU V\u00cdNCULO CON UNA NUEVA REUNI\u00d3N EN CASA ROSADA","datePublished":"2024-10-01T00:19:59+00:00","mainEntityOfPage":{"@id":"https:\/\/apuntesdesanluis.com\/index.php\/2024\/09\/30\/milei-y-bukele-afianzaron-su-vinculo-con-una-nueva-reunion-en-casa-rosada\/"},"wordCount":660,"publisher":{"@id":"https:\/\/apuntesdesanluis.com\/#\/schema\/person\/b55151d52296fcce64d1a72538a70b90"},"image":{"@id":"https:\/\/apuntesdesanluis.com\/index.php\/2024\/09\/30\/milei-y-bukele-afianzaron-su-vinculo-con-una-nueva-reunion-en-casa-rosada\/#primaryimage"},"thumbnailUrl":"https:\/\/apuntesdesanluis.com\/wp-content\/uploads\/2024\/09\/bukele-y-milei.png","articleSection":["Nacionales\/Internacionales"],"inLanguage":"es-AR"},{"@type":"WebPage","@id":"https:\/\/apuntesdesanluis.com\/index.php\/2024\/09\/30\/milei-y-bukele-afianzaron-su-vinculo-con-una-nueva-reunion-en-casa-rosada\/","url":"https:\/\/apuntesdesanluis.com\/index.php\/2024\/09\/30\/milei-y-bukele-afianzaron-su-vinculo-con-una-nueva-reunion-en-casa-rosada\/","name":"MILEI Y BUKELE AFIANZARON SU V\u00cdNCULO CON UNA NUEVA REUNI\u00d3N EN CASA ROSADA - Apuntes de San Luis","isPartOf":{"@id":"https:\/\/apuntesdesanluis.com\/#website"},"primaryImageOfPage":{"@id":"https:\/\/apuntesdesanluis.com\/index.php\/2024\/09\/30\/milei-y-bukele-afianzaron-su-vinculo-con-una-nueva-reunion-en-casa-rosada\/#primaryimage"},"image":{"@id":"https:\/\/apuntesdesanluis.com\/index.php\/2024\/09\/30\/milei-y-bukele-afianzaron-su-vinculo-con-una-nueva-reunion-en-casa-rosada\/#primaryimage"},"thumbnailUrl":"https:\/\/apuntesdesanluis.com\/wp-content\/uploads\/2024\/09\/bukele-y-milei.png","datePublished":"2024-10-01T00:19:59+00:00","breadcrumb":{"@id":"https:\/\/apuntesdesanluis.com\/index.php\/2024\/09\/30\/milei-y-bukele-afianzaron-su-vinculo-con-una-nueva-reunion-en-casa-rosada\/#breadcrumb"},"inLanguage":"es-AR","potentialAction":[{"@type":"ReadAction","target":["https:\/\/apuntesdesanluis.com\/index.php\/2024\/09\/30\/milei-y-bukele-afianzaron-su-vinculo-con-una-nueva-reunion-en-casa-rosada\/"]}]},{"@type":"ImageObject","inLanguage":"es-AR","@id":"https:\/\/apuntesdesanluis.com\/index.php\/2024\/09\/30\/milei-y-bukele-afianzaron-su-vinculo-con-una-nueva-reunion-en-casa-rosada\/#primaryimage","url":"https:\/\/apuntesdesanluis.com\/wp-content\/uploads\/2024\/09\/bukele-y-milei.png","contentUrl":"https:\/\/apuntesdesanluis.com\/wp-content\/uploads\/2024\/09\/bukele-y-milei.png","width":742,"height":454},{"@type":"BreadcrumbList","@id":"https:\/\/apuntesdesanluis.com\/index.php\/2024\/09\/30\/milei-y-bukele-afianzaron-su-vinculo-con-una-nueva-reunion-en-casa-rosada\/#breadcrumb","itemListElement":[{"@type":"ListItem","position":1,"name":"Inicio","item":"https:\/\/apuntesdesanluis.com\/"},{"@type":"ListItem","position":2,"name":"MILEI Y BUKELE AFIANZARON SU V\u00cdNCULO CON UNA NUEVA REUNI\u00d3N EN CASA ROSADA"}]},{"@type":"WebSite","@id":"https:\/\/apuntesdesanluis.com\/#website","url":"https:\/\/apuntesdesanluis.com\/","name":"Apuntes de San Luis","description":"","publisher":{"@id":"https:\/\/apuntesdesanluis.com\/#\/schema\/person\/b55151d52296fcce64d1a72538a70b90"},"potentialAction":[{"@type":"SearchAction","target":{"@type":"EntryPoint","urlTemplate":"https:\/\/apuntesdesanluis.com\/?s={search_term_string}"},"query-input":{"@type":"PropertyValueSpecification","valueRequired":true,"valueName":"search_term_string"}}],"inLanguage":"es-AR"},{"@type":["Person","Organization"],"@id":"https:\/\/apuntesdesanluis.com\/#\/schema\/person\/b55151d52296fcce64d1a72538a70b90","name":"apuntesdesanluis.com","image":{"@type":"ImageObject","inLanguage":"es-AR","@id":"https:\/\/apuntesdesanluis.com\/#\/schema\/person\/image\/","url":"https:\/\/apuntesdesanluis.com\/wp-content\/uploads\/2023\/07\/cropped-apuntesdesanluis.png","contentUrl":"https:\/\/apuntesdesanluis.com\/wp-content\/uploads\/2023\/07\/cropped-apuntesdesanluis.png","width":450,"height":112,"caption":"apuntesdesanluis.com"},"logo":{"@id":"https:\/\/apuntesdesanluis.com\/#\/schema\/person\/image\/"},"sameAs":["https:\/\/apuntesdesanluis.com"],"url":"https:\/\/apuntesdesanluis.com\/index.php\/author\/apuntesdesanluis-com\/"}]}},"featured_image_urls":{"full":["https:\/\/apuntesdesanluis.com\/wp-content\/uploads\/2024\/09\/bukele-y-milei.png",742,454,false],"thumbnail":["https:\/\/apuntesdesanluis.com\/wp-content\/uploads\/2024\/09\/bukele-y-milei-150x150.png",150,150,true],"medium":["https:\/\/apuntesdesanluis.com\/wp-content\/uploads\/2024\/09\/bukele-y-milei-300x184.png",300,184,true],"medium_large":["https:\/\/apuntesdesanluis.com\/wp-content\/uploads\/2024\/09\/bukele-y-milei.png",640,392,false],"large":["https:\/\/apuntesdesanluis.com\/wp-content\/uploads\/2024\/09\/bukele-y-milei.png",640,392,false],"1536x1536":["https:\/\/apuntesdesanluis.com\/wp-content\/uploads\/2024\/09\/bukele-y-milei.png",742,454,false],"2048x2048":["https:\/\/apuntesdesanluis.com\/wp-content\/uploads\/2024\/09\/bukele-y-milei.png",742,454,false],"newsever-slider-full":["https:\/\/apuntesdesanluis.com\/wp-content\/uploads\/2024\/09\/bukele-y-milei.png",742,454,false],"newsever-featured":["https:\/\/apuntesdesanluis.com\/wp-content\/uploads\/2024\/09\/bukele-y-milei.png",742,454,false],"newsever-medium":["https:\/\/apuntesdesanluis.com\/wp-content\/uploads\/2024\/09\/bukele-y-milei-720x454.png",720,454,true]},"author_info":{"display_name":"apuntesdesanluis.com","author_link":"https:\/\/apuntesdesanluis.com\/index.php\/author\/apuntesdesanluis-com\/"},"category_info":"<a href=\"https:\/\/apuntesdesanluis.com\/index.php\/category\/nacionales-internacionales\/\" rel=\"category tag\">Nacionales\/Internacionales<\/a>","tag_info":"Nacionales\/Internacionales","comment_count":"0","_links":{"self":[{"href":"https:\/\/apuntesdesanluis.com\/index.php\/wp-json\/wp\/v2\/posts\/23177","targetHints":{"allow":["GET"]}}],"collection":[{"href":"https:\/\/apuntesdesanluis.com\/index.php\/wp-json\/wp\/v2\/posts"}],"about":[{"href":"https:\/\/apuntesdesanluis.com\/index.php\/wp-json\/wp\/v2\/types\/post"}],"author":[{"embeddable":true,"href":"https:\/\/apuntesdesanluis.com\/index.php\/wp-json\/wp\/v2\/users\/1"}],"replies":[{"embeddable":true,"href":"https:\/\/apuntesdesanluis.com\/index.php\/wp-json\/wp\/v2\/comments?post=23177"}],"version-history":[{"count":1,"href":"https:\/\/apuntesdesanluis.com\/index.php\/wp-json\/wp\/v2\/posts\/23177\/revisions"}],"predecessor-version":[{"id":23179,"href":"https:\/\/apuntesdesanluis.com\/index.php\/wp-json\/wp\/v2\/posts\/23177\/revisions\/23179"}],"wp:featuredmedia":[{"embeddable":true,"href":"https:\/\/apuntesdesanluis.com\/index.php\/wp-json\/wp\/v2\/media\/23178"}],"wp:attachment":[{"href":"https:\/\/apuntesdesanluis.com\/index.php\/wp-json\/wp\/v2\/media?parent=23177"}],"wp:term":[{"taxonomy":"category","embeddable":true,"href":"https:\/\/apuntesdesanluis.com\/index.php\/wp-json\/wp\/v2\/categories?post=23177"},{"taxonomy":"post_tag","embeddable":true,"href":"https:\/\/apuntesdesanluis.com\/index.php\/wp-json\/wp\/v2\/tags?post=23177"}],"curies":[{"name":"wp","href":"https:\/\/api.w.org\/{rel}","templated":true}]}}