{"id":23180,"date":"2024-09-30T21:28:50","date_gmt":"2024-10-01T00:28:50","guid":{"rendered":"https:\/\/apuntesdesanluis.com\/?p=23180"},"modified":"2024-09-30T21:28:50","modified_gmt":"2024-10-01T00:28:50","slug":"hay-que-ponerle-el-cuerpo-a-la-defensa-de-la-educacion-publica","status":"publish","type":"post","link":"https:\/\/apuntesdesanluis.com\/index.php\/2024\/09\/30\/hay-que-ponerle-el-cuerpo-a-la-defensa-de-la-educacion-publica\/","title":{"rendered":"\u201cHAY QUE PONERLE EL CUERPO A LA DEFENSA DE LA EDUCACI\u00d3N P\u00daBLICA\u201d"},"content":{"rendered":"<h3>Lo afirm\u00f3 el Rector <strong>Marcelo Sosa<\/strong> este lunes por la ma\u00f1ana, al referirse a la marcha que se realizar\u00e1 este mi\u00e9rcoles 2 de octubre en todo el pa\u00eds, para defender la Universidad P\u00fablica. Anunci\u00f3 que se dispondr\u00e1 un cese de actividades en la UNViMe a partir de las 16.30 h, para facilitar la m\u00e1s amplia participaci\u00f3n de toda la comunidad universitaria.<\/h3>\n<h3>El rector encabez\u00f3 una reuni\u00f3n ampliada del equipo de gesti\u00f3n, con la participaci\u00f3n de secretarios, directores de escuelas y de departamentos, coordinadores de carrera, docentes, NoDocentes y representantes de SiTUNViMe y de agrupaciones estudiantiles.<\/h3>\n<h3>\u201cPertenecemos a la instituci\u00f3n m\u00e1s prestigiosa que tiene nuestro pa\u00eds, que es la Universidad. Debemos estar a la altura de las circunstancias y defenderla. M\u00e1s que por nosotros, por los chicos y su futuro. En el contexto actual, estamos obligados a ponerle el cuerpo a la defensa de la educaci\u00f3n p\u00fablica, la ciencia, la investigaci\u00f3n y la extensi\u00f3n. Claro que esto es un hecho pol\u00edtico, porque la educaci\u00f3n es un hecho pol\u00edtico. No partidario. Les pido a todos que participen de esta defensa. Yo voy a estar participando de la marcha en Villa Mercedes\u201d, anunci\u00f3.<\/h3>\n<h3><img fetchpriority=\"high\" decoding=\"async\" class=\"wp-image-23182 aligncenter\" src=\"https:\/\/apuntesdesanluis.com\/wp-content\/uploads\/2024\/09\/rector-300x156.png\" alt=\"\" width=\"671\" height=\"349\" srcset=\"https:\/\/apuntesdesanluis.com\/wp-content\/uploads\/2024\/09\/rector-300x156.png 300w, https:\/\/apuntesdesanluis.com\/wp-content\/uploads\/2024\/09\/rector.png 573w\" sizes=\"(max-width: 671px) 100vw, 671px\" \/><\/h3>\n<h3>El rector reiter\u00f3 su reclamo: \u201cLes pido a todos mucha presencia, mucho compromiso. No jugar a las escondidas. Esta universidad naci\u00f3 por impulso de la comunidad de Villa Mercedes, por ello estamos obligados a defender su continuidad\u201d, enfatiz\u00f3.<\/h3>\n<h3>Por otro lado, el Dr. Sosa sostuvo que \u201cel presupuesto que estamos reclamando para funcionar todo el sistema universitario representa apenas el 0,14% del Producto Bruto Interno\u201d.<\/h3>\n<h3>Por su parte <strong>Walter Rold\u00e1n<\/strong>, Secretario General del Sindicato de Trabajadores de la Universidad Nacional de Villa Mercedes, coincidi\u00f3 con las palabras del rector y llam\u00f3 a defender las universidades que funcionan en Villa Mercedes: \u201cTenemos dos universidades p\u00fablicas, la UNViMe y la UNSL, m\u00e1s una extensi\u00f3n \u00e1ulica de la Universidad Nacional de las Artes. Villa Mercedes constituye un polo universitario, no podemos permitir que se avasalle a nuestra ciudad. Este ataque no solo va en contra de nosotros, sino fundamentalmente del derecho que asiste a nuestros hijos y nietos de so\u00f1ar un futuro de progreso y desarrollo\u201d.<\/h3>\n<h3><img decoding=\"async\" class=\"wp-image-23183 aligncenter\" src=\"https:\/\/apuntesdesanluis.com\/wp-content\/uploads\/2024\/09\/roldan-300x193.png\" alt=\"\" width=\"672\" height=\"432\" srcset=\"https:\/\/apuntesdesanluis.com\/wp-content\/uploads\/2024\/09\/roldan-300x193.png 300w, https:\/\/apuntesdesanluis.com\/wp-content\/uploads\/2024\/09\/roldan.png 554w\" sizes=\"(max-width: 672px) 100vw, 672px\" \/><\/h3>\n<h3>Posteriormente dio detalles acerca de las caracter\u00edsticas organizativas de la marcha que se har\u00e1 el mi\u00e9rcoles en Villa Mercedes, que partir\u00e1 a las 17:30 h desde plaza San Mart\u00edn.<\/h3>\n<h3>Por su lado, representantes de los estudiantes tambi\u00e9n llamaron a \u201cparticipar activamente en la defensa de la universidad, teniendo en claro que se juega el presente y el futuro de la educaci\u00f3n tal y como la conocemos. Les pedimos a todos los sectores, y fundamentalmente a los docentes, que se sumen y participen\u201d, expresaron.<\/h3>\n<h3>Finalmente el rector anunci\u00f3 que dispondr\u00e1 el cese de actividades el mi\u00e9rcoles 2 a partir de las 16:30 h, con guardias m\u00ednimas en cada sector, para facilitar la m\u00e1s amplia participaci\u00f3n de la comunidad universitaria.<\/h3>\n<p>&nbsp;<\/p>\n<p>&nbsp;<\/p>\n<p>&nbsp;<\/p>\n<p>&nbsp;<\/p>\n<p>&nbsp;<\/p>\n","protected":false},"excerpt":{"rendered":"<p>Lo afirm\u00f3 el Rector Marcelo Sosa este lunes por la ma\u00f1ana, al referirse a la&#8230;<\/p>\n","protected":false},"author":1,"featured_media":23181,"comment_status":"closed","ping_status":"closed","sticky":false,"template":"","format":"standard","meta":{"footnotes":""},"categories":[6],"tags":[],"class_list":["post-23180","post","type-post","status-publish","format-standard","has-post-thumbnail","hentry","category-ciudad-provincia"],"yoast_head":"<!-- This site is optimized with the Yoast SEO plugin v26.1.1 - https:\/\/yoast.com\/wordpress\/plugins\/seo\/ -->\n<title>\u201cHAY QUE PONERLE EL CUERPO A LA DEFENSA DE LA EDUCACI\u00d3N P\u00daBLICA\u201d - Apuntes de San Luis<\/title>\n<meta name=\"robots\" content=\"index, follow, max-snippet:-1, max-image-preview:large, max-video-preview:-1\" \/>\n<link rel=\"canonical\" href=\"https:\/\/apuntesdesanluis.com\/index.php\/2024\/09\/30\/hay-que-ponerle-el-cuerpo-a-la-defensa-de-la-educacion-publica\/\" \/>\n<meta property=\"og:locale\" content=\"es_ES\" \/>\n<meta property=\"og:type\" content=\"article\" \/>\n<meta property=\"og:title\" content=\"\u201cHAY QUE PONERLE EL CUERPO A LA DEFENSA DE LA EDUCACI\u00d3N P\u00daBLICA\u201d - Apuntes de San Luis\" \/>\n<meta property=\"og:description\" content=\"Lo afirm\u00f3 el Rector Marcelo Sosa este lunes por la ma\u00f1ana, al referirse a la...\" \/>\n<meta property=\"og:url\" content=\"https:\/\/apuntesdesanluis.com\/index.php\/2024\/09\/30\/hay-que-ponerle-el-cuerpo-a-la-defensa-de-la-educacion-publica\/\" \/>\n<meta property=\"og:site_name\" content=\"Apuntes de San Luis\" \/>\n<meta property=\"article:published_time\" content=\"2024-10-01T00:28:50+00:00\" \/>\n<meta property=\"og:image\" content=\"https:\/\/apuntesdesanluis.com\/wp-content\/uploads\/2024\/09\/dr.-sosa-1.png\" \/>\n\t<meta property=\"og:image:width\" content=\"567\" \/>\n\t<meta property=\"og:image:height\" content=\"318\" \/>\n\t<meta property=\"og:image:type\" content=\"image\/png\" \/>\n<meta name=\"author\" content=\"apuntesdesanluis.com\" \/>\n<meta name=\"twitter:card\" content=\"summary_large_image\" \/>\n<meta name=\"twitter:label1\" content=\"Escrito por\" \/>\n\t<meta name=\"twitter:data1\" content=\"apuntesdesanluis.com\" \/>\n\t<meta name=\"twitter:label2\" content=\"Tiempo de lectura\" \/>\n\t<meta name=\"twitter:data2\" content=\"3 minutos\" \/>\n<script type=\"application\/ld+json\" class=\"yoast-schema-graph\">{\"@context\":\"https:\/\/schema.org\",\"@graph\":[{\"@type\":\"Article\",\"@id\":\"https:\/\/apuntesdesanluis.com\/index.php\/2024\/09\/30\/hay-que-ponerle-el-cuerpo-a-la-defensa-de-la-educacion-publica\/#article\",\"isPartOf\":{\"@id\":\"https:\/\/apuntesdesanluis.com\/index.php\/2024\/09\/30\/hay-que-ponerle-el-cuerpo-a-la-defensa-de-la-educacion-publica\/\"},\"author\":{\"name\":\"apuntesdesanluis.com\",\"@id\":\"https:\/\/apuntesdesanluis.com\/#\/schema\/person\/b55151d52296fcce64d1a72538a70b90\"},\"headline\":\"\u201cHAY QUE PONERLE EL CUERPO A LA DEFENSA DE LA EDUCACI\u00d3N P\u00daBLICA\u201d\",\"datePublished\":\"2024-10-01T00:28:50+00:00\",\"mainEntityOfPage\":{\"@id\":\"https:\/\/apuntesdesanluis.com\/index.php\/2024\/09\/30\/hay-que-ponerle-el-cuerpo-a-la-defensa-de-la-educacion-publica\/\"},\"wordCount\":518,\"publisher\":{\"@id\":\"https:\/\/apuntesdesanluis.com\/#\/schema\/person\/b55151d52296fcce64d1a72538a70b90\"},\"image\":{\"@id\":\"https:\/\/apuntesdesanluis.com\/index.php\/2024\/09\/30\/hay-que-ponerle-el-cuerpo-a-la-defensa-de-la-educacion-publica\/#primaryimage\"},\"thumbnailUrl\":\"https:\/\/apuntesdesanluis.com\/wp-content\/uploads\/2024\/09\/dr.-sosa-1.png\",\"articleSection\":[\"Ciudad\/Provincia\"],\"inLanguage\":\"es-AR\"},{\"@type\":\"WebPage\",\"@id\":\"https:\/\/apuntesdesanluis.com\/index.php\/2024\/09\/30\/hay-que-ponerle-el-cuerpo-a-la-defensa-de-la-educacion-publica\/\",\"url\":\"https:\/\/apuntesdesanluis.com\/index.php\/2024\/09\/30\/hay-que-ponerle-el-cuerpo-a-la-defensa-de-la-educacion-publica\/\",\"name\":\"\u201cHAY QUE PONERLE EL CUERPO A LA DEFENSA DE LA EDUCACI\u00d3N P\u00daBLICA\u201d - Apuntes de San Luis\",\"isPartOf\":{\"@id\":\"https:\/\/apuntesdesanluis.com\/#website\"},\"primaryImageOfPage\":{\"@id\":\"https:\/\/apuntesdesanluis.com\/index.php\/2024\/09\/30\/hay-que-ponerle-el-cuerpo-a-la-defensa-de-la-educacion-publica\/#primaryimage\"},\"image\":{\"@id\":\"https:\/\/apuntesdesanluis.com\/index.php\/2024\/09\/30\/hay-que-ponerle-el-cuerpo-a-la-defensa-de-la-educacion-publica\/#primaryimage\"},\"thumbnailUrl\":\"https:\/\/apuntesdesanluis.com\/wp-content\/uploads\/2024\/09\/dr.-sosa-1.png\",\"datePublished\":\"2024-10-01T00:28:50+00:00\",\"breadcrumb\":{\"@id\":\"https:\/\/apuntesdesanluis.com\/index.php\/2024\/09\/30\/hay-que-ponerle-el-cuerpo-a-la-defensa-de-la-educacion-publica\/#breadcrumb\"},\"inLanguage\":\"es-AR\",\"potentialAction\":[{\"@type\":\"ReadAction\",\"target\":[\"https:\/\/apuntesdesanluis.com\/index.php\/2024\/09\/30\/hay-que-ponerle-el-cuerpo-a-la-defensa-de-la-educacion-publica\/\"]}]},{\"@type\":\"ImageObject\",\"inLanguage\":\"es-AR\",\"@id\":\"https:\/\/apuntesdesanluis.com\/index.php\/2024\/09\/30\/hay-que-ponerle-el-cuerpo-a-la-defensa-de-la-educacion-publica\/#primaryimage\",\"url\":\"https:\/\/apuntesdesanluis.com\/wp-content\/uploads\/2024\/09\/dr.-sosa-1.png\",\"contentUrl\":\"https:\/\/apuntesdesanluis.com\/wp-content\/uploads\/2024\/09\/dr.-sosa-1.png\",\"width\":567,\"height\":318},{\"@type\":\"BreadcrumbList\",\"@id\":\"https:\/\/apuntesdesanluis.com\/index.php\/2024\/09\/30\/hay-que-ponerle-el-cuerpo-a-la-defensa-de-la-educacion-publica\/#breadcrumb\",\"itemListElement\":[{\"@type\":\"ListItem\",\"position\":1,\"name\":\"Inicio\",\"item\":\"https:\/\/apuntesdesanluis.com\/\"},{\"@type\":\"ListItem\",\"position\":2,\"name\":\"\u201cHAY QUE PONERLE EL CUERPO A LA DEFENSA DE LA EDUCACI\u00d3N P\u00daBLICA\u201d\"}]},{\"@type\":\"WebSite\",\"@id\":\"https:\/\/apuntesdesanluis.com\/#website\",\"url\":\"https:\/\/apuntesdesanluis.com\/\",\"name\":\"Apuntes de San Luis\",\"description\":\"\",\"publisher\":{\"@id\":\"https:\/\/apuntesdesanluis.com\/#\/schema\/person\/b55151d52296fcce64d1a72538a70b90\"},\"potentialAction\":[{\"@type\":\"SearchAction\",\"target\":{\"@type\":\"EntryPoint\",\"urlTemplate\":\"https:\/\/apuntesdesanluis.com\/?s={search_term_string}\"},\"query-input\":{\"@type\":\"PropertyValueSpecification\",\"valueRequired\":true,\"valueName\":\"search_term_string\"}}],\"inLanguage\":\"es-AR\"},{\"@type\":[\"Person\",\"Organization\"],\"@id\":\"https:\/\/apuntesdesanluis.com\/#\/schema\/person\/b55151d52296fcce64d1a72538a70b90\",\"name\":\"apuntesdesanluis.com\",\"image\":{\"@type\":\"ImageObject\",\"inLanguage\":\"es-AR\",\"@id\":\"https:\/\/apuntesdesanluis.com\/#\/schema\/person\/image\/\",\"url\":\"https:\/\/apuntesdesanluis.com\/wp-content\/uploads\/2023\/07\/cropped-apuntesdesanluis.png\",\"contentUrl\":\"https:\/\/apuntesdesanluis.com\/wp-content\/uploads\/2023\/07\/cropped-apuntesdesanluis.png\",\"width\":450,\"height\":112,\"caption\":\"apuntesdesanluis.com\"},\"logo\":{\"@id\":\"https:\/\/apuntesdesanluis.com\/#\/schema\/person\/image\/\"},\"sameAs\":[\"https:\/\/apuntesdesanluis.com\"],\"url\":\"https:\/\/apuntesdesanluis.com\/index.php\/author\/apuntesdesanluis-com\/\"}]}<\/script>\n<!-- \/ Yoast SEO plugin. -->","yoast_head_json":{"title":"\u201cHAY QUE PONERLE EL CUERPO A LA DEFENSA DE LA EDUCACI\u00d3N P\u00daBLICA\u201d - Apuntes de San Luis","robots":{"index":"index","follow":"follow","max-snippet":"max-snippet:-1","max-image-preview":"max-image-preview:large","max-video-preview":"max-video-preview:-1"},"canonical":"https:\/\/apuntesdesanluis.com\/index.php\/2024\/09\/30\/hay-que-ponerle-el-cuerpo-a-la-defensa-de-la-educacion-publica\/","og_locale":"es_ES","og_type":"article","og_title":"\u201cHAY QUE PONERLE EL CUERPO A LA DEFENSA DE LA EDUCACI\u00d3N P\u00daBLICA\u201d - Apuntes de San Luis","og_description":"Lo afirm\u00f3 el Rector Marcelo Sosa este lunes por la ma\u00f1ana, al referirse a la...","og_url":"https:\/\/apuntesdesanluis.com\/index.php\/2024\/09\/30\/hay-que-ponerle-el-cuerpo-a-la-defensa-de-la-educacion-publica\/","og_site_name":"Apuntes de San Luis","article_published_time":"2024-10-01T00:28:50+00:00","og_image":[{"width":567,"height":318,"url":"https:\/\/apuntesdesanluis.com\/wp-content\/uploads\/2024\/09\/dr.-sosa-1.png","type":"image\/png"}],"author":"apuntesdesanluis.com","twitter_card":"summary_large_image","twitter_misc":{"Escrito por":"apuntesdesanluis.com","Tiempo de lectura":"3 minutos"},"schema":{"@context":"https:\/\/schema.org","@graph":[{"@type":"Article","@id":"https:\/\/apuntesdesanluis.com\/index.php\/2024\/09\/30\/hay-que-ponerle-el-cuerpo-a-la-defensa-de-la-educacion-publica\/#article","isPartOf":{"@id":"https:\/\/apuntesdesanluis.com\/index.php\/2024\/09\/30\/hay-que-ponerle-el-cuerpo-a-la-defensa-de-la-educacion-publica\/"},"author":{"name":"apuntesdesanluis.com","@id":"https:\/\/apuntesdesanluis.com\/#\/schema\/person\/b55151d52296fcce64d1a72538a70b90"},"headline":"\u201cHAY QUE PONERLE EL CUERPO A LA DEFENSA DE LA EDUCACI\u00d3N P\u00daBLICA\u201d","datePublished":"2024-10-01T00:28:50+00:00","mainEntityOfPage":{"@id":"https:\/\/apuntesdesanluis.com\/index.php\/2024\/09\/30\/hay-que-ponerle-el-cuerpo-a-la-defensa-de-la-educacion-publica\/"},"wordCount":518,"publisher":{"@id":"https:\/\/apuntesdesanluis.com\/#\/schema\/person\/b55151d52296fcce64d1a72538a70b90"},"image":{"@id":"https:\/\/apuntesdesanluis.com\/index.php\/2024\/09\/30\/hay-que-ponerle-el-cuerpo-a-la-defensa-de-la-educacion-publica\/#primaryimage"},"thumbnailUrl":"https:\/\/apuntesdesanluis.com\/wp-content\/uploads\/2024\/09\/dr.-sosa-1.png","articleSection":["Ciudad\/Provincia"],"inLanguage":"es-AR"},{"@type":"WebPage","@id":"https:\/\/apuntesdesanluis.com\/index.php\/2024\/09\/30\/hay-que-ponerle-el-cuerpo-a-la-defensa-de-la-educacion-publica\/","url":"https:\/\/apuntesdesanluis.com\/index.php\/2024\/09\/30\/hay-que-ponerle-el-cuerpo-a-la-defensa-de-la-educacion-publica\/","name":"\u201cHAY QUE PONERLE EL CUERPO A LA DEFENSA DE LA EDUCACI\u00d3N P\u00daBLICA\u201d - Apuntes de San Luis","isPartOf":{"@id":"https:\/\/apuntesdesanluis.com\/#website"},"primaryImageOfPage":{"@id":"https:\/\/apuntesdesanluis.com\/index.php\/2024\/09\/30\/hay-que-ponerle-el-cuerpo-a-la-defensa-de-la-educacion-publica\/#primaryimage"},"image":{"@id":"https:\/\/apuntesdesanluis.com\/index.php\/2024\/09\/30\/hay-que-ponerle-el-cuerpo-a-la-defensa-de-la-educacion-publica\/#primaryimage"},"thumbnailUrl":"https:\/\/apuntesdesanluis.com\/wp-content\/uploads\/2024\/09\/dr.-sosa-1.png","datePublished":"2024-10-01T00:28:50+00:00","breadcrumb":{"@id":"https:\/\/apuntesdesanluis.com\/index.php\/2024\/09\/30\/hay-que-ponerle-el-cuerpo-a-la-defensa-de-la-educacion-publica\/#breadcrumb"},"inLanguage":"es-AR","potentialAction":[{"@type":"ReadAction","target":["https:\/\/apuntesdesanluis.com\/index.php\/2024\/09\/30\/hay-que-ponerle-el-cuerpo-a-la-defensa-de-la-educacion-publica\/"]}]},{"@type":"ImageObject","inLanguage":"es-AR","@id":"https:\/\/apuntesdesanluis.com\/index.php\/2024\/09\/30\/hay-que-ponerle-el-cuerpo-a-la-defensa-de-la-educacion-publica\/#primaryimage","url":"https:\/\/apuntesdesanluis.com\/wp-content\/uploads\/2024\/09\/dr.-sosa-1.png","contentUrl":"https:\/\/apuntesdesanluis.com\/wp-content\/uploads\/2024\/09\/dr.-sosa-1.png","width":567,"height":318},{"@type":"BreadcrumbList","@id":"https:\/\/apuntesdesanluis.com\/index.php\/2024\/09\/30\/hay-que-ponerle-el-cuerpo-a-la-defensa-de-la-educacion-publica\/#breadcrumb","itemListElement":[{"@type":"ListItem","position":1,"name":"Inicio","item":"https:\/\/apuntesdesanluis.com\/"},{"@type":"ListItem","position":2,"name":"\u201cHAY QUE PONERLE EL CUERPO A LA DEFENSA DE LA EDUCACI\u00d3N P\u00daBLICA\u201d"}]},{"@type":"WebSite","@id":"https:\/\/apuntesdesanluis.com\/#website","url":"https:\/\/apuntesdesanluis.com\/","name":"Apuntes de San Luis","description":"","publisher":{"@id":"https:\/\/apuntesdesanluis.com\/#\/schema\/person\/b55151d52296fcce64d1a72538a70b90"},"potentialAction":[{"@type":"SearchAction","target":{"@type":"EntryPoint","urlTemplate":"https:\/\/apuntesdesanluis.com\/?s={search_term_string}"},"query-input":{"@type":"PropertyValueSpecification","valueRequired":true,"valueName":"search_term_string"}}],"inLanguage":"es-AR"},{"@type":["Person","Organization"],"@id":"https:\/\/apuntesdesanluis.com\/#\/schema\/person\/b55151d52296fcce64d1a72538a70b90","name":"apuntesdesanluis.com","image":{"@type":"ImageObject","inLanguage":"es-AR","@id":"https:\/\/apuntesdesanluis.com\/#\/schema\/person\/image\/","url":"https:\/\/apuntesdesanluis.com\/wp-content\/uploads\/2023\/07\/cropped-apuntesdesanluis.png","contentUrl":"https:\/\/apuntesdesanluis.com\/wp-content\/uploads\/2023\/07\/cropped-apuntesdesanluis.png","width":450,"height":112,"caption":"apuntesdesanluis.com"},"logo":{"@id":"https:\/\/apuntesdesanluis.com\/#\/schema\/person\/image\/"},"sameAs":["https:\/\/apuntesdesanluis.com"],"url":"https:\/\/apuntesdesanluis.com\/index.php\/author\/apuntesdesanluis-com\/"}]}},"featured_image_urls":{"full":["https:\/\/apuntesdesanluis.com\/wp-content\/uploads\/2024\/09\/dr.-sosa-1.png",567,318,false],"thumbnail":["https:\/\/apuntesdesanluis.com\/wp-content\/uploads\/2024\/09\/dr.-sosa-1-150x150.png",150,150,true],"medium":["https:\/\/apuntesdesanluis.com\/wp-content\/uploads\/2024\/09\/dr.-sosa-1-300x168.png",300,168,true],"medium_large":["https:\/\/apuntesdesanluis.com\/wp-content\/uploads\/2024\/09\/dr.-sosa-1.png",567,318,false],"large":["https:\/\/apuntesdesanluis.com\/wp-content\/uploads\/2024\/09\/dr.-sosa-1.png",567,318,false],"1536x1536":["https:\/\/apuntesdesanluis.com\/wp-content\/uploads\/2024\/09\/dr.-sosa-1.png",567,318,false],"2048x2048":["https:\/\/apuntesdesanluis.com\/wp-content\/uploads\/2024\/09\/dr.-sosa-1.png",567,318,false],"newsever-slider-full":["https:\/\/apuntesdesanluis.com\/wp-content\/uploads\/2024\/09\/dr.-sosa-1.png",567,318,false],"newsever-featured":["https:\/\/apuntesdesanluis.com\/wp-content\/uploads\/2024\/09\/dr.-sosa-1.png",567,318,false],"newsever-medium":["https:\/\/apuntesdesanluis.com\/wp-content\/uploads\/2024\/09\/dr.-sosa-1.png",567,318,false]},"author_info":{"display_name":"apuntesdesanluis.com","author_link":"https:\/\/apuntesdesanluis.com\/index.php\/author\/apuntesdesanluis-com\/"},"category_info":"<a href=\"https:\/\/apuntesdesanluis.com\/index.php\/category\/ciudad-provincia\/\" rel=\"category tag\">Ciudad\/Provincia<\/a>","tag_info":"Ciudad\/Provincia","comment_count":"0","_links":{"self":[{"href":"https:\/\/apuntesdesanluis.com\/index.php\/wp-json\/wp\/v2\/posts\/23180","targetHints":{"allow":["GET"]}}],"collection":[{"href":"https:\/\/apuntesdesanluis.com\/index.php\/wp-json\/wp\/v2\/posts"}],"about":[{"href":"https:\/\/apuntesdesanluis.com\/index.php\/wp-json\/wp\/v2\/types\/post"}],"author":[{"embeddable":true,"href":"https:\/\/apuntesdesanluis.com\/index.php\/wp-json\/wp\/v2\/users\/1"}],"replies":[{"embeddable":true,"href":"https:\/\/apuntesdesanluis.com\/index.php\/wp-json\/wp\/v2\/comments?post=23180"}],"version-history":[{"count":1,"href":"https:\/\/apuntesdesanluis.com\/index.php\/wp-json\/wp\/v2\/posts\/23180\/revisions"}],"predecessor-version":[{"id":23184,"href":"https:\/\/apuntesdesanluis.com\/index.php\/wp-json\/wp\/v2\/posts\/23180\/revisions\/23184"}],"wp:featuredmedia":[{"embeddable":true,"href":"https:\/\/apuntesdesanluis.com\/index.php\/wp-json\/wp\/v2\/media\/23181"}],"wp:attachment":[{"href":"https:\/\/apuntesdesanluis.com\/index.php\/wp-json\/wp\/v2\/media?parent=23180"}],"wp:term":[{"taxonomy":"category","embeddable":true,"href":"https:\/\/apuntesdesanluis.com\/index.php\/wp-json\/wp\/v2\/categories?post=23180"},{"taxonomy":"post_tag","embeddable":true,"href":"https:\/\/apuntesdesanluis.com\/index.php\/wp-json\/wp\/v2\/tags?post=23180"}],"curies":[{"name":"wp","href":"https:\/\/api.w.org\/{rel}","templated":true}]}}