{"id":23185,"date":"2024-10-01T09:06:01","date_gmt":"2024-10-01T12:06:01","guid":{"rendered":"https:\/\/apuntesdesanluis.com\/?p=23185"},"modified":"2024-10-01T09:06:01","modified_gmt":"2024-10-01T12:06:01","slug":"la-libertad-avanza-ya-tiene-su-vehiculo-oficial-para-seguir-transformando-la-argentina","status":"publish","type":"post","link":"https:\/\/apuntesdesanluis.com\/index.php\/2024\/10\/01\/la-libertad-avanza-ya-tiene-su-vehiculo-oficial-para-seguir-transformando-la-argentina\/","title":{"rendered":"\u201cLA LIBERTAD AVANZA YA TIENE SU VEH\u00cdCULO OFICIAL, PARA SEGUIR TRANSFORMANDO LA ARGENTINA\u201d"},"content":{"rendered":"<h3>As\u00ed se manifest\u00f3 el presidente provisional del Senado de la Naci\u00f3n, <strong>Bartolom\u00e9 Abdala<\/strong>, en relaci\u00f3n al acto de presentaci\u00f3n de La Libertad Avanza como partido pol\u00edtico nacional, que se realiz\u00f3 el s\u00e1bado \u00faltimo en Parque Lezama.<\/h3>\n<h3>Entrevistado por la prensa tras el lanzamiento nacional de La Libertad Avanza, que presidir\u00e1 Karina Milei, Abdala destac\u00f3 el hecho de que el presidente <strong>Javier Milei<\/strong> finalmente cuente con su propio, lo que calific\u00f3 como \u201cun hito importante\u201d en la corta vida de este espacio pol\u00edtico.<\/h3>\n<h3>\u201cTenemos un presidente, Javier Milei, que lleg\u00f3 a la presidencia sin tener el partido propio, y esta posibilidad de tener el veh\u00edculo oficial, como se dice en la jerga pol\u00edtica, genera una \u00e9pica especial. Es muy importante tener La Libertad Avanza para que Javier pueda contar con una herramienta fundamental para participar en todo el pa\u00eds y sumar la cantidad de congresales necesarios en el 2025 para poder transformar a la Argentina\u201d, afirm\u00f3 el senador.<\/h3>\n<h3>Por otro lado, apunt\u00f3 a \u201clas diferencias\u201d entre LLA y otras fuerzas pol\u00edticas, enfoc\u00e1ndose en el valor que le dan a la libertad y el desarrollo econ\u00f3mico. \u201cNos distinguimos de los otros partidos en la forma en c\u00f3mo nosotros entendemos qu\u00e9 es el futuro, amando la libertad y queriendo por siempre a la Argentina. Desregulando la actividad econ\u00f3mica, defendiendo el equilibrio fiscal, queremos que Argentina sea un pa\u00eds serio, confiable, que pueda recibir inversiones y, por cierto, poner de pie a la Argentina\u201d.<\/h3>\n<h3>En cuanto a la situaci\u00f3n econ\u00f3mica del pa\u00eds, el legislador expres\u00f3 su preocupaci\u00f3n por el \u201catraso importante\u201d que ha sufrido Argentina en los \u00faltimos a\u00f1os, pero contrapuso que \u201choy La Libertad Avanza est\u00e1 en condiciones de insertar a la Argentina en el mundo nuevamente\u201d.<\/h3>\n<h3>Finalmente el legislador perfil\u00f3 sus expectativas para las elecciones de 2025, adelantando que va a trabajar desde San Luis \u201cpara lograr la mayor cantidad de bancas posibles. Tenemos 3 diputados, intentaremos ir a jugarnos todo para obtener esas 3 bancas. Sabemos que La Libertad Avanza represent\u00f3 el 70% de la \u00faltima oposici\u00f3n en San Luis, y esto nos anima much\u00edsimo\u201d.<\/h3>\n<p>&nbsp;<\/p>\n<div style=\"width: 640px;\" class=\"wp-video\"><!--[if lt IE 9]><script>document.createElement('video');<\/script><![endif]-->\n<video class=\"wp-video-shortcode\" id=\"video-23185-1\" width=\"640\" height=\"360\" preload=\"metadata\" controls=\"controls\"><source type=\"video\/mp4\" src=\"https:\/\/apuntesdesanluis.com\/wp-content\/uploads\/2024\/10\/WhatsApp-Video-2024-09-30-at-17.08.30-2.mp4?_=1\" \/><a href=\"https:\/\/apuntesdesanluis.com\/wp-content\/uploads\/2024\/10\/WhatsApp-Video-2024-09-30-at-17.08.30-2.mp4\">https:\/\/apuntesdesanluis.com\/wp-content\/uploads\/2024\/10\/WhatsApp-Video-2024-09-30-at-17.08.30-2.mp4<\/a><\/video><\/div>\n<p>&nbsp;<\/p>\n<p>&nbsp;<\/p>\n<p>&nbsp;<\/p>\n","protected":false},"excerpt":{"rendered":"<p>As\u00ed se manifest\u00f3 el presidente provisional del Senado de la Naci\u00f3n, Bartolom\u00e9 Abdala, en relaci\u00f3n&#8230;<\/p>\n","protected":false},"author":1,"featured_media":23186,"comment_status":"closed","ping_status":"closed","sticky":false,"template":"","format":"standard","meta":{"footnotes":""},"categories":[9],"tags":[],"class_list":["post-23185","post","type-post","status-publish","format-standard","has-post-thumbnail","hentry","category-opinion"],"yoast_head":"<!-- This site is optimized with the Yoast SEO plugin v26.1.1 - https:\/\/yoast.com\/wordpress\/plugins\/seo\/ -->\n<title>\u201cLA LIBERTAD AVANZA YA TIENE SU VEH\u00cdCULO OFICIAL, PARA SEGUIR TRANSFORMANDO LA ARGENTINA\u201d - Apuntes de San Luis<\/title>\n<meta name=\"robots\" content=\"index, follow, max-snippet:-1, max-image-preview:large, max-video-preview:-1\" \/>\n<link rel=\"canonical\" href=\"https:\/\/apuntesdesanluis.com\/index.php\/2024\/10\/01\/la-libertad-avanza-ya-tiene-su-vehiculo-oficial-para-seguir-transformando-la-argentina\/\" \/>\n<meta property=\"og:locale\" content=\"es_ES\" \/>\n<meta property=\"og:type\" content=\"article\" \/>\n<meta property=\"og:title\" content=\"\u201cLA LIBERTAD AVANZA YA TIENE SU VEH\u00cdCULO OFICIAL, PARA SEGUIR TRANSFORMANDO LA ARGENTINA\u201d - Apuntes de San Luis\" \/>\n<meta property=\"og:description\" content=\"As\u00ed se manifest\u00f3 el presidente provisional del Senado de la Naci\u00f3n, Bartolom\u00e9 Abdala, en relaci\u00f3n...\" \/>\n<meta property=\"og:url\" content=\"https:\/\/apuntesdesanluis.com\/index.php\/2024\/10\/01\/la-libertad-avanza-ya-tiene-su-vehiculo-oficial-para-seguir-transformando-la-argentina\/\" \/>\n<meta property=\"og:site_name\" content=\"Apuntes de San Luis\" \/>\n<meta property=\"article:published_time\" content=\"2024-10-01T12:06:01+00:00\" \/>\n<meta property=\"og:image\" content=\"https:\/\/apuntesdesanluis.com\/wp-content\/uploads\/2024\/10\/hermanos-milei.png\" \/>\n\t<meta property=\"og:image:width\" content=\"667\" \/>\n\t<meta property=\"og:image:height\" content=\"413\" \/>\n\t<meta property=\"og:image:type\" content=\"image\/png\" \/>\n<meta name=\"author\" content=\"apuntesdesanluis.com\" \/>\n<meta name=\"twitter:card\" content=\"summary_large_image\" \/>\n<meta name=\"twitter:label1\" content=\"Escrito por\" \/>\n\t<meta name=\"twitter:data1\" content=\"apuntesdesanluis.com\" \/>\n\t<meta name=\"twitter:label2\" content=\"Tiempo de lectura\" \/>\n\t<meta name=\"twitter:data2\" content=\"2 minutos\" \/>\n<script type=\"application\/ld+json\" class=\"yoast-schema-graph\">{\"@context\":\"https:\/\/schema.org\",\"@graph\":[{\"@type\":\"Article\",\"@id\":\"https:\/\/apuntesdesanluis.com\/index.php\/2024\/10\/01\/la-libertad-avanza-ya-tiene-su-vehiculo-oficial-para-seguir-transformando-la-argentina\/#article\",\"isPartOf\":{\"@id\":\"https:\/\/apuntesdesanluis.com\/index.php\/2024\/10\/01\/la-libertad-avanza-ya-tiene-su-vehiculo-oficial-para-seguir-transformando-la-argentina\/\"},\"author\":{\"name\":\"apuntesdesanluis.com\",\"@id\":\"https:\/\/apuntesdesanluis.com\/#\/schema\/person\/b55151d52296fcce64d1a72538a70b90\"},\"headline\":\"\u201cLA LIBERTAD AVANZA YA TIENE SU VEH\u00cdCULO OFICIAL, PARA SEGUIR TRANSFORMANDO LA ARGENTINA\u201d\",\"datePublished\":\"2024-10-01T12:06:01+00:00\",\"mainEntityOfPage\":{\"@id\":\"https:\/\/apuntesdesanluis.com\/index.php\/2024\/10\/01\/la-libertad-avanza-ya-tiene-su-vehiculo-oficial-para-seguir-transformando-la-argentina\/\"},\"wordCount\":395,\"publisher\":{\"@id\":\"https:\/\/apuntesdesanluis.com\/#\/schema\/person\/b55151d52296fcce64d1a72538a70b90\"},\"image\":{\"@id\":\"https:\/\/apuntesdesanluis.com\/index.php\/2024\/10\/01\/la-libertad-avanza-ya-tiene-su-vehiculo-oficial-para-seguir-transformando-la-argentina\/#primaryimage\"},\"thumbnailUrl\":\"https:\/\/apuntesdesanluis.com\/wp-content\/uploads\/2024\/10\/hermanos-milei.png\",\"articleSection\":[\"Opini\u00f3n\"],\"inLanguage\":\"es-AR\"},{\"@type\":\"WebPage\",\"@id\":\"https:\/\/apuntesdesanluis.com\/index.php\/2024\/10\/01\/la-libertad-avanza-ya-tiene-su-vehiculo-oficial-para-seguir-transformando-la-argentina\/\",\"url\":\"https:\/\/apuntesdesanluis.com\/index.php\/2024\/10\/01\/la-libertad-avanza-ya-tiene-su-vehiculo-oficial-para-seguir-transformando-la-argentina\/\",\"name\":\"\u201cLA LIBERTAD AVANZA YA TIENE SU VEH\u00cdCULO OFICIAL, PARA SEGUIR TRANSFORMANDO LA ARGENTINA\u201d - Apuntes de San Luis\",\"isPartOf\":{\"@id\":\"https:\/\/apuntesdesanluis.com\/#website\"},\"primaryImageOfPage\":{\"@id\":\"https:\/\/apuntesdesanluis.com\/index.php\/2024\/10\/01\/la-libertad-avanza-ya-tiene-su-vehiculo-oficial-para-seguir-transformando-la-argentina\/#primaryimage\"},\"image\":{\"@id\":\"https:\/\/apuntesdesanluis.com\/index.php\/2024\/10\/01\/la-libertad-avanza-ya-tiene-su-vehiculo-oficial-para-seguir-transformando-la-argentina\/#primaryimage\"},\"thumbnailUrl\":\"https:\/\/apuntesdesanluis.com\/wp-content\/uploads\/2024\/10\/hermanos-milei.png\",\"datePublished\":\"2024-10-01T12:06:01+00:00\",\"breadcrumb\":{\"@id\":\"https:\/\/apuntesdesanluis.com\/index.php\/2024\/10\/01\/la-libertad-avanza-ya-tiene-su-vehiculo-oficial-para-seguir-transformando-la-argentina\/#breadcrumb\"},\"inLanguage\":\"es-AR\",\"potentialAction\":[{\"@type\":\"ReadAction\",\"target\":[\"https:\/\/apuntesdesanluis.com\/index.php\/2024\/10\/01\/la-libertad-avanza-ya-tiene-su-vehiculo-oficial-para-seguir-transformando-la-argentina\/\"]}]},{\"@type\":\"ImageObject\",\"inLanguage\":\"es-AR\",\"@id\":\"https:\/\/apuntesdesanluis.com\/index.php\/2024\/10\/01\/la-libertad-avanza-ya-tiene-su-vehiculo-oficial-para-seguir-transformando-la-argentina\/#primaryimage\",\"url\":\"https:\/\/apuntesdesanluis.com\/wp-content\/uploads\/2024\/10\/hermanos-milei.png\",\"contentUrl\":\"https:\/\/apuntesdesanluis.com\/wp-content\/uploads\/2024\/10\/hermanos-milei.png\",\"width\":667,\"height\":413},{\"@type\":\"BreadcrumbList\",\"@id\":\"https:\/\/apuntesdesanluis.com\/index.php\/2024\/10\/01\/la-libertad-avanza-ya-tiene-su-vehiculo-oficial-para-seguir-transformando-la-argentina\/#breadcrumb\",\"itemListElement\":[{\"@type\":\"ListItem\",\"position\":1,\"name\":\"Inicio\",\"item\":\"https:\/\/apuntesdesanluis.com\/\"},{\"@type\":\"ListItem\",\"position\":2,\"name\":\"\u201cLA LIBERTAD AVANZA YA TIENE SU VEH\u00cdCULO OFICIAL, PARA SEGUIR TRANSFORMANDO LA ARGENTINA\u201d\"}]},{\"@type\":\"WebSite\",\"@id\":\"https:\/\/apuntesdesanluis.com\/#website\",\"url\":\"https:\/\/apuntesdesanluis.com\/\",\"name\":\"Apuntes de San Luis\",\"description\":\"\",\"publisher\":{\"@id\":\"https:\/\/apuntesdesanluis.com\/#\/schema\/person\/b55151d52296fcce64d1a72538a70b90\"},\"potentialAction\":[{\"@type\":\"SearchAction\",\"target\":{\"@type\":\"EntryPoint\",\"urlTemplate\":\"https:\/\/apuntesdesanluis.com\/?s={search_term_string}\"},\"query-input\":{\"@type\":\"PropertyValueSpecification\",\"valueRequired\":true,\"valueName\":\"search_term_string\"}}],\"inLanguage\":\"es-AR\"},{\"@type\":[\"Person\",\"Organization\"],\"@id\":\"https:\/\/apuntesdesanluis.com\/#\/schema\/person\/b55151d52296fcce64d1a72538a70b90\",\"name\":\"apuntesdesanluis.com\",\"image\":{\"@type\":\"ImageObject\",\"inLanguage\":\"es-AR\",\"@id\":\"https:\/\/apuntesdesanluis.com\/#\/schema\/person\/image\/\",\"url\":\"https:\/\/apuntesdesanluis.com\/wp-content\/uploads\/2023\/07\/cropped-apuntesdesanluis.png\",\"contentUrl\":\"https:\/\/apuntesdesanluis.com\/wp-content\/uploads\/2023\/07\/cropped-apuntesdesanluis.png\",\"width\":450,\"height\":112,\"caption\":\"apuntesdesanluis.com\"},\"logo\":{\"@id\":\"https:\/\/apuntesdesanluis.com\/#\/schema\/person\/image\/\"},\"sameAs\":[\"https:\/\/apuntesdesanluis.com\"],\"url\":\"https:\/\/apuntesdesanluis.com\/index.php\/author\/apuntesdesanluis-com\/\"}]}<\/script>\n<!-- \/ Yoast SEO plugin. -->","yoast_head_json":{"title":"\u201cLA LIBERTAD AVANZA YA TIENE SU VEH\u00cdCULO OFICIAL, PARA SEGUIR TRANSFORMANDO LA ARGENTINA\u201d - Apuntes de San Luis","robots":{"index":"index","follow":"follow","max-snippet":"max-snippet:-1","max-image-preview":"max-image-preview:large","max-video-preview":"max-video-preview:-1"},"canonical":"https:\/\/apuntesdesanluis.com\/index.php\/2024\/10\/01\/la-libertad-avanza-ya-tiene-su-vehiculo-oficial-para-seguir-transformando-la-argentina\/","og_locale":"es_ES","og_type":"article","og_title":"\u201cLA LIBERTAD AVANZA YA TIENE SU VEH\u00cdCULO OFICIAL, PARA SEGUIR TRANSFORMANDO LA ARGENTINA\u201d - Apuntes de San Luis","og_description":"As\u00ed se manifest\u00f3 el presidente provisional del Senado de la Naci\u00f3n, Bartolom\u00e9 Abdala, en relaci\u00f3n...","og_url":"https:\/\/apuntesdesanluis.com\/index.php\/2024\/10\/01\/la-libertad-avanza-ya-tiene-su-vehiculo-oficial-para-seguir-transformando-la-argentina\/","og_site_name":"Apuntes de San Luis","article_published_time":"2024-10-01T12:06:01+00:00","og_image":[{"width":667,"height":413,"url":"https:\/\/apuntesdesanluis.com\/wp-content\/uploads\/2024\/10\/hermanos-milei.png","type":"image\/png"}],"author":"apuntesdesanluis.com","twitter_card":"summary_large_image","twitter_misc":{"Escrito por":"apuntesdesanluis.com","Tiempo de lectura":"2 minutos"},"schema":{"@context":"https:\/\/schema.org","@graph":[{"@type":"Article","@id":"https:\/\/apuntesdesanluis.com\/index.php\/2024\/10\/01\/la-libertad-avanza-ya-tiene-su-vehiculo-oficial-para-seguir-transformando-la-argentina\/#article","isPartOf":{"@id":"https:\/\/apuntesdesanluis.com\/index.php\/2024\/10\/01\/la-libertad-avanza-ya-tiene-su-vehiculo-oficial-para-seguir-transformando-la-argentina\/"},"author":{"name":"apuntesdesanluis.com","@id":"https:\/\/apuntesdesanluis.com\/#\/schema\/person\/b55151d52296fcce64d1a72538a70b90"},"headline":"\u201cLA LIBERTAD AVANZA YA TIENE SU VEH\u00cdCULO OFICIAL, PARA SEGUIR TRANSFORMANDO LA ARGENTINA\u201d","datePublished":"2024-10-01T12:06:01+00:00","mainEntityOfPage":{"@id":"https:\/\/apuntesdesanluis.com\/index.php\/2024\/10\/01\/la-libertad-avanza-ya-tiene-su-vehiculo-oficial-para-seguir-transformando-la-argentina\/"},"wordCount":395,"publisher":{"@id":"https:\/\/apuntesdesanluis.com\/#\/schema\/person\/b55151d52296fcce64d1a72538a70b90"},"image":{"@id":"https:\/\/apuntesdesanluis.com\/index.php\/2024\/10\/01\/la-libertad-avanza-ya-tiene-su-vehiculo-oficial-para-seguir-transformando-la-argentina\/#primaryimage"},"thumbnailUrl":"https:\/\/apuntesdesanluis.com\/wp-content\/uploads\/2024\/10\/hermanos-milei.png","articleSection":["Opini\u00f3n"],"inLanguage":"es-AR"},{"@type":"WebPage","@id":"https:\/\/apuntesdesanluis.com\/index.php\/2024\/10\/01\/la-libertad-avanza-ya-tiene-su-vehiculo-oficial-para-seguir-transformando-la-argentina\/","url":"https:\/\/apuntesdesanluis.com\/index.php\/2024\/10\/01\/la-libertad-avanza-ya-tiene-su-vehiculo-oficial-para-seguir-transformando-la-argentina\/","name":"\u201cLA LIBERTAD AVANZA YA TIENE SU VEH\u00cdCULO OFICIAL, PARA SEGUIR TRANSFORMANDO LA ARGENTINA\u201d - Apuntes de San Luis","isPartOf":{"@id":"https:\/\/apuntesdesanluis.com\/#website"},"primaryImageOfPage":{"@id":"https:\/\/apuntesdesanluis.com\/index.php\/2024\/10\/01\/la-libertad-avanza-ya-tiene-su-vehiculo-oficial-para-seguir-transformando-la-argentina\/#primaryimage"},"image":{"@id":"https:\/\/apuntesdesanluis.com\/index.php\/2024\/10\/01\/la-libertad-avanza-ya-tiene-su-vehiculo-oficial-para-seguir-transformando-la-argentina\/#primaryimage"},"thumbnailUrl":"https:\/\/apuntesdesanluis.com\/wp-content\/uploads\/2024\/10\/hermanos-milei.png","datePublished":"2024-10-01T12:06:01+00:00","breadcrumb":{"@id":"https:\/\/apuntesdesanluis.com\/index.php\/2024\/10\/01\/la-libertad-avanza-ya-tiene-su-vehiculo-oficial-para-seguir-transformando-la-argentina\/#breadcrumb"},"inLanguage":"es-AR","potentialAction":[{"@type":"ReadAction","target":["https:\/\/apuntesdesanluis.com\/index.php\/2024\/10\/01\/la-libertad-avanza-ya-tiene-su-vehiculo-oficial-para-seguir-transformando-la-argentina\/"]}]},{"@type":"ImageObject","inLanguage":"es-AR","@id":"https:\/\/apuntesdesanluis.com\/index.php\/2024\/10\/01\/la-libertad-avanza-ya-tiene-su-vehiculo-oficial-para-seguir-transformando-la-argentina\/#primaryimage","url":"https:\/\/apuntesdesanluis.com\/wp-content\/uploads\/2024\/10\/hermanos-milei.png","contentUrl":"https:\/\/apuntesdesanluis.com\/wp-content\/uploads\/2024\/10\/hermanos-milei.png","width":667,"height":413},{"@type":"BreadcrumbList","@id":"https:\/\/apuntesdesanluis.com\/index.php\/2024\/10\/01\/la-libertad-avanza-ya-tiene-su-vehiculo-oficial-para-seguir-transformando-la-argentina\/#breadcrumb","itemListElement":[{"@type":"ListItem","position":1,"name":"Inicio","item":"https:\/\/apuntesdesanluis.com\/"},{"@type":"ListItem","position":2,"name":"\u201cLA LIBERTAD AVANZA YA TIENE SU VEH\u00cdCULO OFICIAL, PARA SEGUIR TRANSFORMANDO LA ARGENTINA\u201d"}]},{"@type":"WebSite","@id":"https:\/\/apuntesdesanluis.com\/#website","url":"https:\/\/apuntesdesanluis.com\/","name":"Apuntes de San Luis","description":"","publisher":{"@id":"https:\/\/apuntesdesanluis.com\/#\/schema\/person\/b55151d52296fcce64d1a72538a70b90"},"potentialAction":[{"@type":"SearchAction","target":{"@type":"EntryPoint","urlTemplate":"https:\/\/apuntesdesanluis.com\/?s={search_term_string}"},"query-input":{"@type":"PropertyValueSpecification","valueRequired":true,"valueName":"search_term_string"}}],"inLanguage":"es-AR"},{"@type":["Person","Organization"],"@id":"https:\/\/apuntesdesanluis.com\/#\/schema\/person\/b55151d52296fcce64d1a72538a70b90","name":"apuntesdesanluis.com","image":{"@type":"ImageObject","inLanguage":"es-AR","@id":"https:\/\/apuntesdesanluis.com\/#\/schema\/person\/image\/","url":"https:\/\/apuntesdesanluis.com\/wp-content\/uploads\/2023\/07\/cropped-apuntesdesanluis.png","contentUrl":"https:\/\/apuntesdesanluis.com\/wp-content\/uploads\/2023\/07\/cropped-apuntesdesanluis.png","width":450,"height":112,"caption":"apuntesdesanluis.com"},"logo":{"@id":"https:\/\/apuntesdesanluis.com\/#\/schema\/person\/image\/"},"sameAs":["https:\/\/apuntesdesanluis.com"],"url":"https:\/\/apuntesdesanluis.com\/index.php\/author\/apuntesdesanluis-com\/"}]}},"featured_image_urls":{"full":["https:\/\/apuntesdesanluis.com\/wp-content\/uploads\/2024\/10\/hermanos-milei.png",667,413,false],"thumbnail":["https:\/\/apuntesdesanluis.com\/wp-content\/uploads\/2024\/10\/hermanos-milei-150x150.png",150,150,true],"medium":["https:\/\/apuntesdesanluis.com\/wp-content\/uploads\/2024\/10\/hermanos-milei-300x186.png",300,186,true],"medium_large":["https:\/\/apuntesdesanluis.com\/wp-content\/uploads\/2024\/10\/hermanos-milei.png",640,396,false],"large":["https:\/\/apuntesdesanluis.com\/wp-content\/uploads\/2024\/10\/hermanos-milei.png",640,396,false],"1536x1536":["https:\/\/apuntesdesanluis.com\/wp-content\/uploads\/2024\/10\/hermanos-milei.png",667,413,false],"2048x2048":["https:\/\/apuntesdesanluis.com\/wp-content\/uploads\/2024\/10\/hermanos-milei.png",667,413,false],"newsever-slider-full":["https:\/\/apuntesdesanluis.com\/wp-content\/uploads\/2024\/10\/hermanos-milei.png",667,413,false],"newsever-featured":["https:\/\/apuntesdesanluis.com\/wp-content\/uploads\/2024\/10\/hermanos-milei.png",667,413,false],"newsever-medium":["https:\/\/apuntesdesanluis.com\/wp-content\/uploads\/2024\/10\/hermanos-milei.png",667,413,false]},"author_info":{"display_name":"apuntesdesanluis.com","author_link":"https:\/\/apuntesdesanluis.com\/index.php\/author\/apuntesdesanluis-com\/"},"category_info":"<a href=\"https:\/\/apuntesdesanluis.com\/index.php\/category\/opinion\/\" rel=\"category tag\">Opini\u00f3n<\/a>","tag_info":"Opini\u00f3n","comment_count":"0","_links":{"self":[{"href":"https:\/\/apuntesdesanluis.com\/index.php\/wp-json\/wp\/v2\/posts\/23185","targetHints":{"allow":["GET"]}}],"collection":[{"href":"https:\/\/apuntesdesanluis.com\/index.php\/wp-json\/wp\/v2\/posts"}],"about":[{"href":"https:\/\/apuntesdesanluis.com\/index.php\/wp-json\/wp\/v2\/types\/post"}],"author":[{"embeddable":true,"href":"https:\/\/apuntesdesanluis.com\/index.php\/wp-json\/wp\/v2\/users\/1"}],"replies":[{"embeddable":true,"href":"https:\/\/apuntesdesanluis.com\/index.php\/wp-json\/wp\/v2\/comments?post=23185"}],"version-history":[{"count":1,"href":"https:\/\/apuntesdesanluis.com\/index.php\/wp-json\/wp\/v2\/posts\/23185\/revisions"}],"predecessor-version":[{"id":23188,"href":"https:\/\/apuntesdesanluis.com\/index.php\/wp-json\/wp\/v2\/posts\/23185\/revisions\/23188"}],"wp:featuredmedia":[{"embeddable":true,"href":"https:\/\/apuntesdesanluis.com\/index.php\/wp-json\/wp\/v2\/media\/23186"}],"wp:attachment":[{"href":"https:\/\/apuntesdesanluis.com\/index.php\/wp-json\/wp\/v2\/media?parent=23185"}],"wp:term":[{"taxonomy":"category","embeddable":true,"href":"https:\/\/apuntesdesanluis.com\/index.php\/wp-json\/wp\/v2\/categories?post=23185"},{"taxonomy":"post_tag","embeddable":true,"href":"https:\/\/apuntesdesanluis.com\/index.php\/wp-json\/wp\/v2\/tags?post=23185"}],"curies":[{"name":"wp","href":"https:\/\/api.w.org\/{rel}","templated":true}]}}