{"id":23199,"date":"2024-10-01T19:38:07","date_gmt":"2024-10-01T22:38:07","guid":{"rendered":"https:\/\/apuntesdesanluis.com\/?p=23199"},"modified":"2024-10-01T19:38:07","modified_gmt":"2024-10-01T22:38:07","slug":"el-superior-tribunal-de-justicia-podra-ampliar-su-espacio-ya-que-no-su-presupuesto","status":"publish","type":"post","link":"https:\/\/apuntesdesanluis.com\/index.php\/2024\/10\/01\/el-superior-tribunal-de-justicia-podra-ampliar-su-espacio-ya-que-no-su-presupuesto\/","title":{"rendered":"EL SUPERIOR TRIBUNAL DE JUSTICIA PODR\u00c1 AMPLIAR SU ESPACIO (YA QUE NO SU PRESUPUESTO)"},"content":{"rendered":"<h3>Este martes a la ma\u00f1ana se realiz\u00f3 la firma del Acta Notarial que oficializ\u00f3 la entrega de las oficinas ubicadas en el tercer piso del edificio de la calle Ayacucho al 945, en la ciudad de San Luis.<\/h3>\n<h3>De esta manera, el Poder Judicial tom\u00f3 posesi\u00f3n del espacio donde se prev\u00e9 que funcionen las dependencias del Ministerio P\u00fablico. El acto fue encabezado por el presidente del Superior Tribunal de Justicia, Dr. Eduardo Allende, la Secretaria General de la Gobernaci\u00f3n de la Provincia de San Luis, C.P.N. Romina Carbonell y el Escribano General de Gobierno, Juan Jos\u00e9 Laborda Ibarra.<\/h3>\n<h3>Luego de la firma del documento, las autoridades recorrieron el lugar. Estuvieron presentes tambi\u00e9n el ingeniero Carlos Zoppi, jefe de la Oficina de Mantenimiento y Servicios del Poder Judicial y Marcos Rey, empleado del mismo organismo, y la contadora Mar\u00eda Mercedes Bestard.<\/h3>\n<h3>Entre las obligaciones asumidas, el Poder Judicial ser\u00e1 responsable del cuidado y bienestar de su personal, el mantenimiento general de las instalaciones y la provisi\u00f3n de recursos necesarios para el adecuado funcionamiento de las actividades judiciales.<\/h3>\n<p><img fetchpriority=\"high\" decoding=\"async\" class=\"wp-image-23201 aligncenter\" src=\"https:\/\/apuntesdesanluis.com\/wp-content\/uploads\/2024\/10\/allende-300x190.png\" alt=\"\" width=\"706\" height=\"447\" srcset=\"https:\/\/apuntesdesanluis.com\/wp-content\/uploads\/2024\/10\/allende-300x190.png 300w, https:\/\/apuntesdesanluis.com\/wp-content\/uploads\/2024\/10\/allende-768x486.png 768w, https:\/\/apuntesdesanluis.com\/wp-content\/uploads\/2024\/10\/allende.png 819w\" sizes=\"(max-width: 706px) 100vw, 706px\" \/><\/p>\n<h3>A su vez, deber\u00e1 hacerse cargo del pago de impuestos y servicios derivados del uso del espacio cedido, garantizando as\u00ed la correcta operatividad del lugar.<\/h3>\n<h3>Adem\u00e1s, se compromete a respetar las normativas generales del edificio y no podr\u00e1 realizar modificaciones sin la previa autorizaci\u00f3n del Poder Ejecutivo. Cualquier mejora edilicia que se realice quedar\u00e1 en beneficio del Poder Ejecutivo al finalizar el convenio, sin derecho a compensaci\u00f3n.<\/h3>\n<p>&nbsp;<\/p>\n<p>&nbsp;<\/p>\n<p>&nbsp;<\/p>\n<p>&nbsp;<\/p>\n<p>&nbsp;<\/p>\n<p>&nbsp;<\/p>\n","protected":false},"excerpt":{"rendered":"<p>Este martes a la ma\u00f1ana se realiz\u00f3 la firma del Acta Notarial que oficializ\u00f3 la&#8230;<\/p>\n","protected":false},"author":1,"featured_media":23200,"comment_status":"closed","ping_status":"closed","sticky":false,"template":"","format":"standard","meta":{"footnotes":""},"categories":[6],"tags":[],"class_list":["post-23199","post","type-post","status-publish","format-standard","has-post-thumbnail","hentry","category-ciudad-provincia"],"yoast_head":"<!-- This site is optimized with the Yoast SEO plugin v26.1.1 - https:\/\/yoast.com\/wordpress\/plugins\/seo\/ -->\n<title>EL SUPERIOR TRIBUNAL DE JUSTICIA PODR\u00c1 AMPLIAR SU ESPACIO (YA QUE NO SU PRESUPUESTO) - Apuntes de San Luis<\/title>\n<meta name=\"robots\" content=\"index, follow, max-snippet:-1, max-image-preview:large, max-video-preview:-1\" \/>\n<link rel=\"canonical\" href=\"https:\/\/apuntesdesanluis.com\/index.php\/2024\/10\/01\/el-superior-tribunal-de-justicia-podra-ampliar-su-espacio-ya-que-no-su-presupuesto\/\" \/>\n<meta property=\"og:locale\" content=\"es_ES\" \/>\n<meta property=\"og:type\" content=\"article\" \/>\n<meta property=\"og:title\" content=\"EL SUPERIOR TRIBUNAL DE JUSTICIA PODR\u00c1 AMPLIAR SU ESPACIO (YA QUE NO SU PRESUPUESTO) - Apuntes de San Luis\" \/>\n<meta property=\"og:description\" content=\"Este martes a la ma\u00f1ana se realiz\u00f3 la firma del Acta Notarial que oficializ\u00f3 la...\" \/>\n<meta property=\"og:url\" content=\"https:\/\/apuntesdesanluis.com\/index.php\/2024\/10\/01\/el-superior-tribunal-de-justicia-podra-ampliar-su-espacio-ya-que-no-su-presupuesto\/\" \/>\n<meta property=\"og:site_name\" content=\"Apuntes de San Luis\" \/>\n<meta property=\"article:published_time\" content=\"2024-10-01T22:38:07+00:00\" \/>\n<meta property=\"og:image\" content=\"https:\/\/apuntesdesanluis.com\/wp-content\/uploads\/2024\/10\/firma-allende.png\" \/>\n\t<meta property=\"og:image:width\" content=\"682\" \/>\n\t<meta property=\"og:image:height\" content=\"451\" \/>\n\t<meta property=\"og:image:type\" content=\"image\/png\" \/>\n<meta name=\"author\" content=\"apuntesdesanluis.com\" \/>\n<meta name=\"twitter:card\" content=\"summary_large_image\" \/>\n<meta name=\"twitter:label1\" content=\"Escrito por\" \/>\n\t<meta name=\"twitter:data1\" content=\"apuntesdesanluis.com\" \/>\n\t<meta name=\"twitter:label2\" content=\"Tiempo de lectura\" \/>\n\t<meta name=\"twitter:data2\" content=\"2 minutos\" \/>\n<script type=\"application\/ld+json\" class=\"yoast-schema-graph\">{\"@context\":\"https:\/\/schema.org\",\"@graph\":[{\"@type\":\"Article\",\"@id\":\"https:\/\/apuntesdesanluis.com\/index.php\/2024\/10\/01\/el-superior-tribunal-de-justicia-podra-ampliar-su-espacio-ya-que-no-su-presupuesto\/#article\",\"isPartOf\":{\"@id\":\"https:\/\/apuntesdesanluis.com\/index.php\/2024\/10\/01\/el-superior-tribunal-de-justicia-podra-ampliar-su-espacio-ya-que-no-su-presupuesto\/\"},\"author\":{\"name\":\"apuntesdesanluis.com\",\"@id\":\"https:\/\/apuntesdesanluis.com\/#\/schema\/person\/b55151d52296fcce64d1a72538a70b90\"},\"headline\":\"EL SUPERIOR TRIBUNAL DE JUSTICIA PODR\u00c1 AMPLIAR SU ESPACIO (YA QUE NO SU PRESUPUESTO)\",\"datePublished\":\"2024-10-01T22:38:07+00:00\",\"mainEntityOfPage\":{\"@id\":\"https:\/\/apuntesdesanluis.com\/index.php\/2024\/10\/01\/el-superior-tribunal-de-justicia-podra-ampliar-su-espacio-ya-que-no-su-presupuesto\/\"},\"wordCount\":274,\"publisher\":{\"@id\":\"https:\/\/apuntesdesanluis.com\/#\/schema\/person\/b55151d52296fcce64d1a72538a70b90\"},\"image\":{\"@id\":\"https:\/\/apuntesdesanluis.com\/index.php\/2024\/10\/01\/el-superior-tribunal-de-justicia-podra-ampliar-su-espacio-ya-que-no-su-presupuesto\/#primaryimage\"},\"thumbnailUrl\":\"https:\/\/apuntesdesanluis.com\/wp-content\/uploads\/2024\/10\/firma-allende.png\",\"articleSection\":[\"Ciudad\/Provincia\"],\"inLanguage\":\"es-AR\"},{\"@type\":\"WebPage\",\"@id\":\"https:\/\/apuntesdesanluis.com\/index.php\/2024\/10\/01\/el-superior-tribunal-de-justicia-podra-ampliar-su-espacio-ya-que-no-su-presupuesto\/\",\"url\":\"https:\/\/apuntesdesanluis.com\/index.php\/2024\/10\/01\/el-superior-tribunal-de-justicia-podra-ampliar-su-espacio-ya-que-no-su-presupuesto\/\",\"name\":\"EL SUPERIOR TRIBUNAL DE JUSTICIA PODR\u00c1 AMPLIAR SU ESPACIO (YA QUE NO SU PRESUPUESTO) - Apuntes de San Luis\",\"isPartOf\":{\"@id\":\"https:\/\/apuntesdesanluis.com\/#website\"},\"primaryImageOfPage\":{\"@id\":\"https:\/\/apuntesdesanluis.com\/index.php\/2024\/10\/01\/el-superior-tribunal-de-justicia-podra-ampliar-su-espacio-ya-que-no-su-presupuesto\/#primaryimage\"},\"image\":{\"@id\":\"https:\/\/apuntesdesanluis.com\/index.php\/2024\/10\/01\/el-superior-tribunal-de-justicia-podra-ampliar-su-espacio-ya-que-no-su-presupuesto\/#primaryimage\"},\"thumbnailUrl\":\"https:\/\/apuntesdesanluis.com\/wp-content\/uploads\/2024\/10\/firma-allende.png\",\"datePublished\":\"2024-10-01T22:38:07+00:00\",\"breadcrumb\":{\"@id\":\"https:\/\/apuntesdesanluis.com\/index.php\/2024\/10\/01\/el-superior-tribunal-de-justicia-podra-ampliar-su-espacio-ya-que-no-su-presupuesto\/#breadcrumb\"},\"inLanguage\":\"es-AR\",\"potentialAction\":[{\"@type\":\"ReadAction\",\"target\":[\"https:\/\/apuntesdesanluis.com\/index.php\/2024\/10\/01\/el-superior-tribunal-de-justicia-podra-ampliar-su-espacio-ya-que-no-su-presupuesto\/\"]}]},{\"@type\":\"ImageObject\",\"inLanguage\":\"es-AR\",\"@id\":\"https:\/\/apuntesdesanluis.com\/index.php\/2024\/10\/01\/el-superior-tribunal-de-justicia-podra-ampliar-su-espacio-ya-que-no-su-presupuesto\/#primaryimage\",\"url\":\"https:\/\/apuntesdesanluis.com\/wp-content\/uploads\/2024\/10\/firma-allende.png\",\"contentUrl\":\"https:\/\/apuntesdesanluis.com\/wp-content\/uploads\/2024\/10\/firma-allende.png\",\"width\":682,\"height\":451},{\"@type\":\"BreadcrumbList\",\"@id\":\"https:\/\/apuntesdesanluis.com\/index.php\/2024\/10\/01\/el-superior-tribunal-de-justicia-podra-ampliar-su-espacio-ya-que-no-su-presupuesto\/#breadcrumb\",\"itemListElement\":[{\"@type\":\"ListItem\",\"position\":1,\"name\":\"Inicio\",\"item\":\"https:\/\/apuntesdesanluis.com\/\"},{\"@type\":\"ListItem\",\"position\":2,\"name\":\"EL SUPERIOR TRIBUNAL DE JUSTICIA PODR\u00c1 AMPLIAR SU ESPACIO (YA QUE NO SU PRESUPUESTO)\"}]},{\"@type\":\"WebSite\",\"@id\":\"https:\/\/apuntesdesanluis.com\/#website\",\"url\":\"https:\/\/apuntesdesanluis.com\/\",\"name\":\"Apuntes de San Luis\",\"description\":\"\",\"publisher\":{\"@id\":\"https:\/\/apuntesdesanluis.com\/#\/schema\/person\/b55151d52296fcce64d1a72538a70b90\"},\"potentialAction\":[{\"@type\":\"SearchAction\",\"target\":{\"@type\":\"EntryPoint\",\"urlTemplate\":\"https:\/\/apuntesdesanluis.com\/?s={search_term_string}\"},\"query-input\":{\"@type\":\"PropertyValueSpecification\",\"valueRequired\":true,\"valueName\":\"search_term_string\"}}],\"inLanguage\":\"es-AR\"},{\"@type\":[\"Person\",\"Organization\"],\"@id\":\"https:\/\/apuntesdesanluis.com\/#\/schema\/person\/b55151d52296fcce64d1a72538a70b90\",\"name\":\"apuntesdesanluis.com\",\"image\":{\"@type\":\"ImageObject\",\"inLanguage\":\"es-AR\",\"@id\":\"https:\/\/apuntesdesanluis.com\/#\/schema\/person\/image\/\",\"url\":\"https:\/\/apuntesdesanluis.com\/wp-content\/uploads\/2023\/07\/cropped-apuntesdesanluis.png\",\"contentUrl\":\"https:\/\/apuntesdesanluis.com\/wp-content\/uploads\/2023\/07\/cropped-apuntesdesanluis.png\",\"width\":450,\"height\":112,\"caption\":\"apuntesdesanluis.com\"},\"logo\":{\"@id\":\"https:\/\/apuntesdesanluis.com\/#\/schema\/person\/image\/\"},\"sameAs\":[\"https:\/\/apuntesdesanluis.com\"],\"url\":\"https:\/\/apuntesdesanluis.com\/index.php\/author\/apuntesdesanluis-com\/\"}]}<\/script>\n<!-- \/ Yoast SEO plugin. -->","yoast_head_json":{"title":"EL SUPERIOR TRIBUNAL DE JUSTICIA PODR\u00c1 AMPLIAR SU ESPACIO (YA QUE NO SU PRESUPUESTO) - Apuntes de San Luis","robots":{"index":"index","follow":"follow","max-snippet":"max-snippet:-1","max-image-preview":"max-image-preview:large","max-video-preview":"max-video-preview:-1"},"canonical":"https:\/\/apuntesdesanluis.com\/index.php\/2024\/10\/01\/el-superior-tribunal-de-justicia-podra-ampliar-su-espacio-ya-que-no-su-presupuesto\/","og_locale":"es_ES","og_type":"article","og_title":"EL SUPERIOR TRIBUNAL DE JUSTICIA PODR\u00c1 AMPLIAR SU ESPACIO (YA QUE NO SU PRESUPUESTO) - Apuntes de San Luis","og_description":"Este martes a la ma\u00f1ana se realiz\u00f3 la firma del Acta Notarial que oficializ\u00f3 la...","og_url":"https:\/\/apuntesdesanluis.com\/index.php\/2024\/10\/01\/el-superior-tribunal-de-justicia-podra-ampliar-su-espacio-ya-que-no-su-presupuesto\/","og_site_name":"Apuntes de San Luis","article_published_time":"2024-10-01T22:38:07+00:00","og_image":[{"width":682,"height":451,"url":"https:\/\/apuntesdesanluis.com\/wp-content\/uploads\/2024\/10\/firma-allende.png","type":"image\/png"}],"author":"apuntesdesanluis.com","twitter_card":"summary_large_image","twitter_misc":{"Escrito por":"apuntesdesanluis.com","Tiempo de lectura":"2 minutos"},"schema":{"@context":"https:\/\/schema.org","@graph":[{"@type":"Article","@id":"https:\/\/apuntesdesanluis.com\/index.php\/2024\/10\/01\/el-superior-tribunal-de-justicia-podra-ampliar-su-espacio-ya-que-no-su-presupuesto\/#article","isPartOf":{"@id":"https:\/\/apuntesdesanluis.com\/index.php\/2024\/10\/01\/el-superior-tribunal-de-justicia-podra-ampliar-su-espacio-ya-que-no-su-presupuesto\/"},"author":{"name":"apuntesdesanluis.com","@id":"https:\/\/apuntesdesanluis.com\/#\/schema\/person\/b55151d52296fcce64d1a72538a70b90"},"headline":"EL SUPERIOR TRIBUNAL DE JUSTICIA PODR\u00c1 AMPLIAR SU ESPACIO (YA QUE NO SU PRESUPUESTO)","datePublished":"2024-10-01T22:38:07+00:00","mainEntityOfPage":{"@id":"https:\/\/apuntesdesanluis.com\/index.php\/2024\/10\/01\/el-superior-tribunal-de-justicia-podra-ampliar-su-espacio-ya-que-no-su-presupuesto\/"},"wordCount":274,"publisher":{"@id":"https:\/\/apuntesdesanluis.com\/#\/schema\/person\/b55151d52296fcce64d1a72538a70b90"},"image":{"@id":"https:\/\/apuntesdesanluis.com\/index.php\/2024\/10\/01\/el-superior-tribunal-de-justicia-podra-ampliar-su-espacio-ya-que-no-su-presupuesto\/#primaryimage"},"thumbnailUrl":"https:\/\/apuntesdesanluis.com\/wp-content\/uploads\/2024\/10\/firma-allende.png","articleSection":["Ciudad\/Provincia"],"inLanguage":"es-AR"},{"@type":"WebPage","@id":"https:\/\/apuntesdesanluis.com\/index.php\/2024\/10\/01\/el-superior-tribunal-de-justicia-podra-ampliar-su-espacio-ya-que-no-su-presupuesto\/","url":"https:\/\/apuntesdesanluis.com\/index.php\/2024\/10\/01\/el-superior-tribunal-de-justicia-podra-ampliar-su-espacio-ya-que-no-su-presupuesto\/","name":"EL SUPERIOR TRIBUNAL DE JUSTICIA PODR\u00c1 AMPLIAR SU ESPACIO (YA QUE NO SU PRESUPUESTO) - Apuntes de San Luis","isPartOf":{"@id":"https:\/\/apuntesdesanluis.com\/#website"},"primaryImageOfPage":{"@id":"https:\/\/apuntesdesanluis.com\/index.php\/2024\/10\/01\/el-superior-tribunal-de-justicia-podra-ampliar-su-espacio-ya-que-no-su-presupuesto\/#primaryimage"},"image":{"@id":"https:\/\/apuntesdesanluis.com\/index.php\/2024\/10\/01\/el-superior-tribunal-de-justicia-podra-ampliar-su-espacio-ya-que-no-su-presupuesto\/#primaryimage"},"thumbnailUrl":"https:\/\/apuntesdesanluis.com\/wp-content\/uploads\/2024\/10\/firma-allende.png","datePublished":"2024-10-01T22:38:07+00:00","breadcrumb":{"@id":"https:\/\/apuntesdesanluis.com\/index.php\/2024\/10\/01\/el-superior-tribunal-de-justicia-podra-ampliar-su-espacio-ya-que-no-su-presupuesto\/#breadcrumb"},"inLanguage":"es-AR","potentialAction":[{"@type":"ReadAction","target":["https:\/\/apuntesdesanluis.com\/index.php\/2024\/10\/01\/el-superior-tribunal-de-justicia-podra-ampliar-su-espacio-ya-que-no-su-presupuesto\/"]}]},{"@type":"ImageObject","inLanguage":"es-AR","@id":"https:\/\/apuntesdesanluis.com\/index.php\/2024\/10\/01\/el-superior-tribunal-de-justicia-podra-ampliar-su-espacio-ya-que-no-su-presupuesto\/#primaryimage","url":"https:\/\/apuntesdesanluis.com\/wp-content\/uploads\/2024\/10\/firma-allende.png","contentUrl":"https:\/\/apuntesdesanluis.com\/wp-content\/uploads\/2024\/10\/firma-allende.png","width":682,"height":451},{"@type":"BreadcrumbList","@id":"https:\/\/apuntesdesanluis.com\/index.php\/2024\/10\/01\/el-superior-tribunal-de-justicia-podra-ampliar-su-espacio-ya-que-no-su-presupuesto\/#breadcrumb","itemListElement":[{"@type":"ListItem","position":1,"name":"Inicio","item":"https:\/\/apuntesdesanluis.com\/"},{"@type":"ListItem","position":2,"name":"EL SUPERIOR TRIBUNAL DE JUSTICIA PODR\u00c1 AMPLIAR SU ESPACIO (YA QUE NO SU PRESUPUESTO)"}]},{"@type":"WebSite","@id":"https:\/\/apuntesdesanluis.com\/#website","url":"https:\/\/apuntesdesanluis.com\/","name":"Apuntes de San Luis","description":"","publisher":{"@id":"https:\/\/apuntesdesanluis.com\/#\/schema\/person\/b55151d52296fcce64d1a72538a70b90"},"potentialAction":[{"@type":"SearchAction","target":{"@type":"EntryPoint","urlTemplate":"https:\/\/apuntesdesanluis.com\/?s={search_term_string}"},"query-input":{"@type":"PropertyValueSpecification","valueRequired":true,"valueName":"search_term_string"}}],"inLanguage":"es-AR"},{"@type":["Person","Organization"],"@id":"https:\/\/apuntesdesanluis.com\/#\/schema\/person\/b55151d52296fcce64d1a72538a70b90","name":"apuntesdesanluis.com","image":{"@type":"ImageObject","inLanguage":"es-AR","@id":"https:\/\/apuntesdesanluis.com\/#\/schema\/person\/image\/","url":"https:\/\/apuntesdesanluis.com\/wp-content\/uploads\/2023\/07\/cropped-apuntesdesanluis.png","contentUrl":"https:\/\/apuntesdesanluis.com\/wp-content\/uploads\/2023\/07\/cropped-apuntesdesanluis.png","width":450,"height":112,"caption":"apuntesdesanluis.com"},"logo":{"@id":"https:\/\/apuntesdesanluis.com\/#\/schema\/person\/image\/"},"sameAs":["https:\/\/apuntesdesanluis.com"],"url":"https:\/\/apuntesdesanluis.com\/index.php\/author\/apuntesdesanluis-com\/"}]}},"featured_image_urls":{"full":["https:\/\/apuntesdesanluis.com\/wp-content\/uploads\/2024\/10\/firma-allende.png",682,451,false],"thumbnail":["https:\/\/apuntesdesanluis.com\/wp-content\/uploads\/2024\/10\/firma-allende-150x150.png",150,150,true],"medium":["https:\/\/apuntesdesanluis.com\/wp-content\/uploads\/2024\/10\/firma-allende-300x198.png",300,198,true],"medium_large":["https:\/\/apuntesdesanluis.com\/wp-content\/uploads\/2024\/10\/firma-allende.png",640,423,false],"large":["https:\/\/apuntesdesanluis.com\/wp-content\/uploads\/2024\/10\/firma-allende.png",640,423,false],"1536x1536":["https:\/\/apuntesdesanluis.com\/wp-content\/uploads\/2024\/10\/firma-allende.png",682,451,false],"2048x2048":["https:\/\/apuntesdesanluis.com\/wp-content\/uploads\/2024\/10\/firma-allende.png",682,451,false],"newsever-slider-full":["https:\/\/apuntesdesanluis.com\/wp-content\/uploads\/2024\/10\/firma-allende.png",682,451,false],"newsever-featured":["https:\/\/apuntesdesanluis.com\/wp-content\/uploads\/2024\/10\/firma-allende.png",682,451,false],"newsever-medium":["https:\/\/apuntesdesanluis.com\/wp-content\/uploads\/2024\/10\/firma-allende.png",682,451,false]},"author_info":{"display_name":"apuntesdesanluis.com","author_link":"https:\/\/apuntesdesanluis.com\/index.php\/author\/apuntesdesanluis-com\/"},"category_info":"<a href=\"https:\/\/apuntesdesanluis.com\/index.php\/category\/ciudad-provincia\/\" rel=\"category tag\">Ciudad\/Provincia<\/a>","tag_info":"Ciudad\/Provincia","comment_count":"0","_links":{"self":[{"href":"https:\/\/apuntesdesanluis.com\/index.php\/wp-json\/wp\/v2\/posts\/23199","targetHints":{"allow":["GET"]}}],"collection":[{"href":"https:\/\/apuntesdesanluis.com\/index.php\/wp-json\/wp\/v2\/posts"}],"about":[{"href":"https:\/\/apuntesdesanluis.com\/index.php\/wp-json\/wp\/v2\/types\/post"}],"author":[{"embeddable":true,"href":"https:\/\/apuntesdesanluis.com\/index.php\/wp-json\/wp\/v2\/users\/1"}],"replies":[{"embeddable":true,"href":"https:\/\/apuntesdesanluis.com\/index.php\/wp-json\/wp\/v2\/comments?post=23199"}],"version-history":[{"count":1,"href":"https:\/\/apuntesdesanluis.com\/index.php\/wp-json\/wp\/v2\/posts\/23199\/revisions"}],"predecessor-version":[{"id":23202,"href":"https:\/\/apuntesdesanluis.com\/index.php\/wp-json\/wp\/v2\/posts\/23199\/revisions\/23202"}],"wp:featuredmedia":[{"embeddable":true,"href":"https:\/\/apuntesdesanluis.com\/index.php\/wp-json\/wp\/v2\/media\/23200"}],"wp:attachment":[{"href":"https:\/\/apuntesdesanluis.com\/index.php\/wp-json\/wp\/v2\/media?parent=23199"}],"wp:term":[{"taxonomy":"category","embeddable":true,"href":"https:\/\/apuntesdesanluis.com\/index.php\/wp-json\/wp\/v2\/categories?post=23199"},{"taxonomy":"post_tag","embeddable":true,"href":"https:\/\/apuntesdesanluis.com\/index.php\/wp-json\/wp\/v2\/tags?post=23199"}],"curies":[{"name":"wp","href":"https:\/\/api.w.org\/{rel}","templated":true}]}}