{"id":23204,"date":"2024-10-01T19:48:06","date_gmt":"2024-10-01T22:48:06","guid":{"rendered":"https:\/\/apuntesdesanluis.com\/?p=23204"},"modified":"2024-10-01T19:48:06","modified_gmt":"2024-10-01T22:48:06","slug":"el-senado-aprobo-el-presupuesto-2025-y-la-adhesion-de-san-luis-al-rigi","status":"publish","type":"post","link":"https:\/\/apuntesdesanluis.com\/index.php\/2024\/10\/01\/el-senado-aprobo-el-presupuesto-2025-y-la-adhesion-de-san-luis-al-rigi\/","title":{"rendered":"EL SENADO APROB\u00d3 EL PRESUPUESTO 2025 Y LA ADHESI\u00d3N DE SAN LUIS AL RIGI"},"content":{"rendered":"<h3>El oficialismo destac\u00f3 que se trata de una cuenta de inversi\u00f3n equilibrada, sin d\u00e9ficit y enfocada en los principales ejes del gobierno de Claudio Poggi para fortalecer al sector privado y reconstruir el tejido social roto luego de a\u00f1os de abandono.<\/h3>\n<h3>Este martes, el Senado provincial aprob\u00f3 por mayor\u00eda \u2013con cinco votos a favor y cuatro en contra\u2013 el Presupuesto 2025, con un monto total de $1.841.214.283.195 destinado a financiar las pol\u00edticas p\u00fablicas y garantizar el funcionamiento del Estado.<\/h3>\n<h3>El proyecto, que ya contaba con media sanci\u00f3n de Diputados, se destaca por ser sincerado, sin d\u00e9ficit fiscal ni endeudamiento, y en l\u00ednea con la pol\u00edtica de austeridad y transparencia que el gobernador Claudio Poggi viene implementando desde el 10 de diciembre.<\/h3>\n<h3>El Presupuesto 2025 est\u00e1 enfocado en la mejora de \u00e1reas como la educaci\u00f3n, la salud, la seguridad, el acceso a la vivienda y la generaci\u00f3n de empleo. Adem\u00e1s, fue dise\u00f1ado con cuentas equilibradas: los ingresos estimados coinciden con los gastos proyectados.<\/h3>\n<p><img fetchpriority=\"high\" decoding=\"async\" class=\"wp-image-23206 aligncenter\" src=\"https:\/\/apuntesdesanluis.com\/wp-content\/uploads\/2024\/10\/senado-de-san-luis-300x161.png\" alt=\"\" width=\"580\" height=\"311\" srcset=\"https:\/\/apuntesdesanluis.com\/wp-content\/uploads\/2024\/10\/senado-de-san-luis-300x161.png 300w, https:\/\/apuntesdesanluis.com\/wp-content\/uploads\/2024\/10\/senado-de-san-luis.png 683w\" sizes=\"(max-width: 580px) 100vw, 580px\" \/><\/p>\n<h3>ADHESI\u00d3N AL RIGI<\/h3>\n<h3>En la sesi\u00f3n la C\u00e1mara de Senadores tambi\u00e9n aprob\u00f3 por mayor\u00eda -con cinco votos a favor- la adhesi\u00f3n de la provincia al R\u00e9gimen de Incentivo para Grandes Inversiones (RIGI). Esta normativa, impulsada por el Ejecutivo provincial, busca atraer importantes capitales nacionales e internacionales con un marco legal que incentiva la inversi\u00f3n en sectores como las energ\u00edas renovables, el turismo, la tecnolog\u00eda y la infraestructura.<\/h3>\n<h3>\u201cCon la aprobaci\u00f3n del RIGI, San Luis se posiciona como un destino estrat\u00e9gico para el desarrollo de proyectos millonarios que no s\u00f3lo aportar\u00e1n al crecimiento econ\u00f3mico de la provincia, sino que tambi\u00e9n generar\u00e1n nuevas fuentes de trabajo para los sanluise\u00f1os\u201d, destac\u00f3 el senador por Pueyrred\u00f3n, Mart\u00edn Olivero.<\/h3>\n<h3><img decoding=\"async\" class=\"wp-image-23207 aligncenter\" src=\"https:\/\/apuntesdesanluis.com\/wp-content\/uploads\/2024\/10\/olivero-300x190.png\" alt=\"\" width=\"586\" height=\"371\" srcset=\"https:\/\/apuntesdesanluis.com\/wp-content\/uploads\/2024\/10\/olivero-300x190.png 300w, https:\/\/apuntesdesanluis.com\/wp-content\/uploads\/2024\/10\/olivero.png 556w\" sizes=\"(max-width: 586px) 100vw, 586px\" \/><\/h3>\n<h3>Indic\u00f3 que este r\u00e9gimen no es el primero ni el \u00fanico que ha existido en nuestro pa\u00eds y que siempre se han utilizado en pos del crecimiento de la sociedad. \u201cEstamos de acuerdo con que el pa\u00eds necesita inversiones extranjeras directas. El capital extranjero es uno de los motores de una estrategia de desarrollo nacional como la que pensamos. Hubo en nuestra historia casos exitosos de inversiones de esta naturaleza, como lo fue el ferrocarril, uno de los mayores desarrollos que tuvo nuestro pa\u00eds en manos de empresas brit\u00e1nicas\u201d, explic\u00f3.<\/h3>\n<h3>Uno de los aspectos m\u00e1s relevantes de esta ley es que San Luis no perder\u00e1 el control sobre sus recursos naturales ni delegar\u00e1 facultades esenciales al adherir al r\u00e9gimen nacional. Esto se encuentra expresamente establecido en el Art\u00edculo 2 del proyecto, que garantiza que la provincia mantendr\u00e1 su soberan\u00eda sobre la gesti\u00f3n y administraci\u00f3n de sus recursos, en pleno cumplimiento del Art\u00edculo 121 de la Constituci\u00f3n Nacional, aclar\u00f3 el legislador.<\/h3>\n<h3>Olivero tambi\u00e9n se\u00f1al\u00f3 que los objetivos prioritarios de esta ley, mencionados en su Art\u00edculo 166, coinciden con las pol\u00edticas p\u00fablicas del Gobierno en cuanto al desarrollo productivo de la provincia: \u201cGenerar las condiciones f\u00e1cticas y jur\u00eddicas para potenciar el desarrollo productivo, fortalecer la competitividad, y crear o aumentar el valor de la producci\u00f3n; cuidar las fuentes laborales existentes y promover la creaci\u00f3n de nuevas oportunidades de trabajo; promover la incorporaci\u00f3n de valor agregado a los productos primarios en el territorio provincial, estimulando el desarrollo de la industria sanluise\u00f1a en sus diferentes ramas; y fortalecer el tejido econ\u00f3mico provincial, promoviendo la competitividad y la vinculaci\u00f3n beneficiosa entre los diferentes actores productivos y econ\u00f3micos\u201d, enumer\u00f3.<\/h3>\n<h3>El RIGI est\u00e1 dise\u00f1ado para atraer inversiones superiores a los 200 millones de d\u00f3lares, ofreciendo a cambio una serie de beneficios impositivos, aduaneros y cambiarios, y estabilidad fiscal por 30 a\u00f1os. Esto les brinda seguridad jur\u00eddica a los inversores y previsibilidad para la planificaci\u00f3n a largo plazo.<\/h3>\n<p>&nbsp;<\/p>\n<p>&nbsp;<\/p>\n<p>&nbsp;<\/p>\n<p>&nbsp;<\/p>\n<p>&nbsp;<\/p>\n","protected":false},"excerpt":{"rendered":"<p>El oficialismo destac\u00f3 que se trata de una cuenta de inversi\u00f3n equilibrada, sin d\u00e9ficit y&#8230;<\/p>\n","protected":false},"author":1,"featured_media":23205,"comment_status":"closed","ping_status":"closed","sticky":false,"template":"","format":"standard","meta":{"footnotes":""},"categories":[6],"tags":[],"class_list":["post-23204","post","type-post","status-publish","format-standard","has-post-thumbnail","hentry","category-ciudad-provincia"],"yoast_head":"<!-- This site is optimized with the Yoast SEO plugin v26.1.1 - https:\/\/yoast.com\/wordpress\/plugins\/seo\/ -->\n<title>EL SENADO APROB\u00d3 EL PRESUPUESTO 2025 Y LA ADHESI\u00d3N DE SAN LUIS AL RIGI - Apuntes de San Luis<\/title>\n<meta name=\"robots\" content=\"index, follow, max-snippet:-1, max-image-preview:large, max-video-preview:-1\" \/>\n<link rel=\"canonical\" href=\"https:\/\/apuntesdesanluis.com\/index.php\/2024\/10\/01\/el-senado-aprobo-el-presupuesto-2025-y-la-adhesion-de-san-luis-al-rigi\/\" \/>\n<meta property=\"og:locale\" content=\"es_ES\" \/>\n<meta property=\"og:type\" content=\"article\" \/>\n<meta property=\"og:title\" content=\"EL SENADO APROB\u00d3 EL PRESUPUESTO 2025 Y LA ADHESI\u00d3N DE SAN LUIS AL RIGI - Apuntes de San Luis\" \/>\n<meta property=\"og:description\" content=\"El oficialismo destac\u00f3 que se trata de una cuenta de inversi\u00f3n equilibrada, sin d\u00e9ficit y...\" \/>\n<meta property=\"og:url\" content=\"https:\/\/apuntesdesanluis.com\/index.php\/2024\/10\/01\/el-senado-aprobo-el-presupuesto-2025-y-la-adhesion-de-san-luis-al-rigi\/\" \/>\n<meta property=\"og:site_name\" content=\"Apuntes de San Luis\" \/>\n<meta property=\"article:published_time\" content=\"2024-10-01T22:48:06+00:00\" \/>\n<meta property=\"og:image\" content=\"https:\/\/apuntesdesanluis.com\/wp-content\/uploads\/2024\/10\/aprobacion-del-senado.png\" \/>\n\t<meta property=\"og:image:width\" content=\"673\" \/>\n\t<meta property=\"og:image:height\" content=\"387\" \/>\n\t<meta property=\"og:image:type\" content=\"image\/png\" \/>\n<meta name=\"author\" content=\"apuntesdesanluis.com\" \/>\n<meta name=\"twitter:card\" content=\"summary_large_image\" \/>\n<meta name=\"twitter:label1\" content=\"Escrito por\" \/>\n\t<meta name=\"twitter:data1\" content=\"apuntesdesanluis.com\" \/>\n\t<meta name=\"twitter:label2\" content=\"Tiempo de lectura\" \/>\n\t<meta name=\"twitter:data2\" content=\"4 minutos\" \/>\n<script type=\"application\/ld+json\" class=\"yoast-schema-graph\">{\"@context\":\"https:\/\/schema.org\",\"@graph\":[{\"@type\":\"Article\",\"@id\":\"https:\/\/apuntesdesanluis.com\/index.php\/2024\/10\/01\/el-senado-aprobo-el-presupuesto-2025-y-la-adhesion-de-san-luis-al-rigi\/#article\",\"isPartOf\":{\"@id\":\"https:\/\/apuntesdesanluis.com\/index.php\/2024\/10\/01\/el-senado-aprobo-el-presupuesto-2025-y-la-adhesion-de-san-luis-al-rigi\/\"},\"author\":{\"name\":\"apuntesdesanluis.com\",\"@id\":\"https:\/\/apuntesdesanluis.com\/#\/schema\/person\/b55151d52296fcce64d1a72538a70b90\"},\"headline\":\"EL SENADO APROB\u00d3 EL PRESUPUESTO 2025 Y LA ADHESI\u00d3N DE SAN LUIS AL RIGI\",\"datePublished\":\"2024-10-01T22:48:06+00:00\",\"mainEntityOfPage\":{\"@id\":\"https:\/\/apuntesdesanluis.com\/index.php\/2024\/10\/01\/el-senado-aprobo-el-presupuesto-2025-y-la-adhesion-de-san-luis-al-rigi\/\"},\"wordCount\":672,\"publisher\":{\"@id\":\"https:\/\/apuntesdesanluis.com\/#\/schema\/person\/b55151d52296fcce64d1a72538a70b90\"},\"image\":{\"@id\":\"https:\/\/apuntesdesanluis.com\/index.php\/2024\/10\/01\/el-senado-aprobo-el-presupuesto-2025-y-la-adhesion-de-san-luis-al-rigi\/#primaryimage\"},\"thumbnailUrl\":\"https:\/\/apuntesdesanluis.com\/wp-content\/uploads\/2024\/10\/aprobacion-del-senado.png\",\"articleSection\":[\"Ciudad\/Provincia\"],\"inLanguage\":\"es-AR\"},{\"@type\":\"WebPage\",\"@id\":\"https:\/\/apuntesdesanluis.com\/index.php\/2024\/10\/01\/el-senado-aprobo-el-presupuesto-2025-y-la-adhesion-de-san-luis-al-rigi\/\",\"url\":\"https:\/\/apuntesdesanluis.com\/index.php\/2024\/10\/01\/el-senado-aprobo-el-presupuesto-2025-y-la-adhesion-de-san-luis-al-rigi\/\",\"name\":\"EL SENADO APROB\u00d3 EL PRESUPUESTO 2025 Y LA ADHESI\u00d3N DE SAN LUIS AL RIGI - Apuntes de San Luis\",\"isPartOf\":{\"@id\":\"https:\/\/apuntesdesanluis.com\/#website\"},\"primaryImageOfPage\":{\"@id\":\"https:\/\/apuntesdesanluis.com\/index.php\/2024\/10\/01\/el-senado-aprobo-el-presupuesto-2025-y-la-adhesion-de-san-luis-al-rigi\/#primaryimage\"},\"image\":{\"@id\":\"https:\/\/apuntesdesanluis.com\/index.php\/2024\/10\/01\/el-senado-aprobo-el-presupuesto-2025-y-la-adhesion-de-san-luis-al-rigi\/#primaryimage\"},\"thumbnailUrl\":\"https:\/\/apuntesdesanluis.com\/wp-content\/uploads\/2024\/10\/aprobacion-del-senado.png\",\"datePublished\":\"2024-10-01T22:48:06+00:00\",\"breadcrumb\":{\"@id\":\"https:\/\/apuntesdesanluis.com\/index.php\/2024\/10\/01\/el-senado-aprobo-el-presupuesto-2025-y-la-adhesion-de-san-luis-al-rigi\/#breadcrumb\"},\"inLanguage\":\"es-AR\",\"potentialAction\":[{\"@type\":\"ReadAction\",\"target\":[\"https:\/\/apuntesdesanluis.com\/index.php\/2024\/10\/01\/el-senado-aprobo-el-presupuesto-2025-y-la-adhesion-de-san-luis-al-rigi\/\"]}]},{\"@type\":\"ImageObject\",\"inLanguage\":\"es-AR\",\"@id\":\"https:\/\/apuntesdesanluis.com\/index.php\/2024\/10\/01\/el-senado-aprobo-el-presupuesto-2025-y-la-adhesion-de-san-luis-al-rigi\/#primaryimage\",\"url\":\"https:\/\/apuntesdesanluis.com\/wp-content\/uploads\/2024\/10\/aprobacion-del-senado.png\",\"contentUrl\":\"https:\/\/apuntesdesanluis.com\/wp-content\/uploads\/2024\/10\/aprobacion-del-senado.png\",\"width\":673,\"height\":387},{\"@type\":\"BreadcrumbList\",\"@id\":\"https:\/\/apuntesdesanluis.com\/index.php\/2024\/10\/01\/el-senado-aprobo-el-presupuesto-2025-y-la-adhesion-de-san-luis-al-rigi\/#breadcrumb\",\"itemListElement\":[{\"@type\":\"ListItem\",\"position\":1,\"name\":\"Inicio\",\"item\":\"https:\/\/apuntesdesanluis.com\/\"},{\"@type\":\"ListItem\",\"position\":2,\"name\":\"EL SENADO APROB\u00d3 EL PRESUPUESTO 2025 Y LA ADHESI\u00d3N DE SAN LUIS AL RIGI\"}]},{\"@type\":\"WebSite\",\"@id\":\"https:\/\/apuntesdesanluis.com\/#website\",\"url\":\"https:\/\/apuntesdesanluis.com\/\",\"name\":\"Apuntes de San Luis\",\"description\":\"\",\"publisher\":{\"@id\":\"https:\/\/apuntesdesanluis.com\/#\/schema\/person\/b55151d52296fcce64d1a72538a70b90\"},\"potentialAction\":[{\"@type\":\"SearchAction\",\"target\":{\"@type\":\"EntryPoint\",\"urlTemplate\":\"https:\/\/apuntesdesanluis.com\/?s={search_term_string}\"},\"query-input\":{\"@type\":\"PropertyValueSpecification\",\"valueRequired\":true,\"valueName\":\"search_term_string\"}}],\"inLanguage\":\"es-AR\"},{\"@type\":[\"Person\",\"Organization\"],\"@id\":\"https:\/\/apuntesdesanluis.com\/#\/schema\/person\/b55151d52296fcce64d1a72538a70b90\",\"name\":\"apuntesdesanluis.com\",\"image\":{\"@type\":\"ImageObject\",\"inLanguage\":\"es-AR\",\"@id\":\"https:\/\/apuntesdesanluis.com\/#\/schema\/person\/image\/\",\"url\":\"https:\/\/apuntesdesanluis.com\/wp-content\/uploads\/2023\/07\/cropped-apuntesdesanluis.png\",\"contentUrl\":\"https:\/\/apuntesdesanluis.com\/wp-content\/uploads\/2023\/07\/cropped-apuntesdesanluis.png\",\"width\":450,\"height\":112,\"caption\":\"apuntesdesanluis.com\"},\"logo\":{\"@id\":\"https:\/\/apuntesdesanluis.com\/#\/schema\/person\/image\/\"},\"sameAs\":[\"https:\/\/apuntesdesanluis.com\"],\"url\":\"https:\/\/apuntesdesanluis.com\/index.php\/author\/apuntesdesanluis-com\/\"}]}<\/script>\n<!-- \/ Yoast SEO plugin. -->","yoast_head_json":{"title":"EL SENADO APROB\u00d3 EL PRESUPUESTO 2025 Y LA ADHESI\u00d3N DE SAN LUIS AL RIGI - Apuntes de San Luis","robots":{"index":"index","follow":"follow","max-snippet":"max-snippet:-1","max-image-preview":"max-image-preview:large","max-video-preview":"max-video-preview:-1"},"canonical":"https:\/\/apuntesdesanluis.com\/index.php\/2024\/10\/01\/el-senado-aprobo-el-presupuesto-2025-y-la-adhesion-de-san-luis-al-rigi\/","og_locale":"es_ES","og_type":"article","og_title":"EL SENADO APROB\u00d3 EL PRESUPUESTO 2025 Y LA ADHESI\u00d3N DE SAN LUIS AL RIGI - Apuntes de San Luis","og_description":"El oficialismo destac\u00f3 que se trata de una cuenta de inversi\u00f3n equilibrada, sin d\u00e9ficit y...","og_url":"https:\/\/apuntesdesanluis.com\/index.php\/2024\/10\/01\/el-senado-aprobo-el-presupuesto-2025-y-la-adhesion-de-san-luis-al-rigi\/","og_site_name":"Apuntes de San Luis","article_published_time":"2024-10-01T22:48:06+00:00","og_image":[{"width":673,"height":387,"url":"https:\/\/apuntesdesanluis.com\/wp-content\/uploads\/2024\/10\/aprobacion-del-senado.png","type":"image\/png"}],"author":"apuntesdesanluis.com","twitter_card":"summary_large_image","twitter_misc":{"Escrito por":"apuntesdesanluis.com","Tiempo de lectura":"4 minutos"},"schema":{"@context":"https:\/\/schema.org","@graph":[{"@type":"Article","@id":"https:\/\/apuntesdesanluis.com\/index.php\/2024\/10\/01\/el-senado-aprobo-el-presupuesto-2025-y-la-adhesion-de-san-luis-al-rigi\/#article","isPartOf":{"@id":"https:\/\/apuntesdesanluis.com\/index.php\/2024\/10\/01\/el-senado-aprobo-el-presupuesto-2025-y-la-adhesion-de-san-luis-al-rigi\/"},"author":{"name":"apuntesdesanluis.com","@id":"https:\/\/apuntesdesanluis.com\/#\/schema\/person\/b55151d52296fcce64d1a72538a70b90"},"headline":"EL SENADO APROB\u00d3 EL PRESUPUESTO 2025 Y LA ADHESI\u00d3N DE SAN LUIS AL RIGI","datePublished":"2024-10-01T22:48:06+00:00","mainEntityOfPage":{"@id":"https:\/\/apuntesdesanluis.com\/index.php\/2024\/10\/01\/el-senado-aprobo-el-presupuesto-2025-y-la-adhesion-de-san-luis-al-rigi\/"},"wordCount":672,"publisher":{"@id":"https:\/\/apuntesdesanluis.com\/#\/schema\/person\/b55151d52296fcce64d1a72538a70b90"},"image":{"@id":"https:\/\/apuntesdesanluis.com\/index.php\/2024\/10\/01\/el-senado-aprobo-el-presupuesto-2025-y-la-adhesion-de-san-luis-al-rigi\/#primaryimage"},"thumbnailUrl":"https:\/\/apuntesdesanluis.com\/wp-content\/uploads\/2024\/10\/aprobacion-del-senado.png","articleSection":["Ciudad\/Provincia"],"inLanguage":"es-AR"},{"@type":"WebPage","@id":"https:\/\/apuntesdesanluis.com\/index.php\/2024\/10\/01\/el-senado-aprobo-el-presupuesto-2025-y-la-adhesion-de-san-luis-al-rigi\/","url":"https:\/\/apuntesdesanluis.com\/index.php\/2024\/10\/01\/el-senado-aprobo-el-presupuesto-2025-y-la-adhesion-de-san-luis-al-rigi\/","name":"EL SENADO APROB\u00d3 EL PRESUPUESTO 2025 Y LA ADHESI\u00d3N DE SAN LUIS AL RIGI - Apuntes de San Luis","isPartOf":{"@id":"https:\/\/apuntesdesanluis.com\/#website"},"primaryImageOfPage":{"@id":"https:\/\/apuntesdesanluis.com\/index.php\/2024\/10\/01\/el-senado-aprobo-el-presupuesto-2025-y-la-adhesion-de-san-luis-al-rigi\/#primaryimage"},"image":{"@id":"https:\/\/apuntesdesanluis.com\/index.php\/2024\/10\/01\/el-senado-aprobo-el-presupuesto-2025-y-la-adhesion-de-san-luis-al-rigi\/#primaryimage"},"thumbnailUrl":"https:\/\/apuntesdesanluis.com\/wp-content\/uploads\/2024\/10\/aprobacion-del-senado.png","datePublished":"2024-10-01T22:48:06+00:00","breadcrumb":{"@id":"https:\/\/apuntesdesanluis.com\/index.php\/2024\/10\/01\/el-senado-aprobo-el-presupuesto-2025-y-la-adhesion-de-san-luis-al-rigi\/#breadcrumb"},"inLanguage":"es-AR","potentialAction":[{"@type":"ReadAction","target":["https:\/\/apuntesdesanluis.com\/index.php\/2024\/10\/01\/el-senado-aprobo-el-presupuesto-2025-y-la-adhesion-de-san-luis-al-rigi\/"]}]},{"@type":"ImageObject","inLanguage":"es-AR","@id":"https:\/\/apuntesdesanluis.com\/index.php\/2024\/10\/01\/el-senado-aprobo-el-presupuesto-2025-y-la-adhesion-de-san-luis-al-rigi\/#primaryimage","url":"https:\/\/apuntesdesanluis.com\/wp-content\/uploads\/2024\/10\/aprobacion-del-senado.png","contentUrl":"https:\/\/apuntesdesanluis.com\/wp-content\/uploads\/2024\/10\/aprobacion-del-senado.png","width":673,"height":387},{"@type":"BreadcrumbList","@id":"https:\/\/apuntesdesanluis.com\/index.php\/2024\/10\/01\/el-senado-aprobo-el-presupuesto-2025-y-la-adhesion-de-san-luis-al-rigi\/#breadcrumb","itemListElement":[{"@type":"ListItem","position":1,"name":"Inicio","item":"https:\/\/apuntesdesanluis.com\/"},{"@type":"ListItem","position":2,"name":"EL SENADO APROB\u00d3 EL PRESUPUESTO 2025 Y LA ADHESI\u00d3N DE SAN LUIS AL RIGI"}]},{"@type":"WebSite","@id":"https:\/\/apuntesdesanluis.com\/#website","url":"https:\/\/apuntesdesanluis.com\/","name":"Apuntes de San Luis","description":"","publisher":{"@id":"https:\/\/apuntesdesanluis.com\/#\/schema\/person\/b55151d52296fcce64d1a72538a70b90"},"potentialAction":[{"@type":"SearchAction","target":{"@type":"EntryPoint","urlTemplate":"https:\/\/apuntesdesanluis.com\/?s={search_term_string}"},"query-input":{"@type":"PropertyValueSpecification","valueRequired":true,"valueName":"search_term_string"}}],"inLanguage":"es-AR"},{"@type":["Person","Organization"],"@id":"https:\/\/apuntesdesanluis.com\/#\/schema\/person\/b55151d52296fcce64d1a72538a70b90","name":"apuntesdesanluis.com","image":{"@type":"ImageObject","inLanguage":"es-AR","@id":"https:\/\/apuntesdesanluis.com\/#\/schema\/person\/image\/","url":"https:\/\/apuntesdesanluis.com\/wp-content\/uploads\/2023\/07\/cropped-apuntesdesanluis.png","contentUrl":"https:\/\/apuntesdesanluis.com\/wp-content\/uploads\/2023\/07\/cropped-apuntesdesanluis.png","width":450,"height":112,"caption":"apuntesdesanluis.com"},"logo":{"@id":"https:\/\/apuntesdesanluis.com\/#\/schema\/person\/image\/"},"sameAs":["https:\/\/apuntesdesanluis.com"],"url":"https:\/\/apuntesdesanluis.com\/index.php\/author\/apuntesdesanluis-com\/"}]}},"featured_image_urls":{"full":["https:\/\/apuntesdesanluis.com\/wp-content\/uploads\/2024\/10\/aprobacion-del-senado.png",673,387,false],"thumbnail":["https:\/\/apuntesdesanluis.com\/wp-content\/uploads\/2024\/10\/aprobacion-del-senado-150x150.png",150,150,true],"medium":["https:\/\/apuntesdesanluis.com\/wp-content\/uploads\/2024\/10\/aprobacion-del-senado-300x173.png",300,173,true],"medium_large":["https:\/\/apuntesdesanluis.com\/wp-content\/uploads\/2024\/10\/aprobacion-del-senado.png",640,368,false],"large":["https:\/\/apuntesdesanluis.com\/wp-content\/uploads\/2024\/10\/aprobacion-del-senado.png",640,368,false],"1536x1536":["https:\/\/apuntesdesanluis.com\/wp-content\/uploads\/2024\/10\/aprobacion-del-senado.png",673,387,false],"2048x2048":["https:\/\/apuntesdesanluis.com\/wp-content\/uploads\/2024\/10\/aprobacion-del-senado.png",673,387,false],"newsever-slider-full":["https:\/\/apuntesdesanluis.com\/wp-content\/uploads\/2024\/10\/aprobacion-del-senado.png",673,387,false],"newsever-featured":["https:\/\/apuntesdesanluis.com\/wp-content\/uploads\/2024\/10\/aprobacion-del-senado.png",673,387,false],"newsever-medium":["https:\/\/apuntesdesanluis.com\/wp-content\/uploads\/2024\/10\/aprobacion-del-senado.png",673,387,false]},"author_info":{"display_name":"apuntesdesanluis.com","author_link":"https:\/\/apuntesdesanluis.com\/index.php\/author\/apuntesdesanluis-com\/"},"category_info":"<a href=\"https:\/\/apuntesdesanluis.com\/index.php\/category\/ciudad-provincia\/\" rel=\"category tag\">Ciudad\/Provincia<\/a>","tag_info":"Ciudad\/Provincia","comment_count":"0","_links":{"self":[{"href":"https:\/\/apuntesdesanluis.com\/index.php\/wp-json\/wp\/v2\/posts\/23204","targetHints":{"allow":["GET"]}}],"collection":[{"href":"https:\/\/apuntesdesanluis.com\/index.php\/wp-json\/wp\/v2\/posts"}],"about":[{"href":"https:\/\/apuntesdesanluis.com\/index.php\/wp-json\/wp\/v2\/types\/post"}],"author":[{"embeddable":true,"href":"https:\/\/apuntesdesanluis.com\/index.php\/wp-json\/wp\/v2\/users\/1"}],"replies":[{"embeddable":true,"href":"https:\/\/apuntesdesanluis.com\/index.php\/wp-json\/wp\/v2\/comments?post=23204"}],"version-history":[{"count":1,"href":"https:\/\/apuntesdesanluis.com\/index.php\/wp-json\/wp\/v2\/posts\/23204\/revisions"}],"predecessor-version":[{"id":23208,"href":"https:\/\/apuntesdesanluis.com\/index.php\/wp-json\/wp\/v2\/posts\/23204\/revisions\/23208"}],"wp:featuredmedia":[{"embeddable":true,"href":"https:\/\/apuntesdesanluis.com\/index.php\/wp-json\/wp\/v2\/media\/23205"}],"wp:attachment":[{"href":"https:\/\/apuntesdesanluis.com\/index.php\/wp-json\/wp\/v2\/media?parent=23204"}],"wp:term":[{"taxonomy":"category","embeddable":true,"href":"https:\/\/apuntesdesanluis.com\/index.php\/wp-json\/wp\/v2\/categories?post=23204"},{"taxonomy":"post_tag","embeddable":true,"href":"https:\/\/apuntesdesanluis.com\/index.php\/wp-json\/wp\/v2\/tags?post=23204"}],"curies":[{"name":"wp","href":"https:\/\/api.w.org\/{rel}","templated":true}]}}