{"id":23218,"date":"2024-10-01T20:11:24","date_gmt":"2024-10-01T23:11:24","guid":{"rendered":"https:\/\/apuntesdesanluis.com\/?p=23218"},"modified":"2024-10-01T20:11:24","modified_gmt":"2024-10-01T23:11:24","slug":"la-aea-llama-a-proteger-la-libertad-de-expresion-tras-el-ataque-de-milei-al-periodismo","status":"publish","type":"post","link":"https:\/\/apuntesdesanluis.com\/index.php\/2024\/10\/01\/la-aea-llama-a-proteger-la-libertad-de-expresion-tras-el-ataque-de-milei-al-periodismo\/","title":{"rendered":"LA AEA LLAMA A PROTEGER LA LIBERTAD DE EXPRESI\u00d3N TRAS EL ATAQUE DE MILEI AL PERIODISMO"},"content":{"rendered":"<h3>La <strong>Asociaci\u00f3n Empresaria Argentina<\/strong> (AEA) reafirm\u00f3 el 1 de octubre de 2024 la importancia de garantizar la plena vigencia de la libertad de prensa en el pa\u00eds, destacando el papel de los medios de comunicaci\u00f3n independientes como un pilar fundamental para el sistema democr\u00e1tico. El comunicado llega en un momento clave, marcado por la tensi\u00f3n entre el gobierno de <strong>Javier Milei<\/strong> y el periodismo.<\/h3>\n<h3>&#8220;Estos constituyen un reaseguro indispensable para garantizar la circulaci\u00f3n de la informaci\u00f3n plural y diversa, y el derecho de los ciudadanos a estar informados&#8221;, subray\u00f3 la AEA, haciendo especial \u00e9nfasis en la trayectoria centenaria del diario La Naci\u00f3n en la defensa de estos valores.<\/h3>\n<h3>Al igual que AEA, diversas empresas, entidades y personalidades pol\u00edticas han reaccionado a los dichos del presidente. De hecho, recientemente, el legislador porte\u00f1o Facundo del Gaiso, miembro de la Coalici\u00f3n C\u00edvica, present\u00f3 una denuncia penal contra el mandatario, acus\u00e1ndolo de \u201cincitar a la violencia\u201d en un discurso pronunciado en el Parque Lezama.<\/h3>\n<h3>En sus declaraciones, Milei atac\u00f3 a periodistas, a quienes calific\u00f3 de &#8220;ensobrados&#8221; y &#8220;corruptos&#8221;, lo que gener\u00f3 fuertes cr\u00edticas desde distintos sectores pol\u00edticos y period\u00edsticos. En la denuncia presentada, Del Gaiso argument\u00f3 que fue &#8220;una afrenta al sistema republicano de gobierno&#8221; al &#8220;atacar la libertad de expresi\u00f3n&#8221; e instar a sus seguidores a descalificar a los periodistas.<\/h3>\n<h3>&#8220;No se puede naturalizar la agresi\u00f3n y la persecuci\u00f3n&#8221;, agreg\u00f3 el legislador, quien tambi\u00e9n se\u00f1al\u00f3 que las conductas de Milei podr\u00edan estar tipificadas en los art\u00edculos 211 y 212 del C\u00f3digo Penal, referidos a la intimidaci\u00f3n p\u00fablica y la incitaci\u00f3n a la violencia. \u201cEstamos a nada de que un \u2018copito libertario\u2019 quiera matar a un periodista\u201d, afirm\u00f3 Del Gaiso, en alusi\u00f3n al atentado fallido contra la vicepresidenta Cristina Fern\u00e1ndez de Kirchner en 2022.<\/h3>\n<h3>Este episodio es solo uno m\u00e1s en una larga lista de confrontaciones entre el presidente y la prensa. Desde su asunci\u00f3n en diciembre de 2023, Milei ha mantenido una postura hostil hacia los medios de comunicaci\u00f3n tradicionales, a los que ha tildado de parte de la &#8220;casta&#8221;, un t\u00e9rmino que utiliza para describir a los sectores que, seg\u00fan \u00e9l, han contribuido a la decadencia de Argentina.<\/h3>\n<h3>Diversas entidades de prensa, como la Asociaci\u00f3n de Entidades Period\u00edsticas Argentinas (Adepa), han expresado su preocupaci\u00f3n por el creciente deterioro de la libertad de expresi\u00f3n en el pa\u00eds. En un informe reciente, Adepa alert\u00f3 sobre la &#8220;propensi\u00f3n del presidente de la Naci\u00f3n al agravio&#8221; contra periodistas, advirtiendo que esta actitud &#8220;perturba el debate democr\u00e1tico&#8221;.<\/h3>\n<h3>Adem\u00e1s, la organizaci\u00f3n contabiliz\u00f3 m\u00e1s de 50 casos de periodistas y medios que han sido objeto de ataques verbales por parte de Milei en los \u00faltimos dos meses.<\/h3>\n<h3>Paula Moreno Rom\u00e1n, presidenta del Foro de Periodismo Argentino (Fopea), tambi\u00e9n se refiri\u00f3 a este escenario, advirtiendo que &#8220;hay un deterioro de la libertad de expresi\u00f3n en Argentina&#8221; debido a los constantes ataques del mandatario contra los periodistas.<\/h3>\n<p>&nbsp;<\/p>\n<p>&nbsp;<\/p>\n<p>&nbsp;<\/p>\n<p>&nbsp;<\/p>\n<p>&nbsp;<\/p>\n<p>&nbsp;<\/p>\n","protected":false},"excerpt":{"rendered":"<p>La Asociaci\u00f3n Empresaria Argentina (AEA) reafirm\u00f3 el 1 de octubre de 2024 la importancia de&#8230;<\/p>\n","protected":false},"author":1,"featured_media":17509,"comment_status":"closed","ping_status":"closed","sticky":false,"template":"","format":"standard","meta":{"footnotes":""},"categories":[5],"tags":[],"class_list":["post-23218","post","type-post","status-publish","format-standard","has-post-thumbnail","hentry","category-nacionales-internacionales"],"yoast_head":"<!-- This site is optimized with the Yoast SEO plugin v26.1.1 - https:\/\/yoast.com\/wordpress\/plugins\/seo\/ -->\n<title>LA AEA LLAMA A PROTEGER LA LIBERTAD DE EXPRESI\u00d3N TRAS EL ATAQUE DE MILEI AL PERIODISMO - Apuntes de San Luis<\/title>\n<meta name=\"robots\" content=\"index, follow, max-snippet:-1, max-image-preview:large, max-video-preview:-1\" \/>\n<link rel=\"canonical\" href=\"https:\/\/apuntesdesanluis.com\/index.php\/2024\/10\/01\/la-aea-llama-a-proteger-la-libertad-de-expresion-tras-el-ataque-de-milei-al-periodismo\/\" \/>\n<meta property=\"og:locale\" content=\"es_ES\" \/>\n<meta property=\"og:type\" content=\"article\" \/>\n<meta property=\"og:title\" content=\"LA AEA LLAMA A PROTEGER LA LIBERTAD DE EXPRESI\u00d3N TRAS EL ATAQUE DE MILEI AL PERIODISMO - Apuntes de San Luis\" \/>\n<meta property=\"og:description\" content=\"La Asociaci\u00f3n Empresaria Argentina (AEA) reafirm\u00f3 el 1 de octubre de 2024 la importancia de...\" \/>\n<meta property=\"og:url\" content=\"https:\/\/apuntesdesanluis.com\/index.php\/2024\/10\/01\/la-aea-llama-a-proteger-la-libertad-de-expresion-tras-el-ataque-de-milei-al-periodismo\/\" \/>\n<meta property=\"og:site_name\" content=\"Apuntes de San Luis\" \/>\n<meta property=\"article:published_time\" content=\"2024-10-01T23:11:24+00:00\" \/>\n<meta property=\"og:image\" content=\"https:\/\/apuntesdesanluis.com\/wp-content\/uploads\/2024\/06\/milei-2.png\" \/>\n\t<meta property=\"og:image:width\" content=\"743\" \/>\n\t<meta property=\"og:image:height\" content=\"478\" \/>\n\t<meta property=\"og:image:type\" content=\"image\/png\" \/>\n<meta name=\"author\" content=\"apuntesdesanluis.com\" \/>\n<meta name=\"twitter:card\" content=\"summary_large_image\" \/>\n<meta name=\"twitter:label1\" content=\"Escrito por\" \/>\n\t<meta name=\"twitter:data1\" content=\"apuntesdesanluis.com\" \/>\n\t<meta name=\"twitter:label2\" content=\"Tiempo de lectura\" \/>\n\t<meta name=\"twitter:data2\" content=\"3 minutos\" \/>\n<script type=\"application\/ld+json\" class=\"yoast-schema-graph\">{\"@context\":\"https:\/\/schema.org\",\"@graph\":[{\"@type\":\"Article\",\"@id\":\"https:\/\/apuntesdesanluis.com\/index.php\/2024\/10\/01\/la-aea-llama-a-proteger-la-libertad-de-expresion-tras-el-ataque-de-milei-al-periodismo\/#article\",\"isPartOf\":{\"@id\":\"https:\/\/apuntesdesanluis.com\/index.php\/2024\/10\/01\/la-aea-llama-a-proteger-la-libertad-de-expresion-tras-el-ataque-de-milei-al-periodismo\/\"},\"author\":{\"name\":\"apuntesdesanluis.com\",\"@id\":\"https:\/\/apuntesdesanluis.com\/#\/schema\/person\/b55151d52296fcce64d1a72538a70b90\"},\"headline\":\"LA AEA LLAMA A PROTEGER LA LIBERTAD DE EXPRESI\u00d3N TRAS EL ATAQUE DE MILEI AL PERIODISMO\",\"datePublished\":\"2024-10-01T23:11:24+00:00\",\"mainEntityOfPage\":{\"@id\":\"https:\/\/apuntesdesanluis.com\/index.php\/2024\/10\/01\/la-aea-llama-a-proteger-la-libertad-de-expresion-tras-el-ataque-de-milei-al-periodismo\/\"},\"wordCount\":540,\"publisher\":{\"@id\":\"https:\/\/apuntesdesanluis.com\/#\/schema\/person\/b55151d52296fcce64d1a72538a70b90\"},\"image\":{\"@id\":\"https:\/\/apuntesdesanluis.com\/index.php\/2024\/10\/01\/la-aea-llama-a-proteger-la-libertad-de-expresion-tras-el-ataque-de-milei-al-periodismo\/#primaryimage\"},\"thumbnailUrl\":\"https:\/\/apuntesdesanluis.com\/wp-content\/uploads\/2024\/06\/milei-2.png\",\"articleSection\":[\"Nacionales\/Internacionales\"],\"inLanguage\":\"es-AR\"},{\"@type\":\"WebPage\",\"@id\":\"https:\/\/apuntesdesanluis.com\/index.php\/2024\/10\/01\/la-aea-llama-a-proteger-la-libertad-de-expresion-tras-el-ataque-de-milei-al-periodismo\/\",\"url\":\"https:\/\/apuntesdesanluis.com\/index.php\/2024\/10\/01\/la-aea-llama-a-proteger-la-libertad-de-expresion-tras-el-ataque-de-milei-al-periodismo\/\",\"name\":\"LA AEA LLAMA A PROTEGER LA LIBERTAD DE EXPRESI\u00d3N TRAS EL ATAQUE DE MILEI AL PERIODISMO - Apuntes de San Luis\",\"isPartOf\":{\"@id\":\"https:\/\/apuntesdesanluis.com\/#website\"},\"primaryImageOfPage\":{\"@id\":\"https:\/\/apuntesdesanluis.com\/index.php\/2024\/10\/01\/la-aea-llama-a-proteger-la-libertad-de-expresion-tras-el-ataque-de-milei-al-periodismo\/#primaryimage\"},\"image\":{\"@id\":\"https:\/\/apuntesdesanluis.com\/index.php\/2024\/10\/01\/la-aea-llama-a-proteger-la-libertad-de-expresion-tras-el-ataque-de-milei-al-periodismo\/#primaryimage\"},\"thumbnailUrl\":\"https:\/\/apuntesdesanluis.com\/wp-content\/uploads\/2024\/06\/milei-2.png\",\"datePublished\":\"2024-10-01T23:11:24+00:00\",\"breadcrumb\":{\"@id\":\"https:\/\/apuntesdesanluis.com\/index.php\/2024\/10\/01\/la-aea-llama-a-proteger-la-libertad-de-expresion-tras-el-ataque-de-milei-al-periodismo\/#breadcrumb\"},\"inLanguage\":\"es-AR\",\"potentialAction\":[{\"@type\":\"ReadAction\",\"target\":[\"https:\/\/apuntesdesanluis.com\/index.php\/2024\/10\/01\/la-aea-llama-a-proteger-la-libertad-de-expresion-tras-el-ataque-de-milei-al-periodismo\/\"]}]},{\"@type\":\"ImageObject\",\"inLanguage\":\"es-AR\",\"@id\":\"https:\/\/apuntesdesanluis.com\/index.php\/2024\/10\/01\/la-aea-llama-a-proteger-la-libertad-de-expresion-tras-el-ataque-de-milei-al-periodismo\/#primaryimage\",\"url\":\"https:\/\/apuntesdesanluis.com\/wp-content\/uploads\/2024\/06\/milei-2.png\",\"contentUrl\":\"https:\/\/apuntesdesanluis.com\/wp-content\/uploads\/2024\/06\/milei-2.png\",\"width\":743,\"height\":478},{\"@type\":\"BreadcrumbList\",\"@id\":\"https:\/\/apuntesdesanluis.com\/index.php\/2024\/10\/01\/la-aea-llama-a-proteger-la-libertad-de-expresion-tras-el-ataque-de-milei-al-periodismo\/#breadcrumb\",\"itemListElement\":[{\"@type\":\"ListItem\",\"position\":1,\"name\":\"Inicio\",\"item\":\"https:\/\/apuntesdesanluis.com\/\"},{\"@type\":\"ListItem\",\"position\":2,\"name\":\"LA AEA LLAMA A PROTEGER LA LIBERTAD DE EXPRESI\u00d3N TRAS EL ATAQUE DE MILEI AL PERIODISMO\"}]},{\"@type\":\"WebSite\",\"@id\":\"https:\/\/apuntesdesanluis.com\/#website\",\"url\":\"https:\/\/apuntesdesanluis.com\/\",\"name\":\"Apuntes de San Luis\",\"description\":\"\",\"publisher\":{\"@id\":\"https:\/\/apuntesdesanluis.com\/#\/schema\/person\/b55151d52296fcce64d1a72538a70b90\"},\"potentialAction\":[{\"@type\":\"SearchAction\",\"target\":{\"@type\":\"EntryPoint\",\"urlTemplate\":\"https:\/\/apuntesdesanluis.com\/?s={search_term_string}\"},\"query-input\":{\"@type\":\"PropertyValueSpecification\",\"valueRequired\":true,\"valueName\":\"search_term_string\"}}],\"inLanguage\":\"es-AR\"},{\"@type\":[\"Person\",\"Organization\"],\"@id\":\"https:\/\/apuntesdesanluis.com\/#\/schema\/person\/b55151d52296fcce64d1a72538a70b90\",\"name\":\"apuntesdesanluis.com\",\"image\":{\"@type\":\"ImageObject\",\"inLanguage\":\"es-AR\",\"@id\":\"https:\/\/apuntesdesanluis.com\/#\/schema\/person\/image\/\",\"url\":\"https:\/\/apuntesdesanluis.com\/wp-content\/uploads\/2023\/07\/cropped-apuntesdesanluis.png\",\"contentUrl\":\"https:\/\/apuntesdesanluis.com\/wp-content\/uploads\/2023\/07\/cropped-apuntesdesanluis.png\",\"width\":450,\"height\":112,\"caption\":\"apuntesdesanluis.com\"},\"logo\":{\"@id\":\"https:\/\/apuntesdesanluis.com\/#\/schema\/person\/image\/\"},\"sameAs\":[\"https:\/\/apuntesdesanluis.com\"],\"url\":\"https:\/\/apuntesdesanluis.com\/index.php\/author\/apuntesdesanluis-com\/\"}]}<\/script>\n<!-- \/ Yoast SEO plugin. -->","yoast_head_json":{"title":"LA AEA LLAMA A PROTEGER LA LIBERTAD DE EXPRESI\u00d3N TRAS EL ATAQUE DE MILEI AL PERIODISMO - Apuntes de San Luis","robots":{"index":"index","follow":"follow","max-snippet":"max-snippet:-1","max-image-preview":"max-image-preview:large","max-video-preview":"max-video-preview:-1"},"canonical":"https:\/\/apuntesdesanluis.com\/index.php\/2024\/10\/01\/la-aea-llama-a-proteger-la-libertad-de-expresion-tras-el-ataque-de-milei-al-periodismo\/","og_locale":"es_ES","og_type":"article","og_title":"LA AEA LLAMA A PROTEGER LA LIBERTAD DE EXPRESI\u00d3N TRAS EL ATAQUE DE MILEI AL PERIODISMO - Apuntes de San Luis","og_description":"La Asociaci\u00f3n Empresaria Argentina (AEA) reafirm\u00f3 el 1 de octubre de 2024 la importancia de...","og_url":"https:\/\/apuntesdesanluis.com\/index.php\/2024\/10\/01\/la-aea-llama-a-proteger-la-libertad-de-expresion-tras-el-ataque-de-milei-al-periodismo\/","og_site_name":"Apuntes de San Luis","article_published_time":"2024-10-01T23:11:24+00:00","og_image":[{"width":743,"height":478,"url":"https:\/\/apuntesdesanluis.com\/wp-content\/uploads\/2024\/06\/milei-2.png","type":"image\/png"}],"author":"apuntesdesanluis.com","twitter_card":"summary_large_image","twitter_misc":{"Escrito por":"apuntesdesanluis.com","Tiempo de lectura":"3 minutos"},"schema":{"@context":"https:\/\/schema.org","@graph":[{"@type":"Article","@id":"https:\/\/apuntesdesanluis.com\/index.php\/2024\/10\/01\/la-aea-llama-a-proteger-la-libertad-de-expresion-tras-el-ataque-de-milei-al-periodismo\/#article","isPartOf":{"@id":"https:\/\/apuntesdesanluis.com\/index.php\/2024\/10\/01\/la-aea-llama-a-proteger-la-libertad-de-expresion-tras-el-ataque-de-milei-al-periodismo\/"},"author":{"name":"apuntesdesanluis.com","@id":"https:\/\/apuntesdesanluis.com\/#\/schema\/person\/b55151d52296fcce64d1a72538a70b90"},"headline":"LA AEA LLAMA A PROTEGER LA LIBERTAD DE EXPRESI\u00d3N TRAS EL ATAQUE DE MILEI AL PERIODISMO","datePublished":"2024-10-01T23:11:24+00:00","mainEntityOfPage":{"@id":"https:\/\/apuntesdesanluis.com\/index.php\/2024\/10\/01\/la-aea-llama-a-proteger-la-libertad-de-expresion-tras-el-ataque-de-milei-al-periodismo\/"},"wordCount":540,"publisher":{"@id":"https:\/\/apuntesdesanluis.com\/#\/schema\/person\/b55151d52296fcce64d1a72538a70b90"},"image":{"@id":"https:\/\/apuntesdesanluis.com\/index.php\/2024\/10\/01\/la-aea-llama-a-proteger-la-libertad-de-expresion-tras-el-ataque-de-milei-al-periodismo\/#primaryimage"},"thumbnailUrl":"https:\/\/apuntesdesanluis.com\/wp-content\/uploads\/2024\/06\/milei-2.png","articleSection":["Nacionales\/Internacionales"],"inLanguage":"es-AR"},{"@type":"WebPage","@id":"https:\/\/apuntesdesanluis.com\/index.php\/2024\/10\/01\/la-aea-llama-a-proteger-la-libertad-de-expresion-tras-el-ataque-de-milei-al-periodismo\/","url":"https:\/\/apuntesdesanluis.com\/index.php\/2024\/10\/01\/la-aea-llama-a-proteger-la-libertad-de-expresion-tras-el-ataque-de-milei-al-periodismo\/","name":"LA AEA LLAMA A PROTEGER LA LIBERTAD DE EXPRESI\u00d3N TRAS EL ATAQUE DE MILEI AL PERIODISMO - Apuntes de San Luis","isPartOf":{"@id":"https:\/\/apuntesdesanluis.com\/#website"},"primaryImageOfPage":{"@id":"https:\/\/apuntesdesanluis.com\/index.php\/2024\/10\/01\/la-aea-llama-a-proteger-la-libertad-de-expresion-tras-el-ataque-de-milei-al-periodismo\/#primaryimage"},"image":{"@id":"https:\/\/apuntesdesanluis.com\/index.php\/2024\/10\/01\/la-aea-llama-a-proteger-la-libertad-de-expresion-tras-el-ataque-de-milei-al-periodismo\/#primaryimage"},"thumbnailUrl":"https:\/\/apuntesdesanluis.com\/wp-content\/uploads\/2024\/06\/milei-2.png","datePublished":"2024-10-01T23:11:24+00:00","breadcrumb":{"@id":"https:\/\/apuntesdesanluis.com\/index.php\/2024\/10\/01\/la-aea-llama-a-proteger-la-libertad-de-expresion-tras-el-ataque-de-milei-al-periodismo\/#breadcrumb"},"inLanguage":"es-AR","potentialAction":[{"@type":"ReadAction","target":["https:\/\/apuntesdesanluis.com\/index.php\/2024\/10\/01\/la-aea-llama-a-proteger-la-libertad-de-expresion-tras-el-ataque-de-milei-al-periodismo\/"]}]},{"@type":"ImageObject","inLanguage":"es-AR","@id":"https:\/\/apuntesdesanluis.com\/index.php\/2024\/10\/01\/la-aea-llama-a-proteger-la-libertad-de-expresion-tras-el-ataque-de-milei-al-periodismo\/#primaryimage","url":"https:\/\/apuntesdesanluis.com\/wp-content\/uploads\/2024\/06\/milei-2.png","contentUrl":"https:\/\/apuntesdesanluis.com\/wp-content\/uploads\/2024\/06\/milei-2.png","width":743,"height":478},{"@type":"BreadcrumbList","@id":"https:\/\/apuntesdesanluis.com\/index.php\/2024\/10\/01\/la-aea-llama-a-proteger-la-libertad-de-expresion-tras-el-ataque-de-milei-al-periodismo\/#breadcrumb","itemListElement":[{"@type":"ListItem","position":1,"name":"Inicio","item":"https:\/\/apuntesdesanluis.com\/"},{"@type":"ListItem","position":2,"name":"LA AEA LLAMA A PROTEGER LA LIBERTAD DE EXPRESI\u00d3N TRAS EL ATAQUE DE MILEI AL PERIODISMO"}]},{"@type":"WebSite","@id":"https:\/\/apuntesdesanluis.com\/#website","url":"https:\/\/apuntesdesanluis.com\/","name":"Apuntes de San Luis","description":"","publisher":{"@id":"https:\/\/apuntesdesanluis.com\/#\/schema\/person\/b55151d52296fcce64d1a72538a70b90"},"potentialAction":[{"@type":"SearchAction","target":{"@type":"EntryPoint","urlTemplate":"https:\/\/apuntesdesanluis.com\/?s={search_term_string}"},"query-input":{"@type":"PropertyValueSpecification","valueRequired":true,"valueName":"search_term_string"}}],"inLanguage":"es-AR"},{"@type":["Person","Organization"],"@id":"https:\/\/apuntesdesanluis.com\/#\/schema\/person\/b55151d52296fcce64d1a72538a70b90","name":"apuntesdesanluis.com","image":{"@type":"ImageObject","inLanguage":"es-AR","@id":"https:\/\/apuntesdesanluis.com\/#\/schema\/person\/image\/","url":"https:\/\/apuntesdesanluis.com\/wp-content\/uploads\/2023\/07\/cropped-apuntesdesanluis.png","contentUrl":"https:\/\/apuntesdesanluis.com\/wp-content\/uploads\/2023\/07\/cropped-apuntesdesanluis.png","width":450,"height":112,"caption":"apuntesdesanluis.com"},"logo":{"@id":"https:\/\/apuntesdesanluis.com\/#\/schema\/person\/image\/"},"sameAs":["https:\/\/apuntesdesanluis.com"],"url":"https:\/\/apuntesdesanluis.com\/index.php\/author\/apuntesdesanluis-com\/"}]}},"featured_image_urls":{"full":["https:\/\/apuntesdesanluis.com\/wp-content\/uploads\/2024\/06\/milei-2.png",743,478,false],"thumbnail":["https:\/\/apuntesdesanluis.com\/wp-content\/uploads\/2024\/06\/milei-2-150x150.png",150,150,true],"medium":["https:\/\/apuntesdesanluis.com\/wp-content\/uploads\/2024\/06\/milei-2-300x193.png",300,193,true],"medium_large":["https:\/\/apuntesdesanluis.com\/wp-content\/uploads\/2024\/06\/milei-2.png",640,412,false],"large":["https:\/\/apuntesdesanluis.com\/wp-content\/uploads\/2024\/06\/milei-2.png",640,412,false],"1536x1536":["https:\/\/apuntesdesanluis.com\/wp-content\/uploads\/2024\/06\/milei-2.png",743,478,false],"2048x2048":["https:\/\/apuntesdesanluis.com\/wp-content\/uploads\/2024\/06\/milei-2.png",743,478,false],"newsever-slider-full":["https:\/\/apuntesdesanluis.com\/wp-content\/uploads\/2024\/06\/milei-2.png",743,478,false],"newsever-featured":["https:\/\/apuntesdesanluis.com\/wp-content\/uploads\/2024\/06\/milei-2.png",743,478,false],"newsever-medium":["https:\/\/apuntesdesanluis.com\/wp-content\/uploads\/2024\/06\/milei-2-720x475.png",720,475,true]},"author_info":{"display_name":"apuntesdesanluis.com","author_link":"https:\/\/apuntesdesanluis.com\/index.php\/author\/apuntesdesanluis-com\/"},"category_info":"<a href=\"https:\/\/apuntesdesanluis.com\/index.php\/category\/nacionales-internacionales\/\" rel=\"category tag\">Nacionales\/Internacionales<\/a>","tag_info":"Nacionales\/Internacionales","comment_count":"0","_links":{"self":[{"href":"https:\/\/apuntesdesanluis.com\/index.php\/wp-json\/wp\/v2\/posts\/23218","targetHints":{"allow":["GET"]}}],"collection":[{"href":"https:\/\/apuntesdesanluis.com\/index.php\/wp-json\/wp\/v2\/posts"}],"about":[{"href":"https:\/\/apuntesdesanluis.com\/index.php\/wp-json\/wp\/v2\/types\/post"}],"author":[{"embeddable":true,"href":"https:\/\/apuntesdesanluis.com\/index.php\/wp-json\/wp\/v2\/users\/1"}],"replies":[{"embeddable":true,"href":"https:\/\/apuntesdesanluis.com\/index.php\/wp-json\/wp\/v2\/comments?post=23218"}],"version-history":[{"count":1,"href":"https:\/\/apuntesdesanluis.com\/index.php\/wp-json\/wp\/v2\/posts\/23218\/revisions"}],"predecessor-version":[{"id":23219,"href":"https:\/\/apuntesdesanluis.com\/index.php\/wp-json\/wp\/v2\/posts\/23218\/revisions\/23219"}],"wp:featuredmedia":[{"embeddable":true,"href":"https:\/\/apuntesdesanluis.com\/index.php\/wp-json\/wp\/v2\/media\/17509"}],"wp:attachment":[{"href":"https:\/\/apuntesdesanluis.com\/index.php\/wp-json\/wp\/v2\/media?parent=23218"}],"wp:term":[{"taxonomy":"category","embeddable":true,"href":"https:\/\/apuntesdesanluis.com\/index.php\/wp-json\/wp\/v2\/categories?post=23218"},{"taxonomy":"post_tag","embeddable":true,"href":"https:\/\/apuntesdesanluis.com\/index.php\/wp-json\/wp\/v2\/tags?post=23218"}],"curies":[{"name":"wp","href":"https:\/\/api.w.org\/{rel}","templated":true}]}}