{"id":23226,"date":"2024-10-01T20:25:35","date_gmt":"2024-10-01T23:25:35","guid":{"rendered":"https:\/\/apuntesdesanluis.com\/?p=23226"},"modified":"2024-10-01T20:27:19","modified_gmt":"2024-10-01T23:27:19","slug":"universidades-el-mapa-politico-del-cin-el-ultimo-bastion-del-bipartidismo-que-sobrevive-a-javier-milei","status":"publish","type":"post","link":"https:\/\/apuntesdesanluis.com\/index.php\/2024\/10\/01\/universidades-el-mapa-politico-del-cin-el-ultimo-bastion-del-bipartidismo-que-sobrevive-a-javier-milei\/","title":{"rendered":"UNIVERSIDADES: EL MAPA POL\u00cdTICO DEL CIN, EL \u00daLTIMO BASTI\u00d3N DEL BIPARTIDISMO QUE SOBREVIVE A JAVIER MILEI"},"content":{"rendered":"<h3>Peronistas y radicales conviven en el \u00f3rgano que agrupa a las autoridades universitarias de todo el pa\u00eds. Alternancia y acuerdos, ejes para conducir el sistema.<\/h3>\n<h3>Por<strong> Emilia Racciatti *<\/strong><\/h3>\n<h3><img fetchpriority=\"high\" decoding=\"async\" class=\"wp-image-23228 aligncenter\" src=\"https:\/\/apuntesdesanluis.com\/wp-content\/uploads\/2024\/10\/emilia-raciatti-300x188.png\" alt=\"\" width=\"616\" height=\"386\" srcset=\"https:\/\/apuntesdesanluis.com\/wp-content\/uploads\/2024\/10\/emilia-raciatti-300x188.png 300w, https:\/\/apuntesdesanluis.com\/wp-content\/uploads\/2024\/10\/emilia-raciatti.png 530w\" sizes=\"(max-width: 616px) 100vw, 616px\" \/><\/h3>\n<h3>El bipartidismo goza de buena salud en el Consejo Interuniversitario Nacional (CIN), un \u00f3rgano integrado por las autoridades de 70 universidades de todo el pa\u00eds que se mueve en equilibrio entre dos bloques, uno peronista y otro radical o reformista. Este mi\u00e9rcoles volver\u00e1 a las calles para reclamar contra el gobierno de Javier Milei, el outsider que pate\u00f3 el tablero pol\u00edtico y ahond\u00f3 la crisis de los dos hist\u00f3ricos partidos.<\/h3>\n<h3>En 2024, el CIN tiene como presidente al radical V\u00edctor Mori\u00f1igo(Universidad Nacional de San Luis) y como vicepresidente al peronista Oscar Alpa (Universidad Nacional de La Pampa), una dupla que viene enfrentando las pol\u00edticas de ajuste sobre un sector que articul\u00f3 una de las movilizaciones m\u00e1s masivas contra la gesti\u00f3n de La Libertad Avanza (LLA). Fue el 23 de abril y reuni\u00f3 a miles de personas en defensa de la universidad p\u00fablica. En el sector afirman que fueron m\u00e1s de un mill\u00f3n en todo el pa\u00eds.<\/h3>\n<h3>Este mi\u00e9rcoles las universidades volver\u00e1n a manifestarse. Esta vez no ser\u00e1 a la Plaza de Mayo sino al Congreso, junto a todos los sindicatos de docentes y no docentes y la comunidad estudiantil, para reclamar por la ley de financiamiento universitario, que Milei anunci\u00f3 que vetar\u00e1, y por una recomposici\u00f3n salarial que, a diferencia de las partidas para gastos de funcionamiento aumentadas tras la marcha de abril, nunca fue acordada en las paritarias en la medida que reclaman los gremios.<\/h3>\n<h3><strong>EL BIPARTIDISMO EN LAS UNIVERSIDADES<\/strong><\/h3>\n<h3>Organizado en dos bloques, el CIN hace prevalecer acuerdos y mantiene la alternancia a la hora de conducir. Los mandatos en la presidencia y la vicepresidencia duran un a\u00f1o, al igual que en el comit\u00e9 ejecutivo, el grupo de 12 autoridades que acompa\u00f1an la gesti\u00f3n cotidiana.<\/h3>\n<h3>La f\u00f3rmula del bipartidismo en el CIN es simple. Un a\u00f1o, preside una autoridad reformista y al siguiente, una peronista. Siempre, secundada por alguien del otro bloque. Lo mismo sucede en el comit\u00e9 ejecutivo, donde se reparten seis sillas para el peronismo y otras para el radicalismo. Esa mesa gestiona el d\u00eda a d\u00eda del \u00f3rgano que influye, por ejemplo, en la decisi\u00f3n del presupuesto universitario. Todos los a\u00f1os, en el mes de septiembre, el CIN presenta un presupuesto ante el \u00e1rea de Pol\u00edticas Universitarias -reducida a subsecretar\u00eda en la gesti\u00f3n libertaria- sugiriendo los montos para el sistema en el per\u00edodo siguiente.<\/h3>\n<h3>Este a\u00f1o, los asientos del comit\u00e9 ejecutivo asignados al peronismo est\u00e1n ocupados por Flavia Terigi (Universidad Nacional de General Sarmiento), Dar\u00edo Kusinsky (Jos\u00e9 C. Paz), Alicia Bohren (Misiones), Anselmo Torres (R\u00edo Negro), Rub\u00e9n Soro (Universidad Tecnol\u00f3gica Nacional) y Andr\u00e9s Sabella (Entre R\u00edos).<\/h3>\n<h3>Por el bloque radical se sientan Mart\u00edn L\u00f3pez Armengol (Universidad Nacional de La Plata), Marisa Rovera (R\u00edo Cuarto), Pablo Domenichini (Universidad Nacional Guillermo Brown), Alfredo Lazzeretti (Mar del Plata), Esther S\u00e1nchez (Cuyo) y Omar Larrosa (Universidad Nacional del Nordeste).<\/h3>\n<h3><strong>NOMBRES CON ECO POL\u00cdTICO<\/strong><\/h3>\n<h3>Entre las autoridades de las universidades nacionales que conviven en el CIN hay dirigentes con aspiraciones pol\u00edticas y tambi\u00e9n figuras con pasado en el funcionariado nacional. En la rosca de la educaci\u00f3n superior, no ocultan sus identidades, pero saben combinarlas con el ejercicio de conducci\u00f3n de un sistema p\u00fablico diverso y amplio por el que pasan m\u00e1s de dos millones de estudiantes.<\/h3>\n<h3>La conducci\u00f3n del bloque radical recae sobe Mori\u00f1igo, quien en la universidad de San Luis tambi\u00e9n teji\u00f3 una alianza y tiene como vice a un peronista, H\u00e9ctor Flores, y ya va por su segundo mandato. De buen v\u00ednculo con Emiliano Yacobitti, vicerrector y armador de la Universidad de Buenos Aires (UBA), el puntano es uno de los que tom\u00f3 la voz p\u00fablica para polemizar con el secretario de Educaci\u00f3n, Carlos Torrendell, y el subsecretario de Pol\u00edticas Universitarias, Alejandro \u00c1lvarez.<\/h3>\n<h3>Por el cargo que ocupa \u00c1lvarez pasaron varios integrantes del CIN, entre ellos Domenichini y Alpa. El primero, con ambiciones de ser intendente de Esteban Echeverr\u00eda, fue secretario de Pol\u00edticas Universitarias durante el \u00faltimo tramo del gobierno de Cambiemos. Alpa ocup\u00f3 ese rol en la gesti\u00f3n del Frente de Todos cuando Jaime Perczyk (rector de la Universidad Nacional de Hurlingham) dej\u00f3 el sill\u00f3n para convertirse en ministro de Educaci\u00f3n.<\/h3>\n<p><img decoding=\"async\" class=\"wp-image-23231 aligncenter\" src=\"https:\/\/apuntesdesanluis.com\/wp-content\/uploads\/2024\/10\/oscar-alpa-300x207.png\" alt=\"\" width=\"757\" height=\"522\" srcset=\"https:\/\/apuntesdesanluis.com\/wp-content\/uploads\/2024\/10\/oscar-alpa-300x207.png 300w, https:\/\/apuntesdesanluis.com\/wp-content\/uploads\/2024\/10\/oscar-alpa-768x531.png 768w\" sizes=\"(max-width: 757px) 100vw, 757px\" \/><\/p>\n<h4 style=\"text-align: center;\"><em>Oscar Alpa, Rector de la Universidad Nacional de La Pampa.<\/em><\/h4>\n<h3><strong>EL ESPEJO DE LA UBA<\/strong><\/h3>\n<h3>La UBA no participa activamente del CIN, pero Yacobitti suele asistir a algunos plenarios de autoridades. En representaci\u00f3n de la UBA, participa asiduamente Catalina Nosiglia. Con apellido ilustre para la rosca pol\u00edtica, la hermana del Coti es secretaria Acad\u00e9mica de la instituci\u00f3n bicentenaria hace m\u00e1s de una d\u00e9cada y forma parte del equipo del l\u00edder de Evoluci\u00f3n UCR.<\/h3>\n<h3>El juego libre de la UBA respecto del CIN quedo evidenciado tras la marcha del 23 de abril, cuando el Gobierno le otorg\u00f3 un aumento presupuestario, producto de la negociaci\u00f3n entre Yacobitti y Santiago Caputo, que el resto del sector debi\u00f3 esperar unas semanas. Sin embargo, la UBA comparte con el CIN el modelo bipartidista a la hora de conducir. Aunque el rector, Ricardo Gelpi, es radical como el exdiputado y vicerrector, el acuerdo de gobernabilidad de la UBA se apoya en la alianza con el referente de Medicina y titular de la Asociaci\u00f3n de M\u00e9dicos Municipales, Carlos Rojo, que integra el Partido Justicialista porte\u00f1o.<\/h3>\n<h3>Esa transversalidad en las diferencias que reina en la UBA y en el CIN es la que anima a algunos sectores a pensar que el modelo bipartidista universitario puede ser el germen de un proyecto electoral y, a futuro, en la base de sustentaci\u00f3n de un frente anti-Milei.<\/h3>\n<ul>\n<li>\n<h4><span style=\"color: #3366ff;\"><strong>Periodista. (Publicada en Letra P)<\/strong><\/span><\/h4>\n<\/li>\n<\/ul>\n<p>&nbsp;<\/p>\n<p>&nbsp;<\/p>\n","protected":false},"excerpt":{"rendered":"<p>Peronistas y radicales conviven en el \u00f3rgano que agrupa a las autoridades universitarias de todo&#8230;<\/p>\n","protected":false},"author":1,"featured_media":23227,"comment_status":"closed","ping_status":"closed","sticky":false,"template":"","format":"standard","meta":{"footnotes":""},"categories":[9],"tags":[],"class_list":["post-23226","post","type-post","status-publish","format-standard","has-post-thumbnail","hentry","category-opinion"],"yoast_head":"<!-- This site is optimized with the Yoast SEO plugin v26.1.1 - https:\/\/yoast.com\/wordpress\/plugins\/seo\/ -->\n<title>UNIVERSIDADES: EL MAPA POL\u00cdTICO DEL CIN, EL \u00daLTIMO BASTI\u00d3N DEL BIPARTIDISMO QUE SOBREVIVE A JAVIER MILEI - Apuntes de San Luis<\/title>\n<meta name=\"robots\" content=\"index, follow, max-snippet:-1, max-image-preview:large, max-video-preview:-1\" \/>\n<link rel=\"canonical\" href=\"https:\/\/apuntesdesanluis.com\/index.php\/2024\/10\/01\/universidades-el-mapa-politico-del-cin-el-ultimo-bastion-del-bipartidismo-que-sobrevive-a-javier-milei\/\" \/>\n<meta property=\"og:locale\" content=\"es_ES\" \/>\n<meta property=\"og:type\" content=\"article\" \/>\n<meta property=\"og:title\" content=\"UNIVERSIDADES: EL MAPA POL\u00cdTICO DEL CIN, EL \u00daLTIMO BASTI\u00d3N DEL BIPARTIDISMO QUE SOBREVIVE A JAVIER MILEI - Apuntes de San Luis\" \/>\n<meta property=\"og:description\" content=\"Peronistas y radicales conviven en el \u00f3rgano que agrupa a las autoridades universitarias de todo...\" \/>\n<meta property=\"og:url\" content=\"https:\/\/apuntesdesanluis.com\/index.php\/2024\/10\/01\/universidades-el-mapa-politico-del-cin-el-ultimo-bastion-del-bipartidismo-que-sobrevive-a-javier-milei\/\" \/>\n<meta property=\"og:site_name\" content=\"Apuntes de San Luis\" \/>\n<meta property=\"article:published_time\" content=\"2024-10-01T23:25:35+00:00\" \/>\n<meta property=\"article:modified_time\" content=\"2024-10-01T23:27:19+00:00\" \/>\n<meta property=\"og:image\" content=\"https:\/\/apuntesdesanluis.com\/wp-content\/uploads\/2024\/10\/cin.png\" \/>\n\t<meta property=\"og:image:width\" content=\"1099\" \/>\n\t<meta property=\"og:image:height\" content=\"731\" \/>\n\t<meta property=\"og:image:type\" content=\"image\/png\" \/>\n<meta name=\"author\" content=\"apuntesdesanluis.com\" \/>\n<meta name=\"twitter:card\" content=\"summary_large_image\" \/>\n<meta name=\"twitter:label1\" content=\"Escrito por\" \/>\n\t<meta name=\"twitter:data1\" content=\"apuntesdesanluis.com\" \/>\n\t<meta name=\"twitter:label2\" content=\"Tiempo de lectura\" \/>\n\t<meta name=\"twitter:data2\" content=\"5 minutos\" \/>\n<script type=\"application\/ld+json\" class=\"yoast-schema-graph\">{\"@context\":\"https:\/\/schema.org\",\"@graph\":[{\"@type\":\"Article\",\"@id\":\"https:\/\/apuntesdesanluis.com\/index.php\/2024\/10\/01\/universidades-el-mapa-politico-del-cin-el-ultimo-bastion-del-bipartidismo-que-sobrevive-a-javier-milei\/#article\",\"isPartOf\":{\"@id\":\"https:\/\/apuntesdesanluis.com\/index.php\/2024\/10\/01\/universidades-el-mapa-politico-del-cin-el-ultimo-bastion-del-bipartidismo-que-sobrevive-a-javier-milei\/\"},\"author\":{\"name\":\"apuntesdesanluis.com\",\"@id\":\"https:\/\/apuntesdesanluis.com\/#\/schema\/person\/b55151d52296fcce64d1a72538a70b90\"},\"headline\":\"UNIVERSIDADES: EL MAPA POL\u00cdTICO DEL CIN, EL \u00daLTIMO BASTI\u00d3N DEL BIPARTIDISMO QUE SOBREVIVE A JAVIER MILEI\",\"datePublished\":\"2024-10-01T23:25:35+00:00\",\"dateModified\":\"2024-10-01T23:27:19+00:00\",\"mainEntityOfPage\":{\"@id\":\"https:\/\/apuntesdesanluis.com\/index.php\/2024\/10\/01\/universidades-el-mapa-politico-del-cin-el-ultimo-bastion-del-bipartidismo-que-sobrevive-a-javier-milei\/\"},\"wordCount\":1034,\"publisher\":{\"@id\":\"https:\/\/apuntesdesanluis.com\/#\/schema\/person\/b55151d52296fcce64d1a72538a70b90\"},\"image\":{\"@id\":\"https:\/\/apuntesdesanluis.com\/index.php\/2024\/10\/01\/universidades-el-mapa-politico-del-cin-el-ultimo-bastion-del-bipartidismo-que-sobrevive-a-javier-milei\/#primaryimage\"},\"thumbnailUrl\":\"https:\/\/apuntesdesanluis.com\/wp-content\/uploads\/2024\/10\/cin.png\",\"articleSection\":[\"Opini\u00f3n\"],\"inLanguage\":\"es-AR\"},{\"@type\":\"WebPage\",\"@id\":\"https:\/\/apuntesdesanluis.com\/index.php\/2024\/10\/01\/universidades-el-mapa-politico-del-cin-el-ultimo-bastion-del-bipartidismo-que-sobrevive-a-javier-milei\/\",\"url\":\"https:\/\/apuntesdesanluis.com\/index.php\/2024\/10\/01\/universidades-el-mapa-politico-del-cin-el-ultimo-bastion-del-bipartidismo-que-sobrevive-a-javier-milei\/\",\"name\":\"UNIVERSIDADES: EL MAPA POL\u00cdTICO DEL CIN, EL \u00daLTIMO BASTI\u00d3N DEL BIPARTIDISMO QUE SOBREVIVE A JAVIER MILEI - Apuntes de San Luis\",\"isPartOf\":{\"@id\":\"https:\/\/apuntesdesanluis.com\/#website\"},\"primaryImageOfPage\":{\"@id\":\"https:\/\/apuntesdesanluis.com\/index.php\/2024\/10\/01\/universidades-el-mapa-politico-del-cin-el-ultimo-bastion-del-bipartidismo-que-sobrevive-a-javier-milei\/#primaryimage\"},\"image\":{\"@id\":\"https:\/\/apuntesdesanluis.com\/index.php\/2024\/10\/01\/universidades-el-mapa-politico-del-cin-el-ultimo-bastion-del-bipartidismo-que-sobrevive-a-javier-milei\/#primaryimage\"},\"thumbnailUrl\":\"https:\/\/apuntesdesanluis.com\/wp-content\/uploads\/2024\/10\/cin.png\",\"datePublished\":\"2024-10-01T23:25:35+00:00\",\"dateModified\":\"2024-10-01T23:27:19+00:00\",\"breadcrumb\":{\"@id\":\"https:\/\/apuntesdesanluis.com\/index.php\/2024\/10\/01\/universidades-el-mapa-politico-del-cin-el-ultimo-bastion-del-bipartidismo-que-sobrevive-a-javier-milei\/#breadcrumb\"},\"inLanguage\":\"es-AR\",\"potentialAction\":[{\"@type\":\"ReadAction\",\"target\":[\"https:\/\/apuntesdesanluis.com\/index.php\/2024\/10\/01\/universidades-el-mapa-politico-del-cin-el-ultimo-bastion-del-bipartidismo-que-sobrevive-a-javier-milei\/\"]}]},{\"@type\":\"ImageObject\",\"inLanguage\":\"es-AR\",\"@id\":\"https:\/\/apuntesdesanluis.com\/index.php\/2024\/10\/01\/universidades-el-mapa-politico-del-cin-el-ultimo-bastion-del-bipartidismo-que-sobrevive-a-javier-milei\/#primaryimage\",\"url\":\"https:\/\/apuntesdesanluis.com\/wp-content\/uploads\/2024\/10\/cin.png\",\"contentUrl\":\"https:\/\/apuntesdesanluis.com\/wp-content\/uploads\/2024\/10\/cin.png\",\"width\":1099,\"height\":731},{\"@type\":\"BreadcrumbList\",\"@id\":\"https:\/\/apuntesdesanluis.com\/index.php\/2024\/10\/01\/universidades-el-mapa-politico-del-cin-el-ultimo-bastion-del-bipartidismo-que-sobrevive-a-javier-milei\/#breadcrumb\",\"itemListElement\":[{\"@type\":\"ListItem\",\"position\":1,\"name\":\"Inicio\",\"item\":\"https:\/\/apuntesdesanluis.com\/\"},{\"@type\":\"ListItem\",\"position\":2,\"name\":\"UNIVERSIDADES: EL MAPA POL\u00cdTICO DEL CIN, EL \u00daLTIMO BASTI\u00d3N DEL BIPARTIDISMO QUE SOBREVIVE A JAVIER MILEI\"}]},{\"@type\":\"WebSite\",\"@id\":\"https:\/\/apuntesdesanluis.com\/#website\",\"url\":\"https:\/\/apuntesdesanluis.com\/\",\"name\":\"Apuntes de San Luis\",\"description\":\"\",\"publisher\":{\"@id\":\"https:\/\/apuntesdesanluis.com\/#\/schema\/person\/b55151d52296fcce64d1a72538a70b90\"},\"potentialAction\":[{\"@type\":\"SearchAction\",\"target\":{\"@type\":\"EntryPoint\",\"urlTemplate\":\"https:\/\/apuntesdesanluis.com\/?s={search_term_string}\"},\"query-input\":{\"@type\":\"PropertyValueSpecification\",\"valueRequired\":true,\"valueName\":\"search_term_string\"}}],\"inLanguage\":\"es-AR\"},{\"@type\":[\"Person\",\"Organization\"],\"@id\":\"https:\/\/apuntesdesanluis.com\/#\/schema\/person\/b55151d52296fcce64d1a72538a70b90\",\"name\":\"apuntesdesanluis.com\",\"image\":{\"@type\":\"ImageObject\",\"inLanguage\":\"es-AR\",\"@id\":\"https:\/\/apuntesdesanluis.com\/#\/schema\/person\/image\/\",\"url\":\"https:\/\/apuntesdesanluis.com\/wp-content\/uploads\/2023\/07\/cropped-apuntesdesanluis.png\",\"contentUrl\":\"https:\/\/apuntesdesanluis.com\/wp-content\/uploads\/2023\/07\/cropped-apuntesdesanluis.png\",\"width\":450,\"height\":112,\"caption\":\"apuntesdesanluis.com\"},\"logo\":{\"@id\":\"https:\/\/apuntesdesanluis.com\/#\/schema\/person\/image\/\"},\"sameAs\":[\"https:\/\/apuntesdesanluis.com\"],\"url\":\"https:\/\/apuntesdesanluis.com\/index.php\/author\/apuntesdesanluis-com\/\"}]}<\/script>\n<!-- \/ Yoast SEO plugin. -->","yoast_head_json":{"title":"UNIVERSIDADES: EL MAPA POL\u00cdTICO DEL CIN, EL \u00daLTIMO BASTI\u00d3N DEL BIPARTIDISMO QUE SOBREVIVE A JAVIER MILEI - Apuntes de San Luis","robots":{"index":"index","follow":"follow","max-snippet":"max-snippet:-1","max-image-preview":"max-image-preview:large","max-video-preview":"max-video-preview:-1"},"canonical":"https:\/\/apuntesdesanluis.com\/index.php\/2024\/10\/01\/universidades-el-mapa-politico-del-cin-el-ultimo-bastion-del-bipartidismo-que-sobrevive-a-javier-milei\/","og_locale":"es_ES","og_type":"article","og_title":"UNIVERSIDADES: EL MAPA POL\u00cdTICO DEL CIN, EL \u00daLTIMO BASTI\u00d3N DEL BIPARTIDISMO QUE SOBREVIVE A JAVIER MILEI - Apuntes de San Luis","og_description":"Peronistas y radicales conviven en el \u00f3rgano que agrupa a las autoridades universitarias de todo...","og_url":"https:\/\/apuntesdesanluis.com\/index.php\/2024\/10\/01\/universidades-el-mapa-politico-del-cin-el-ultimo-bastion-del-bipartidismo-que-sobrevive-a-javier-milei\/","og_site_name":"Apuntes de San Luis","article_published_time":"2024-10-01T23:25:35+00:00","article_modified_time":"2024-10-01T23:27:19+00:00","og_image":[{"width":1099,"height":731,"url":"https:\/\/apuntesdesanluis.com\/wp-content\/uploads\/2024\/10\/cin.png","type":"image\/png"}],"author":"apuntesdesanluis.com","twitter_card":"summary_large_image","twitter_misc":{"Escrito por":"apuntesdesanluis.com","Tiempo de lectura":"5 minutos"},"schema":{"@context":"https:\/\/schema.org","@graph":[{"@type":"Article","@id":"https:\/\/apuntesdesanluis.com\/index.php\/2024\/10\/01\/universidades-el-mapa-politico-del-cin-el-ultimo-bastion-del-bipartidismo-que-sobrevive-a-javier-milei\/#article","isPartOf":{"@id":"https:\/\/apuntesdesanluis.com\/index.php\/2024\/10\/01\/universidades-el-mapa-politico-del-cin-el-ultimo-bastion-del-bipartidismo-que-sobrevive-a-javier-milei\/"},"author":{"name":"apuntesdesanluis.com","@id":"https:\/\/apuntesdesanluis.com\/#\/schema\/person\/b55151d52296fcce64d1a72538a70b90"},"headline":"UNIVERSIDADES: EL MAPA POL\u00cdTICO DEL CIN, EL \u00daLTIMO BASTI\u00d3N DEL BIPARTIDISMO QUE SOBREVIVE A JAVIER MILEI","datePublished":"2024-10-01T23:25:35+00:00","dateModified":"2024-10-01T23:27:19+00:00","mainEntityOfPage":{"@id":"https:\/\/apuntesdesanluis.com\/index.php\/2024\/10\/01\/universidades-el-mapa-politico-del-cin-el-ultimo-bastion-del-bipartidismo-que-sobrevive-a-javier-milei\/"},"wordCount":1034,"publisher":{"@id":"https:\/\/apuntesdesanluis.com\/#\/schema\/person\/b55151d52296fcce64d1a72538a70b90"},"image":{"@id":"https:\/\/apuntesdesanluis.com\/index.php\/2024\/10\/01\/universidades-el-mapa-politico-del-cin-el-ultimo-bastion-del-bipartidismo-que-sobrevive-a-javier-milei\/#primaryimage"},"thumbnailUrl":"https:\/\/apuntesdesanluis.com\/wp-content\/uploads\/2024\/10\/cin.png","articleSection":["Opini\u00f3n"],"inLanguage":"es-AR"},{"@type":"WebPage","@id":"https:\/\/apuntesdesanluis.com\/index.php\/2024\/10\/01\/universidades-el-mapa-politico-del-cin-el-ultimo-bastion-del-bipartidismo-que-sobrevive-a-javier-milei\/","url":"https:\/\/apuntesdesanluis.com\/index.php\/2024\/10\/01\/universidades-el-mapa-politico-del-cin-el-ultimo-bastion-del-bipartidismo-que-sobrevive-a-javier-milei\/","name":"UNIVERSIDADES: EL MAPA POL\u00cdTICO DEL CIN, EL \u00daLTIMO BASTI\u00d3N DEL BIPARTIDISMO QUE SOBREVIVE A JAVIER MILEI - Apuntes de San Luis","isPartOf":{"@id":"https:\/\/apuntesdesanluis.com\/#website"},"primaryImageOfPage":{"@id":"https:\/\/apuntesdesanluis.com\/index.php\/2024\/10\/01\/universidades-el-mapa-politico-del-cin-el-ultimo-bastion-del-bipartidismo-que-sobrevive-a-javier-milei\/#primaryimage"},"image":{"@id":"https:\/\/apuntesdesanluis.com\/index.php\/2024\/10\/01\/universidades-el-mapa-politico-del-cin-el-ultimo-bastion-del-bipartidismo-que-sobrevive-a-javier-milei\/#primaryimage"},"thumbnailUrl":"https:\/\/apuntesdesanluis.com\/wp-content\/uploads\/2024\/10\/cin.png","datePublished":"2024-10-01T23:25:35+00:00","dateModified":"2024-10-01T23:27:19+00:00","breadcrumb":{"@id":"https:\/\/apuntesdesanluis.com\/index.php\/2024\/10\/01\/universidades-el-mapa-politico-del-cin-el-ultimo-bastion-del-bipartidismo-que-sobrevive-a-javier-milei\/#breadcrumb"},"inLanguage":"es-AR","potentialAction":[{"@type":"ReadAction","target":["https:\/\/apuntesdesanluis.com\/index.php\/2024\/10\/01\/universidades-el-mapa-politico-del-cin-el-ultimo-bastion-del-bipartidismo-que-sobrevive-a-javier-milei\/"]}]},{"@type":"ImageObject","inLanguage":"es-AR","@id":"https:\/\/apuntesdesanluis.com\/index.php\/2024\/10\/01\/universidades-el-mapa-politico-del-cin-el-ultimo-bastion-del-bipartidismo-que-sobrevive-a-javier-milei\/#primaryimage","url":"https:\/\/apuntesdesanluis.com\/wp-content\/uploads\/2024\/10\/cin.png","contentUrl":"https:\/\/apuntesdesanluis.com\/wp-content\/uploads\/2024\/10\/cin.png","width":1099,"height":731},{"@type":"BreadcrumbList","@id":"https:\/\/apuntesdesanluis.com\/index.php\/2024\/10\/01\/universidades-el-mapa-politico-del-cin-el-ultimo-bastion-del-bipartidismo-que-sobrevive-a-javier-milei\/#breadcrumb","itemListElement":[{"@type":"ListItem","position":1,"name":"Inicio","item":"https:\/\/apuntesdesanluis.com\/"},{"@type":"ListItem","position":2,"name":"UNIVERSIDADES: EL MAPA POL\u00cdTICO DEL CIN, EL \u00daLTIMO BASTI\u00d3N DEL BIPARTIDISMO QUE SOBREVIVE A JAVIER MILEI"}]},{"@type":"WebSite","@id":"https:\/\/apuntesdesanluis.com\/#website","url":"https:\/\/apuntesdesanluis.com\/","name":"Apuntes de San Luis","description":"","publisher":{"@id":"https:\/\/apuntesdesanluis.com\/#\/schema\/person\/b55151d52296fcce64d1a72538a70b90"},"potentialAction":[{"@type":"SearchAction","target":{"@type":"EntryPoint","urlTemplate":"https:\/\/apuntesdesanluis.com\/?s={search_term_string}"},"query-input":{"@type":"PropertyValueSpecification","valueRequired":true,"valueName":"search_term_string"}}],"inLanguage":"es-AR"},{"@type":["Person","Organization"],"@id":"https:\/\/apuntesdesanluis.com\/#\/schema\/person\/b55151d52296fcce64d1a72538a70b90","name":"apuntesdesanluis.com","image":{"@type":"ImageObject","inLanguage":"es-AR","@id":"https:\/\/apuntesdesanluis.com\/#\/schema\/person\/image\/","url":"https:\/\/apuntesdesanluis.com\/wp-content\/uploads\/2023\/07\/cropped-apuntesdesanluis.png","contentUrl":"https:\/\/apuntesdesanluis.com\/wp-content\/uploads\/2023\/07\/cropped-apuntesdesanluis.png","width":450,"height":112,"caption":"apuntesdesanluis.com"},"logo":{"@id":"https:\/\/apuntesdesanluis.com\/#\/schema\/person\/image\/"},"sameAs":["https:\/\/apuntesdesanluis.com"],"url":"https:\/\/apuntesdesanluis.com\/index.php\/author\/apuntesdesanluis-com\/"}]}},"featured_image_urls":{"full":["https:\/\/apuntesdesanluis.com\/wp-content\/uploads\/2024\/10\/cin.png",1099,731,false],"thumbnail":["https:\/\/apuntesdesanluis.com\/wp-content\/uploads\/2024\/10\/cin-150x150.png",150,150,true],"medium":["https:\/\/apuntesdesanluis.com\/wp-content\/uploads\/2024\/10\/cin-300x200.png",300,200,true],"medium_large":["https:\/\/apuntesdesanluis.com\/wp-content\/uploads\/2024\/10\/cin-768x511.png",640,426,true],"large":["https:\/\/apuntesdesanluis.com\/wp-content\/uploads\/2024\/10\/cin-1024x681.png",640,426,true],"1536x1536":["https:\/\/apuntesdesanluis.com\/wp-content\/uploads\/2024\/10\/cin.png",1099,731,false],"2048x2048":["https:\/\/apuntesdesanluis.com\/wp-content\/uploads\/2024\/10\/cin.png",1099,731,false],"newsever-slider-full":["https:\/\/apuntesdesanluis.com\/wp-content\/uploads\/2024\/10\/cin.png",1099,731,false],"newsever-featured":["https:\/\/apuntesdesanluis.com\/wp-content\/uploads\/2024\/10\/cin-1024x681.png",1024,681,true],"newsever-medium":["https:\/\/apuntesdesanluis.com\/wp-content\/uploads\/2024\/10\/cin-720x475.png",720,475,true]},"author_info":{"display_name":"apuntesdesanluis.com","author_link":"https:\/\/apuntesdesanluis.com\/index.php\/author\/apuntesdesanluis-com\/"},"category_info":"<a href=\"https:\/\/apuntesdesanluis.com\/index.php\/category\/opinion\/\" rel=\"category tag\">Opini\u00f3n<\/a>","tag_info":"Opini\u00f3n","comment_count":"0","_links":{"self":[{"href":"https:\/\/apuntesdesanluis.com\/index.php\/wp-json\/wp\/v2\/posts\/23226","targetHints":{"allow":["GET"]}}],"collection":[{"href":"https:\/\/apuntesdesanluis.com\/index.php\/wp-json\/wp\/v2\/posts"}],"about":[{"href":"https:\/\/apuntesdesanluis.com\/index.php\/wp-json\/wp\/v2\/types\/post"}],"author":[{"embeddable":true,"href":"https:\/\/apuntesdesanluis.com\/index.php\/wp-json\/wp\/v2\/users\/1"}],"replies":[{"embeddable":true,"href":"https:\/\/apuntesdesanluis.com\/index.php\/wp-json\/wp\/v2\/comments?post=23226"}],"version-history":[{"count":3,"href":"https:\/\/apuntesdesanluis.com\/index.php\/wp-json\/wp\/v2\/posts\/23226\/revisions"}],"predecessor-version":[{"id":23232,"href":"https:\/\/apuntesdesanluis.com\/index.php\/wp-json\/wp\/v2\/posts\/23226\/revisions\/23232"}],"wp:featuredmedia":[{"embeddable":true,"href":"https:\/\/apuntesdesanluis.com\/index.php\/wp-json\/wp\/v2\/media\/23227"}],"wp:attachment":[{"href":"https:\/\/apuntesdesanluis.com\/index.php\/wp-json\/wp\/v2\/media?parent=23226"}],"wp:term":[{"taxonomy":"category","embeddable":true,"href":"https:\/\/apuntesdesanluis.com\/index.php\/wp-json\/wp\/v2\/categories?post=23226"},{"taxonomy":"post_tag","embeddable":true,"href":"https:\/\/apuntesdesanluis.com\/index.php\/wp-json\/wp\/v2\/tags?post=23226"}],"curies":[{"name":"wp","href":"https:\/\/api.w.org\/{rel}","templated":true}]}}