{"id":2323,"date":"2023-08-29T20:13:43","date_gmt":"2023-08-29T23:13:43","guid":{"rendered":"https:\/\/apuntesdesanluis.com\/?p=2323"},"modified":"2023-08-29T20:32:02","modified_gmt":"2023-08-29T23:32:02","slug":"paso-2023-la-ribera-el-barrio-que-mas-voto-a-milei-en-villa-mercedes","status":"publish","type":"post","link":"https:\/\/apuntesdesanluis.com\/index.php\/2023\/08\/29\/paso-2023-la-ribera-el-barrio-que-mas-voto-a-milei-en-villa-mercedes\/","title":{"rendered":"PASO 2023: LA RIBERA, EL BARRIO QUE M\u00c1S VOT\u00d3 A MILEI EN VILLA MERCEDES"},"content":{"rendered":"<h3>Por <strong><em>Marcelo Garc\u00eda *<\/em><\/strong><\/h3>\n<p><img fetchpriority=\"high\" decoding=\"async\" class=\"wp-image-2324 aligncenter\" src=\"https:\/\/apuntesdesanluis.com\/wp-content\/uploads\/2023\/08\/garcia-300x248.png\" alt=\"\" width=\"498\" height=\"411\" srcset=\"https:\/\/apuntesdesanluis.com\/wp-content\/uploads\/2023\/08\/garcia-300x248.png 300w, https:\/\/apuntesdesanluis.com\/wp-content\/uploads\/2023\/08\/garcia.png 484w\" sizes=\"(max-width: 498px) 100vw, 498px\" \/><\/p>\n<h3>La coloraci\u00f3n del\u00a0 gr\u00e1fico es inobjetable en cuanto al resultado: La Libertad Avanza se impuso en diecinueve circuitos electorales, Juntos por el Cambio gan\u00f3 solo tres (los del microcentro) y Uni\u00f3n por la Patria perdi\u00f3 en todos.<\/h3>\n<h3>En Villa Mercedes el sector de Javier Milei obtuvo 36.987 sufragios, lo que representa el 51,88 del total. Este n\u00famero es a\u00fan superior al porcentaje provincial: 49,7%. En tanto, Juntos por el cambio cosech\u00f3 19.977 votos ( 25,25%) y Uni\u00f3n por la Patria 10.997 ( 15,42%).<\/h3>\n<h3>El circuito en el que m\u00e1s adhesi\u00f3n alcanz\u00f3 La Libertad Avanza fue en el 3001 B, con el 60,77% de los votos. B\u00e1sicamente, el complejo Habitacional La Ribera es el n\u00facleo habitacional dominante. Sector de la ciudad que supo ser basti\u00f3n peronista en elecciones anteriores. En este populoso circuito, Juntos por el cambio consigui\u00f3 el 19,11% y en tercer lugar\u00a0 result\u00f3 Uni\u00f3n por la Patria, con el 13,20 %.<\/h3>\n<h3>La performance m\u00e1s floja de La Libertad Avanza se registr\u00f3 el 3012 (Zona Centro), con el 38,81% del total.<\/h3>\n<h3>Juntos por el Cambio triunf\u00f3 en los circuitos 3010, 3011 y 3012 y obtuvo el segundo lugar en casi todos los dem\u00e1s circuitos. Llama la atenci\u00f3n la merma de votos, si tenemos en cuenta que el pasado 11 de Junio la misma fuerza pol\u00edtica venci\u00f3 cosechando 166.665 votos en toda la provincia y este domingo apenas obtuvo 67.880.<\/h3>\n<p><img decoding=\"async\" class=\"wp-image-2325 aligncenter\" src=\"https:\/\/apuntesdesanluis.com\/wp-content\/uploads\/2023\/08\/circuitos-275x300.png\" alt=\"\" width=\"552\" height=\"602\" srcset=\"https:\/\/apuntesdesanluis.com\/wp-content\/uploads\/2023\/08\/circuitos-275x300.png 275w, https:\/\/apuntesdesanluis.com\/wp-content\/uploads\/2023\/08\/circuitos.png 640w\" sizes=\"(max-width: 552px) 100vw, 552px\" \/><\/p>\n<h3>La elecci\u00f3n de Uni\u00f3n por la Patria fue la peor performance electoral de su historia. Este sector mayoritariamente peronista viene de perder el ejecutivo provincial en las \u00faltimas elecciones del 11 de Junio. El 24,28 % obtenido en el circuito 3019, detr\u00e1s de La Libertad Avanza (55,79%), es el mejor resultado que la fuerza obtuvo en Villa Mercedes.<\/h3>\n<p>&nbsp;<\/p>\n<h4><em><strong>* Diplomado en Gesti\u00f3n P\u00fablica. (Publicado en: <span style=\"color: #3366ff;\"><a style=\"color: #3366ff;\" href=\"https:\/\/calleangosta.com.ar\/component\/k2\/item\/3500-paso-2023-villa-mercedes.html\">calleangosta.com.ar<\/a><\/span>)<\/strong><\/em><\/h4>\n<p>&nbsp;<\/p>\n<p>&nbsp;<\/p>\n","protected":false},"excerpt":{"rendered":"<p>Por Marcelo Garc\u00eda * La coloraci\u00f3n del\u00a0 gr\u00e1fico es inobjetable en cuanto al resultado: La&#8230;<\/p>\n","protected":false},"author":1,"featured_media":2326,"comment_status":"closed","ping_status":"closed","sticky":false,"template":"","format":"standard","meta":{"footnotes":""},"categories":[9],"tags":[],"class_list":["post-2323","post","type-post","status-publish","format-standard","has-post-thumbnail","hentry","category-opinion"],"yoast_head":"<!-- This site is optimized with the Yoast SEO plugin v26.1.1 - https:\/\/yoast.com\/wordpress\/plugins\/seo\/ -->\n<title>PASO 2023: LA RIBERA, EL BARRIO QUE M\u00c1S VOT\u00d3 A MILEI EN VILLA MERCEDES - Apuntes de San Luis<\/title>\n<meta name=\"robots\" content=\"index, follow, max-snippet:-1, max-image-preview:large, max-video-preview:-1\" \/>\n<link rel=\"canonical\" href=\"https:\/\/apuntesdesanluis.com\/index.php\/2023\/08\/29\/paso-2023-la-ribera-el-barrio-que-mas-voto-a-milei-en-villa-mercedes\/\" \/>\n<meta property=\"og:locale\" content=\"es_ES\" \/>\n<meta property=\"og:type\" content=\"article\" \/>\n<meta property=\"og:title\" content=\"PASO 2023: LA RIBERA, EL BARRIO QUE M\u00c1S VOT\u00d3 A MILEI EN VILLA MERCEDES - Apuntes de San Luis\" \/>\n<meta property=\"og:description\" content=\"Por Marcelo Garc\u00eda * La coloraci\u00f3n del\u00a0 gr\u00e1fico es inobjetable en cuanto al resultado: La...\" \/>\n<meta property=\"og:url\" content=\"https:\/\/apuntesdesanluis.com\/index.php\/2023\/08\/29\/paso-2023-la-ribera-el-barrio-que-mas-voto-a-milei-en-villa-mercedes\/\" \/>\n<meta property=\"og:site_name\" content=\"Apuntes de San Luis\" \/>\n<meta property=\"article:published_time\" content=\"2023-08-29T23:13:43+00:00\" \/>\n<meta property=\"article:modified_time\" content=\"2023-08-29T23:32:02+00:00\" \/>\n<meta property=\"og:image\" content=\"https:\/\/apuntesdesanluis.com\/wp-content\/uploads\/2023\/08\/barrio-la-ribera.png\" \/>\n\t<meta property=\"og:image:width\" content=\"700\" \/>\n\t<meta property=\"og:image:height\" content=\"397\" \/>\n\t<meta property=\"og:image:type\" content=\"image\/png\" \/>\n<meta name=\"author\" content=\"apuntesdesanluis.com\" \/>\n<meta name=\"twitter:card\" content=\"summary_large_image\" \/>\n<meta name=\"twitter:label1\" content=\"Escrito por\" \/>\n\t<meta name=\"twitter:data1\" content=\"apuntesdesanluis.com\" \/>\n\t<meta name=\"twitter:label2\" content=\"Tiempo de lectura\" \/>\n\t<meta name=\"twitter:data2\" content=\"2 minutos\" \/>\n<script type=\"application\/ld+json\" class=\"yoast-schema-graph\">{\"@context\":\"https:\/\/schema.org\",\"@graph\":[{\"@type\":\"Article\",\"@id\":\"https:\/\/apuntesdesanluis.com\/index.php\/2023\/08\/29\/paso-2023-la-ribera-el-barrio-que-mas-voto-a-milei-en-villa-mercedes\/#article\",\"isPartOf\":{\"@id\":\"https:\/\/apuntesdesanluis.com\/index.php\/2023\/08\/29\/paso-2023-la-ribera-el-barrio-que-mas-voto-a-milei-en-villa-mercedes\/\"},\"author\":{\"name\":\"apuntesdesanluis.com\",\"@id\":\"https:\/\/apuntesdesanluis.com\/#\/schema\/person\/b55151d52296fcce64d1a72538a70b90\"},\"headline\":\"PASO 2023: LA RIBERA, EL BARRIO QUE M\u00c1S VOT\u00d3 A MILEI EN VILLA MERCEDES\",\"datePublished\":\"2023-08-29T23:13:43+00:00\",\"dateModified\":\"2023-08-29T23:32:02+00:00\",\"mainEntityOfPage\":{\"@id\":\"https:\/\/apuntesdesanluis.com\/index.php\/2023\/08\/29\/paso-2023-la-ribera-el-barrio-que-mas-voto-a-milei-en-villa-mercedes\/\"},\"wordCount\":311,\"publisher\":{\"@id\":\"https:\/\/apuntesdesanluis.com\/#\/schema\/person\/b55151d52296fcce64d1a72538a70b90\"},\"image\":{\"@id\":\"https:\/\/apuntesdesanluis.com\/index.php\/2023\/08\/29\/paso-2023-la-ribera-el-barrio-que-mas-voto-a-milei-en-villa-mercedes\/#primaryimage\"},\"thumbnailUrl\":\"https:\/\/apuntesdesanluis.com\/wp-content\/uploads\/2023\/08\/barrio-la-ribera.png\",\"articleSection\":[\"Opini\u00f3n\"],\"inLanguage\":\"es-AR\"},{\"@type\":\"WebPage\",\"@id\":\"https:\/\/apuntesdesanluis.com\/index.php\/2023\/08\/29\/paso-2023-la-ribera-el-barrio-que-mas-voto-a-milei-en-villa-mercedes\/\",\"url\":\"https:\/\/apuntesdesanluis.com\/index.php\/2023\/08\/29\/paso-2023-la-ribera-el-barrio-que-mas-voto-a-milei-en-villa-mercedes\/\",\"name\":\"PASO 2023: LA RIBERA, EL BARRIO QUE M\u00c1S VOT\u00d3 A MILEI EN VILLA MERCEDES - Apuntes de San Luis\",\"isPartOf\":{\"@id\":\"https:\/\/apuntesdesanluis.com\/#website\"},\"primaryImageOfPage\":{\"@id\":\"https:\/\/apuntesdesanluis.com\/index.php\/2023\/08\/29\/paso-2023-la-ribera-el-barrio-que-mas-voto-a-milei-en-villa-mercedes\/#primaryimage\"},\"image\":{\"@id\":\"https:\/\/apuntesdesanluis.com\/index.php\/2023\/08\/29\/paso-2023-la-ribera-el-barrio-que-mas-voto-a-milei-en-villa-mercedes\/#primaryimage\"},\"thumbnailUrl\":\"https:\/\/apuntesdesanluis.com\/wp-content\/uploads\/2023\/08\/barrio-la-ribera.png\",\"datePublished\":\"2023-08-29T23:13:43+00:00\",\"dateModified\":\"2023-08-29T23:32:02+00:00\",\"breadcrumb\":{\"@id\":\"https:\/\/apuntesdesanluis.com\/index.php\/2023\/08\/29\/paso-2023-la-ribera-el-barrio-que-mas-voto-a-milei-en-villa-mercedes\/#breadcrumb\"},\"inLanguage\":\"es-AR\",\"potentialAction\":[{\"@type\":\"ReadAction\",\"target\":[\"https:\/\/apuntesdesanluis.com\/index.php\/2023\/08\/29\/paso-2023-la-ribera-el-barrio-que-mas-voto-a-milei-en-villa-mercedes\/\"]}]},{\"@type\":\"ImageObject\",\"inLanguage\":\"es-AR\",\"@id\":\"https:\/\/apuntesdesanluis.com\/index.php\/2023\/08\/29\/paso-2023-la-ribera-el-barrio-que-mas-voto-a-milei-en-villa-mercedes\/#primaryimage\",\"url\":\"https:\/\/apuntesdesanluis.com\/wp-content\/uploads\/2023\/08\/barrio-la-ribera.png\",\"contentUrl\":\"https:\/\/apuntesdesanluis.com\/wp-content\/uploads\/2023\/08\/barrio-la-ribera.png\",\"width\":700,\"height\":397},{\"@type\":\"BreadcrumbList\",\"@id\":\"https:\/\/apuntesdesanluis.com\/index.php\/2023\/08\/29\/paso-2023-la-ribera-el-barrio-que-mas-voto-a-milei-en-villa-mercedes\/#breadcrumb\",\"itemListElement\":[{\"@type\":\"ListItem\",\"position\":1,\"name\":\"Inicio\",\"item\":\"https:\/\/apuntesdesanluis.com\/\"},{\"@type\":\"ListItem\",\"position\":2,\"name\":\"PASO 2023: LA RIBERA, EL BARRIO QUE M\u00c1S VOT\u00d3 A MILEI EN VILLA MERCEDES\"}]},{\"@type\":\"WebSite\",\"@id\":\"https:\/\/apuntesdesanluis.com\/#website\",\"url\":\"https:\/\/apuntesdesanluis.com\/\",\"name\":\"Apuntes de San Luis\",\"description\":\"\",\"publisher\":{\"@id\":\"https:\/\/apuntesdesanluis.com\/#\/schema\/person\/b55151d52296fcce64d1a72538a70b90\"},\"potentialAction\":[{\"@type\":\"SearchAction\",\"target\":{\"@type\":\"EntryPoint\",\"urlTemplate\":\"https:\/\/apuntesdesanluis.com\/?s={search_term_string}\"},\"query-input\":{\"@type\":\"PropertyValueSpecification\",\"valueRequired\":true,\"valueName\":\"search_term_string\"}}],\"inLanguage\":\"es-AR\"},{\"@type\":[\"Person\",\"Organization\"],\"@id\":\"https:\/\/apuntesdesanluis.com\/#\/schema\/person\/b55151d52296fcce64d1a72538a70b90\",\"name\":\"apuntesdesanluis.com\",\"image\":{\"@type\":\"ImageObject\",\"inLanguage\":\"es-AR\",\"@id\":\"https:\/\/apuntesdesanluis.com\/#\/schema\/person\/image\/\",\"url\":\"https:\/\/apuntesdesanluis.com\/wp-content\/uploads\/2023\/07\/cropped-apuntesdesanluis.png\",\"contentUrl\":\"https:\/\/apuntesdesanluis.com\/wp-content\/uploads\/2023\/07\/cropped-apuntesdesanluis.png\",\"width\":450,\"height\":112,\"caption\":\"apuntesdesanluis.com\"},\"logo\":{\"@id\":\"https:\/\/apuntesdesanluis.com\/#\/schema\/person\/image\/\"},\"sameAs\":[\"https:\/\/apuntesdesanluis.com\"],\"url\":\"https:\/\/apuntesdesanluis.com\/index.php\/author\/apuntesdesanluis-com\/\"}]}<\/script>\n<!-- \/ Yoast SEO plugin. -->","yoast_head_json":{"title":"PASO 2023: LA RIBERA, EL BARRIO QUE M\u00c1S VOT\u00d3 A MILEI EN VILLA MERCEDES - Apuntes de San Luis","robots":{"index":"index","follow":"follow","max-snippet":"max-snippet:-1","max-image-preview":"max-image-preview:large","max-video-preview":"max-video-preview:-1"},"canonical":"https:\/\/apuntesdesanluis.com\/index.php\/2023\/08\/29\/paso-2023-la-ribera-el-barrio-que-mas-voto-a-milei-en-villa-mercedes\/","og_locale":"es_ES","og_type":"article","og_title":"PASO 2023: LA RIBERA, EL BARRIO QUE M\u00c1S VOT\u00d3 A MILEI EN VILLA MERCEDES - Apuntes de San Luis","og_description":"Por Marcelo Garc\u00eda * La coloraci\u00f3n del\u00a0 gr\u00e1fico es inobjetable en cuanto al resultado: La...","og_url":"https:\/\/apuntesdesanluis.com\/index.php\/2023\/08\/29\/paso-2023-la-ribera-el-barrio-que-mas-voto-a-milei-en-villa-mercedes\/","og_site_name":"Apuntes de San Luis","article_published_time":"2023-08-29T23:13:43+00:00","article_modified_time":"2023-08-29T23:32:02+00:00","og_image":[{"width":700,"height":397,"url":"https:\/\/apuntesdesanluis.com\/wp-content\/uploads\/2023\/08\/barrio-la-ribera.png","type":"image\/png"}],"author":"apuntesdesanluis.com","twitter_card":"summary_large_image","twitter_misc":{"Escrito por":"apuntesdesanluis.com","Tiempo de lectura":"2 minutos"},"schema":{"@context":"https:\/\/schema.org","@graph":[{"@type":"Article","@id":"https:\/\/apuntesdesanluis.com\/index.php\/2023\/08\/29\/paso-2023-la-ribera-el-barrio-que-mas-voto-a-milei-en-villa-mercedes\/#article","isPartOf":{"@id":"https:\/\/apuntesdesanluis.com\/index.php\/2023\/08\/29\/paso-2023-la-ribera-el-barrio-que-mas-voto-a-milei-en-villa-mercedes\/"},"author":{"name":"apuntesdesanluis.com","@id":"https:\/\/apuntesdesanluis.com\/#\/schema\/person\/b55151d52296fcce64d1a72538a70b90"},"headline":"PASO 2023: LA RIBERA, EL BARRIO QUE M\u00c1S VOT\u00d3 A MILEI EN VILLA MERCEDES","datePublished":"2023-08-29T23:13:43+00:00","dateModified":"2023-08-29T23:32:02+00:00","mainEntityOfPage":{"@id":"https:\/\/apuntesdesanluis.com\/index.php\/2023\/08\/29\/paso-2023-la-ribera-el-barrio-que-mas-voto-a-milei-en-villa-mercedes\/"},"wordCount":311,"publisher":{"@id":"https:\/\/apuntesdesanluis.com\/#\/schema\/person\/b55151d52296fcce64d1a72538a70b90"},"image":{"@id":"https:\/\/apuntesdesanluis.com\/index.php\/2023\/08\/29\/paso-2023-la-ribera-el-barrio-que-mas-voto-a-milei-en-villa-mercedes\/#primaryimage"},"thumbnailUrl":"https:\/\/apuntesdesanluis.com\/wp-content\/uploads\/2023\/08\/barrio-la-ribera.png","articleSection":["Opini\u00f3n"],"inLanguage":"es-AR"},{"@type":"WebPage","@id":"https:\/\/apuntesdesanluis.com\/index.php\/2023\/08\/29\/paso-2023-la-ribera-el-barrio-que-mas-voto-a-milei-en-villa-mercedes\/","url":"https:\/\/apuntesdesanluis.com\/index.php\/2023\/08\/29\/paso-2023-la-ribera-el-barrio-que-mas-voto-a-milei-en-villa-mercedes\/","name":"PASO 2023: LA RIBERA, EL BARRIO QUE M\u00c1S VOT\u00d3 A MILEI EN VILLA MERCEDES - Apuntes de San Luis","isPartOf":{"@id":"https:\/\/apuntesdesanluis.com\/#website"},"primaryImageOfPage":{"@id":"https:\/\/apuntesdesanluis.com\/index.php\/2023\/08\/29\/paso-2023-la-ribera-el-barrio-que-mas-voto-a-milei-en-villa-mercedes\/#primaryimage"},"image":{"@id":"https:\/\/apuntesdesanluis.com\/index.php\/2023\/08\/29\/paso-2023-la-ribera-el-barrio-que-mas-voto-a-milei-en-villa-mercedes\/#primaryimage"},"thumbnailUrl":"https:\/\/apuntesdesanluis.com\/wp-content\/uploads\/2023\/08\/barrio-la-ribera.png","datePublished":"2023-08-29T23:13:43+00:00","dateModified":"2023-08-29T23:32:02+00:00","breadcrumb":{"@id":"https:\/\/apuntesdesanluis.com\/index.php\/2023\/08\/29\/paso-2023-la-ribera-el-barrio-que-mas-voto-a-milei-en-villa-mercedes\/#breadcrumb"},"inLanguage":"es-AR","potentialAction":[{"@type":"ReadAction","target":["https:\/\/apuntesdesanluis.com\/index.php\/2023\/08\/29\/paso-2023-la-ribera-el-barrio-que-mas-voto-a-milei-en-villa-mercedes\/"]}]},{"@type":"ImageObject","inLanguage":"es-AR","@id":"https:\/\/apuntesdesanluis.com\/index.php\/2023\/08\/29\/paso-2023-la-ribera-el-barrio-que-mas-voto-a-milei-en-villa-mercedes\/#primaryimage","url":"https:\/\/apuntesdesanluis.com\/wp-content\/uploads\/2023\/08\/barrio-la-ribera.png","contentUrl":"https:\/\/apuntesdesanluis.com\/wp-content\/uploads\/2023\/08\/barrio-la-ribera.png","width":700,"height":397},{"@type":"BreadcrumbList","@id":"https:\/\/apuntesdesanluis.com\/index.php\/2023\/08\/29\/paso-2023-la-ribera-el-barrio-que-mas-voto-a-milei-en-villa-mercedes\/#breadcrumb","itemListElement":[{"@type":"ListItem","position":1,"name":"Inicio","item":"https:\/\/apuntesdesanluis.com\/"},{"@type":"ListItem","position":2,"name":"PASO 2023: LA RIBERA, EL BARRIO QUE M\u00c1S VOT\u00d3 A MILEI EN VILLA MERCEDES"}]},{"@type":"WebSite","@id":"https:\/\/apuntesdesanluis.com\/#website","url":"https:\/\/apuntesdesanluis.com\/","name":"Apuntes de San Luis","description":"","publisher":{"@id":"https:\/\/apuntesdesanluis.com\/#\/schema\/person\/b55151d52296fcce64d1a72538a70b90"},"potentialAction":[{"@type":"SearchAction","target":{"@type":"EntryPoint","urlTemplate":"https:\/\/apuntesdesanluis.com\/?s={search_term_string}"},"query-input":{"@type":"PropertyValueSpecification","valueRequired":true,"valueName":"search_term_string"}}],"inLanguage":"es-AR"},{"@type":["Person","Organization"],"@id":"https:\/\/apuntesdesanluis.com\/#\/schema\/person\/b55151d52296fcce64d1a72538a70b90","name":"apuntesdesanluis.com","image":{"@type":"ImageObject","inLanguage":"es-AR","@id":"https:\/\/apuntesdesanluis.com\/#\/schema\/person\/image\/","url":"https:\/\/apuntesdesanluis.com\/wp-content\/uploads\/2023\/07\/cropped-apuntesdesanluis.png","contentUrl":"https:\/\/apuntesdesanluis.com\/wp-content\/uploads\/2023\/07\/cropped-apuntesdesanluis.png","width":450,"height":112,"caption":"apuntesdesanluis.com"},"logo":{"@id":"https:\/\/apuntesdesanluis.com\/#\/schema\/person\/image\/"},"sameAs":["https:\/\/apuntesdesanluis.com"],"url":"https:\/\/apuntesdesanluis.com\/index.php\/author\/apuntesdesanluis-com\/"}]}},"featured_image_urls":{"full":["https:\/\/apuntesdesanluis.com\/wp-content\/uploads\/2023\/08\/barrio-la-ribera.png",700,397,false],"thumbnail":["https:\/\/apuntesdesanluis.com\/wp-content\/uploads\/2023\/08\/barrio-la-ribera-150x150.png",150,150,true],"medium":["https:\/\/apuntesdesanluis.com\/wp-content\/uploads\/2023\/08\/barrio-la-ribera-300x170.png",300,170,true],"medium_large":["https:\/\/apuntesdesanluis.com\/wp-content\/uploads\/2023\/08\/barrio-la-ribera.png",640,363,false],"large":["https:\/\/apuntesdesanluis.com\/wp-content\/uploads\/2023\/08\/barrio-la-ribera.png",640,363,false],"1536x1536":["https:\/\/apuntesdesanluis.com\/wp-content\/uploads\/2023\/08\/barrio-la-ribera.png",700,397,false],"2048x2048":["https:\/\/apuntesdesanluis.com\/wp-content\/uploads\/2023\/08\/barrio-la-ribera.png",700,397,false],"newsever-slider-full":["https:\/\/apuntesdesanluis.com\/wp-content\/uploads\/2023\/08\/barrio-la-ribera.png",700,397,false],"newsever-featured":["https:\/\/apuntesdesanluis.com\/wp-content\/uploads\/2023\/08\/barrio-la-ribera.png",700,397,false],"newsever-medium":["https:\/\/apuntesdesanluis.com\/wp-content\/uploads\/2023\/08\/barrio-la-ribera.png",700,397,false]},"author_info":{"display_name":"apuntesdesanluis.com","author_link":"https:\/\/apuntesdesanluis.com\/index.php\/author\/apuntesdesanluis-com\/"},"category_info":"<a href=\"https:\/\/apuntesdesanluis.com\/index.php\/category\/opinion\/\" rel=\"category tag\">Opini\u00f3n<\/a>","tag_info":"Opini\u00f3n","comment_count":"0","_links":{"self":[{"href":"https:\/\/apuntesdesanluis.com\/index.php\/wp-json\/wp\/v2\/posts\/2323","targetHints":{"allow":["GET"]}}],"collection":[{"href":"https:\/\/apuntesdesanluis.com\/index.php\/wp-json\/wp\/v2\/posts"}],"about":[{"href":"https:\/\/apuntesdesanluis.com\/index.php\/wp-json\/wp\/v2\/types\/post"}],"author":[{"embeddable":true,"href":"https:\/\/apuntesdesanluis.com\/index.php\/wp-json\/wp\/v2\/users\/1"}],"replies":[{"embeddable":true,"href":"https:\/\/apuntesdesanluis.com\/index.php\/wp-json\/wp\/v2\/comments?post=2323"}],"version-history":[{"count":10,"href":"https:\/\/apuntesdesanluis.com\/index.php\/wp-json\/wp\/v2\/posts\/2323\/revisions"}],"predecessor-version":[{"id":2337,"href":"https:\/\/apuntesdesanluis.com\/index.php\/wp-json\/wp\/v2\/posts\/2323\/revisions\/2337"}],"wp:featuredmedia":[{"embeddable":true,"href":"https:\/\/apuntesdesanluis.com\/index.php\/wp-json\/wp\/v2\/media\/2326"}],"wp:attachment":[{"href":"https:\/\/apuntesdesanluis.com\/index.php\/wp-json\/wp\/v2\/media?parent=2323"}],"wp:term":[{"taxonomy":"category","embeddable":true,"href":"https:\/\/apuntesdesanluis.com\/index.php\/wp-json\/wp\/v2\/categories?post=2323"},{"taxonomy":"post_tag","embeddable":true,"href":"https:\/\/apuntesdesanluis.com\/index.php\/wp-json\/wp\/v2\/tags?post=2323"}],"curies":[{"name":"wp","href":"https:\/\/api.w.org\/{rel}","templated":true}]}}