{"id":23240,"date":"2024-10-01T20:56:02","date_gmt":"2024-10-01T23:56:02","guid":{"rendered":"https:\/\/apuntesdesanluis.com\/?p=23240"},"modified":"2024-10-01T20:56:25","modified_gmt":"2024-10-01T23:56:25","slug":"se-realiza-la-segunda-marcha-federal-universitaria-para-defender-la-educacion-publica","status":"publish","type":"post","link":"https:\/\/apuntesdesanluis.com\/index.php\/2024\/10\/01\/se-realiza-la-segunda-marcha-federal-universitaria-para-defender-la-educacion-publica\/","title":{"rendered":"SE REALIZA LA SEGUNDA MARCHA FEDERAL UNIVERSITARIA PARA DEFENDER LA EDUCACI\u00d3N P\u00daBLICA"},"content":{"rendered":"<h3>Este mi\u00e9rcoles se concreta la segunda marcha federal universitaria\u00a0 a ra\u00edz del brutal ajuste del gobierno del presidente <strong>Javier Milei<\/strong> al sector de la educaci\u00f3n superior, y en reclamo de mejoras en los salarios de los docentes y los trabajadores NoDocentes.<\/h3>\n<h3>Tal como ocurri\u00f3 el 23 de abril, una multitud se congregar\u00e1 en las distintas ciudades del pa\u00eds para reclamar por la defensa de las universidades p\u00fablicas del pa\u00eds y sus trabajadores.<\/h3>\n<h3>En los primeros 8 meses del a\u00f1o, las transferencias a universidades cayeron un 30,1% en t\u00e9rminos reales (es decir, descontando el efecto de la inflaci\u00f3n) contra el mismo periodo de 2023. Adem\u00e1s, el Gobierno no realiz\u00f3 transferencias de capital.<\/h3>\n<h3>Por otro lado, los salarios de docentes y NoDocentes cayeron entre 50 y 60% en su poder adquisitivo.<\/h3>\n<h3>Los rectores de universidades de todo el pa\u00eds junto a las federaciones que nuclean a los docentes y no docentes organizan esta marcha que tiene como consigna principal el pedido de mayor presupuesto para las casas de altos estudios.<\/h3>\n<h3>La marcha estar\u00e1 acompa\u00f1ada de una suspensi\u00f3n total de actividades acad\u00e9micas y de investigaci\u00f3n, y del pedido concreto de mayores partidas para las universidades de todo el pa\u00eds.<\/h3>\n<h3>\u201cEstamos convencidos de que no es un problema de financiamiento, es un problema de prioridades\u201d, indicaron los convocantes y remarcaron la falta de di\u00e1logo con el oficialismo para resolver el conflicto que, seg\u00fan ellos, se encuentra sin avances desde el pasado 23 de abril, cuando se realiz\u00f3 la primera marcha universitaria a Plaza de Mayo.<\/h3>\n<h3><strong>EL VETO GENER\u00d3 LA MOVILIZACI\u00d3N<\/strong><\/h3>\n<h3>En septiembre, luego de obtener la aprobaci\u00f3n en la C\u00e1mara de Diputados, el Senado vot\u00f3 a favor de la ley de financiamiento universitario, que establece una recomposici\u00f3n del presupuesto de las universidades nacionales, seg\u00fan el \u00edndice de inflaci\u00f3n.<\/h3>\n<h3>Una vez que se conoci\u00f3 el resultado de la votaci\u00f3n en la C\u00e1mara alta, el presidente <strong>Javier Milei<\/strong> anticip\u00f3 que iba a vetar la legislaci\u00f3n, porque considera que va en contra del objetivo de alcanzar el equilibrio fiscal, que es una de las finalidades de su gesti\u00f3n y, adem\u00e1s, critic\u00f3 que la iniciativa no estableciera la fuente de financiamiento de la erogaci\u00f3n que implicar\u00e1 para el presupuesto nacional.<\/h3>\n<h3>La convocatoria principal est\u00e1 pautada para este mi\u00e9rcoles 2 de octubre a partir de las 17 horas en la plaza del Congreso, en Callao y Rivadavia. No obstante, habr\u00e1 concentraciones en diferentes puntos neur\u00e1lgicos de todo el pa\u00eds.<\/h3>\n<h3>La marcha federal universitaria se enfoca en el reclamo de las partidas presupuestarias para cubrir gastos de funcionamiento, investigaci\u00f3n y extensi\u00f3n de las universidades. Esto incluye una recomposici\u00f3n salarial para el personal docente y no docente, que asegura acumular p\u00e9rdidas del 50% desde diciembre pasado.<\/h3>\n<h3><strong>SALARIOS<\/strong><\/h3>\n<h3>La Universidad Nacional de R\u00edo Negro y la Universidad Nacional de San Mart\u00edn elaboraron un informe en el que analizaron los salarios de los docentes universitarios de la Argentina.<\/h3>\n<h3>Al final del informe, realizaron una comparaci\u00f3n entre los salarios docentes universitarios de la regi\u00f3n. De acuerdo con este an\u00e1lisis, en nuestro pa\u00eds se pagan los salarios docentes universitarios m\u00e1s bajos de los 11 pa\u00edses comparados. Para la comparaci\u00f3n, se tom\u00f3 como ejemplo un profesor titular con dedicaci\u00f3n exclusiva y se midi\u00f3 su salario en d\u00f3lares de acuerdo con la cotizaci\u00f3n del \u201ccircuito financiero argentino\u201d.<\/h3>\n<h3>Bajo estos par\u00e1metros, el salario docente universitario en la Argentina es de US$ 1.124, por debajo de pa\u00edses como Brasil (US$ 4.231), Uruguay (US$ 3.443), Ecuador (US$ 2.786), Chile (US$ 2.318), Bolivia (US$ 2.170), Per\u00fa (US$ 2.155), Paraguay (US$ 1.870) y Colombia (US$ 1.703), entre otros.<\/h3>\n<h3><strong>CERO TRANSFERENCIAS<\/strong><\/h3>\n<h3>Al igual que en otros sectores de la administraci\u00f3n p\u00fablica, el Gobierno tambi\u00e9n recort\u00f3 los gastos de capital en las universidades. Son las obras p\u00fablicas o los gastos en infraestructura.<\/h3>\n<h3>Seg\u00fan la Conadu, el presupuesto inicial, prorrogado de 2023, era de $ 31.914 millones. En este caso, las partidas no s\u00f3lo no fueron actualizadas por inflaci\u00f3n, sino que adem\u00e1s sufrieron recortes: en abril el Gobierno le rest\u00f3 $ 165 millones al presupuesto. De todas formas, en los primeros 8 meses del a\u00f1o la ejecuci\u00f3n presupuestaria en transferencias de capital para universidades fue nula.<\/h3>\n<p>&nbsp;<\/p>\n<p>&nbsp;<\/p>\n<p>&nbsp;<\/p>\n<h3><\/h3>\n<h3><\/h3>\n<h3><\/h3>\n<h3><\/h3>\n<p>&nbsp;<\/p>\n<p>&nbsp;<\/p>\n<p>&nbsp;<\/p>\n","protected":false},"excerpt":{"rendered":"<p>Este mi\u00e9rcoles se concreta la segunda marcha federal universitaria\u00a0 a ra\u00edz del brutal ajuste del&#8230;<\/p>\n","protected":false},"author":1,"featured_media":23241,"comment_status":"closed","ping_status":"closed","sticky":false,"template":"","format":"standard","meta":{"footnotes":""},"categories":[5],"tags":[],"class_list":["post-23240","post","type-post","status-publish","format-standard","has-post-thumbnail","hentry","category-nacionales-internacionales"],"yoast_head":"<!-- This site is optimized with the Yoast SEO plugin v26.1.1 - https:\/\/yoast.com\/wordpress\/plugins\/seo\/ -->\n<title>SE REALIZA LA SEGUNDA MARCHA FEDERAL UNIVERSITARIA PARA DEFENDER LA EDUCACI\u00d3N P\u00daBLICA - Apuntes de San Luis<\/title>\n<meta name=\"robots\" content=\"index, follow, max-snippet:-1, max-image-preview:large, max-video-preview:-1\" \/>\n<link rel=\"canonical\" href=\"https:\/\/apuntesdesanluis.com\/index.php\/2024\/10\/01\/se-realiza-la-segunda-marcha-federal-universitaria-para-defender-la-educacion-publica\/\" \/>\n<meta property=\"og:locale\" content=\"es_ES\" \/>\n<meta property=\"og:type\" content=\"article\" \/>\n<meta property=\"og:title\" content=\"SE REALIZA LA SEGUNDA MARCHA FEDERAL UNIVERSITARIA PARA DEFENDER LA EDUCACI\u00d3N P\u00daBLICA - Apuntes de San Luis\" \/>\n<meta property=\"og:description\" content=\"Este mi\u00e9rcoles se concreta la segunda marcha federal universitaria\u00a0 a ra\u00edz del brutal ajuste del...\" \/>\n<meta property=\"og:url\" content=\"https:\/\/apuntesdesanluis.com\/index.php\/2024\/10\/01\/se-realiza-la-segunda-marcha-federal-universitaria-para-defender-la-educacion-publica\/\" \/>\n<meta property=\"og:site_name\" content=\"Apuntes de San Luis\" \/>\n<meta property=\"article:published_time\" content=\"2024-10-01T23:56:02+00:00\" \/>\n<meta property=\"article:modified_time\" content=\"2024-10-01T23:56:25+00:00\" \/>\n<meta property=\"og:image\" content=\"https:\/\/apuntesdesanluis.com\/wp-content\/uploads\/2024\/10\/marcha-universitaria.png\" \/>\n\t<meta property=\"og:image:width\" content=\"768\" \/>\n\t<meta property=\"og:image:height\" content=\"482\" \/>\n\t<meta property=\"og:image:type\" content=\"image\/png\" \/>\n<meta name=\"author\" content=\"apuntesdesanluis.com\" \/>\n<meta name=\"twitter:card\" content=\"summary_large_image\" \/>\n<meta name=\"twitter:label1\" content=\"Escrito por\" \/>\n\t<meta name=\"twitter:data1\" content=\"apuntesdesanluis.com\" \/>\n\t<meta name=\"twitter:label2\" content=\"Tiempo de lectura\" \/>\n\t<meta name=\"twitter:data2\" content=\"4 minutos\" \/>\n<script type=\"application\/ld+json\" class=\"yoast-schema-graph\">{\"@context\":\"https:\/\/schema.org\",\"@graph\":[{\"@type\":\"Article\",\"@id\":\"https:\/\/apuntesdesanluis.com\/index.php\/2024\/10\/01\/se-realiza-la-segunda-marcha-federal-universitaria-para-defender-la-educacion-publica\/#article\",\"isPartOf\":{\"@id\":\"https:\/\/apuntesdesanluis.com\/index.php\/2024\/10\/01\/se-realiza-la-segunda-marcha-federal-universitaria-para-defender-la-educacion-publica\/\"},\"author\":{\"name\":\"apuntesdesanluis.com\",\"@id\":\"https:\/\/apuntesdesanluis.com\/#\/schema\/person\/b55151d52296fcce64d1a72538a70b90\"},\"headline\":\"SE REALIZA LA SEGUNDA MARCHA FEDERAL UNIVERSITARIA PARA DEFENDER LA EDUCACI\u00d3N P\u00daBLICA\",\"datePublished\":\"2024-10-01T23:56:02+00:00\",\"dateModified\":\"2024-10-01T23:56:25+00:00\",\"mainEntityOfPage\":{\"@id\":\"https:\/\/apuntesdesanluis.com\/index.php\/2024\/10\/01\/se-realiza-la-segunda-marcha-federal-universitaria-para-defender-la-educacion-publica\/\"},\"wordCount\":736,\"publisher\":{\"@id\":\"https:\/\/apuntesdesanluis.com\/#\/schema\/person\/b55151d52296fcce64d1a72538a70b90\"},\"image\":{\"@id\":\"https:\/\/apuntesdesanluis.com\/index.php\/2024\/10\/01\/se-realiza-la-segunda-marcha-federal-universitaria-para-defender-la-educacion-publica\/#primaryimage\"},\"thumbnailUrl\":\"https:\/\/apuntesdesanluis.com\/wp-content\/uploads\/2024\/10\/marcha-universitaria.png\",\"articleSection\":[\"Nacionales\/Internacionales\"],\"inLanguage\":\"es-AR\"},{\"@type\":\"WebPage\",\"@id\":\"https:\/\/apuntesdesanluis.com\/index.php\/2024\/10\/01\/se-realiza-la-segunda-marcha-federal-universitaria-para-defender-la-educacion-publica\/\",\"url\":\"https:\/\/apuntesdesanluis.com\/index.php\/2024\/10\/01\/se-realiza-la-segunda-marcha-federal-universitaria-para-defender-la-educacion-publica\/\",\"name\":\"SE REALIZA LA SEGUNDA MARCHA FEDERAL UNIVERSITARIA PARA DEFENDER LA EDUCACI\u00d3N P\u00daBLICA - Apuntes de San Luis\",\"isPartOf\":{\"@id\":\"https:\/\/apuntesdesanluis.com\/#website\"},\"primaryImageOfPage\":{\"@id\":\"https:\/\/apuntesdesanluis.com\/index.php\/2024\/10\/01\/se-realiza-la-segunda-marcha-federal-universitaria-para-defender-la-educacion-publica\/#primaryimage\"},\"image\":{\"@id\":\"https:\/\/apuntesdesanluis.com\/index.php\/2024\/10\/01\/se-realiza-la-segunda-marcha-federal-universitaria-para-defender-la-educacion-publica\/#primaryimage\"},\"thumbnailUrl\":\"https:\/\/apuntesdesanluis.com\/wp-content\/uploads\/2024\/10\/marcha-universitaria.png\",\"datePublished\":\"2024-10-01T23:56:02+00:00\",\"dateModified\":\"2024-10-01T23:56:25+00:00\",\"breadcrumb\":{\"@id\":\"https:\/\/apuntesdesanluis.com\/index.php\/2024\/10\/01\/se-realiza-la-segunda-marcha-federal-universitaria-para-defender-la-educacion-publica\/#breadcrumb\"},\"inLanguage\":\"es-AR\",\"potentialAction\":[{\"@type\":\"ReadAction\",\"target\":[\"https:\/\/apuntesdesanluis.com\/index.php\/2024\/10\/01\/se-realiza-la-segunda-marcha-federal-universitaria-para-defender-la-educacion-publica\/\"]}]},{\"@type\":\"ImageObject\",\"inLanguage\":\"es-AR\",\"@id\":\"https:\/\/apuntesdesanluis.com\/index.php\/2024\/10\/01\/se-realiza-la-segunda-marcha-federal-universitaria-para-defender-la-educacion-publica\/#primaryimage\",\"url\":\"https:\/\/apuntesdesanluis.com\/wp-content\/uploads\/2024\/10\/marcha-universitaria.png\",\"contentUrl\":\"https:\/\/apuntesdesanluis.com\/wp-content\/uploads\/2024\/10\/marcha-universitaria.png\",\"width\":768,\"height\":482},{\"@type\":\"BreadcrumbList\",\"@id\":\"https:\/\/apuntesdesanluis.com\/index.php\/2024\/10\/01\/se-realiza-la-segunda-marcha-federal-universitaria-para-defender-la-educacion-publica\/#breadcrumb\",\"itemListElement\":[{\"@type\":\"ListItem\",\"position\":1,\"name\":\"Inicio\",\"item\":\"https:\/\/apuntesdesanluis.com\/\"},{\"@type\":\"ListItem\",\"position\":2,\"name\":\"SE REALIZA LA SEGUNDA MARCHA FEDERAL UNIVERSITARIA PARA DEFENDER LA EDUCACI\u00d3N P\u00daBLICA\"}]},{\"@type\":\"WebSite\",\"@id\":\"https:\/\/apuntesdesanluis.com\/#website\",\"url\":\"https:\/\/apuntesdesanluis.com\/\",\"name\":\"Apuntes de San Luis\",\"description\":\"\",\"publisher\":{\"@id\":\"https:\/\/apuntesdesanluis.com\/#\/schema\/person\/b55151d52296fcce64d1a72538a70b90\"},\"potentialAction\":[{\"@type\":\"SearchAction\",\"target\":{\"@type\":\"EntryPoint\",\"urlTemplate\":\"https:\/\/apuntesdesanluis.com\/?s={search_term_string}\"},\"query-input\":{\"@type\":\"PropertyValueSpecification\",\"valueRequired\":true,\"valueName\":\"search_term_string\"}}],\"inLanguage\":\"es-AR\"},{\"@type\":[\"Person\",\"Organization\"],\"@id\":\"https:\/\/apuntesdesanluis.com\/#\/schema\/person\/b55151d52296fcce64d1a72538a70b90\",\"name\":\"apuntesdesanluis.com\",\"image\":{\"@type\":\"ImageObject\",\"inLanguage\":\"es-AR\",\"@id\":\"https:\/\/apuntesdesanluis.com\/#\/schema\/person\/image\/\",\"url\":\"https:\/\/apuntesdesanluis.com\/wp-content\/uploads\/2023\/07\/cropped-apuntesdesanluis.png\",\"contentUrl\":\"https:\/\/apuntesdesanluis.com\/wp-content\/uploads\/2023\/07\/cropped-apuntesdesanluis.png\",\"width\":450,\"height\":112,\"caption\":\"apuntesdesanluis.com\"},\"logo\":{\"@id\":\"https:\/\/apuntesdesanluis.com\/#\/schema\/person\/image\/\"},\"sameAs\":[\"https:\/\/apuntesdesanluis.com\"],\"url\":\"https:\/\/apuntesdesanluis.com\/index.php\/author\/apuntesdesanluis-com\/\"}]}<\/script>\n<!-- \/ Yoast SEO plugin. -->","yoast_head_json":{"title":"SE REALIZA LA SEGUNDA MARCHA FEDERAL UNIVERSITARIA PARA DEFENDER LA EDUCACI\u00d3N P\u00daBLICA - Apuntes de San Luis","robots":{"index":"index","follow":"follow","max-snippet":"max-snippet:-1","max-image-preview":"max-image-preview:large","max-video-preview":"max-video-preview:-1"},"canonical":"https:\/\/apuntesdesanluis.com\/index.php\/2024\/10\/01\/se-realiza-la-segunda-marcha-federal-universitaria-para-defender-la-educacion-publica\/","og_locale":"es_ES","og_type":"article","og_title":"SE REALIZA LA SEGUNDA MARCHA FEDERAL UNIVERSITARIA PARA DEFENDER LA EDUCACI\u00d3N P\u00daBLICA - Apuntes de San Luis","og_description":"Este mi\u00e9rcoles se concreta la segunda marcha federal universitaria\u00a0 a ra\u00edz del brutal ajuste del...","og_url":"https:\/\/apuntesdesanluis.com\/index.php\/2024\/10\/01\/se-realiza-la-segunda-marcha-federal-universitaria-para-defender-la-educacion-publica\/","og_site_name":"Apuntes de San Luis","article_published_time":"2024-10-01T23:56:02+00:00","article_modified_time":"2024-10-01T23:56:25+00:00","og_image":[{"width":768,"height":482,"url":"https:\/\/apuntesdesanluis.com\/wp-content\/uploads\/2024\/10\/marcha-universitaria.png","type":"image\/png"}],"author":"apuntesdesanluis.com","twitter_card":"summary_large_image","twitter_misc":{"Escrito por":"apuntesdesanluis.com","Tiempo de lectura":"4 minutos"},"schema":{"@context":"https:\/\/schema.org","@graph":[{"@type":"Article","@id":"https:\/\/apuntesdesanluis.com\/index.php\/2024\/10\/01\/se-realiza-la-segunda-marcha-federal-universitaria-para-defender-la-educacion-publica\/#article","isPartOf":{"@id":"https:\/\/apuntesdesanluis.com\/index.php\/2024\/10\/01\/se-realiza-la-segunda-marcha-federal-universitaria-para-defender-la-educacion-publica\/"},"author":{"name":"apuntesdesanluis.com","@id":"https:\/\/apuntesdesanluis.com\/#\/schema\/person\/b55151d52296fcce64d1a72538a70b90"},"headline":"SE REALIZA LA SEGUNDA MARCHA FEDERAL UNIVERSITARIA PARA DEFENDER LA EDUCACI\u00d3N P\u00daBLICA","datePublished":"2024-10-01T23:56:02+00:00","dateModified":"2024-10-01T23:56:25+00:00","mainEntityOfPage":{"@id":"https:\/\/apuntesdesanluis.com\/index.php\/2024\/10\/01\/se-realiza-la-segunda-marcha-federal-universitaria-para-defender-la-educacion-publica\/"},"wordCount":736,"publisher":{"@id":"https:\/\/apuntesdesanluis.com\/#\/schema\/person\/b55151d52296fcce64d1a72538a70b90"},"image":{"@id":"https:\/\/apuntesdesanluis.com\/index.php\/2024\/10\/01\/se-realiza-la-segunda-marcha-federal-universitaria-para-defender-la-educacion-publica\/#primaryimage"},"thumbnailUrl":"https:\/\/apuntesdesanluis.com\/wp-content\/uploads\/2024\/10\/marcha-universitaria.png","articleSection":["Nacionales\/Internacionales"],"inLanguage":"es-AR"},{"@type":"WebPage","@id":"https:\/\/apuntesdesanluis.com\/index.php\/2024\/10\/01\/se-realiza-la-segunda-marcha-federal-universitaria-para-defender-la-educacion-publica\/","url":"https:\/\/apuntesdesanluis.com\/index.php\/2024\/10\/01\/se-realiza-la-segunda-marcha-federal-universitaria-para-defender-la-educacion-publica\/","name":"SE REALIZA LA SEGUNDA MARCHA FEDERAL UNIVERSITARIA PARA DEFENDER LA EDUCACI\u00d3N P\u00daBLICA - Apuntes de San Luis","isPartOf":{"@id":"https:\/\/apuntesdesanluis.com\/#website"},"primaryImageOfPage":{"@id":"https:\/\/apuntesdesanluis.com\/index.php\/2024\/10\/01\/se-realiza-la-segunda-marcha-federal-universitaria-para-defender-la-educacion-publica\/#primaryimage"},"image":{"@id":"https:\/\/apuntesdesanluis.com\/index.php\/2024\/10\/01\/se-realiza-la-segunda-marcha-federal-universitaria-para-defender-la-educacion-publica\/#primaryimage"},"thumbnailUrl":"https:\/\/apuntesdesanluis.com\/wp-content\/uploads\/2024\/10\/marcha-universitaria.png","datePublished":"2024-10-01T23:56:02+00:00","dateModified":"2024-10-01T23:56:25+00:00","breadcrumb":{"@id":"https:\/\/apuntesdesanluis.com\/index.php\/2024\/10\/01\/se-realiza-la-segunda-marcha-federal-universitaria-para-defender-la-educacion-publica\/#breadcrumb"},"inLanguage":"es-AR","potentialAction":[{"@type":"ReadAction","target":["https:\/\/apuntesdesanluis.com\/index.php\/2024\/10\/01\/se-realiza-la-segunda-marcha-federal-universitaria-para-defender-la-educacion-publica\/"]}]},{"@type":"ImageObject","inLanguage":"es-AR","@id":"https:\/\/apuntesdesanluis.com\/index.php\/2024\/10\/01\/se-realiza-la-segunda-marcha-federal-universitaria-para-defender-la-educacion-publica\/#primaryimage","url":"https:\/\/apuntesdesanluis.com\/wp-content\/uploads\/2024\/10\/marcha-universitaria.png","contentUrl":"https:\/\/apuntesdesanluis.com\/wp-content\/uploads\/2024\/10\/marcha-universitaria.png","width":768,"height":482},{"@type":"BreadcrumbList","@id":"https:\/\/apuntesdesanluis.com\/index.php\/2024\/10\/01\/se-realiza-la-segunda-marcha-federal-universitaria-para-defender-la-educacion-publica\/#breadcrumb","itemListElement":[{"@type":"ListItem","position":1,"name":"Inicio","item":"https:\/\/apuntesdesanluis.com\/"},{"@type":"ListItem","position":2,"name":"SE REALIZA LA SEGUNDA MARCHA FEDERAL UNIVERSITARIA PARA DEFENDER LA EDUCACI\u00d3N P\u00daBLICA"}]},{"@type":"WebSite","@id":"https:\/\/apuntesdesanluis.com\/#website","url":"https:\/\/apuntesdesanluis.com\/","name":"Apuntes de San Luis","description":"","publisher":{"@id":"https:\/\/apuntesdesanluis.com\/#\/schema\/person\/b55151d52296fcce64d1a72538a70b90"},"potentialAction":[{"@type":"SearchAction","target":{"@type":"EntryPoint","urlTemplate":"https:\/\/apuntesdesanluis.com\/?s={search_term_string}"},"query-input":{"@type":"PropertyValueSpecification","valueRequired":true,"valueName":"search_term_string"}}],"inLanguage":"es-AR"},{"@type":["Person","Organization"],"@id":"https:\/\/apuntesdesanluis.com\/#\/schema\/person\/b55151d52296fcce64d1a72538a70b90","name":"apuntesdesanluis.com","image":{"@type":"ImageObject","inLanguage":"es-AR","@id":"https:\/\/apuntesdesanluis.com\/#\/schema\/person\/image\/","url":"https:\/\/apuntesdesanluis.com\/wp-content\/uploads\/2023\/07\/cropped-apuntesdesanluis.png","contentUrl":"https:\/\/apuntesdesanluis.com\/wp-content\/uploads\/2023\/07\/cropped-apuntesdesanluis.png","width":450,"height":112,"caption":"apuntesdesanluis.com"},"logo":{"@id":"https:\/\/apuntesdesanluis.com\/#\/schema\/person\/image\/"},"sameAs":["https:\/\/apuntesdesanluis.com"],"url":"https:\/\/apuntesdesanluis.com\/index.php\/author\/apuntesdesanluis-com\/"}]}},"featured_image_urls":{"full":["https:\/\/apuntesdesanluis.com\/wp-content\/uploads\/2024\/10\/marcha-universitaria.png",768,482,false],"thumbnail":["https:\/\/apuntesdesanluis.com\/wp-content\/uploads\/2024\/10\/marcha-universitaria-150x150.png",150,150,true],"medium":["https:\/\/apuntesdesanluis.com\/wp-content\/uploads\/2024\/10\/marcha-universitaria-300x188.png",300,188,true],"medium_large":["https:\/\/apuntesdesanluis.com\/wp-content\/uploads\/2024\/10\/marcha-universitaria.png",640,402,false],"large":["https:\/\/apuntesdesanluis.com\/wp-content\/uploads\/2024\/10\/marcha-universitaria.png",640,402,false],"1536x1536":["https:\/\/apuntesdesanluis.com\/wp-content\/uploads\/2024\/10\/marcha-universitaria.png",768,482,false],"2048x2048":["https:\/\/apuntesdesanluis.com\/wp-content\/uploads\/2024\/10\/marcha-universitaria.png",768,482,false],"newsever-slider-full":["https:\/\/apuntesdesanluis.com\/wp-content\/uploads\/2024\/10\/marcha-universitaria.png",768,482,false],"newsever-featured":["https:\/\/apuntesdesanluis.com\/wp-content\/uploads\/2024\/10\/marcha-universitaria.png",768,482,false],"newsever-medium":["https:\/\/apuntesdesanluis.com\/wp-content\/uploads\/2024\/10\/marcha-universitaria-720x475.png",720,475,true]},"author_info":{"display_name":"apuntesdesanluis.com","author_link":"https:\/\/apuntesdesanluis.com\/index.php\/author\/apuntesdesanluis-com\/"},"category_info":"<a href=\"https:\/\/apuntesdesanluis.com\/index.php\/category\/nacionales-internacionales\/\" rel=\"category tag\">Nacionales\/Internacionales<\/a>","tag_info":"Nacionales\/Internacionales","comment_count":"0","_links":{"self":[{"href":"https:\/\/apuntesdesanluis.com\/index.php\/wp-json\/wp\/v2\/posts\/23240","targetHints":{"allow":["GET"]}}],"collection":[{"href":"https:\/\/apuntesdesanluis.com\/index.php\/wp-json\/wp\/v2\/posts"}],"about":[{"href":"https:\/\/apuntesdesanluis.com\/index.php\/wp-json\/wp\/v2\/types\/post"}],"author":[{"embeddable":true,"href":"https:\/\/apuntesdesanluis.com\/index.php\/wp-json\/wp\/v2\/users\/1"}],"replies":[{"embeddable":true,"href":"https:\/\/apuntesdesanluis.com\/index.php\/wp-json\/wp\/v2\/comments?post=23240"}],"version-history":[{"count":2,"href":"https:\/\/apuntesdesanluis.com\/index.php\/wp-json\/wp\/v2\/posts\/23240\/revisions"}],"predecessor-version":[{"id":23243,"href":"https:\/\/apuntesdesanluis.com\/index.php\/wp-json\/wp\/v2\/posts\/23240\/revisions\/23243"}],"wp:featuredmedia":[{"embeddable":true,"href":"https:\/\/apuntesdesanluis.com\/index.php\/wp-json\/wp\/v2\/media\/23241"}],"wp:attachment":[{"href":"https:\/\/apuntesdesanluis.com\/index.php\/wp-json\/wp\/v2\/media?parent=23240"}],"wp:term":[{"taxonomy":"category","embeddable":true,"href":"https:\/\/apuntesdesanluis.com\/index.php\/wp-json\/wp\/v2\/categories?post=23240"},{"taxonomy":"post_tag","embeddable":true,"href":"https:\/\/apuntesdesanluis.com\/index.php\/wp-json\/wp\/v2\/tags?post=23240"}],"curies":[{"name":"wp","href":"https:\/\/api.w.org\/{rel}","templated":true}]}}