{"id":23257,"date":"2024-10-02T13:40:57","date_gmt":"2024-10-02T16:40:57","guid":{"rendered":"https:\/\/apuntesdesanluis.com\/?p=23257"},"modified":"2024-10-02T13:42:23","modified_gmt":"2024-10-02T16:42:23","slug":"adolfo-castro-luna-no-se-puede-ni-debe-desfinanciar-la-universidad-publica","status":"publish","type":"post","link":"https:\/\/apuntesdesanluis.com\/index.php\/2024\/10\/02\/adolfo-castro-luna-no-se-puede-ni-debe-desfinanciar-la-universidad-publica\/","title":{"rendered":"ADOLFO CASTRO LUNA: \u201cNO SE PUEDE NI DEBE DESFINANCIAR LA UNIVERSIDAD P\u00daBLICA\u201d"},"content":{"rendered":"<h3>El senador provincial <strong>Adolfo Castro Luna<\/strong> se mostr\u00f3 en desacuerdo con el posible veto del presidente <strong>Javier Milei<\/strong> a la Ley de Financiamiento Universitario, al tiempo que confirm\u00f3 que participar\u00e1 de la marcha de este mi\u00e9rcoles.<\/h3>\n<h3>Castro Luna, ingeniero agr\u00f3nomo, en di\u00e1logo con <a href=\"https:\/\/vmi24.com\/\" target=\"_blank\" rel=\"noopener\"><span style=\"color: #3366ff;\"><strong>Villa Mercedes info<\/strong><\/span><\/a>, expres\u00f3: \u201c: \u201cComo profesional formado en una universidad p\u00fablica, y adem\u00e1s hijo de un profesor universitario, creo firmemente en la defensa de la instituci\u00f3n. Creo que uno de los pilares fundamentales de nuestra rep\u00fablica, de nuestra argentinidad, es la educaci\u00f3n p\u00fablica, laica y gratuita.\u00a0 Podemos enojarnos con nuestro pa\u00eds, no estar de acuerdo con una postura pol\u00edtica, pero este excede la discusi\u00f3n partidaria.\u00a0 Si quitas un pilar, la casa se cae.\u00a0 No se puede desfinanciar la educaci\u00f3n que nos ha dado profesionales reconocidos en todo el mundo\u201d.<\/h3>\n<h3>En referencia al prestigio del cual goza la educaci\u00f3n universitaria argentina, expuso como ejemplo a la UBA, \u201cque este a\u00f1o escal\u00f3 24 posiciones en el ranking mundial de universidades. El f\u00edsico mas importante del mundo actual, que comparan con Einstein, es <strong>Juan Mart\u00edn Maldacena<\/strong>, formado en las universidades de nuestro pa\u00eds. Nuestras universidades han aportado premios Nobel a la humanidad.\u00a0 Los argentinos exportamos cerebros formados en la educaci\u00f3n p\u00fablica\u201d.<\/h3>\n<h3>Consultada si las universidades deber\u00edan arancelarse, expres\u00f3 su oposici\u00f3n, exponiendo el caso de uno de los cient\u00edficos m\u00e1s respetados por la sociedad argentina:<\/h3>\n<h3>&#8211; \u00a0Lo voy a explicar de forma sencilla, una de las personas m\u00e1s queridas de nuestra ciencia, fue el doctor Ren\u00e9 Favaloro.\u00a0 \u00c9l se form\u00f3 en la Universidad de La Plata, y fue una eminencia mundial.\u00a0 Pero su pap\u00e1 era carpintero y su mam\u00e1 era modista. Un hijo de un carpintero y una modista lleg\u00f3 a ser la personalidad m\u00e1s importante de la cardiolog\u00eda mundial. Eso es la educaci\u00f3n universitaria p\u00fablica y gratuita. Por eso aqu\u00ed, principalmente en nuestra provincia y nuestra ciudad, defender la universidad es casi una obligaci\u00f3n.<\/h3>\n<h3>El legislador del departamento Pedernera fundament\u00f3, en este sentido, que \u201cla mayor\u00eda de los profesionales que hoy trabajan en la provincia nos hemos formado en nuestra tierra, en la prestigiosa universidad de San Luis. Villa Mercedes hoy tiene la UNVIME, que se ha ganado un lugar en nuestros j\u00f3venes, y de a poco en la educaci\u00f3n nacional. Y no son las dos \u00fanicas universidades de la ciudad, o entidades de formaci\u00f3n superior. Nuestros hijos pueden elegir quedarse a estudiar aqu\u00ed, y adem\u00e1s vienen otros j\u00f3venes de otras localidades. Todos ellos consumen, generan un circuito econ\u00f3mico creciente. Para una ciudad productiva como la nuestra, la universidad es imprescindible\u201d.<\/h3>\n<h3>En otra parte de la entrevista sostuvo: \u201cNo creo que gobierno nacional consiga los votos para ratificar el veto, pero creo que la postura de todos los ciudadanos es importante para que esto sea as\u00ed. M\u00e1s all\u00e1 de la pol\u00edtica, vivir en democracia significa tambi\u00e9n decirle a nuestros representantes con qu\u00e9 estamos de acuerdo, y con qu\u00e9 no\u201d.<\/h3>\n<h3>Finalmente, aunque no ha habido ning\u00fan pronunciamiento del gobernador Claudio Poggi o del gobierno al respecto, Castro Luna afirm\u00f3 que asistir\u00e1 a la marcha y record\u00f3 que La C\u00e1mara de Senadores de nuestra provincia vot\u00f3 por unanimidad la adhesi\u00f3n a la marcha.<\/h3>\n<p>&nbsp;<\/p>\n<p>&nbsp;<\/p>\n<p>&nbsp;<\/p>\n<p>&nbsp;<\/p>\n","protected":false},"excerpt":{"rendered":"<p>El senador provincial Adolfo Castro Luna se mostr\u00f3 en desacuerdo con el posible veto del&#8230;<\/p>\n","protected":false},"author":1,"featured_media":8024,"comment_status":"closed","ping_status":"closed","sticky":false,"template":"","format":"standard","meta":{"footnotes":""},"categories":[6],"tags":[],"class_list":["post-23257","post","type-post","status-publish","format-standard","has-post-thumbnail","hentry","category-ciudad-provincia"],"yoast_head":"<!-- This site is optimized with the Yoast SEO plugin v26.1.1 - https:\/\/yoast.com\/wordpress\/plugins\/seo\/ -->\n<title>ADOLFO CASTRO LUNA: \u201cNO SE PUEDE NI DEBE DESFINANCIAR LA UNIVERSIDAD P\u00daBLICA\u201d - Apuntes de San Luis<\/title>\n<meta name=\"robots\" content=\"index, follow, max-snippet:-1, max-image-preview:large, max-video-preview:-1\" \/>\n<link rel=\"canonical\" href=\"https:\/\/apuntesdesanluis.com\/index.php\/2024\/10\/02\/adolfo-castro-luna-no-se-puede-ni-debe-desfinanciar-la-universidad-publica\/\" \/>\n<meta property=\"og:locale\" content=\"es_ES\" \/>\n<meta property=\"og:type\" content=\"article\" \/>\n<meta property=\"og:title\" content=\"ADOLFO CASTRO LUNA: \u201cNO SE PUEDE NI DEBE DESFINANCIAR LA UNIVERSIDAD P\u00daBLICA\u201d - Apuntes de San Luis\" \/>\n<meta property=\"og:description\" content=\"El senador provincial Adolfo Castro Luna se mostr\u00f3 en desacuerdo con el posible veto del...\" \/>\n<meta property=\"og:url\" content=\"https:\/\/apuntesdesanluis.com\/index.php\/2024\/10\/02\/adolfo-castro-luna-no-se-puede-ni-debe-desfinanciar-la-universidad-publica\/\" \/>\n<meta property=\"og:site_name\" content=\"Apuntes de San Luis\" \/>\n<meta property=\"article:published_time\" content=\"2024-10-02T16:40:57+00:00\" \/>\n<meta property=\"article:modified_time\" content=\"2024-10-02T16:42:23+00:00\" \/>\n<meta property=\"og:image\" content=\"https:\/\/apuntesdesanluis.com\/wp-content\/uploads\/2023\/12\/castro-luna.png\" \/>\n\t<meta property=\"og:image:width\" content=\"466\" \/>\n\t<meta property=\"og:image:height\" content=\"388\" \/>\n\t<meta property=\"og:image:type\" content=\"image\/png\" \/>\n<meta name=\"author\" content=\"apuntesdesanluis.com\" \/>\n<meta name=\"twitter:card\" content=\"summary_large_image\" \/>\n<meta name=\"twitter:label1\" content=\"Escrito por\" \/>\n\t<meta name=\"twitter:data1\" content=\"apuntesdesanluis.com\" \/>\n\t<meta name=\"twitter:label2\" content=\"Tiempo de lectura\" \/>\n\t<meta name=\"twitter:data2\" content=\"3 minutos\" \/>\n<script type=\"application\/ld+json\" class=\"yoast-schema-graph\">{\"@context\":\"https:\/\/schema.org\",\"@graph\":[{\"@type\":\"Article\",\"@id\":\"https:\/\/apuntesdesanluis.com\/index.php\/2024\/10\/02\/adolfo-castro-luna-no-se-puede-ni-debe-desfinanciar-la-universidad-publica\/#article\",\"isPartOf\":{\"@id\":\"https:\/\/apuntesdesanluis.com\/index.php\/2024\/10\/02\/adolfo-castro-luna-no-se-puede-ni-debe-desfinanciar-la-universidad-publica\/\"},\"author\":{\"name\":\"apuntesdesanluis.com\",\"@id\":\"https:\/\/apuntesdesanluis.com\/#\/schema\/person\/b55151d52296fcce64d1a72538a70b90\"},\"headline\":\"ADOLFO CASTRO LUNA: \u201cNO SE PUEDE NI DEBE DESFINANCIAR LA UNIVERSIDAD P\u00daBLICA\u201d\",\"datePublished\":\"2024-10-02T16:40:57+00:00\",\"dateModified\":\"2024-10-02T16:42:23+00:00\",\"mainEntityOfPage\":{\"@id\":\"https:\/\/apuntesdesanluis.com\/index.php\/2024\/10\/02\/adolfo-castro-luna-no-se-puede-ni-debe-desfinanciar-la-universidad-publica\/\"},\"wordCount\":580,\"publisher\":{\"@id\":\"https:\/\/apuntesdesanluis.com\/#\/schema\/person\/b55151d52296fcce64d1a72538a70b90\"},\"image\":{\"@id\":\"https:\/\/apuntesdesanluis.com\/index.php\/2024\/10\/02\/adolfo-castro-luna-no-se-puede-ni-debe-desfinanciar-la-universidad-publica\/#primaryimage\"},\"thumbnailUrl\":\"https:\/\/apuntesdesanluis.com\/wp-content\/uploads\/2023\/12\/castro-luna.png\",\"articleSection\":[\"Ciudad\/Provincia\"],\"inLanguage\":\"es-AR\"},{\"@type\":\"WebPage\",\"@id\":\"https:\/\/apuntesdesanluis.com\/index.php\/2024\/10\/02\/adolfo-castro-luna-no-se-puede-ni-debe-desfinanciar-la-universidad-publica\/\",\"url\":\"https:\/\/apuntesdesanluis.com\/index.php\/2024\/10\/02\/adolfo-castro-luna-no-se-puede-ni-debe-desfinanciar-la-universidad-publica\/\",\"name\":\"ADOLFO CASTRO LUNA: \u201cNO SE PUEDE NI DEBE DESFINANCIAR LA UNIVERSIDAD P\u00daBLICA\u201d - Apuntes de San Luis\",\"isPartOf\":{\"@id\":\"https:\/\/apuntesdesanluis.com\/#website\"},\"primaryImageOfPage\":{\"@id\":\"https:\/\/apuntesdesanluis.com\/index.php\/2024\/10\/02\/adolfo-castro-luna-no-se-puede-ni-debe-desfinanciar-la-universidad-publica\/#primaryimage\"},\"image\":{\"@id\":\"https:\/\/apuntesdesanluis.com\/index.php\/2024\/10\/02\/adolfo-castro-luna-no-se-puede-ni-debe-desfinanciar-la-universidad-publica\/#primaryimage\"},\"thumbnailUrl\":\"https:\/\/apuntesdesanluis.com\/wp-content\/uploads\/2023\/12\/castro-luna.png\",\"datePublished\":\"2024-10-02T16:40:57+00:00\",\"dateModified\":\"2024-10-02T16:42:23+00:00\",\"breadcrumb\":{\"@id\":\"https:\/\/apuntesdesanluis.com\/index.php\/2024\/10\/02\/adolfo-castro-luna-no-se-puede-ni-debe-desfinanciar-la-universidad-publica\/#breadcrumb\"},\"inLanguage\":\"es-AR\",\"potentialAction\":[{\"@type\":\"ReadAction\",\"target\":[\"https:\/\/apuntesdesanluis.com\/index.php\/2024\/10\/02\/adolfo-castro-luna-no-se-puede-ni-debe-desfinanciar-la-universidad-publica\/\"]}]},{\"@type\":\"ImageObject\",\"inLanguage\":\"es-AR\",\"@id\":\"https:\/\/apuntesdesanluis.com\/index.php\/2024\/10\/02\/adolfo-castro-luna-no-se-puede-ni-debe-desfinanciar-la-universidad-publica\/#primaryimage\",\"url\":\"https:\/\/apuntesdesanluis.com\/wp-content\/uploads\/2023\/12\/castro-luna.png\",\"contentUrl\":\"https:\/\/apuntesdesanluis.com\/wp-content\/uploads\/2023\/12\/castro-luna.png\",\"width\":466,\"height\":388},{\"@type\":\"BreadcrumbList\",\"@id\":\"https:\/\/apuntesdesanluis.com\/index.php\/2024\/10\/02\/adolfo-castro-luna-no-se-puede-ni-debe-desfinanciar-la-universidad-publica\/#breadcrumb\",\"itemListElement\":[{\"@type\":\"ListItem\",\"position\":1,\"name\":\"Inicio\",\"item\":\"https:\/\/apuntesdesanluis.com\/\"},{\"@type\":\"ListItem\",\"position\":2,\"name\":\"ADOLFO CASTRO LUNA: \u201cNO SE PUEDE NI DEBE DESFINANCIAR LA UNIVERSIDAD P\u00daBLICA\u201d\"}]},{\"@type\":\"WebSite\",\"@id\":\"https:\/\/apuntesdesanluis.com\/#website\",\"url\":\"https:\/\/apuntesdesanluis.com\/\",\"name\":\"Apuntes de San Luis\",\"description\":\"\",\"publisher\":{\"@id\":\"https:\/\/apuntesdesanluis.com\/#\/schema\/person\/b55151d52296fcce64d1a72538a70b90\"},\"potentialAction\":[{\"@type\":\"SearchAction\",\"target\":{\"@type\":\"EntryPoint\",\"urlTemplate\":\"https:\/\/apuntesdesanluis.com\/?s={search_term_string}\"},\"query-input\":{\"@type\":\"PropertyValueSpecification\",\"valueRequired\":true,\"valueName\":\"search_term_string\"}}],\"inLanguage\":\"es-AR\"},{\"@type\":[\"Person\",\"Organization\"],\"@id\":\"https:\/\/apuntesdesanluis.com\/#\/schema\/person\/b55151d52296fcce64d1a72538a70b90\",\"name\":\"apuntesdesanluis.com\",\"image\":{\"@type\":\"ImageObject\",\"inLanguage\":\"es-AR\",\"@id\":\"https:\/\/apuntesdesanluis.com\/#\/schema\/person\/image\/\",\"url\":\"https:\/\/apuntesdesanluis.com\/wp-content\/uploads\/2023\/07\/cropped-apuntesdesanluis.png\",\"contentUrl\":\"https:\/\/apuntesdesanluis.com\/wp-content\/uploads\/2023\/07\/cropped-apuntesdesanluis.png\",\"width\":450,\"height\":112,\"caption\":\"apuntesdesanluis.com\"},\"logo\":{\"@id\":\"https:\/\/apuntesdesanluis.com\/#\/schema\/person\/image\/\"},\"sameAs\":[\"https:\/\/apuntesdesanluis.com\"],\"url\":\"https:\/\/apuntesdesanluis.com\/index.php\/author\/apuntesdesanluis-com\/\"}]}<\/script>\n<!-- \/ Yoast SEO plugin. -->","yoast_head_json":{"title":"ADOLFO CASTRO LUNA: \u201cNO SE PUEDE NI DEBE DESFINANCIAR LA UNIVERSIDAD P\u00daBLICA\u201d - Apuntes de San Luis","robots":{"index":"index","follow":"follow","max-snippet":"max-snippet:-1","max-image-preview":"max-image-preview:large","max-video-preview":"max-video-preview:-1"},"canonical":"https:\/\/apuntesdesanluis.com\/index.php\/2024\/10\/02\/adolfo-castro-luna-no-se-puede-ni-debe-desfinanciar-la-universidad-publica\/","og_locale":"es_ES","og_type":"article","og_title":"ADOLFO CASTRO LUNA: \u201cNO SE PUEDE NI DEBE DESFINANCIAR LA UNIVERSIDAD P\u00daBLICA\u201d - Apuntes de San Luis","og_description":"El senador provincial Adolfo Castro Luna se mostr\u00f3 en desacuerdo con el posible veto del...","og_url":"https:\/\/apuntesdesanluis.com\/index.php\/2024\/10\/02\/adolfo-castro-luna-no-se-puede-ni-debe-desfinanciar-la-universidad-publica\/","og_site_name":"Apuntes de San Luis","article_published_time":"2024-10-02T16:40:57+00:00","article_modified_time":"2024-10-02T16:42:23+00:00","og_image":[{"width":466,"height":388,"url":"https:\/\/apuntesdesanluis.com\/wp-content\/uploads\/2023\/12\/castro-luna.png","type":"image\/png"}],"author":"apuntesdesanluis.com","twitter_card":"summary_large_image","twitter_misc":{"Escrito por":"apuntesdesanluis.com","Tiempo de lectura":"3 minutos"},"schema":{"@context":"https:\/\/schema.org","@graph":[{"@type":"Article","@id":"https:\/\/apuntesdesanluis.com\/index.php\/2024\/10\/02\/adolfo-castro-luna-no-se-puede-ni-debe-desfinanciar-la-universidad-publica\/#article","isPartOf":{"@id":"https:\/\/apuntesdesanluis.com\/index.php\/2024\/10\/02\/adolfo-castro-luna-no-se-puede-ni-debe-desfinanciar-la-universidad-publica\/"},"author":{"name":"apuntesdesanluis.com","@id":"https:\/\/apuntesdesanluis.com\/#\/schema\/person\/b55151d52296fcce64d1a72538a70b90"},"headline":"ADOLFO CASTRO LUNA: \u201cNO SE PUEDE NI DEBE DESFINANCIAR LA UNIVERSIDAD P\u00daBLICA\u201d","datePublished":"2024-10-02T16:40:57+00:00","dateModified":"2024-10-02T16:42:23+00:00","mainEntityOfPage":{"@id":"https:\/\/apuntesdesanluis.com\/index.php\/2024\/10\/02\/adolfo-castro-luna-no-se-puede-ni-debe-desfinanciar-la-universidad-publica\/"},"wordCount":580,"publisher":{"@id":"https:\/\/apuntesdesanluis.com\/#\/schema\/person\/b55151d52296fcce64d1a72538a70b90"},"image":{"@id":"https:\/\/apuntesdesanluis.com\/index.php\/2024\/10\/02\/adolfo-castro-luna-no-se-puede-ni-debe-desfinanciar-la-universidad-publica\/#primaryimage"},"thumbnailUrl":"https:\/\/apuntesdesanluis.com\/wp-content\/uploads\/2023\/12\/castro-luna.png","articleSection":["Ciudad\/Provincia"],"inLanguage":"es-AR"},{"@type":"WebPage","@id":"https:\/\/apuntesdesanluis.com\/index.php\/2024\/10\/02\/adolfo-castro-luna-no-se-puede-ni-debe-desfinanciar-la-universidad-publica\/","url":"https:\/\/apuntesdesanluis.com\/index.php\/2024\/10\/02\/adolfo-castro-luna-no-se-puede-ni-debe-desfinanciar-la-universidad-publica\/","name":"ADOLFO CASTRO LUNA: \u201cNO SE PUEDE NI DEBE DESFINANCIAR LA UNIVERSIDAD P\u00daBLICA\u201d - Apuntes de San Luis","isPartOf":{"@id":"https:\/\/apuntesdesanluis.com\/#website"},"primaryImageOfPage":{"@id":"https:\/\/apuntesdesanluis.com\/index.php\/2024\/10\/02\/adolfo-castro-luna-no-se-puede-ni-debe-desfinanciar-la-universidad-publica\/#primaryimage"},"image":{"@id":"https:\/\/apuntesdesanluis.com\/index.php\/2024\/10\/02\/adolfo-castro-luna-no-se-puede-ni-debe-desfinanciar-la-universidad-publica\/#primaryimage"},"thumbnailUrl":"https:\/\/apuntesdesanluis.com\/wp-content\/uploads\/2023\/12\/castro-luna.png","datePublished":"2024-10-02T16:40:57+00:00","dateModified":"2024-10-02T16:42:23+00:00","breadcrumb":{"@id":"https:\/\/apuntesdesanluis.com\/index.php\/2024\/10\/02\/adolfo-castro-luna-no-se-puede-ni-debe-desfinanciar-la-universidad-publica\/#breadcrumb"},"inLanguage":"es-AR","potentialAction":[{"@type":"ReadAction","target":["https:\/\/apuntesdesanluis.com\/index.php\/2024\/10\/02\/adolfo-castro-luna-no-se-puede-ni-debe-desfinanciar-la-universidad-publica\/"]}]},{"@type":"ImageObject","inLanguage":"es-AR","@id":"https:\/\/apuntesdesanluis.com\/index.php\/2024\/10\/02\/adolfo-castro-luna-no-se-puede-ni-debe-desfinanciar-la-universidad-publica\/#primaryimage","url":"https:\/\/apuntesdesanluis.com\/wp-content\/uploads\/2023\/12\/castro-luna.png","contentUrl":"https:\/\/apuntesdesanluis.com\/wp-content\/uploads\/2023\/12\/castro-luna.png","width":466,"height":388},{"@type":"BreadcrumbList","@id":"https:\/\/apuntesdesanluis.com\/index.php\/2024\/10\/02\/adolfo-castro-luna-no-se-puede-ni-debe-desfinanciar-la-universidad-publica\/#breadcrumb","itemListElement":[{"@type":"ListItem","position":1,"name":"Inicio","item":"https:\/\/apuntesdesanluis.com\/"},{"@type":"ListItem","position":2,"name":"ADOLFO CASTRO LUNA: \u201cNO SE PUEDE NI DEBE DESFINANCIAR LA UNIVERSIDAD P\u00daBLICA\u201d"}]},{"@type":"WebSite","@id":"https:\/\/apuntesdesanluis.com\/#website","url":"https:\/\/apuntesdesanluis.com\/","name":"Apuntes de San Luis","description":"","publisher":{"@id":"https:\/\/apuntesdesanluis.com\/#\/schema\/person\/b55151d52296fcce64d1a72538a70b90"},"potentialAction":[{"@type":"SearchAction","target":{"@type":"EntryPoint","urlTemplate":"https:\/\/apuntesdesanluis.com\/?s={search_term_string}"},"query-input":{"@type":"PropertyValueSpecification","valueRequired":true,"valueName":"search_term_string"}}],"inLanguage":"es-AR"},{"@type":["Person","Organization"],"@id":"https:\/\/apuntesdesanluis.com\/#\/schema\/person\/b55151d52296fcce64d1a72538a70b90","name":"apuntesdesanluis.com","image":{"@type":"ImageObject","inLanguage":"es-AR","@id":"https:\/\/apuntesdesanluis.com\/#\/schema\/person\/image\/","url":"https:\/\/apuntesdesanluis.com\/wp-content\/uploads\/2023\/07\/cropped-apuntesdesanluis.png","contentUrl":"https:\/\/apuntesdesanluis.com\/wp-content\/uploads\/2023\/07\/cropped-apuntesdesanluis.png","width":450,"height":112,"caption":"apuntesdesanluis.com"},"logo":{"@id":"https:\/\/apuntesdesanluis.com\/#\/schema\/person\/image\/"},"sameAs":["https:\/\/apuntesdesanluis.com"],"url":"https:\/\/apuntesdesanluis.com\/index.php\/author\/apuntesdesanluis-com\/"}]}},"featured_image_urls":{"full":["https:\/\/apuntesdesanluis.com\/wp-content\/uploads\/2023\/12\/castro-luna.png",466,388,false],"thumbnail":["https:\/\/apuntesdesanluis.com\/wp-content\/uploads\/2023\/12\/castro-luna-150x150.png",150,150,true],"medium":["https:\/\/apuntesdesanluis.com\/wp-content\/uploads\/2023\/12\/castro-luna-300x250.png",300,250,true],"medium_large":["https:\/\/apuntesdesanluis.com\/wp-content\/uploads\/2023\/12\/castro-luna.png",466,388,false],"large":["https:\/\/apuntesdesanluis.com\/wp-content\/uploads\/2023\/12\/castro-luna.png",466,388,false],"1536x1536":["https:\/\/apuntesdesanluis.com\/wp-content\/uploads\/2023\/12\/castro-luna.png",466,388,false],"2048x2048":["https:\/\/apuntesdesanluis.com\/wp-content\/uploads\/2023\/12\/castro-luna.png",466,388,false],"newsever-slider-full":["https:\/\/apuntesdesanluis.com\/wp-content\/uploads\/2023\/12\/castro-luna.png",466,388,false],"newsever-featured":["https:\/\/apuntesdesanluis.com\/wp-content\/uploads\/2023\/12\/castro-luna.png",466,388,false],"newsever-medium":["https:\/\/apuntesdesanluis.com\/wp-content\/uploads\/2023\/12\/castro-luna.png",466,388,false]},"author_info":{"display_name":"apuntesdesanluis.com","author_link":"https:\/\/apuntesdesanluis.com\/index.php\/author\/apuntesdesanluis-com\/"},"category_info":"<a href=\"https:\/\/apuntesdesanluis.com\/index.php\/category\/ciudad-provincia\/\" rel=\"category tag\">Ciudad\/Provincia<\/a>","tag_info":"Ciudad\/Provincia","comment_count":"0","_links":{"self":[{"href":"https:\/\/apuntesdesanluis.com\/index.php\/wp-json\/wp\/v2\/posts\/23257","targetHints":{"allow":["GET"]}}],"collection":[{"href":"https:\/\/apuntesdesanluis.com\/index.php\/wp-json\/wp\/v2\/posts"}],"about":[{"href":"https:\/\/apuntesdesanluis.com\/index.php\/wp-json\/wp\/v2\/types\/post"}],"author":[{"embeddable":true,"href":"https:\/\/apuntesdesanluis.com\/index.php\/wp-json\/wp\/v2\/users\/1"}],"replies":[{"embeddable":true,"href":"https:\/\/apuntesdesanluis.com\/index.php\/wp-json\/wp\/v2\/comments?post=23257"}],"version-history":[{"count":3,"href":"https:\/\/apuntesdesanluis.com\/index.php\/wp-json\/wp\/v2\/posts\/23257\/revisions"}],"predecessor-version":[{"id":23260,"href":"https:\/\/apuntesdesanluis.com\/index.php\/wp-json\/wp\/v2\/posts\/23257\/revisions\/23260"}],"wp:featuredmedia":[{"embeddable":true,"href":"https:\/\/apuntesdesanluis.com\/index.php\/wp-json\/wp\/v2\/media\/8024"}],"wp:attachment":[{"href":"https:\/\/apuntesdesanluis.com\/index.php\/wp-json\/wp\/v2\/media?parent=23257"}],"wp:term":[{"taxonomy":"category","embeddable":true,"href":"https:\/\/apuntesdesanluis.com\/index.php\/wp-json\/wp\/v2\/categories?post=23257"},{"taxonomy":"post_tag","embeddable":true,"href":"https:\/\/apuntesdesanluis.com\/index.php\/wp-json\/wp\/v2\/tags?post=23257"}],"curies":[{"name":"wp","href":"https:\/\/api.w.org\/{rel}","templated":true}]}}