{"id":23261,"date":"2024-10-02T23:33:49","date_gmt":"2024-10-03T02:33:49","guid":{"rendered":"https:\/\/apuntesdesanluis.com\/?p=23261"},"modified":"2024-10-02T23:44:08","modified_gmt":"2024-10-03T02:44:08","slug":"masivas-marchas-en-villa-mercedes-san-luis-y-merlo-en-defensa-de-la-educacion-publica","status":"publish","type":"post","link":"https:\/\/apuntesdesanluis.com\/index.php\/2024\/10\/02\/masivas-marchas-en-villa-mercedes-san-luis-y-merlo-en-defensa-de-la-educacion-publica\/","title":{"rendered":"MASIVAS MARCHAS EN VILLA MERCEDES, SAN LUIS Y MERLO EN DEFENSA DE LA EDUCACI\u00d3N P\u00daBLICA"},"content":{"rendered":"<h3>Al igual que en el resto del pa\u00eds, este mi\u00e9rcoles se concretaron en las principales ciudades de la provincia multitudinarias manifestaciones de rechazo a los recortes presupuestarios a las casas de altos estudios, que pretende imponer el presidente Javier Milei, a trav\u00e9s de la amenaza de veto a la Ley de Financiamiento Educativo.<\/h3>\n<p><img fetchpriority=\"high\" decoding=\"async\" class=\"wp-image-23263 aligncenter\" src=\"https:\/\/apuntesdesanluis.com\/wp-content\/uploads\/2024\/10\/17bc9e43-3e52-4b29-8db0-0b9d31985a12-300x225.jpg\" alt=\"\" width=\"708\" height=\"531\" srcset=\"https:\/\/apuntesdesanluis.com\/wp-content\/uploads\/2024\/10\/17bc9e43-3e52-4b29-8db0-0b9d31985a12-300x225.jpg 300w, https:\/\/apuntesdesanluis.com\/wp-content\/uploads\/2024\/10\/17bc9e43-3e52-4b29-8db0-0b9d31985a12-768x576.jpg 768w, https:\/\/apuntesdesanluis.com\/wp-content\/uploads\/2024\/10\/17bc9e43-3e52-4b29-8db0-0b9d31985a12.jpg 800w\" sizes=\"(max-width: 708px) 100vw, 708px\" \/><\/p>\n<h3>La segunda marcha federal congreg\u00f3 a autoridades, docentes, estudiantes, NoDocentes, graduados y representantes de gremios e instituciones intermedias, que se manifestaron en contra de los recortes presupuestarios a la educaci\u00f3n superior.<\/h3>\n<p><img decoding=\"async\" class=\"wp-image-23264 aligncenter\" src=\"https:\/\/apuntesdesanluis.com\/wp-content\/uploads\/2024\/10\/unvime-cartel-300x212.png\" alt=\"\" width=\"712\" height=\"503\" srcset=\"https:\/\/apuntesdesanluis.com\/wp-content\/uploads\/2024\/10\/unvime-cartel-300x212.png 300w, https:\/\/apuntesdesanluis.com\/wp-content\/uploads\/2024\/10\/unvime-cartel.png 550w\" sizes=\"(max-width: 712px) 100vw, 712px\" \/><\/p>\n<h3>La masiva manifestaci\u00f3n en Villa Mercedes se extendi\u00f3 por cerca de cinco cuadras y congreg\u00f3 una multitud, superando el registro alcanzado en la primera marcha realizada el 23 de abril \u00faltimo.<\/h3>\n<p><img decoding=\"async\" class=\"wp-image-23268 aligncenter\" src=\"https:\/\/apuntesdesanluis.com\/wp-content\/uploads\/2024\/10\/unvime-marcha-general-300x138.png\" alt=\"\" width=\"713\" height=\"328\" srcset=\"https:\/\/apuntesdesanluis.com\/wp-content\/uploads\/2024\/10\/unvime-marcha-general-300x138.png 300w, https:\/\/apuntesdesanluis.com\/wp-content\/uploads\/2024\/10\/unvime-marcha-general-768x353.png 768w, https:\/\/apuntesdesanluis.com\/wp-content\/uploads\/2024\/10\/unvime-marcha-general.png 876w\" sizes=\"(max-width: 713px) 100vw, 713px\" \/><\/p>\n<h3>El Rector <strong>Marcelo Sosa<\/strong> y el Vicerrector <strong>Santiago Farenga<\/strong>, junto al intendente municipal <strong>Maximiliano Frontera<\/strong> y la viceintendenta <strong>Silvina Galetto<\/strong>, encabezaron la marcha portando una inmensa pancarta en forma de bandera, con la consigna: &#8220;En Defensa de la Educaci\u00f3n P\u00fablica, la Ciencia y la Tecnolog\u00eda&#8221;, y las siglas de la UNSL, la UNViMe y la UNLC.<\/h3>\n<p><img loading=\"lazy\" decoding=\"async\" class=\"wp-image-23271 aligncenter\" src=\"https:\/\/apuntesdesanluis.com\/wp-content\/uploads\/2024\/10\/fc790a73-45a2-4abc-ab16-c30e07c8b5df-300x225.jpg\" alt=\"\" width=\"728\" height=\"546\" srcset=\"https:\/\/apuntesdesanluis.com\/wp-content\/uploads\/2024\/10\/fc790a73-45a2-4abc-ab16-c30e07c8b5df-300x225.jpg 300w, https:\/\/apuntesdesanluis.com\/wp-content\/uploads\/2024\/10\/fc790a73-45a2-4abc-ab16-c30e07c8b5df-768x576.jpg 768w, https:\/\/apuntesdesanluis.com\/wp-content\/uploads\/2024\/10\/fc790a73-45a2-4abc-ab16-c30e07c8b5df.jpg 800w\" sizes=\"(max-width: 728px) 100vw, 728px\" \/><\/p>\n<h3>Estuvieron acompa\u00f1ados por representantes de los gremios que representan a docentes de la UNViMe (ADOI y SinDUPS) y NoDocentes (SiTUNViMe), como tambi\u00e9n sindicatos de la UNSL y referentes de los diferentes centros de estudiantes de ambas casas de estudio, a los que se sum\u00f3 una gruesa columna del IFDC, ATSA, Sindicato de Obras Sanitarias Mercedes y otros.<\/h3>\n<h3>Cuando se cumplieron las 18:00 h, la multitud parti\u00f3 desde Plaza San Mart\u00edn y se dirigi\u00f3 por avenida Mitre, Lavalle y desemboc\u00f3 en Plaza Pedernera.<\/h3>\n<p><img loading=\"lazy\" decoding=\"async\" class=\"wp-image-23272 aligncenter\" src=\"https:\/\/apuntesdesanluis.com\/wp-content\/uploads\/2024\/10\/df44d611-8e48-41c8-bdd7-37137d78f575-300x225.jpg\" alt=\"\" width=\"727\" height=\"545\" srcset=\"https:\/\/apuntesdesanluis.com\/wp-content\/uploads\/2024\/10\/df44d611-8e48-41c8-bdd7-37137d78f575-300x225.jpg 300w, https:\/\/apuntesdesanluis.com\/wp-content\/uploads\/2024\/10\/df44d611-8e48-41c8-bdd7-37137d78f575-768x576.jpg 768w, https:\/\/apuntesdesanluis.com\/wp-content\/uploads\/2024\/10\/df44d611-8e48-41c8-bdd7-37137d78f575.jpg 800w\" sizes=\"(max-width: 727px) 100vw, 727px\" \/><\/p>\n<h3>Entre los asistentes se contaron los ex intendentes de Villa Mercedes, <strong>Jorge Cangiano<\/strong>, <strong>Miguel Angel Bonino<\/strong> y el escribano <strong>Eduardo Gast\u00f3n Mones Ruiz<\/strong>; el senador provincial <strong>Adolfo Castro Luna<\/strong>, la diputada provincial <strong>Ivana Ricca<\/strong>, concejales y funcionarios municipales.<\/h3>\n<p><img loading=\"lazy\" decoding=\"async\" class=\"wp-image-23269 aligncenter\" src=\"https:\/\/apuntesdesanluis.com\/wp-content\/uploads\/2024\/10\/0acf078e-150e-45fc-bcb0-ecb28e604b34-300x179.jpg\" alt=\"\" width=\"736\" height=\"439\" srcset=\"https:\/\/apuntesdesanluis.com\/wp-content\/uploads\/2024\/10\/0acf078e-150e-45fc-bcb0-ecb28e604b34-300x179.jpg 300w, https:\/\/apuntesdesanluis.com\/wp-content\/uploads\/2024\/10\/0acf078e-150e-45fc-bcb0-ecb28e604b34-768x458.jpg 768w, https:\/\/apuntesdesanluis.com\/wp-content\/uploads\/2024\/10\/0acf078e-150e-45fc-bcb0-ecb28e604b34.jpg 800w\" sizes=\"(max-width: 736px) 100vw, 736px\" \/><\/p>\n<p><img loading=\"lazy\" decoding=\"async\" class=\"wp-image-23270 aligncenter\" src=\"https:\/\/apuntesdesanluis.com\/wp-content\/uploads\/2024\/10\/b35f2a20-1703-488e-850a-f9ce8adccf8c-300x217.jpg\" alt=\"\" width=\"735\" height=\"532\" srcset=\"https:\/\/apuntesdesanluis.com\/wp-content\/uploads\/2024\/10\/b35f2a20-1703-488e-850a-f9ce8adccf8c-300x217.jpg 300w, https:\/\/apuntesdesanluis.com\/wp-content\/uploads\/2024\/10\/b35f2a20-1703-488e-850a-f9ce8adccf8c.jpg 700w\" sizes=\"(max-width: 735px) 100vw, 735px\" \/><\/p>\n<h3>Entonando c\u00e1nticos alusivos a la defensa de la gratuidad de las universidades y en contra del anunciado veto a la Ley de Financiamiento Educativo, los manifestantes portaron banderas y pancartas que visibilizaron la protesta y ganaron la adhesi\u00f3n de las personas que sal\u00edan a saludar desde la puerta de negocios y viviendas, acompa\u00f1ando la legitimidad del reclamo.<\/h3>\n<p><img loading=\"lazy\" decoding=\"async\" class=\"wp-image-23273 aligncenter\" src=\"https:\/\/apuntesdesanluis.com\/wp-content\/uploads\/2024\/10\/unvime-cartel-1-300x206.png\" alt=\"\" width=\"734\" height=\"504\" srcset=\"https:\/\/apuntesdesanluis.com\/wp-content\/uploads\/2024\/10\/unvime-cartel-1-300x206.png 300w, https:\/\/apuntesdesanluis.com\/wp-content\/uploads\/2024\/10\/unvime-cartel-1.png 549w\" sizes=\"(max-width: 734px) 100vw, 734px\" \/><\/p>\n<h3>Al llegar a Plaza Pedernera, donde se hab\u00eda dispuesto un palco, el rector <strong>Marcelo Sosa<\/strong> abri\u00f3 la lista de oradores, destacando: \u201cLa Universidad es de los trabajadores y de los hijos de los trabajadores. Es del pueblo argentino\u201d, cosechando el aplauso de los presentes.<\/h3>\n<p><img loading=\"lazy\" decoding=\"async\" class=\"wp-image-23274 aligncenter\" src=\"https:\/\/apuntesdesanluis.com\/wp-content\/uploads\/2024\/10\/a5e6f802-7e31-461a-b312-e06a22f0e24e-300x242.jpg\" alt=\"\" width=\"733\" height=\"591\" srcset=\"https:\/\/apuntesdesanluis.com\/wp-content\/uploads\/2024\/10\/a5e6f802-7e31-461a-b312-e06a22f0e24e-300x242.jpg 300w, https:\/\/apuntesdesanluis.com\/wp-content\/uploads\/2024\/10\/a5e6f802-7e31-461a-b312-e06a22f0e24e.jpg 640w\" sizes=\"(max-width: 733px) 100vw, 733px\" \/><\/p>\n<h3>Tambi\u00e9n record\u00f3 la lucha de m\u00e1s de medio siglo de la comunidad de Villa Mercedes para conseguir una universidad, que permiti\u00f3 el nacimiento de la nacional de San Luis y posteriormente de la UNViMe, enfatizando que \u201cnosotros somos los heredemos, a quienes corresponde conservarla y defenderla. Marchamos en las calles para defender la educaci\u00f3n superior, porque la universidad no es de ning\u00fan gobierno de turno. Vamos a marchar una, diez, cien y mil veces para defenderla\u201d, enfatiz\u00f3.<\/h3>\n<h3>Por su parte el intendente <strong>Maximiliano Frontera<\/strong> tambi\u00e9n hizo referencia al surgimiento de las universidades \u201cproducto de la lucha de nuestra comunidad\u201d, al tiempo que se asumi\u00f3 como \u201cun hijo de la universidad p\u00fablica\u201d.<\/h3>\n<p><img loading=\"lazy\" decoding=\"async\" class=\"wp-image-23277 aligncenter\" src=\"https:\/\/apuntesdesanluis.com\/wp-content\/uploads\/2024\/10\/56122fc9-5dca-425f-a104-d80832ef24af-1-300x225.jpg\" alt=\"\" width=\"759\" height=\"569\" srcset=\"https:\/\/apuntesdesanluis.com\/wp-content\/uploads\/2024\/10\/56122fc9-5dca-425f-a104-d80832ef24af-1-300x225.jpg 300w, https:\/\/apuntesdesanluis.com\/wp-content\/uploads\/2024\/10\/56122fc9-5dca-425f-a104-d80832ef24af-1-768x576.jpg 768w, https:\/\/apuntesdesanluis.com\/wp-content\/uploads\/2024\/10\/56122fc9-5dca-425f-a104-d80832ef24af-1.jpg 800w\" sizes=\"(max-width: 759px) 100vw, 759px\" \/><\/p>\n<h3>\u201cTenemos que estar m\u00e1s unidos que nunca en esta lucha, vamos a seguir en las calles para defender la educaci\u00f3n p\u00fablica, no vamos a permitir que nos toquen a las universidades\u201d, advirti\u00f3. \u201cQue viva la universidad p\u00fablica\u201d, repiti\u00f3 tres veces, cerrando su alocuci\u00f3n.<\/h3>\n<h3>Posteriormente representantes de gremios docentes, NoDocentes y de centros estudiantiles leyeron sus respectivos documentos de adhesi\u00f3n, con fuertes cuestionamientos hacia el gobierno nacional y los recortes presupuestarios que afectan el funcionamiento de las casas de altos estudios.<\/h3>\n<h3>La marcha se cerr\u00f3 con la presentaci\u00f3n del cantante Alejandro Bustos, cuyas canciones de profundo contenido social cosecharon el acompa\u00f1amiento festivo de la multitud presente.<\/h3>\n<p><img loading=\"lazy\" decoding=\"async\" class=\"wp-image-23276 aligncenter\" src=\"https:\/\/apuntesdesanluis.com\/wp-content\/uploads\/2024\/10\/72e0b8d6-b666-4626-b0d3-c767a8a3782e-300x225.jpg\" alt=\"\" width=\"757\" height=\"568\" srcset=\"https:\/\/apuntesdesanluis.com\/wp-content\/uploads\/2024\/10\/72e0b8d6-b666-4626-b0d3-c767a8a3782e-300x225.jpg 300w, https:\/\/apuntesdesanluis.com\/wp-content\/uploads\/2024\/10\/72e0b8d6-b666-4626-b0d3-c767a8a3782e.jpg 700w\" sizes=\"(max-width: 757px) 100vw, 757px\" \/><\/p>\n<h3><strong>SAN LUIS Y MERLO<\/strong><\/h3>\n<h3>A la misma hora tambi\u00e9n se realizaron fuertes movilizaciones en la ciudad de San Luis y en la Villa de Merlo, sede de la Universidad Nacional de Los Comechingones y de la Facultad de Turismo y Urbanismo de la UNSL.<\/h3>\n<p><img loading=\"lazy\" decoding=\"async\" class=\"wp-image-23265 aligncenter\" src=\"https:\/\/apuntesdesanluis.com\/wp-content\/uploads\/2024\/10\/marcha-en-san-luis-1-300x186.png\" alt=\"\" width=\"711\" height=\"441\" srcset=\"https:\/\/apuntesdesanluis.com\/wp-content\/uploads\/2024\/10\/marcha-en-san-luis-1-300x186.png 300w, https:\/\/apuntesdesanluis.com\/wp-content\/uploads\/2024\/10\/marcha-en-san-luis-1-768x476.png 768w, https:\/\/apuntesdesanluis.com\/wp-content\/uploads\/2024\/10\/marcha-en-san-luis-1.png 984w\" sizes=\"(max-width: 711px) 100vw, 711px\" \/><\/p>\n<h3>En Capital la marcha parti\u00f3 desde el Correo Argentino y fue encabezada por el Vicerrector de la UNSL, <strong>H\u00e9ctor Flores<\/strong>, puesto que el rector V\u00edctor Mori\u00f1igo lider\u00f3 la masiva movilizaci\u00f3n en Buenos Aires.<\/h3>\n<p><img loading=\"lazy\" decoding=\"async\" class=\"wp-image-23267 aligncenter\" src=\"https:\/\/apuntesdesanluis.com\/wp-content\/uploads\/2024\/10\/marcha-en-merlo-1-300x176.png\" alt=\"\" width=\"723\" height=\"424\" srcset=\"https:\/\/apuntesdesanluis.com\/wp-content\/uploads\/2024\/10\/marcha-en-merlo-1-300x176.png 300w, https:\/\/apuntesdesanluis.com\/wp-content\/uploads\/2024\/10\/marcha-en-merlo-1.png 628w\" sizes=\"(max-width: 723px) 100vw, 723px\" \/><\/p>\n<p>&nbsp;<\/p>\n<p>&nbsp;<\/p>\n<p>&nbsp;<\/p>\n<p>&nbsp;<\/p>\n<p>&nbsp;<\/p>\n<p>&nbsp;<\/p>\n","protected":false},"excerpt":{"rendered":"<p>Al igual que en el resto del pa\u00eds, este mi\u00e9rcoles se concretaron en las principales&#8230;<\/p>\n","protected":false},"author":1,"featured_media":23262,"comment_status":"closed","ping_status":"closed","sticky":false,"template":"","format":"standard","meta":{"footnotes":""},"categories":[6],"tags":[],"class_list":["post-23261","post","type-post","status-publish","format-standard","has-post-thumbnail","hentry","category-ciudad-provincia"],"yoast_head":"<!-- This site is optimized with the Yoast SEO plugin v26.1.1 - https:\/\/yoast.com\/wordpress\/plugins\/seo\/ -->\n<title>MASIVAS MARCHAS EN VILLA MERCEDES, SAN LUIS Y MERLO EN DEFENSA DE LA EDUCACI\u00d3N P\u00daBLICA - Apuntes de San Luis<\/title>\n<meta name=\"robots\" content=\"index, follow, max-snippet:-1, max-image-preview:large, max-video-preview:-1\" \/>\n<link rel=\"canonical\" href=\"https:\/\/apuntesdesanluis.com\/index.php\/2024\/10\/02\/masivas-marchas-en-villa-mercedes-san-luis-y-merlo-en-defensa-de-la-educacion-publica\/\" \/>\n<meta property=\"og:locale\" content=\"es_ES\" \/>\n<meta property=\"og:type\" content=\"article\" \/>\n<meta property=\"og:title\" content=\"MASIVAS MARCHAS EN VILLA MERCEDES, SAN LUIS Y MERLO EN DEFENSA DE LA EDUCACI\u00d3N P\u00daBLICA - Apuntes de San Luis\" \/>\n<meta property=\"og:description\" content=\"Al igual que en el resto del pa\u00eds, este mi\u00e9rcoles se concretaron en las principales...\" \/>\n<meta property=\"og:url\" content=\"https:\/\/apuntesdesanluis.com\/index.php\/2024\/10\/02\/masivas-marchas-en-villa-mercedes-san-luis-y-merlo-en-defensa-de-la-educacion-publica\/\" \/>\n<meta property=\"og:site_name\" content=\"Apuntes de San Luis\" \/>\n<meta property=\"article:published_time\" content=\"2024-10-03T02:33:49+00:00\" \/>\n<meta property=\"article:modified_time\" content=\"2024-10-03T02:44:08+00:00\" \/>\n<meta property=\"og:image\" content=\"https:\/\/apuntesdesanluis.com\/wp-content\/uploads\/2024\/10\/unvime-rector-maxi.png\" \/>\n\t<meta property=\"og:image:width\" content=\"959\" \/>\n\t<meta property=\"og:image:height\" content=\"605\" \/>\n\t<meta property=\"og:image:type\" content=\"image\/png\" \/>\n<meta name=\"author\" content=\"apuntesdesanluis.com\" \/>\n<meta name=\"twitter:card\" content=\"summary_large_image\" \/>\n<meta name=\"twitter:label1\" content=\"Escrito por\" \/>\n\t<meta name=\"twitter:data1\" content=\"apuntesdesanluis.com\" \/>\n\t<meta name=\"twitter:label2\" content=\"Tiempo de lectura\" \/>\n\t<meta name=\"twitter:data2\" content=\"6 minutos\" \/>\n<script type=\"application\/ld+json\" class=\"yoast-schema-graph\">{\"@context\":\"https:\/\/schema.org\",\"@graph\":[{\"@type\":\"Article\",\"@id\":\"https:\/\/apuntesdesanluis.com\/index.php\/2024\/10\/02\/masivas-marchas-en-villa-mercedes-san-luis-y-merlo-en-defensa-de-la-educacion-publica\/#article\",\"isPartOf\":{\"@id\":\"https:\/\/apuntesdesanluis.com\/index.php\/2024\/10\/02\/masivas-marchas-en-villa-mercedes-san-luis-y-merlo-en-defensa-de-la-educacion-publica\/\"},\"author\":{\"name\":\"apuntesdesanluis.com\",\"@id\":\"https:\/\/apuntesdesanluis.com\/#\/schema\/person\/b55151d52296fcce64d1a72538a70b90\"},\"headline\":\"MASIVAS MARCHAS EN VILLA MERCEDES, SAN LUIS Y MERLO EN DEFENSA DE LA EDUCACI\u00d3N P\u00daBLICA\",\"datePublished\":\"2024-10-03T02:33:49+00:00\",\"dateModified\":\"2024-10-03T02:44:08+00:00\",\"mainEntityOfPage\":{\"@id\":\"https:\/\/apuntesdesanluis.com\/index.php\/2024\/10\/02\/masivas-marchas-en-villa-mercedes-san-luis-y-merlo-en-defensa-de-la-educacion-publica\/\"},\"wordCount\":742,\"publisher\":{\"@id\":\"https:\/\/apuntesdesanluis.com\/#\/schema\/person\/b55151d52296fcce64d1a72538a70b90\"},\"image\":{\"@id\":\"https:\/\/apuntesdesanluis.com\/index.php\/2024\/10\/02\/masivas-marchas-en-villa-mercedes-san-luis-y-merlo-en-defensa-de-la-educacion-publica\/#primaryimage\"},\"thumbnailUrl\":\"https:\/\/apuntesdesanluis.com\/wp-content\/uploads\/2024\/10\/unvime-rector-maxi.png\",\"articleSection\":[\"Ciudad\/Provincia\"],\"inLanguage\":\"es-AR\"},{\"@type\":\"WebPage\",\"@id\":\"https:\/\/apuntesdesanluis.com\/index.php\/2024\/10\/02\/masivas-marchas-en-villa-mercedes-san-luis-y-merlo-en-defensa-de-la-educacion-publica\/\",\"url\":\"https:\/\/apuntesdesanluis.com\/index.php\/2024\/10\/02\/masivas-marchas-en-villa-mercedes-san-luis-y-merlo-en-defensa-de-la-educacion-publica\/\",\"name\":\"MASIVAS MARCHAS EN VILLA MERCEDES, SAN LUIS Y MERLO EN DEFENSA DE LA EDUCACI\u00d3N P\u00daBLICA - Apuntes de San Luis\",\"isPartOf\":{\"@id\":\"https:\/\/apuntesdesanluis.com\/#website\"},\"primaryImageOfPage\":{\"@id\":\"https:\/\/apuntesdesanluis.com\/index.php\/2024\/10\/02\/masivas-marchas-en-villa-mercedes-san-luis-y-merlo-en-defensa-de-la-educacion-publica\/#primaryimage\"},\"image\":{\"@id\":\"https:\/\/apuntesdesanluis.com\/index.php\/2024\/10\/02\/masivas-marchas-en-villa-mercedes-san-luis-y-merlo-en-defensa-de-la-educacion-publica\/#primaryimage\"},\"thumbnailUrl\":\"https:\/\/apuntesdesanluis.com\/wp-content\/uploads\/2024\/10\/unvime-rector-maxi.png\",\"datePublished\":\"2024-10-03T02:33:49+00:00\",\"dateModified\":\"2024-10-03T02:44:08+00:00\",\"breadcrumb\":{\"@id\":\"https:\/\/apuntesdesanluis.com\/index.php\/2024\/10\/02\/masivas-marchas-en-villa-mercedes-san-luis-y-merlo-en-defensa-de-la-educacion-publica\/#breadcrumb\"},\"inLanguage\":\"es-AR\",\"potentialAction\":[{\"@type\":\"ReadAction\",\"target\":[\"https:\/\/apuntesdesanluis.com\/index.php\/2024\/10\/02\/masivas-marchas-en-villa-mercedes-san-luis-y-merlo-en-defensa-de-la-educacion-publica\/\"]}]},{\"@type\":\"ImageObject\",\"inLanguage\":\"es-AR\",\"@id\":\"https:\/\/apuntesdesanluis.com\/index.php\/2024\/10\/02\/masivas-marchas-en-villa-mercedes-san-luis-y-merlo-en-defensa-de-la-educacion-publica\/#primaryimage\",\"url\":\"https:\/\/apuntesdesanluis.com\/wp-content\/uploads\/2024\/10\/unvime-rector-maxi.png\",\"contentUrl\":\"https:\/\/apuntesdesanluis.com\/wp-content\/uploads\/2024\/10\/unvime-rector-maxi.png\",\"width\":959,\"height\":605},{\"@type\":\"BreadcrumbList\",\"@id\":\"https:\/\/apuntesdesanluis.com\/index.php\/2024\/10\/02\/masivas-marchas-en-villa-mercedes-san-luis-y-merlo-en-defensa-de-la-educacion-publica\/#breadcrumb\",\"itemListElement\":[{\"@type\":\"ListItem\",\"position\":1,\"name\":\"Inicio\",\"item\":\"https:\/\/apuntesdesanluis.com\/\"},{\"@type\":\"ListItem\",\"position\":2,\"name\":\"MASIVAS MARCHAS EN VILLA MERCEDES, SAN LUIS Y MERLO EN DEFENSA DE LA EDUCACI\u00d3N P\u00daBLICA\"}]},{\"@type\":\"WebSite\",\"@id\":\"https:\/\/apuntesdesanluis.com\/#website\",\"url\":\"https:\/\/apuntesdesanluis.com\/\",\"name\":\"Apuntes de San Luis\",\"description\":\"\",\"publisher\":{\"@id\":\"https:\/\/apuntesdesanluis.com\/#\/schema\/person\/b55151d52296fcce64d1a72538a70b90\"},\"potentialAction\":[{\"@type\":\"SearchAction\",\"target\":{\"@type\":\"EntryPoint\",\"urlTemplate\":\"https:\/\/apuntesdesanluis.com\/?s={search_term_string}\"},\"query-input\":{\"@type\":\"PropertyValueSpecification\",\"valueRequired\":true,\"valueName\":\"search_term_string\"}}],\"inLanguage\":\"es-AR\"},{\"@type\":[\"Person\",\"Organization\"],\"@id\":\"https:\/\/apuntesdesanluis.com\/#\/schema\/person\/b55151d52296fcce64d1a72538a70b90\",\"name\":\"apuntesdesanluis.com\",\"image\":{\"@type\":\"ImageObject\",\"inLanguage\":\"es-AR\",\"@id\":\"https:\/\/apuntesdesanluis.com\/#\/schema\/person\/image\/\",\"url\":\"https:\/\/apuntesdesanluis.com\/wp-content\/uploads\/2023\/07\/cropped-apuntesdesanluis.png\",\"contentUrl\":\"https:\/\/apuntesdesanluis.com\/wp-content\/uploads\/2023\/07\/cropped-apuntesdesanluis.png\",\"width\":450,\"height\":112,\"caption\":\"apuntesdesanluis.com\"},\"logo\":{\"@id\":\"https:\/\/apuntesdesanluis.com\/#\/schema\/person\/image\/\"},\"sameAs\":[\"https:\/\/apuntesdesanluis.com\"],\"url\":\"https:\/\/apuntesdesanluis.com\/index.php\/author\/apuntesdesanluis-com\/\"}]}<\/script>\n<!-- \/ Yoast SEO plugin. -->","yoast_head_json":{"title":"MASIVAS MARCHAS EN VILLA MERCEDES, SAN LUIS Y MERLO EN DEFENSA DE LA EDUCACI\u00d3N P\u00daBLICA - Apuntes de San Luis","robots":{"index":"index","follow":"follow","max-snippet":"max-snippet:-1","max-image-preview":"max-image-preview:large","max-video-preview":"max-video-preview:-1"},"canonical":"https:\/\/apuntesdesanluis.com\/index.php\/2024\/10\/02\/masivas-marchas-en-villa-mercedes-san-luis-y-merlo-en-defensa-de-la-educacion-publica\/","og_locale":"es_ES","og_type":"article","og_title":"MASIVAS MARCHAS EN VILLA MERCEDES, SAN LUIS Y MERLO EN DEFENSA DE LA EDUCACI\u00d3N P\u00daBLICA - Apuntes de San Luis","og_description":"Al igual que en el resto del pa\u00eds, este mi\u00e9rcoles se concretaron en las principales...","og_url":"https:\/\/apuntesdesanluis.com\/index.php\/2024\/10\/02\/masivas-marchas-en-villa-mercedes-san-luis-y-merlo-en-defensa-de-la-educacion-publica\/","og_site_name":"Apuntes de San Luis","article_published_time":"2024-10-03T02:33:49+00:00","article_modified_time":"2024-10-03T02:44:08+00:00","og_image":[{"width":959,"height":605,"url":"https:\/\/apuntesdesanluis.com\/wp-content\/uploads\/2024\/10\/unvime-rector-maxi.png","type":"image\/png"}],"author":"apuntesdesanluis.com","twitter_card":"summary_large_image","twitter_misc":{"Escrito por":"apuntesdesanluis.com","Tiempo de lectura":"6 minutos"},"schema":{"@context":"https:\/\/schema.org","@graph":[{"@type":"Article","@id":"https:\/\/apuntesdesanluis.com\/index.php\/2024\/10\/02\/masivas-marchas-en-villa-mercedes-san-luis-y-merlo-en-defensa-de-la-educacion-publica\/#article","isPartOf":{"@id":"https:\/\/apuntesdesanluis.com\/index.php\/2024\/10\/02\/masivas-marchas-en-villa-mercedes-san-luis-y-merlo-en-defensa-de-la-educacion-publica\/"},"author":{"name":"apuntesdesanluis.com","@id":"https:\/\/apuntesdesanluis.com\/#\/schema\/person\/b55151d52296fcce64d1a72538a70b90"},"headline":"MASIVAS MARCHAS EN VILLA MERCEDES, SAN LUIS Y MERLO EN DEFENSA DE LA EDUCACI\u00d3N P\u00daBLICA","datePublished":"2024-10-03T02:33:49+00:00","dateModified":"2024-10-03T02:44:08+00:00","mainEntityOfPage":{"@id":"https:\/\/apuntesdesanluis.com\/index.php\/2024\/10\/02\/masivas-marchas-en-villa-mercedes-san-luis-y-merlo-en-defensa-de-la-educacion-publica\/"},"wordCount":742,"publisher":{"@id":"https:\/\/apuntesdesanluis.com\/#\/schema\/person\/b55151d52296fcce64d1a72538a70b90"},"image":{"@id":"https:\/\/apuntesdesanluis.com\/index.php\/2024\/10\/02\/masivas-marchas-en-villa-mercedes-san-luis-y-merlo-en-defensa-de-la-educacion-publica\/#primaryimage"},"thumbnailUrl":"https:\/\/apuntesdesanluis.com\/wp-content\/uploads\/2024\/10\/unvime-rector-maxi.png","articleSection":["Ciudad\/Provincia"],"inLanguage":"es-AR"},{"@type":"WebPage","@id":"https:\/\/apuntesdesanluis.com\/index.php\/2024\/10\/02\/masivas-marchas-en-villa-mercedes-san-luis-y-merlo-en-defensa-de-la-educacion-publica\/","url":"https:\/\/apuntesdesanluis.com\/index.php\/2024\/10\/02\/masivas-marchas-en-villa-mercedes-san-luis-y-merlo-en-defensa-de-la-educacion-publica\/","name":"MASIVAS MARCHAS EN VILLA MERCEDES, SAN LUIS Y MERLO EN DEFENSA DE LA EDUCACI\u00d3N P\u00daBLICA - Apuntes de San Luis","isPartOf":{"@id":"https:\/\/apuntesdesanluis.com\/#website"},"primaryImageOfPage":{"@id":"https:\/\/apuntesdesanluis.com\/index.php\/2024\/10\/02\/masivas-marchas-en-villa-mercedes-san-luis-y-merlo-en-defensa-de-la-educacion-publica\/#primaryimage"},"image":{"@id":"https:\/\/apuntesdesanluis.com\/index.php\/2024\/10\/02\/masivas-marchas-en-villa-mercedes-san-luis-y-merlo-en-defensa-de-la-educacion-publica\/#primaryimage"},"thumbnailUrl":"https:\/\/apuntesdesanluis.com\/wp-content\/uploads\/2024\/10\/unvime-rector-maxi.png","datePublished":"2024-10-03T02:33:49+00:00","dateModified":"2024-10-03T02:44:08+00:00","breadcrumb":{"@id":"https:\/\/apuntesdesanluis.com\/index.php\/2024\/10\/02\/masivas-marchas-en-villa-mercedes-san-luis-y-merlo-en-defensa-de-la-educacion-publica\/#breadcrumb"},"inLanguage":"es-AR","potentialAction":[{"@type":"ReadAction","target":["https:\/\/apuntesdesanluis.com\/index.php\/2024\/10\/02\/masivas-marchas-en-villa-mercedes-san-luis-y-merlo-en-defensa-de-la-educacion-publica\/"]}]},{"@type":"ImageObject","inLanguage":"es-AR","@id":"https:\/\/apuntesdesanluis.com\/index.php\/2024\/10\/02\/masivas-marchas-en-villa-mercedes-san-luis-y-merlo-en-defensa-de-la-educacion-publica\/#primaryimage","url":"https:\/\/apuntesdesanluis.com\/wp-content\/uploads\/2024\/10\/unvime-rector-maxi.png","contentUrl":"https:\/\/apuntesdesanluis.com\/wp-content\/uploads\/2024\/10\/unvime-rector-maxi.png","width":959,"height":605},{"@type":"BreadcrumbList","@id":"https:\/\/apuntesdesanluis.com\/index.php\/2024\/10\/02\/masivas-marchas-en-villa-mercedes-san-luis-y-merlo-en-defensa-de-la-educacion-publica\/#breadcrumb","itemListElement":[{"@type":"ListItem","position":1,"name":"Inicio","item":"https:\/\/apuntesdesanluis.com\/"},{"@type":"ListItem","position":2,"name":"MASIVAS MARCHAS EN VILLA MERCEDES, SAN LUIS Y MERLO EN DEFENSA DE LA EDUCACI\u00d3N P\u00daBLICA"}]},{"@type":"WebSite","@id":"https:\/\/apuntesdesanluis.com\/#website","url":"https:\/\/apuntesdesanluis.com\/","name":"Apuntes de San Luis","description":"","publisher":{"@id":"https:\/\/apuntesdesanluis.com\/#\/schema\/person\/b55151d52296fcce64d1a72538a70b90"},"potentialAction":[{"@type":"SearchAction","target":{"@type":"EntryPoint","urlTemplate":"https:\/\/apuntesdesanluis.com\/?s={search_term_string}"},"query-input":{"@type":"PropertyValueSpecification","valueRequired":true,"valueName":"search_term_string"}}],"inLanguage":"es-AR"},{"@type":["Person","Organization"],"@id":"https:\/\/apuntesdesanluis.com\/#\/schema\/person\/b55151d52296fcce64d1a72538a70b90","name":"apuntesdesanluis.com","image":{"@type":"ImageObject","inLanguage":"es-AR","@id":"https:\/\/apuntesdesanluis.com\/#\/schema\/person\/image\/","url":"https:\/\/apuntesdesanluis.com\/wp-content\/uploads\/2023\/07\/cropped-apuntesdesanluis.png","contentUrl":"https:\/\/apuntesdesanluis.com\/wp-content\/uploads\/2023\/07\/cropped-apuntesdesanluis.png","width":450,"height":112,"caption":"apuntesdesanluis.com"},"logo":{"@id":"https:\/\/apuntesdesanluis.com\/#\/schema\/person\/image\/"},"sameAs":["https:\/\/apuntesdesanluis.com"],"url":"https:\/\/apuntesdesanluis.com\/index.php\/author\/apuntesdesanluis-com\/"}]}},"featured_image_urls":{"full":["https:\/\/apuntesdesanluis.com\/wp-content\/uploads\/2024\/10\/unvime-rector-maxi.png",959,605,false],"thumbnail":["https:\/\/apuntesdesanluis.com\/wp-content\/uploads\/2024\/10\/unvime-rector-maxi-150x150.png",150,150,true],"medium":["https:\/\/apuntesdesanluis.com\/wp-content\/uploads\/2024\/10\/unvime-rector-maxi-300x189.png",300,189,true],"medium_large":["https:\/\/apuntesdesanluis.com\/wp-content\/uploads\/2024\/10\/unvime-rector-maxi-768x485.png",640,404,true],"large":["https:\/\/apuntesdesanluis.com\/wp-content\/uploads\/2024\/10\/unvime-rector-maxi.png",640,404,false],"1536x1536":["https:\/\/apuntesdesanluis.com\/wp-content\/uploads\/2024\/10\/unvime-rector-maxi.png",959,605,false],"2048x2048":["https:\/\/apuntesdesanluis.com\/wp-content\/uploads\/2024\/10\/unvime-rector-maxi.png",959,605,false],"newsever-slider-full":["https:\/\/apuntesdesanluis.com\/wp-content\/uploads\/2024\/10\/unvime-rector-maxi.png",959,605,false],"newsever-featured":["https:\/\/apuntesdesanluis.com\/wp-content\/uploads\/2024\/10\/unvime-rector-maxi.png",959,605,false],"newsever-medium":["https:\/\/apuntesdesanluis.com\/wp-content\/uploads\/2024\/10\/unvime-rector-maxi-720x475.png",720,475,true]},"author_info":{"display_name":"apuntesdesanluis.com","author_link":"https:\/\/apuntesdesanluis.com\/index.php\/author\/apuntesdesanluis-com\/"},"category_info":"<a href=\"https:\/\/apuntesdesanluis.com\/index.php\/category\/ciudad-provincia\/\" rel=\"category tag\">Ciudad\/Provincia<\/a>","tag_info":"Ciudad\/Provincia","comment_count":"0","_links":{"self":[{"href":"https:\/\/apuntesdesanluis.com\/index.php\/wp-json\/wp\/v2\/posts\/23261","targetHints":{"allow":["GET"]}}],"collection":[{"href":"https:\/\/apuntesdesanluis.com\/index.php\/wp-json\/wp\/v2\/posts"}],"about":[{"href":"https:\/\/apuntesdesanluis.com\/index.php\/wp-json\/wp\/v2\/types\/post"}],"author":[{"embeddable":true,"href":"https:\/\/apuntesdesanluis.com\/index.php\/wp-json\/wp\/v2\/users\/1"}],"replies":[{"embeddable":true,"href":"https:\/\/apuntesdesanluis.com\/index.php\/wp-json\/wp\/v2\/comments?post=23261"}],"version-history":[{"count":1,"href":"https:\/\/apuntesdesanluis.com\/index.php\/wp-json\/wp\/v2\/posts\/23261\/revisions"}],"predecessor-version":[{"id":23278,"href":"https:\/\/apuntesdesanluis.com\/index.php\/wp-json\/wp\/v2\/posts\/23261\/revisions\/23278"}],"wp:featuredmedia":[{"embeddable":true,"href":"https:\/\/apuntesdesanluis.com\/index.php\/wp-json\/wp\/v2\/media\/23262"}],"wp:attachment":[{"href":"https:\/\/apuntesdesanluis.com\/index.php\/wp-json\/wp\/v2\/media?parent=23261"}],"wp:term":[{"taxonomy":"category","embeddable":true,"href":"https:\/\/apuntesdesanluis.com\/index.php\/wp-json\/wp\/v2\/categories?post=23261"},{"taxonomy":"post_tag","embeddable":true,"href":"https:\/\/apuntesdesanluis.com\/index.php\/wp-json\/wp\/v2\/tags?post=23261"}],"curies":[{"name":"wp","href":"https:\/\/api.w.org\/{rel}","templated":true}]}}