{"id":23279,"date":"2024-10-02T22:42:01","date_gmt":"2024-10-03T01:42:01","guid":{"rendered":"https:\/\/apuntesdesanluis.com\/?p=23279"},"modified":"2024-10-02T22:42:01","modified_gmt":"2024-10-03T01:42:01","slug":"las-fuerzas-del-aula-le-dieron-catedra-a-milei-con-otra-masiva-marcha-federal","status":"publish","type":"post","link":"https:\/\/apuntesdesanluis.com\/index.php\/2024\/10\/02\/las-fuerzas-del-aula-le-dieron-catedra-a-milei-con-otra-masiva-marcha-federal\/","title":{"rendered":"LAS FUERZAS DEL AULA LE DIERON C\u00c1TEDRA A MILEI, CON OTRA MASIVA MARCHA FEDERAL"},"content":{"rendered":"<h3>Una vez m\u00e1s, la multitudinaria marcha federal universitaria logr\u00f3 generar un hecho pol\u00edtico que es una rareza en la coyuntura local: la transversalidad de un reclamo que rompe con la l\u00f3gica partidaria. En este caso, a favor de la Ley de Financiamiento Universitario sancionada por el Congreso y que Javier Milei vetar\u00e1 para sostener el frente fiscal, pese a que la norma representa apenas el 0,14% del PBI.<\/h3>\n<h3>Al igual que en abril, miles de estudiantes salieron a las calles no solo de Buenos Aires sino de todo el pa\u00eds para defender la universidad p\u00fablica, uno de los pocos orgullos nacionales que se sostienen a lo largo del tiempo. En aquella oportunidad, en los albores de la presidencia de Javier Milei, el Gobierno tambi\u00e9n le hab\u00eda bajado el precio a la movilizaci\u00f3n, de forma previsible. No obstante, la contundencia de los hechos llev\u00f3 a que Milei, quien suele mirar solo para adelante, decidiera dar un paso atr\u00e1s: finalmente, ampli\u00f3 partidas para el funcionamiento de las casas de estudio en un 70%<\/h3>\n<h3>Los efectos ahora est\u00e1n por verse y el impacto de las im\u00e1genes de las calles colmadas apunta ya menos al Gobierno, decidido a dinamitar la ley de financiamiento a las universidades, que a los aliados del oficialismo de quienes depende sostener ese veto. El PRO, los radicales cuentapropistas y diputados de fuerzas provinciales tendr\u00e1n una pelota caliente en las manos, tras haber aportado al oficialismo en el veto anterior a la reforma jubilatoria. Otra vez, en ellos se encomendar\u00e1 el Presidente para no mostrar flaquezas: si no re\u00fane un tercio de cada c\u00e1mara dar\u00e1 una se\u00f1al de debilidad hacia afuera, en especial hacia los mercados.<\/h3>\n<p><img fetchpriority=\"high\" decoding=\"async\" class=\"wp-image-23281 aligncenter\" src=\"https:\/\/apuntesdesanluis.com\/wp-content\/uploads\/2024\/10\/culiadazo-300x183.png\" alt=\"\" width=\"714\" height=\"435\" srcset=\"https:\/\/apuntesdesanluis.com\/wp-content\/uploads\/2024\/10\/culiadazo-300x183.png 300w, https:\/\/apuntesdesanluis.com\/wp-content\/uploads\/2024\/10\/culiadazo-768x468.png 768w, https:\/\/apuntesdesanluis.com\/wp-content\/uploads\/2024\/10\/culiadazo.png 945w\" sizes=\"(max-width: 714px) 100vw, 714px\" \/><\/p>\n<h3 style=\"text-align: left;\">Javier Milei y su equipo de comunicaci\u00f3n se mantuvieron, incluso en los di\u00e1logos informales, atados al mantra de \u201cla marcha es pol\u00edtica\u201d. Descreen de mediciones de impacto y nada torcer\u00e1 el rumbo de la pol\u00edtica concreta. Es decir, la firma del veto. Incluso, redoblaron la apuesta en la previa. Alzaron datos de cantidad estudiantes, de participaci\u00f3n de extranjeros en la matr\u00edcula, de salarios docentes, y otros etc\u00e9teras para no alterar una consigna que suena absurda: una marea humana movida por intereses partidarios. Aunque, en rigor, ayuda a la tesis libertaria la aparici\u00f3n de lo que Milei denomin\u00f3 &#8220;el tren fantasma&#8221; en su primera reacci\u00f3n a la convocatoria: presencia en la calle de todo el arco pol\u00edtico opositor, en especial del peronismo.<\/h3>\n<h3>De todos modos, que la marcha sea pol\u00edtica es una obviedad, ya que se trata de una pulseada por las prioridades presupuestarias. Un informe de la Asociaci\u00f3n Argentina de Presupuesto (ASAP) remarc\u00f3 que el recorte en lo que va del a\u00f1o es de 32%. Asimismo, el Presupuesto 2025 signa $3,8 billones a las universidades, cerca de la mitad de lo que pide el Consejo Interuniversitario Nacional. &#8220;Si el proyecto para el 2025 no se modifica la situaci\u00f3n de las universidades y el sistema cient\u00edfico ser\u00e1 mucho m\u00e1s grave que la que atravesamos hoy. Lo que estar\u00e1 en juego su continuidad. Ni m\u00e1s ni menos que eso&#8221;, afirm\u00f3 la presidenta de la Federaci\u00f3n Universitaria de Argentina (FUA), Piera Fern\u00e1ndez, en el discurso de cierre.<\/h3>\n<h3><strong>UN TERCIO FLUCTUANTE<\/strong><\/h3>\n<h3>En abril el Gobierno ten\u00eda margen para perder una batalla, en los niveles altos de aprobaci\u00f3n de la luna de miel alargada. En cambio, en los \u00faltimos d\u00edas Javier Milei recibi\u00f3 un c\u00famulo de malas noticias que hicieron mella en su capacidad de respuesta, e incluso en la de marcar la agenda, una virtud que ven\u00eda exhibiendo desde el inicio de su gesti\u00f3n. La ca\u00edda de la imagen, el aumento de la pobreza y el estancamiento de la econom\u00eda ponen presi\u00f3n al Presidente.<\/h3>\n<p><img decoding=\"async\" class=\"wp-image-23282 aligncenter\" src=\"https:\/\/apuntesdesanluis.com\/wp-content\/uploads\/2024\/10\/otra-marcha-300x143.png\" alt=\"\" width=\"686\" height=\"327\" srcset=\"https:\/\/apuntesdesanluis.com\/wp-content\/uploads\/2024\/10\/otra-marcha-300x143.png 300w, https:\/\/apuntesdesanluis.com\/wp-content\/uploads\/2024\/10\/otra-marcha-768x367.png 768w, https:\/\/apuntesdesanluis.com\/wp-content\/uploads\/2024\/10\/otra-marcha.png 919w\" sizes=\"(max-width: 686px) 100vw, 686px\" \/><\/p>\n<h3>Por eso, esta vez la fuerza simb\u00f3lica de la marcha federal dif\u00edcilmente logre los efectos que s\u00ed obtuvo en abril. Y, en cambio, apunta a romper al club del veto. \u00bfPodr\u00e1n los universitarios? &#8220;Vamos a seguir mirando el tema, pero no por la marcha, sino por lo que nosotros creamos&#8221;, dijeron a \u00c1mbito desde el PRO. Es que el silencio de Mauricio Macri genera tensi\u00f3n en el v\u00ednculo con La Libertad Avanza, m\u00e1xime tras su formalizaci\u00f3n como partido con un acto en CABA y con la fusi\u00f3n de bloques en la provincia de Buenos Aires con los amarillos que responden a Patricia Bullrich. El silencio es t\u00e1ctico, ya que de rechazar el veto, Mauricio Macri tambi\u00e9n tendr\u00e1 un desaf\u00edo personal: demostrar cu\u00e1ntos legisladores responden efectivamente a su liderazgo. Una inc\u00f3gnita que podr\u00e1 despejarse.<\/h3>\n<h3>&#8220;Los diputados de R\u00edo Negro y de Misiones no se pronunciaron todavia y van a esperar al d\u00eda de la sesi\u00f3n. Por eso Innovaci\u00f3n Federal no sac\u00f3 un comunicado&#8221;, expres\u00f3 a este medio la titular de ese bloque en la C\u00e1mara baja, la salte\u00f1a Pamela Caletti, quien adem\u00e1s es docente en la universidad p\u00fablica y se expres\u00f3 de manera personal en contra del veto. Los otros dos diputados salte\u00f1os de ese espacio tambi\u00e9n apoyar\u00e1n la ley de financiamiento universitario. En el veto a la reforma jubilatoria, este bloque se abstuvo de votar.<\/h3>\n<h3>El radicalismo tambi\u00e9n sali\u00f3 a jugar fuerte tras las fugas de diputados en el veto anterior, que determin\u00f3 suspensiones a los aventureros. Hay una tradici\u00f3n partidaria de defensa de las universidades, y muchos de los cuadros pol\u00edticos de la UCR se forman en los centros de estudiantes de las facultades. Ahora, apunta a lograr unidad en los bloques de ambas c\u00e1maras.<\/h3>\n<p>&nbsp;<\/p>\n<p>&nbsp;<\/p>\n<p>&nbsp;<\/p>\n<p>&nbsp;<\/p>\n<p>&nbsp;<\/p>\n<p>&nbsp;<\/p>\n","protected":false},"excerpt":{"rendered":"<p>Una vez m\u00e1s, la multitudinaria marcha federal universitaria logr\u00f3 generar un hecho pol\u00edtico que es&#8230;<\/p>\n","protected":false},"author":1,"featured_media":23280,"comment_status":"closed","ping_status":"closed","sticky":false,"template":"","format":"standard","meta":{"footnotes":""},"categories":[5],"tags":[],"class_list":["post-23279","post","type-post","status-publish","format-standard","has-post-thumbnail","hentry","category-nacionales-internacionales"],"yoast_head":"<!-- This site is optimized with the Yoast SEO plugin v26.1.1 - https:\/\/yoast.com\/wordpress\/plugins\/seo\/ -->\n<title>LAS FUERZAS DEL AULA LE DIERON C\u00c1TEDRA A MILEI, CON OTRA MASIVA MARCHA FEDERAL - Apuntes de San Luis<\/title>\n<meta name=\"robots\" content=\"index, follow, max-snippet:-1, max-image-preview:large, max-video-preview:-1\" \/>\n<link rel=\"canonical\" href=\"https:\/\/apuntesdesanluis.com\/index.php\/2024\/10\/02\/las-fuerzas-del-aula-le-dieron-catedra-a-milei-con-otra-masiva-marcha-federal\/\" \/>\n<meta property=\"og:locale\" content=\"es_ES\" \/>\n<meta property=\"og:type\" content=\"article\" \/>\n<meta property=\"og:title\" content=\"LAS FUERZAS DEL AULA LE DIERON C\u00c1TEDRA A MILEI, CON OTRA MASIVA MARCHA FEDERAL - Apuntes de San Luis\" \/>\n<meta property=\"og:description\" content=\"Una vez m\u00e1s, la multitudinaria marcha federal universitaria logr\u00f3 generar un hecho pol\u00edtico que es...\" \/>\n<meta property=\"og:url\" content=\"https:\/\/apuntesdesanluis.com\/index.php\/2024\/10\/02\/las-fuerzas-del-aula-le-dieron-catedra-a-milei-con-otra-masiva-marcha-federal\/\" \/>\n<meta property=\"og:site_name\" content=\"Apuntes de San Luis\" \/>\n<meta property=\"article:published_time\" content=\"2024-10-03T01:42:01+00:00\" \/>\n<meta property=\"og:image\" content=\"https:\/\/apuntesdesanluis.com\/wp-content\/uploads\/2024\/10\/2da.-MARCHA-FEDERAL.png\" \/>\n\t<meta property=\"og:image:width\" content=\"898\" \/>\n\t<meta property=\"og:image:height\" content=\"565\" \/>\n\t<meta property=\"og:image:type\" content=\"image\/png\" \/>\n<meta name=\"author\" content=\"apuntesdesanluis.com\" \/>\n<meta name=\"twitter:card\" content=\"summary_large_image\" \/>\n<meta name=\"twitter:label1\" content=\"Escrito por\" \/>\n\t<meta name=\"twitter:data1\" content=\"apuntesdesanluis.com\" \/>\n\t<meta name=\"twitter:label2\" content=\"Tiempo de lectura\" \/>\n\t<meta name=\"twitter:data2\" content=\"5 minutos\" \/>\n<script type=\"application\/ld+json\" class=\"yoast-schema-graph\">{\"@context\":\"https:\/\/schema.org\",\"@graph\":[{\"@type\":\"Article\",\"@id\":\"https:\/\/apuntesdesanluis.com\/index.php\/2024\/10\/02\/las-fuerzas-del-aula-le-dieron-catedra-a-milei-con-otra-masiva-marcha-federal\/#article\",\"isPartOf\":{\"@id\":\"https:\/\/apuntesdesanluis.com\/index.php\/2024\/10\/02\/las-fuerzas-del-aula-le-dieron-catedra-a-milei-con-otra-masiva-marcha-federal\/\"},\"author\":{\"name\":\"apuntesdesanluis.com\",\"@id\":\"https:\/\/apuntesdesanluis.com\/#\/schema\/person\/b55151d52296fcce64d1a72538a70b90\"},\"headline\":\"LAS FUERZAS DEL AULA LE DIERON C\u00c1TEDRA A MILEI, CON OTRA MASIVA MARCHA FEDERAL\",\"datePublished\":\"2024-10-03T01:42:01+00:00\",\"mainEntityOfPage\":{\"@id\":\"https:\/\/apuntesdesanluis.com\/index.php\/2024\/10\/02\/las-fuerzas-del-aula-le-dieron-catedra-a-milei-con-otra-masiva-marcha-federal\/\"},\"wordCount\":978,\"publisher\":{\"@id\":\"https:\/\/apuntesdesanluis.com\/#\/schema\/person\/b55151d52296fcce64d1a72538a70b90\"},\"image\":{\"@id\":\"https:\/\/apuntesdesanluis.com\/index.php\/2024\/10\/02\/las-fuerzas-del-aula-le-dieron-catedra-a-milei-con-otra-masiva-marcha-federal\/#primaryimage\"},\"thumbnailUrl\":\"https:\/\/apuntesdesanluis.com\/wp-content\/uploads\/2024\/10\/2da.-MARCHA-FEDERAL.png\",\"articleSection\":[\"Nacionales\/Internacionales\"],\"inLanguage\":\"es-AR\"},{\"@type\":\"WebPage\",\"@id\":\"https:\/\/apuntesdesanluis.com\/index.php\/2024\/10\/02\/las-fuerzas-del-aula-le-dieron-catedra-a-milei-con-otra-masiva-marcha-federal\/\",\"url\":\"https:\/\/apuntesdesanluis.com\/index.php\/2024\/10\/02\/las-fuerzas-del-aula-le-dieron-catedra-a-milei-con-otra-masiva-marcha-federal\/\",\"name\":\"LAS FUERZAS DEL AULA LE DIERON C\u00c1TEDRA A MILEI, CON OTRA MASIVA MARCHA FEDERAL - Apuntes de San Luis\",\"isPartOf\":{\"@id\":\"https:\/\/apuntesdesanluis.com\/#website\"},\"primaryImageOfPage\":{\"@id\":\"https:\/\/apuntesdesanluis.com\/index.php\/2024\/10\/02\/las-fuerzas-del-aula-le-dieron-catedra-a-milei-con-otra-masiva-marcha-federal\/#primaryimage\"},\"image\":{\"@id\":\"https:\/\/apuntesdesanluis.com\/index.php\/2024\/10\/02\/las-fuerzas-del-aula-le-dieron-catedra-a-milei-con-otra-masiva-marcha-federal\/#primaryimage\"},\"thumbnailUrl\":\"https:\/\/apuntesdesanluis.com\/wp-content\/uploads\/2024\/10\/2da.-MARCHA-FEDERAL.png\",\"datePublished\":\"2024-10-03T01:42:01+00:00\",\"breadcrumb\":{\"@id\":\"https:\/\/apuntesdesanluis.com\/index.php\/2024\/10\/02\/las-fuerzas-del-aula-le-dieron-catedra-a-milei-con-otra-masiva-marcha-federal\/#breadcrumb\"},\"inLanguage\":\"es-AR\",\"potentialAction\":[{\"@type\":\"ReadAction\",\"target\":[\"https:\/\/apuntesdesanluis.com\/index.php\/2024\/10\/02\/las-fuerzas-del-aula-le-dieron-catedra-a-milei-con-otra-masiva-marcha-federal\/\"]}]},{\"@type\":\"ImageObject\",\"inLanguage\":\"es-AR\",\"@id\":\"https:\/\/apuntesdesanluis.com\/index.php\/2024\/10\/02\/las-fuerzas-del-aula-le-dieron-catedra-a-milei-con-otra-masiva-marcha-federal\/#primaryimage\",\"url\":\"https:\/\/apuntesdesanluis.com\/wp-content\/uploads\/2024\/10\/2da.-MARCHA-FEDERAL.png\",\"contentUrl\":\"https:\/\/apuntesdesanluis.com\/wp-content\/uploads\/2024\/10\/2da.-MARCHA-FEDERAL.png\",\"width\":898,\"height\":565},{\"@type\":\"BreadcrumbList\",\"@id\":\"https:\/\/apuntesdesanluis.com\/index.php\/2024\/10\/02\/las-fuerzas-del-aula-le-dieron-catedra-a-milei-con-otra-masiva-marcha-federal\/#breadcrumb\",\"itemListElement\":[{\"@type\":\"ListItem\",\"position\":1,\"name\":\"Inicio\",\"item\":\"https:\/\/apuntesdesanluis.com\/\"},{\"@type\":\"ListItem\",\"position\":2,\"name\":\"LAS FUERZAS DEL AULA LE DIERON C\u00c1TEDRA A MILEI, CON OTRA MASIVA MARCHA FEDERAL\"}]},{\"@type\":\"WebSite\",\"@id\":\"https:\/\/apuntesdesanluis.com\/#website\",\"url\":\"https:\/\/apuntesdesanluis.com\/\",\"name\":\"Apuntes de San Luis\",\"description\":\"\",\"publisher\":{\"@id\":\"https:\/\/apuntesdesanluis.com\/#\/schema\/person\/b55151d52296fcce64d1a72538a70b90\"},\"potentialAction\":[{\"@type\":\"SearchAction\",\"target\":{\"@type\":\"EntryPoint\",\"urlTemplate\":\"https:\/\/apuntesdesanluis.com\/?s={search_term_string}\"},\"query-input\":{\"@type\":\"PropertyValueSpecification\",\"valueRequired\":true,\"valueName\":\"search_term_string\"}}],\"inLanguage\":\"es-AR\"},{\"@type\":[\"Person\",\"Organization\"],\"@id\":\"https:\/\/apuntesdesanluis.com\/#\/schema\/person\/b55151d52296fcce64d1a72538a70b90\",\"name\":\"apuntesdesanluis.com\",\"image\":{\"@type\":\"ImageObject\",\"inLanguage\":\"es-AR\",\"@id\":\"https:\/\/apuntesdesanluis.com\/#\/schema\/person\/image\/\",\"url\":\"https:\/\/apuntesdesanluis.com\/wp-content\/uploads\/2023\/07\/cropped-apuntesdesanluis.png\",\"contentUrl\":\"https:\/\/apuntesdesanluis.com\/wp-content\/uploads\/2023\/07\/cropped-apuntesdesanluis.png\",\"width\":450,\"height\":112,\"caption\":\"apuntesdesanluis.com\"},\"logo\":{\"@id\":\"https:\/\/apuntesdesanluis.com\/#\/schema\/person\/image\/\"},\"sameAs\":[\"https:\/\/apuntesdesanluis.com\"],\"url\":\"https:\/\/apuntesdesanluis.com\/index.php\/author\/apuntesdesanluis-com\/\"}]}<\/script>\n<!-- \/ Yoast SEO plugin. -->","yoast_head_json":{"title":"LAS FUERZAS DEL AULA LE DIERON C\u00c1TEDRA A MILEI, CON OTRA MASIVA MARCHA FEDERAL - Apuntes de San Luis","robots":{"index":"index","follow":"follow","max-snippet":"max-snippet:-1","max-image-preview":"max-image-preview:large","max-video-preview":"max-video-preview:-1"},"canonical":"https:\/\/apuntesdesanluis.com\/index.php\/2024\/10\/02\/las-fuerzas-del-aula-le-dieron-catedra-a-milei-con-otra-masiva-marcha-federal\/","og_locale":"es_ES","og_type":"article","og_title":"LAS FUERZAS DEL AULA LE DIERON C\u00c1TEDRA A MILEI, CON OTRA MASIVA MARCHA FEDERAL - Apuntes de San Luis","og_description":"Una vez m\u00e1s, la multitudinaria marcha federal universitaria logr\u00f3 generar un hecho pol\u00edtico que es...","og_url":"https:\/\/apuntesdesanluis.com\/index.php\/2024\/10\/02\/las-fuerzas-del-aula-le-dieron-catedra-a-milei-con-otra-masiva-marcha-federal\/","og_site_name":"Apuntes de San Luis","article_published_time":"2024-10-03T01:42:01+00:00","og_image":[{"width":898,"height":565,"url":"https:\/\/apuntesdesanluis.com\/wp-content\/uploads\/2024\/10\/2da.-MARCHA-FEDERAL.png","type":"image\/png"}],"author":"apuntesdesanluis.com","twitter_card":"summary_large_image","twitter_misc":{"Escrito por":"apuntesdesanluis.com","Tiempo de lectura":"5 minutos"},"schema":{"@context":"https:\/\/schema.org","@graph":[{"@type":"Article","@id":"https:\/\/apuntesdesanluis.com\/index.php\/2024\/10\/02\/las-fuerzas-del-aula-le-dieron-catedra-a-milei-con-otra-masiva-marcha-federal\/#article","isPartOf":{"@id":"https:\/\/apuntesdesanluis.com\/index.php\/2024\/10\/02\/las-fuerzas-del-aula-le-dieron-catedra-a-milei-con-otra-masiva-marcha-federal\/"},"author":{"name":"apuntesdesanluis.com","@id":"https:\/\/apuntesdesanluis.com\/#\/schema\/person\/b55151d52296fcce64d1a72538a70b90"},"headline":"LAS FUERZAS DEL AULA LE DIERON C\u00c1TEDRA A MILEI, CON OTRA MASIVA MARCHA FEDERAL","datePublished":"2024-10-03T01:42:01+00:00","mainEntityOfPage":{"@id":"https:\/\/apuntesdesanluis.com\/index.php\/2024\/10\/02\/las-fuerzas-del-aula-le-dieron-catedra-a-milei-con-otra-masiva-marcha-federal\/"},"wordCount":978,"publisher":{"@id":"https:\/\/apuntesdesanluis.com\/#\/schema\/person\/b55151d52296fcce64d1a72538a70b90"},"image":{"@id":"https:\/\/apuntesdesanluis.com\/index.php\/2024\/10\/02\/las-fuerzas-del-aula-le-dieron-catedra-a-milei-con-otra-masiva-marcha-federal\/#primaryimage"},"thumbnailUrl":"https:\/\/apuntesdesanluis.com\/wp-content\/uploads\/2024\/10\/2da.-MARCHA-FEDERAL.png","articleSection":["Nacionales\/Internacionales"],"inLanguage":"es-AR"},{"@type":"WebPage","@id":"https:\/\/apuntesdesanluis.com\/index.php\/2024\/10\/02\/las-fuerzas-del-aula-le-dieron-catedra-a-milei-con-otra-masiva-marcha-federal\/","url":"https:\/\/apuntesdesanluis.com\/index.php\/2024\/10\/02\/las-fuerzas-del-aula-le-dieron-catedra-a-milei-con-otra-masiva-marcha-federal\/","name":"LAS FUERZAS DEL AULA LE DIERON C\u00c1TEDRA A MILEI, CON OTRA MASIVA MARCHA FEDERAL - Apuntes de San Luis","isPartOf":{"@id":"https:\/\/apuntesdesanluis.com\/#website"},"primaryImageOfPage":{"@id":"https:\/\/apuntesdesanluis.com\/index.php\/2024\/10\/02\/las-fuerzas-del-aula-le-dieron-catedra-a-milei-con-otra-masiva-marcha-federal\/#primaryimage"},"image":{"@id":"https:\/\/apuntesdesanluis.com\/index.php\/2024\/10\/02\/las-fuerzas-del-aula-le-dieron-catedra-a-milei-con-otra-masiva-marcha-federal\/#primaryimage"},"thumbnailUrl":"https:\/\/apuntesdesanluis.com\/wp-content\/uploads\/2024\/10\/2da.-MARCHA-FEDERAL.png","datePublished":"2024-10-03T01:42:01+00:00","breadcrumb":{"@id":"https:\/\/apuntesdesanluis.com\/index.php\/2024\/10\/02\/las-fuerzas-del-aula-le-dieron-catedra-a-milei-con-otra-masiva-marcha-federal\/#breadcrumb"},"inLanguage":"es-AR","potentialAction":[{"@type":"ReadAction","target":["https:\/\/apuntesdesanluis.com\/index.php\/2024\/10\/02\/las-fuerzas-del-aula-le-dieron-catedra-a-milei-con-otra-masiva-marcha-federal\/"]}]},{"@type":"ImageObject","inLanguage":"es-AR","@id":"https:\/\/apuntesdesanluis.com\/index.php\/2024\/10\/02\/las-fuerzas-del-aula-le-dieron-catedra-a-milei-con-otra-masiva-marcha-federal\/#primaryimage","url":"https:\/\/apuntesdesanluis.com\/wp-content\/uploads\/2024\/10\/2da.-MARCHA-FEDERAL.png","contentUrl":"https:\/\/apuntesdesanluis.com\/wp-content\/uploads\/2024\/10\/2da.-MARCHA-FEDERAL.png","width":898,"height":565},{"@type":"BreadcrumbList","@id":"https:\/\/apuntesdesanluis.com\/index.php\/2024\/10\/02\/las-fuerzas-del-aula-le-dieron-catedra-a-milei-con-otra-masiva-marcha-federal\/#breadcrumb","itemListElement":[{"@type":"ListItem","position":1,"name":"Inicio","item":"https:\/\/apuntesdesanluis.com\/"},{"@type":"ListItem","position":2,"name":"LAS FUERZAS DEL AULA LE DIERON C\u00c1TEDRA A MILEI, CON OTRA MASIVA MARCHA FEDERAL"}]},{"@type":"WebSite","@id":"https:\/\/apuntesdesanluis.com\/#website","url":"https:\/\/apuntesdesanluis.com\/","name":"Apuntes de San Luis","description":"","publisher":{"@id":"https:\/\/apuntesdesanluis.com\/#\/schema\/person\/b55151d52296fcce64d1a72538a70b90"},"potentialAction":[{"@type":"SearchAction","target":{"@type":"EntryPoint","urlTemplate":"https:\/\/apuntesdesanluis.com\/?s={search_term_string}"},"query-input":{"@type":"PropertyValueSpecification","valueRequired":true,"valueName":"search_term_string"}}],"inLanguage":"es-AR"},{"@type":["Person","Organization"],"@id":"https:\/\/apuntesdesanluis.com\/#\/schema\/person\/b55151d52296fcce64d1a72538a70b90","name":"apuntesdesanluis.com","image":{"@type":"ImageObject","inLanguage":"es-AR","@id":"https:\/\/apuntesdesanluis.com\/#\/schema\/person\/image\/","url":"https:\/\/apuntesdesanluis.com\/wp-content\/uploads\/2023\/07\/cropped-apuntesdesanluis.png","contentUrl":"https:\/\/apuntesdesanluis.com\/wp-content\/uploads\/2023\/07\/cropped-apuntesdesanluis.png","width":450,"height":112,"caption":"apuntesdesanluis.com"},"logo":{"@id":"https:\/\/apuntesdesanluis.com\/#\/schema\/person\/image\/"},"sameAs":["https:\/\/apuntesdesanluis.com"],"url":"https:\/\/apuntesdesanluis.com\/index.php\/author\/apuntesdesanluis-com\/"}]}},"featured_image_urls":{"full":["https:\/\/apuntesdesanluis.com\/wp-content\/uploads\/2024\/10\/2da.-MARCHA-FEDERAL.png",898,565,false],"thumbnail":["https:\/\/apuntesdesanluis.com\/wp-content\/uploads\/2024\/10\/2da.-MARCHA-FEDERAL-150x150.png",150,150,true],"medium":["https:\/\/apuntesdesanluis.com\/wp-content\/uploads\/2024\/10\/2da.-MARCHA-FEDERAL-300x189.png",300,189,true],"medium_large":["https:\/\/apuntesdesanluis.com\/wp-content\/uploads\/2024\/10\/2da.-MARCHA-FEDERAL-768x483.png",640,403,true],"large":["https:\/\/apuntesdesanluis.com\/wp-content\/uploads\/2024\/10\/2da.-MARCHA-FEDERAL.png",640,403,false],"1536x1536":["https:\/\/apuntesdesanluis.com\/wp-content\/uploads\/2024\/10\/2da.-MARCHA-FEDERAL.png",898,565,false],"2048x2048":["https:\/\/apuntesdesanluis.com\/wp-content\/uploads\/2024\/10\/2da.-MARCHA-FEDERAL.png",898,565,false],"newsever-slider-full":["https:\/\/apuntesdesanluis.com\/wp-content\/uploads\/2024\/10\/2da.-MARCHA-FEDERAL.png",898,565,false],"newsever-featured":["https:\/\/apuntesdesanluis.com\/wp-content\/uploads\/2024\/10\/2da.-MARCHA-FEDERAL.png",898,565,false],"newsever-medium":["https:\/\/apuntesdesanluis.com\/wp-content\/uploads\/2024\/10\/2da.-MARCHA-FEDERAL-720x475.png",720,475,true]},"author_info":{"display_name":"apuntesdesanluis.com","author_link":"https:\/\/apuntesdesanluis.com\/index.php\/author\/apuntesdesanluis-com\/"},"category_info":"<a href=\"https:\/\/apuntesdesanluis.com\/index.php\/category\/nacionales-internacionales\/\" rel=\"category tag\">Nacionales\/Internacionales<\/a>","tag_info":"Nacionales\/Internacionales","comment_count":"0","_links":{"self":[{"href":"https:\/\/apuntesdesanluis.com\/index.php\/wp-json\/wp\/v2\/posts\/23279","targetHints":{"allow":["GET"]}}],"collection":[{"href":"https:\/\/apuntesdesanluis.com\/index.php\/wp-json\/wp\/v2\/posts"}],"about":[{"href":"https:\/\/apuntesdesanluis.com\/index.php\/wp-json\/wp\/v2\/types\/post"}],"author":[{"embeddable":true,"href":"https:\/\/apuntesdesanluis.com\/index.php\/wp-json\/wp\/v2\/users\/1"}],"replies":[{"embeddable":true,"href":"https:\/\/apuntesdesanluis.com\/index.php\/wp-json\/wp\/v2\/comments?post=23279"}],"version-history":[{"count":1,"href":"https:\/\/apuntesdesanluis.com\/index.php\/wp-json\/wp\/v2\/posts\/23279\/revisions"}],"predecessor-version":[{"id":23283,"href":"https:\/\/apuntesdesanluis.com\/index.php\/wp-json\/wp\/v2\/posts\/23279\/revisions\/23283"}],"wp:featuredmedia":[{"embeddable":true,"href":"https:\/\/apuntesdesanluis.com\/index.php\/wp-json\/wp\/v2\/media\/23280"}],"wp:attachment":[{"href":"https:\/\/apuntesdesanluis.com\/index.php\/wp-json\/wp\/v2\/media?parent=23279"}],"wp:term":[{"taxonomy":"category","embeddable":true,"href":"https:\/\/apuntesdesanluis.com\/index.php\/wp-json\/wp\/v2\/categories?post=23279"},{"taxonomy":"post_tag","embeddable":true,"href":"https:\/\/apuntesdesanluis.com\/index.php\/wp-json\/wp\/v2\/tags?post=23279"}],"curies":[{"name":"wp","href":"https:\/\/api.w.org\/{rel}","templated":true}]}}