{"id":23294,"date":"2024-10-02T23:18:31","date_gmt":"2024-10-03T02:18:31","guid":{"rendered":"https:\/\/apuntesdesanluis.com\/?p=23294"},"modified":"2024-10-02T23:18:31","modified_gmt":"2024-10-03T02:18:31","slug":"ponen-en-marcha-el-consejo-de-proteccion-financiera-al-adulto-mayor","status":"publish","type":"post","link":"https:\/\/apuntesdesanluis.com\/index.php\/2024\/10\/02\/ponen-en-marcha-el-consejo-de-proteccion-financiera-al-adulto-mayor\/","title":{"rendered":"PONEN EN MARCHA EL CONSEJO DE PROTECCI\u00d3N FINANCIERA AL ADULTO MAYOR"},"content":{"rendered":"<h3>Con la misi\u00f3n de ofrecer educaci\u00f3n financiera a las personas mayores y ser un agente consultivo y preventivo ante posibles estafas, el Ministerio P\u00fablico de la Defensa del Poder Judicial present\u00f3 oficialmente el <strong>Consejo de Protecci\u00f3n Financiera al Adulto Mayor<\/strong>, un organismo interinstitucional integrado por entidades bancarias, la Direcci\u00f3n de Defensa del Consumidor y diversas \u00e1reas del gobierno provincial y municipal especializadas en la atenci\u00f3n de adultos mayores.<\/h3>\n<h3>La presentaci\u00f3n oficial del consejo se realiz\u00f3 este mi\u00e9rcoles al mediod\u00eda en la Estaci\u00f3n de Interconexi\u00f3n Regional de \u00d3mnibus (EDIRO) de la capital puntana, con una gran convocatoria de centros, clubes y agrupaciones de jubilados. El acto inici\u00f3 con la firma de un Acta Constitutiva que marcar\u00e1 el inicio de un espacio clave para la provincia donde las personas mayores de San Luis no solo puedan acceder a herramientas financieras, sino tambi\u00e9n a estar protegidas ante los riesgos y abusos del entorno digital.<\/h3>\n<h3>\u201cTenemos la obligaci\u00f3n de crear pol\u00edticas para acompa\u00f1ar al adulto mayor. Sabemos que el avance de la tecnolog\u00eda ha realizado un cambio de paradigma y es por eso que debemos acompa\u00f1ar con prevenci\u00f3n a nuestros adultos. Por eso debemos ofrecer soluciones concretas, sabemos que la pandemia tambi\u00e9n cambi\u00f3 el escenario y que los adultos mayores quedaron en una situaci\u00f3n de vulnerabilidad en muchos casos\u201d, dijo Pascuarelli y subray\u00f3 la importancia de derribar estas barreras tecnol\u00f3gicas a trav\u00e9s de la educaci\u00f3n y de la creaci\u00f3n de pol\u00edticas p\u00fablicas de protecci\u00f3n.<\/h3>\n<h3>El Consejo tendr\u00e1 la funci\u00f3n de ser un agente consultivo y preventivo frente a las posibles estafas que sufren los adultos mayores por cuestiones de cambios de paradigma a nivel tecnol\u00f3gico y social.<\/h3>\n<p><img fetchpriority=\"high\" decoding=\"async\" class=\"wp-image-23296 aligncenter\" src=\"https:\/\/apuntesdesanluis.com\/wp-content\/uploads\/2024\/10\/CONSEJO-300x215.png\" alt=\"\" width=\"693\" height=\"497\" srcset=\"https:\/\/apuntesdesanluis.com\/wp-content\/uploads\/2024\/10\/CONSEJO-300x215.png 300w, https:\/\/apuntesdesanluis.com\/wp-content\/uploads\/2024\/10\/CONSEJO.png 700w\" sizes=\"(max-width: 693px) 100vw, 693px\" \/><\/p>\n<h3>De acuerdo a datos nacionales, durante la pandemia, 3 de cada 10 personas han sufrido estafas o intentos de fraudes virtuales, lo que pone de manifiesto una problem\u00e1tica conocida como tecnofobia: el temor o rechazo hacia las tecnolog\u00edas, que afecta la disposici\u00f3n de las personas a utilizarlas. El miedo a cometer errores, borrar datos importantes, ser v\u00edctima de estafas o da\u00f1ar los dispositivos tecnol\u00f3gicos son algunas de las preocupaciones m\u00e1s frecuentes entre las personas mayores.<\/h3>\n<h3>La creaci\u00f3n de este espacio refuerza la necesidad de trabajar desde una perspectiva interinstitucional, para que las personas mayores de San Luis no solo puedan acceder a herramientas financieras, sino tambi\u00e9n estar protegidas ante los riesgos y abusos del entorno digital.<\/h3>\n<h3>Conforme aumenta la edad, disminuye el uso de tecnolog\u00edas y esta situaci\u00f3n genera una mayor dependencia de terceros para que los adultos mayores puedan desenvolverse en el entorno digital. Sin embargo, 6 de cada 10 personas mayores no cuentan con alguien que los asista en este aspecto, lo que agrava la brecha digital y reduce su autonom\u00eda.<\/h3>\n<h3>\u201cEl rol de los adultos mayores en la sociedad es valios\u00edsimo y por eso vamos a trabajar para cuidar y defender sus derechos como el acceso a la informaci\u00f3n y la inclusi\u00f3n digital\u201d, expres\u00f3 la Directora del Programa Defensa del Consumidor del Gobierno de la provincia de San Luis, Cecilia Hissa.<\/h3>\n<h3>El acta constitutiva fue firmada por:<\/h3>\n<h3>El Defensor General de la provincia, Dr. Gast\u00f3n Pascuarelli.<\/h3>\n<h3>El Defensor del Pueblo de la provincia de San Luis, Dr. Guillermo Belgrano Rawson.<\/h3>\n<h3>La Directora del Programa Defensa del Consumidor del Gobierno de la provincia de San Luis, Dra. Cecilia Hissa.<\/h3>\n<h3>La Directora de Personas Mayores del Gobierno de la provincia de San Luis, Dra. Mar\u00eda del Carmen Maltese.<\/h3>\n<h3>La Responsable del \u00c1rea Adultos Mayores de la Municipalidad de la\u00a0ciudad de San Luis, Sra. Pilar Meli\u00e1n.<\/h3>\n<h3>La Presidente de la Fundaci\u00f3n \u201cEl espacio de los Grandes\u201d, Prof. Elisa Sosa.<\/h3>\n<h3>En representaci\u00f3n de las entidades bancarias de la provincia,\u00a0 Patricia Martinelli -Banco Macro- y Pedro Canali -Banco Columbia-\u00a0rubricaron el acta.<\/h3>\n<p>&nbsp;<\/p>\n<p>&nbsp;<\/p>\n<p>&nbsp;<\/p>\n<p>&nbsp;<\/p>\n<p>&nbsp;<\/p>\n<p>&nbsp;<\/p>\n","protected":false},"excerpt":{"rendered":"<p>Con la misi\u00f3n de ofrecer educaci\u00f3n financiera a las personas mayores y ser un agente&#8230;<\/p>\n","protected":false},"author":1,"featured_media":23295,"comment_status":"closed","ping_status":"closed","sticky":false,"template":"","format":"standard","meta":{"footnotes":""},"categories":[6],"tags":[],"class_list":["post-23294","post","type-post","status-publish","format-standard","has-post-thumbnail","hentry","category-ciudad-provincia"],"yoast_head":"<!-- This site is optimized with the Yoast SEO plugin v26.1.1 - https:\/\/yoast.com\/wordpress\/plugins\/seo\/ -->\n<title>PONEN EN MARCHA EL CONSEJO DE PROTECCI\u00d3N FINANCIERA AL ADULTO MAYOR - Apuntes de San Luis<\/title>\n<meta name=\"robots\" content=\"index, follow, max-snippet:-1, max-image-preview:large, max-video-preview:-1\" \/>\n<link rel=\"canonical\" href=\"https:\/\/apuntesdesanluis.com\/index.php\/2024\/10\/02\/ponen-en-marcha-el-consejo-de-proteccion-financiera-al-adulto-mayor\/\" \/>\n<meta property=\"og:locale\" content=\"es_ES\" \/>\n<meta property=\"og:type\" content=\"article\" \/>\n<meta property=\"og:title\" content=\"PONEN EN MARCHA EL CONSEJO DE PROTECCI\u00d3N FINANCIERA AL ADULTO MAYOR - Apuntes de San Luis\" \/>\n<meta property=\"og:description\" content=\"Con la misi\u00f3n de ofrecer educaci\u00f3n financiera a las personas mayores y ser un agente...\" \/>\n<meta property=\"og:url\" content=\"https:\/\/apuntesdesanluis.com\/index.php\/2024\/10\/02\/ponen-en-marcha-el-consejo-de-proteccion-financiera-al-adulto-mayor\/\" \/>\n<meta property=\"og:site_name\" content=\"Apuntes de San Luis\" \/>\n<meta property=\"article:published_time\" content=\"2024-10-03T02:18:31+00:00\" \/>\n<meta property=\"og:image\" content=\"https:\/\/apuntesdesanluis.com\/wp-content\/uploads\/2024\/10\/ADU.LTO-MAYOIR.png\" \/>\n\t<meta property=\"og:image:width\" content=\"700\" \/>\n\t<meta property=\"og:image:height\" content=\"434\" \/>\n\t<meta property=\"og:image:type\" content=\"image\/png\" \/>\n<meta name=\"author\" content=\"apuntesdesanluis.com\" \/>\n<meta name=\"twitter:card\" content=\"summary_large_image\" \/>\n<meta name=\"twitter:label1\" content=\"Escrito por\" \/>\n\t<meta name=\"twitter:data1\" content=\"apuntesdesanluis.com\" \/>\n\t<meta name=\"twitter:label2\" content=\"Tiempo de lectura\" \/>\n\t<meta name=\"twitter:data2\" content=\"4 minutos\" \/>\n<script type=\"application\/ld+json\" class=\"yoast-schema-graph\">{\"@context\":\"https:\/\/schema.org\",\"@graph\":[{\"@type\":\"Article\",\"@id\":\"https:\/\/apuntesdesanluis.com\/index.php\/2024\/10\/02\/ponen-en-marcha-el-consejo-de-proteccion-financiera-al-adulto-mayor\/#article\",\"isPartOf\":{\"@id\":\"https:\/\/apuntesdesanluis.com\/index.php\/2024\/10\/02\/ponen-en-marcha-el-consejo-de-proteccion-financiera-al-adulto-mayor\/\"},\"author\":{\"name\":\"apuntesdesanluis.com\",\"@id\":\"https:\/\/apuntesdesanluis.com\/#\/schema\/person\/b55151d52296fcce64d1a72538a70b90\"},\"headline\":\"PONEN EN MARCHA EL CONSEJO DE PROTECCI\u00d3N FINANCIERA AL ADULTO MAYOR\",\"datePublished\":\"2024-10-03T02:18:31+00:00\",\"mainEntityOfPage\":{\"@id\":\"https:\/\/apuntesdesanluis.com\/index.php\/2024\/10\/02\/ponen-en-marcha-el-consejo-de-proteccion-financiera-al-adulto-mayor\/\"},\"wordCount\":677,\"publisher\":{\"@id\":\"https:\/\/apuntesdesanluis.com\/#\/schema\/person\/b55151d52296fcce64d1a72538a70b90\"},\"image\":{\"@id\":\"https:\/\/apuntesdesanluis.com\/index.php\/2024\/10\/02\/ponen-en-marcha-el-consejo-de-proteccion-financiera-al-adulto-mayor\/#primaryimage\"},\"thumbnailUrl\":\"https:\/\/apuntesdesanluis.com\/wp-content\/uploads\/2024\/10\/ADU.LTO-MAYOIR.png\",\"articleSection\":[\"Ciudad\/Provincia\"],\"inLanguage\":\"es-AR\"},{\"@type\":\"WebPage\",\"@id\":\"https:\/\/apuntesdesanluis.com\/index.php\/2024\/10\/02\/ponen-en-marcha-el-consejo-de-proteccion-financiera-al-adulto-mayor\/\",\"url\":\"https:\/\/apuntesdesanluis.com\/index.php\/2024\/10\/02\/ponen-en-marcha-el-consejo-de-proteccion-financiera-al-adulto-mayor\/\",\"name\":\"PONEN EN MARCHA EL CONSEJO DE PROTECCI\u00d3N FINANCIERA AL ADULTO MAYOR - Apuntes de San Luis\",\"isPartOf\":{\"@id\":\"https:\/\/apuntesdesanluis.com\/#website\"},\"primaryImageOfPage\":{\"@id\":\"https:\/\/apuntesdesanluis.com\/index.php\/2024\/10\/02\/ponen-en-marcha-el-consejo-de-proteccion-financiera-al-adulto-mayor\/#primaryimage\"},\"image\":{\"@id\":\"https:\/\/apuntesdesanluis.com\/index.php\/2024\/10\/02\/ponen-en-marcha-el-consejo-de-proteccion-financiera-al-adulto-mayor\/#primaryimage\"},\"thumbnailUrl\":\"https:\/\/apuntesdesanluis.com\/wp-content\/uploads\/2024\/10\/ADU.LTO-MAYOIR.png\",\"datePublished\":\"2024-10-03T02:18:31+00:00\",\"breadcrumb\":{\"@id\":\"https:\/\/apuntesdesanluis.com\/index.php\/2024\/10\/02\/ponen-en-marcha-el-consejo-de-proteccion-financiera-al-adulto-mayor\/#breadcrumb\"},\"inLanguage\":\"es-AR\",\"potentialAction\":[{\"@type\":\"ReadAction\",\"target\":[\"https:\/\/apuntesdesanluis.com\/index.php\/2024\/10\/02\/ponen-en-marcha-el-consejo-de-proteccion-financiera-al-adulto-mayor\/\"]}]},{\"@type\":\"ImageObject\",\"inLanguage\":\"es-AR\",\"@id\":\"https:\/\/apuntesdesanluis.com\/index.php\/2024\/10\/02\/ponen-en-marcha-el-consejo-de-proteccion-financiera-al-adulto-mayor\/#primaryimage\",\"url\":\"https:\/\/apuntesdesanluis.com\/wp-content\/uploads\/2024\/10\/ADU.LTO-MAYOIR.png\",\"contentUrl\":\"https:\/\/apuntesdesanluis.com\/wp-content\/uploads\/2024\/10\/ADU.LTO-MAYOIR.png\",\"width\":700,\"height\":434},{\"@type\":\"BreadcrumbList\",\"@id\":\"https:\/\/apuntesdesanluis.com\/index.php\/2024\/10\/02\/ponen-en-marcha-el-consejo-de-proteccion-financiera-al-adulto-mayor\/#breadcrumb\",\"itemListElement\":[{\"@type\":\"ListItem\",\"position\":1,\"name\":\"Inicio\",\"item\":\"https:\/\/apuntesdesanluis.com\/\"},{\"@type\":\"ListItem\",\"position\":2,\"name\":\"PONEN EN MARCHA EL CONSEJO DE PROTECCI\u00d3N FINANCIERA AL ADULTO MAYOR\"}]},{\"@type\":\"WebSite\",\"@id\":\"https:\/\/apuntesdesanluis.com\/#website\",\"url\":\"https:\/\/apuntesdesanluis.com\/\",\"name\":\"Apuntes de San Luis\",\"description\":\"\",\"publisher\":{\"@id\":\"https:\/\/apuntesdesanluis.com\/#\/schema\/person\/b55151d52296fcce64d1a72538a70b90\"},\"potentialAction\":[{\"@type\":\"SearchAction\",\"target\":{\"@type\":\"EntryPoint\",\"urlTemplate\":\"https:\/\/apuntesdesanluis.com\/?s={search_term_string}\"},\"query-input\":{\"@type\":\"PropertyValueSpecification\",\"valueRequired\":true,\"valueName\":\"search_term_string\"}}],\"inLanguage\":\"es-AR\"},{\"@type\":[\"Person\",\"Organization\"],\"@id\":\"https:\/\/apuntesdesanluis.com\/#\/schema\/person\/b55151d52296fcce64d1a72538a70b90\",\"name\":\"apuntesdesanluis.com\",\"image\":{\"@type\":\"ImageObject\",\"inLanguage\":\"es-AR\",\"@id\":\"https:\/\/apuntesdesanluis.com\/#\/schema\/person\/image\/\",\"url\":\"https:\/\/apuntesdesanluis.com\/wp-content\/uploads\/2023\/07\/cropped-apuntesdesanluis.png\",\"contentUrl\":\"https:\/\/apuntesdesanluis.com\/wp-content\/uploads\/2023\/07\/cropped-apuntesdesanluis.png\",\"width\":450,\"height\":112,\"caption\":\"apuntesdesanluis.com\"},\"logo\":{\"@id\":\"https:\/\/apuntesdesanluis.com\/#\/schema\/person\/image\/\"},\"sameAs\":[\"https:\/\/apuntesdesanluis.com\"],\"url\":\"https:\/\/apuntesdesanluis.com\/index.php\/author\/apuntesdesanluis-com\/\"}]}<\/script>\n<!-- \/ Yoast SEO plugin. -->","yoast_head_json":{"title":"PONEN EN MARCHA EL CONSEJO DE PROTECCI\u00d3N FINANCIERA AL ADULTO MAYOR - Apuntes de San Luis","robots":{"index":"index","follow":"follow","max-snippet":"max-snippet:-1","max-image-preview":"max-image-preview:large","max-video-preview":"max-video-preview:-1"},"canonical":"https:\/\/apuntesdesanluis.com\/index.php\/2024\/10\/02\/ponen-en-marcha-el-consejo-de-proteccion-financiera-al-adulto-mayor\/","og_locale":"es_ES","og_type":"article","og_title":"PONEN EN MARCHA EL CONSEJO DE PROTECCI\u00d3N FINANCIERA AL ADULTO MAYOR - Apuntes de San Luis","og_description":"Con la misi\u00f3n de ofrecer educaci\u00f3n financiera a las personas mayores y ser un agente...","og_url":"https:\/\/apuntesdesanluis.com\/index.php\/2024\/10\/02\/ponen-en-marcha-el-consejo-de-proteccion-financiera-al-adulto-mayor\/","og_site_name":"Apuntes de San Luis","article_published_time":"2024-10-03T02:18:31+00:00","og_image":[{"width":700,"height":434,"url":"https:\/\/apuntesdesanluis.com\/wp-content\/uploads\/2024\/10\/ADU.LTO-MAYOIR.png","type":"image\/png"}],"author":"apuntesdesanluis.com","twitter_card":"summary_large_image","twitter_misc":{"Escrito por":"apuntesdesanluis.com","Tiempo de lectura":"4 minutos"},"schema":{"@context":"https:\/\/schema.org","@graph":[{"@type":"Article","@id":"https:\/\/apuntesdesanluis.com\/index.php\/2024\/10\/02\/ponen-en-marcha-el-consejo-de-proteccion-financiera-al-adulto-mayor\/#article","isPartOf":{"@id":"https:\/\/apuntesdesanluis.com\/index.php\/2024\/10\/02\/ponen-en-marcha-el-consejo-de-proteccion-financiera-al-adulto-mayor\/"},"author":{"name":"apuntesdesanluis.com","@id":"https:\/\/apuntesdesanluis.com\/#\/schema\/person\/b55151d52296fcce64d1a72538a70b90"},"headline":"PONEN EN MARCHA EL CONSEJO DE PROTECCI\u00d3N FINANCIERA AL ADULTO MAYOR","datePublished":"2024-10-03T02:18:31+00:00","mainEntityOfPage":{"@id":"https:\/\/apuntesdesanluis.com\/index.php\/2024\/10\/02\/ponen-en-marcha-el-consejo-de-proteccion-financiera-al-adulto-mayor\/"},"wordCount":677,"publisher":{"@id":"https:\/\/apuntesdesanluis.com\/#\/schema\/person\/b55151d52296fcce64d1a72538a70b90"},"image":{"@id":"https:\/\/apuntesdesanluis.com\/index.php\/2024\/10\/02\/ponen-en-marcha-el-consejo-de-proteccion-financiera-al-adulto-mayor\/#primaryimage"},"thumbnailUrl":"https:\/\/apuntesdesanluis.com\/wp-content\/uploads\/2024\/10\/ADU.LTO-MAYOIR.png","articleSection":["Ciudad\/Provincia"],"inLanguage":"es-AR"},{"@type":"WebPage","@id":"https:\/\/apuntesdesanluis.com\/index.php\/2024\/10\/02\/ponen-en-marcha-el-consejo-de-proteccion-financiera-al-adulto-mayor\/","url":"https:\/\/apuntesdesanluis.com\/index.php\/2024\/10\/02\/ponen-en-marcha-el-consejo-de-proteccion-financiera-al-adulto-mayor\/","name":"PONEN EN MARCHA EL CONSEJO DE PROTECCI\u00d3N FINANCIERA AL ADULTO MAYOR - Apuntes de San Luis","isPartOf":{"@id":"https:\/\/apuntesdesanluis.com\/#website"},"primaryImageOfPage":{"@id":"https:\/\/apuntesdesanluis.com\/index.php\/2024\/10\/02\/ponen-en-marcha-el-consejo-de-proteccion-financiera-al-adulto-mayor\/#primaryimage"},"image":{"@id":"https:\/\/apuntesdesanluis.com\/index.php\/2024\/10\/02\/ponen-en-marcha-el-consejo-de-proteccion-financiera-al-adulto-mayor\/#primaryimage"},"thumbnailUrl":"https:\/\/apuntesdesanluis.com\/wp-content\/uploads\/2024\/10\/ADU.LTO-MAYOIR.png","datePublished":"2024-10-03T02:18:31+00:00","breadcrumb":{"@id":"https:\/\/apuntesdesanluis.com\/index.php\/2024\/10\/02\/ponen-en-marcha-el-consejo-de-proteccion-financiera-al-adulto-mayor\/#breadcrumb"},"inLanguage":"es-AR","potentialAction":[{"@type":"ReadAction","target":["https:\/\/apuntesdesanluis.com\/index.php\/2024\/10\/02\/ponen-en-marcha-el-consejo-de-proteccion-financiera-al-adulto-mayor\/"]}]},{"@type":"ImageObject","inLanguage":"es-AR","@id":"https:\/\/apuntesdesanluis.com\/index.php\/2024\/10\/02\/ponen-en-marcha-el-consejo-de-proteccion-financiera-al-adulto-mayor\/#primaryimage","url":"https:\/\/apuntesdesanluis.com\/wp-content\/uploads\/2024\/10\/ADU.LTO-MAYOIR.png","contentUrl":"https:\/\/apuntesdesanluis.com\/wp-content\/uploads\/2024\/10\/ADU.LTO-MAYOIR.png","width":700,"height":434},{"@type":"BreadcrumbList","@id":"https:\/\/apuntesdesanluis.com\/index.php\/2024\/10\/02\/ponen-en-marcha-el-consejo-de-proteccion-financiera-al-adulto-mayor\/#breadcrumb","itemListElement":[{"@type":"ListItem","position":1,"name":"Inicio","item":"https:\/\/apuntesdesanluis.com\/"},{"@type":"ListItem","position":2,"name":"PONEN EN MARCHA EL CONSEJO DE PROTECCI\u00d3N FINANCIERA AL ADULTO MAYOR"}]},{"@type":"WebSite","@id":"https:\/\/apuntesdesanluis.com\/#website","url":"https:\/\/apuntesdesanluis.com\/","name":"Apuntes de San Luis","description":"","publisher":{"@id":"https:\/\/apuntesdesanluis.com\/#\/schema\/person\/b55151d52296fcce64d1a72538a70b90"},"potentialAction":[{"@type":"SearchAction","target":{"@type":"EntryPoint","urlTemplate":"https:\/\/apuntesdesanluis.com\/?s={search_term_string}"},"query-input":{"@type":"PropertyValueSpecification","valueRequired":true,"valueName":"search_term_string"}}],"inLanguage":"es-AR"},{"@type":["Person","Organization"],"@id":"https:\/\/apuntesdesanluis.com\/#\/schema\/person\/b55151d52296fcce64d1a72538a70b90","name":"apuntesdesanluis.com","image":{"@type":"ImageObject","inLanguage":"es-AR","@id":"https:\/\/apuntesdesanluis.com\/#\/schema\/person\/image\/","url":"https:\/\/apuntesdesanluis.com\/wp-content\/uploads\/2023\/07\/cropped-apuntesdesanluis.png","contentUrl":"https:\/\/apuntesdesanluis.com\/wp-content\/uploads\/2023\/07\/cropped-apuntesdesanluis.png","width":450,"height":112,"caption":"apuntesdesanluis.com"},"logo":{"@id":"https:\/\/apuntesdesanluis.com\/#\/schema\/person\/image\/"},"sameAs":["https:\/\/apuntesdesanluis.com"],"url":"https:\/\/apuntesdesanluis.com\/index.php\/author\/apuntesdesanluis-com\/"}]}},"featured_image_urls":{"full":["https:\/\/apuntesdesanluis.com\/wp-content\/uploads\/2024\/10\/ADU.LTO-MAYOIR.png",700,434,false],"thumbnail":["https:\/\/apuntesdesanluis.com\/wp-content\/uploads\/2024\/10\/ADU.LTO-MAYOIR-150x150.png",150,150,true],"medium":["https:\/\/apuntesdesanluis.com\/wp-content\/uploads\/2024\/10\/ADU.LTO-MAYOIR-300x186.png",300,186,true],"medium_large":["https:\/\/apuntesdesanluis.com\/wp-content\/uploads\/2024\/10\/ADU.LTO-MAYOIR.png",640,397,false],"large":["https:\/\/apuntesdesanluis.com\/wp-content\/uploads\/2024\/10\/ADU.LTO-MAYOIR.png",640,397,false],"1536x1536":["https:\/\/apuntesdesanluis.com\/wp-content\/uploads\/2024\/10\/ADU.LTO-MAYOIR.png",700,434,false],"2048x2048":["https:\/\/apuntesdesanluis.com\/wp-content\/uploads\/2024\/10\/ADU.LTO-MAYOIR.png",700,434,false],"newsever-slider-full":["https:\/\/apuntesdesanluis.com\/wp-content\/uploads\/2024\/10\/ADU.LTO-MAYOIR.png",700,434,false],"newsever-featured":["https:\/\/apuntesdesanluis.com\/wp-content\/uploads\/2024\/10\/ADU.LTO-MAYOIR.png",700,434,false],"newsever-medium":["https:\/\/apuntesdesanluis.com\/wp-content\/uploads\/2024\/10\/ADU.LTO-MAYOIR.png",700,434,false]},"author_info":{"display_name":"apuntesdesanluis.com","author_link":"https:\/\/apuntesdesanluis.com\/index.php\/author\/apuntesdesanluis-com\/"},"category_info":"<a href=\"https:\/\/apuntesdesanluis.com\/index.php\/category\/ciudad-provincia\/\" rel=\"category tag\">Ciudad\/Provincia<\/a>","tag_info":"Ciudad\/Provincia","comment_count":"0","_links":{"self":[{"href":"https:\/\/apuntesdesanluis.com\/index.php\/wp-json\/wp\/v2\/posts\/23294","targetHints":{"allow":["GET"]}}],"collection":[{"href":"https:\/\/apuntesdesanluis.com\/index.php\/wp-json\/wp\/v2\/posts"}],"about":[{"href":"https:\/\/apuntesdesanluis.com\/index.php\/wp-json\/wp\/v2\/types\/post"}],"author":[{"embeddable":true,"href":"https:\/\/apuntesdesanluis.com\/index.php\/wp-json\/wp\/v2\/users\/1"}],"replies":[{"embeddable":true,"href":"https:\/\/apuntesdesanluis.com\/index.php\/wp-json\/wp\/v2\/comments?post=23294"}],"version-history":[{"count":1,"href":"https:\/\/apuntesdesanluis.com\/index.php\/wp-json\/wp\/v2\/posts\/23294\/revisions"}],"predecessor-version":[{"id":23297,"href":"https:\/\/apuntesdesanluis.com\/index.php\/wp-json\/wp\/v2\/posts\/23294\/revisions\/23297"}],"wp:featuredmedia":[{"embeddable":true,"href":"https:\/\/apuntesdesanluis.com\/index.php\/wp-json\/wp\/v2\/media\/23295"}],"wp:attachment":[{"href":"https:\/\/apuntesdesanluis.com\/index.php\/wp-json\/wp\/v2\/media?parent=23294"}],"wp:term":[{"taxonomy":"category","embeddable":true,"href":"https:\/\/apuntesdesanluis.com\/index.php\/wp-json\/wp\/v2\/categories?post=23294"},{"taxonomy":"post_tag","embeddable":true,"href":"https:\/\/apuntesdesanluis.com\/index.php\/wp-json\/wp\/v2\/tags?post=23294"}],"curies":[{"name":"wp","href":"https:\/\/api.w.org\/{rel}","templated":true}]}}