{"id":23298,"date":"2024-10-02T23:26:20","date_gmt":"2024-10-03T02:26:20","guid":{"rendered":"https:\/\/apuntesdesanluis.com\/?p=23298"},"modified":"2024-10-02T23:26:20","modified_gmt":"2024-10-03T02:26:20","slug":"dictan-prision-preventiva-a-la-mujer-que-asesino-a-sus-hijos","status":"publish","type":"post","link":"https:\/\/apuntesdesanluis.com\/index.php\/2024\/10\/02\/dictan-prision-preventiva-a-la-mujer-que-asesino-a-sus-hijos\/","title":{"rendered":"DICTAN PRISI\u00d3N PREVENTIVA A LA MUJER QUE ASESIN\u00d3 A SUS HIJOS"},"content":{"rendered":"<h3><strong>Marina Silva<\/strong> fue imputada por homicidio doblemente calificado por el v\u00ednculo y por alevos\u00eda agravado por el uso de arma de fuego y trasladada al Servicio Penitenciario Provincial bajo prisi\u00f3n preventiva. As\u00ed lo orden\u00f3 este mi\u00e9rcoles la juez de Garant\u00eda N\u00b0 4 de la ciudad de San Luis, Natalia Lazarte Otero, quien dio por formulados los cargos contra la acusada de 30 a\u00f1os e hizo lugar a la medida coercitiva solicitada por la Fiscal\u00eda de Instrucci\u00f3n N\u00b0 4.<\/h3>\n<h3>Las v\u00edctimas ten\u00edan 2 y 7 a\u00f1os y eran hijos de Silva. La mujer se desempe\u00f1aba como polic\u00eda en la Comisar\u00eda N\u00b0 34 de Juana Koslay y el hecho ocurri\u00f3 este lunes a la ma\u00f1ana en esa misma localidad, en la vivienda ubicada en la Manzana 7 del Barrio Fresnos Americanos.<\/h3>\n<h3>En la audiencia de imputaci\u00f3n, que se realiz\u00f3 en la Sala de Oralidad N\u00b0 2, la acusada se abstuvo de declarar y fue representada por el Defensor Oficial en los Penal N\u00b0 1, Carlos Salazar, quien present\u00f3 un h\u00e1beas corpus porque entend\u00eda que estaban vencidos los plazos de detenci\u00f3n y pidi\u00f3 la inmediata libertad. Sin embargo, la jueza de Garant\u00eda lo rechaz\u00f3.<\/h3>\n<h3>La juez Lazarte Otero, adem\u00e1s de hacer lugar al pedido de la fiscal\u00eda, orden\u00f3 que se le hiciera saber a las autoridades del Servicio Penitenciario Provincial \u201cque van a tener que extremar las medidas de contenci\u00f3n y de cuidado y tambi\u00e9n de asistencia psicol\u00f3gica y psiqui\u00e1trica que necesite la se\u00f1ora Silva\u201d.<\/h3>\n<h3><strong>UN MENSAJE DE DESPEDIDA<\/strong><\/h3>\n<h3>La fiscal adjunta Antonella Romagnoli detall\u00f3 los hechos que fueron materia de imputaci\u00f3n. \u201cSilva y sus dos hijos se encontraban en su domicilio. Estaban durmiendo en una cama matrimonial, en una habitaci\u00f3n ubicada al fondo de un pasillo. Fue all\u00ed que la acusada tom\u00f3 su arma reglamentaria y se dispuso a darles muerte a sus hijos. Antes, hab\u00eda colocado una garrafa celeste, dejando abierta la llave de gas, produciendo la p\u00e9rdida de gas y la somnolencia de sus hijos. Luego dispar\u00f3 contra el colch\u00f3n del lado izquierdo a la altura de los pies de la cama, a los fines probar el correcto funcionamiento del arma. Despu\u00e9s coloc\u00f3 una almohada y una toalla encima del rostro de sus hijos y les propin\u00f3 dos disparos a quemarropa\u201d.<\/h3>\n<h3><img fetchpriority=\"high\" decoding=\"async\" class=\"wp-image-23300 aligncenter\" src=\"https:\/\/apuntesdesanluis.com\/wp-content\/uploads\/2024\/10\/MUJER-POLICIA-MARINA-SILVA-300x165.png\" alt=\"\" width=\"658\" height=\"362\" srcset=\"https:\/\/apuntesdesanluis.com\/wp-content\/uploads\/2024\/10\/MUJER-POLICIA-MARINA-SILVA-300x165.png 300w, https:\/\/apuntesdesanluis.com\/wp-content\/uploads\/2024\/10\/MUJER-POLICIA-MARINA-SILVA-768x424.png 768w, https:\/\/apuntesdesanluis.com\/wp-content\/uploads\/2024\/10\/MUJER-POLICIA-MARINA-SILVA.png 979w\" sizes=\"(max-width: 658px) 100vw, 658px\" \/><\/h3>\n<h3>Los menores presentaron un disparo en el pecho, del lado izquierdo, y otro disparo al costado derecho de la cabeza, a la altura de la oreja. La muerte fue inmediata.<\/h3>\n<h3>\u201cLa imputada luego escribi\u00f3 una carta que dec\u00eda \u00b4ni Jonathan ni mi mam\u00e1 me hicieron embargar el sueldo, yo sola me llene de deudas. Perd\u00f3n, ya no pude m\u00e1s, no es culpa de nadie, pero necesito paz. Pa y Ma perd\u00f3n, perd\u00f3n por no segur m\u00e1s. No quiero que mis hijos sean una carga para nadie, los amo tanto que quiero que estemos juntos\u00b4. Luego dejo dos carteles, uno pegado a la puerta que da a la salida del patio que dec\u00eda \u00b4no entres\u00b4. Otro dec\u00eda \u00b4llama a la polic\u00eda, no entres\u00b4. Silva luego se retir\u00f3 del domicilio a las 06:40 horas, dejando la puerta cerrada y las llaves de ingreso tiradas en el piso, dejando entreabierta la puerta de la reja. Despu\u00e9s env\u00edo un mensaje al win (celular) de la comisar\u00eda donde ped\u00eda que mandaran un m\u00f3vil a la casa, que estaba la puerta abierta\u201d.<\/h3>\n<h3><\/h3>\n<h3>A los pocos minutos lleg\u00f3 personal policial a la vivienda de Silva. All\u00ed estaba la hermana de la acusada, que vive a pocos metros. \u201cElla cont\u00f3 que a las 7 se levant\u00f3 y advirti\u00f3 que en el grupo de Whatsapp de la familia preguntaban por Marina y si alguien sab\u00eda algo, por los mensajes que hab\u00eda dejado. Estaba en shock. Vio los carteles que hab\u00eda dejado su hermana, sac\u00f3 la garrafa, abri\u00f3 unas ventanas, pero despu\u00e9s le pidi\u00f3 al inspector que ingresara y recorriera la casa\u201d, dijo la fiscal adjunta.<\/h3>\n<h3>El informe forense determin\u00f3 que la ni\u00f1a de siete a\u00f1os muri\u00f3 por lesi\u00f3n cerebro cardiopulmonar por pasaje de proyectil de arma de fuego mientras que el ni\u00f1o de dos la causal de muerte fue lesi\u00f3n cerebro pulmonar a consecuencia de pasaje de proyectil de arma de fuego.<\/h3>\n<h3>Mientras suced\u00eda esto, otro grupo de polic\u00edas estaba abocado a la b\u00fasqueda de Silva. Por las c\u00e1maras se la pudo observar que camina hacia el dique Cruz de Piedra. \u201cLa encontraron sentada en piso, llorando, junto a un arma de color negro. Al lado hab\u00eda una s\u00e1bana. Con cautela, una polic\u00eda se le acerc\u00f3, la abraz\u00f3 y con los pies corri\u00f3 el arma de fuego. Silva le dijo que se quer\u00eda ir con sus hijos y su abuela, en referencia a que su abuela hab\u00eda fallecido hace dos meses.\u201d, describi\u00f3 la funcionaria. Por el estado emocional que presentaba la mujer la trasladaron a la Comisar\u00eda de Atenci\u00f3n a la Ni\u00f1ez, Adolescencia y Familia, donde trabaja un equipo de psic\u00f3logos.<\/h3>\n<h3>\u201cEs la \u00fanica comisar\u00eda que tiene personal psicol\u00f3gico para poder brindar contenci\u00f3n quedando all\u00ed el resguardo ya que la imputada en varias oportunidades reiteraba que quer\u00eda quitarse la vida\u201d, explic\u00f3 Romagnoli.<\/h3>\n<h3>La fiscal de Instrucci\u00f3n Mar\u00eda del Valle Dur\u00e1n fundament\u00f3 la solicitud de prisi\u00f3n preventiva por la existencia de riesgos procesales de fuga, entorpecimiento de la investigaci\u00f3n y el riesgo para la integridad de la v\u00edctima o de su familia; adem\u00e1s de todos los elementos de convicci\u00f3n y evidencia que posee el Ministerio P\u00fablico Fiscal.<\/h3>\n<h3>\u201cEn este caso tan grave, es l\u00f3gico pensar en el riesgo en que la impulsada va a tratar de evitar la condena, de fugarse o inclusive de quitarse la vida. Es por ello que existe un riesgo de fuga por lo que debemos cautelar la investigaci\u00f3n. Asimismo, el riesgo de entorpecimiento y el riesgo para las familias de las v\u00edctimas y para la misma imputada\u201d, sostuvo la fiscal de Instrucci\u00f3n.<\/h3>\n<h3>\u201cLa prueba contra la imputada es demoledora. Despu\u00e9s de haber cometido tan atroz y semejante hecho habr\u00eda arrojado su tel\u00e9fono celular a las aguas del Dique cruz de Piedra, eso es un claro ejemplo de que intentar\u00eda obstaculizar la investigaci\u00f3n. Entiendo que la aqu\u00ed imputada ha actuado con un \u00fanico fin y prop\u00f3sito que era el de quintales de vida a sus dos hijitos menores de edad y claramente observamos atento a la solidez de la imputaci\u00f3n como as\u00ed tambi\u00e9n la evidencia y las pruebas demoledora que alcanz\u00f3 tal fin y objetivo\u201d, expres\u00f3 el abogado querellante, Esteban Bustos.<\/h3>\n<p>&nbsp;<\/p>\n<p>&nbsp;<\/p>\n<p>&nbsp;<\/p>\n<p>&nbsp;<\/p>\n","protected":false},"excerpt":{"rendered":"<p>Marina Silva fue imputada por homicidio doblemente calificado por el v\u00ednculo y por alevos\u00eda agravado&#8230;<\/p>\n","protected":false},"author":1,"featured_media":23299,"comment_status":"closed","ping_status":"closed","sticky":false,"template":"","format":"standard","meta":{"footnotes":""},"categories":[6],"tags":[],"class_list":["post-23298","post","type-post","status-publish","format-standard","has-post-thumbnail","hentry","category-ciudad-provincia"],"yoast_head":"<!-- This site is optimized with the Yoast SEO plugin v26.1.1 - https:\/\/yoast.com\/wordpress\/plugins\/seo\/ -->\n<title>DICTAN PRISI\u00d3N PREVENTIVA A LA MUJER QUE ASESIN\u00d3 A SUS HIJOS - Apuntes de San Luis<\/title>\n<meta name=\"robots\" content=\"index, follow, max-snippet:-1, max-image-preview:large, max-video-preview:-1\" \/>\n<link rel=\"canonical\" href=\"https:\/\/apuntesdesanluis.com\/index.php\/2024\/10\/02\/dictan-prision-preventiva-a-la-mujer-que-asesino-a-sus-hijos\/\" \/>\n<meta property=\"og:locale\" content=\"es_ES\" \/>\n<meta property=\"og:type\" content=\"article\" \/>\n<meta property=\"og:title\" content=\"DICTAN PRISI\u00d3N PREVENTIVA A LA MUJER QUE ASESIN\u00d3 A SUS HIJOS - Apuntes de San Luis\" \/>\n<meta property=\"og:description\" content=\"Marina Silva fue imputada por homicidio doblemente calificado por el v\u00ednculo y por alevos\u00eda agravado...\" \/>\n<meta property=\"og:url\" content=\"https:\/\/apuntesdesanluis.com\/index.php\/2024\/10\/02\/dictan-prision-preventiva-a-la-mujer-que-asesino-a-sus-hijos\/\" \/>\n<meta property=\"og:site_name\" content=\"Apuntes de San Luis\" \/>\n<meta property=\"article:published_time\" content=\"2024-10-03T02:26:20+00:00\" \/>\n<meta property=\"og:image\" content=\"https:\/\/apuntesdesanluis.com\/wp-content\/uploads\/2024\/10\/ACUSADA.png\" \/>\n\t<meta property=\"og:image:width\" content=\"910\" \/>\n\t<meta property=\"og:image:height\" content=\"569\" \/>\n\t<meta property=\"og:image:type\" content=\"image\/png\" \/>\n<meta name=\"author\" content=\"apuntesdesanluis.com\" \/>\n<meta name=\"twitter:card\" content=\"summary_large_image\" \/>\n<meta name=\"twitter:label1\" content=\"Escrito por\" \/>\n\t<meta name=\"twitter:data1\" content=\"apuntesdesanluis.com\" \/>\n\t<meta name=\"twitter:label2\" content=\"Tiempo de lectura\" \/>\n\t<meta name=\"twitter:data2\" content=\"6 minutos\" \/>\n<script type=\"application\/ld+json\" class=\"yoast-schema-graph\">{\"@context\":\"https:\/\/schema.org\",\"@graph\":[{\"@type\":\"Article\",\"@id\":\"https:\/\/apuntesdesanluis.com\/index.php\/2024\/10\/02\/dictan-prision-preventiva-a-la-mujer-que-asesino-a-sus-hijos\/#article\",\"isPartOf\":{\"@id\":\"https:\/\/apuntesdesanluis.com\/index.php\/2024\/10\/02\/dictan-prision-preventiva-a-la-mujer-que-asesino-a-sus-hijos\/\"},\"author\":{\"name\":\"apuntesdesanluis.com\",\"@id\":\"https:\/\/apuntesdesanluis.com\/#\/schema\/person\/b55151d52296fcce64d1a72538a70b90\"},\"headline\":\"DICTAN PRISI\u00d3N PREVENTIVA A LA MUJER QUE ASESIN\u00d3 A SUS HIJOS\",\"datePublished\":\"2024-10-03T02:26:20+00:00\",\"mainEntityOfPage\":{\"@id\":\"https:\/\/apuntesdesanluis.com\/index.php\/2024\/10\/02\/dictan-prision-preventiva-a-la-mujer-que-asesino-a-sus-hijos\/\"},\"wordCount\":1155,\"publisher\":{\"@id\":\"https:\/\/apuntesdesanluis.com\/#\/schema\/person\/b55151d52296fcce64d1a72538a70b90\"},\"image\":{\"@id\":\"https:\/\/apuntesdesanluis.com\/index.php\/2024\/10\/02\/dictan-prision-preventiva-a-la-mujer-que-asesino-a-sus-hijos\/#primaryimage\"},\"thumbnailUrl\":\"https:\/\/apuntesdesanluis.com\/wp-content\/uploads\/2024\/10\/ACUSADA.png\",\"articleSection\":[\"Ciudad\/Provincia\"],\"inLanguage\":\"es-AR\"},{\"@type\":\"WebPage\",\"@id\":\"https:\/\/apuntesdesanluis.com\/index.php\/2024\/10\/02\/dictan-prision-preventiva-a-la-mujer-que-asesino-a-sus-hijos\/\",\"url\":\"https:\/\/apuntesdesanluis.com\/index.php\/2024\/10\/02\/dictan-prision-preventiva-a-la-mujer-que-asesino-a-sus-hijos\/\",\"name\":\"DICTAN PRISI\u00d3N PREVENTIVA A LA MUJER QUE ASESIN\u00d3 A SUS HIJOS - Apuntes de San Luis\",\"isPartOf\":{\"@id\":\"https:\/\/apuntesdesanluis.com\/#website\"},\"primaryImageOfPage\":{\"@id\":\"https:\/\/apuntesdesanluis.com\/index.php\/2024\/10\/02\/dictan-prision-preventiva-a-la-mujer-que-asesino-a-sus-hijos\/#primaryimage\"},\"image\":{\"@id\":\"https:\/\/apuntesdesanluis.com\/index.php\/2024\/10\/02\/dictan-prision-preventiva-a-la-mujer-que-asesino-a-sus-hijos\/#primaryimage\"},\"thumbnailUrl\":\"https:\/\/apuntesdesanluis.com\/wp-content\/uploads\/2024\/10\/ACUSADA.png\",\"datePublished\":\"2024-10-03T02:26:20+00:00\",\"breadcrumb\":{\"@id\":\"https:\/\/apuntesdesanluis.com\/index.php\/2024\/10\/02\/dictan-prision-preventiva-a-la-mujer-que-asesino-a-sus-hijos\/#breadcrumb\"},\"inLanguage\":\"es-AR\",\"potentialAction\":[{\"@type\":\"ReadAction\",\"target\":[\"https:\/\/apuntesdesanluis.com\/index.php\/2024\/10\/02\/dictan-prision-preventiva-a-la-mujer-que-asesino-a-sus-hijos\/\"]}]},{\"@type\":\"ImageObject\",\"inLanguage\":\"es-AR\",\"@id\":\"https:\/\/apuntesdesanluis.com\/index.php\/2024\/10\/02\/dictan-prision-preventiva-a-la-mujer-que-asesino-a-sus-hijos\/#primaryimage\",\"url\":\"https:\/\/apuntesdesanluis.com\/wp-content\/uploads\/2024\/10\/ACUSADA.png\",\"contentUrl\":\"https:\/\/apuntesdesanluis.com\/wp-content\/uploads\/2024\/10\/ACUSADA.png\",\"width\":910,\"height\":569},{\"@type\":\"BreadcrumbList\",\"@id\":\"https:\/\/apuntesdesanluis.com\/index.php\/2024\/10\/02\/dictan-prision-preventiva-a-la-mujer-que-asesino-a-sus-hijos\/#breadcrumb\",\"itemListElement\":[{\"@type\":\"ListItem\",\"position\":1,\"name\":\"Inicio\",\"item\":\"https:\/\/apuntesdesanluis.com\/\"},{\"@type\":\"ListItem\",\"position\":2,\"name\":\"DICTAN PRISI\u00d3N PREVENTIVA A LA MUJER QUE ASESIN\u00d3 A SUS HIJOS\"}]},{\"@type\":\"WebSite\",\"@id\":\"https:\/\/apuntesdesanluis.com\/#website\",\"url\":\"https:\/\/apuntesdesanluis.com\/\",\"name\":\"Apuntes de San Luis\",\"description\":\"\",\"publisher\":{\"@id\":\"https:\/\/apuntesdesanluis.com\/#\/schema\/person\/b55151d52296fcce64d1a72538a70b90\"},\"potentialAction\":[{\"@type\":\"SearchAction\",\"target\":{\"@type\":\"EntryPoint\",\"urlTemplate\":\"https:\/\/apuntesdesanluis.com\/?s={search_term_string}\"},\"query-input\":{\"@type\":\"PropertyValueSpecification\",\"valueRequired\":true,\"valueName\":\"search_term_string\"}}],\"inLanguage\":\"es-AR\"},{\"@type\":[\"Person\",\"Organization\"],\"@id\":\"https:\/\/apuntesdesanluis.com\/#\/schema\/person\/b55151d52296fcce64d1a72538a70b90\",\"name\":\"apuntesdesanluis.com\",\"image\":{\"@type\":\"ImageObject\",\"inLanguage\":\"es-AR\",\"@id\":\"https:\/\/apuntesdesanluis.com\/#\/schema\/person\/image\/\",\"url\":\"https:\/\/apuntesdesanluis.com\/wp-content\/uploads\/2023\/07\/cropped-apuntesdesanluis.png\",\"contentUrl\":\"https:\/\/apuntesdesanluis.com\/wp-content\/uploads\/2023\/07\/cropped-apuntesdesanluis.png\",\"width\":450,\"height\":112,\"caption\":\"apuntesdesanluis.com\"},\"logo\":{\"@id\":\"https:\/\/apuntesdesanluis.com\/#\/schema\/person\/image\/\"},\"sameAs\":[\"https:\/\/apuntesdesanluis.com\"],\"url\":\"https:\/\/apuntesdesanluis.com\/index.php\/author\/apuntesdesanluis-com\/\"}]}<\/script>\n<!-- \/ Yoast SEO plugin. -->","yoast_head_json":{"title":"DICTAN PRISI\u00d3N PREVENTIVA A LA MUJER QUE ASESIN\u00d3 A SUS HIJOS - Apuntes de San Luis","robots":{"index":"index","follow":"follow","max-snippet":"max-snippet:-1","max-image-preview":"max-image-preview:large","max-video-preview":"max-video-preview:-1"},"canonical":"https:\/\/apuntesdesanluis.com\/index.php\/2024\/10\/02\/dictan-prision-preventiva-a-la-mujer-que-asesino-a-sus-hijos\/","og_locale":"es_ES","og_type":"article","og_title":"DICTAN PRISI\u00d3N PREVENTIVA A LA MUJER QUE ASESIN\u00d3 A SUS HIJOS - Apuntes de San Luis","og_description":"Marina Silva fue imputada por homicidio doblemente calificado por el v\u00ednculo y por alevos\u00eda agravado...","og_url":"https:\/\/apuntesdesanluis.com\/index.php\/2024\/10\/02\/dictan-prision-preventiva-a-la-mujer-que-asesino-a-sus-hijos\/","og_site_name":"Apuntes de San Luis","article_published_time":"2024-10-03T02:26:20+00:00","og_image":[{"width":910,"height":569,"url":"https:\/\/apuntesdesanluis.com\/wp-content\/uploads\/2024\/10\/ACUSADA.png","type":"image\/png"}],"author":"apuntesdesanluis.com","twitter_card":"summary_large_image","twitter_misc":{"Escrito por":"apuntesdesanluis.com","Tiempo de lectura":"6 minutos"},"schema":{"@context":"https:\/\/schema.org","@graph":[{"@type":"Article","@id":"https:\/\/apuntesdesanluis.com\/index.php\/2024\/10\/02\/dictan-prision-preventiva-a-la-mujer-que-asesino-a-sus-hijos\/#article","isPartOf":{"@id":"https:\/\/apuntesdesanluis.com\/index.php\/2024\/10\/02\/dictan-prision-preventiva-a-la-mujer-que-asesino-a-sus-hijos\/"},"author":{"name":"apuntesdesanluis.com","@id":"https:\/\/apuntesdesanluis.com\/#\/schema\/person\/b55151d52296fcce64d1a72538a70b90"},"headline":"DICTAN PRISI\u00d3N PREVENTIVA A LA MUJER QUE ASESIN\u00d3 A SUS HIJOS","datePublished":"2024-10-03T02:26:20+00:00","mainEntityOfPage":{"@id":"https:\/\/apuntesdesanluis.com\/index.php\/2024\/10\/02\/dictan-prision-preventiva-a-la-mujer-que-asesino-a-sus-hijos\/"},"wordCount":1155,"publisher":{"@id":"https:\/\/apuntesdesanluis.com\/#\/schema\/person\/b55151d52296fcce64d1a72538a70b90"},"image":{"@id":"https:\/\/apuntesdesanluis.com\/index.php\/2024\/10\/02\/dictan-prision-preventiva-a-la-mujer-que-asesino-a-sus-hijos\/#primaryimage"},"thumbnailUrl":"https:\/\/apuntesdesanluis.com\/wp-content\/uploads\/2024\/10\/ACUSADA.png","articleSection":["Ciudad\/Provincia"],"inLanguage":"es-AR"},{"@type":"WebPage","@id":"https:\/\/apuntesdesanluis.com\/index.php\/2024\/10\/02\/dictan-prision-preventiva-a-la-mujer-que-asesino-a-sus-hijos\/","url":"https:\/\/apuntesdesanluis.com\/index.php\/2024\/10\/02\/dictan-prision-preventiva-a-la-mujer-que-asesino-a-sus-hijos\/","name":"DICTAN PRISI\u00d3N PREVENTIVA A LA MUJER QUE ASESIN\u00d3 A SUS HIJOS - Apuntes de San Luis","isPartOf":{"@id":"https:\/\/apuntesdesanluis.com\/#website"},"primaryImageOfPage":{"@id":"https:\/\/apuntesdesanluis.com\/index.php\/2024\/10\/02\/dictan-prision-preventiva-a-la-mujer-que-asesino-a-sus-hijos\/#primaryimage"},"image":{"@id":"https:\/\/apuntesdesanluis.com\/index.php\/2024\/10\/02\/dictan-prision-preventiva-a-la-mujer-que-asesino-a-sus-hijos\/#primaryimage"},"thumbnailUrl":"https:\/\/apuntesdesanluis.com\/wp-content\/uploads\/2024\/10\/ACUSADA.png","datePublished":"2024-10-03T02:26:20+00:00","breadcrumb":{"@id":"https:\/\/apuntesdesanluis.com\/index.php\/2024\/10\/02\/dictan-prision-preventiva-a-la-mujer-que-asesino-a-sus-hijos\/#breadcrumb"},"inLanguage":"es-AR","potentialAction":[{"@type":"ReadAction","target":["https:\/\/apuntesdesanluis.com\/index.php\/2024\/10\/02\/dictan-prision-preventiva-a-la-mujer-que-asesino-a-sus-hijos\/"]}]},{"@type":"ImageObject","inLanguage":"es-AR","@id":"https:\/\/apuntesdesanluis.com\/index.php\/2024\/10\/02\/dictan-prision-preventiva-a-la-mujer-que-asesino-a-sus-hijos\/#primaryimage","url":"https:\/\/apuntesdesanluis.com\/wp-content\/uploads\/2024\/10\/ACUSADA.png","contentUrl":"https:\/\/apuntesdesanluis.com\/wp-content\/uploads\/2024\/10\/ACUSADA.png","width":910,"height":569},{"@type":"BreadcrumbList","@id":"https:\/\/apuntesdesanluis.com\/index.php\/2024\/10\/02\/dictan-prision-preventiva-a-la-mujer-que-asesino-a-sus-hijos\/#breadcrumb","itemListElement":[{"@type":"ListItem","position":1,"name":"Inicio","item":"https:\/\/apuntesdesanluis.com\/"},{"@type":"ListItem","position":2,"name":"DICTAN PRISI\u00d3N PREVENTIVA A LA MUJER QUE ASESIN\u00d3 A SUS HIJOS"}]},{"@type":"WebSite","@id":"https:\/\/apuntesdesanluis.com\/#website","url":"https:\/\/apuntesdesanluis.com\/","name":"Apuntes de San Luis","description":"","publisher":{"@id":"https:\/\/apuntesdesanluis.com\/#\/schema\/person\/b55151d52296fcce64d1a72538a70b90"},"potentialAction":[{"@type":"SearchAction","target":{"@type":"EntryPoint","urlTemplate":"https:\/\/apuntesdesanluis.com\/?s={search_term_string}"},"query-input":{"@type":"PropertyValueSpecification","valueRequired":true,"valueName":"search_term_string"}}],"inLanguage":"es-AR"},{"@type":["Person","Organization"],"@id":"https:\/\/apuntesdesanluis.com\/#\/schema\/person\/b55151d52296fcce64d1a72538a70b90","name":"apuntesdesanluis.com","image":{"@type":"ImageObject","inLanguage":"es-AR","@id":"https:\/\/apuntesdesanluis.com\/#\/schema\/person\/image\/","url":"https:\/\/apuntesdesanluis.com\/wp-content\/uploads\/2023\/07\/cropped-apuntesdesanluis.png","contentUrl":"https:\/\/apuntesdesanluis.com\/wp-content\/uploads\/2023\/07\/cropped-apuntesdesanluis.png","width":450,"height":112,"caption":"apuntesdesanluis.com"},"logo":{"@id":"https:\/\/apuntesdesanluis.com\/#\/schema\/person\/image\/"},"sameAs":["https:\/\/apuntesdesanluis.com"],"url":"https:\/\/apuntesdesanluis.com\/index.php\/author\/apuntesdesanluis-com\/"}]}},"featured_image_urls":{"full":["https:\/\/apuntesdesanluis.com\/wp-content\/uploads\/2024\/10\/ACUSADA.png",910,569,false],"thumbnail":["https:\/\/apuntesdesanluis.com\/wp-content\/uploads\/2024\/10\/ACUSADA-150x150.png",150,150,true],"medium":["https:\/\/apuntesdesanluis.com\/wp-content\/uploads\/2024\/10\/ACUSADA-300x188.png",300,188,true],"medium_large":["https:\/\/apuntesdesanluis.com\/wp-content\/uploads\/2024\/10\/ACUSADA-768x480.png",640,400,true],"large":["https:\/\/apuntesdesanluis.com\/wp-content\/uploads\/2024\/10\/ACUSADA.png",640,400,false],"1536x1536":["https:\/\/apuntesdesanluis.com\/wp-content\/uploads\/2024\/10\/ACUSADA.png",910,569,false],"2048x2048":["https:\/\/apuntesdesanluis.com\/wp-content\/uploads\/2024\/10\/ACUSADA.png",910,569,false],"newsever-slider-full":["https:\/\/apuntesdesanluis.com\/wp-content\/uploads\/2024\/10\/ACUSADA.png",910,569,false],"newsever-featured":["https:\/\/apuntesdesanluis.com\/wp-content\/uploads\/2024\/10\/ACUSADA.png",910,569,false],"newsever-medium":["https:\/\/apuntesdesanluis.com\/wp-content\/uploads\/2024\/10\/ACUSADA-720x475.png",720,475,true]},"author_info":{"display_name":"apuntesdesanluis.com","author_link":"https:\/\/apuntesdesanluis.com\/index.php\/author\/apuntesdesanluis-com\/"},"category_info":"<a href=\"https:\/\/apuntesdesanluis.com\/index.php\/category\/ciudad-provincia\/\" rel=\"category tag\">Ciudad\/Provincia<\/a>","tag_info":"Ciudad\/Provincia","comment_count":"0","_links":{"self":[{"href":"https:\/\/apuntesdesanluis.com\/index.php\/wp-json\/wp\/v2\/posts\/23298","targetHints":{"allow":["GET"]}}],"collection":[{"href":"https:\/\/apuntesdesanluis.com\/index.php\/wp-json\/wp\/v2\/posts"}],"about":[{"href":"https:\/\/apuntesdesanluis.com\/index.php\/wp-json\/wp\/v2\/types\/post"}],"author":[{"embeddable":true,"href":"https:\/\/apuntesdesanluis.com\/index.php\/wp-json\/wp\/v2\/users\/1"}],"replies":[{"embeddable":true,"href":"https:\/\/apuntesdesanluis.com\/index.php\/wp-json\/wp\/v2\/comments?post=23298"}],"version-history":[{"count":1,"href":"https:\/\/apuntesdesanluis.com\/index.php\/wp-json\/wp\/v2\/posts\/23298\/revisions"}],"predecessor-version":[{"id":23301,"href":"https:\/\/apuntesdesanluis.com\/index.php\/wp-json\/wp\/v2\/posts\/23298\/revisions\/23301"}],"wp:featuredmedia":[{"embeddable":true,"href":"https:\/\/apuntesdesanluis.com\/index.php\/wp-json\/wp\/v2\/media\/23299"}],"wp:attachment":[{"href":"https:\/\/apuntesdesanluis.com\/index.php\/wp-json\/wp\/v2\/media?parent=23298"}],"wp:term":[{"taxonomy":"category","embeddable":true,"href":"https:\/\/apuntesdesanluis.com\/index.php\/wp-json\/wp\/v2\/categories?post=23298"},{"taxonomy":"post_tag","embeddable":true,"href":"https:\/\/apuntesdesanluis.com\/index.php\/wp-json\/wp\/v2\/tags?post=23298"}],"curies":[{"name":"wp","href":"https:\/\/api.w.org\/{rel}","templated":true}]}}