{"id":23302,"date":"2024-10-03T20:50:56","date_gmt":"2024-10-03T23:50:56","guid":{"rendered":"https:\/\/apuntesdesanluis.com\/?p=23302"},"modified":"2024-10-03T20:50:56","modified_gmt":"2024-10-03T23:50:56","slug":"docentes-de-la-fcejs-y-juristas-de-la-provincia-presentaron-el-codigo-procesal-penal-comentado","status":"publish","type":"post","link":"https:\/\/apuntesdesanluis.com\/index.php\/2024\/10\/03\/docentes-de-la-fcejs-y-juristas-de-la-provincia-presentaron-el-codigo-procesal-penal-comentado\/","title":{"rendered":"DOCENTES DE LA FCEJS Y JURISTAS DE LA PROVINCIA PRESENTARON EL C\u00d3DIGO PROCESAL PENAL COMENTADO"},"content":{"rendered":"<h3>La obra fue presentada este jueves y es resultado del Proyecto de Investigaci\u00f3n \u201cDerecho y Lenguaje\u201d, de la <strong>Facultad de Ciencias Econ\u00f3micas, Jur\u00eddicas y Sociales<\/strong>. Fue dirigida por el jurista y docente jubilado de la FCEJS, <strong>Rub\u00e9n Figari<\/strong>.<\/h3>\n<h3>Cont\u00f3 con la colaboraci\u00f3n de un equipo de autores y autoras docentes de la FCEJS, entre ellos <strong>Hern\u00e1n Diego Herrera, H\u00e9ctor L\u00e1zzari, Stefan\u00eda Cifuentes Quiroga, Eliana Pradel, Daniel Gorra y Diego Castillo<\/strong>. Adem\u00e1s, juristas de la provincia como <strong>Claudia Iba\u00f1ez<\/strong> y <strong>Marcela Torres Cappiello<\/strong>.<\/h3>\n<p><img fetchpriority=\"high\" decoding=\"async\" class=\"wp-image-23304 aligncenter\" src=\"https:\/\/apuntesdesanluis.com\/wp-content\/uploads\/2024\/10\/figari-300x169.png\" alt=\"\" width=\"728\" height=\"410\" srcset=\"https:\/\/apuntesdesanluis.com\/wp-content\/uploads\/2024\/10\/figari-300x169.png 300w, https:\/\/apuntesdesanluis.com\/wp-content\/uploads\/2024\/10\/figari.png 700w\" sizes=\"(max-width: 728px) 100vw, 728px\" \/><\/p>\n<h3>La presentaci\u00f3n se realiz\u00f3 en el Sal\u00f3n de Usos M\u00faltiples del edificio judicial de Villa Mercedes y cont\u00f3 con la participaci\u00f3n de la Vice Intendenta Municipal, Mgtr. Silvina Galetto; de\u00a0 la\u00a0 Decana de la Facultad de Ciencias Econ\u00f3micas, Jur\u00eddicas y Sociales de la Universidad Nacional de San Luis, Mgter. Cdra. Roxanna Camiletti, de la Presidenta del Colegio de Abogados y Procuradores de Villa Mercedes, Dra. Mariela Blengino y\u00a0 autoridades municipales y legislativas, magistrados, funcionarios y agentes judiciales, docentes, estudiantes, profesionales afines a la materia y familiares del autor y de los co autores.<\/h3>\n<h3>En primer lugar, el Dr. F\u00edgari\u00a0 dijo: \u201cyo soy el director de la obra y esto ha sido un trabajo en equipo, hecho en el \u00e1mbito de la Facultad de Derecho y Ciencias Sociales de la Universidad Nacional de San Luis y por eso es un d\u00eda\u00a0 muy relevante para todos nosotros y para la comunidad jur\u00eddica, especialmente para la del fuero penal\u201d.<\/h3>\n<h3><img decoding=\"async\" class=\"wp-image-23305 aligncenter\" src=\"https:\/\/apuntesdesanluis.com\/wp-content\/uploads\/2024\/10\/publico-300x187.png\" alt=\"\" width=\"728\" height=\"454\" srcset=\"https:\/\/apuntesdesanluis.com\/wp-content\/uploads\/2024\/10\/publico-300x187.png 300w, https:\/\/apuntesdesanluis.com\/wp-content\/uploads\/2024\/10\/publico.png 700w\" sizes=\"(max-width: 728px) 100vw, 728px\" \/><\/h3>\n<h3>\u201cSe ha tratado de analizar todos los art\u00edculos del\u00a0 C\u00f3digo de Procedimiento Penal\u00a0 nuevo del sistema adversarial acusatorio. Como se ha dicho, es una obra in\u00e9dita. Simplemente quiero agradecer la predisposici\u00f3n de todos mis colegas\u00a0 que han actuado en esta obra y que han puesto su granito de arena\u201d, agreg\u00f3 el autor.<\/h3>\n<h3>A continuaci\u00f3n, el Dr. Gorra tambi\u00e9n destac\u00f3 el trabajo en equipo desplegado y agreg\u00f3: \u201cEsta es una herramienta de trabajo que hemos creado para magistrados, funcionarios, para nuestros colegas, para estudiantes, es una herramienta de consulta que creemos ser\u00e1 provechosa para el ejercicio jurisdiccional\u201d.<\/h3>\n<h3>Seguidamente, el Dr. Hern\u00e1n Herrera agradeci\u00f3 la numerosa concurrencia\u00a0 en el Sal\u00f3n de Usos M\u00faltiples y explic\u00f3\u00a0 que su participaci\u00f3n estuvo vinculada con el an\u00e1lisis de nulidades y al sistema recursivo. Por su parte, la Dra. Stefan\u00eda Cifuentes mencion\u00f3 que su aporte estuvo relacionado con la procedencia de medidas de seguridad y procedencia de las mismas y reglas aplicables al procedimiento.<\/h3>\n<h3>La Dra. Eliana Pradel dijo: \u201cPara m\u00ed fue un gran honor que me invitaran a participar\u201d y reflexion\u00f3: \u201cEl derecho se construye con las pr\u00e1cticas que operadores y operadoras judiciales hacen d\u00eda a d\u00eda\u201d. Mencion\u00f3 que su intervenci\u00f3n en el libro estuvo vinculada al an\u00e1lisis de los m\u00e9todos alternativos de resoluci\u00f3n de conflictos, como la suspensi\u00f3n de juicio a prueba, conciliaci\u00f3n y reparaci\u00f3n.<\/h3>\n<h3><img decoding=\"async\" class=\"wp-image-23306 aligncenter\" src=\"https:\/\/apuntesdesanluis.com\/wp-content\/uploads\/2024\/10\/codigo-procesal-300x195.png\" alt=\"\" width=\"717\" height=\"466\" srcset=\"https:\/\/apuntesdesanluis.com\/wp-content\/uploads\/2024\/10\/codigo-procesal-300x195.png 300w, https:\/\/apuntesdesanluis.com\/wp-content\/uploads\/2024\/10\/codigo-procesal.png 700w\" sizes=\"(max-width: 717px) 100vw, 717px\" \/><\/h3>\n<h3>Asimismo, la Dra. Ib\u00e1\u00f1ez dijo: \u201cme siento profundamente honrada de participar. Quienes me conocen saben que hace muchos a\u00f1os que ejerzo en la Defensa P\u00fablica, por lo tanto los cap\u00edtulos\u00a0 asignados fueron sobre derechos del imputado\u201d.<\/h3>\n<h3>Por \u00faltimo, igual que lo realizaron sus antecesores,\u00a0 el Dr. Diego Castillo invit\u00f3 a magistrados, funcionarios y profesionales del derecho a intervenir en nuevos an\u00e1lisis del C\u00f3digo de Procedimientos. Transmiti\u00f3 tambi\u00e9n el agradecimiento del Dr. H\u00e9ctor Lazzari, quien no estuvo presente en el acto pero intervino en la co autor\u00eda de la obra. Mencion\u00f3 el cambio de paradigma que supuso la adopci\u00f3n del sistema acusatorio adversarial y en ese sentido destac\u00f3 que es interesante que \u201cpodamos dar herramientas para que la litigaci\u00f3n tenga pr\u00e1cticas efectivas en esta nueva din\u00e1mica\u201d.<\/h3>\n<h3>Esta obra surgi\u00f3 a trav\u00e9s del Proyecto de Investigaci\u00f3n Consolidado N\u00ba 150120 \u201cDerecho y Lenguaje de la Facultad de Ciencias Econ\u00f3micas, Jur\u00eddicas y Sociales de la Universidad Nacional de San Luis.<\/h3>\n<h3>Se trata de una obra in\u00e9dita del nuevo sistema acusatorio con anotaci\u00f3n de doctrina y jurisprudencia a trav\u00e9s del an\u00e1lisis de autores pertenecientes a la Carrera de Abogac\u00eda de la Universidad Nacional de San Luis y funcionarios del fuero local y federal.<\/h3>\n<h3>Cabe destacar que el pasado 25 de septiembre la presentaci\u00f3n se llev\u00f3 a cabo en la ciudad de San Luis. El Consejo Acad\u00e9mico de la Escuela de Especializaci\u00f3n para Magistrados y Funcionarios y de Capacitaci\u00f3n para el Personal Judicial \u201cDr. Juan Cris\u00f3stomo Lafinur\u201d,\u00a0 declar\u00f3 de inter\u00e9s acad\u00e9mico la presentaci\u00f3n del C\u00f3digo Procesal Penal Comentado de la provincia.<\/h3>\n<h3>El acto culmin\u00f3 con la entrega de un presente al Dr. Rub\u00e9n F\u00edgari por parte de la Decana de la Facultad de Ciencias Econ\u00f3micas, Jur\u00eddicas y Sociales de la Universidad Nacional de San Luis, Mgter. Cdra. Roxanna Camiletti. Asimismo, el Dr. Diego Castillo dirigi\u00f3 unas emotivas palabras: \u201cEl Dr. Rub\u00e9n F\u00edgari es una figura destacada dentro de nuestra comunidad jur\u00eddica acad\u00e9mica , no solo por su basta trayectoria, y su inmenso legado en obras, sino por su inquebrantable esp\u00edritu de resiliencia\u201d.<\/h3>\n<p>&nbsp;<\/p>\n<p>&nbsp;<\/p>\n<p>&nbsp;<\/p>\n<p>&nbsp;<\/p>\n<p>&nbsp;<\/p>\n<p>&nbsp;<\/p>\n<p>&nbsp;<\/p>\n<p>&nbsp;<\/p>\n","protected":false},"excerpt":{"rendered":"<p>La obra fue presentada este jueves y es resultado del Proyecto de Investigaci\u00f3n \u201cDerecho y&#8230;<\/p>\n","protected":false},"author":1,"featured_media":23303,"comment_status":"closed","ping_status":"closed","sticky":false,"template":"","format":"standard","meta":{"footnotes":""},"categories":[6],"tags":[],"class_list":["post-23302","post","type-post","status-publish","format-standard","has-post-thumbnail","hentry","category-ciudad-provincia"],"yoast_head":"<!-- This site is optimized with the Yoast SEO plugin v26.1.1 - https:\/\/yoast.com\/wordpress\/plugins\/seo\/ -->\n<title>DOCENTES DE LA FCEJS Y JURISTAS DE LA PROVINCIA PRESENTARON EL C\u00d3DIGO PROCESAL PENAL COMENTADO - Apuntes de San Luis<\/title>\n<meta name=\"robots\" content=\"index, follow, max-snippet:-1, max-image-preview:large, max-video-preview:-1\" \/>\n<link rel=\"canonical\" href=\"https:\/\/apuntesdesanluis.com\/index.php\/2024\/10\/03\/docentes-de-la-fcejs-y-juristas-de-la-provincia-presentaron-el-codigo-procesal-penal-comentado\/\" \/>\n<meta property=\"og:locale\" content=\"es_ES\" \/>\n<meta property=\"og:type\" content=\"article\" \/>\n<meta property=\"og:title\" content=\"DOCENTES DE LA FCEJS Y JURISTAS DE LA PROVINCIA PRESENTARON EL C\u00d3DIGO PROCESAL PENAL COMENTADO - Apuntes de San Luis\" \/>\n<meta property=\"og:description\" content=\"La obra fue presentada este jueves y es resultado del Proyecto de Investigaci\u00f3n \u201cDerecho y...\" \/>\n<meta property=\"og:url\" content=\"https:\/\/apuntesdesanluis.com\/index.php\/2024\/10\/03\/docentes-de-la-fcejs-y-juristas-de-la-provincia-presentaron-el-codigo-procesal-penal-comentado\/\" \/>\n<meta property=\"og:site_name\" content=\"Apuntes de San Luis\" \/>\n<meta property=\"article:published_time\" content=\"2024-10-03T23:50:56+00:00\" \/>\n<meta property=\"og:image\" content=\"https:\/\/apuntesdesanluis.com\/wp-content\/uploads\/2024\/10\/presentacion-portada.png\" \/>\n\t<meta property=\"og:image:width\" content=\"700\" \/>\n\t<meta property=\"og:image:height\" content=\"418\" \/>\n\t<meta property=\"og:image:type\" content=\"image\/png\" \/>\n<meta name=\"author\" content=\"apuntesdesanluis.com\" \/>\n<meta name=\"twitter:card\" content=\"summary_large_image\" \/>\n<meta name=\"twitter:label1\" content=\"Escrito por\" \/>\n\t<meta name=\"twitter:data1\" content=\"apuntesdesanluis.com\" \/>\n\t<meta name=\"twitter:label2\" content=\"Tiempo de lectura\" \/>\n\t<meta name=\"twitter:data2\" content=\"5 minutos\" \/>\n<script type=\"application\/ld+json\" class=\"yoast-schema-graph\">{\"@context\":\"https:\/\/schema.org\",\"@graph\":[{\"@type\":\"Article\",\"@id\":\"https:\/\/apuntesdesanluis.com\/index.php\/2024\/10\/03\/docentes-de-la-fcejs-y-juristas-de-la-provincia-presentaron-el-codigo-procesal-penal-comentado\/#article\",\"isPartOf\":{\"@id\":\"https:\/\/apuntesdesanluis.com\/index.php\/2024\/10\/03\/docentes-de-la-fcejs-y-juristas-de-la-provincia-presentaron-el-codigo-procesal-penal-comentado\/\"},\"author\":{\"name\":\"apuntesdesanluis.com\",\"@id\":\"https:\/\/apuntesdesanluis.com\/#\/schema\/person\/b55151d52296fcce64d1a72538a70b90\"},\"headline\":\"DOCENTES DE LA FCEJS Y JURISTAS DE LA PROVINCIA PRESENTARON EL C\u00d3DIGO PROCESAL PENAL COMENTADO\",\"datePublished\":\"2024-10-03T23:50:56+00:00\",\"mainEntityOfPage\":{\"@id\":\"https:\/\/apuntesdesanluis.com\/index.php\/2024\/10\/03\/docentes-de-la-fcejs-y-juristas-de-la-provincia-presentaron-el-codigo-procesal-penal-comentado\/\"},\"wordCount\":897,\"publisher\":{\"@id\":\"https:\/\/apuntesdesanluis.com\/#\/schema\/person\/b55151d52296fcce64d1a72538a70b90\"},\"image\":{\"@id\":\"https:\/\/apuntesdesanluis.com\/index.php\/2024\/10\/03\/docentes-de-la-fcejs-y-juristas-de-la-provincia-presentaron-el-codigo-procesal-penal-comentado\/#primaryimage\"},\"thumbnailUrl\":\"https:\/\/apuntesdesanluis.com\/wp-content\/uploads\/2024\/10\/presentacion-portada.png\",\"articleSection\":[\"Ciudad\/Provincia\"],\"inLanguage\":\"es-AR\"},{\"@type\":\"WebPage\",\"@id\":\"https:\/\/apuntesdesanluis.com\/index.php\/2024\/10\/03\/docentes-de-la-fcejs-y-juristas-de-la-provincia-presentaron-el-codigo-procesal-penal-comentado\/\",\"url\":\"https:\/\/apuntesdesanluis.com\/index.php\/2024\/10\/03\/docentes-de-la-fcejs-y-juristas-de-la-provincia-presentaron-el-codigo-procesal-penal-comentado\/\",\"name\":\"DOCENTES DE LA FCEJS Y JURISTAS DE LA PROVINCIA PRESENTARON EL C\u00d3DIGO PROCESAL PENAL COMENTADO - Apuntes de San Luis\",\"isPartOf\":{\"@id\":\"https:\/\/apuntesdesanluis.com\/#website\"},\"primaryImageOfPage\":{\"@id\":\"https:\/\/apuntesdesanluis.com\/index.php\/2024\/10\/03\/docentes-de-la-fcejs-y-juristas-de-la-provincia-presentaron-el-codigo-procesal-penal-comentado\/#primaryimage\"},\"image\":{\"@id\":\"https:\/\/apuntesdesanluis.com\/index.php\/2024\/10\/03\/docentes-de-la-fcejs-y-juristas-de-la-provincia-presentaron-el-codigo-procesal-penal-comentado\/#primaryimage\"},\"thumbnailUrl\":\"https:\/\/apuntesdesanluis.com\/wp-content\/uploads\/2024\/10\/presentacion-portada.png\",\"datePublished\":\"2024-10-03T23:50:56+00:00\",\"breadcrumb\":{\"@id\":\"https:\/\/apuntesdesanluis.com\/index.php\/2024\/10\/03\/docentes-de-la-fcejs-y-juristas-de-la-provincia-presentaron-el-codigo-procesal-penal-comentado\/#breadcrumb\"},\"inLanguage\":\"es-AR\",\"potentialAction\":[{\"@type\":\"ReadAction\",\"target\":[\"https:\/\/apuntesdesanluis.com\/index.php\/2024\/10\/03\/docentes-de-la-fcejs-y-juristas-de-la-provincia-presentaron-el-codigo-procesal-penal-comentado\/\"]}]},{\"@type\":\"ImageObject\",\"inLanguage\":\"es-AR\",\"@id\":\"https:\/\/apuntesdesanluis.com\/index.php\/2024\/10\/03\/docentes-de-la-fcejs-y-juristas-de-la-provincia-presentaron-el-codigo-procesal-penal-comentado\/#primaryimage\",\"url\":\"https:\/\/apuntesdesanluis.com\/wp-content\/uploads\/2024\/10\/presentacion-portada.png\",\"contentUrl\":\"https:\/\/apuntesdesanluis.com\/wp-content\/uploads\/2024\/10\/presentacion-portada.png\",\"width\":700,\"height\":418},{\"@type\":\"BreadcrumbList\",\"@id\":\"https:\/\/apuntesdesanluis.com\/index.php\/2024\/10\/03\/docentes-de-la-fcejs-y-juristas-de-la-provincia-presentaron-el-codigo-procesal-penal-comentado\/#breadcrumb\",\"itemListElement\":[{\"@type\":\"ListItem\",\"position\":1,\"name\":\"Inicio\",\"item\":\"https:\/\/apuntesdesanluis.com\/\"},{\"@type\":\"ListItem\",\"position\":2,\"name\":\"DOCENTES DE LA FCEJS Y JURISTAS DE LA PROVINCIA PRESENTARON EL C\u00d3DIGO PROCESAL PENAL COMENTADO\"}]},{\"@type\":\"WebSite\",\"@id\":\"https:\/\/apuntesdesanluis.com\/#website\",\"url\":\"https:\/\/apuntesdesanluis.com\/\",\"name\":\"Apuntes de San Luis\",\"description\":\"\",\"publisher\":{\"@id\":\"https:\/\/apuntesdesanluis.com\/#\/schema\/person\/b55151d52296fcce64d1a72538a70b90\"},\"potentialAction\":[{\"@type\":\"SearchAction\",\"target\":{\"@type\":\"EntryPoint\",\"urlTemplate\":\"https:\/\/apuntesdesanluis.com\/?s={search_term_string}\"},\"query-input\":{\"@type\":\"PropertyValueSpecification\",\"valueRequired\":true,\"valueName\":\"search_term_string\"}}],\"inLanguage\":\"es-AR\"},{\"@type\":[\"Person\",\"Organization\"],\"@id\":\"https:\/\/apuntesdesanluis.com\/#\/schema\/person\/b55151d52296fcce64d1a72538a70b90\",\"name\":\"apuntesdesanluis.com\",\"image\":{\"@type\":\"ImageObject\",\"inLanguage\":\"es-AR\",\"@id\":\"https:\/\/apuntesdesanluis.com\/#\/schema\/person\/image\/\",\"url\":\"https:\/\/apuntesdesanluis.com\/wp-content\/uploads\/2023\/07\/cropped-apuntesdesanluis.png\",\"contentUrl\":\"https:\/\/apuntesdesanluis.com\/wp-content\/uploads\/2023\/07\/cropped-apuntesdesanluis.png\",\"width\":450,\"height\":112,\"caption\":\"apuntesdesanluis.com\"},\"logo\":{\"@id\":\"https:\/\/apuntesdesanluis.com\/#\/schema\/person\/image\/\"},\"sameAs\":[\"https:\/\/apuntesdesanluis.com\"],\"url\":\"https:\/\/apuntesdesanluis.com\/index.php\/author\/apuntesdesanluis-com\/\"}]}<\/script>\n<!-- \/ Yoast SEO plugin. -->","yoast_head_json":{"title":"DOCENTES DE LA FCEJS Y JURISTAS DE LA PROVINCIA PRESENTARON EL C\u00d3DIGO PROCESAL PENAL COMENTADO - Apuntes de San Luis","robots":{"index":"index","follow":"follow","max-snippet":"max-snippet:-1","max-image-preview":"max-image-preview:large","max-video-preview":"max-video-preview:-1"},"canonical":"https:\/\/apuntesdesanluis.com\/index.php\/2024\/10\/03\/docentes-de-la-fcejs-y-juristas-de-la-provincia-presentaron-el-codigo-procesal-penal-comentado\/","og_locale":"es_ES","og_type":"article","og_title":"DOCENTES DE LA FCEJS Y JURISTAS DE LA PROVINCIA PRESENTARON EL C\u00d3DIGO PROCESAL PENAL COMENTADO - Apuntes de San Luis","og_description":"La obra fue presentada este jueves y es resultado del Proyecto de Investigaci\u00f3n \u201cDerecho y...","og_url":"https:\/\/apuntesdesanluis.com\/index.php\/2024\/10\/03\/docentes-de-la-fcejs-y-juristas-de-la-provincia-presentaron-el-codigo-procesal-penal-comentado\/","og_site_name":"Apuntes de San Luis","article_published_time":"2024-10-03T23:50:56+00:00","og_image":[{"width":700,"height":418,"url":"https:\/\/apuntesdesanluis.com\/wp-content\/uploads\/2024\/10\/presentacion-portada.png","type":"image\/png"}],"author":"apuntesdesanluis.com","twitter_card":"summary_large_image","twitter_misc":{"Escrito por":"apuntesdesanluis.com","Tiempo de lectura":"5 minutos"},"schema":{"@context":"https:\/\/schema.org","@graph":[{"@type":"Article","@id":"https:\/\/apuntesdesanluis.com\/index.php\/2024\/10\/03\/docentes-de-la-fcejs-y-juristas-de-la-provincia-presentaron-el-codigo-procesal-penal-comentado\/#article","isPartOf":{"@id":"https:\/\/apuntesdesanluis.com\/index.php\/2024\/10\/03\/docentes-de-la-fcejs-y-juristas-de-la-provincia-presentaron-el-codigo-procesal-penal-comentado\/"},"author":{"name":"apuntesdesanluis.com","@id":"https:\/\/apuntesdesanluis.com\/#\/schema\/person\/b55151d52296fcce64d1a72538a70b90"},"headline":"DOCENTES DE LA FCEJS Y JURISTAS DE LA PROVINCIA PRESENTARON EL C\u00d3DIGO PROCESAL PENAL COMENTADO","datePublished":"2024-10-03T23:50:56+00:00","mainEntityOfPage":{"@id":"https:\/\/apuntesdesanluis.com\/index.php\/2024\/10\/03\/docentes-de-la-fcejs-y-juristas-de-la-provincia-presentaron-el-codigo-procesal-penal-comentado\/"},"wordCount":897,"publisher":{"@id":"https:\/\/apuntesdesanluis.com\/#\/schema\/person\/b55151d52296fcce64d1a72538a70b90"},"image":{"@id":"https:\/\/apuntesdesanluis.com\/index.php\/2024\/10\/03\/docentes-de-la-fcejs-y-juristas-de-la-provincia-presentaron-el-codigo-procesal-penal-comentado\/#primaryimage"},"thumbnailUrl":"https:\/\/apuntesdesanluis.com\/wp-content\/uploads\/2024\/10\/presentacion-portada.png","articleSection":["Ciudad\/Provincia"],"inLanguage":"es-AR"},{"@type":"WebPage","@id":"https:\/\/apuntesdesanluis.com\/index.php\/2024\/10\/03\/docentes-de-la-fcejs-y-juristas-de-la-provincia-presentaron-el-codigo-procesal-penal-comentado\/","url":"https:\/\/apuntesdesanluis.com\/index.php\/2024\/10\/03\/docentes-de-la-fcejs-y-juristas-de-la-provincia-presentaron-el-codigo-procesal-penal-comentado\/","name":"DOCENTES DE LA FCEJS Y JURISTAS DE LA PROVINCIA PRESENTARON EL C\u00d3DIGO PROCESAL PENAL COMENTADO - Apuntes de San Luis","isPartOf":{"@id":"https:\/\/apuntesdesanluis.com\/#website"},"primaryImageOfPage":{"@id":"https:\/\/apuntesdesanluis.com\/index.php\/2024\/10\/03\/docentes-de-la-fcejs-y-juristas-de-la-provincia-presentaron-el-codigo-procesal-penal-comentado\/#primaryimage"},"image":{"@id":"https:\/\/apuntesdesanluis.com\/index.php\/2024\/10\/03\/docentes-de-la-fcejs-y-juristas-de-la-provincia-presentaron-el-codigo-procesal-penal-comentado\/#primaryimage"},"thumbnailUrl":"https:\/\/apuntesdesanluis.com\/wp-content\/uploads\/2024\/10\/presentacion-portada.png","datePublished":"2024-10-03T23:50:56+00:00","breadcrumb":{"@id":"https:\/\/apuntesdesanluis.com\/index.php\/2024\/10\/03\/docentes-de-la-fcejs-y-juristas-de-la-provincia-presentaron-el-codigo-procesal-penal-comentado\/#breadcrumb"},"inLanguage":"es-AR","potentialAction":[{"@type":"ReadAction","target":["https:\/\/apuntesdesanluis.com\/index.php\/2024\/10\/03\/docentes-de-la-fcejs-y-juristas-de-la-provincia-presentaron-el-codigo-procesal-penal-comentado\/"]}]},{"@type":"ImageObject","inLanguage":"es-AR","@id":"https:\/\/apuntesdesanluis.com\/index.php\/2024\/10\/03\/docentes-de-la-fcejs-y-juristas-de-la-provincia-presentaron-el-codigo-procesal-penal-comentado\/#primaryimage","url":"https:\/\/apuntesdesanluis.com\/wp-content\/uploads\/2024\/10\/presentacion-portada.png","contentUrl":"https:\/\/apuntesdesanluis.com\/wp-content\/uploads\/2024\/10\/presentacion-portada.png","width":700,"height":418},{"@type":"BreadcrumbList","@id":"https:\/\/apuntesdesanluis.com\/index.php\/2024\/10\/03\/docentes-de-la-fcejs-y-juristas-de-la-provincia-presentaron-el-codigo-procesal-penal-comentado\/#breadcrumb","itemListElement":[{"@type":"ListItem","position":1,"name":"Inicio","item":"https:\/\/apuntesdesanluis.com\/"},{"@type":"ListItem","position":2,"name":"DOCENTES DE LA FCEJS Y JURISTAS DE LA PROVINCIA PRESENTARON EL C\u00d3DIGO PROCESAL PENAL COMENTADO"}]},{"@type":"WebSite","@id":"https:\/\/apuntesdesanluis.com\/#website","url":"https:\/\/apuntesdesanluis.com\/","name":"Apuntes de San Luis","description":"","publisher":{"@id":"https:\/\/apuntesdesanluis.com\/#\/schema\/person\/b55151d52296fcce64d1a72538a70b90"},"potentialAction":[{"@type":"SearchAction","target":{"@type":"EntryPoint","urlTemplate":"https:\/\/apuntesdesanluis.com\/?s={search_term_string}"},"query-input":{"@type":"PropertyValueSpecification","valueRequired":true,"valueName":"search_term_string"}}],"inLanguage":"es-AR"},{"@type":["Person","Organization"],"@id":"https:\/\/apuntesdesanluis.com\/#\/schema\/person\/b55151d52296fcce64d1a72538a70b90","name":"apuntesdesanluis.com","image":{"@type":"ImageObject","inLanguage":"es-AR","@id":"https:\/\/apuntesdesanluis.com\/#\/schema\/person\/image\/","url":"https:\/\/apuntesdesanluis.com\/wp-content\/uploads\/2023\/07\/cropped-apuntesdesanluis.png","contentUrl":"https:\/\/apuntesdesanluis.com\/wp-content\/uploads\/2023\/07\/cropped-apuntesdesanluis.png","width":450,"height":112,"caption":"apuntesdesanluis.com"},"logo":{"@id":"https:\/\/apuntesdesanluis.com\/#\/schema\/person\/image\/"},"sameAs":["https:\/\/apuntesdesanluis.com"],"url":"https:\/\/apuntesdesanluis.com\/index.php\/author\/apuntesdesanluis-com\/"}]}},"featured_image_urls":{"full":["https:\/\/apuntesdesanluis.com\/wp-content\/uploads\/2024\/10\/presentacion-portada.png",700,418,false],"thumbnail":["https:\/\/apuntesdesanluis.com\/wp-content\/uploads\/2024\/10\/presentacion-portada-150x150.png",150,150,true],"medium":["https:\/\/apuntesdesanluis.com\/wp-content\/uploads\/2024\/10\/presentacion-portada-300x179.png",300,179,true],"medium_large":["https:\/\/apuntesdesanluis.com\/wp-content\/uploads\/2024\/10\/presentacion-portada.png",640,382,false],"large":["https:\/\/apuntesdesanluis.com\/wp-content\/uploads\/2024\/10\/presentacion-portada.png",640,382,false],"1536x1536":["https:\/\/apuntesdesanluis.com\/wp-content\/uploads\/2024\/10\/presentacion-portada.png",700,418,false],"2048x2048":["https:\/\/apuntesdesanluis.com\/wp-content\/uploads\/2024\/10\/presentacion-portada.png",700,418,false],"newsever-slider-full":["https:\/\/apuntesdesanluis.com\/wp-content\/uploads\/2024\/10\/presentacion-portada.png",700,418,false],"newsever-featured":["https:\/\/apuntesdesanluis.com\/wp-content\/uploads\/2024\/10\/presentacion-portada.png",700,418,false],"newsever-medium":["https:\/\/apuntesdesanluis.com\/wp-content\/uploads\/2024\/10\/presentacion-portada.png",700,418,false]},"author_info":{"display_name":"apuntesdesanluis.com","author_link":"https:\/\/apuntesdesanluis.com\/index.php\/author\/apuntesdesanluis-com\/"},"category_info":"<a href=\"https:\/\/apuntesdesanluis.com\/index.php\/category\/ciudad-provincia\/\" rel=\"category tag\">Ciudad\/Provincia<\/a>","tag_info":"Ciudad\/Provincia","comment_count":"0","_links":{"self":[{"href":"https:\/\/apuntesdesanluis.com\/index.php\/wp-json\/wp\/v2\/posts\/23302","targetHints":{"allow":["GET"]}}],"collection":[{"href":"https:\/\/apuntesdesanluis.com\/index.php\/wp-json\/wp\/v2\/posts"}],"about":[{"href":"https:\/\/apuntesdesanluis.com\/index.php\/wp-json\/wp\/v2\/types\/post"}],"author":[{"embeddable":true,"href":"https:\/\/apuntesdesanluis.com\/index.php\/wp-json\/wp\/v2\/users\/1"}],"replies":[{"embeddable":true,"href":"https:\/\/apuntesdesanluis.com\/index.php\/wp-json\/wp\/v2\/comments?post=23302"}],"version-history":[{"count":1,"href":"https:\/\/apuntesdesanluis.com\/index.php\/wp-json\/wp\/v2\/posts\/23302\/revisions"}],"predecessor-version":[{"id":23307,"href":"https:\/\/apuntesdesanluis.com\/index.php\/wp-json\/wp\/v2\/posts\/23302\/revisions\/23307"}],"wp:featuredmedia":[{"embeddable":true,"href":"https:\/\/apuntesdesanluis.com\/index.php\/wp-json\/wp\/v2\/media\/23303"}],"wp:attachment":[{"href":"https:\/\/apuntesdesanluis.com\/index.php\/wp-json\/wp\/v2\/media?parent=23302"}],"wp:term":[{"taxonomy":"category","embeddable":true,"href":"https:\/\/apuntesdesanluis.com\/index.php\/wp-json\/wp\/v2\/categories?post=23302"},{"taxonomy":"post_tag","embeddable":true,"href":"https:\/\/apuntesdesanluis.com\/index.php\/wp-json\/wp\/v2\/tags?post=23302"}],"curies":[{"name":"wp","href":"https:\/\/api.w.org\/{rel}","templated":true}]}}