{"id":23334,"date":"2024-10-03T22:31:42","date_gmt":"2024-10-04T01:31:42","guid":{"rendered":"https:\/\/apuntesdesanluis.com\/?p=23334"},"modified":"2024-10-03T22:31:42","modified_gmt":"2024-10-04T01:31:42","slug":"mas-cambios-en-el-gobierno-removieron-al-director-de-derechos-humanos","status":"publish","type":"post","link":"https:\/\/apuntesdesanluis.com\/index.php\/2024\/10\/03\/mas-cambios-en-el-gobierno-removieron-al-director-de-derechos-humanos\/","title":{"rendered":"M\u00c1S CAMBIOS EN EL GOBIERNO: REMOVIERON AL DIRECTOR DE DERECHOS HUMANOS"},"content":{"rendered":"<h3>El director de Derechos Humanos, <strong>Christian Machuca<\/strong>, dejar\u00e1 su cargo en las pr\u00f3ximas horas. Se trata de un funcionario que lleg\u00f3 al organismo de la mano de la ministra de Relaciones Exteriores, <strong>Diana Mondino<\/strong>, y fue alcanzado por el recambio que existe en algunas \u00e1reas de gesti\u00f3n, a diez meses de la asunci\u00f3n del presidente Javier Milei.<\/h3>\n<h3>La direcci\u00f3n de Derechos Humanos se encuentra bajo la \u00f3rbita de la Secretar\u00eda de Culto, en la que recal\u00f3 en las \u00faltimas semanas Nahuel Sotelo. Con su llegada inici\u00f3 una reorganizaci\u00f3n del sector. \u201cVamos a poner a diplom\u00e1ticos alineados con las ideas del Presidente Milei\u201d, dijeron desde la secretar\u00eda.<\/h3>\n<h3>En efecto, en las pr\u00f3ximas horas ser\u00e1 anunciado el nuevo director, que seg\u00fan pudo saber este medio ser\u00e1 un diplom\u00e1tico de carrera. Machuca, en tanto, seguir\u00e1 formando parte de la estructura, aunque no como cabeza de la direcci\u00f3n.<\/h3>\n<h3>La Secretar\u00eda de Culto, que est\u00e1 en la \u00f3rbita de Canciller\u00eda, tiene en su organigrama a dos subsecretarias. Una es la de Culto y otra la de Civilizaci\u00f3n. Cada una de esas \u00e1reas tiene bajo su ejido un grupo de direcciones. Debajo del ala de la Subsecretar\u00eda de Civilizaci\u00f3n est\u00e1 actualmente la Direcci\u00f3n de Derechos Humanos que lideraba Machuca.<\/h3>\n<h3>No obstante, desde la llegada de Sotelo tiene lugar una reestructuraci\u00f3n completa, con nuevas dependencias. \u201cSe busca darle un perfil m\u00e1s conservador, con las ideas libertarias\u201d, remarcaron.<\/h3>\n<h3>En sus \u00faltimos actos de gesti\u00f3n, Machuca hab\u00eda representado a la Argentina en el Examen Peri\u00f3dico Universal de la situaci\u00f3n pol\u00edtica y social de Venezuela, que tuvo lugar durante la reuni\u00f3n en Ginebra, Suiza, del Consejo de Derechos Humanos de la ONU. All\u00ed hab\u00eda sentado la posici\u00f3n del pa\u00eds, reclamando que la Justicia condene a los responsables a las violaciones a los DDHH perpetrados por el r\u00e9gimen de Nicol\u00e1s Maduro<\/h3>\n<h3>Cabe se\u00f1alar que el cambio se da mientras Mondino emprende una gira por Asia, con destino a India. All\u00ed, la canciller tiene prevista una reuni\u00f3n bilateral con el primer ministro Narenda Modi, y una ser\u00e9 de reuniones con foco comercial. La jefa de la diplomacia argentina tiene previsto estar en Nueva Delhi hasta el 9 de octubre.<\/h3>\n<h3>Nahuel Sotelo, en tanto, fue designado Secretario de Culto el 29 de agosto, luego de su paso como diputado provincial de La Libertad Avanza en la provincia de Buenos Aires. El cambio en el Gabinete qued\u00f3 asentado en el Decreto 768\/2024, el cual fue publicado en el Bolet\u00edn Oficial. El nuevo funcionario cuenta adem\u00e1s con rango protocolar, ya que fue nombrado Embajador Extraordinario y Plenipotenciario, con la misi\u00f3n de llevar adelante las relaciones del gobierno con la Iglesia.<\/h3>\n<h3>En aquella oportunidad, Sotelo agradeci\u00f3 \u201cla confianza depositada\u201d en su persona por parte del presidente Milei y de la canciller Diana Mondino, y celebr\u00f3 que este Gobierno \u201cle da oportunidades a las nuevas generaciones para ocupar lugares importantes\u201d.<\/h3>\n<h3>Mondino, por su parte, hab\u00eda tenido un gesto de cordialidad d\u00edas atr\u00e1s con la embajadora de M\u00e9xico, Lilia Rossbach, cuando concurri\u00f3 a la sede de la embajada para presenciar, a la distancia, la asunci\u00f3n de la nueva presidenta del pa\u00eds azteca, Claudia Sheinbaum.<\/h3>\n<h3>En esa oportunidad, de cara a la ceremonia de asunci\u00f3n Milei decidi\u00f3 no ir a M\u00e9xico as\u00ed como tampoco envi\u00f3 a su canciller ni a ning\u00fan representante de peso pol\u00edtico de su Gabinete. A modo de cumplir con el protocolo, se limit\u00f3 a instruir a la embajadora Quinteros a que acerque el saludo de rigor. En tanto que Mondino aplic\u00f3 cortes\u00eda diplom\u00e1tica. La ministra de Relaciones Exteriores visit\u00f3 la Embajada de M\u00e9xico en Argentina, ubicada en el barrio porte\u00f1o de Palermo, para presenciar por Zoom la ceremonia de asunci\u00f3n de Sheinbaum junto a Rossbach, un gesto que ella agradeci\u00f3.<\/h3>\n<p>&nbsp;<\/p>\n<p>&nbsp;<\/p>\n<p>&nbsp;<\/p>\n<p>&nbsp;<\/p>\n<p>&nbsp;<\/p>\n<p>&nbsp;<\/p>\n","protected":false},"excerpt":{"rendered":"<p>El director de Derechos Humanos, Christian Machuca, dejar\u00e1 su cargo en las pr\u00f3ximas horas. Se&#8230;<\/p>\n","protected":false},"author":1,"featured_media":23335,"comment_status":"closed","ping_status":"closed","sticky":false,"template":"","format":"standard","meta":{"footnotes":""},"categories":[5],"tags":[],"class_list":["post-23334","post","type-post","status-publish","format-standard","has-post-thumbnail","hentry","category-nacionales-internacionales"],"yoast_head":"<!-- This site is optimized with the Yoast SEO plugin v26.1.1 - https:\/\/yoast.com\/wordpress\/plugins\/seo\/ -->\n<title>M\u00c1S CAMBIOS EN EL GOBIERNO: REMOVIERON AL DIRECTOR DE DERECHOS HUMANOS - Apuntes de San Luis<\/title>\n<meta name=\"robots\" content=\"index, follow, max-snippet:-1, max-image-preview:large, max-video-preview:-1\" \/>\n<link rel=\"canonical\" href=\"https:\/\/apuntesdesanluis.com\/index.php\/2024\/10\/03\/mas-cambios-en-el-gobierno-removieron-al-director-de-derechos-humanos\/\" \/>\n<meta property=\"og:locale\" content=\"es_ES\" \/>\n<meta property=\"og:type\" content=\"article\" \/>\n<meta property=\"og:title\" content=\"M\u00c1S CAMBIOS EN EL GOBIERNO: REMOVIERON AL DIRECTOR DE DERECHOS HUMANOS - Apuntes de San Luis\" \/>\n<meta property=\"og:description\" content=\"El director de Derechos Humanos, Christian Machuca, dejar\u00e1 su cargo en las pr\u00f3ximas horas. Se...\" \/>\n<meta property=\"og:url\" content=\"https:\/\/apuntesdesanluis.com\/index.php\/2024\/10\/03\/mas-cambios-en-el-gobierno-removieron-al-director-de-derechos-humanos\/\" \/>\n<meta property=\"og:site_name\" content=\"Apuntes de San Luis\" \/>\n<meta property=\"article:published_time\" content=\"2024-10-04T01:31:42+00:00\" \/>\n<meta property=\"og:image\" content=\"https:\/\/apuntesdesanluis.com\/wp-content\/uploads\/2024\/10\/CAMBIO.png\" \/>\n\t<meta property=\"og:image:width\" content=\"670\" \/>\n\t<meta property=\"og:image:height\" content=\"382\" \/>\n\t<meta property=\"og:image:type\" content=\"image\/png\" \/>\n<meta name=\"author\" content=\"apuntesdesanluis.com\" \/>\n<meta name=\"twitter:card\" content=\"summary_large_image\" \/>\n<meta name=\"twitter:label1\" content=\"Escrito por\" \/>\n\t<meta name=\"twitter:data1\" content=\"apuntesdesanluis.com\" \/>\n\t<meta name=\"twitter:label2\" content=\"Tiempo de lectura\" \/>\n\t<meta name=\"twitter:data2\" content=\"4 minutos\" \/>\n<script type=\"application\/ld+json\" class=\"yoast-schema-graph\">{\"@context\":\"https:\/\/schema.org\",\"@graph\":[{\"@type\":\"Article\",\"@id\":\"https:\/\/apuntesdesanluis.com\/index.php\/2024\/10\/03\/mas-cambios-en-el-gobierno-removieron-al-director-de-derechos-humanos\/#article\",\"isPartOf\":{\"@id\":\"https:\/\/apuntesdesanluis.com\/index.php\/2024\/10\/03\/mas-cambios-en-el-gobierno-removieron-al-director-de-derechos-humanos\/\"},\"author\":{\"name\":\"apuntesdesanluis.com\",\"@id\":\"https:\/\/apuntesdesanluis.com\/#\/schema\/person\/b55151d52296fcce64d1a72538a70b90\"},\"headline\":\"M\u00c1S CAMBIOS EN EL GOBIERNO: REMOVIERON AL DIRECTOR DE DERECHOS HUMANOS\",\"datePublished\":\"2024-10-04T01:31:42+00:00\",\"mainEntityOfPage\":{\"@id\":\"https:\/\/apuntesdesanluis.com\/index.php\/2024\/10\/03\/mas-cambios-en-el-gobierno-removieron-al-director-de-derechos-humanos\/\"},\"wordCount\":681,\"publisher\":{\"@id\":\"https:\/\/apuntesdesanluis.com\/#\/schema\/person\/b55151d52296fcce64d1a72538a70b90\"},\"image\":{\"@id\":\"https:\/\/apuntesdesanluis.com\/index.php\/2024\/10\/03\/mas-cambios-en-el-gobierno-removieron-al-director-de-derechos-humanos\/#primaryimage\"},\"thumbnailUrl\":\"https:\/\/apuntesdesanluis.com\/wp-content\/uploads\/2024\/10\/CAMBIO.png\",\"articleSection\":[\"Nacionales\/Internacionales\"],\"inLanguage\":\"es-AR\"},{\"@type\":\"WebPage\",\"@id\":\"https:\/\/apuntesdesanluis.com\/index.php\/2024\/10\/03\/mas-cambios-en-el-gobierno-removieron-al-director-de-derechos-humanos\/\",\"url\":\"https:\/\/apuntesdesanluis.com\/index.php\/2024\/10\/03\/mas-cambios-en-el-gobierno-removieron-al-director-de-derechos-humanos\/\",\"name\":\"M\u00c1S CAMBIOS EN EL GOBIERNO: REMOVIERON AL DIRECTOR DE DERECHOS HUMANOS - Apuntes de San Luis\",\"isPartOf\":{\"@id\":\"https:\/\/apuntesdesanluis.com\/#website\"},\"primaryImageOfPage\":{\"@id\":\"https:\/\/apuntesdesanluis.com\/index.php\/2024\/10\/03\/mas-cambios-en-el-gobierno-removieron-al-director-de-derechos-humanos\/#primaryimage\"},\"image\":{\"@id\":\"https:\/\/apuntesdesanluis.com\/index.php\/2024\/10\/03\/mas-cambios-en-el-gobierno-removieron-al-director-de-derechos-humanos\/#primaryimage\"},\"thumbnailUrl\":\"https:\/\/apuntesdesanluis.com\/wp-content\/uploads\/2024\/10\/CAMBIO.png\",\"datePublished\":\"2024-10-04T01:31:42+00:00\",\"breadcrumb\":{\"@id\":\"https:\/\/apuntesdesanluis.com\/index.php\/2024\/10\/03\/mas-cambios-en-el-gobierno-removieron-al-director-de-derechos-humanos\/#breadcrumb\"},\"inLanguage\":\"es-AR\",\"potentialAction\":[{\"@type\":\"ReadAction\",\"target\":[\"https:\/\/apuntesdesanluis.com\/index.php\/2024\/10\/03\/mas-cambios-en-el-gobierno-removieron-al-director-de-derechos-humanos\/\"]}]},{\"@type\":\"ImageObject\",\"inLanguage\":\"es-AR\",\"@id\":\"https:\/\/apuntesdesanluis.com\/index.php\/2024\/10\/03\/mas-cambios-en-el-gobierno-removieron-al-director-de-derechos-humanos\/#primaryimage\",\"url\":\"https:\/\/apuntesdesanluis.com\/wp-content\/uploads\/2024\/10\/CAMBIO.png\",\"contentUrl\":\"https:\/\/apuntesdesanluis.com\/wp-content\/uploads\/2024\/10\/CAMBIO.png\",\"width\":670,\"height\":382},{\"@type\":\"BreadcrumbList\",\"@id\":\"https:\/\/apuntesdesanluis.com\/index.php\/2024\/10\/03\/mas-cambios-en-el-gobierno-removieron-al-director-de-derechos-humanos\/#breadcrumb\",\"itemListElement\":[{\"@type\":\"ListItem\",\"position\":1,\"name\":\"Inicio\",\"item\":\"https:\/\/apuntesdesanluis.com\/\"},{\"@type\":\"ListItem\",\"position\":2,\"name\":\"M\u00c1S CAMBIOS EN EL GOBIERNO: REMOVIERON AL DIRECTOR DE DERECHOS HUMANOS\"}]},{\"@type\":\"WebSite\",\"@id\":\"https:\/\/apuntesdesanluis.com\/#website\",\"url\":\"https:\/\/apuntesdesanluis.com\/\",\"name\":\"Apuntes de San Luis\",\"description\":\"\",\"publisher\":{\"@id\":\"https:\/\/apuntesdesanluis.com\/#\/schema\/person\/b55151d52296fcce64d1a72538a70b90\"},\"potentialAction\":[{\"@type\":\"SearchAction\",\"target\":{\"@type\":\"EntryPoint\",\"urlTemplate\":\"https:\/\/apuntesdesanluis.com\/?s={search_term_string}\"},\"query-input\":{\"@type\":\"PropertyValueSpecification\",\"valueRequired\":true,\"valueName\":\"search_term_string\"}}],\"inLanguage\":\"es-AR\"},{\"@type\":[\"Person\",\"Organization\"],\"@id\":\"https:\/\/apuntesdesanluis.com\/#\/schema\/person\/b55151d52296fcce64d1a72538a70b90\",\"name\":\"apuntesdesanluis.com\",\"image\":{\"@type\":\"ImageObject\",\"inLanguage\":\"es-AR\",\"@id\":\"https:\/\/apuntesdesanluis.com\/#\/schema\/person\/image\/\",\"url\":\"https:\/\/apuntesdesanluis.com\/wp-content\/uploads\/2023\/07\/cropped-apuntesdesanluis.png\",\"contentUrl\":\"https:\/\/apuntesdesanluis.com\/wp-content\/uploads\/2023\/07\/cropped-apuntesdesanluis.png\",\"width\":450,\"height\":112,\"caption\":\"apuntesdesanluis.com\"},\"logo\":{\"@id\":\"https:\/\/apuntesdesanluis.com\/#\/schema\/person\/image\/\"},\"sameAs\":[\"https:\/\/apuntesdesanluis.com\"],\"url\":\"https:\/\/apuntesdesanluis.com\/index.php\/author\/apuntesdesanluis-com\/\"}]}<\/script>\n<!-- \/ Yoast SEO plugin. -->","yoast_head_json":{"title":"M\u00c1S CAMBIOS EN EL GOBIERNO: REMOVIERON AL DIRECTOR DE DERECHOS HUMANOS - Apuntes de San Luis","robots":{"index":"index","follow":"follow","max-snippet":"max-snippet:-1","max-image-preview":"max-image-preview:large","max-video-preview":"max-video-preview:-1"},"canonical":"https:\/\/apuntesdesanluis.com\/index.php\/2024\/10\/03\/mas-cambios-en-el-gobierno-removieron-al-director-de-derechos-humanos\/","og_locale":"es_ES","og_type":"article","og_title":"M\u00c1S CAMBIOS EN EL GOBIERNO: REMOVIERON AL DIRECTOR DE DERECHOS HUMANOS - Apuntes de San Luis","og_description":"El director de Derechos Humanos, Christian Machuca, dejar\u00e1 su cargo en las pr\u00f3ximas horas. Se...","og_url":"https:\/\/apuntesdesanluis.com\/index.php\/2024\/10\/03\/mas-cambios-en-el-gobierno-removieron-al-director-de-derechos-humanos\/","og_site_name":"Apuntes de San Luis","article_published_time":"2024-10-04T01:31:42+00:00","og_image":[{"width":670,"height":382,"url":"https:\/\/apuntesdesanluis.com\/wp-content\/uploads\/2024\/10\/CAMBIO.png","type":"image\/png"}],"author":"apuntesdesanluis.com","twitter_card":"summary_large_image","twitter_misc":{"Escrito por":"apuntesdesanluis.com","Tiempo de lectura":"4 minutos"},"schema":{"@context":"https:\/\/schema.org","@graph":[{"@type":"Article","@id":"https:\/\/apuntesdesanluis.com\/index.php\/2024\/10\/03\/mas-cambios-en-el-gobierno-removieron-al-director-de-derechos-humanos\/#article","isPartOf":{"@id":"https:\/\/apuntesdesanluis.com\/index.php\/2024\/10\/03\/mas-cambios-en-el-gobierno-removieron-al-director-de-derechos-humanos\/"},"author":{"name":"apuntesdesanluis.com","@id":"https:\/\/apuntesdesanluis.com\/#\/schema\/person\/b55151d52296fcce64d1a72538a70b90"},"headline":"M\u00c1S CAMBIOS EN EL GOBIERNO: REMOVIERON AL DIRECTOR DE DERECHOS HUMANOS","datePublished":"2024-10-04T01:31:42+00:00","mainEntityOfPage":{"@id":"https:\/\/apuntesdesanluis.com\/index.php\/2024\/10\/03\/mas-cambios-en-el-gobierno-removieron-al-director-de-derechos-humanos\/"},"wordCount":681,"publisher":{"@id":"https:\/\/apuntesdesanluis.com\/#\/schema\/person\/b55151d52296fcce64d1a72538a70b90"},"image":{"@id":"https:\/\/apuntesdesanluis.com\/index.php\/2024\/10\/03\/mas-cambios-en-el-gobierno-removieron-al-director-de-derechos-humanos\/#primaryimage"},"thumbnailUrl":"https:\/\/apuntesdesanluis.com\/wp-content\/uploads\/2024\/10\/CAMBIO.png","articleSection":["Nacionales\/Internacionales"],"inLanguage":"es-AR"},{"@type":"WebPage","@id":"https:\/\/apuntesdesanluis.com\/index.php\/2024\/10\/03\/mas-cambios-en-el-gobierno-removieron-al-director-de-derechos-humanos\/","url":"https:\/\/apuntesdesanluis.com\/index.php\/2024\/10\/03\/mas-cambios-en-el-gobierno-removieron-al-director-de-derechos-humanos\/","name":"M\u00c1S CAMBIOS EN EL GOBIERNO: REMOVIERON AL DIRECTOR DE DERECHOS HUMANOS - Apuntes de San Luis","isPartOf":{"@id":"https:\/\/apuntesdesanluis.com\/#website"},"primaryImageOfPage":{"@id":"https:\/\/apuntesdesanluis.com\/index.php\/2024\/10\/03\/mas-cambios-en-el-gobierno-removieron-al-director-de-derechos-humanos\/#primaryimage"},"image":{"@id":"https:\/\/apuntesdesanluis.com\/index.php\/2024\/10\/03\/mas-cambios-en-el-gobierno-removieron-al-director-de-derechos-humanos\/#primaryimage"},"thumbnailUrl":"https:\/\/apuntesdesanluis.com\/wp-content\/uploads\/2024\/10\/CAMBIO.png","datePublished":"2024-10-04T01:31:42+00:00","breadcrumb":{"@id":"https:\/\/apuntesdesanluis.com\/index.php\/2024\/10\/03\/mas-cambios-en-el-gobierno-removieron-al-director-de-derechos-humanos\/#breadcrumb"},"inLanguage":"es-AR","potentialAction":[{"@type":"ReadAction","target":["https:\/\/apuntesdesanluis.com\/index.php\/2024\/10\/03\/mas-cambios-en-el-gobierno-removieron-al-director-de-derechos-humanos\/"]}]},{"@type":"ImageObject","inLanguage":"es-AR","@id":"https:\/\/apuntesdesanluis.com\/index.php\/2024\/10\/03\/mas-cambios-en-el-gobierno-removieron-al-director-de-derechos-humanos\/#primaryimage","url":"https:\/\/apuntesdesanluis.com\/wp-content\/uploads\/2024\/10\/CAMBIO.png","contentUrl":"https:\/\/apuntesdesanluis.com\/wp-content\/uploads\/2024\/10\/CAMBIO.png","width":670,"height":382},{"@type":"BreadcrumbList","@id":"https:\/\/apuntesdesanluis.com\/index.php\/2024\/10\/03\/mas-cambios-en-el-gobierno-removieron-al-director-de-derechos-humanos\/#breadcrumb","itemListElement":[{"@type":"ListItem","position":1,"name":"Inicio","item":"https:\/\/apuntesdesanluis.com\/"},{"@type":"ListItem","position":2,"name":"M\u00c1S CAMBIOS EN EL GOBIERNO: REMOVIERON AL DIRECTOR DE DERECHOS HUMANOS"}]},{"@type":"WebSite","@id":"https:\/\/apuntesdesanluis.com\/#website","url":"https:\/\/apuntesdesanluis.com\/","name":"Apuntes de San Luis","description":"","publisher":{"@id":"https:\/\/apuntesdesanluis.com\/#\/schema\/person\/b55151d52296fcce64d1a72538a70b90"},"potentialAction":[{"@type":"SearchAction","target":{"@type":"EntryPoint","urlTemplate":"https:\/\/apuntesdesanluis.com\/?s={search_term_string}"},"query-input":{"@type":"PropertyValueSpecification","valueRequired":true,"valueName":"search_term_string"}}],"inLanguage":"es-AR"},{"@type":["Person","Organization"],"@id":"https:\/\/apuntesdesanluis.com\/#\/schema\/person\/b55151d52296fcce64d1a72538a70b90","name":"apuntesdesanluis.com","image":{"@type":"ImageObject","inLanguage":"es-AR","@id":"https:\/\/apuntesdesanluis.com\/#\/schema\/person\/image\/","url":"https:\/\/apuntesdesanluis.com\/wp-content\/uploads\/2023\/07\/cropped-apuntesdesanluis.png","contentUrl":"https:\/\/apuntesdesanluis.com\/wp-content\/uploads\/2023\/07\/cropped-apuntesdesanluis.png","width":450,"height":112,"caption":"apuntesdesanluis.com"},"logo":{"@id":"https:\/\/apuntesdesanluis.com\/#\/schema\/person\/image\/"},"sameAs":["https:\/\/apuntesdesanluis.com"],"url":"https:\/\/apuntesdesanluis.com\/index.php\/author\/apuntesdesanluis-com\/"}]}},"featured_image_urls":{"full":["https:\/\/apuntesdesanluis.com\/wp-content\/uploads\/2024\/10\/CAMBIO.png",670,382,false],"thumbnail":["https:\/\/apuntesdesanluis.com\/wp-content\/uploads\/2024\/10\/CAMBIO-150x150.png",150,150,true],"medium":["https:\/\/apuntesdesanluis.com\/wp-content\/uploads\/2024\/10\/CAMBIO-300x171.png",300,171,true],"medium_large":["https:\/\/apuntesdesanluis.com\/wp-content\/uploads\/2024\/10\/CAMBIO.png",640,365,false],"large":["https:\/\/apuntesdesanluis.com\/wp-content\/uploads\/2024\/10\/CAMBIO.png",640,365,false],"1536x1536":["https:\/\/apuntesdesanluis.com\/wp-content\/uploads\/2024\/10\/CAMBIO.png",670,382,false],"2048x2048":["https:\/\/apuntesdesanluis.com\/wp-content\/uploads\/2024\/10\/CAMBIO.png",670,382,false],"newsever-slider-full":["https:\/\/apuntesdesanluis.com\/wp-content\/uploads\/2024\/10\/CAMBIO.png",670,382,false],"newsever-featured":["https:\/\/apuntesdesanluis.com\/wp-content\/uploads\/2024\/10\/CAMBIO.png",670,382,false],"newsever-medium":["https:\/\/apuntesdesanluis.com\/wp-content\/uploads\/2024\/10\/CAMBIO.png",670,382,false]},"author_info":{"display_name":"apuntesdesanluis.com","author_link":"https:\/\/apuntesdesanluis.com\/index.php\/author\/apuntesdesanluis-com\/"},"category_info":"<a href=\"https:\/\/apuntesdesanluis.com\/index.php\/category\/nacionales-internacionales\/\" rel=\"category tag\">Nacionales\/Internacionales<\/a>","tag_info":"Nacionales\/Internacionales","comment_count":"0","_links":{"self":[{"href":"https:\/\/apuntesdesanluis.com\/index.php\/wp-json\/wp\/v2\/posts\/23334","targetHints":{"allow":["GET"]}}],"collection":[{"href":"https:\/\/apuntesdesanluis.com\/index.php\/wp-json\/wp\/v2\/posts"}],"about":[{"href":"https:\/\/apuntesdesanluis.com\/index.php\/wp-json\/wp\/v2\/types\/post"}],"author":[{"embeddable":true,"href":"https:\/\/apuntesdesanluis.com\/index.php\/wp-json\/wp\/v2\/users\/1"}],"replies":[{"embeddable":true,"href":"https:\/\/apuntesdesanluis.com\/index.php\/wp-json\/wp\/v2\/comments?post=23334"}],"version-history":[{"count":1,"href":"https:\/\/apuntesdesanluis.com\/index.php\/wp-json\/wp\/v2\/posts\/23334\/revisions"}],"predecessor-version":[{"id":23336,"href":"https:\/\/apuntesdesanluis.com\/index.php\/wp-json\/wp\/v2\/posts\/23334\/revisions\/23336"}],"wp:featuredmedia":[{"embeddable":true,"href":"https:\/\/apuntesdesanluis.com\/index.php\/wp-json\/wp\/v2\/media\/23335"}],"wp:attachment":[{"href":"https:\/\/apuntesdesanluis.com\/index.php\/wp-json\/wp\/v2\/media?parent=23334"}],"wp:term":[{"taxonomy":"category","embeddable":true,"href":"https:\/\/apuntesdesanluis.com\/index.php\/wp-json\/wp\/v2\/categories?post=23334"},{"taxonomy":"post_tag","embeddable":true,"href":"https:\/\/apuntesdesanluis.com\/index.php\/wp-json\/wp\/v2\/tags?post=23334"}],"curies":[{"name":"wp","href":"https:\/\/api.w.org\/{rel}","templated":true}]}}