{"id":23341,"date":"2024-10-03T22:46:31","date_gmt":"2024-10-04T01:46:31","guid":{"rendered":"https:\/\/apuntesdesanluis.com\/?p=23341"},"modified":"2024-10-03T22:46:31","modified_gmt":"2024-10-04T01:46:31","slug":"la-oposicion-pidio-sesionar-para-anular-el-veto-de-milei-al-presupuesto-universitario","status":"publish","type":"post","link":"https:\/\/apuntesdesanluis.com\/index.php\/2024\/10\/03\/la-oposicion-pidio-sesionar-para-anular-el-veto-de-milei-al-presupuesto-universitario\/","title":{"rendered":"LA OPOSICI\u00d3N PIDI\u00d3 SESIONAR PARA ANULAR EL VETO DE MILEI AL PRESUPUESTO UNIVERSITARIO"},"content":{"rendered":"<h3>El Gobierno Nacional comunic\u00f3 a la C\u00e1mara de Diputados el veto a la <strong>Ley de Financiamiento Universitario<\/strong> y en ese contexto, los bloques dialoguistas y Uni\u00f3n por la Patria respondieron con la convocatoria a una sesi\u00f3n especial para el pr\u00f3ximo mi\u00e9rcoles 9 de octubre a las 11, con la intenci\u00f3n de rechazar el decreto presidencial.<\/h3>\n<h3>Para poder rechazar el veto, los bloques de la UCR, Encuentro Federal, la Coalici\u00f3n C\u00edvica, la izquierda y Uni\u00f3n por la Patria deber\u00e1n reunir el respaldo de los dos tercios de los diputados que est\u00e9n presentes en la sesi\u00f3n.<\/h3>\n<h3>El \u00faltimo antecedente de este tipo ocurri\u00f3 en la C\u00e1mara de Diputados, luego de que el presidente<strong> Javier Milei<\/strong> decidiera vetar el aumento jubilatorio dispuesto anteriormente por el Congreso. En el recinto, los bloques no lograron juntar los dos tercios. Fue por eso que el mandatario nacional agradeci\u00f3 a los &#8220;87 h\u00e9roes&#8221; que apoyaron su rechazo.<\/h3>\n<h3>All\u00ed el oficialismo junto al PRO, el MID, Independencia, Producci\u00f3n y Trabajo y cinco radicales. Con eso se super\u00f3 el tercio para mantener el decreto del Poder Ejecutivo.<\/h3>\n<h3>Tras la multitudinaria marcha realizada ayer por las Universidades y partidos opositores, el Gobierno public\u00f3 este jueves en el Bolet\u00edn Oficial el rechazo a la ley aprobada por el Congreso para aumentar los recursos para las altas casas de estudio, y cerca del mediod\u00eda envi\u00f3 una nota informando su decisi\u00f3n al presidente de la C\u00e1mara de Diputados, Mart\u00edn Menem.<\/h3>\n<h3>Los pedidos de sesi\u00f3n fueron formulados en forma separada por Encuentro Federal, Coalici\u00f3n C\u00edvica, Movimiento Popular Neuquino y por Santa Cruz, y por otro lado, la Uni\u00f3n C\u00edvica Radical. Por \u00faltimo lo hizo Uni\u00f3n por la Patria. Todav\u00eda se desconoce que postura adoptara el PRO, liderado por Cristian Ritondo. El espacio amarillo es uno de los aliados m\u00e1s cercanos del oficialismo.<\/h3>\n<h3>Uno de los pedidos fue realizado por el jefe Encuentro Federal, Miguel \u00c1ngel Pichetto, junto a sus pares de bloque Florencio Randazzo, Margarita Stolbizer, Oscar Agost Carre\u00f1o, Emilio Monz\u00f3, Nicol\u00e1s Massot, Juan Brugge, y M\u00f3nica Fein; Juan Manuel L\u00f3pez y Paula Oliveto de la Coalici\u00f3n C\u00edvica; Sergio Acevedo por Santa Cruz y Osvaldo Llacanfilo del Movimiento Popular Neuquino.<\/h3>\n<h3>Otra de las solicitudes de sesi\u00f3n fue pedida por el presidente del bloque radical, Rodrigo de Loredo, junto a Carla Carrizo, Danya Tavale, Mart\u00edn Tetaz, Facundo Manes, Julio Cobos, y Marcela Antola, entre otros.<\/h3>\n<h3>La solicitud de Uni\u00f3n por la Patria fue realizada por el presidente del bloque de UP, Germ\u00e1n Mart\u00ednez, la vicepresidenta primera de la c\u00e1mara, Cecilia Moreau, y sus pares de bloque Paula Penacca, Blanca Osuna, Carlos Heller, Constanza Alonso, y Daniel Arroyo.<\/h3>\n<h3>Docentes, estudiantes, pol\u00edticos y distintos grupos de personas marcharon este mi\u00e9rcoles al Congreso para pedirle a Milei que &#8220;promulgue&#8221; la ley de Financiamiento Universitario. Se trat\u00f3 de la segunda manifestaci\u00f3n de este tipo en el a\u00f1o y durante el gobierno libertario (la primera fue en abril), con el objetivo de mostrar un fuerte apoyo a la educaci\u00f3n p\u00fablica universitaria.<\/h3>\n<h3>&#8220;Los estudiantes de toda la Argentina le pedimos, en un grito de auxilio para salvar al sistema: \u00a1promulgue la Ley de Financiamiento universitario!&#8221;, manifest\u00f3 la presidenta de la Federaci\u00f3n Universitaria Argentina (FUA), Piera Fern\u00e1ndez de Piccoli, quien se encarg\u00f3 de leer el documento con el que cerr\u00f3 la multitudinaria Marcha Federal en todo el pa\u00eds, y que tuvo como epicentro la Plaza Congreso.<\/h3>\n<h3>Asimismo, la comunidad universitaria le &#8220;exigi\u00f3&#8221; al jefe de Estado que &#8220;reconsidere&#8221; el proyecto de Presupuesto 2025, al advertir que &#8220;si no se modifica, la situaci\u00f3n de las universidades y del sistema cient\u00edfico ser\u00e1 mucho m\u00e1s grave que la que atravesamos hoy. Lo que estar\u00e1 en juego es su continuidad&#8221;.<\/h3>\n<h3>&#8220;Es un error entender como un gasto y no como una inversi\u00f3n lo que el Estado destina a educaci\u00f3n, universidades y desarrollo cient\u00edfico&#8221;, advirti\u00f3 el manifiesto. &#8220;La universidad no es el problema, es parte de la soluci\u00f3n&#8221;, fue el lema que utiliz\u00f3 la comunidad educativa para rechazar el recorte presupuestario que instrument\u00f3 el gobierno libertario.<\/h3>\n<h3>La contundente movilizaci\u00f3n no hizo mella en el Presidente, que horas despu\u00e9s public\u00f3 el veto a la ley de financiamiento universitario en el Bolet\u00edn Oficial, tal como hab\u00eda anticipado a principios de diciembre cuando fue aprobada por el Congreso. Para el jefe de Estado, se trat\u00f3 de generar &#8220;desequilibrio fiscal&#8221;.<\/h3>\n<p>&nbsp;<\/p>\n<p>&nbsp;<\/p>\n<p>&nbsp;<\/p>\n<p>&nbsp;<\/p>\n<p>&nbsp;<\/p>\n<p>&nbsp;<\/p>\n","protected":false},"excerpt":{"rendered":"<p>El Gobierno Nacional comunic\u00f3 a la C\u00e1mara de Diputados el veto a la Ley de&#8230;<\/p>\n","protected":false},"author":1,"featured_media":23342,"comment_status":"closed","ping_status":"closed","sticky":false,"template":"","format":"standard","meta":{"footnotes":""},"categories":[5],"tags":[],"class_list":["post-23341","post","type-post","status-publish","format-standard","has-post-thumbnail","hentry","category-nacionales-internacionales"],"yoast_head":"<!-- This site is optimized with the Yoast SEO plugin v26.1.1 - https:\/\/yoast.com\/wordpress\/plugins\/seo\/ -->\n<title>LA OPOSICI\u00d3N PIDI\u00d3 SESIONAR PARA ANULAR EL VETO DE MILEI AL PRESUPUESTO UNIVERSITARIO - Apuntes de San Luis<\/title>\n<meta name=\"robots\" content=\"index, follow, max-snippet:-1, max-image-preview:large, max-video-preview:-1\" \/>\n<link rel=\"canonical\" href=\"https:\/\/apuntesdesanluis.com\/index.php\/2024\/10\/03\/la-oposicion-pidio-sesionar-para-anular-el-veto-de-milei-al-presupuesto-universitario\/\" \/>\n<meta property=\"og:locale\" content=\"es_ES\" \/>\n<meta property=\"og:type\" content=\"article\" \/>\n<meta property=\"og:title\" content=\"LA OPOSICI\u00d3N PIDI\u00d3 SESIONAR PARA ANULAR EL VETO DE MILEI AL PRESUPUESTO UNIVERSITARIO - Apuntes de San Luis\" \/>\n<meta property=\"og:description\" content=\"El Gobierno Nacional comunic\u00f3 a la C\u00e1mara de Diputados el veto a la Ley de...\" \/>\n<meta property=\"og:url\" content=\"https:\/\/apuntesdesanluis.com\/index.php\/2024\/10\/03\/la-oposicion-pidio-sesionar-para-anular-el-veto-de-milei-al-presupuesto-universitario\/\" \/>\n<meta property=\"og:site_name\" content=\"Apuntes de San Luis\" \/>\n<meta property=\"article:published_time\" content=\"2024-10-04T01:46:31+00:00\" \/>\n<meta property=\"og:image\" content=\"https:\/\/apuntesdesanluis.com\/wp-content\/uploads\/2024\/10\/2DA.-MARCHA-FEDERAL-1.png\" \/>\n\t<meta property=\"og:image:width\" content=\"980\" \/>\n\t<meta property=\"og:image:height\" content=\"596\" \/>\n\t<meta property=\"og:image:type\" content=\"image\/png\" \/>\n<meta name=\"author\" content=\"apuntesdesanluis.com\" \/>\n<meta name=\"twitter:card\" content=\"summary_large_image\" \/>\n<meta name=\"twitter:label1\" content=\"Escrito por\" \/>\n\t<meta name=\"twitter:data1\" content=\"apuntesdesanluis.com\" \/>\n\t<meta name=\"twitter:label2\" content=\"Tiempo de lectura\" \/>\n\t<meta name=\"twitter:data2\" content=\"4 minutos\" \/>\n<script type=\"application\/ld+json\" class=\"yoast-schema-graph\">{\"@context\":\"https:\/\/schema.org\",\"@graph\":[{\"@type\":\"Article\",\"@id\":\"https:\/\/apuntesdesanluis.com\/index.php\/2024\/10\/03\/la-oposicion-pidio-sesionar-para-anular-el-veto-de-milei-al-presupuesto-universitario\/#article\",\"isPartOf\":{\"@id\":\"https:\/\/apuntesdesanluis.com\/index.php\/2024\/10\/03\/la-oposicion-pidio-sesionar-para-anular-el-veto-de-milei-al-presupuesto-universitario\/\"},\"author\":{\"name\":\"apuntesdesanluis.com\",\"@id\":\"https:\/\/apuntesdesanluis.com\/#\/schema\/person\/b55151d52296fcce64d1a72538a70b90\"},\"headline\":\"LA OPOSICI\u00d3N PIDI\u00d3 SESIONAR PARA ANULAR EL VETO DE MILEI AL PRESUPUESTO UNIVERSITARIO\",\"datePublished\":\"2024-10-04T01:46:31+00:00\",\"mainEntityOfPage\":{\"@id\":\"https:\/\/apuntesdesanluis.com\/index.php\/2024\/10\/03\/la-oposicion-pidio-sesionar-para-anular-el-veto-de-milei-al-presupuesto-universitario\/\"},\"wordCount\":785,\"publisher\":{\"@id\":\"https:\/\/apuntesdesanluis.com\/#\/schema\/person\/b55151d52296fcce64d1a72538a70b90\"},\"image\":{\"@id\":\"https:\/\/apuntesdesanluis.com\/index.php\/2024\/10\/03\/la-oposicion-pidio-sesionar-para-anular-el-veto-de-milei-al-presupuesto-universitario\/#primaryimage\"},\"thumbnailUrl\":\"https:\/\/apuntesdesanluis.com\/wp-content\/uploads\/2024\/10\/2DA.-MARCHA-FEDERAL-1.png\",\"articleSection\":[\"Nacionales\/Internacionales\"],\"inLanguage\":\"es-AR\"},{\"@type\":\"WebPage\",\"@id\":\"https:\/\/apuntesdesanluis.com\/index.php\/2024\/10\/03\/la-oposicion-pidio-sesionar-para-anular-el-veto-de-milei-al-presupuesto-universitario\/\",\"url\":\"https:\/\/apuntesdesanluis.com\/index.php\/2024\/10\/03\/la-oposicion-pidio-sesionar-para-anular-el-veto-de-milei-al-presupuesto-universitario\/\",\"name\":\"LA OPOSICI\u00d3N PIDI\u00d3 SESIONAR PARA ANULAR EL VETO DE MILEI AL PRESUPUESTO UNIVERSITARIO - Apuntes de San Luis\",\"isPartOf\":{\"@id\":\"https:\/\/apuntesdesanluis.com\/#website\"},\"primaryImageOfPage\":{\"@id\":\"https:\/\/apuntesdesanluis.com\/index.php\/2024\/10\/03\/la-oposicion-pidio-sesionar-para-anular-el-veto-de-milei-al-presupuesto-universitario\/#primaryimage\"},\"image\":{\"@id\":\"https:\/\/apuntesdesanluis.com\/index.php\/2024\/10\/03\/la-oposicion-pidio-sesionar-para-anular-el-veto-de-milei-al-presupuesto-universitario\/#primaryimage\"},\"thumbnailUrl\":\"https:\/\/apuntesdesanluis.com\/wp-content\/uploads\/2024\/10\/2DA.-MARCHA-FEDERAL-1.png\",\"datePublished\":\"2024-10-04T01:46:31+00:00\",\"breadcrumb\":{\"@id\":\"https:\/\/apuntesdesanluis.com\/index.php\/2024\/10\/03\/la-oposicion-pidio-sesionar-para-anular-el-veto-de-milei-al-presupuesto-universitario\/#breadcrumb\"},\"inLanguage\":\"es-AR\",\"potentialAction\":[{\"@type\":\"ReadAction\",\"target\":[\"https:\/\/apuntesdesanluis.com\/index.php\/2024\/10\/03\/la-oposicion-pidio-sesionar-para-anular-el-veto-de-milei-al-presupuesto-universitario\/\"]}]},{\"@type\":\"ImageObject\",\"inLanguage\":\"es-AR\",\"@id\":\"https:\/\/apuntesdesanluis.com\/index.php\/2024\/10\/03\/la-oposicion-pidio-sesionar-para-anular-el-veto-de-milei-al-presupuesto-universitario\/#primaryimage\",\"url\":\"https:\/\/apuntesdesanluis.com\/wp-content\/uploads\/2024\/10\/2DA.-MARCHA-FEDERAL-1.png\",\"contentUrl\":\"https:\/\/apuntesdesanluis.com\/wp-content\/uploads\/2024\/10\/2DA.-MARCHA-FEDERAL-1.png\",\"width\":980,\"height\":596},{\"@type\":\"BreadcrumbList\",\"@id\":\"https:\/\/apuntesdesanluis.com\/index.php\/2024\/10\/03\/la-oposicion-pidio-sesionar-para-anular-el-veto-de-milei-al-presupuesto-universitario\/#breadcrumb\",\"itemListElement\":[{\"@type\":\"ListItem\",\"position\":1,\"name\":\"Inicio\",\"item\":\"https:\/\/apuntesdesanluis.com\/\"},{\"@type\":\"ListItem\",\"position\":2,\"name\":\"LA OPOSICI\u00d3N PIDI\u00d3 SESIONAR PARA ANULAR EL VETO DE MILEI AL PRESUPUESTO UNIVERSITARIO\"}]},{\"@type\":\"WebSite\",\"@id\":\"https:\/\/apuntesdesanluis.com\/#website\",\"url\":\"https:\/\/apuntesdesanluis.com\/\",\"name\":\"Apuntes de San Luis\",\"description\":\"\",\"publisher\":{\"@id\":\"https:\/\/apuntesdesanluis.com\/#\/schema\/person\/b55151d52296fcce64d1a72538a70b90\"},\"potentialAction\":[{\"@type\":\"SearchAction\",\"target\":{\"@type\":\"EntryPoint\",\"urlTemplate\":\"https:\/\/apuntesdesanluis.com\/?s={search_term_string}\"},\"query-input\":{\"@type\":\"PropertyValueSpecification\",\"valueRequired\":true,\"valueName\":\"search_term_string\"}}],\"inLanguage\":\"es-AR\"},{\"@type\":[\"Person\",\"Organization\"],\"@id\":\"https:\/\/apuntesdesanluis.com\/#\/schema\/person\/b55151d52296fcce64d1a72538a70b90\",\"name\":\"apuntesdesanluis.com\",\"image\":{\"@type\":\"ImageObject\",\"inLanguage\":\"es-AR\",\"@id\":\"https:\/\/apuntesdesanluis.com\/#\/schema\/person\/image\/\",\"url\":\"https:\/\/apuntesdesanluis.com\/wp-content\/uploads\/2023\/07\/cropped-apuntesdesanluis.png\",\"contentUrl\":\"https:\/\/apuntesdesanluis.com\/wp-content\/uploads\/2023\/07\/cropped-apuntesdesanluis.png\",\"width\":450,\"height\":112,\"caption\":\"apuntesdesanluis.com\"},\"logo\":{\"@id\":\"https:\/\/apuntesdesanluis.com\/#\/schema\/person\/image\/\"},\"sameAs\":[\"https:\/\/apuntesdesanluis.com\"],\"url\":\"https:\/\/apuntesdesanluis.com\/index.php\/author\/apuntesdesanluis-com\/\"}]}<\/script>\n<!-- \/ Yoast SEO plugin. -->","yoast_head_json":{"title":"LA OPOSICI\u00d3N PIDI\u00d3 SESIONAR PARA ANULAR EL VETO DE MILEI AL PRESUPUESTO UNIVERSITARIO - Apuntes de San Luis","robots":{"index":"index","follow":"follow","max-snippet":"max-snippet:-1","max-image-preview":"max-image-preview:large","max-video-preview":"max-video-preview:-1"},"canonical":"https:\/\/apuntesdesanluis.com\/index.php\/2024\/10\/03\/la-oposicion-pidio-sesionar-para-anular-el-veto-de-milei-al-presupuesto-universitario\/","og_locale":"es_ES","og_type":"article","og_title":"LA OPOSICI\u00d3N PIDI\u00d3 SESIONAR PARA ANULAR EL VETO DE MILEI AL PRESUPUESTO UNIVERSITARIO - Apuntes de San Luis","og_description":"El Gobierno Nacional comunic\u00f3 a la C\u00e1mara de Diputados el veto a la Ley de...","og_url":"https:\/\/apuntesdesanluis.com\/index.php\/2024\/10\/03\/la-oposicion-pidio-sesionar-para-anular-el-veto-de-milei-al-presupuesto-universitario\/","og_site_name":"Apuntes de San Luis","article_published_time":"2024-10-04T01:46:31+00:00","og_image":[{"width":980,"height":596,"url":"https:\/\/apuntesdesanluis.com\/wp-content\/uploads\/2024\/10\/2DA.-MARCHA-FEDERAL-1.png","type":"image\/png"}],"author":"apuntesdesanluis.com","twitter_card":"summary_large_image","twitter_misc":{"Escrito por":"apuntesdesanluis.com","Tiempo de lectura":"4 minutos"},"schema":{"@context":"https:\/\/schema.org","@graph":[{"@type":"Article","@id":"https:\/\/apuntesdesanluis.com\/index.php\/2024\/10\/03\/la-oposicion-pidio-sesionar-para-anular-el-veto-de-milei-al-presupuesto-universitario\/#article","isPartOf":{"@id":"https:\/\/apuntesdesanluis.com\/index.php\/2024\/10\/03\/la-oposicion-pidio-sesionar-para-anular-el-veto-de-milei-al-presupuesto-universitario\/"},"author":{"name":"apuntesdesanluis.com","@id":"https:\/\/apuntesdesanluis.com\/#\/schema\/person\/b55151d52296fcce64d1a72538a70b90"},"headline":"LA OPOSICI\u00d3N PIDI\u00d3 SESIONAR PARA ANULAR EL VETO DE MILEI AL PRESUPUESTO UNIVERSITARIO","datePublished":"2024-10-04T01:46:31+00:00","mainEntityOfPage":{"@id":"https:\/\/apuntesdesanluis.com\/index.php\/2024\/10\/03\/la-oposicion-pidio-sesionar-para-anular-el-veto-de-milei-al-presupuesto-universitario\/"},"wordCount":785,"publisher":{"@id":"https:\/\/apuntesdesanluis.com\/#\/schema\/person\/b55151d52296fcce64d1a72538a70b90"},"image":{"@id":"https:\/\/apuntesdesanluis.com\/index.php\/2024\/10\/03\/la-oposicion-pidio-sesionar-para-anular-el-veto-de-milei-al-presupuesto-universitario\/#primaryimage"},"thumbnailUrl":"https:\/\/apuntesdesanluis.com\/wp-content\/uploads\/2024\/10\/2DA.-MARCHA-FEDERAL-1.png","articleSection":["Nacionales\/Internacionales"],"inLanguage":"es-AR"},{"@type":"WebPage","@id":"https:\/\/apuntesdesanluis.com\/index.php\/2024\/10\/03\/la-oposicion-pidio-sesionar-para-anular-el-veto-de-milei-al-presupuesto-universitario\/","url":"https:\/\/apuntesdesanluis.com\/index.php\/2024\/10\/03\/la-oposicion-pidio-sesionar-para-anular-el-veto-de-milei-al-presupuesto-universitario\/","name":"LA OPOSICI\u00d3N PIDI\u00d3 SESIONAR PARA ANULAR EL VETO DE MILEI AL PRESUPUESTO UNIVERSITARIO - Apuntes de San Luis","isPartOf":{"@id":"https:\/\/apuntesdesanluis.com\/#website"},"primaryImageOfPage":{"@id":"https:\/\/apuntesdesanluis.com\/index.php\/2024\/10\/03\/la-oposicion-pidio-sesionar-para-anular-el-veto-de-milei-al-presupuesto-universitario\/#primaryimage"},"image":{"@id":"https:\/\/apuntesdesanluis.com\/index.php\/2024\/10\/03\/la-oposicion-pidio-sesionar-para-anular-el-veto-de-milei-al-presupuesto-universitario\/#primaryimage"},"thumbnailUrl":"https:\/\/apuntesdesanluis.com\/wp-content\/uploads\/2024\/10\/2DA.-MARCHA-FEDERAL-1.png","datePublished":"2024-10-04T01:46:31+00:00","breadcrumb":{"@id":"https:\/\/apuntesdesanluis.com\/index.php\/2024\/10\/03\/la-oposicion-pidio-sesionar-para-anular-el-veto-de-milei-al-presupuesto-universitario\/#breadcrumb"},"inLanguage":"es-AR","potentialAction":[{"@type":"ReadAction","target":["https:\/\/apuntesdesanluis.com\/index.php\/2024\/10\/03\/la-oposicion-pidio-sesionar-para-anular-el-veto-de-milei-al-presupuesto-universitario\/"]}]},{"@type":"ImageObject","inLanguage":"es-AR","@id":"https:\/\/apuntesdesanluis.com\/index.php\/2024\/10\/03\/la-oposicion-pidio-sesionar-para-anular-el-veto-de-milei-al-presupuesto-universitario\/#primaryimage","url":"https:\/\/apuntesdesanluis.com\/wp-content\/uploads\/2024\/10\/2DA.-MARCHA-FEDERAL-1.png","contentUrl":"https:\/\/apuntesdesanluis.com\/wp-content\/uploads\/2024\/10\/2DA.-MARCHA-FEDERAL-1.png","width":980,"height":596},{"@type":"BreadcrumbList","@id":"https:\/\/apuntesdesanluis.com\/index.php\/2024\/10\/03\/la-oposicion-pidio-sesionar-para-anular-el-veto-de-milei-al-presupuesto-universitario\/#breadcrumb","itemListElement":[{"@type":"ListItem","position":1,"name":"Inicio","item":"https:\/\/apuntesdesanluis.com\/"},{"@type":"ListItem","position":2,"name":"LA OPOSICI\u00d3N PIDI\u00d3 SESIONAR PARA ANULAR EL VETO DE MILEI AL PRESUPUESTO UNIVERSITARIO"}]},{"@type":"WebSite","@id":"https:\/\/apuntesdesanluis.com\/#website","url":"https:\/\/apuntesdesanluis.com\/","name":"Apuntes de San Luis","description":"","publisher":{"@id":"https:\/\/apuntesdesanluis.com\/#\/schema\/person\/b55151d52296fcce64d1a72538a70b90"},"potentialAction":[{"@type":"SearchAction","target":{"@type":"EntryPoint","urlTemplate":"https:\/\/apuntesdesanluis.com\/?s={search_term_string}"},"query-input":{"@type":"PropertyValueSpecification","valueRequired":true,"valueName":"search_term_string"}}],"inLanguage":"es-AR"},{"@type":["Person","Organization"],"@id":"https:\/\/apuntesdesanluis.com\/#\/schema\/person\/b55151d52296fcce64d1a72538a70b90","name":"apuntesdesanluis.com","image":{"@type":"ImageObject","inLanguage":"es-AR","@id":"https:\/\/apuntesdesanluis.com\/#\/schema\/person\/image\/","url":"https:\/\/apuntesdesanluis.com\/wp-content\/uploads\/2023\/07\/cropped-apuntesdesanluis.png","contentUrl":"https:\/\/apuntesdesanluis.com\/wp-content\/uploads\/2023\/07\/cropped-apuntesdesanluis.png","width":450,"height":112,"caption":"apuntesdesanluis.com"},"logo":{"@id":"https:\/\/apuntesdesanluis.com\/#\/schema\/person\/image\/"},"sameAs":["https:\/\/apuntesdesanluis.com"],"url":"https:\/\/apuntesdesanluis.com\/index.php\/author\/apuntesdesanluis-com\/"}]}},"featured_image_urls":{"full":["https:\/\/apuntesdesanluis.com\/wp-content\/uploads\/2024\/10\/2DA.-MARCHA-FEDERAL-1.png",980,596,false],"thumbnail":["https:\/\/apuntesdesanluis.com\/wp-content\/uploads\/2024\/10\/2DA.-MARCHA-FEDERAL-1-150x150.png",150,150,true],"medium":["https:\/\/apuntesdesanluis.com\/wp-content\/uploads\/2024\/10\/2DA.-MARCHA-FEDERAL-1-300x182.png",300,182,true],"medium_large":["https:\/\/apuntesdesanluis.com\/wp-content\/uploads\/2024\/10\/2DA.-MARCHA-FEDERAL-1-768x467.png",640,389,true],"large":["https:\/\/apuntesdesanluis.com\/wp-content\/uploads\/2024\/10\/2DA.-MARCHA-FEDERAL-1.png",640,389,false],"1536x1536":["https:\/\/apuntesdesanluis.com\/wp-content\/uploads\/2024\/10\/2DA.-MARCHA-FEDERAL-1.png",980,596,false],"2048x2048":["https:\/\/apuntesdesanluis.com\/wp-content\/uploads\/2024\/10\/2DA.-MARCHA-FEDERAL-1.png",980,596,false],"newsever-slider-full":["https:\/\/apuntesdesanluis.com\/wp-content\/uploads\/2024\/10\/2DA.-MARCHA-FEDERAL-1.png",980,596,false],"newsever-featured":["https:\/\/apuntesdesanluis.com\/wp-content\/uploads\/2024\/10\/2DA.-MARCHA-FEDERAL-1.png",980,596,false],"newsever-medium":["https:\/\/apuntesdesanluis.com\/wp-content\/uploads\/2024\/10\/2DA.-MARCHA-FEDERAL-1-720x475.png",720,475,true]},"author_info":{"display_name":"apuntesdesanluis.com","author_link":"https:\/\/apuntesdesanluis.com\/index.php\/author\/apuntesdesanluis-com\/"},"category_info":"<a href=\"https:\/\/apuntesdesanluis.com\/index.php\/category\/nacionales-internacionales\/\" rel=\"category tag\">Nacionales\/Internacionales<\/a>","tag_info":"Nacionales\/Internacionales","comment_count":"0","_links":{"self":[{"href":"https:\/\/apuntesdesanluis.com\/index.php\/wp-json\/wp\/v2\/posts\/23341","targetHints":{"allow":["GET"]}}],"collection":[{"href":"https:\/\/apuntesdesanluis.com\/index.php\/wp-json\/wp\/v2\/posts"}],"about":[{"href":"https:\/\/apuntesdesanluis.com\/index.php\/wp-json\/wp\/v2\/types\/post"}],"author":[{"embeddable":true,"href":"https:\/\/apuntesdesanluis.com\/index.php\/wp-json\/wp\/v2\/users\/1"}],"replies":[{"embeddable":true,"href":"https:\/\/apuntesdesanluis.com\/index.php\/wp-json\/wp\/v2\/comments?post=23341"}],"version-history":[{"count":1,"href":"https:\/\/apuntesdesanluis.com\/index.php\/wp-json\/wp\/v2\/posts\/23341\/revisions"}],"predecessor-version":[{"id":23343,"href":"https:\/\/apuntesdesanluis.com\/index.php\/wp-json\/wp\/v2\/posts\/23341\/revisions\/23343"}],"wp:featuredmedia":[{"embeddable":true,"href":"https:\/\/apuntesdesanluis.com\/index.php\/wp-json\/wp\/v2\/media\/23342"}],"wp:attachment":[{"href":"https:\/\/apuntesdesanluis.com\/index.php\/wp-json\/wp\/v2\/media?parent=23341"}],"wp:term":[{"taxonomy":"category","embeddable":true,"href":"https:\/\/apuntesdesanluis.com\/index.php\/wp-json\/wp\/v2\/categories?post=23341"},{"taxonomy":"post_tag","embeddable":true,"href":"https:\/\/apuntesdesanluis.com\/index.php\/wp-json\/wp\/v2\/tags?post=23341"}],"curies":[{"name":"wp","href":"https:\/\/api.w.org\/{rel}","templated":true}]}}