{"id":23362,"date":"2024-10-04T23:11:15","date_gmt":"2024-10-05T02:11:15","guid":{"rendered":"https:\/\/apuntesdesanluis.com\/?p=23362"},"modified":"2024-10-04T23:11:15","modified_gmt":"2024-10-05T02:11:15","slug":"prision-preventiva-a-un-acusado-de-robar-a-dos-camioneros-el-mismo-dia","status":"publish","type":"post","link":"https:\/\/apuntesdesanluis.com\/index.php\/2024\/10\/04\/prision-preventiva-a-un-acusado-de-robar-a-dos-camioneros-el-mismo-dia\/","title":{"rendered":"PRISI\u00d3N PREVENTIVA A UN ACUSADO DE ROBAR A DOS CAMIONEROS EL MISMO D\u00cdA"},"content":{"rendered":"<h3>Le formularon cargos a un hombre por el delito de robo doblemente calificado por el uso de arma y ser cometido en poblado y en banda.<\/h3>\n<h3>Este viernes, la justicia orden\u00f3 la prisi\u00f3n preventiva para un hombre imputado por robo doblemente calificado por el uso de arma y ser cometido en poblado y en banda. Los\u00a0 hechos ocurrieron el 25 de septiembre en Villa Mercedes cuando dos conductores de camiones fueron asaltados por tres personas.<\/h3>\n<h3>La Defensa del imputado solicit\u00f3 el cambio de calificaci\u00f3n legal a un robo simple o robo calificado con arma cuya aptitud para el disparo no ha podido ser demostrada. Entre sus argumentos expres\u00f3 que hay existencia de falta probatoria, no obstante no hizo planteos respecto de la plataforma f\u00e1ctica.<\/h3>\n<h3>Por su parte, la Fiscal\u00eda solicit\u00f3 la prisi\u00f3n preventiva por el plazo de la Investigaci\u00f3n Penal Preparatoria, y en los t\u00e9rminos del art. 202 del C\u00f3digo Procesal Penal, porque no hay dudas de que el hecho existi\u00f3, por tratarse de un hecho grave con armas, la pena en expectativa, la posibilidad de la existencia de entorpecimiento de la l\u00ednea investigativa, por la relaci\u00f3n del imputado con los otros sujetos intervinientes en el hecho, situaciones de violencia durante el tiempo de pr\u00f3rroga de detenci\u00f3n, etc.<\/h3>\n<h3>El Defensor pidi\u00f3 medidas morigeradas, la prohibici\u00f3n de comunicaci\u00f3n con otras personas individualizadas en este hecho, etc.<\/h3>\n<h3>Luego de escuchar a las partes, la Juez de Garant\u00edas N\u00ba 3, Dra. Mirta Ucelay, resolvi\u00f3 mantener la calificaci\u00f3n de manera provisoria por el delito de robo doblemente calificado por el uso de arma y ser cometido en poblado y en banda por existir elementos y evidencias suficientes para considerar que el delito y la participaci\u00f3n del imputado existieron. Por otro lado, orden\u00f3 la prisi\u00f3n preventiva, consider\u00f3, entre otras cuestiones, la participaci\u00f3n de otras personas en el hecho, las evidencias que restan incorporar, peligro de entorpecimiento, etc.<\/h3>\n<h3>La Defensa plante\u00f3 un recurso de revisi\u00f3n, por lo que se orden\u00f3 la remisi\u00f3n al Tribunal de Impugnaci\u00f3n.<\/h3>\n<h3>El Ministerio P\u00fablico Fiscal estuvo representado por las Dras. Daniela Torres \u2013Fiscal de Instrucci\u00f3n- y la Dra. Julieta Moyano \u2013Fiscal Adjunta-. La Defensa del imputado, fue ejercida por el Dr. Lucio Pereira Alonso. Como Secretaria del Juzgado de Garant\u00eda N\u00ba 3, intervino la Dra. Natalia Pereyra Cardini.<\/h3>\n<h3>Seg\u00fan lo relatado por Fiscal\u00eda, los hechos ocurrieron el pasado 25 de septiembre. El primero sucedi\u00f3\u00a0 en la Autopista de las Serran\u00edas Puntanas, en ese momento el damnificado -conductor de un cami\u00f3n-, se fren\u00f3 a la altura del R\u00edo Quinto a controlar el veh\u00edculo, es all\u00ed cuando un auto marca Gol Trend negro se detuvo frente al cami\u00f3n y descendieron tres personas con armas de fuego. Uno de ellos, se apoder\u00f3 del tel\u00e9fono del denunciante y le exigi\u00f3 que le entregara el dinero apunt\u00e1ndolo con el arma, mientras que los otros dos hombres, se subieron al veh\u00edculo de mayor porte y sacaron un caj\u00f3n con una billetera con documentaci\u00f3n y dinero de la guantera.<\/h3>\n<h3>El mismo d\u00eda, con el mismo modus operandi y con una corta diferencia horaria, sucedi\u00f3 el otro hecho.<\/h3>\n<h3>La Fiscal\u00eda describi\u00f3 que entre las 00:00 y 00:30 hs, un cami\u00f3n que circulaba por la Autopista de las Serran\u00edas Puntanas detuvo su marcha al costado de la banquina entre una f\u00e1brica y la Av. de Circunvalaci\u00f3n a los fines de controlar los inconvenientes que presentaba el veh\u00edculo. En esa oportunidad, fue sorprendido por tres personas armadas que descendieron de un autom\u00f3vil Gol Trend negro.<\/h3>\n<h3>El denunciante recibi\u00f3 golpes, le sustrajeron una billetera con documentaci\u00f3n, dinero, tarjetas, un celular.<\/h3>\n<h3>La trayectoria del autom\u00f3vil fue visualizada por c\u00e1maras de vigilancia ciudadana coincidente con el relato de los damnificados.<\/h3>\n<p>&nbsp;<\/p>\n<p>&nbsp;<\/p>\n<p>&nbsp;<\/p>\n<h3><\/h3>\n<h3><\/h3>\n<h3><\/h3>\n","protected":false},"excerpt":{"rendered":"<p>Le formularon cargos a un hombre por el delito de robo doblemente calificado por el&#8230;<\/p>\n","protected":false},"author":1,"featured_media":23363,"comment_status":"closed","ping_status":"closed","sticky":false,"template":"","format":"standard","meta":{"footnotes":""},"categories":[6],"tags":[],"class_list":["post-23362","post","type-post","status-publish","format-standard","has-post-thumbnail","hentry","category-ciudad-provincia"],"yoast_head":"<!-- This site is optimized with the Yoast SEO plugin v26.1.1 - https:\/\/yoast.com\/wordpress\/plugins\/seo\/ -->\n<title>PRISI\u00d3N PREVENTIVA A UN ACUSADO DE ROBAR A DOS CAMIONEROS EL MISMO D\u00cdA - Apuntes de San Luis<\/title>\n<meta name=\"robots\" content=\"index, follow, max-snippet:-1, max-image-preview:large, max-video-preview:-1\" \/>\n<link rel=\"canonical\" href=\"https:\/\/apuntesdesanluis.com\/index.php\/2024\/10\/04\/prision-preventiva-a-un-acusado-de-robar-a-dos-camioneros-el-mismo-dia\/\" \/>\n<meta property=\"og:locale\" content=\"es_ES\" \/>\n<meta property=\"og:type\" content=\"article\" \/>\n<meta property=\"og:title\" content=\"PRISI\u00d3N PREVENTIVA A UN ACUSADO DE ROBAR A DOS CAMIONEROS EL MISMO D\u00cdA - Apuntes de San Luis\" \/>\n<meta property=\"og:description\" content=\"Le formularon cargos a un hombre por el delito de robo doblemente calificado por el...\" \/>\n<meta property=\"og:url\" content=\"https:\/\/apuntesdesanluis.com\/index.php\/2024\/10\/04\/prision-preventiva-a-un-acusado-de-robar-a-dos-camioneros-el-mismo-dia\/\" \/>\n<meta property=\"og:site_name\" content=\"Apuntes de San Luis\" \/>\n<meta property=\"article:published_time\" content=\"2024-10-05T02:11:15+00:00\" \/>\n<meta property=\"og:image\" content=\"https:\/\/apuntesdesanluis.com\/wp-content\/uploads\/2024\/10\/JUEZA-UCELAY.png\" \/>\n\t<meta property=\"og:image:width\" content=\"706\" \/>\n\t<meta property=\"og:image:height\" content=\"432\" \/>\n\t<meta property=\"og:image:type\" content=\"image\/png\" \/>\n<meta name=\"author\" content=\"apuntesdesanluis.com\" \/>\n<meta name=\"twitter:card\" content=\"summary_large_image\" \/>\n<meta name=\"twitter:label1\" content=\"Escrito por\" \/>\n\t<meta name=\"twitter:data1\" content=\"apuntesdesanluis.com\" \/>\n\t<meta name=\"twitter:label2\" content=\"Tiempo de lectura\" \/>\n\t<meta name=\"twitter:data2\" content=\"3 minutos\" \/>\n<script type=\"application\/ld+json\" class=\"yoast-schema-graph\">{\"@context\":\"https:\/\/schema.org\",\"@graph\":[{\"@type\":\"Article\",\"@id\":\"https:\/\/apuntesdesanluis.com\/index.php\/2024\/10\/04\/prision-preventiva-a-un-acusado-de-robar-a-dos-camioneros-el-mismo-dia\/#article\",\"isPartOf\":{\"@id\":\"https:\/\/apuntesdesanluis.com\/index.php\/2024\/10\/04\/prision-preventiva-a-un-acusado-de-robar-a-dos-camioneros-el-mismo-dia\/\"},\"author\":{\"name\":\"apuntesdesanluis.com\",\"@id\":\"https:\/\/apuntesdesanluis.com\/#\/schema\/person\/b55151d52296fcce64d1a72538a70b90\"},\"headline\":\"PRISI\u00d3N PREVENTIVA A UN ACUSADO DE ROBAR A DOS CAMIONEROS EL MISMO D\u00cdA\",\"datePublished\":\"2024-10-05T02:11:15+00:00\",\"mainEntityOfPage\":{\"@id\":\"https:\/\/apuntesdesanluis.com\/index.php\/2024\/10\/04\/prision-preventiva-a-un-acusado-de-robar-a-dos-camioneros-el-mismo-dia\/\"},\"wordCount\":665,\"publisher\":{\"@id\":\"https:\/\/apuntesdesanluis.com\/#\/schema\/person\/b55151d52296fcce64d1a72538a70b90\"},\"image\":{\"@id\":\"https:\/\/apuntesdesanluis.com\/index.php\/2024\/10\/04\/prision-preventiva-a-un-acusado-de-robar-a-dos-camioneros-el-mismo-dia\/#primaryimage\"},\"thumbnailUrl\":\"https:\/\/apuntesdesanluis.com\/wp-content\/uploads\/2024\/10\/JUEZA-UCELAY.png\",\"articleSection\":[\"Ciudad\/Provincia\"],\"inLanguage\":\"es-AR\"},{\"@type\":\"WebPage\",\"@id\":\"https:\/\/apuntesdesanluis.com\/index.php\/2024\/10\/04\/prision-preventiva-a-un-acusado-de-robar-a-dos-camioneros-el-mismo-dia\/\",\"url\":\"https:\/\/apuntesdesanluis.com\/index.php\/2024\/10\/04\/prision-preventiva-a-un-acusado-de-robar-a-dos-camioneros-el-mismo-dia\/\",\"name\":\"PRISI\u00d3N PREVENTIVA A UN ACUSADO DE ROBAR A DOS CAMIONEROS EL MISMO D\u00cdA - Apuntes de San Luis\",\"isPartOf\":{\"@id\":\"https:\/\/apuntesdesanluis.com\/#website\"},\"primaryImageOfPage\":{\"@id\":\"https:\/\/apuntesdesanluis.com\/index.php\/2024\/10\/04\/prision-preventiva-a-un-acusado-de-robar-a-dos-camioneros-el-mismo-dia\/#primaryimage\"},\"image\":{\"@id\":\"https:\/\/apuntesdesanluis.com\/index.php\/2024\/10\/04\/prision-preventiva-a-un-acusado-de-robar-a-dos-camioneros-el-mismo-dia\/#primaryimage\"},\"thumbnailUrl\":\"https:\/\/apuntesdesanluis.com\/wp-content\/uploads\/2024\/10\/JUEZA-UCELAY.png\",\"datePublished\":\"2024-10-05T02:11:15+00:00\",\"breadcrumb\":{\"@id\":\"https:\/\/apuntesdesanluis.com\/index.php\/2024\/10\/04\/prision-preventiva-a-un-acusado-de-robar-a-dos-camioneros-el-mismo-dia\/#breadcrumb\"},\"inLanguage\":\"es-AR\",\"potentialAction\":[{\"@type\":\"ReadAction\",\"target\":[\"https:\/\/apuntesdesanluis.com\/index.php\/2024\/10\/04\/prision-preventiva-a-un-acusado-de-robar-a-dos-camioneros-el-mismo-dia\/\"]}]},{\"@type\":\"ImageObject\",\"inLanguage\":\"es-AR\",\"@id\":\"https:\/\/apuntesdesanluis.com\/index.php\/2024\/10\/04\/prision-preventiva-a-un-acusado-de-robar-a-dos-camioneros-el-mismo-dia\/#primaryimage\",\"url\":\"https:\/\/apuntesdesanluis.com\/wp-content\/uploads\/2024\/10\/JUEZA-UCELAY.png\",\"contentUrl\":\"https:\/\/apuntesdesanluis.com\/wp-content\/uploads\/2024\/10\/JUEZA-UCELAY.png\",\"width\":706,\"height\":432},{\"@type\":\"BreadcrumbList\",\"@id\":\"https:\/\/apuntesdesanluis.com\/index.php\/2024\/10\/04\/prision-preventiva-a-un-acusado-de-robar-a-dos-camioneros-el-mismo-dia\/#breadcrumb\",\"itemListElement\":[{\"@type\":\"ListItem\",\"position\":1,\"name\":\"Inicio\",\"item\":\"https:\/\/apuntesdesanluis.com\/\"},{\"@type\":\"ListItem\",\"position\":2,\"name\":\"PRISI\u00d3N PREVENTIVA A UN ACUSADO DE ROBAR A DOS CAMIONEROS EL MISMO D\u00cdA\"}]},{\"@type\":\"WebSite\",\"@id\":\"https:\/\/apuntesdesanluis.com\/#website\",\"url\":\"https:\/\/apuntesdesanluis.com\/\",\"name\":\"Apuntes de San Luis\",\"description\":\"\",\"publisher\":{\"@id\":\"https:\/\/apuntesdesanluis.com\/#\/schema\/person\/b55151d52296fcce64d1a72538a70b90\"},\"potentialAction\":[{\"@type\":\"SearchAction\",\"target\":{\"@type\":\"EntryPoint\",\"urlTemplate\":\"https:\/\/apuntesdesanluis.com\/?s={search_term_string}\"},\"query-input\":{\"@type\":\"PropertyValueSpecification\",\"valueRequired\":true,\"valueName\":\"search_term_string\"}}],\"inLanguage\":\"es-AR\"},{\"@type\":[\"Person\",\"Organization\"],\"@id\":\"https:\/\/apuntesdesanluis.com\/#\/schema\/person\/b55151d52296fcce64d1a72538a70b90\",\"name\":\"apuntesdesanluis.com\",\"image\":{\"@type\":\"ImageObject\",\"inLanguage\":\"es-AR\",\"@id\":\"https:\/\/apuntesdesanluis.com\/#\/schema\/person\/image\/\",\"url\":\"https:\/\/apuntesdesanluis.com\/wp-content\/uploads\/2023\/07\/cropped-apuntesdesanluis.png\",\"contentUrl\":\"https:\/\/apuntesdesanluis.com\/wp-content\/uploads\/2023\/07\/cropped-apuntesdesanluis.png\",\"width\":450,\"height\":112,\"caption\":\"apuntesdesanluis.com\"},\"logo\":{\"@id\":\"https:\/\/apuntesdesanluis.com\/#\/schema\/person\/image\/\"},\"sameAs\":[\"https:\/\/apuntesdesanluis.com\"],\"url\":\"https:\/\/apuntesdesanluis.com\/index.php\/author\/apuntesdesanluis-com\/\"}]}<\/script>\n<!-- \/ Yoast SEO plugin. -->","yoast_head_json":{"title":"PRISI\u00d3N PREVENTIVA A UN ACUSADO DE ROBAR A DOS CAMIONEROS EL MISMO D\u00cdA - Apuntes de San Luis","robots":{"index":"index","follow":"follow","max-snippet":"max-snippet:-1","max-image-preview":"max-image-preview:large","max-video-preview":"max-video-preview:-1"},"canonical":"https:\/\/apuntesdesanluis.com\/index.php\/2024\/10\/04\/prision-preventiva-a-un-acusado-de-robar-a-dos-camioneros-el-mismo-dia\/","og_locale":"es_ES","og_type":"article","og_title":"PRISI\u00d3N PREVENTIVA A UN ACUSADO DE ROBAR A DOS CAMIONEROS EL MISMO D\u00cdA - Apuntes de San Luis","og_description":"Le formularon cargos a un hombre por el delito de robo doblemente calificado por el...","og_url":"https:\/\/apuntesdesanluis.com\/index.php\/2024\/10\/04\/prision-preventiva-a-un-acusado-de-robar-a-dos-camioneros-el-mismo-dia\/","og_site_name":"Apuntes de San Luis","article_published_time":"2024-10-05T02:11:15+00:00","og_image":[{"width":706,"height":432,"url":"https:\/\/apuntesdesanluis.com\/wp-content\/uploads\/2024\/10\/JUEZA-UCELAY.png","type":"image\/png"}],"author":"apuntesdesanluis.com","twitter_card":"summary_large_image","twitter_misc":{"Escrito por":"apuntesdesanluis.com","Tiempo de lectura":"3 minutos"},"schema":{"@context":"https:\/\/schema.org","@graph":[{"@type":"Article","@id":"https:\/\/apuntesdesanluis.com\/index.php\/2024\/10\/04\/prision-preventiva-a-un-acusado-de-robar-a-dos-camioneros-el-mismo-dia\/#article","isPartOf":{"@id":"https:\/\/apuntesdesanluis.com\/index.php\/2024\/10\/04\/prision-preventiva-a-un-acusado-de-robar-a-dos-camioneros-el-mismo-dia\/"},"author":{"name":"apuntesdesanluis.com","@id":"https:\/\/apuntesdesanluis.com\/#\/schema\/person\/b55151d52296fcce64d1a72538a70b90"},"headline":"PRISI\u00d3N PREVENTIVA A UN ACUSADO DE ROBAR A DOS CAMIONEROS EL MISMO D\u00cdA","datePublished":"2024-10-05T02:11:15+00:00","mainEntityOfPage":{"@id":"https:\/\/apuntesdesanluis.com\/index.php\/2024\/10\/04\/prision-preventiva-a-un-acusado-de-robar-a-dos-camioneros-el-mismo-dia\/"},"wordCount":665,"publisher":{"@id":"https:\/\/apuntesdesanluis.com\/#\/schema\/person\/b55151d52296fcce64d1a72538a70b90"},"image":{"@id":"https:\/\/apuntesdesanluis.com\/index.php\/2024\/10\/04\/prision-preventiva-a-un-acusado-de-robar-a-dos-camioneros-el-mismo-dia\/#primaryimage"},"thumbnailUrl":"https:\/\/apuntesdesanluis.com\/wp-content\/uploads\/2024\/10\/JUEZA-UCELAY.png","articleSection":["Ciudad\/Provincia"],"inLanguage":"es-AR"},{"@type":"WebPage","@id":"https:\/\/apuntesdesanluis.com\/index.php\/2024\/10\/04\/prision-preventiva-a-un-acusado-de-robar-a-dos-camioneros-el-mismo-dia\/","url":"https:\/\/apuntesdesanluis.com\/index.php\/2024\/10\/04\/prision-preventiva-a-un-acusado-de-robar-a-dos-camioneros-el-mismo-dia\/","name":"PRISI\u00d3N PREVENTIVA A UN ACUSADO DE ROBAR A DOS CAMIONEROS EL MISMO D\u00cdA - Apuntes de San Luis","isPartOf":{"@id":"https:\/\/apuntesdesanluis.com\/#website"},"primaryImageOfPage":{"@id":"https:\/\/apuntesdesanluis.com\/index.php\/2024\/10\/04\/prision-preventiva-a-un-acusado-de-robar-a-dos-camioneros-el-mismo-dia\/#primaryimage"},"image":{"@id":"https:\/\/apuntesdesanluis.com\/index.php\/2024\/10\/04\/prision-preventiva-a-un-acusado-de-robar-a-dos-camioneros-el-mismo-dia\/#primaryimage"},"thumbnailUrl":"https:\/\/apuntesdesanluis.com\/wp-content\/uploads\/2024\/10\/JUEZA-UCELAY.png","datePublished":"2024-10-05T02:11:15+00:00","breadcrumb":{"@id":"https:\/\/apuntesdesanluis.com\/index.php\/2024\/10\/04\/prision-preventiva-a-un-acusado-de-robar-a-dos-camioneros-el-mismo-dia\/#breadcrumb"},"inLanguage":"es-AR","potentialAction":[{"@type":"ReadAction","target":["https:\/\/apuntesdesanluis.com\/index.php\/2024\/10\/04\/prision-preventiva-a-un-acusado-de-robar-a-dos-camioneros-el-mismo-dia\/"]}]},{"@type":"ImageObject","inLanguage":"es-AR","@id":"https:\/\/apuntesdesanluis.com\/index.php\/2024\/10\/04\/prision-preventiva-a-un-acusado-de-robar-a-dos-camioneros-el-mismo-dia\/#primaryimage","url":"https:\/\/apuntesdesanluis.com\/wp-content\/uploads\/2024\/10\/JUEZA-UCELAY.png","contentUrl":"https:\/\/apuntesdesanluis.com\/wp-content\/uploads\/2024\/10\/JUEZA-UCELAY.png","width":706,"height":432},{"@type":"BreadcrumbList","@id":"https:\/\/apuntesdesanluis.com\/index.php\/2024\/10\/04\/prision-preventiva-a-un-acusado-de-robar-a-dos-camioneros-el-mismo-dia\/#breadcrumb","itemListElement":[{"@type":"ListItem","position":1,"name":"Inicio","item":"https:\/\/apuntesdesanluis.com\/"},{"@type":"ListItem","position":2,"name":"PRISI\u00d3N PREVENTIVA A UN ACUSADO DE ROBAR A DOS CAMIONEROS EL MISMO D\u00cdA"}]},{"@type":"WebSite","@id":"https:\/\/apuntesdesanluis.com\/#website","url":"https:\/\/apuntesdesanluis.com\/","name":"Apuntes de San Luis","description":"","publisher":{"@id":"https:\/\/apuntesdesanluis.com\/#\/schema\/person\/b55151d52296fcce64d1a72538a70b90"},"potentialAction":[{"@type":"SearchAction","target":{"@type":"EntryPoint","urlTemplate":"https:\/\/apuntesdesanluis.com\/?s={search_term_string}"},"query-input":{"@type":"PropertyValueSpecification","valueRequired":true,"valueName":"search_term_string"}}],"inLanguage":"es-AR"},{"@type":["Person","Organization"],"@id":"https:\/\/apuntesdesanluis.com\/#\/schema\/person\/b55151d52296fcce64d1a72538a70b90","name":"apuntesdesanluis.com","image":{"@type":"ImageObject","inLanguage":"es-AR","@id":"https:\/\/apuntesdesanluis.com\/#\/schema\/person\/image\/","url":"https:\/\/apuntesdesanluis.com\/wp-content\/uploads\/2023\/07\/cropped-apuntesdesanluis.png","contentUrl":"https:\/\/apuntesdesanluis.com\/wp-content\/uploads\/2023\/07\/cropped-apuntesdesanluis.png","width":450,"height":112,"caption":"apuntesdesanluis.com"},"logo":{"@id":"https:\/\/apuntesdesanluis.com\/#\/schema\/person\/image\/"},"sameAs":["https:\/\/apuntesdesanluis.com"],"url":"https:\/\/apuntesdesanluis.com\/index.php\/author\/apuntesdesanluis-com\/"}]}},"featured_image_urls":{"full":["https:\/\/apuntesdesanluis.com\/wp-content\/uploads\/2024\/10\/JUEZA-UCELAY.png",706,432,false],"thumbnail":["https:\/\/apuntesdesanluis.com\/wp-content\/uploads\/2024\/10\/JUEZA-UCELAY-150x150.png",150,150,true],"medium":["https:\/\/apuntesdesanluis.com\/wp-content\/uploads\/2024\/10\/JUEZA-UCELAY-300x184.png",300,184,true],"medium_large":["https:\/\/apuntesdesanluis.com\/wp-content\/uploads\/2024\/10\/JUEZA-UCELAY.png",640,392,false],"large":["https:\/\/apuntesdesanluis.com\/wp-content\/uploads\/2024\/10\/JUEZA-UCELAY.png",640,392,false],"1536x1536":["https:\/\/apuntesdesanluis.com\/wp-content\/uploads\/2024\/10\/JUEZA-UCELAY.png",706,432,false],"2048x2048":["https:\/\/apuntesdesanluis.com\/wp-content\/uploads\/2024\/10\/JUEZA-UCELAY.png",706,432,false],"newsever-slider-full":["https:\/\/apuntesdesanluis.com\/wp-content\/uploads\/2024\/10\/JUEZA-UCELAY.png",706,432,false],"newsever-featured":["https:\/\/apuntesdesanluis.com\/wp-content\/uploads\/2024\/10\/JUEZA-UCELAY.png",706,432,false],"newsever-medium":["https:\/\/apuntesdesanluis.com\/wp-content\/uploads\/2024\/10\/JUEZA-UCELAY.png",706,432,false]},"author_info":{"display_name":"apuntesdesanluis.com","author_link":"https:\/\/apuntesdesanluis.com\/index.php\/author\/apuntesdesanluis-com\/"},"category_info":"<a href=\"https:\/\/apuntesdesanluis.com\/index.php\/category\/ciudad-provincia\/\" rel=\"category tag\">Ciudad\/Provincia<\/a>","tag_info":"Ciudad\/Provincia","comment_count":"0","_links":{"self":[{"href":"https:\/\/apuntesdesanluis.com\/index.php\/wp-json\/wp\/v2\/posts\/23362","targetHints":{"allow":["GET"]}}],"collection":[{"href":"https:\/\/apuntesdesanluis.com\/index.php\/wp-json\/wp\/v2\/posts"}],"about":[{"href":"https:\/\/apuntesdesanluis.com\/index.php\/wp-json\/wp\/v2\/types\/post"}],"author":[{"embeddable":true,"href":"https:\/\/apuntesdesanluis.com\/index.php\/wp-json\/wp\/v2\/users\/1"}],"replies":[{"embeddable":true,"href":"https:\/\/apuntesdesanluis.com\/index.php\/wp-json\/wp\/v2\/comments?post=23362"}],"version-history":[{"count":1,"href":"https:\/\/apuntesdesanluis.com\/index.php\/wp-json\/wp\/v2\/posts\/23362\/revisions"}],"predecessor-version":[{"id":23364,"href":"https:\/\/apuntesdesanluis.com\/index.php\/wp-json\/wp\/v2\/posts\/23362\/revisions\/23364"}],"wp:featuredmedia":[{"embeddable":true,"href":"https:\/\/apuntesdesanluis.com\/index.php\/wp-json\/wp\/v2\/media\/23363"}],"wp:attachment":[{"href":"https:\/\/apuntesdesanluis.com\/index.php\/wp-json\/wp\/v2\/media?parent=23362"}],"wp:term":[{"taxonomy":"category","embeddable":true,"href":"https:\/\/apuntesdesanluis.com\/index.php\/wp-json\/wp\/v2\/categories?post=23362"},{"taxonomy":"post_tag","embeddable":true,"href":"https:\/\/apuntesdesanluis.com\/index.php\/wp-json\/wp\/v2\/tags?post=23362"}],"curies":[{"name":"wp","href":"https:\/\/api.w.org\/{rel}","templated":true}]}}