{"id":23365,"date":"2024-10-04T23:31:12","date_gmt":"2024-10-05T02:31:12","guid":{"rendered":"https:\/\/apuntesdesanluis.com\/?p=23365"},"modified":"2024-10-04T23:31:12","modified_gmt":"2024-10-05T02:31:12","slug":"tres-heridos-tras-un-vuelco-y-posterior-choque-en-cadena-entre-cuatro-vehiculos","status":"publish","type":"post","link":"https:\/\/apuntesdesanluis.com\/index.php\/2024\/10\/04\/tres-heridos-tras-un-vuelco-y-posterior-choque-en-cadena-entre-cuatro-vehiculos\/","title":{"rendered":"TRES HERIDOS TRAS UN VUELCO Y POSTERIOR CHOQUE EN CADENA ENTRE CUATRO VEH\u00cdCULOS"},"content":{"rendered":"<h3>El m\u00faltiple accidente ocurri\u00f3 este viernes por la tarde, alrededor de las 16:15, en la Autopista 25 de Mayo, a la altura del kil\u00f3metro 6, cerca de Aguadita del Portezuelo.<\/h3>\n<h3>En ese sector una mujer de 45 a\u00f1os que conduc\u00eda un auto Chevrolet Corsa Classic perdi\u00f3 el control del veh\u00edculo al pasar la rotonda de ingreso al barrio Aguadita del Portezuelo, impact\u00f3 contra un poste de luminaria y volc\u00f3, quedando el autom\u00f3vil de costado.<\/h3>\n<p><img fetchpriority=\"high\" decoding=\"async\" class=\"wp-image-23367 aligncenter\" src=\"https:\/\/apuntesdesanluis.com\/wp-content\/uploads\/2024\/10\/8bf8b01c-fcf2-4f3b-a6b9-2f3dfe85ed5e-300x177.jpg\" alt=\"\" width=\"647\" height=\"382\" srcset=\"https:\/\/apuntesdesanluis.com\/wp-content\/uploads\/2024\/10\/8bf8b01c-fcf2-4f3b-a6b9-2f3dfe85ed5e-300x177.jpg 300w, https:\/\/apuntesdesanluis.com\/wp-content\/uploads\/2024\/10\/8bf8b01c-fcf2-4f3b-a6b9-2f3dfe85ed5e.jpg 721w\" sizes=\"(max-width: 647px) 100vw, 647px\" \/><\/p>\n<h3>Personal de salud acudi\u00f3 en ambulancias del Sempro al lugar del accidente, donde brindaron las primeras atenciones m\u00e9dicas a la conductora del auto. Posteriormente, la mujer fue trasladada a una cl\u00ednica privada.<\/h3>\n<h3>Mientras personal policial realizaba los trabajos y pericias con respecto a ese vuelco, se produjo un choque en cadena a unos metros del vuelco, el cual involucr\u00f3 a cuatro veh\u00edculos que circulaban de norte a sur.<\/h3>\n<h3>De acuerdo a la informaci\u00f3n, una camioneta Fiat Fiorino (conducida por una mujer de 26 a\u00f1os) impact\u00f3 desde atr\u00e1s a un Fiat Siena (conducido por una mujer de 46 a\u00f1os); que a su vez impact\u00f3 la parte trasera de un auto Chevrolet Agile (conducido por un hombre de 56 a\u00f1os), el cual choc\u00f3 desde atr\u00e1s a un cami\u00f3n Mercedes Benz (conducido por un hombre de 48 a\u00f1os).<\/h3>\n<p><img decoding=\"async\" class=\"wp-image-23368 aligncenter\" src=\"https:\/\/apuntesdesanluis.com\/wp-content\/uploads\/2024\/10\/8e97ea66-14c4-4e23-a576-a88a6dd26165-300x184.jpg\" alt=\"\" width=\"651\" height=\"399\" srcset=\"https:\/\/apuntesdesanluis.com\/wp-content\/uploads\/2024\/10\/8e97ea66-14c4-4e23-a576-a88a6dd26165-300x184.jpg 300w, https:\/\/apuntesdesanluis.com\/wp-content\/uploads\/2024\/10\/8e97ea66-14c4-4e23-a576-a88a6dd26165-768x471.jpg 768w, https:\/\/apuntesdesanluis.com\/wp-content\/uploads\/2024\/10\/8e97ea66-14c4-4e23-a576-a88a6dd26165.jpg 800w\" sizes=\"(max-width: 651px) 100vw, 651px\" \/><\/p>\n<h3>Seg\u00fan los datos aportados, el Fiat Siena, el Chevrolet Agile y el cami\u00f3n Mercedes Benz estaban estacionados aguardando que finalizaran las tareas por el vuelco que se hab\u00eda producido metros m\u00e1s adelante y fueron impactados por la Fiat Fiorino.<\/h3>\n<p><img decoding=\"async\" class=\"wp-image-23369 aligncenter\" src=\"https:\/\/apuntesdesanluis.com\/wp-content\/uploads\/2024\/10\/21df4585-695d-4174-a712-6b72dc07db92-300x196.jpg\" alt=\"\" width=\"649\" height=\"424\" srcset=\"https:\/\/apuntesdesanluis.com\/wp-content\/uploads\/2024\/10\/21df4585-695d-4174-a712-6b72dc07db92-300x196.jpg 300w, https:\/\/apuntesdesanluis.com\/wp-content\/uploads\/2024\/10\/21df4585-695d-4174-a712-6b72dc07db92-768x502.jpg 768w, https:\/\/apuntesdesanluis.com\/wp-content\/uploads\/2024\/10\/21df4585-695d-4174-a712-6b72dc07db92.jpg 800w\" sizes=\"(max-width: 649px) 100vw, 649px\" \/><\/p>\n<h3>Tras el choque en cadena, las conductoras de la Fiat Fiorino y el Fiat Siena y el conductor del Chevrolet Agile fueron trasladados hacia el Hospital Central \u201cDr. Ram\u00f3n Carrillo\u201d a ra\u00edz de los golpes.<\/h3>\n<p>&nbsp;<\/p>\n<p>&nbsp;<\/p>\n<p>&nbsp;<\/p>\n<p>&nbsp;<\/p>\n<h3><\/h3>\n<p>&nbsp;<\/p>\n<p>&nbsp;<\/p>\n","protected":false},"excerpt":{"rendered":"<p>El m\u00faltiple accidente ocurri\u00f3 este viernes por la tarde, alrededor de las 16:15, en la&#8230;<\/p>\n","protected":false},"author":1,"featured_media":23366,"comment_status":"closed","ping_status":"closed","sticky":false,"template":"","format":"standard","meta":{"footnotes":""},"categories":[6],"tags":[],"class_list":["post-23365","post","type-post","status-publish","format-standard","has-post-thumbnail","hentry","category-ciudad-provincia"],"yoast_head":"<!-- This site is optimized with the Yoast SEO plugin v26.1.1 - https:\/\/yoast.com\/wordpress\/plugins\/seo\/ -->\n<title>TRES HERIDOS TRAS UN VUELCO Y POSTERIOR CHOQUE EN CADENA ENTRE CUATRO VEH\u00cdCULOS - Apuntes de San Luis<\/title>\n<meta name=\"robots\" content=\"index, follow, max-snippet:-1, max-image-preview:large, max-video-preview:-1\" \/>\n<link rel=\"canonical\" href=\"https:\/\/apuntesdesanluis.com\/index.php\/2024\/10\/04\/tres-heridos-tras-un-vuelco-y-posterior-choque-en-cadena-entre-cuatro-vehiculos\/\" \/>\n<meta property=\"og:locale\" content=\"es_ES\" \/>\n<meta property=\"og:type\" content=\"article\" \/>\n<meta property=\"og:title\" content=\"TRES HERIDOS TRAS UN VUELCO Y POSTERIOR CHOQUE EN CADENA ENTRE CUATRO VEH\u00cdCULOS - Apuntes de San Luis\" \/>\n<meta property=\"og:description\" content=\"El m\u00faltiple accidente ocurri\u00f3 este viernes por la tarde, alrededor de las 16:15, en la...\" \/>\n<meta property=\"og:url\" content=\"https:\/\/apuntesdesanluis.com\/index.php\/2024\/10\/04\/tres-heridos-tras-un-vuelco-y-posterior-choque-en-cadena-entre-cuatro-vehiculos\/\" \/>\n<meta property=\"og:site_name\" content=\"Apuntes de San Luis\" \/>\n<meta property=\"article:published_time\" content=\"2024-10-05T02:31:12+00:00\" \/>\n<meta property=\"og:image\" content=\"https:\/\/apuntesdesanluis.com\/wp-content\/uploads\/2024\/10\/choque.jpg\" \/>\n\t<meta property=\"og:image:width\" content=\"800\" \/>\n\t<meta property=\"og:image:height\" content=\"438\" \/>\n\t<meta property=\"og:image:type\" content=\"image\/jpeg\" \/>\n<meta name=\"author\" content=\"apuntesdesanluis.com\" \/>\n<meta name=\"twitter:card\" content=\"summary_large_image\" \/>\n<meta name=\"twitter:label1\" content=\"Escrito por\" \/>\n\t<meta name=\"twitter:data1\" content=\"apuntesdesanluis.com\" \/>\n\t<meta name=\"twitter:label2\" content=\"Tiempo de lectura\" \/>\n\t<meta name=\"twitter:data2\" content=\"3 minutos\" \/>\n<script type=\"application\/ld+json\" class=\"yoast-schema-graph\">{\"@context\":\"https:\/\/schema.org\",\"@graph\":[{\"@type\":\"Article\",\"@id\":\"https:\/\/apuntesdesanluis.com\/index.php\/2024\/10\/04\/tres-heridos-tras-un-vuelco-y-posterior-choque-en-cadena-entre-cuatro-vehiculos\/#article\",\"isPartOf\":{\"@id\":\"https:\/\/apuntesdesanluis.com\/index.php\/2024\/10\/04\/tres-heridos-tras-un-vuelco-y-posterior-choque-en-cadena-entre-cuatro-vehiculos\/\"},\"author\":{\"name\":\"apuntesdesanluis.com\",\"@id\":\"https:\/\/apuntesdesanluis.com\/#\/schema\/person\/b55151d52296fcce64d1a72538a70b90\"},\"headline\":\"TRES HERIDOS TRAS UN VUELCO Y POSTERIOR CHOQUE EN CADENA ENTRE CUATRO VEH\u00cdCULOS\",\"datePublished\":\"2024-10-05T02:31:12+00:00\",\"mainEntityOfPage\":{\"@id\":\"https:\/\/apuntesdesanluis.com\/index.php\/2024\/10\/04\/tres-heridos-tras-un-vuelco-y-posterior-choque-en-cadena-entre-cuatro-vehiculos\/\"},\"wordCount\":318,\"publisher\":{\"@id\":\"https:\/\/apuntesdesanluis.com\/#\/schema\/person\/b55151d52296fcce64d1a72538a70b90\"},\"image\":{\"@id\":\"https:\/\/apuntesdesanluis.com\/index.php\/2024\/10\/04\/tres-heridos-tras-un-vuelco-y-posterior-choque-en-cadena-entre-cuatro-vehiculos\/#primaryimage\"},\"thumbnailUrl\":\"https:\/\/apuntesdesanluis.com\/wp-content\/uploads\/2024\/10\/choque.jpg\",\"articleSection\":[\"Ciudad\/Provincia\"],\"inLanguage\":\"es-AR\"},{\"@type\":\"WebPage\",\"@id\":\"https:\/\/apuntesdesanluis.com\/index.php\/2024\/10\/04\/tres-heridos-tras-un-vuelco-y-posterior-choque-en-cadena-entre-cuatro-vehiculos\/\",\"url\":\"https:\/\/apuntesdesanluis.com\/index.php\/2024\/10\/04\/tres-heridos-tras-un-vuelco-y-posterior-choque-en-cadena-entre-cuatro-vehiculos\/\",\"name\":\"TRES HERIDOS TRAS UN VUELCO Y POSTERIOR CHOQUE EN CADENA ENTRE CUATRO VEH\u00cdCULOS - Apuntes de San Luis\",\"isPartOf\":{\"@id\":\"https:\/\/apuntesdesanluis.com\/#website\"},\"primaryImageOfPage\":{\"@id\":\"https:\/\/apuntesdesanluis.com\/index.php\/2024\/10\/04\/tres-heridos-tras-un-vuelco-y-posterior-choque-en-cadena-entre-cuatro-vehiculos\/#primaryimage\"},\"image\":{\"@id\":\"https:\/\/apuntesdesanluis.com\/index.php\/2024\/10\/04\/tres-heridos-tras-un-vuelco-y-posterior-choque-en-cadena-entre-cuatro-vehiculos\/#primaryimage\"},\"thumbnailUrl\":\"https:\/\/apuntesdesanluis.com\/wp-content\/uploads\/2024\/10\/choque.jpg\",\"datePublished\":\"2024-10-05T02:31:12+00:00\",\"breadcrumb\":{\"@id\":\"https:\/\/apuntesdesanluis.com\/index.php\/2024\/10\/04\/tres-heridos-tras-un-vuelco-y-posterior-choque-en-cadena-entre-cuatro-vehiculos\/#breadcrumb\"},\"inLanguage\":\"es-AR\",\"potentialAction\":[{\"@type\":\"ReadAction\",\"target\":[\"https:\/\/apuntesdesanluis.com\/index.php\/2024\/10\/04\/tres-heridos-tras-un-vuelco-y-posterior-choque-en-cadena-entre-cuatro-vehiculos\/\"]}]},{\"@type\":\"ImageObject\",\"inLanguage\":\"es-AR\",\"@id\":\"https:\/\/apuntesdesanluis.com\/index.php\/2024\/10\/04\/tres-heridos-tras-un-vuelco-y-posterior-choque-en-cadena-entre-cuatro-vehiculos\/#primaryimage\",\"url\":\"https:\/\/apuntesdesanluis.com\/wp-content\/uploads\/2024\/10\/choque.jpg\",\"contentUrl\":\"https:\/\/apuntesdesanluis.com\/wp-content\/uploads\/2024\/10\/choque.jpg\",\"width\":800,\"height\":438},{\"@type\":\"BreadcrumbList\",\"@id\":\"https:\/\/apuntesdesanluis.com\/index.php\/2024\/10\/04\/tres-heridos-tras-un-vuelco-y-posterior-choque-en-cadena-entre-cuatro-vehiculos\/#breadcrumb\",\"itemListElement\":[{\"@type\":\"ListItem\",\"position\":1,\"name\":\"Inicio\",\"item\":\"https:\/\/apuntesdesanluis.com\/\"},{\"@type\":\"ListItem\",\"position\":2,\"name\":\"TRES HERIDOS TRAS UN VUELCO Y POSTERIOR CHOQUE EN CADENA ENTRE CUATRO VEH\u00cdCULOS\"}]},{\"@type\":\"WebSite\",\"@id\":\"https:\/\/apuntesdesanluis.com\/#website\",\"url\":\"https:\/\/apuntesdesanluis.com\/\",\"name\":\"Apuntes de San Luis\",\"description\":\"\",\"publisher\":{\"@id\":\"https:\/\/apuntesdesanluis.com\/#\/schema\/person\/b55151d52296fcce64d1a72538a70b90\"},\"potentialAction\":[{\"@type\":\"SearchAction\",\"target\":{\"@type\":\"EntryPoint\",\"urlTemplate\":\"https:\/\/apuntesdesanluis.com\/?s={search_term_string}\"},\"query-input\":{\"@type\":\"PropertyValueSpecification\",\"valueRequired\":true,\"valueName\":\"search_term_string\"}}],\"inLanguage\":\"es-AR\"},{\"@type\":[\"Person\",\"Organization\"],\"@id\":\"https:\/\/apuntesdesanluis.com\/#\/schema\/person\/b55151d52296fcce64d1a72538a70b90\",\"name\":\"apuntesdesanluis.com\",\"image\":{\"@type\":\"ImageObject\",\"inLanguage\":\"es-AR\",\"@id\":\"https:\/\/apuntesdesanluis.com\/#\/schema\/person\/image\/\",\"url\":\"https:\/\/apuntesdesanluis.com\/wp-content\/uploads\/2023\/07\/cropped-apuntesdesanluis.png\",\"contentUrl\":\"https:\/\/apuntesdesanluis.com\/wp-content\/uploads\/2023\/07\/cropped-apuntesdesanluis.png\",\"width\":450,\"height\":112,\"caption\":\"apuntesdesanluis.com\"},\"logo\":{\"@id\":\"https:\/\/apuntesdesanluis.com\/#\/schema\/person\/image\/\"},\"sameAs\":[\"https:\/\/apuntesdesanluis.com\"],\"url\":\"https:\/\/apuntesdesanluis.com\/index.php\/author\/apuntesdesanluis-com\/\"}]}<\/script>\n<!-- \/ Yoast SEO plugin. -->","yoast_head_json":{"title":"TRES HERIDOS TRAS UN VUELCO Y POSTERIOR CHOQUE EN CADENA ENTRE CUATRO VEH\u00cdCULOS - Apuntes de San Luis","robots":{"index":"index","follow":"follow","max-snippet":"max-snippet:-1","max-image-preview":"max-image-preview:large","max-video-preview":"max-video-preview:-1"},"canonical":"https:\/\/apuntesdesanluis.com\/index.php\/2024\/10\/04\/tres-heridos-tras-un-vuelco-y-posterior-choque-en-cadena-entre-cuatro-vehiculos\/","og_locale":"es_ES","og_type":"article","og_title":"TRES HERIDOS TRAS UN VUELCO Y POSTERIOR CHOQUE EN CADENA ENTRE CUATRO VEH\u00cdCULOS - Apuntes de San Luis","og_description":"El m\u00faltiple accidente ocurri\u00f3 este viernes por la tarde, alrededor de las 16:15, en la...","og_url":"https:\/\/apuntesdesanluis.com\/index.php\/2024\/10\/04\/tres-heridos-tras-un-vuelco-y-posterior-choque-en-cadena-entre-cuatro-vehiculos\/","og_site_name":"Apuntes de San Luis","article_published_time":"2024-10-05T02:31:12+00:00","og_image":[{"width":800,"height":438,"url":"https:\/\/apuntesdesanluis.com\/wp-content\/uploads\/2024\/10\/choque.jpg","type":"image\/jpeg"}],"author":"apuntesdesanluis.com","twitter_card":"summary_large_image","twitter_misc":{"Escrito por":"apuntesdesanluis.com","Tiempo de lectura":"3 minutos"},"schema":{"@context":"https:\/\/schema.org","@graph":[{"@type":"Article","@id":"https:\/\/apuntesdesanluis.com\/index.php\/2024\/10\/04\/tres-heridos-tras-un-vuelco-y-posterior-choque-en-cadena-entre-cuatro-vehiculos\/#article","isPartOf":{"@id":"https:\/\/apuntesdesanluis.com\/index.php\/2024\/10\/04\/tres-heridos-tras-un-vuelco-y-posterior-choque-en-cadena-entre-cuatro-vehiculos\/"},"author":{"name":"apuntesdesanluis.com","@id":"https:\/\/apuntesdesanluis.com\/#\/schema\/person\/b55151d52296fcce64d1a72538a70b90"},"headline":"TRES HERIDOS TRAS UN VUELCO Y POSTERIOR CHOQUE EN CADENA ENTRE CUATRO VEH\u00cdCULOS","datePublished":"2024-10-05T02:31:12+00:00","mainEntityOfPage":{"@id":"https:\/\/apuntesdesanluis.com\/index.php\/2024\/10\/04\/tres-heridos-tras-un-vuelco-y-posterior-choque-en-cadena-entre-cuatro-vehiculos\/"},"wordCount":318,"publisher":{"@id":"https:\/\/apuntesdesanluis.com\/#\/schema\/person\/b55151d52296fcce64d1a72538a70b90"},"image":{"@id":"https:\/\/apuntesdesanluis.com\/index.php\/2024\/10\/04\/tres-heridos-tras-un-vuelco-y-posterior-choque-en-cadena-entre-cuatro-vehiculos\/#primaryimage"},"thumbnailUrl":"https:\/\/apuntesdesanluis.com\/wp-content\/uploads\/2024\/10\/choque.jpg","articleSection":["Ciudad\/Provincia"],"inLanguage":"es-AR"},{"@type":"WebPage","@id":"https:\/\/apuntesdesanluis.com\/index.php\/2024\/10\/04\/tres-heridos-tras-un-vuelco-y-posterior-choque-en-cadena-entre-cuatro-vehiculos\/","url":"https:\/\/apuntesdesanluis.com\/index.php\/2024\/10\/04\/tres-heridos-tras-un-vuelco-y-posterior-choque-en-cadena-entre-cuatro-vehiculos\/","name":"TRES HERIDOS TRAS UN VUELCO Y POSTERIOR CHOQUE EN CADENA ENTRE CUATRO VEH\u00cdCULOS - Apuntes de San Luis","isPartOf":{"@id":"https:\/\/apuntesdesanluis.com\/#website"},"primaryImageOfPage":{"@id":"https:\/\/apuntesdesanluis.com\/index.php\/2024\/10\/04\/tres-heridos-tras-un-vuelco-y-posterior-choque-en-cadena-entre-cuatro-vehiculos\/#primaryimage"},"image":{"@id":"https:\/\/apuntesdesanluis.com\/index.php\/2024\/10\/04\/tres-heridos-tras-un-vuelco-y-posterior-choque-en-cadena-entre-cuatro-vehiculos\/#primaryimage"},"thumbnailUrl":"https:\/\/apuntesdesanluis.com\/wp-content\/uploads\/2024\/10\/choque.jpg","datePublished":"2024-10-05T02:31:12+00:00","breadcrumb":{"@id":"https:\/\/apuntesdesanluis.com\/index.php\/2024\/10\/04\/tres-heridos-tras-un-vuelco-y-posterior-choque-en-cadena-entre-cuatro-vehiculos\/#breadcrumb"},"inLanguage":"es-AR","potentialAction":[{"@type":"ReadAction","target":["https:\/\/apuntesdesanluis.com\/index.php\/2024\/10\/04\/tres-heridos-tras-un-vuelco-y-posterior-choque-en-cadena-entre-cuatro-vehiculos\/"]}]},{"@type":"ImageObject","inLanguage":"es-AR","@id":"https:\/\/apuntesdesanluis.com\/index.php\/2024\/10\/04\/tres-heridos-tras-un-vuelco-y-posterior-choque-en-cadena-entre-cuatro-vehiculos\/#primaryimage","url":"https:\/\/apuntesdesanluis.com\/wp-content\/uploads\/2024\/10\/choque.jpg","contentUrl":"https:\/\/apuntesdesanluis.com\/wp-content\/uploads\/2024\/10\/choque.jpg","width":800,"height":438},{"@type":"BreadcrumbList","@id":"https:\/\/apuntesdesanluis.com\/index.php\/2024\/10\/04\/tres-heridos-tras-un-vuelco-y-posterior-choque-en-cadena-entre-cuatro-vehiculos\/#breadcrumb","itemListElement":[{"@type":"ListItem","position":1,"name":"Inicio","item":"https:\/\/apuntesdesanluis.com\/"},{"@type":"ListItem","position":2,"name":"TRES HERIDOS TRAS UN VUELCO Y POSTERIOR CHOQUE EN CADENA ENTRE CUATRO VEH\u00cdCULOS"}]},{"@type":"WebSite","@id":"https:\/\/apuntesdesanluis.com\/#website","url":"https:\/\/apuntesdesanluis.com\/","name":"Apuntes de San Luis","description":"","publisher":{"@id":"https:\/\/apuntesdesanluis.com\/#\/schema\/person\/b55151d52296fcce64d1a72538a70b90"},"potentialAction":[{"@type":"SearchAction","target":{"@type":"EntryPoint","urlTemplate":"https:\/\/apuntesdesanluis.com\/?s={search_term_string}"},"query-input":{"@type":"PropertyValueSpecification","valueRequired":true,"valueName":"search_term_string"}}],"inLanguage":"es-AR"},{"@type":["Person","Organization"],"@id":"https:\/\/apuntesdesanluis.com\/#\/schema\/person\/b55151d52296fcce64d1a72538a70b90","name":"apuntesdesanluis.com","image":{"@type":"ImageObject","inLanguage":"es-AR","@id":"https:\/\/apuntesdesanluis.com\/#\/schema\/person\/image\/","url":"https:\/\/apuntesdesanluis.com\/wp-content\/uploads\/2023\/07\/cropped-apuntesdesanluis.png","contentUrl":"https:\/\/apuntesdesanluis.com\/wp-content\/uploads\/2023\/07\/cropped-apuntesdesanluis.png","width":450,"height":112,"caption":"apuntesdesanluis.com"},"logo":{"@id":"https:\/\/apuntesdesanluis.com\/#\/schema\/person\/image\/"},"sameAs":["https:\/\/apuntesdesanluis.com"],"url":"https:\/\/apuntesdesanluis.com\/index.php\/author\/apuntesdesanluis-com\/"}]}},"featured_image_urls":{"full":["https:\/\/apuntesdesanluis.com\/wp-content\/uploads\/2024\/10\/choque.jpg",800,438,false],"thumbnail":["https:\/\/apuntesdesanluis.com\/wp-content\/uploads\/2024\/10\/choque-150x150.jpg",150,150,true],"medium":["https:\/\/apuntesdesanluis.com\/wp-content\/uploads\/2024\/10\/choque-300x164.jpg",300,164,true],"medium_large":["https:\/\/apuntesdesanluis.com\/wp-content\/uploads\/2024\/10\/choque-768x420.jpg",640,350,true],"large":["https:\/\/apuntesdesanluis.com\/wp-content\/uploads\/2024\/10\/choque.jpg",640,350,false],"1536x1536":["https:\/\/apuntesdesanluis.com\/wp-content\/uploads\/2024\/10\/choque.jpg",800,438,false],"2048x2048":["https:\/\/apuntesdesanluis.com\/wp-content\/uploads\/2024\/10\/choque.jpg",800,438,false],"newsever-slider-full":["https:\/\/apuntesdesanluis.com\/wp-content\/uploads\/2024\/10\/choque.jpg",800,438,false],"newsever-featured":["https:\/\/apuntesdesanluis.com\/wp-content\/uploads\/2024\/10\/choque.jpg",800,438,false],"newsever-medium":["https:\/\/apuntesdesanluis.com\/wp-content\/uploads\/2024\/10\/choque-720x438.jpg",720,438,true]},"author_info":{"display_name":"apuntesdesanluis.com","author_link":"https:\/\/apuntesdesanluis.com\/index.php\/author\/apuntesdesanluis-com\/"},"category_info":"<a href=\"https:\/\/apuntesdesanluis.com\/index.php\/category\/ciudad-provincia\/\" rel=\"category tag\">Ciudad\/Provincia<\/a>","tag_info":"Ciudad\/Provincia","comment_count":"0","_links":{"self":[{"href":"https:\/\/apuntesdesanluis.com\/index.php\/wp-json\/wp\/v2\/posts\/23365","targetHints":{"allow":["GET"]}}],"collection":[{"href":"https:\/\/apuntesdesanluis.com\/index.php\/wp-json\/wp\/v2\/posts"}],"about":[{"href":"https:\/\/apuntesdesanluis.com\/index.php\/wp-json\/wp\/v2\/types\/post"}],"author":[{"embeddable":true,"href":"https:\/\/apuntesdesanluis.com\/index.php\/wp-json\/wp\/v2\/users\/1"}],"replies":[{"embeddable":true,"href":"https:\/\/apuntesdesanluis.com\/index.php\/wp-json\/wp\/v2\/comments?post=23365"}],"version-history":[{"count":1,"href":"https:\/\/apuntesdesanluis.com\/index.php\/wp-json\/wp\/v2\/posts\/23365\/revisions"}],"predecessor-version":[{"id":23370,"href":"https:\/\/apuntesdesanluis.com\/index.php\/wp-json\/wp\/v2\/posts\/23365\/revisions\/23370"}],"wp:featuredmedia":[{"embeddable":true,"href":"https:\/\/apuntesdesanluis.com\/index.php\/wp-json\/wp\/v2\/media\/23366"}],"wp:attachment":[{"href":"https:\/\/apuntesdesanluis.com\/index.php\/wp-json\/wp\/v2\/media?parent=23365"}],"wp:term":[{"taxonomy":"category","embeddable":true,"href":"https:\/\/apuntesdesanluis.com\/index.php\/wp-json\/wp\/v2\/categories?post=23365"},{"taxonomy":"post_tag","embeddable":true,"href":"https:\/\/apuntesdesanluis.com\/index.php\/wp-json\/wp\/v2\/tags?post=23365"}],"curies":[{"name":"wp","href":"https:\/\/api.w.org\/{rel}","templated":true}]}}