{"id":23371,"date":"2024-10-04T23:36:46","date_gmt":"2024-10-05T02:36:46","guid":{"rendered":"https:\/\/apuntesdesanluis.com\/?p=23371"},"modified":"2024-10-04T23:38:41","modified_gmt":"2024-10-05T02:38:41","slug":"renunciaron-al-chanta-de-garcia-moritan-a-su-cargo-en-el-gobierno-porteno","status":"publish","type":"post","link":"https:\/\/apuntesdesanluis.com\/index.php\/2024\/10\/04\/renunciaron-al-chanta-de-garcia-moritan-a-su-cargo-en-el-gobierno-porteno\/","title":{"rendered":"RENUNCIARON AL CHANTA DE GARC\u00cdA MORIT\u00c1N A SU CARGO EN EL GOBIERNO PORTE\u00d1O"},"content":{"rendered":"<h3>El ministro de Desarrollo Econ\u00f3mico de la ciudad de Buenos Aires,<strong> Roberto Garc\u00eda Morit\u00e1n<\/strong>, present\u00f3 hoy su renuncia al cargo por \u201crazones personales\u201d, inform\u00f3 un comunicado del Gobierno porte\u00f1o, aunque en realidad por separado deslizaron que en realidad lo despidieron.<\/h3>\n<h3>\u00a0&#8220;Gracias por tu gesti\u00f3n. Lamento que d\u00e9s un paso al costado, pero entiendo que tu prioridad es proteger a tu familia&#8221;, expres\u00f3 el jefe de Gobierno, Jorge Macri, al dar la despedida al funcionario desde sus redes sociales.<\/h3>\n<h3>Al cabo de una extensa reuni\u00f3n del Gabinete capitalino, Macri facilit\u00f3 su salida por &#8220;razones personales&#8221;, tras la presentaci\u00f3n de una denuncia por contrataciones irregulares y en medio de su divorcio de la modelo Carolina &#8220;Pampita&#8221; Ardohain.<\/h3>\n<h3><img fetchpriority=\"high\" decoding=\"async\" class=\"wp-image-23060 aligncenter\" src=\"https:\/\/apuntesdesanluis.com\/wp-content\/uploads\/2024\/09\/pampita-300x195.png\" alt=\"\" width=\"638\" height=\"415\" srcset=\"https:\/\/apuntesdesanluis.com\/wp-content\/uploads\/2024\/09\/pampita-300x195.png 300w, https:\/\/apuntesdesanluis.com\/wp-content\/uploads\/2024\/09\/pampita-768x500.png 768w, https:\/\/apuntesdesanluis.com\/wp-content\/uploads\/2024\/09\/pampita.png 893w\" sizes=\"(max-width: 638px) 100vw, 638px\" \/><\/h3>\n<h3>Con relaci\u00f3n a la denuncia, que se tramita en la Justicia, en el Ejecutivo porte\u00f1o se\u00f1alaron que las contrataciones realizadas por la cartera de Desarrollo Econ\u00f3mico &#8220;se ajustaron a la normativa vigente y se realizaron acorde a derecho&#8221;.<\/h3>\n<h3>Adem\u00e1s, manifestaron que pondr\u00e1n a &#8220;disposici\u00f3n de la Justicia la informaci\u00f3n que, en su caso, le sea requerida a fin de colaborar con el esclarecimiento del hecho denunciado&#8221;.<\/h3>\n<h3>La Justicia hab\u00eda recibido la semana pasada una denuncia penal contra Morit\u00e1n por la supuesta &#8220;contrataci\u00f3n irregular de 384 empleados del ministerio y otras contrataciones de servicios con proveedores de distintos eventos por sumas millonarias o con precio vil&#8221;.<\/h3>\n<h3>Asimismo, el jueves \u00faltimo se produjo una nueva acusaci\u00f3n contra el ex funcionario porte\u00f1o, en este caso por falso testimonio en una investigaci\u00f3n por estafa piramidal en la que tambi\u00e9n estuvo involucrado Andr\u00e9s Jalil, hermano del intendente de Catamarca, Ra\u00fal Jalil.<\/h3>\n<p>&nbsp;<\/p>\n<p>&nbsp;<\/p>\n<p>&nbsp;<\/p>\n<p>&nbsp;<\/p>\n<p>&nbsp;<\/p>\n<p>&nbsp;<\/p>\n","protected":false},"excerpt":{"rendered":"<p>El ministro de Desarrollo Econ\u00f3mico de la ciudad de Buenos Aires, Roberto Garc\u00eda Morit\u00e1n, present\u00f3&#8230;<\/p>\n","protected":false},"author":1,"featured_media":23372,"comment_status":"closed","ping_status":"closed","sticky":false,"template":"","format":"standard","meta":{"footnotes":""},"categories":[5],"tags":[],"class_list":["post-23371","post","type-post","status-publish","format-standard","has-post-thumbnail","hentry","category-nacionales-internacionales"],"yoast_head":"<!-- This site is optimized with the Yoast SEO plugin v26.1.1 - https:\/\/yoast.com\/wordpress\/plugins\/seo\/ -->\n<title>RENUNCIARON AL CHANTA DE GARC\u00cdA MORIT\u00c1N A SU CARGO EN EL GOBIERNO PORTE\u00d1O - Apuntes de San Luis<\/title>\n<meta name=\"robots\" content=\"index, follow, max-snippet:-1, max-image-preview:large, max-video-preview:-1\" \/>\n<link rel=\"canonical\" href=\"https:\/\/apuntesdesanluis.com\/index.php\/2024\/10\/04\/renunciaron-al-chanta-de-garcia-moritan-a-su-cargo-en-el-gobierno-porteno\/\" \/>\n<meta property=\"og:locale\" content=\"es_ES\" \/>\n<meta property=\"og:type\" content=\"article\" \/>\n<meta property=\"og:title\" content=\"RENUNCIARON AL CHANTA DE GARC\u00cdA MORIT\u00c1N A SU CARGO EN EL GOBIERNO PORTE\u00d1O - Apuntes de San Luis\" \/>\n<meta property=\"og:description\" content=\"El ministro de Desarrollo Econ\u00f3mico de la ciudad de Buenos Aires, Roberto Garc\u00eda Morit\u00e1n, present\u00f3...\" \/>\n<meta property=\"og:url\" content=\"https:\/\/apuntesdesanluis.com\/index.php\/2024\/10\/04\/renunciaron-al-chanta-de-garcia-moritan-a-su-cargo-en-el-gobierno-porteno\/\" \/>\n<meta property=\"og:site_name\" content=\"Apuntes de San Luis\" \/>\n<meta property=\"article:published_time\" content=\"2024-10-05T02:36:46+00:00\" \/>\n<meta property=\"article:modified_time\" content=\"2024-10-05T02:38:41+00:00\" \/>\n<meta property=\"og:image\" content=\"https:\/\/apuntesdesanluis.com\/wp-content\/uploads\/2024\/10\/GARCIA-MORITAN.png\" \/>\n\t<meta property=\"og:image:width\" content=\"733\" \/>\n\t<meta property=\"og:image:height\" content=\"469\" \/>\n\t<meta property=\"og:image:type\" content=\"image\/png\" \/>\n<meta name=\"author\" content=\"apuntesdesanluis.com\" \/>\n<meta name=\"twitter:card\" content=\"summary_large_image\" \/>\n<meta name=\"twitter:label1\" content=\"Escrito por\" \/>\n\t<meta name=\"twitter:data1\" content=\"apuntesdesanluis.com\" \/>\n\t<meta name=\"twitter:label2\" content=\"Tiempo de lectura\" \/>\n\t<meta name=\"twitter:data2\" content=\"2 minutos\" \/>\n<script type=\"application\/ld+json\" class=\"yoast-schema-graph\">{\"@context\":\"https:\/\/schema.org\",\"@graph\":[{\"@type\":\"Article\",\"@id\":\"https:\/\/apuntesdesanluis.com\/index.php\/2024\/10\/04\/renunciaron-al-chanta-de-garcia-moritan-a-su-cargo-en-el-gobierno-porteno\/#article\",\"isPartOf\":{\"@id\":\"https:\/\/apuntesdesanluis.com\/index.php\/2024\/10\/04\/renunciaron-al-chanta-de-garcia-moritan-a-su-cargo-en-el-gobierno-porteno\/\"},\"author\":{\"name\":\"apuntesdesanluis.com\",\"@id\":\"https:\/\/apuntesdesanluis.com\/#\/schema\/person\/b55151d52296fcce64d1a72538a70b90\"},\"headline\":\"RENUNCIARON AL CHANTA DE GARC\u00cdA MORIT\u00c1N A SU CARGO EN EL GOBIERNO PORTE\u00d1O\",\"datePublished\":\"2024-10-05T02:36:46+00:00\",\"dateModified\":\"2024-10-05T02:38:41+00:00\",\"mainEntityOfPage\":{\"@id\":\"https:\/\/apuntesdesanluis.com\/index.php\/2024\/10\/04\/renunciaron-al-chanta-de-garcia-moritan-a-su-cargo-en-el-gobierno-porteno\/\"},\"wordCount\":307,\"publisher\":{\"@id\":\"https:\/\/apuntesdesanluis.com\/#\/schema\/person\/b55151d52296fcce64d1a72538a70b90\"},\"image\":{\"@id\":\"https:\/\/apuntesdesanluis.com\/index.php\/2024\/10\/04\/renunciaron-al-chanta-de-garcia-moritan-a-su-cargo-en-el-gobierno-porteno\/#primaryimage\"},\"thumbnailUrl\":\"https:\/\/apuntesdesanluis.com\/wp-content\/uploads\/2024\/10\/GARCIA-MORITAN.png\",\"articleSection\":[\"Nacionales\/Internacionales\"],\"inLanguage\":\"es-AR\"},{\"@type\":\"WebPage\",\"@id\":\"https:\/\/apuntesdesanluis.com\/index.php\/2024\/10\/04\/renunciaron-al-chanta-de-garcia-moritan-a-su-cargo-en-el-gobierno-porteno\/\",\"url\":\"https:\/\/apuntesdesanluis.com\/index.php\/2024\/10\/04\/renunciaron-al-chanta-de-garcia-moritan-a-su-cargo-en-el-gobierno-porteno\/\",\"name\":\"RENUNCIARON AL CHANTA DE GARC\u00cdA MORIT\u00c1N A SU CARGO EN EL GOBIERNO PORTE\u00d1O - Apuntes de San Luis\",\"isPartOf\":{\"@id\":\"https:\/\/apuntesdesanluis.com\/#website\"},\"primaryImageOfPage\":{\"@id\":\"https:\/\/apuntesdesanluis.com\/index.php\/2024\/10\/04\/renunciaron-al-chanta-de-garcia-moritan-a-su-cargo-en-el-gobierno-porteno\/#primaryimage\"},\"image\":{\"@id\":\"https:\/\/apuntesdesanluis.com\/index.php\/2024\/10\/04\/renunciaron-al-chanta-de-garcia-moritan-a-su-cargo-en-el-gobierno-porteno\/#primaryimage\"},\"thumbnailUrl\":\"https:\/\/apuntesdesanluis.com\/wp-content\/uploads\/2024\/10\/GARCIA-MORITAN.png\",\"datePublished\":\"2024-10-05T02:36:46+00:00\",\"dateModified\":\"2024-10-05T02:38:41+00:00\",\"breadcrumb\":{\"@id\":\"https:\/\/apuntesdesanluis.com\/index.php\/2024\/10\/04\/renunciaron-al-chanta-de-garcia-moritan-a-su-cargo-en-el-gobierno-porteno\/#breadcrumb\"},\"inLanguage\":\"es-AR\",\"potentialAction\":[{\"@type\":\"ReadAction\",\"target\":[\"https:\/\/apuntesdesanluis.com\/index.php\/2024\/10\/04\/renunciaron-al-chanta-de-garcia-moritan-a-su-cargo-en-el-gobierno-porteno\/\"]}]},{\"@type\":\"ImageObject\",\"inLanguage\":\"es-AR\",\"@id\":\"https:\/\/apuntesdesanluis.com\/index.php\/2024\/10\/04\/renunciaron-al-chanta-de-garcia-moritan-a-su-cargo-en-el-gobierno-porteno\/#primaryimage\",\"url\":\"https:\/\/apuntesdesanluis.com\/wp-content\/uploads\/2024\/10\/GARCIA-MORITAN.png\",\"contentUrl\":\"https:\/\/apuntesdesanluis.com\/wp-content\/uploads\/2024\/10\/GARCIA-MORITAN.png\",\"width\":733,\"height\":469},{\"@type\":\"BreadcrumbList\",\"@id\":\"https:\/\/apuntesdesanluis.com\/index.php\/2024\/10\/04\/renunciaron-al-chanta-de-garcia-moritan-a-su-cargo-en-el-gobierno-porteno\/#breadcrumb\",\"itemListElement\":[{\"@type\":\"ListItem\",\"position\":1,\"name\":\"Inicio\",\"item\":\"https:\/\/apuntesdesanluis.com\/\"},{\"@type\":\"ListItem\",\"position\":2,\"name\":\"RENUNCIARON AL CHANTA DE GARC\u00cdA MORIT\u00c1N A SU CARGO EN EL GOBIERNO PORTE\u00d1O\"}]},{\"@type\":\"WebSite\",\"@id\":\"https:\/\/apuntesdesanluis.com\/#website\",\"url\":\"https:\/\/apuntesdesanluis.com\/\",\"name\":\"Apuntes de San Luis\",\"description\":\"\",\"publisher\":{\"@id\":\"https:\/\/apuntesdesanluis.com\/#\/schema\/person\/b55151d52296fcce64d1a72538a70b90\"},\"potentialAction\":[{\"@type\":\"SearchAction\",\"target\":{\"@type\":\"EntryPoint\",\"urlTemplate\":\"https:\/\/apuntesdesanluis.com\/?s={search_term_string}\"},\"query-input\":{\"@type\":\"PropertyValueSpecification\",\"valueRequired\":true,\"valueName\":\"search_term_string\"}}],\"inLanguage\":\"es-AR\"},{\"@type\":[\"Person\",\"Organization\"],\"@id\":\"https:\/\/apuntesdesanluis.com\/#\/schema\/person\/b55151d52296fcce64d1a72538a70b90\",\"name\":\"apuntesdesanluis.com\",\"image\":{\"@type\":\"ImageObject\",\"inLanguage\":\"es-AR\",\"@id\":\"https:\/\/apuntesdesanluis.com\/#\/schema\/person\/image\/\",\"url\":\"https:\/\/apuntesdesanluis.com\/wp-content\/uploads\/2023\/07\/cropped-apuntesdesanluis.png\",\"contentUrl\":\"https:\/\/apuntesdesanluis.com\/wp-content\/uploads\/2023\/07\/cropped-apuntesdesanluis.png\",\"width\":450,\"height\":112,\"caption\":\"apuntesdesanluis.com\"},\"logo\":{\"@id\":\"https:\/\/apuntesdesanluis.com\/#\/schema\/person\/image\/\"},\"sameAs\":[\"https:\/\/apuntesdesanluis.com\"],\"url\":\"https:\/\/apuntesdesanluis.com\/index.php\/author\/apuntesdesanluis-com\/\"}]}<\/script>\n<!-- \/ Yoast SEO plugin. -->","yoast_head_json":{"title":"RENUNCIARON AL CHANTA DE GARC\u00cdA MORIT\u00c1N A SU CARGO EN EL GOBIERNO PORTE\u00d1O - Apuntes de San Luis","robots":{"index":"index","follow":"follow","max-snippet":"max-snippet:-1","max-image-preview":"max-image-preview:large","max-video-preview":"max-video-preview:-1"},"canonical":"https:\/\/apuntesdesanluis.com\/index.php\/2024\/10\/04\/renunciaron-al-chanta-de-garcia-moritan-a-su-cargo-en-el-gobierno-porteno\/","og_locale":"es_ES","og_type":"article","og_title":"RENUNCIARON AL CHANTA DE GARC\u00cdA MORIT\u00c1N A SU CARGO EN EL GOBIERNO PORTE\u00d1O - Apuntes de San Luis","og_description":"El ministro de Desarrollo Econ\u00f3mico de la ciudad de Buenos Aires, Roberto Garc\u00eda Morit\u00e1n, present\u00f3...","og_url":"https:\/\/apuntesdesanluis.com\/index.php\/2024\/10\/04\/renunciaron-al-chanta-de-garcia-moritan-a-su-cargo-en-el-gobierno-porteno\/","og_site_name":"Apuntes de San Luis","article_published_time":"2024-10-05T02:36:46+00:00","article_modified_time":"2024-10-05T02:38:41+00:00","og_image":[{"width":733,"height":469,"url":"https:\/\/apuntesdesanluis.com\/wp-content\/uploads\/2024\/10\/GARCIA-MORITAN.png","type":"image\/png"}],"author":"apuntesdesanluis.com","twitter_card":"summary_large_image","twitter_misc":{"Escrito por":"apuntesdesanluis.com","Tiempo de lectura":"2 minutos"},"schema":{"@context":"https:\/\/schema.org","@graph":[{"@type":"Article","@id":"https:\/\/apuntesdesanluis.com\/index.php\/2024\/10\/04\/renunciaron-al-chanta-de-garcia-moritan-a-su-cargo-en-el-gobierno-porteno\/#article","isPartOf":{"@id":"https:\/\/apuntesdesanluis.com\/index.php\/2024\/10\/04\/renunciaron-al-chanta-de-garcia-moritan-a-su-cargo-en-el-gobierno-porteno\/"},"author":{"name":"apuntesdesanluis.com","@id":"https:\/\/apuntesdesanluis.com\/#\/schema\/person\/b55151d52296fcce64d1a72538a70b90"},"headline":"RENUNCIARON AL CHANTA DE GARC\u00cdA MORIT\u00c1N A SU CARGO EN EL GOBIERNO PORTE\u00d1O","datePublished":"2024-10-05T02:36:46+00:00","dateModified":"2024-10-05T02:38:41+00:00","mainEntityOfPage":{"@id":"https:\/\/apuntesdesanluis.com\/index.php\/2024\/10\/04\/renunciaron-al-chanta-de-garcia-moritan-a-su-cargo-en-el-gobierno-porteno\/"},"wordCount":307,"publisher":{"@id":"https:\/\/apuntesdesanluis.com\/#\/schema\/person\/b55151d52296fcce64d1a72538a70b90"},"image":{"@id":"https:\/\/apuntesdesanluis.com\/index.php\/2024\/10\/04\/renunciaron-al-chanta-de-garcia-moritan-a-su-cargo-en-el-gobierno-porteno\/#primaryimage"},"thumbnailUrl":"https:\/\/apuntesdesanluis.com\/wp-content\/uploads\/2024\/10\/GARCIA-MORITAN.png","articleSection":["Nacionales\/Internacionales"],"inLanguage":"es-AR"},{"@type":"WebPage","@id":"https:\/\/apuntesdesanluis.com\/index.php\/2024\/10\/04\/renunciaron-al-chanta-de-garcia-moritan-a-su-cargo-en-el-gobierno-porteno\/","url":"https:\/\/apuntesdesanluis.com\/index.php\/2024\/10\/04\/renunciaron-al-chanta-de-garcia-moritan-a-su-cargo-en-el-gobierno-porteno\/","name":"RENUNCIARON AL CHANTA DE GARC\u00cdA MORIT\u00c1N A SU CARGO EN EL GOBIERNO PORTE\u00d1O - Apuntes de San Luis","isPartOf":{"@id":"https:\/\/apuntesdesanluis.com\/#website"},"primaryImageOfPage":{"@id":"https:\/\/apuntesdesanluis.com\/index.php\/2024\/10\/04\/renunciaron-al-chanta-de-garcia-moritan-a-su-cargo-en-el-gobierno-porteno\/#primaryimage"},"image":{"@id":"https:\/\/apuntesdesanluis.com\/index.php\/2024\/10\/04\/renunciaron-al-chanta-de-garcia-moritan-a-su-cargo-en-el-gobierno-porteno\/#primaryimage"},"thumbnailUrl":"https:\/\/apuntesdesanluis.com\/wp-content\/uploads\/2024\/10\/GARCIA-MORITAN.png","datePublished":"2024-10-05T02:36:46+00:00","dateModified":"2024-10-05T02:38:41+00:00","breadcrumb":{"@id":"https:\/\/apuntesdesanluis.com\/index.php\/2024\/10\/04\/renunciaron-al-chanta-de-garcia-moritan-a-su-cargo-en-el-gobierno-porteno\/#breadcrumb"},"inLanguage":"es-AR","potentialAction":[{"@type":"ReadAction","target":["https:\/\/apuntesdesanluis.com\/index.php\/2024\/10\/04\/renunciaron-al-chanta-de-garcia-moritan-a-su-cargo-en-el-gobierno-porteno\/"]}]},{"@type":"ImageObject","inLanguage":"es-AR","@id":"https:\/\/apuntesdesanluis.com\/index.php\/2024\/10\/04\/renunciaron-al-chanta-de-garcia-moritan-a-su-cargo-en-el-gobierno-porteno\/#primaryimage","url":"https:\/\/apuntesdesanluis.com\/wp-content\/uploads\/2024\/10\/GARCIA-MORITAN.png","contentUrl":"https:\/\/apuntesdesanluis.com\/wp-content\/uploads\/2024\/10\/GARCIA-MORITAN.png","width":733,"height":469},{"@type":"BreadcrumbList","@id":"https:\/\/apuntesdesanluis.com\/index.php\/2024\/10\/04\/renunciaron-al-chanta-de-garcia-moritan-a-su-cargo-en-el-gobierno-porteno\/#breadcrumb","itemListElement":[{"@type":"ListItem","position":1,"name":"Inicio","item":"https:\/\/apuntesdesanluis.com\/"},{"@type":"ListItem","position":2,"name":"RENUNCIARON AL CHANTA DE GARC\u00cdA MORIT\u00c1N A SU CARGO EN EL GOBIERNO PORTE\u00d1O"}]},{"@type":"WebSite","@id":"https:\/\/apuntesdesanluis.com\/#website","url":"https:\/\/apuntesdesanluis.com\/","name":"Apuntes de San Luis","description":"","publisher":{"@id":"https:\/\/apuntesdesanluis.com\/#\/schema\/person\/b55151d52296fcce64d1a72538a70b90"},"potentialAction":[{"@type":"SearchAction","target":{"@type":"EntryPoint","urlTemplate":"https:\/\/apuntesdesanluis.com\/?s={search_term_string}"},"query-input":{"@type":"PropertyValueSpecification","valueRequired":true,"valueName":"search_term_string"}}],"inLanguage":"es-AR"},{"@type":["Person","Organization"],"@id":"https:\/\/apuntesdesanluis.com\/#\/schema\/person\/b55151d52296fcce64d1a72538a70b90","name":"apuntesdesanluis.com","image":{"@type":"ImageObject","inLanguage":"es-AR","@id":"https:\/\/apuntesdesanluis.com\/#\/schema\/person\/image\/","url":"https:\/\/apuntesdesanluis.com\/wp-content\/uploads\/2023\/07\/cropped-apuntesdesanluis.png","contentUrl":"https:\/\/apuntesdesanluis.com\/wp-content\/uploads\/2023\/07\/cropped-apuntesdesanluis.png","width":450,"height":112,"caption":"apuntesdesanluis.com"},"logo":{"@id":"https:\/\/apuntesdesanluis.com\/#\/schema\/person\/image\/"},"sameAs":["https:\/\/apuntesdesanluis.com"],"url":"https:\/\/apuntesdesanluis.com\/index.php\/author\/apuntesdesanluis-com\/"}]}},"featured_image_urls":{"full":["https:\/\/apuntesdesanluis.com\/wp-content\/uploads\/2024\/10\/GARCIA-MORITAN.png",733,469,false],"thumbnail":["https:\/\/apuntesdesanluis.com\/wp-content\/uploads\/2024\/10\/GARCIA-MORITAN-150x150.png",150,150,true],"medium":["https:\/\/apuntesdesanluis.com\/wp-content\/uploads\/2024\/10\/GARCIA-MORITAN-300x192.png",300,192,true],"medium_large":["https:\/\/apuntesdesanluis.com\/wp-content\/uploads\/2024\/10\/GARCIA-MORITAN.png",640,409,false],"large":["https:\/\/apuntesdesanluis.com\/wp-content\/uploads\/2024\/10\/GARCIA-MORITAN.png",640,409,false],"1536x1536":["https:\/\/apuntesdesanluis.com\/wp-content\/uploads\/2024\/10\/GARCIA-MORITAN.png",733,469,false],"2048x2048":["https:\/\/apuntesdesanluis.com\/wp-content\/uploads\/2024\/10\/GARCIA-MORITAN.png",733,469,false],"newsever-slider-full":["https:\/\/apuntesdesanluis.com\/wp-content\/uploads\/2024\/10\/GARCIA-MORITAN.png",733,469,false],"newsever-featured":["https:\/\/apuntesdesanluis.com\/wp-content\/uploads\/2024\/10\/GARCIA-MORITAN.png",733,469,false],"newsever-medium":["https:\/\/apuntesdesanluis.com\/wp-content\/uploads\/2024\/10\/GARCIA-MORITAN-720x469.png",720,469,true]},"author_info":{"display_name":"apuntesdesanluis.com","author_link":"https:\/\/apuntesdesanluis.com\/index.php\/author\/apuntesdesanluis-com\/"},"category_info":"<a href=\"https:\/\/apuntesdesanluis.com\/index.php\/category\/nacionales-internacionales\/\" rel=\"category tag\">Nacionales\/Internacionales<\/a>","tag_info":"Nacionales\/Internacionales","comment_count":"0","_links":{"self":[{"href":"https:\/\/apuntesdesanluis.com\/index.php\/wp-json\/wp\/v2\/posts\/23371","targetHints":{"allow":["GET"]}}],"collection":[{"href":"https:\/\/apuntesdesanluis.com\/index.php\/wp-json\/wp\/v2\/posts"}],"about":[{"href":"https:\/\/apuntesdesanluis.com\/index.php\/wp-json\/wp\/v2\/types\/post"}],"author":[{"embeddable":true,"href":"https:\/\/apuntesdesanluis.com\/index.php\/wp-json\/wp\/v2\/users\/1"}],"replies":[{"embeddable":true,"href":"https:\/\/apuntesdesanluis.com\/index.php\/wp-json\/wp\/v2\/comments?post=23371"}],"version-history":[{"count":3,"href":"https:\/\/apuntesdesanluis.com\/index.php\/wp-json\/wp\/v2\/posts\/23371\/revisions"}],"predecessor-version":[{"id":23375,"href":"https:\/\/apuntesdesanluis.com\/index.php\/wp-json\/wp\/v2\/posts\/23371\/revisions\/23375"}],"wp:featuredmedia":[{"embeddable":true,"href":"https:\/\/apuntesdesanluis.com\/index.php\/wp-json\/wp\/v2\/media\/23372"}],"wp:attachment":[{"href":"https:\/\/apuntesdesanluis.com\/index.php\/wp-json\/wp\/v2\/media?parent=23371"}],"wp:term":[{"taxonomy":"category","embeddable":true,"href":"https:\/\/apuntesdesanluis.com\/index.php\/wp-json\/wp\/v2\/categories?post=23371"},{"taxonomy":"post_tag","embeddable":true,"href":"https:\/\/apuntesdesanluis.com\/index.php\/wp-json\/wp\/v2\/tags?post=23371"}],"curies":[{"name":"wp","href":"https:\/\/api.w.org\/{rel}","templated":true}]}}