{"id":23376,"date":"2024-10-04T23:46:01","date_gmt":"2024-10-05T02:46:01","guid":{"rendered":"https:\/\/apuntesdesanluis.com\/?p=23376"},"modified":"2024-10-04T23:46:46","modified_gmt":"2024-10-05T02:46:46","slug":"como-genera-mucho-gasto-y-no-se-justifica-el-gobierno-cierra-el-ultimo-hospital-de-salud-mental","status":"publish","type":"post","link":"https:\/\/apuntesdesanluis.com\/index.php\/2024\/10\/04\/como-genera-mucho-gasto-y-no-se-justifica-el-gobierno-cierra-el-ultimo-hospital-de-salud-mental\/","title":{"rendered":"COMO GENERA MUCHO GASTO Y NO SE JUSTIFICA, EL GOBIERNO CIERRA EL \u00daLTIMO HOSPITAL DE SALUD MENTAL"},"content":{"rendered":"<h3>Trabajadores del Hospital Nacional de Salud Mental Lic. Laura Bonaparte, denunciaron que el Gobierno orden\u00f3 el cierre total del centro de salud, mientras manifestantes se congregaban en el lugar para protestar contra de la medida.<\/h3>\n<h3>El Ejecutivo anunci\u00f3 que habr\u00e1 recortes en los servicios de internaciones y guardia durante el fin de semana donde actualmente se encuentran pacientes hospitalizados, muchos de ellos ni\u00f1os y adolescentes.<\/h3>\n<h3>M\u00e9dicos y enfermeros informaron que el nosocomio atendi\u00f3 a m\u00e1s de 25 mil personas en lo que va del a\u00f1o.<\/h3>\n<h3>Los trabajadores del hospital decidieron realizar una asamblea general y permanecer en sus puestos, al tiempo que convocan a usuarios, familiares, ciudadanos, asociaciones civiles, entre otros para sumarse a la &#8220;lucha, defensa del hospital y la salud p\u00fablica&#8221;.<\/h3>\n<h3>En di\u00e1logo con Gabriel Schultz en As\u00ed nos va, el programa que se emite por Splendid AM 990, Joaqu\u00edn Caporale, trabajador del centro de salud situado en el barrio porte\u00f1o de Parque Patricios, asegur\u00f3 que el lunes puede publicarse un decreto con el cierre definitivo.<\/h3>\n<h3>Adem\u00e1s, consign\u00f3 que hay entre 30 y 40 pacientes internados, a quienes les brindan psicolog\u00eda, psiquiatr\u00eda, trabajo social y terapia ocupacional.<\/h3>\n<h3>En este sentido, agreg\u00f3: &#8220;Esta es la pol\u00edtica de Milei, avanzar contra la salud y la educaci\u00f3n. Ya despidi\u00f3 trabajadores en el Hospital Posadas&#8221;.<\/h3>\n<h3>Por su parte el gobierno emiti\u00f3 un comunicado en el que sostiene que \u201cen el marco del reordenamiento del sistema, el ministerio de Salud de la Naci\u00f3n inici\u00f3 hoy el plan de reestructuraci\u00f3n del Hospital Bonaparte. La decisi\u00f3n responde al objetivo de priorizar la asignaci\u00f3n de los recursos en los pacientes que lo necesitan. Para avanzar con la reorganizaci\u00f3n del Centro de Salud, la cartera sanitaria inici\u00f3 la derivaci\u00f3n de los pacientes a otras instituciones\u201d.<\/h3>\n<h3>\u201cDesde el inicio de la gesti\u00f3n se trabaja en la normalizaci\u00f3n del Hospital producto de la subutilizaci\u00f3n en funci\u00f3n de su capacidad, lo que se manifiesta en la reducida cantidad de pacientes que se atienden en la instituci\u00f3n. Vale destacar que el establecimiento de salud recibe un presupuesto de 17 mil millones de pesos anuales y cuenta con una muy baja ocupaci\u00f3n\u201d, agregan.<\/h3>\n<h3>A\u00f1aden que \u201ccon una internaci\u00f3n promedio anual de 19 de pacientes diarios, los indicadores de cantidad de atenci\u00f3n y consultas resultan muy bajos para lo esperable de un hospital con servicios generales, considerando las dimensiones edilicias, y la cantidad de recursos humanos asignados\u201d.<\/h3>\n<h3>Y finaliza el Ministerio de Salud garantizando \u201cla continuidad de los tratamientos de los pacientes internados\u201d, aunque no aclara c\u00f3mo lo har\u00e1.<\/h3>\n<p>&nbsp;<\/p>\n<p>&nbsp;<\/p>\n<p>&nbsp;<\/p>\n<p>&nbsp;<\/p>\n<p>&nbsp;<\/p>\n<p>&nbsp;<\/p>\n","protected":false},"excerpt":{"rendered":"<p>Trabajadores del Hospital Nacional de Salud Mental Lic. Laura Bonaparte, denunciaron que el Gobierno orden\u00f3&#8230;<\/p>\n","protected":false},"author":1,"featured_media":23377,"comment_status":"closed","ping_status":"closed","sticky":false,"template":"","format":"standard","meta":{"footnotes":""},"categories":[5],"tags":[],"class_list":["post-23376","post","type-post","status-publish","format-standard","has-post-thumbnail","hentry","category-nacionales-internacionales"],"yoast_head":"<!-- This site is optimized with the Yoast SEO plugin v26.1.1 - https:\/\/yoast.com\/wordpress\/plugins\/seo\/ -->\n<title>COMO GENERA MUCHO GASTO Y NO SE JUSTIFICA, EL GOBIERNO CIERRA EL \u00daLTIMO HOSPITAL DE SALUD MENTAL - Apuntes de San Luis<\/title>\n<meta name=\"robots\" content=\"index, follow, max-snippet:-1, max-image-preview:large, max-video-preview:-1\" \/>\n<link rel=\"canonical\" href=\"https:\/\/apuntesdesanluis.com\/index.php\/2024\/10\/04\/como-genera-mucho-gasto-y-no-se-justifica-el-gobierno-cierra-el-ultimo-hospital-de-salud-mental\/\" \/>\n<meta property=\"og:locale\" content=\"es_ES\" \/>\n<meta property=\"og:type\" content=\"article\" \/>\n<meta property=\"og:title\" content=\"COMO GENERA MUCHO GASTO Y NO SE JUSTIFICA, EL GOBIERNO CIERRA EL \u00daLTIMO HOSPITAL DE SALUD MENTAL - Apuntes de San Luis\" \/>\n<meta property=\"og:description\" content=\"Trabajadores del Hospital Nacional de Salud Mental Lic. Laura Bonaparte, denunciaron que el Gobierno orden\u00f3...\" \/>\n<meta property=\"og:url\" content=\"https:\/\/apuntesdesanluis.com\/index.php\/2024\/10\/04\/como-genera-mucho-gasto-y-no-se-justifica-el-gobierno-cierra-el-ultimo-hospital-de-salud-mental\/\" \/>\n<meta property=\"og:site_name\" content=\"Apuntes de San Luis\" \/>\n<meta property=\"article:published_time\" content=\"2024-10-05T02:46:01+00:00\" \/>\n<meta property=\"article:modified_time\" content=\"2024-10-05T02:46:46+00:00\" \/>\n<meta property=\"og:image\" content=\"https:\/\/apuntesdesanluis.com\/wp-content\/uploads\/2024\/10\/H-OSPITAL-DE-SALUD-MENTAL.png\" \/>\n\t<meta property=\"og:image:width\" content=\"785\" \/>\n\t<meta property=\"og:image:height\" content=\"464\" \/>\n\t<meta property=\"og:image:type\" content=\"image\/png\" \/>\n<meta name=\"author\" content=\"apuntesdesanluis.com\" \/>\n<meta name=\"twitter:card\" content=\"summary_large_image\" \/>\n<meta name=\"twitter:label1\" content=\"Escrito por\" \/>\n\t<meta name=\"twitter:data1\" content=\"apuntesdesanluis.com\" \/>\n\t<meta name=\"twitter:label2\" content=\"Tiempo de lectura\" \/>\n\t<meta name=\"twitter:data2\" content=\"3 minutos\" \/>\n<script type=\"application\/ld+json\" class=\"yoast-schema-graph\">{\"@context\":\"https:\/\/schema.org\",\"@graph\":[{\"@type\":\"Article\",\"@id\":\"https:\/\/apuntesdesanluis.com\/index.php\/2024\/10\/04\/como-genera-mucho-gasto-y-no-se-justifica-el-gobierno-cierra-el-ultimo-hospital-de-salud-mental\/#article\",\"isPartOf\":{\"@id\":\"https:\/\/apuntesdesanluis.com\/index.php\/2024\/10\/04\/como-genera-mucho-gasto-y-no-se-justifica-el-gobierno-cierra-el-ultimo-hospital-de-salud-mental\/\"},\"author\":{\"name\":\"apuntesdesanluis.com\",\"@id\":\"https:\/\/apuntesdesanluis.com\/#\/schema\/person\/b55151d52296fcce64d1a72538a70b90\"},\"headline\":\"COMO GENERA MUCHO GASTO Y NO SE JUSTIFICA, EL GOBIERNO CIERRA EL \u00daLTIMO HOSPITAL DE SALUD MENTAL\",\"datePublished\":\"2024-10-05T02:46:01+00:00\",\"dateModified\":\"2024-10-05T02:46:46+00:00\",\"mainEntityOfPage\":{\"@id\":\"https:\/\/apuntesdesanluis.com\/index.php\/2024\/10\/04\/como-genera-mucho-gasto-y-no-se-justifica-el-gobierno-cierra-el-ultimo-hospital-de-salud-mental\/\"},\"wordCount\":462,\"publisher\":{\"@id\":\"https:\/\/apuntesdesanluis.com\/#\/schema\/person\/b55151d52296fcce64d1a72538a70b90\"},\"image\":{\"@id\":\"https:\/\/apuntesdesanluis.com\/index.php\/2024\/10\/04\/como-genera-mucho-gasto-y-no-se-justifica-el-gobierno-cierra-el-ultimo-hospital-de-salud-mental\/#primaryimage\"},\"thumbnailUrl\":\"https:\/\/apuntesdesanluis.com\/wp-content\/uploads\/2024\/10\/H-OSPITAL-DE-SALUD-MENTAL.png\",\"articleSection\":[\"Nacionales\/Internacionales\"],\"inLanguage\":\"es-AR\"},{\"@type\":\"WebPage\",\"@id\":\"https:\/\/apuntesdesanluis.com\/index.php\/2024\/10\/04\/como-genera-mucho-gasto-y-no-se-justifica-el-gobierno-cierra-el-ultimo-hospital-de-salud-mental\/\",\"url\":\"https:\/\/apuntesdesanluis.com\/index.php\/2024\/10\/04\/como-genera-mucho-gasto-y-no-se-justifica-el-gobierno-cierra-el-ultimo-hospital-de-salud-mental\/\",\"name\":\"COMO GENERA MUCHO GASTO Y NO SE JUSTIFICA, EL GOBIERNO CIERRA EL \u00daLTIMO HOSPITAL DE SALUD MENTAL - Apuntes de San Luis\",\"isPartOf\":{\"@id\":\"https:\/\/apuntesdesanluis.com\/#website\"},\"primaryImageOfPage\":{\"@id\":\"https:\/\/apuntesdesanluis.com\/index.php\/2024\/10\/04\/como-genera-mucho-gasto-y-no-se-justifica-el-gobierno-cierra-el-ultimo-hospital-de-salud-mental\/#primaryimage\"},\"image\":{\"@id\":\"https:\/\/apuntesdesanluis.com\/index.php\/2024\/10\/04\/como-genera-mucho-gasto-y-no-se-justifica-el-gobierno-cierra-el-ultimo-hospital-de-salud-mental\/#primaryimage\"},\"thumbnailUrl\":\"https:\/\/apuntesdesanluis.com\/wp-content\/uploads\/2024\/10\/H-OSPITAL-DE-SALUD-MENTAL.png\",\"datePublished\":\"2024-10-05T02:46:01+00:00\",\"dateModified\":\"2024-10-05T02:46:46+00:00\",\"breadcrumb\":{\"@id\":\"https:\/\/apuntesdesanluis.com\/index.php\/2024\/10\/04\/como-genera-mucho-gasto-y-no-se-justifica-el-gobierno-cierra-el-ultimo-hospital-de-salud-mental\/#breadcrumb\"},\"inLanguage\":\"es-AR\",\"potentialAction\":[{\"@type\":\"ReadAction\",\"target\":[\"https:\/\/apuntesdesanluis.com\/index.php\/2024\/10\/04\/como-genera-mucho-gasto-y-no-se-justifica-el-gobierno-cierra-el-ultimo-hospital-de-salud-mental\/\"]}]},{\"@type\":\"ImageObject\",\"inLanguage\":\"es-AR\",\"@id\":\"https:\/\/apuntesdesanluis.com\/index.php\/2024\/10\/04\/como-genera-mucho-gasto-y-no-se-justifica-el-gobierno-cierra-el-ultimo-hospital-de-salud-mental\/#primaryimage\",\"url\":\"https:\/\/apuntesdesanluis.com\/wp-content\/uploads\/2024\/10\/H-OSPITAL-DE-SALUD-MENTAL.png\",\"contentUrl\":\"https:\/\/apuntesdesanluis.com\/wp-content\/uploads\/2024\/10\/H-OSPITAL-DE-SALUD-MENTAL.png\",\"width\":785,\"height\":464},{\"@type\":\"BreadcrumbList\",\"@id\":\"https:\/\/apuntesdesanluis.com\/index.php\/2024\/10\/04\/como-genera-mucho-gasto-y-no-se-justifica-el-gobierno-cierra-el-ultimo-hospital-de-salud-mental\/#breadcrumb\",\"itemListElement\":[{\"@type\":\"ListItem\",\"position\":1,\"name\":\"Inicio\",\"item\":\"https:\/\/apuntesdesanluis.com\/\"},{\"@type\":\"ListItem\",\"position\":2,\"name\":\"COMO GENERA MUCHO GASTO Y NO SE JUSTIFICA, EL GOBIERNO CIERRA EL \u00daLTIMO HOSPITAL DE SALUD MENTAL\"}]},{\"@type\":\"WebSite\",\"@id\":\"https:\/\/apuntesdesanluis.com\/#website\",\"url\":\"https:\/\/apuntesdesanluis.com\/\",\"name\":\"Apuntes de San Luis\",\"description\":\"\",\"publisher\":{\"@id\":\"https:\/\/apuntesdesanluis.com\/#\/schema\/person\/b55151d52296fcce64d1a72538a70b90\"},\"potentialAction\":[{\"@type\":\"SearchAction\",\"target\":{\"@type\":\"EntryPoint\",\"urlTemplate\":\"https:\/\/apuntesdesanluis.com\/?s={search_term_string}\"},\"query-input\":{\"@type\":\"PropertyValueSpecification\",\"valueRequired\":true,\"valueName\":\"search_term_string\"}}],\"inLanguage\":\"es-AR\"},{\"@type\":[\"Person\",\"Organization\"],\"@id\":\"https:\/\/apuntesdesanluis.com\/#\/schema\/person\/b55151d52296fcce64d1a72538a70b90\",\"name\":\"apuntesdesanluis.com\",\"image\":{\"@type\":\"ImageObject\",\"inLanguage\":\"es-AR\",\"@id\":\"https:\/\/apuntesdesanluis.com\/#\/schema\/person\/image\/\",\"url\":\"https:\/\/apuntesdesanluis.com\/wp-content\/uploads\/2023\/07\/cropped-apuntesdesanluis.png\",\"contentUrl\":\"https:\/\/apuntesdesanluis.com\/wp-content\/uploads\/2023\/07\/cropped-apuntesdesanluis.png\",\"width\":450,\"height\":112,\"caption\":\"apuntesdesanluis.com\"},\"logo\":{\"@id\":\"https:\/\/apuntesdesanluis.com\/#\/schema\/person\/image\/\"},\"sameAs\":[\"https:\/\/apuntesdesanluis.com\"],\"url\":\"https:\/\/apuntesdesanluis.com\/index.php\/author\/apuntesdesanluis-com\/\"}]}<\/script>\n<!-- \/ Yoast SEO plugin. -->","yoast_head_json":{"title":"COMO GENERA MUCHO GASTO Y NO SE JUSTIFICA, EL GOBIERNO CIERRA EL \u00daLTIMO HOSPITAL DE SALUD MENTAL - Apuntes de San Luis","robots":{"index":"index","follow":"follow","max-snippet":"max-snippet:-1","max-image-preview":"max-image-preview:large","max-video-preview":"max-video-preview:-1"},"canonical":"https:\/\/apuntesdesanluis.com\/index.php\/2024\/10\/04\/como-genera-mucho-gasto-y-no-se-justifica-el-gobierno-cierra-el-ultimo-hospital-de-salud-mental\/","og_locale":"es_ES","og_type":"article","og_title":"COMO GENERA MUCHO GASTO Y NO SE JUSTIFICA, EL GOBIERNO CIERRA EL \u00daLTIMO HOSPITAL DE SALUD MENTAL - Apuntes de San Luis","og_description":"Trabajadores del Hospital Nacional de Salud Mental Lic. Laura Bonaparte, denunciaron que el Gobierno orden\u00f3...","og_url":"https:\/\/apuntesdesanluis.com\/index.php\/2024\/10\/04\/como-genera-mucho-gasto-y-no-se-justifica-el-gobierno-cierra-el-ultimo-hospital-de-salud-mental\/","og_site_name":"Apuntes de San Luis","article_published_time":"2024-10-05T02:46:01+00:00","article_modified_time":"2024-10-05T02:46:46+00:00","og_image":[{"width":785,"height":464,"url":"https:\/\/apuntesdesanluis.com\/wp-content\/uploads\/2024\/10\/H-OSPITAL-DE-SALUD-MENTAL.png","type":"image\/png"}],"author":"apuntesdesanluis.com","twitter_card":"summary_large_image","twitter_misc":{"Escrito por":"apuntesdesanluis.com","Tiempo de lectura":"3 minutos"},"schema":{"@context":"https:\/\/schema.org","@graph":[{"@type":"Article","@id":"https:\/\/apuntesdesanluis.com\/index.php\/2024\/10\/04\/como-genera-mucho-gasto-y-no-se-justifica-el-gobierno-cierra-el-ultimo-hospital-de-salud-mental\/#article","isPartOf":{"@id":"https:\/\/apuntesdesanluis.com\/index.php\/2024\/10\/04\/como-genera-mucho-gasto-y-no-se-justifica-el-gobierno-cierra-el-ultimo-hospital-de-salud-mental\/"},"author":{"name":"apuntesdesanluis.com","@id":"https:\/\/apuntesdesanluis.com\/#\/schema\/person\/b55151d52296fcce64d1a72538a70b90"},"headline":"COMO GENERA MUCHO GASTO Y NO SE JUSTIFICA, EL GOBIERNO CIERRA EL \u00daLTIMO HOSPITAL DE SALUD MENTAL","datePublished":"2024-10-05T02:46:01+00:00","dateModified":"2024-10-05T02:46:46+00:00","mainEntityOfPage":{"@id":"https:\/\/apuntesdesanluis.com\/index.php\/2024\/10\/04\/como-genera-mucho-gasto-y-no-se-justifica-el-gobierno-cierra-el-ultimo-hospital-de-salud-mental\/"},"wordCount":462,"publisher":{"@id":"https:\/\/apuntesdesanluis.com\/#\/schema\/person\/b55151d52296fcce64d1a72538a70b90"},"image":{"@id":"https:\/\/apuntesdesanluis.com\/index.php\/2024\/10\/04\/como-genera-mucho-gasto-y-no-se-justifica-el-gobierno-cierra-el-ultimo-hospital-de-salud-mental\/#primaryimage"},"thumbnailUrl":"https:\/\/apuntesdesanluis.com\/wp-content\/uploads\/2024\/10\/H-OSPITAL-DE-SALUD-MENTAL.png","articleSection":["Nacionales\/Internacionales"],"inLanguage":"es-AR"},{"@type":"WebPage","@id":"https:\/\/apuntesdesanluis.com\/index.php\/2024\/10\/04\/como-genera-mucho-gasto-y-no-se-justifica-el-gobierno-cierra-el-ultimo-hospital-de-salud-mental\/","url":"https:\/\/apuntesdesanluis.com\/index.php\/2024\/10\/04\/como-genera-mucho-gasto-y-no-se-justifica-el-gobierno-cierra-el-ultimo-hospital-de-salud-mental\/","name":"COMO GENERA MUCHO GASTO Y NO SE JUSTIFICA, EL GOBIERNO CIERRA EL \u00daLTIMO HOSPITAL DE SALUD MENTAL - Apuntes de San Luis","isPartOf":{"@id":"https:\/\/apuntesdesanluis.com\/#website"},"primaryImageOfPage":{"@id":"https:\/\/apuntesdesanluis.com\/index.php\/2024\/10\/04\/como-genera-mucho-gasto-y-no-se-justifica-el-gobierno-cierra-el-ultimo-hospital-de-salud-mental\/#primaryimage"},"image":{"@id":"https:\/\/apuntesdesanluis.com\/index.php\/2024\/10\/04\/como-genera-mucho-gasto-y-no-se-justifica-el-gobierno-cierra-el-ultimo-hospital-de-salud-mental\/#primaryimage"},"thumbnailUrl":"https:\/\/apuntesdesanluis.com\/wp-content\/uploads\/2024\/10\/H-OSPITAL-DE-SALUD-MENTAL.png","datePublished":"2024-10-05T02:46:01+00:00","dateModified":"2024-10-05T02:46:46+00:00","breadcrumb":{"@id":"https:\/\/apuntesdesanluis.com\/index.php\/2024\/10\/04\/como-genera-mucho-gasto-y-no-se-justifica-el-gobierno-cierra-el-ultimo-hospital-de-salud-mental\/#breadcrumb"},"inLanguage":"es-AR","potentialAction":[{"@type":"ReadAction","target":["https:\/\/apuntesdesanluis.com\/index.php\/2024\/10\/04\/como-genera-mucho-gasto-y-no-se-justifica-el-gobierno-cierra-el-ultimo-hospital-de-salud-mental\/"]}]},{"@type":"ImageObject","inLanguage":"es-AR","@id":"https:\/\/apuntesdesanluis.com\/index.php\/2024\/10\/04\/como-genera-mucho-gasto-y-no-se-justifica-el-gobierno-cierra-el-ultimo-hospital-de-salud-mental\/#primaryimage","url":"https:\/\/apuntesdesanluis.com\/wp-content\/uploads\/2024\/10\/H-OSPITAL-DE-SALUD-MENTAL.png","contentUrl":"https:\/\/apuntesdesanluis.com\/wp-content\/uploads\/2024\/10\/H-OSPITAL-DE-SALUD-MENTAL.png","width":785,"height":464},{"@type":"BreadcrumbList","@id":"https:\/\/apuntesdesanluis.com\/index.php\/2024\/10\/04\/como-genera-mucho-gasto-y-no-se-justifica-el-gobierno-cierra-el-ultimo-hospital-de-salud-mental\/#breadcrumb","itemListElement":[{"@type":"ListItem","position":1,"name":"Inicio","item":"https:\/\/apuntesdesanluis.com\/"},{"@type":"ListItem","position":2,"name":"COMO GENERA MUCHO GASTO Y NO SE JUSTIFICA, EL GOBIERNO CIERRA EL \u00daLTIMO HOSPITAL DE SALUD MENTAL"}]},{"@type":"WebSite","@id":"https:\/\/apuntesdesanluis.com\/#website","url":"https:\/\/apuntesdesanluis.com\/","name":"Apuntes de San Luis","description":"","publisher":{"@id":"https:\/\/apuntesdesanluis.com\/#\/schema\/person\/b55151d52296fcce64d1a72538a70b90"},"potentialAction":[{"@type":"SearchAction","target":{"@type":"EntryPoint","urlTemplate":"https:\/\/apuntesdesanluis.com\/?s={search_term_string}"},"query-input":{"@type":"PropertyValueSpecification","valueRequired":true,"valueName":"search_term_string"}}],"inLanguage":"es-AR"},{"@type":["Person","Organization"],"@id":"https:\/\/apuntesdesanluis.com\/#\/schema\/person\/b55151d52296fcce64d1a72538a70b90","name":"apuntesdesanluis.com","image":{"@type":"ImageObject","inLanguage":"es-AR","@id":"https:\/\/apuntesdesanluis.com\/#\/schema\/person\/image\/","url":"https:\/\/apuntesdesanluis.com\/wp-content\/uploads\/2023\/07\/cropped-apuntesdesanluis.png","contentUrl":"https:\/\/apuntesdesanluis.com\/wp-content\/uploads\/2023\/07\/cropped-apuntesdesanluis.png","width":450,"height":112,"caption":"apuntesdesanluis.com"},"logo":{"@id":"https:\/\/apuntesdesanluis.com\/#\/schema\/person\/image\/"},"sameAs":["https:\/\/apuntesdesanluis.com"],"url":"https:\/\/apuntesdesanluis.com\/index.php\/author\/apuntesdesanluis-com\/"}]}},"featured_image_urls":{"full":["https:\/\/apuntesdesanluis.com\/wp-content\/uploads\/2024\/10\/H-OSPITAL-DE-SALUD-MENTAL.png",785,464,false],"thumbnail":["https:\/\/apuntesdesanluis.com\/wp-content\/uploads\/2024\/10\/H-OSPITAL-DE-SALUD-MENTAL-150x150.png",150,150,true],"medium":["https:\/\/apuntesdesanluis.com\/wp-content\/uploads\/2024\/10\/H-OSPITAL-DE-SALUD-MENTAL-300x177.png",300,177,true],"medium_large":["https:\/\/apuntesdesanluis.com\/wp-content\/uploads\/2024\/10\/H-OSPITAL-DE-SALUD-MENTAL-768x454.png",640,378,true],"large":["https:\/\/apuntesdesanluis.com\/wp-content\/uploads\/2024\/10\/H-OSPITAL-DE-SALUD-MENTAL.png",640,378,false],"1536x1536":["https:\/\/apuntesdesanluis.com\/wp-content\/uploads\/2024\/10\/H-OSPITAL-DE-SALUD-MENTAL.png",785,464,false],"2048x2048":["https:\/\/apuntesdesanluis.com\/wp-content\/uploads\/2024\/10\/H-OSPITAL-DE-SALUD-MENTAL.png",785,464,false],"newsever-slider-full":["https:\/\/apuntesdesanluis.com\/wp-content\/uploads\/2024\/10\/H-OSPITAL-DE-SALUD-MENTAL.png",785,464,false],"newsever-featured":["https:\/\/apuntesdesanluis.com\/wp-content\/uploads\/2024\/10\/H-OSPITAL-DE-SALUD-MENTAL.png",785,464,false],"newsever-medium":["https:\/\/apuntesdesanluis.com\/wp-content\/uploads\/2024\/10\/H-OSPITAL-DE-SALUD-MENTAL-720x464.png",720,464,true]},"author_info":{"display_name":"apuntesdesanluis.com","author_link":"https:\/\/apuntesdesanluis.com\/index.php\/author\/apuntesdesanluis-com\/"},"category_info":"<a href=\"https:\/\/apuntesdesanluis.com\/index.php\/category\/nacionales-internacionales\/\" rel=\"category tag\">Nacionales\/Internacionales<\/a>","tag_info":"Nacionales\/Internacionales","comment_count":"0","_links":{"self":[{"href":"https:\/\/apuntesdesanluis.com\/index.php\/wp-json\/wp\/v2\/posts\/23376","targetHints":{"allow":["GET"]}}],"collection":[{"href":"https:\/\/apuntesdesanluis.com\/index.php\/wp-json\/wp\/v2\/posts"}],"about":[{"href":"https:\/\/apuntesdesanluis.com\/index.php\/wp-json\/wp\/v2\/types\/post"}],"author":[{"embeddable":true,"href":"https:\/\/apuntesdesanluis.com\/index.php\/wp-json\/wp\/v2\/users\/1"}],"replies":[{"embeddable":true,"href":"https:\/\/apuntesdesanluis.com\/index.php\/wp-json\/wp\/v2\/comments?post=23376"}],"version-history":[{"count":2,"href":"https:\/\/apuntesdesanluis.com\/index.php\/wp-json\/wp\/v2\/posts\/23376\/revisions"}],"predecessor-version":[{"id":23379,"href":"https:\/\/apuntesdesanluis.com\/index.php\/wp-json\/wp\/v2\/posts\/23376\/revisions\/23379"}],"wp:featuredmedia":[{"embeddable":true,"href":"https:\/\/apuntesdesanluis.com\/index.php\/wp-json\/wp\/v2\/media\/23377"}],"wp:attachment":[{"href":"https:\/\/apuntesdesanluis.com\/index.php\/wp-json\/wp\/v2\/media?parent=23376"}],"wp:term":[{"taxonomy":"category","embeddable":true,"href":"https:\/\/apuntesdesanluis.com\/index.php\/wp-json\/wp\/v2\/categories?post=23376"},{"taxonomy":"post_tag","embeddable":true,"href":"https:\/\/apuntesdesanluis.com\/index.php\/wp-json\/wp\/v2\/tags?post=23376"}],"curies":[{"name":"wp","href":"https:\/\/api.w.org\/{rel}","templated":true}]}}