{"id":23380,"date":"2024-10-05T00:09:58","date_gmt":"2024-10-05T03:09:58","guid":{"rendered":"https:\/\/apuntesdesanluis.com\/?p=23380"},"modified":"2024-10-05T00:20:04","modified_gmt":"2024-10-05T03:20:04","slug":"el-colmo-el-subsecretario-de-politicas-universitarias-se-invento-un-cargo-docente","status":"publish","type":"post","link":"https:\/\/apuntesdesanluis.com\/index.php\/2024\/10\/05\/el-colmo-el-subsecretario-de-politicas-universitarias-se-invento-un-cargo-docente\/","title":{"rendered":"EL COLMO: EL SUBSECRETARIO DE POL\u00cdTICAS UNIVERSITARIAS SE INVENT\u00d3 UN CARGO DOCENTE"},"content":{"rendered":"<h3>La <strong>Universidad de Buenos Aires<\/strong> (UBA) confirm\u00f3 que el <strong>Subsecretario de Pol\u00edticas Universitarias no es titular de c\u00e1tedra<\/strong> y \u00e9ste lo tuvo que borrar de sus redes.<\/h3>\n<h3>La UBA) indic\u00f3 que el funcionario que cuestiona a las universidades e impulsa el recorte presupuestario, <strong>Alejandro &#8220;Galleguito&#8221; \u00c1lvarez<\/strong>, invent\u00f3 que es profesor titular y encima fue denunciado por cobrar dos sueldos.<\/h3>\n<h3>La instituci\u00f3n respondi\u00f3 a un pedido de informes realizado por el legislador porte\u00f1o Gabriel Solano y ratific\u00f3 que no es &#8220;Profesor Titular de Ciencia Pol\u00edtica UBA&#8221;, como se presentaba en sus redes sociales hasta ayer. Pero tras el esc\u00e1ndalo ahora se presenta simplemente como &#8220;el Profe&#8221;.<\/h3>\n<h3><img fetchpriority=\"high\" decoding=\"async\" class=\"wp-image-23381 aligncenter\" src=\"https:\/\/apuntesdesanluis.com\/wp-content\/uploads\/2024\/10\/cambio-1-300x125.png\" alt=\"\" width=\"634\" height=\"264\" srcset=\"https:\/\/apuntesdesanluis.com\/wp-content\/uploads\/2024\/10\/cambio-1-300x125.png 300w, https:\/\/apuntesdesanluis.com\/wp-content\/uploads\/2024\/10\/cambio-1-768x321.png 768w, https:\/\/apuntesdesanluis.com\/wp-content\/uploads\/2024\/10\/cambio-1.png 795w\" sizes=\"(max-width: 634px) 100vw, 634px\" \/><\/h3>\n<h4 style=\"text-align: center;\"><em>C\u00f3mo se presentaba antes y c\u00f3mo lo hace ahora tras revelarse que ment\u00eda.<\/em><\/h4>\n<h3><strong>&#8220;A la fecha el se\u00f1or ALVAREZ no registra cargos concursados en la Universidad de Buenos Aires&#8221;<\/strong>, indic\u00f3 la instituci\u00f3n, que agreg\u00f3 que el funcionario es Profesor Adjunto Interino con dedicaci\u00f3n parcial en el Ciclo B\u00e1sico Com\u00fan (CBC).<\/h3>\n<h3>&#8220;No ha sido designado por el Consejo Superior para ocupar ning\u00fan cargo de profesor regular de esta casa de altos estudios, seg\u00fan surge del an\u00e1lisis de los concursos para proveer cargos de profesores regulares&#8221;, agrega la UBA.<\/h3>\n<h3>El informe de la UBA tambi\u00e9n indica que \u00c1lvarez &#8220;no registra licencia en su cargo del escalaf\u00f3n docente universitario&#8221; y que en septiembre cobr\u00f3 neto por su cargo $314.479,46. El subsecretario hab\u00eda dicho el lunes en una entrevista en La Naci\u00f3n + que cobraba &#8220;casi 500 mil pesos&#8221; y en una anterior nota en Radio Mitre dijo que percib\u00eda 560 mil pesos.<\/h3>\n<h3>Pero Solano tambi\u00e9n denunci\u00f3 que el Galleguito \u00c1lvarez &#8220;minti\u00f3&#8221; en esa entrevista porque le dijo a Eduardo Feinmann que ten\u00eda &#8220;licencia por cargo de mayor jerarqu\u00eda&#8221;. La UBA inform\u00f3 sin embargo que \u00c1lvarez &#8220;no registra licencia en el cargo&#8221;, volvi\u00f3 a mentir, por lo que Solano lo denunci\u00f3 por el cobro indebido de dos sueldos.<\/h3>\n<h3>Estos son los funcionarios modelos que critican el sistema universitario y que defiende el presidente Javier Milei\u2026<\/h3>\n<p><img decoding=\"async\" class=\"wp-image-23382 aligncenter\" src=\"https:\/\/apuntesdesanluis.com\/wp-content\/uploads\/2024\/10\/GALLEGO-300x200.png\" alt=\"\" width=\"704\" height=\"469\" srcset=\"https:\/\/apuntesdesanluis.com\/wp-content\/uploads\/2024\/10\/GALLEGO-300x200.png 300w, https:\/\/apuntesdesanluis.com\/wp-content\/uploads\/2024\/10\/GALLEGO.png 665w\" sizes=\"(max-width: 704px) 100vw, 704px\" \/><\/p>\n<h3><strong>ANTECEDENTE<\/strong><\/h3>\n<h3>\u00c1lvarez es un mileista puro que encarna el deseo del presidente de \u201chacer mierda el sistema universitario\u201d, tal como lo expres\u00f3 el funcionario a d\u00edas de iniciada su gesti\u00f3n.<\/h3>\n<h3>Lo m\u00e1s visible de la gesti\u00f3n de Alejandro \u00c1lvarez es su presencia en twitter, atacando a rectores, universidades y docentes por cualquier acusaci\u00f3n (sin fundamento la mayor parte de las veces).<\/h3>\n<h3>A los argentinos, su visibilidad en redes le cuesta m\u00e1s de tres millones de pesos al mes, que es lo que cobra un Secretario de Estado hoy, a pesar de que no lo quieren ni los rectores ni la propia ministra de Capital Humano, Sandra Pettovello.<\/h3>\n<h3>A pesar de que su trabajo se centra todo en universidades nacionales, cobr\u00f3 alto perfil por los ataques constantes y la b\u00fasqueda de generar sospecha de corrupci\u00f3n contra rectores y autoridades.<\/h3>\n<h3>\u201cEl galleguito\u201d \u00c1lvarez, el hijo del hist\u00f3rico dirigente peronista el \u201cGallego\u201d \u00c1lvarez, es conocido por la frase \u201cvengo a hacer mierda a las universidades\u201c, cuando se dio su asunci\u00f3n en el cargo.<\/h3>\n<h3>El punto es que, ahora, con un sueldo de m\u00e1s de $2.981.513 (iba a pasar a cobrar $4.418.575 en febrero, con el esc\u00e1ndalo del decreto avalado por Milei que sub\u00eda los sueldos del personal jer\u00e1rquico un 48%), nadie sabe qu\u00e9 funci\u00f3n cumple, y toda la visibilidad de su gesti\u00f3n se centra en su actividad tuitera.<\/h3>\n<p>&nbsp;<\/p>\n<p>&nbsp;<\/p>\n<p>&nbsp;<\/p>\n<p>&nbsp;<\/p>\n<p>&nbsp;<\/p>\n<p>&nbsp;<\/p>\n<p>&nbsp;<\/p>\n<p>&nbsp;<\/p>\n<p>&nbsp;<\/p>\n","protected":false},"excerpt":{"rendered":"<p>La Universidad de Buenos Aires (UBA) confirm\u00f3 que el Subsecretario de Pol\u00edticas Universitarias no es&#8230;<\/p>\n","protected":false},"author":1,"featured_media":23384,"comment_status":"closed","ping_status":"closed","sticky":false,"template":"","format":"standard","meta":{"footnotes":""},"categories":[5],"tags":[],"class_list":["post-23380","post","type-post","status-publish","format-standard","has-post-thumbnail","hentry","category-nacionales-internacionales"],"yoast_head":"<!-- This site is optimized with the Yoast SEO plugin v26.1.1 - https:\/\/yoast.com\/wordpress\/plugins\/seo\/ -->\n<title>EL COLMO: EL SUBSECRETARIO DE POL\u00cdTICAS UNIVERSITARIAS SE INVENT\u00d3 UN CARGO DOCENTE - Apuntes de San Luis<\/title>\n<meta name=\"robots\" content=\"index, follow, max-snippet:-1, max-image-preview:large, max-video-preview:-1\" \/>\n<link rel=\"canonical\" href=\"https:\/\/apuntesdesanluis.com\/index.php\/2024\/10\/05\/el-colmo-el-subsecretario-de-politicas-universitarias-se-invento-un-cargo-docente\/\" \/>\n<meta property=\"og:locale\" content=\"es_ES\" \/>\n<meta property=\"og:type\" content=\"article\" \/>\n<meta property=\"og:title\" content=\"EL COLMO: EL SUBSECRETARIO DE POL\u00cdTICAS UNIVERSITARIAS SE INVENT\u00d3 UN CARGO DOCENTE - Apuntes de San Luis\" \/>\n<meta property=\"og:description\" content=\"La Universidad de Buenos Aires (UBA) confirm\u00f3 que el Subsecretario de Pol\u00edticas Universitarias no es...\" \/>\n<meta property=\"og:url\" content=\"https:\/\/apuntesdesanluis.com\/index.php\/2024\/10\/05\/el-colmo-el-subsecretario-de-politicas-universitarias-se-invento-un-cargo-docente\/\" \/>\n<meta property=\"og:site_name\" content=\"Apuntes de San Luis\" \/>\n<meta property=\"article:published_time\" content=\"2024-10-05T03:09:58+00:00\" \/>\n<meta property=\"article:modified_time\" content=\"2024-10-05T03:20:04+00:00\" \/>\n<meta property=\"og:image\" content=\"https:\/\/apuntesdesanluis.com\/wp-content\/uploads\/2024\/10\/gallego-alvarez.png\" \/>\n\t<meta property=\"og:image:width\" content=\"637\" \/>\n\t<meta property=\"og:image:height\" content=\"388\" \/>\n\t<meta property=\"og:image:type\" content=\"image\/png\" \/>\n<meta name=\"author\" content=\"apuntesdesanluis.com\" \/>\n<meta name=\"twitter:card\" content=\"summary_large_image\" \/>\n<meta name=\"twitter:label1\" content=\"Escrito por\" \/>\n\t<meta name=\"twitter:data1\" content=\"apuntesdesanluis.com\" \/>\n\t<meta name=\"twitter:label2\" content=\"Tiempo de lectura\" \/>\n\t<meta name=\"twitter:data2\" content=\"4 minutos\" \/>\n<script type=\"application\/ld+json\" class=\"yoast-schema-graph\">{\"@context\":\"https:\/\/schema.org\",\"@graph\":[{\"@type\":\"Article\",\"@id\":\"https:\/\/apuntesdesanluis.com\/index.php\/2024\/10\/05\/el-colmo-el-subsecretario-de-politicas-universitarias-se-invento-un-cargo-docente\/#article\",\"isPartOf\":{\"@id\":\"https:\/\/apuntesdesanluis.com\/index.php\/2024\/10\/05\/el-colmo-el-subsecretario-de-politicas-universitarias-se-invento-un-cargo-docente\/\"},\"author\":{\"name\":\"apuntesdesanluis.com\",\"@id\":\"https:\/\/apuntesdesanluis.com\/#\/schema\/person\/b55151d52296fcce64d1a72538a70b90\"},\"headline\":\"EL COLMO: EL SUBSECRETARIO DE POL\u00cdTICAS UNIVERSITARIAS SE INVENT\u00d3 UN CARGO DOCENTE\",\"datePublished\":\"2024-10-05T03:09:58+00:00\",\"dateModified\":\"2024-10-05T03:20:04+00:00\",\"mainEntityOfPage\":{\"@id\":\"https:\/\/apuntesdesanluis.com\/index.php\/2024\/10\/05\/el-colmo-el-subsecretario-de-politicas-universitarias-se-invento-un-cargo-docente\/\"},\"wordCount\":607,\"publisher\":{\"@id\":\"https:\/\/apuntesdesanluis.com\/#\/schema\/person\/b55151d52296fcce64d1a72538a70b90\"},\"image\":{\"@id\":\"https:\/\/apuntesdesanluis.com\/index.php\/2024\/10\/05\/el-colmo-el-subsecretario-de-politicas-universitarias-se-invento-un-cargo-docente\/#primaryimage\"},\"thumbnailUrl\":\"https:\/\/apuntesdesanluis.com\/wp-content\/uploads\/2024\/10\/gallego-alvarez.png\",\"articleSection\":[\"Nacionales\/Internacionales\"],\"inLanguage\":\"es-AR\"},{\"@type\":\"WebPage\",\"@id\":\"https:\/\/apuntesdesanluis.com\/index.php\/2024\/10\/05\/el-colmo-el-subsecretario-de-politicas-universitarias-se-invento-un-cargo-docente\/\",\"url\":\"https:\/\/apuntesdesanluis.com\/index.php\/2024\/10\/05\/el-colmo-el-subsecretario-de-politicas-universitarias-se-invento-un-cargo-docente\/\",\"name\":\"EL COLMO: EL SUBSECRETARIO DE POL\u00cdTICAS UNIVERSITARIAS SE INVENT\u00d3 UN CARGO DOCENTE - Apuntes de San Luis\",\"isPartOf\":{\"@id\":\"https:\/\/apuntesdesanluis.com\/#website\"},\"primaryImageOfPage\":{\"@id\":\"https:\/\/apuntesdesanluis.com\/index.php\/2024\/10\/05\/el-colmo-el-subsecretario-de-politicas-universitarias-se-invento-un-cargo-docente\/#primaryimage\"},\"image\":{\"@id\":\"https:\/\/apuntesdesanluis.com\/index.php\/2024\/10\/05\/el-colmo-el-subsecretario-de-politicas-universitarias-se-invento-un-cargo-docente\/#primaryimage\"},\"thumbnailUrl\":\"https:\/\/apuntesdesanluis.com\/wp-content\/uploads\/2024\/10\/gallego-alvarez.png\",\"datePublished\":\"2024-10-05T03:09:58+00:00\",\"dateModified\":\"2024-10-05T03:20:04+00:00\",\"breadcrumb\":{\"@id\":\"https:\/\/apuntesdesanluis.com\/index.php\/2024\/10\/05\/el-colmo-el-subsecretario-de-politicas-universitarias-se-invento-un-cargo-docente\/#breadcrumb\"},\"inLanguage\":\"es-AR\",\"potentialAction\":[{\"@type\":\"ReadAction\",\"target\":[\"https:\/\/apuntesdesanluis.com\/index.php\/2024\/10\/05\/el-colmo-el-subsecretario-de-politicas-universitarias-se-invento-un-cargo-docente\/\"]}]},{\"@type\":\"ImageObject\",\"inLanguage\":\"es-AR\",\"@id\":\"https:\/\/apuntesdesanluis.com\/index.php\/2024\/10\/05\/el-colmo-el-subsecretario-de-politicas-universitarias-se-invento-un-cargo-docente\/#primaryimage\",\"url\":\"https:\/\/apuntesdesanluis.com\/wp-content\/uploads\/2024\/10\/gallego-alvarez.png\",\"contentUrl\":\"https:\/\/apuntesdesanluis.com\/wp-content\/uploads\/2024\/10\/gallego-alvarez.png\",\"width\":637,\"height\":388},{\"@type\":\"BreadcrumbList\",\"@id\":\"https:\/\/apuntesdesanluis.com\/index.php\/2024\/10\/05\/el-colmo-el-subsecretario-de-politicas-universitarias-se-invento-un-cargo-docente\/#breadcrumb\",\"itemListElement\":[{\"@type\":\"ListItem\",\"position\":1,\"name\":\"Inicio\",\"item\":\"https:\/\/apuntesdesanluis.com\/\"},{\"@type\":\"ListItem\",\"position\":2,\"name\":\"EL COLMO: EL SUBSECRETARIO DE POL\u00cdTICAS UNIVERSITARIAS SE INVENT\u00d3 UN CARGO DOCENTE\"}]},{\"@type\":\"WebSite\",\"@id\":\"https:\/\/apuntesdesanluis.com\/#website\",\"url\":\"https:\/\/apuntesdesanluis.com\/\",\"name\":\"Apuntes de San Luis\",\"description\":\"\",\"publisher\":{\"@id\":\"https:\/\/apuntesdesanluis.com\/#\/schema\/person\/b55151d52296fcce64d1a72538a70b90\"},\"potentialAction\":[{\"@type\":\"SearchAction\",\"target\":{\"@type\":\"EntryPoint\",\"urlTemplate\":\"https:\/\/apuntesdesanluis.com\/?s={search_term_string}\"},\"query-input\":{\"@type\":\"PropertyValueSpecification\",\"valueRequired\":true,\"valueName\":\"search_term_string\"}}],\"inLanguage\":\"es-AR\"},{\"@type\":[\"Person\",\"Organization\"],\"@id\":\"https:\/\/apuntesdesanluis.com\/#\/schema\/person\/b55151d52296fcce64d1a72538a70b90\",\"name\":\"apuntesdesanluis.com\",\"image\":{\"@type\":\"ImageObject\",\"inLanguage\":\"es-AR\",\"@id\":\"https:\/\/apuntesdesanluis.com\/#\/schema\/person\/image\/\",\"url\":\"https:\/\/apuntesdesanluis.com\/wp-content\/uploads\/2023\/07\/cropped-apuntesdesanluis.png\",\"contentUrl\":\"https:\/\/apuntesdesanluis.com\/wp-content\/uploads\/2023\/07\/cropped-apuntesdesanluis.png\",\"width\":450,\"height\":112,\"caption\":\"apuntesdesanluis.com\"},\"logo\":{\"@id\":\"https:\/\/apuntesdesanluis.com\/#\/schema\/person\/image\/\"},\"sameAs\":[\"https:\/\/apuntesdesanluis.com\"],\"url\":\"https:\/\/apuntesdesanluis.com\/index.php\/author\/apuntesdesanluis-com\/\"}]}<\/script>\n<!-- \/ Yoast SEO plugin. -->","yoast_head_json":{"title":"EL COLMO: EL SUBSECRETARIO DE POL\u00cdTICAS UNIVERSITARIAS SE INVENT\u00d3 UN CARGO DOCENTE - Apuntes de San Luis","robots":{"index":"index","follow":"follow","max-snippet":"max-snippet:-1","max-image-preview":"max-image-preview:large","max-video-preview":"max-video-preview:-1"},"canonical":"https:\/\/apuntesdesanluis.com\/index.php\/2024\/10\/05\/el-colmo-el-subsecretario-de-politicas-universitarias-se-invento-un-cargo-docente\/","og_locale":"es_ES","og_type":"article","og_title":"EL COLMO: EL SUBSECRETARIO DE POL\u00cdTICAS UNIVERSITARIAS SE INVENT\u00d3 UN CARGO DOCENTE - Apuntes de San Luis","og_description":"La Universidad de Buenos Aires (UBA) confirm\u00f3 que el Subsecretario de Pol\u00edticas Universitarias no es...","og_url":"https:\/\/apuntesdesanluis.com\/index.php\/2024\/10\/05\/el-colmo-el-subsecretario-de-politicas-universitarias-se-invento-un-cargo-docente\/","og_site_name":"Apuntes de San Luis","article_published_time":"2024-10-05T03:09:58+00:00","article_modified_time":"2024-10-05T03:20:04+00:00","og_image":[{"width":637,"height":388,"url":"https:\/\/apuntesdesanluis.com\/wp-content\/uploads\/2024\/10\/gallego-alvarez.png","type":"image\/png"}],"author":"apuntesdesanluis.com","twitter_card":"summary_large_image","twitter_misc":{"Escrito por":"apuntesdesanluis.com","Tiempo de lectura":"4 minutos"},"schema":{"@context":"https:\/\/schema.org","@graph":[{"@type":"Article","@id":"https:\/\/apuntesdesanluis.com\/index.php\/2024\/10\/05\/el-colmo-el-subsecretario-de-politicas-universitarias-se-invento-un-cargo-docente\/#article","isPartOf":{"@id":"https:\/\/apuntesdesanluis.com\/index.php\/2024\/10\/05\/el-colmo-el-subsecretario-de-politicas-universitarias-se-invento-un-cargo-docente\/"},"author":{"name":"apuntesdesanluis.com","@id":"https:\/\/apuntesdesanluis.com\/#\/schema\/person\/b55151d52296fcce64d1a72538a70b90"},"headline":"EL COLMO: EL SUBSECRETARIO DE POL\u00cdTICAS UNIVERSITARIAS SE INVENT\u00d3 UN CARGO DOCENTE","datePublished":"2024-10-05T03:09:58+00:00","dateModified":"2024-10-05T03:20:04+00:00","mainEntityOfPage":{"@id":"https:\/\/apuntesdesanluis.com\/index.php\/2024\/10\/05\/el-colmo-el-subsecretario-de-politicas-universitarias-se-invento-un-cargo-docente\/"},"wordCount":607,"publisher":{"@id":"https:\/\/apuntesdesanluis.com\/#\/schema\/person\/b55151d52296fcce64d1a72538a70b90"},"image":{"@id":"https:\/\/apuntesdesanluis.com\/index.php\/2024\/10\/05\/el-colmo-el-subsecretario-de-politicas-universitarias-se-invento-un-cargo-docente\/#primaryimage"},"thumbnailUrl":"https:\/\/apuntesdesanluis.com\/wp-content\/uploads\/2024\/10\/gallego-alvarez.png","articleSection":["Nacionales\/Internacionales"],"inLanguage":"es-AR"},{"@type":"WebPage","@id":"https:\/\/apuntesdesanluis.com\/index.php\/2024\/10\/05\/el-colmo-el-subsecretario-de-politicas-universitarias-se-invento-un-cargo-docente\/","url":"https:\/\/apuntesdesanluis.com\/index.php\/2024\/10\/05\/el-colmo-el-subsecretario-de-politicas-universitarias-se-invento-un-cargo-docente\/","name":"EL COLMO: EL SUBSECRETARIO DE POL\u00cdTICAS UNIVERSITARIAS SE INVENT\u00d3 UN CARGO DOCENTE - Apuntes de San Luis","isPartOf":{"@id":"https:\/\/apuntesdesanluis.com\/#website"},"primaryImageOfPage":{"@id":"https:\/\/apuntesdesanluis.com\/index.php\/2024\/10\/05\/el-colmo-el-subsecretario-de-politicas-universitarias-se-invento-un-cargo-docente\/#primaryimage"},"image":{"@id":"https:\/\/apuntesdesanluis.com\/index.php\/2024\/10\/05\/el-colmo-el-subsecretario-de-politicas-universitarias-se-invento-un-cargo-docente\/#primaryimage"},"thumbnailUrl":"https:\/\/apuntesdesanluis.com\/wp-content\/uploads\/2024\/10\/gallego-alvarez.png","datePublished":"2024-10-05T03:09:58+00:00","dateModified":"2024-10-05T03:20:04+00:00","breadcrumb":{"@id":"https:\/\/apuntesdesanluis.com\/index.php\/2024\/10\/05\/el-colmo-el-subsecretario-de-politicas-universitarias-se-invento-un-cargo-docente\/#breadcrumb"},"inLanguage":"es-AR","potentialAction":[{"@type":"ReadAction","target":["https:\/\/apuntesdesanluis.com\/index.php\/2024\/10\/05\/el-colmo-el-subsecretario-de-politicas-universitarias-se-invento-un-cargo-docente\/"]}]},{"@type":"ImageObject","inLanguage":"es-AR","@id":"https:\/\/apuntesdesanluis.com\/index.php\/2024\/10\/05\/el-colmo-el-subsecretario-de-politicas-universitarias-se-invento-un-cargo-docente\/#primaryimage","url":"https:\/\/apuntesdesanluis.com\/wp-content\/uploads\/2024\/10\/gallego-alvarez.png","contentUrl":"https:\/\/apuntesdesanluis.com\/wp-content\/uploads\/2024\/10\/gallego-alvarez.png","width":637,"height":388},{"@type":"BreadcrumbList","@id":"https:\/\/apuntesdesanluis.com\/index.php\/2024\/10\/05\/el-colmo-el-subsecretario-de-politicas-universitarias-se-invento-un-cargo-docente\/#breadcrumb","itemListElement":[{"@type":"ListItem","position":1,"name":"Inicio","item":"https:\/\/apuntesdesanluis.com\/"},{"@type":"ListItem","position":2,"name":"EL COLMO: EL SUBSECRETARIO DE POL\u00cdTICAS UNIVERSITARIAS SE INVENT\u00d3 UN CARGO DOCENTE"}]},{"@type":"WebSite","@id":"https:\/\/apuntesdesanluis.com\/#website","url":"https:\/\/apuntesdesanluis.com\/","name":"Apuntes de San Luis","description":"","publisher":{"@id":"https:\/\/apuntesdesanluis.com\/#\/schema\/person\/b55151d52296fcce64d1a72538a70b90"},"potentialAction":[{"@type":"SearchAction","target":{"@type":"EntryPoint","urlTemplate":"https:\/\/apuntesdesanluis.com\/?s={search_term_string}"},"query-input":{"@type":"PropertyValueSpecification","valueRequired":true,"valueName":"search_term_string"}}],"inLanguage":"es-AR"},{"@type":["Person","Organization"],"@id":"https:\/\/apuntesdesanluis.com\/#\/schema\/person\/b55151d52296fcce64d1a72538a70b90","name":"apuntesdesanluis.com","image":{"@type":"ImageObject","inLanguage":"es-AR","@id":"https:\/\/apuntesdesanluis.com\/#\/schema\/person\/image\/","url":"https:\/\/apuntesdesanluis.com\/wp-content\/uploads\/2023\/07\/cropped-apuntesdesanluis.png","contentUrl":"https:\/\/apuntesdesanluis.com\/wp-content\/uploads\/2023\/07\/cropped-apuntesdesanluis.png","width":450,"height":112,"caption":"apuntesdesanluis.com"},"logo":{"@id":"https:\/\/apuntesdesanluis.com\/#\/schema\/person\/image\/"},"sameAs":["https:\/\/apuntesdesanluis.com"],"url":"https:\/\/apuntesdesanluis.com\/index.php\/author\/apuntesdesanluis-com\/"}]}},"featured_image_urls":{"full":["https:\/\/apuntesdesanluis.com\/wp-content\/uploads\/2024\/10\/gallego-alvarez.png",637,388,false],"thumbnail":["https:\/\/apuntesdesanluis.com\/wp-content\/uploads\/2024\/10\/gallego-alvarez-150x150.png",150,150,true],"medium":["https:\/\/apuntesdesanluis.com\/wp-content\/uploads\/2024\/10\/gallego-alvarez-300x183.png",300,183,true],"medium_large":["https:\/\/apuntesdesanluis.com\/wp-content\/uploads\/2024\/10\/gallego-alvarez.png",637,388,false],"large":["https:\/\/apuntesdesanluis.com\/wp-content\/uploads\/2024\/10\/gallego-alvarez.png",637,388,false],"1536x1536":["https:\/\/apuntesdesanluis.com\/wp-content\/uploads\/2024\/10\/gallego-alvarez.png",637,388,false],"2048x2048":["https:\/\/apuntesdesanluis.com\/wp-content\/uploads\/2024\/10\/gallego-alvarez.png",637,388,false],"newsever-slider-full":["https:\/\/apuntesdesanluis.com\/wp-content\/uploads\/2024\/10\/gallego-alvarez.png",637,388,false],"newsever-featured":["https:\/\/apuntesdesanluis.com\/wp-content\/uploads\/2024\/10\/gallego-alvarez.png",637,388,false],"newsever-medium":["https:\/\/apuntesdesanluis.com\/wp-content\/uploads\/2024\/10\/gallego-alvarez.png",637,388,false]},"author_info":{"display_name":"apuntesdesanluis.com","author_link":"https:\/\/apuntesdesanluis.com\/index.php\/author\/apuntesdesanluis-com\/"},"category_info":"<a href=\"https:\/\/apuntesdesanluis.com\/index.php\/category\/nacionales-internacionales\/\" rel=\"category tag\">Nacionales\/Internacionales<\/a>","tag_info":"Nacionales\/Internacionales","comment_count":"0","_links":{"self":[{"href":"https:\/\/apuntesdesanluis.com\/index.php\/wp-json\/wp\/v2\/posts\/23380","targetHints":{"allow":["GET"]}}],"collection":[{"href":"https:\/\/apuntesdesanluis.com\/index.php\/wp-json\/wp\/v2\/posts"}],"about":[{"href":"https:\/\/apuntesdesanluis.com\/index.php\/wp-json\/wp\/v2\/types\/post"}],"author":[{"embeddable":true,"href":"https:\/\/apuntesdesanluis.com\/index.php\/wp-json\/wp\/v2\/users\/1"}],"replies":[{"embeddable":true,"href":"https:\/\/apuntesdesanluis.com\/index.php\/wp-json\/wp\/v2\/comments?post=23380"}],"version-history":[{"count":2,"href":"https:\/\/apuntesdesanluis.com\/index.php\/wp-json\/wp\/v2\/posts\/23380\/revisions"}],"predecessor-version":[{"id":23385,"href":"https:\/\/apuntesdesanluis.com\/index.php\/wp-json\/wp\/v2\/posts\/23380\/revisions\/23385"}],"wp:featuredmedia":[{"embeddable":true,"href":"https:\/\/apuntesdesanluis.com\/index.php\/wp-json\/wp\/v2\/media\/23384"}],"wp:attachment":[{"href":"https:\/\/apuntesdesanluis.com\/index.php\/wp-json\/wp\/v2\/media?parent=23380"}],"wp:term":[{"taxonomy":"category","embeddable":true,"href":"https:\/\/apuntesdesanluis.com\/index.php\/wp-json\/wp\/v2\/categories?post=23380"},{"taxonomy":"post_tag","embeddable":true,"href":"https:\/\/apuntesdesanluis.com\/index.php\/wp-json\/wp\/v2\/tags?post=23380"}],"curies":[{"name":"wp","href":"https:\/\/api.w.org\/{rel}","templated":true}]}}