{"id":23387,"date":"2024-10-05T19:32:53","date_gmt":"2024-10-05T22:32:53","guid":{"rendered":"https:\/\/apuntesdesanluis.com\/?p=23387"},"modified":"2024-10-06T22:07:55","modified_gmt":"2024-10-07T01:07:55","slug":"borrachisimo-se-fugo-paso-3-semaforos-en-rojo-lo-detuvieron-y-agredio-a-la-policia","status":"publish","type":"post","link":"https:\/\/apuntesdesanluis.com\/index.php\/2024\/10\/05\/borrachisimo-se-fugo-paso-3-semaforos-en-rojo-lo-detuvieron-y-agredio-a-la-policia\/","title":{"rendered":"BORRACH\u00cdSIMO: SE FUG\u00d3, PAS\u00d3 3 SEM\u00c1FOROS EN ROJO, LO DETUVIERON Y AGREDI\u00d3 A LA POLIC\u00cdA"},"content":{"rendered":"<h3>Este viernes por la ma\u00f1ana, efectivos de la secci\u00f3n m\u00f3vil del Comando Radioel\u00e9ctrico detuvieron a un hombre de 40 a\u00f1os de edad en la ciudad de San Luis, despu\u00e9s de una cinematogr\u00e1fica persecuci\u00f3n.<\/h3>\n<h3>Alrededor de las 6:30 h, los uniformados fueron alertados por el Centro de Operaciones Policiales sobre un auto Renault Sandero que estaba estacionado en el medio de la calzada en avenida Eva Per\u00f3n (ex Corredor Vial), antes de avenida Sarmiento, y el conductor aparentemente estaba dormido.<\/h3>\n<h3>Al llegar los efectivos constataron la situaci\u00f3n e intentaron entrevistarse con el hombre, pero sin mediar palabras el sujeto aceler\u00f3 el veh\u00edculo y se dio a la fuga por avenida Sarmiento hacia el norte, por lo que personal policial emprendi\u00f3 una persecuci\u00f3n tras el autom\u00f3vil.<\/h3>\n<h3>Durante la misma se le solicit\u00f3 que detuviera su marcha a trav\u00e9s del meg\u00e1fono policial, pero el individuo hizo caso omiso, cruzando tres sem\u00e1foros en rojo y circulando a alta velocidad. Al llegar a la calle Elpidio Gonz\u00e1lez, el hombre gir\u00f3 a la izquierda y en ese sector los polic\u00edas lograron detener la marcha del veh\u00edculo tras rebasarlo y obstaculizarle el paso con uno de los m\u00f3viles policiales.<\/h3>\n<p><img fetchpriority=\"high\" decoding=\"async\" class=\"wp-image-23389 aligncenter\" src=\"https:\/\/apuntesdesanluis.com\/wp-content\/uploads\/2024\/10\/ad621b4c-572b-4614-a3dc-d55d5471e92d-300x232.jpg\" alt=\"\" width=\"601\" height=\"465\" srcset=\"https:\/\/apuntesdesanluis.com\/wp-content\/uploads\/2024\/10\/ad621b4c-572b-4614-a3dc-d55d5471e92d-300x232.jpg 300w, https:\/\/apuntesdesanluis.com\/wp-content\/uploads\/2024\/10\/ad621b4c-572b-4614-a3dc-d55d5471e92d.jpg 651w\" sizes=\"(max-width: 601px) 100vw, 601px\" \/><\/p>\n<h3>En ese momento, el sujeto de 40 a\u00f1os baj\u00f3 de su auto y comenz\u00f3 a insultar y amenazar a los efectivos policiales, y luego agredi\u00f3 f\u00edsicamente a uno de los uniformados.<\/h3>\n<h3>Los polic\u00edas controlaron la situaci\u00f3n y demoraron en el lugar al conductor. A ese lugar acudi\u00f3 personal policial de Accidentolog\u00eda Vial y le realiz\u00f3 el alcotest al individuo, arrojando resultado positivo de 2,02 gr\/lts.<\/h3>\n<h3>Adem\u00e1s, al momento de ser trasladado a la Comisar\u00eda Seccional 2\u00b0, el hombre da\u00f1\u00f3 el acr\u00edlico divisor del m\u00f3vil policial, produciendo el desplazamiento de dicho elemento.<\/h3>\n<h3>Cabe se\u00f1alar que el veh\u00edculo en el que circulaba el sujeto fue secuestrado preventivamente por personal policial.<\/h3>\n<h3>El sujeto qued\u00f3 en calidad de detenido, en el marco de la causa \u201cAveriguaci\u00f3n atentado y resistencia a la autoridad y da\u00f1os a bienes del Estado\u201d, con intervenci\u00f3n de la Fiscal\u00eda de Instrucci\u00f3n N\u00b0 3 de la Primera Circunscripci\u00f3n Judicial.<\/h3>\n<p>&nbsp;<\/p>\n<p>&nbsp;<\/p>\n<p>&nbsp;<\/p>\n<p>&nbsp;<\/p>\n<p>&nbsp;<\/p>\n<p>&nbsp;<\/p>\n<p>&nbsp;<\/p>\n","protected":false},"excerpt":{"rendered":"<p>Este viernes por la ma\u00f1ana, efectivos de la secci\u00f3n m\u00f3vil del Comando Radioel\u00e9ctrico detuvieron a&#8230;<\/p>\n","protected":false},"author":1,"featured_media":23388,"comment_status":"closed","ping_status":"closed","sticky":false,"template":"","format":"standard","meta":{"footnotes":""},"categories":[6],"tags":[],"class_list":["post-23387","post","type-post","status-publish","format-standard","has-post-thumbnail","hentry","category-ciudad-provincia"],"yoast_head":"<!-- This site is optimized with the Yoast SEO plugin v26.1.1 - https:\/\/yoast.com\/wordpress\/plugins\/seo\/ -->\n<title>BORRACH\u00cdSIMO: SE FUG\u00d3, PAS\u00d3 3 SEM\u00c1FOROS EN ROJO, LO DETUVIERON Y AGREDI\u00d3 A LA POLIC\u00cdA - Apuntes de San Luis<\/title>\n<meta name=\"robots\" content=\"index, follow, max-snippet:-1, max-image-preview:large, max-video-preview:-1\" \/>\n<link rel=\"canonical\" href=\"https:\/\/apuntesdesanluis.com\/index.php\/2024\/10\/05\/borrachisimo-se-fugo-paso-3-semaforos-en-rojo-lo-detuvieron-y-agredio-a-la-policia\/\" \/>\n<meta property=\"og:locale\" content=\"es_ES\" \/>\n<meta property=\"og:type\" content=\"article\" \/>\n<meta property=\"og:title\" content=\"BORRACH\u00cdSIMO: SE FUG\u00d3, PAS\u00d3 3 SEM\u00c1FOROS EN ROJO, LO DETUVIERON Y AGREDI\u00d3 A LA POLIC\u00cdA - Apuntes de San Luis\" \/>\n<meta property=\"og:description\" content=\"Este viernes por la ma\u00f1ana, efectivos de la secci\u00f3n m\u00f3vil del Comando Radioel\u00e9ctrico detuvieron a...\" \/>\n<meta property=\"og:url\" content=\"https:\/\/apuntesdesanluis.com\/index.php\/2024\/10\/05\/borrachisimo-se-fugo-paso-3-semaforos-en-rojo-lo-detuvieron-y-agredio-a-la-policia\/\" \/>\n<meta property=\"og:site_name\" content=\"Apuntes de San Luis\" \/>\n<meta property=\"article:published_time\" content=\"2024-10-05T22:32:53+00:00\" \/>\n<meta property=\"article:modified_time\" content=\"2024-10-07T01:07:55+00:00\" \/>\n<meta property=\"og:image\" content=\"https:\/\/apuntesdesanluis.com\/wp-content\/uploads\/2024\/10\/99045714-1a41-4558-9244-0534a491cd7f.jpg\" \/>\n\t<meta property=\"og:image:width\" content=\"700\" \/>\n\t<meta property=\"og:image:height\" content=\"429\" \/>\n\t<meta property=\"og:image:type\" content=\"image\/jpeg\" \/>\n<meta name=\"author\" content=\"apuntesdesanluis.com\" \/>\n<meta name=\"twitter:card\" content=\"summary_large_image\" \/>\n<meta name=\"twitter:label1\" content=\"Escrito por\" \/>\n\t<meta name=\"twitter:data1\" content=\"apuntesdesanluis.com\" \/>\n\t<meta name=\"twitter:label2\" content=\"Tiempo de lectura\" \/>\n\t<meta name=\"twitter:data2\" content=\"2 minutos\" \/>\n<script type=\"application\/ld+json\" class=\"yoast-schema-graph\">{\"@context\":\"https:\/\/schema.org\",\"@graph\":[{\"@type\":\"Article\",\"@id\":\"https:\/\/apuntesdesanluis.com\/index.php\/2024\/10\/05\/borrachisimo-se-fugo-paso-3-semaforos-en-rojo-lo-detuvieron-y-agredio-a-la-policia\/#article\",\"isPartOf\":{\"@id\":\"https:\/\/apuntesdesanluis.com\/index.php\/2024\/10\/05\/borrachisimo-se-fugo-paso-3-semaforos-en-rojo-lo-detuvieron-y-agredio-a-la-policia\/\"},\"author\":{\"name\":\"apuntesdesanluis.com\",\"@id\":\"https:\/\/apuntesdesanluis.com\/#\/schema\/person\/b55151d52296fcce64d1a72538a70b90\"},\"headline\":\"BORRACH\u00cdSIMO: SE FUG\u00d3, PAS\u00d3 3 SEM\u00c1FOROS EN ROJO, LO DETUVIERON Y AGREDI\u00d3 A LA POLIC\u00cdA\",\"datePublished\":\"2024-10-05T22:32:53+00:00\",\"dateModified\":\"2024-10-07T01:07:55+00:00\",\"mainEntityOfPage\":{\"@id\":\"https:\/\/apuntesdesanluis.com\/index.php\/2024\/10\/05\/borrachisimo-se-fugo-paso-3-semaforos-en-rojo-lo-detuvieron-y-agredio-a-la-policia\/\"},\"wordCount\":396,\"publisher\":{\"@id\":\"https:\/\/apuntesdesanluis.com\/#\/schema\/person\/b55151d52296fcce64d1a72538a70b90\"},\"image\":{\"@id\":\"https:\/\/apuntesdesanluis.com\/index.php\/2024\/10\/05\/borrachisimo-se-fugo-paso-3-semaforos-en-rojo-lo-detuvieron-y-agredio-a-la-policia\/#primaryimage\"},\"thumbnailUrl\":\"https:\/\/apuntesdesanluis.com\/wp-content\/uploads\/2024\/10\/99045714-1a41-4558-9244-0534a491cd7f.jpg\",\"articleSection\":[\"Ciudad\/Provincia\"],\"inLanguage\":\"es-AR\"},{\"@type\":\"WebPage\",\"@id\":\"https:\/\/apuntesdesanluis.com\/index.php\/2024\/10\/05\/borrachisimo-se-fugo-paso-3-semaforos-en-rojo-lo-detuvieron-y-agredio-a-la-policia\/\",\"url\":\"https:\/\/apuntesdesanluis.com\/index.php\/2024\/10\/05\/borrachisimo-se-fugo-paso-3-semaforos-en-rojo-lo-detuvieron-y-agredio-a-la-policia\/\",\"name\":\"BORRACH\u00cdSIMO: SE FUG\u00d3, PAS\u00d3 3 SEM\u00c1FOROS EN ROJO, LO DETUVIERON Y AGREDI\u00d3 A LA POLIC\u00cdA - Apuntes de San Luis\",\"isPartOf\":{\"@id\":\"https:\/\/apuntesdesanluis.com\/#website\"},\"primaryImageOfPage\":{\"@id\":\"https:\/\/apuntesdesanluis.com\/index.php\/2024\/10\/05\/borrachisimo-se-fugo-paso-3-semaforos-en-rojo-lo-detuvieron-y-agredio-a-la-policia\/#primaryimage\"},\"image\":{\"@id\":\"https:\/\/apuntesdesanluis.com\/index.php\/2024\/10\/05\/borrachisimo-se-fugo-paso-3-semaforos-en-rojo-lo-detuvieron-y-agredio-a-la-policia\/#primaryimage\"},\"thumbnailUrl\":\"https:\/\/apuntesdesanluis.com\/wp-content\/uploads\/2024\/10\/99045714-1a41-4558-9244-0534a491cd7f.jpg\",\"datePublished\":\"2024-10-05T22:32:53+00:00\",\"dateModified\":\"2024-10-07T01:07:55+00:00\",\"breadcrumb\":{\"@id\":\"https:\/\/apuntesdesanluis.com\/index.php\/2024\/10\/05\/borrachisimo-se-fugo-paso-3-semaforos-en-rojo-lo-detuvieron-y-agredio-a-la-policia\/#breadcrumb\"},\"inLanguage\":\"es-AR\",\"potentialAction\":[{\"@type\":\"ReadAction\",\"target\":[\"https:\/\/apuntesdesanluis.com\/index.php\/2024\/10\/05\/borrachisimo-se-fugo-paso-3-semaforos-en-rojo-lo-detuvieron-y-agredio-a-la-policia\/\"]}]},{\"@type\":\"ImageObject\",\"inLanguage\":\"es-AR\",\"@id\":\"https:\/\/apuntesdesanluis.com\/index.php\/2024\/10\/05\/borrachisimo-se-fugo-paso-3-semaforos-en-rojo-lo-detuvieron-y-agredio-a-la-policia\/#primaryimage\",\"url\":\"https:\/\/apuntesdesanluis.com\/wp-content\/uploads\/2024\/10\/99045714-1a41-4558-9244-0534a491cd7f.jpg\",\"contentUrl\":\"https:\/\/apuntesdesanluis.com\/wp-content\/uploads\/2024\/10\/99045714-1a41-4558-9244-0534a491cd7f.jpg\",\"width\":700,\"height\":429},{\"@type\":\"BreadcrumbList\",\"@id\":\"https:\/\/apuntesdesanluis.com\/index.php\/2024\/10\/05\/borrachisimo-se-fugo-paso-3-semaforos-en-rojo-lo-detuvieron-y-agredio-a-la-policia\/#breadcrumb\",\"itemListElement\":[{\"@type\":\"ListItem\",\"position\":1,\"name\":\"Inicio\",\"item\":\"https:\/\/apuntesdesanluis.com\/\"},{\"@type\":\"ListItem\",\"position\":2,\"name\":\"BORRACH\u00cdSIMO: SE FUG\u00d3, PAS\u00d3 3 SEM\u00c1FOROS EN ROJO, LO DETUVIERON Y AGREDI\u00d3 A LA POLIC\u00cdA\"}]},{\"@type\":\"WebSite\",\"@id\":\"https:\/\/apuntesdesanluis.com\/#website\",\"url\":\"https:\/\/apuntesdesanluis.com\/\",\"name\":\"Apuntes de San Luis\",\"description\":\"\",\"publisher\":{\"@id\":\"https:\/\/apuntesdesanluis.com\/#\/schema\/person\/b55151d52296fcce64d1a72538a70b90\"},\"potentialAction\":[{\"@type\":\"SearchAction\",\"target\":{\"@type\":\"EntryPoint\",\"urlTemplate\":\"https:\/\/apuntesdesanluis.com\/?s={search_term_string}\"},\"query-input\":{\"@type\":\"PropertyValueSpecification\",\"valueRequired\":true,\"valueName\":\"search_term_string\"}}],\"inLanguage\":\"es-AR\"},{\"@type\":[\"Person\",\"Organization\"],\"@id\":\"https:\/\/apuntesdesanluis.com\/#\/schema\/person\/b55151d52296fcce64d1a72538a70b90\",\"name\":\"apuntesdesanluis.com\",\"image\":{\"@type\":\"ImageObject\",\"inLanguage\":\"es-AR\",\"@id\":\"https:\/\/apuntesdesanluis.com\/#\/schema\/person\/image\/\",\"url\":\"https:\/\/apuntesdesanluis.com\/wp-content\/uploads\/2023\/07\/cropped-apuntesdesanluis.png\",\"contentUrl\":\"https:\/\/apuntesdesanluis.com\/wp-content\/uploads\/2023\/07\/cropped-apuntesdesanluis.png\",\"width\":450,\"height\":112,\"caption\":\"apuntesdesanluis.com\"},\"logo\":{\"@id\":\"https:\/\/apuntesdesanluis.com\/#\/schema\/person\/image\/\"},\"sameAs\":[\"https:\/\/apuntesdesanluis.com\"],\"url\":\"https:\/\/apuntesdesanluis.com\/index.php\/author\/apuntesdesanluis-com\/\"}]}<\/script>\n<!-- \/ Yoast SEO plugin. -->","yoast_head_json":{"title":"BORRACH\u00cdSIMO: SE FUG\u00d3, PAS\u00d3 3 SEM\u00c1FOROS EN ROJO, LO DETUVIERON Y AGREDI\u00d3 A LA POLIC\u00cdA - Apuntes de San Luis","robots":{"index":"index","follow":"follow","max-snippet":"max-snippet:-1","max-image-preview":"max-image-preview:large","max-video-preview":"max-video-preview:-1"},"canonical":"https:\/\/apuntesdesanluis.com\/index.php\/2024\/10\/05\/borrachisimo-se-fugo-paso-3-semaforos-en-rojo-lo-detuvieron-y-agredio-a-la-policia\/","og_locale":"es_ES","og_type":"article","og_title":"BORRACH\u00cdSIMO: SE FUG\u00d3, PAS\u00d3 3 SEM\u00c1FOROS EN ROJO, LO DETUVIERON Y AGREDI\u00d3 A LA POLIC\u00cdA - Apuntes de San Luis","og_description":"Este viernes por la ma\u00f1ana, efectivos de la secci\u00f3n m\u00f3vil del Comando Radioel\u00e9ctrico detuvieron a...","og_url":"https:\/\/apuntesdesanluis.com\/index.php\/2024\/10\/05\/borrachisimo-se-fugo-paso-3-semaforos-en-rojo-lo-detuvieron-y-agredio-a-la-policia\/","og_site_name":"Apuntes de San Luis","article_published_time":"2024-10-05T22:32:53+00:00","article_modified_time":"2024-10-07T01:07:55+00:00","og_image":[{"width":700,"height":429,"url":"https:\/\/apuntesdesanluis.com\/wp-content\/uploads\/2024\/10\/99045714-1a41-4558-9244-0534a491cd7f.jpg","type":"image\/jpeg"}],"author":"apuntesdesanluis.com","twitter_card":"summary_large_image","twitter_misc":{"Escrito por":"apuntesdesanluis.com","Tiempo de lectura":"2 minutos"},"schema":{"@context":"https:\/\/schema.org","@graph":[{"@type":"Article","@id":"https:\/\/apuntesdesanluis.com\/index.php\/2024\/10\/05\/borrachisimo-se-fugo-paso-3-semaforos-en-rojo-lo-detuvieron-y-agredio-a-la-policia\/#article","isPartOf":{"@id":"https:\/\/apuntesdesanluis.com\/index.php\/2024\/10\/05\/borrachisimo-se-fugo-paso-3-semaforos-en-rojo-lo-detuvieron-y-agredio-a-la-policia\/"},"author":{"name":"apuntesdesanluis.com","@id":"https:\/\/apuntesdesanluis.com\/#\/schema\/person\/b55151d52296fcce64d1a72538a70b90"},"headline":"BORRACH\u00cdSIMO: SE FUG\u00d3, PAS\u00d3 3 SEM\u00c1FOROS EN ROJO, LO DETUVIERON Y AGREDI\u00d3 A LA POLIC\u00cdA","datePublished":"2024-10-05T22:32:53+00:00","dateModified":"2024-10-07T01:07:55+00:00","mainEntityOfPage":{"@id":"https:\/\/apuntesdesanluis.com\/index.php\/2024\/10\/05\/borrachisimo-se-fugo-paso-3-semaforos-en-rojo-lo-detuvieron-y-agredio-a-la-policia\/"},"wordCount":396,"publisher":{"@id":"https:\/\/apuntesdesanluis.com\/#\/schema\/person\/b55151d52296fcce64d1a72538a70b90"},"image":{"@id":"https:\/\/apuntesdesanluis.com\/index.php\/2024\/10\/05\/borrachisimo-se-fugo-paso-3-semaforos-en-rojo-lo-detuvieron-y-agredio-a-la-policia\/#primaryimage"},"thumbnailUrl":"https:\/\/apuntesdesanluis.com\/wp-content\/uploads\/2024\/10\/99045714-1a41-4558-9244-0534a491cd7f.jpg","articleSection":["Ciudad\/Provincia"],"inLanguage":"es-AR"},{"@type":"WebPage","@id":"https:\/\/apuntesdesanluis.com\/index.php\/2024\/10\/05\/borrachisimo-se-fugo-paso-3-semaforos-en-rojo-lo-detuvieron-y-agredio-a-la-policia\/","url":"https:\/\/apuntesdesanluis.com\/index.php\/2024\/10\/05\/borrachisimo-se-fugo-paso-3-semaforos-en-rojo-lo-detuvieron-y-agredio-a-la-policia\/","name":"BORRACH\u00cdSIMO: SE FUG\u00d3, PAS\u00d3 3 SEM\u00c1FOROS EN ROJO, LO DETUVIERON Y AGREDI\u00d3 A LA POLIC\u00cdA - Apuntes de San Luis","isPartOf":{"@id":"https:\/\/apuntesdesanluis.com\/#website"},"primaryImageOfPage":{"@id":"https:\/\/apuntesdesanluis.com\/index.php\/2024\/10\/05\/borrachisimo-se-fugo-paso-3-semaforos-en-rojo-lo-detuvieron-y-agredio-a-la-policia\/#primaryimage"},"image":{"@id":"https:\/\/apuntesdesanluis.com\/index.php\/2024\/10\/05\/borrachisimo-se-fugo-paso-3-semaforos-en-rojo-lo-detuvieron-y-agredio-a-la-policia\/#primaryimage"},"thumbnailUrl":"https:\/\/apuntesdesanluis.com\/wp-content\/uploads\/2024\/10\/99045714-1a41-4558-9244-0534a491cd7f.jpg","datePublished":"2024-10-05T22:32:53+00:00","dateModified":"2024-10-07T01:07:55+00:00","breadcrumb":{"@id":"https:\/\/apuntesdesanluis.com\/index.php\/2024\/10\/05\/borrachisimo-se-fugo-paso-3-semaforos-en-rojo-lo-detuvieron-y-agredio-a-la-policia\/#breadcrumb"},"inLanguage":"es-AR","potentialAction":[{"@type":"ReadAction","target":["https:\/\/apuntesdesanluis.com\/index.php\/2024\/10\/05\/borrachisimo-se-fugo-paso-3-semaforos-en-rojo-lo-detuvieron-y-agredio-a-la-policia\/"]}]},{"@type":"ImageObject","inLanguage":"es-AR","@id":"https:\/\/apuntesdesanluis.com\/index.php\/2024\/10\/05\/borrachisimo-se-fugo-paso-3-semaforos-en-rojo-lo-detuvieron-y-agredio-a-la-policia\/#primaryimage","url":"https:\/\/apuntesdesanluis.com\/wp-content\/uploads\/2024\/10\/99045714-1a41-4558-9244-0534a491cd7f.jpg","contentUrl":"https:\/\/apuntesdesanluis.com\/wp-content\/uploads\/2024\/10\/99045714-1a41-4558-9244-0534a491cd7f.jpg","width":700,"height":429},{"@type":"BreadcrumbList","@id":"https:\/\/apuntesdesanluis.com\/index.php\/2024\/10\/05\/borrachisimo-se-fugo-paso-3-semaforos-en-rojo-lo-detuvieron-y-agredio-a-la-policia\/#breadcrumb","itemListElement":[{"@type":"ListItem","position":1,"name":"Inicio","item":"https:\/\/apuntesdesanluis.com\/"},{"@type":"ListItem","position":2,"name":"BORRACH\u00cdSIMO: SE FUG\u00d3, PAS\u00d3 3 SEM\u00c1FOROS EN ROJO, LO DETUVIERON Y AGREDI\u00d3 A LA POLIC\u00cdA"}]},{"@type":"WebSite","@id":"https:\/\/apuntesdesanluis.com\/#website","url":"https:\/\/apuntesdesanluis.com\/","name":"Apuntes de San Luis","description":"","publisher":{"@id":"https:\/\/apuntesdesanluis.com\/#\/schema\/person\/b55151d52296fcce64d1a72538a70b90"},"potentialAction":[{"@type":"SearchAction","target":{"@type":"EntryPoint","urlTemplate":"https:\/\/apuntesdesanluis.com\/?s={search_term_string}"},"query-input":{"@type":"PropertyValueSpecification","valueRequired":true,"valueName":"search_term_string"}}],"inLanguage":"es-AR"},{"@type":["Person","Organization"],"@id":"https:\/\/apuntesdesanluis.com\/#\/schema\/person\/b55151d52296fcce64d1a72538a70b90","name":"apuntesdesanluis.com","image":{"@type":"ImageObject","inLanguage":"es-AR","@id":"https:\/\/apuntesdesanluis.com\/#\/schema\/person\/image\/","url":"https:\/\/apuntesdesanluis.com\/wp-content\/uploads\/2023\/07\/cropped-apuntesdesanluis.png","contentUrl":"https:\/\/apuntesdesanluis.com\/wp-content\/uploads\/2023\/07\/cropped-apuntesdesanluis.png","width":450,"height":112,"caption":"apuntesdesanluis.com"},"logo":{"@id":"https:\/\/apuntesdesanluis.com\/#\/schema\/person\/image\/"},"sameAs":["https:\/\/apuntesdesanluis.com"],"url":"https:\/\/apuntesdesanluis.com\/index.php\/author\/apuntesdesanluis-com\/"}]}},"featured_image_urls":{"full":["https:\/\/apuntesdesanluis.com\/wp-content\/uploads\/2024\/10\/99045714-1a41-4558-9244-0534a491cd7f.jpg",700,429,false],"thumbnail":["https:\/\/apuntesdesanluis.com\/wp-content\/uploads\/2024\/10\/99045714-1a41-4558-9244-0534a491cd7f-150x150.jpg",150,150,true],"medium":["https:\/\/apuntesdesanluis.com\/wp-content\/uploads\/2024\/10\/99045714-1a41-4558-9244-0534a491cd7f-300x184.jpg",300,184,true],"medium_large":["https:\/\/apuntesdesanluis.com\/wp-content\/uploads\/2024\/10\/99045714-1a41-4558-9244-0534a491cd7f.jpg",640,392,false],"large":["https:\/\/apuntesdesanluis.com\/wp-content\/uploads\/2024\/10\/99045714-1a41-4558-9244-0534a491cd7f.jpg",640,392,false],"1536x1536":["https:\/\/apuntesdesanluis.com\/wp-content\/uploads\/2024\/10\/99045714-1a41-4558-9244-0534a491cd7f.jpg",700,429,false],"2048x2048":["https:\/\/apuntesdesanluis.com\/wp-content\/uploads\/2024\/10\/99045714-1a41-4558-9244-0534a491cd7f.jpg",700,429,false],"newsever-slider-full":["https:\/\/apuntesdesanluis.com\/wp-content\/uploads\/2024\/10\/99045714-1a41-4558-9244-0534a491cd7f.jpg",700,429,false],"newsever-featured":["https:\/\/apuntesdesanluis.com\/wp-content\/uploads\/2024\/10\/99045714-1a41-4558-9244-0534a491cd7f.jpg",700,429,false],"newsever-medium":["https:\/\/apuntesdesanluis.com\/wp-content\/uploads\/2024\/10\/99045714-1a41-4558-9244-0534a491cd7f.jpg",700,429,false]},"author_info":{"display_name":"apuntesdesanluis.com","author_link":"https:\/\/apuntesdesanluis.com\/index.php\/author\/apuntesdesanluis-com\/"},"category_info":"<a href=\"https:\/\/apuntesdesanluis.com\/index.php\/category\/ciudad-provincia\/\" rel=\"category tag\">Ciudad\/Provincia<\/a>","tag_info":"Ciudad\/Provincia","comment_count":"0","_links":{"self":[{"href":"https:\/\/apuntesdesanluis.com\/index.php\/wp-json\/wp\/v2\/posts\/23387","targetHints":{"allow":["GET"]}}],"collection":[{"href":"https:\/\/apuntesdesanluis.com\/index.php\/wp-json\/wp\/v2\/posts"}],"about":[{"href":"https:\/\/apuntesdesanluis.com\/index.php\/wp-json\/wp\/v2\/types\/post"}],"author":[{"embeddable":true,"href":"https:\/\/apuntesdesanluis.com\/index.php\/wp-json\/wp\/v2\/users\/1"}],"replies":[{"embeddable":true,"href":"https:\/\/apuntesdesanluis.com\/index.php\/wp-json\/wp\/v2\/comments?post=23387"}],"version-history":[{"count":2,"href":"https:\/\/apuntesdesanluis.com\/index.php\/wp-json\/wp\/v2\/posts\/23387\/revisions"}],"predecessor-version":[{"id":23391,"href":"https:\/\/apuntesdesanluis.com\/index.php\/wp-json\/wp\/v2\/posts\/23387\/revisions\/23391"}],"wp:featuredmedia":[{"embeddable":true,"href":"https:\/\/apuntesdesanluis.com\/index.php\/wp-json\/wp\/v2\/media\/23388"}],"wp:attachment":[{"href":"https:\/\/apuntesdesanluis.com\/index.php\/wp-json\/wp\/v2\/media?parent=23387"}],"wp:term":[{"taxonomy":"category","embeddable":true,"href":"https:\/\/apuntesdesanluis.com\/index.php\/wp-json\/wp\/v2\/categories?post=23387"},{"taxonomy":"post_tag","embeddable":true,"href":"https:\/\/apuntesdesanluis.com\/index.php\/wp-json\/wp\/v2\/tags?post=23387"}],"curies":[{"name":"wp","href":"https:\/\/api.w.org\/{rel}","templated":true}]}}