{"id":23417,"date":"2024-10-06T20:56:18","date_gmt":"2024-10-06T23:56:18","guid":{"rendered":"https:\/\/apuntesdesanluis.com\/?p=23417"},"modified":"2024-10-06T20:56:18","modified_gmt":"2024-10-06T23:56:18","slug":"confirman-que-la-venta-de-la-casa-de-san-luis-se-hara-el-6-de-diciembre","status":"publish","type":"post","link":"https:\/\/apuntesdesanluis.com\/index.php\/2024\/10\/06\/confirman-que-la-venta-de-la-casa-de-san-luis-se-hara-el-6-de-diciembre\/","title":{"rendered":"CONFIRMAN QUE LA VENTA DE LA CASA DE SAN LUIS SE HAR\u00c1 EL 6 DE DICIEMBRE"},"content":{"rendered":"<h3>El director de la Caja Social y Financiera de la Provincia, <strong>H\u00e9ctor Mazzina<\/strong>, inform\u00f3 que avanza la venta del inmueble donde funciona la <strong>Casa de San Luis en Buenos Aires<\/strong>, que ser\u00e1 subastado el <strong>6 de diciembre<\/strong>.<\/h3>\n<h3>El Tribunal de Tasaciones de la Naci\u00f3n se expidi\u00f3 a trav\u00e9s de la Sala \u201cA\u201d y defini\u00f3 en <strong>2.951.318 d\u00f3lares<\/strong> el valor venal para subastar el inmueble. El dinero recaudado se invertir\u00e1 en la reconstrucci\u00f3n del Policl\u00ednico Regional de Villa Mercedes.<\/h3>\n<h3>El funcionario recalc\u00f3 que el valor fue establecido mediante un dictamen del Tribunal y record\u00f3 que la subasta p\u00fablica ser\u00e1 de car\u00e1cter nacional y tiene fecha para el 6 de diciembre en la sede de la Caja Social, ubicada en Lavalle 840, de la capital puntana.<\/h3>\n<h3>\u201cSe trat\u00f3 de un paso necesario para cumplir con los procedimientos y reglamentaciones previstas. Ahora avanzamos en la elaboraci\u00f3n de los pliegos con las bases y condiciones y la publicaci\u00f3n que se har\u00e1 en medios nacionales\u201d, puntualiz\u00f3 Mazzina.<\/h3>\n<h3>Cabe recordar que el Gobierno provincial decidi\u00f3 la venta del inmueble ubicado en Azcu\u00e9naga 1083, en el barrio de Recoleta de la Ciudad Aut\u00f3noma de Buenos Aires, para restaurar el\u00a0 Hospital \u2018Juan Domingo Per\u00f3n\u2019, que fue seriamente da\u00f1ado en su infraestructura por una tormenta que azot\u00f3 Villa Mercedes, sumado al abandono de la gesti\u00f3n anterior, que nunca avanz\u00f3 con las obras necesarias para mantenerlo.<\/h3>\n<h3>En tanto se contempla trasladar la Casa de San Luis a un lugar m\u00e1s funcional, al que los sanluise\u00f1os puedan acceder de forma f\u00e1cil y donde se encuentren con oficinas y personal para realizar los tr\u00e1mites correspondientes. Adem\u00e1s, la mudanza le permitir\u00e1 al Gobierno bajar los costos de mantenimiento, una muestra m\u00e1s de la disciplina fiscal y la austeridad con la que se maneja la actual gesti\u00f3n.<\/h3>\n<h3>Como se recordar\u00e1, apenas se conoci\u00f3 la noticia, el <span style=\"color: #3366ff;\"><a style=\"color: #3366ff;\" href=\"https:\/\/apuntesdesanluis.com\/index.php\/2024\/06\/24\/proponen-declarar-monumento-historico-y-preservar-la-casa-de-san-luis\/\" target=\"_blank\" rel=\"noopener\">Presidente provisional del Senado, Bartolom\u00e9 Abdala (LLA), present\u00f3 un proyecto de Ley para declarar Monumento Hist\u00f3rico Nacional al edificio sede de la Casa de San Luis<\/a><\/span> desde 1985, ubicado en la calle Azcu\u00e9naga 1083 de la Ciudad Aut\u00f3noma de Buenos Aires y expresar su m\u00e1s en\u00e9rgico rechazo a la venta o subasta que la C\u00e1mara de Diputados provincia aprob\u00f3 el pasado 12 de junio.<\/h3>\n<p>&nbsp;<\/p>\n<p>&nbsp;<\/p>\n<p>&nbsp;<\/p>\n<p>&nbsp;<\/p>\n<p>&nbsp;<\/p>\n<p>&nbsp;<\/p>\n<p>&nbsp;<\/p>\n","protected":false},"excerpt":{"rendered":"<p>El director de la Caja Social y Financiera de la Provincia, H\u00e9ctor Mazzina, inform\u00f3 que&#8230;<\/p>\n","protected":false},"author":1,"featured_media":23418,"comment_status":"closed","ping_status":"closed","sticky":false,"template":"","format":"standard","meta":{"footnotes":""},"categories":[6],"tags":[],"class_list":["post-23417","post","type-post","status-publish","format-standard","has-post-thumbnail","hentry","category-ciudad-provincia"],"yoast_head":"<!-- This site is optimized with the Yoast SEO plugin v26.1.1 - https:\/\/yoast.com\/wordpress\/plugins\/seo\/ -->\n<title>CONFIRMAN QUE LA VENTA DE LA CASA DE SAN LUIS SE HAR\u00c1 EL 6 DE DICIEMBRE - Apuntes de San Luis<\/title>\n<meta name=\"robots\" content=\"index, follow, max-snippet:-1, max-image-preview:large, max-video-preview:-1\" \/>\n<link rel=\"canonical\" href=\"https:\/\/apuntesdesanluis.com\/index.php\/2024\/10\/06\/confirman-que-la-venta-de-la-casa-de-san-luis-se-hara-el-6-de-diciembre\/\" \/>\n<meta property=\"og:locale\" content=\"es_ES\" \/>\n<meta property=\"og:type\" content=\"article\" \/>\n<meta property=\"og:title\" content=\"CONFIRMAN QUE LA VENTA DE LA CASA DE SAN LUIS SE HAR\u00c1 EL 6 DE DICIEMBRE - Apuntes de San Luis\" \/>\n<meta property=\"og:description\" content=\"El director de la Caja Social y Financiera de la Provincia, H\u00e9ctor Mazzina, inform\u00f3 que...\" \/>\n<meta property=\"og:url\" content=\"https:\/\/apuntesdesanluis.com\/index.php\/2024\/10\/06\/confirman-que-la-venta-de-la-casa-de-san-luis-se-hara-el-6-de-diciembre\/\" \/>\n<meta property=\"og:site_name\" content=\"Apuntes de San Luis\" \/>\n<meta property=\"article:published_time\" content=\"2024-10-06T23:56:18+00:00\" \/>\n<meta property=\"og:image\" content=\"https:\/\/apuntesdesanluis.com\/wp-content\/uploads\/2024\/10\/casa-de-san-luis.png\" \/>\n\t<meta property=\"og:image:width\" content=\"761\" \/>\n\t<meta property=\"og:image:height\" content=\"418\" \/>\n\t<meta property=\"og:image:type\" content=\"image\/png\" \/>\n<meta name=\"author\" content=\"apuntesdesanluis.com\" \/>\n<meta name=\"twitter:card\" content=\"summary_large_image\" \/>\n<meta name=\"twitter:label1\" content=\"Escrito por\" \/>\n\t<meta name=\"twitter:data1\" content=\"apuntesdesanluis.com\" \/>\n\t<meta name=\"twitter:label2\" content=\"Tiempo de lectura\" \/>\n\t<meta name=\"twitter:data2\" content=\"2 minutos\" \/>\n<script type=\"application\/ld+json\" class=\"yoast-schema-graph\">{\"@context\":\"https:\/\/schema.org\",\"@graph\":[{\"@type\":\"Article\",\"@id\":\"https:\/\/apuntesdesanluis.com\/index.php\/2024\/10\/06\/confirman-que-la-venta-de-la-casa-de-san-luis-se-hara-el-6-de-diciembre\/#article\",\"isPartOf\":{\"@id\":\"https:\/\/apuntesdesanluis.com\/index.php\/2024\/10\/06\/confirman-que-la-venta-de-la-casa-de-san-luis-se-hara-el-6-de-diciembre\/\"},\"author\":{\"name\":\"apuntesdesanluis.com\",\"@id\":\"https:\/\/apuntesdesanluis.com\/#\/schema\/person\/b55151d52296fcce64d1a72538a70b90\"},\"headline\":\"CONFIRMAN QUE LA VENTA DE LA CASA DE SAN LUIS SE HAR\u00c1 EL 6 DE DICIEMBRE\",\"datePublished\":\"2024-10-06T23:56:18+00:00\",\"mainEntityOfPage\":{\"@id\":\"https:\/\/apuntesdesanluis.com\/index.php\/2024\/10\/06\/confirman-que-la-venta-de-la-casa-de-san-luis-se-hara-el-6-de-diciembre\/\"},\"wordCount\":408,\"publisher\":{\"@id\":\"https:\/\/apuntesdesanluis.com\/#\/schema\/person\/b55151d52296fcce64d1a72538a70b90\"},\"image\":{\"@id\":\"https:\/\/apuntesdesanluis.com\/index.php\/2024\/10\/06\/confirman-que-la-venta-de-la-casa-de-san-luis-se-hara-el-6-de-diciembre\/#primaryimage\"},\"thumbnailUrl\":\"https:\/\/apuntesdesanluis.com\/wp-content\/uploads\/2024\/10\/casa-de-san-luis.png\",\"articleSection\":[\"Ciudad\/Provincia\"],\"inLanguage\":\"es-AR\"},{\"@type\":\"WebPage\",\"@id\":\"https:\/\/apuntesdesanluis.com\/index.php\/2024\/10\/06\/confirman-que-la-venta-de-la-casa-de-san-luis-se-hara-el-6-de-diciembre\/\",\"url\":\"https:\/\/apuntesdesanluis.com\/index.php\/2024\/10\/06\/confirman-que-la-venta-de-la-casa-de-san-luis-se-hara-el-6-de-diciembre\/\",\"name\":\"CONFIRMAN QUE LA VENTA DE LA CASA DE SAN LUIS SE HAR\u00c1 EL 6 DE DICIEMBRE - Apuntes de San Luis\",\"isPartOf\":{\"@id\":\"https:\/\/apuntesdesanluis.com\/#website\"},\"primaryImageOfPage\":{\"@id\":\"https:\/\/apuntesdesanluis.com\/index.php\/2024\/10\/06\/confirman-que-la-venta-de-la-casa-de-san-luis-se-hara-el-6-de-diciembre\/#primaryimage\"},\"image\":{\"@id\":\"https:\/\/apuntesdesanluis.com\/index.php\/2024\/10\/06\/confirman-que-la-venta-de-la-casa-de-san-luis-se-hara-el-6-de-diciembre\/#primaryimage\"},\"thumbnailUrl\":\"https:\/\/apuntesdesanluis.com\/wp-content\/uploads\/2024\/10\/casa-de-san-luis.png\",\"datePublished\":\"2024-10-06T23:56:18+00:00\",\"breadcrumb\":{\"@id\":\"https:\/\/apuntesdesanluis.com\/index.php\/2024\/10\/06\/confirman-que-la-venta-de-la-casa-de-san-luis-se-hara-el-6-de-diciembre\/#breadcrumb\"},\"inLanguage\":\"es-AR\",\"potentialAction\":[{\"@type\":\"ReadAction\",\"target\":[\"https:\/\/apuntesdesanluis.com\/index.php\/2024\/10\/06\/confirman-que-la-venta-de-la-casa-de-san-luis-se-hara-el-6-de-diciembre\/\"]}]},{\"@type\":\"ImageObject\",\"inLanguage\":\"es-AR\",\"@id\":\"https:\/\/apuntesdesanluis.com\/index.php\/2024\/10\/06\/confirman-que-la-venta-de-la-casa-de-san-luis-se-hara-el-6-de-diciembre\/#primaryimage\",\"url\":\"https:\/\/apuntesdesanluis.com\/wp-content\/uploads\/2024\/10\/casa-de-san-luis.png\",\"contentUrl\":\"https:\/\/apuntesdesanluis.com\/wp-content\/uploads\/2024\/10\/casa-de-san-luis.png\",\"width\":761,\"height\":418},{\"@type\":\"BreadcrumbList\",\"@id\":\"https:\/\/apuntesdesanluis.com\/index.php\/2024\/10\/06\/confirman-que-la-venta-de-la-casa-de-san-luis-se-hara-el-6-de-diciembre\/#breadcrumb\",\"itemListElement\":[{\"@type\":\"ListItem\",\"position\":1,\"name\":\"Inicio\",\"item\":\"https:\/\/apuntesdesanluis.com\/\"},{\"@type\":\"ListItem\",\"position\":2,\"name\":\"CONFIRMAN QUE LA VENTA DE LA CASA DE SAN LUIS SE HAR\u00c1 EL 6 DE DICIEMBRE\"}]},{\"@type\":\"WebSite\",\"@id\":\"https:\/\/apuntesdesanluis.com\/#website\",\"url\":\"https:\/\/apuntesdesanluis.com\/\",\"name\":\"Apuntes de San Luis\",\"description\":\"\",\"publisher\":{\"@id\":\"https:\/\/apuntesdesanluis.com\/#\/schema\/person\/b55151d52296fcce64d1a72538a70b90\"},\"potentialAction\":[{\"@type\":\"SearchAction\",\"target\":{\"@type\":\"EntryPoint\",\"urlTemplate\":\"https:\/\/apuntesdesanluis.com\/?s={search_term_string}\"},\"query-input\":{\"@type\":\"PropertyValueSpecification\",\"valueRequired\":true,\"valueName\":\"search_term_string\"}}],\"inLanguage\":\"es-AR\"},{\"@type\":[\"Person\",\"Organization\"],\"@id\":\"https:\/\/apuntesdesanluis.com\/#\/schema\/person\/b55151d52296fcce64d1a72538a70b90\",\"name\":\"apuntesdesanluis.com\",\"image\":{\"@type\":\"ImageObject\",\"inLanguage\":\"es-AR\",\"@id\":\"https:\/\/apuntesdesanluis.com\/#\/schema\/person\/image\/\",\"url\":\"https:\/\/apuntesdesanluis.com\/wp-content\/uploads\/2023\/07\/cropped-apuntesdesanluis.png\",\"contentUrl\":\"https:\/\/apuntesdesanluis.com\/wp-content\/uploads\/2023\/07\/cropped-apuntesdesanluis.png\",\"width\":450,\"height\":112,\"caption\":\"apuntesdesanluis.com\"},\"logo\":{\"@id\":\"https:\/\/apuntesdesanluis.com\/#\/schema\/person\/image\/\"},\"sameAs\":[\"https:\/\/apuntesdesanluis.com\"],\"url\":\"https:\/\/apuntesdesanluis.com\/index.php\/author\/apuntesdesanluis-com\/\"}]}<\/script>\n<!-- \/ Yoast SEO plugin. -->","yoast_head_json":{"title":"CONFIRMAN QUE LA VENTA DE LA CASA DE SAN LUIS SE HAR\u00c1 EL 6 DE DICIEMBRE - Apuntes de San Luis","robots":{"index":"index","follow":"follow","max-snippet":"max-snippet:-1","max-image-preview":"max-image-preview:large","max-video-preview":"max-video-preview:-1"},"canonical":"https:\/\/apuntesdesanluis.com\/index.php\/2024\/10\/06\/confirman-que-la-venta-de-la-casa-de-san-luis-se-hara-el-6-de-diciembre\/","og_locale":"es_ES","og_type":"article","og_title":"CONFIRMAN QUE LA VENTA DE LA CASA DE SAN LUIS SE HAR\u00c1 EL 6 DE DICIEMBRE - Apuntes de San Luis","og_description":"El director de la Caja Social y Financiera de la Provincia, H\u00e9ctor Mazzina, inform\u00f3 que...","og_url":"https:\/\/apuntesdesanluis.com\/index.php\/2024\/10\/06\/confirman-que-la-venta-de-la-casa-de-san-luis-se-hara-el-6-de-diciembre\/","og_site_name":"Apuntes de San Luis","article_published_time":"2024-10-06T23:56:18+00:00","og_image":[{"width":761,"height":418,"url":"https:\/\/apuntesdesanluis.com\/wp-content\/uploads\/2024\/10\/casa-de-san-luis.png","type":"image\/png"}],"author":"apuntesdesanluis.com","twitter_card":"summary_large_image","twitter_misc":{"Escrito por":"apuntesdesanluis.com","Tiempo de lectura":"2 minutos"},"schema":{"@context":"https:\/\/schema.org","@graph":[{"@type":"Article","@id":"https:\/\/apuntesdesanluis.com\/index.php\/2024\/10\/06\/confirman-que-la-venta-de-la-casa-de-san-luis-se-hara-el-6-de-diciembre\/#article","isPartOf":{"@id":"https:\/\/apuntesdesanluis.com\/index.php\/2024\/10\/06\/confirman-que-la-venta-de-la-casa-de-san-luis-se-hara-el-6-de-diciembre\/"},"author":{"name":"apuntesdesanluis.com","@id":"https:\/\/apuntesdesanluis.com\/#\/schema\/person\/b55151d52296fcce64d1a72538a70b90"},"headline":"CONFIRMAN QUE LA VENTA DE LA CASA DE SAN LUIS SE HAR\u00c1 EL 6 DE DICIEMBRE","datePublished":"2024-10-06T23:56:18+00:00","mainEntityOfPage":{"@id":"https:\/\/apuntesdesanluis.com\/index.php\/2024\/10\/06\/confirman-que-la-venta-de-la-casa-de-san-luis-se-hara-el-6-de-diciembre\/"},"wordCount":408,"publisher":{"@id":"https:\/\/apuntesdesanluis.com\/#\/schema\/person\/b55151d52296fcce64d1a72538a70b90"},"image":{"@id":"https:\/\/apuntesdesanluis.com\/index.php\/2024\/10\/06\/confirman-que-la-venta-de-la-casa-de-san-luis-se-hara-el-6-de-diciembre\/#primaryimage"},"thumbnailUrl":"https:\/\/apuntesdesanluis.com\/wp-content\/uploads\/2024\/10\/casa-de-san-luis.png","articleSection":["Ciudad\/Provincia"],"inLanguage":"es-AR"},{"@type":"WebPage","@id":"https:\/\/apuntesdesanluis.com\/index.php\/2024\/10\/06\/confirman-que-la-venta-de-la-casa-de-san-luis-se-hara-el-6-de-diciembre\/","url":"https:\/\/apuntesdesanluis.com\/index.php\/2024\/10\/06\/confirman-que-la-venta-de-la-casa-de-san-luis-se-hara-el-6-de-diciembre\/","name":"CONFIRMAN QUE LA VENTA DE LA CASA DE SAN LUIS SE HAR\u00c1 EL 6 DE DICIEMBRE - Apuntes de San Luis","isPartOf":{"@id":"https:\/\/apuntesdesanluis.com\/#website"},"primaryImageOfPage":{"@id":"https:\/\/apuntesdesanluis.com\/index.php\/2024\/10\/06\/confirman-que-la-venta-de-la-casa-de-san-luis-se-hara-el-6-de-diciembre\/#primaryimage"},"image":{"@id":"https:\/\/apuntesdesanluis.com\/index.php\/2024\/10\/06\/confirman-que-la-venta-de-la-casa-de-san-luis-se-hara-el-6-de-diciembre\/#primaryimage"},"thumbnailUrl":"https:\/\/apuntesdesanluis.com\/wp-content\/uploads\/2024\/10\/casa-de-san-luis.png","datePublished":"2024-10-06T23:56:18+00:00","breadcrumb":{"@id":"https:\/\/apuntesdesanluis.com\/index.php\/2024\/10\/06\/confirman-que-la-venta-de-la-casa-de-san-luis-se-hara-el-6-de-diciembre\/#breadcrumb"},"inLanguage":"es-AR","potentialAction":[{"@type":"ReadAction","target":["https:\/\/apuntesdesanluis.com\/index.php\/2024\/10\/06\/confirman-que-la-venta-de-la-casa-de-san-luis-se-hara-el-6-de-diciembre\/"]}]},{"@type":"ImageObject","inLanguage":"es-AR","@id":"https:\/\/apuntesdesanluis.com\/index.php\/2024\/10\/06\/confirman-que-la-venta-de-la-casa-de-san-luis-se-hara-el-6-de-diciembre\/#primaryimage","url":"https:\/\/apuntesdesanluis.com\/wp-content\/uploads\/2024\/10\/casa-de-san-luis.png","contentUrl":"https:\/\/apuntesdesanluis.com\/wp-content\/uploads\/2024\/10\/casa-de-san-luis.png","width":761,"height":418},{"@type":"BreadcrumbList","@id":"https:\/\/apuntesdesanluis.com\/index.php\/2024\/10\/06\/confirman-que-la-venta-de-la-casa-de-san-luis-se-hara-el-6-de-diciembre\/#breadcrumb","itemListElement":[{"@type":"ListItem","position":1,"name":"Inicio","item":"https:\/\/apuntesdesanluis.com\/"},{"@type":"ListItem","position":2,"name":"CONFIRMAN QUE LA VENTA DE LA CASA DE SAN LUIS SE HAR\u00c1 EL 6 DE DICIEMBRE"}]},{"@type":"WebSite","@id":"https:\/\/apuntesdesanluis.com\/#website","url":"https:\/\/apuntesdesanluis.com\/","name":"Apuntes de San Luis","description":"","publisher":{"@id":"https:\/\/apuntesdesanluis.com\/#\/schema\/person\/b55151d52296fcce64d1a72538a70b90"},"potentialAction":[{"@type":"SearchAction","target":{"@type":"EntryPoint","urlTemplate":"https:\/\/apuntesdesanluis.com\/?s={search_term_string}"},"query-input":{"@type":"PropertyValueSpecification","valueRequired":true,"valueName":"search_term_string"}}],"inLanguage":"es-AR"},{"@type":["Person","Organization"],"@id":"https:\/\/apuntesdesanluis.com\/#\/schema\/person\/b55151d52296fcce64d1a72538a70b90","name":"apuntesdesanluis.com","image":{"@type":"ImageObject","inLanguage":"es-AR","@id":"https:\/\/apuntesdesanluis.com\/#\/schema\/person\/image\/","url":"https:\/\/apuntesdesanluis.com\/wp-content\/uploads\/2023\/07\/cropped-apuntesdesanluis.png","contentUrl":"https:\/\/apuntesdesanluis.com\/wp-content\/uploads\/2023\/07\/cropped-apuntesdesanluis.png","width":450,"height":112,"caption":"apuntesdesanluis.com"},"logo":{"@id":"https:\/\/apuntesdesanluis.com\/#\/schema\/person\/image\/"},"sameAs":["https:\/\/apuntesdesanluis.com"],"url":"https:\/\/apuntesdesanluis.com\/index.php\/author\/apuntesdesanluis-com\/"}]}},"featured_image_urls":{"full":["https:\/\/apuntesdesanluis.com\/wp-content\/uploads\/2024\/10\/casa-de-san-luis.png",761,418,false],"thumbnail":["https:\/\/apuntesdesanluis.com\/wp-content\/uploads\/2024\/10\/casa-de-san-luis-150x150.png",150,150,true],"medium":["https:\/\/apuntesdesanluis.com\/wp-content\/uploads\/2024\/10\/casa-de-san-luis-300x165.png",300,165,true],"medium_large":["https:\/\/apuntesdesanluis.com\/wp-content\/uploads\/2024\/10\/casa-de-san-luis.png",640,352,false],"large":["https:\/\/apuntesdesanluis.com\/wp-content\/uploads\/2024\/10\/casa-de-san-luis.png",640,352,false],"1536x1536":["https:\/\/apuntesdesanluis.com\/wp-content\/uploads\/2024\/10\/casa-de-san-luis.png",761,418,false],"2048x2048":["https:\/\/apuntesdesanluis.com\/wp-content\/uploads\/2024\/10\/casa-de-san-luis.png",761,418,false],"newsever-slider-full":["https:\/\/apuntesdesanluis.com\/wp-content\/uploads\/2024\/10\/casa-de-san-luis.png",761,418,false],"newsever-featured":["https:\/\/apuntesdesanluis.com\/wp-content\/uploads\/2024\/10\/casa-de-san-luis.png",761,418,false],"newsever-medium":["https:\/\/apuntesdesanluis.com\/wp-content\/uploads\/2024\/10\/casa-de-san-luis-720x418.png",720,418,true]},"author_info":{"display_name":"apuntesdesanluis.com","author_link":"https:\/\/apuntesdesanluis.com\/index.php\/author\/apuntesdesanluis-com\/"},"category_info":"<a href=\"https:\/\/apuntesdesanluis.com\/index.php\/category\/ciudad-provincia\/\" rel=\"category tag\">Ciudad\/Provincia<\/a>","tag_info":"Ciudad\/Provincia","comment_count":"0","_links":{"self":[{"href":"https:\/\/apuntesdesanluis.com\/index.php\/wp-json\/wp\/v2\/posts\/23417","targetHints":{"allow":["GET"]}}],"collection":[{"href":"https:\/\/apuntesdesanluis.com\/index.php\/wp-json\/wp\/v2\/posts"}],"about":[{"href":"https:\/\/apuntesdesanluis.com\/index.php\/wp-json\/wp\/v2\/types\/post"}],"author":[{"embeddable":true,"href":"https:\/\/apuntesdesanluis.com\/index.php\/wp-json\/wp\/v2\/users\/1"}],"replies":[{"embeddable":true,"href":"https:\/\/apuntesdesanluis.com\/index.php\/wp-json\/wp\/v2\/comments?post=23417"}],"version-history":[{"count":1,"href":"https:\/\/apuntesdesanluis.com\/index.php\/wp-json\/wp\/v2\/posts\/23417\/revisions"}],"predecessor-version":[{"id":23419,"href":"https:\/\/apuntesdesanluis.com\/index.php\/wp-json\/wp\/v2\/posts\/23417\/revisions\/23419"}],"wp:featuredmedia":[{"embeddable":true,"href":"https:\/\/apuntesdesanluis.com\/index.php\/wp-json\/wp\/v2\/media\/23418"}],"wp:attachment":[{"href":"https:\/\/apuntesdesanluis.com\/index.php\/wp-json\/wp\/v2\/media?parent=23417"}],"wp:term":[{"taxonomy":"category","embeddable":true,"href":"https:\/\/apuntesdesanluis.com\/index.php\/wp-json\/wp\/v2\/categories?post=23417"},{"taxonomy":"post_tag","embeddable":true,"href":"https:\/\/apuntesdesanluis.com\/index.php\/wp-json\/wp\/v2\/tags?post=23417"}],"curies":[{"name":"wp","href":"https:\/\/api.w.org\/{rel}","templated":true}]}}