{"id":23469,"date":"2024-10-07T15:54:41","date_gmt":"2024-10-07T18:54:41","guid":{"rendered":"https:\/\/apuntesdesanluis.com\/?p=23469"},"modified":"2024-10-07T15:55:08","modified_gmt":"2024-10-07T18:55:08","slug":"el-pro-critico-al-gobierno-pero-apoyara-el-veto-a-la-ley-de-financiamiento-universitario","status":"publish","type":"post","link":"https:\/\/apuntesdesanluis.com\/index.php\/2024\/10\/07\/el-pro-critico-al-gobierno-pero-apoyara-el-veto-a-la-ley-de-financiamiento-universitario\/","title":{"rendered":"EL PRO CRITIC\u00d3 AL GOBIERNO, PERO APOYAR\u00c1 EL VETO A LA LEY DE FINANCIAMIENTO UNIVERSITARIO"},"content":{"rendered":"<h3>Tras una reuni\u00f3n convocada por <strong>Mauricio Macri<\/strong>, el PRO decidi\u00f3 apoyar el veto que firm\u00f3 <strong>Javier Milei<\/strong> a la <strong>ley de financiamiento de las universidades<\/strong>. El espacio difundi\u00f3 un comunicado oficial en el que explic\u00f3 las razones de esa decisi\u00f3n, que vuelve a poner en sinton\u00eda al sector liderado por el ex presidente con La Libertad Avanza.<\/h3>\n<h3>No obstante, el texto incluy\u00f3 una cr\u00edtica directa a la administraci\u00f3n de Milei, reiterando los reproches que Macri ya hab\u00eda realizado por el desempe\u00f1o del Poder Ejecutivo. \u201cHabiendo pasado diez meses de gesti\u00f3n el gobierno se encuentra en un conflicto agravado por cuestiones internas del propio gobierno, conflicto que con una gesti\u00f3n profesional y eficiente se podr\u00eda haber evitado. Como siempre hemos se\u00f1alado, para el PRO la gesti\u00f3n importa\u201d, afirma el mensaje.<\/h3>\n<h3>Al margen del cruce, el acompa\u00f1amiento del PRO se trata de una decisi\u00f3n clave para reunir los cerca de 85 a 87 votos -de acuerdo al total de diputados presentes- que el oficialismo necesita para impedir que la C\u00e1mara baja rechace con dos tercios la decisi\u00f3n del jefe de Estado e insista con la norma original.<\/h3>\n<h3>El bloque del PRO en la C\u00e1mara de Diputados ten\u00eda miradas divergentes, que quedaron expuestas durante el fin de semana. El ex presidente busc\u00f3 ordenar las diversas opiniones de cara a la sesi\u00f3n convocada para el mi\u00e9rcoles pr\u00f3ximo.<\/h3>\n<h3>Macri mantuvo una reuni\u00f3n por Zoom con Cristian Ritondo, Mar\u00eda Eugenia Vidal y Diego Santilli. Tambi\u00e9n con Facundo P\u00e9rez Carletti, secretario general del partido, y Fernando De Andreis, dirigente y principal estratega del macrismo, y otros l\u00edderes del partido. Si bien se analiz\u00f3 dar \u201cv\u00eda libre\u201d para que cada legislador opte por votar como considere, finalmente se impuso la decisi\u00f3n mayoritaria de continuar apoyando al gobierno.<\/h3>\n<h3>Macri sorprendi\u00f3 ayer por la ma\u00f1ana con un extenso posteo en X. \u201cLa defensa de la universidad p\u00fablica, su acceso libre, gratuito y democr\u00e1tico, requiere poner fin al uso pol\u00edtico de los recursos universitarios\u201d, lanz\u00f3 y agreg\u00f3 que \u201cla UBA enfrenta una crisis de transparencia\u201d y que \u201cdesde 2015 no ha presentado ni una sola factura\u201d. Si bien la publicaci\u00f3n dej\u00f3 entre l\u00edneas una especie de gui\u00f1o hacia el Gobierno, no explicit\u00f3 su postura.<\/h3>\n<h3>La comunicaci\u00f3n oficial del partido fundado y presidido por Macri lleg\u00f3 pasadas las 14.30. En un texto titulado \u201cSobre la postura del partido en relaci\u00f3n al conflicto universitario\u201d, el espacio ratific\u00f3 lo que hab\u00edan adelantado las fuentes en la previa.<\/h3>\n<h3>\u201cHoy nos toca desde el Congreso definir nuestra posici\u00f3n en relaci\u00f3n al veto del Presidente Milei sobre la ley de Financiamiento Universitario. Nuestro bloque ya vot\u00f3 mayoritariamente en la C\u00e1mara de Diputados hace pocas semanas, rechazando esa ley. Seguimos pensando lo mismo\u201d, adelantaron.<\/h3>\n<h3>En el mensaje tambi\u00e9n hubo espacio para una cr\u00edtica a sectores del radicalismo, a los que acusaron de asumir posturas \u201cpopulistas\u201d.<\/h3>\n<h3>\u201cSomos coherentes con la necesidad de sostener el equilibrio fiscal como prioridad para que nuestro pa\u00eds salga adelante. Somos coherentes con nuestro respeto a la ley de Administraci\u00f3n Financiera que impide que una ley defina un gasto sin explicar c\u00f3mo se financia. Rechazamos el populismo legislativo de fuerzas como la UCR que mientras defiende el aumento de presupuesto a las universidades, rechaza la privatizaci\u00f3n de un gran n\u00famero de empresas p\u00fablicas deficitarias\u201d, sostiene la comunicaci\u00f3n del PRO.<\/h3>\n<p>&nbsp;<\/p>\n<p>&nbsp;<\/p>\n<p>&nbsp;<\/p>\n<p>&nbsp;<\/p>\n","protected":false},"excerpt":{"rendered":"<p>Tras una reuni\u00f3n convocada por Mauricio Macri, el PRO decidi\u00f3 apoyar el veto que firm\u00f3&#8230;<\/p>\n","protected":false},"author":1,"featured_media":5966,"comment_status":"closed","ping_status":"closed","sticky":false,"template":"","format":"standard","meta":{"footnotes":""},"categories":[5],"tags":[],"class_list":["post-23469","post","type-post","status-publish","format-standard","has-post-thumbnail","hentry","category-nacionales-internacionales"],"yoast_head":"<!-- This site is optimized with the Yoast SEO plugin v26.1.1 - https:\/\/yoast.com\/wordpress\/plugins\/seo\/ -->\n<title>EL PRO CRITIC\u00d3 AL GOBIERNO, PERO APOYAR\u00c1 EL VETO A LA LEY DE FINANCIAMIENTO UNIVERSITARIO - Apuntes de San Luis<\/title>\n<meta name=\"robots\" content=\"index, follow, max-snippet:-1, max-image-preview:large, max-video-preview:-1\" \/>\n<link rel=\"canonical\" href=\"https:\/\/apuntesdesanluis.com\/index.php\/2024\/10\/07\/el-pro-critico-al-gobierno-pero-apoyara-el-veto-a-la-ley-de-financiamiento-universitario\/\" \/>\n<meta property=\"og:locale\" content=\"es_ES\" \/>\n<meta property=\"og:type\" content=\"article\" \/>\n<meta property=\"og:title\" content=\"EL PRO CRITIC\u00d3 AL GOBIERNO, PERO APOYAR\u00c1 EL VETO A LA LEY DE FINANCIAMIENTO UNIVERSITARIO - Apuntes de San Luis\" \/>\n<meta property=\"og:description\" content=\"Tras una reuni\u00f3n convocada por Mauricio Macri, el PRO decidi\u00f3 apoyar el veto que firm\u00f3...\" \/>\n<meta property=\"og:url\" content=\"https:\/\/apuntesdesanluis.com\/index.php\/2024\/10\/07\/el-pro-critico-al-gobierno-pero-apoyara-el-veto-a-la-ley-de-financiamiento-universitario\/\" \/>\n<meta property=\"og:site_name\" content=\"Apuntes de San Luis\" \/>\n<meta property=\"article:published_time\" content=\"2024-10-07T18:54:41+00:00\" \/>\n<meta property=\"article:modified_time\" content=\"2024-10-07T18:55:08+00:00\" \/>\n<meta property=\"og:image\" content=\"https:\/\/apuntesdesanluis.com\/wp-content\/uploads\/2023\/10\/macri-1.png\" \/>\n\t<meta property=\"og:image:width\" content=\"600\" \/>\n\t<meta property=\"og:image:height\" content=\"350\" \/>\n\t<meta property=\"og:image:type\" content=\"image\/png\" \/>\n<meta name=\"author\" content=\"apuntesdesanluis.com\" \/>\n<meta name=\"twitter:card\" content=\"summary_large_image\" \/>\n<meta name=\"twitter:label1\" content=\"Escrito por\" \/>\n\t<meta name=\"twitter:data1\" content=\"apuntesdesanluis.com\" \/>\n\t<meta name=\"twitter:label2\" content=\"Tiempo de lectura\" \/>\n\t<meta name=\"twitter:data2\" content=\"3 minutos\" \/>\n<script type=\"application\/ld+json\" class=\"yoast-schema-graph\">{\"@context\":\"https:\/\/schema.org\",\"@graph\":[{\"@type\":\"Article\",\"@id\":\"https:\/\/apuntesdesanluis.com\/index.php\/2024\/10\/07\/el-pro-critico-al-gobierno-pero-apoyara-el-veto-a-la-ley-de-financiamiento-universitario\/#article\",\"isPartOf\":{\"@id\":\"https:\/\/apuntesdesanluis.com\/index.php\/2024\/10\/07\/el-pro-critico-al-gobierno-pero-apoyara-el-veto-a-la-ley-de-financiamiento-universitario\/\"},\"author\":{\"name\":\"apuntesdesanluis.com\",\"@id\":\"https:\/\/apuntesdesanluis.com\/#\/schema\/person\/b55151d52296fcce64d1a72538a70b90\"},\"headline\":\"EL PRO CRITIC\u00d3 AL GOBIERNO, PERO APOYAR\u00c1 EL VETO A LA LEY DE FINANCIAMIENTO UNIVERSITARIO\",\"datePublished\":\"2024-10-07T18:54:41+00:00\",\"dateModified\":\"2024-10-07T18:55:08+00:00\",\"mainEntityOfPage\":{\"@id\":\"https:\/\/apuntesdesanluis.com\/index.php\/2024\/10\/07\/el-pro-critico-al-gobierno-pero-apoyara-el-veto-a-la-ley-de-financiamiento-universitario\/\"},\"wordCount\":609,\"publisher\":{\"@id\":\"https:\/\/apuntesdesanluis.com\/#\/schema\/person\/b55151d52296fcce64d1a72538a70b90\"},\"image\":{\"@id\":\"https:\/\/apuntesdesanluis.com\/index.php\/2024\/10\/07\/el-pro-critico-al-gobierno-pero-apoyara-el-veto-a-la-ley-de-financiamiento-universitario\/#primaryimage\"},\"thumbnailUrl\":\"https:\/\/apuntesdesanluis.com\/wp-content\/uploads\/2023\/10\/macri-1.png\",\"articleSection\":[\"Nacionales\/Internacionales\"],\"inLanguage\":\"es-AR\"},{\"@type\":\"WebPage\",\"@id\":\"https:\/\/apuntesdesanluis.com\/index.php\/2024\/10\/07\/el-pro-critico-al-gobierno-pero-apoyara-el-veto-a-la-ley-de-financiamiento-universitario\/\",\"url\":\"https:\/\/apuntesdesanluis.com\/index.php\/2024\/10\/07\/el-pro-critico-al-gobierno-pero-apoyara-el-veto-a-la-ley-de-financiamiento-universitario\/\",\"name\":\"EL PRO CRITIC\u00d3 AL GOBIERNO, PERO APOYAR\u00c1 EL VETO A LA LEY DE FINANCIAMIENTO UNIVERSITARIO - Apuntes de San Luis\",\"isPartOf\":{\"@id\":\"https:\/\/apuntesdesanluis.com\/#website\"},\"primaryImageOfPage\":{\"@id\":\"https:\/\/apuntesdesanluis.com\/index.php\/2024\/10\/07\/el-pro-critico-al-gobierno-pero-apoyara-el-veto-a-la-ley-de-financiamiento-universitario\/#primaryimage\"},\"image\":{\"@id\":\"https:\/\/apuntesdesanluis.com\/index.php\/2024\/10\/07\/el-pro-critico-al-gobierno-pero-apoyara-el-veto-a-la-ley-de-financiamiento-universitario\/#primaryimage\"},\"thumbnailUrl\":\"https:\/\/apuntesdesanluis.com\/wp-content\/uploads\/2023\/10\/macri-1.png\",\"datePublished\":\"2024-10-07T18:54:41+00:00\",\"dateModified\":\"2024-10-07T18:55:08+00:00\",\"breadcrumb\":{\"@id\":\"https:\/\/apuntesdesanluis.com\/index.php\/2024\/10\/07\/el-pro-critico-al-gobierno-pero-apoyara-el-veto-a-la-ley-de-financiamiento-universitario\/#breadcrumb\"},\"inLanguage\":\"es-AR\",\"potentialAction\":[{\"@type\":\"ReadAction\",\"target\":[\"https:\/\/apuntesdesanluis.com\/index.php\/2024\/10\/07\/el-pro-critico-al-gobierno-pero-apoyara-el-veto-a-la-ley-de-financiamiento-universitario\/\"]}]},{\"@type\":\"ImageObject\",\"inLanguage\":\"es-AR\",\"@id\":\"https:\/\/apuntesdesanluis.com\/index.php\/2024\/10\/07\/el-pro-critico-al-gobierno-pero-apoyara-el-veto-a-la-ley-de-financiamiento-universitario\/#primaryimage\",\"url\":\"https:\/\/apuntesdesanluis.com\/wp-content\/uploads\/2023\/10\/macri-1.png\",\"contentUrl\":\"https:\/\/apuntesdesanluis.com\/wp-content\/uploads\/2023\/10\/macri-1.png\",\"width\":600,\"height\":350},{\"@type\":\"BreadcrumbList\",\"@id\":\"https:\/\/apuntesdesanluis.com\/index.php\/2024\/10\/07\/el-pro-critico-al-gobierno-pero-apoyara-el-veto-a-la-ley-de-financiamiento-universitario\/#breadcrumb\",\"itemListElement\":[{\"@type\":\"ListItem\",\"position\":1,\"name\":\"Inicio\",\"item\":\"https:\/\/apuntesdesanluis.com\/\"},{\"@type\":\"ListItem\",\"position\":2,\"name\":\"EL PRO CRITIC\u00d3 AL GOBIERNO, PERO APOYAR\u00c1 EL VETO A LA LEY DE FINANCIAMIENTO UNIVERSITARIO\"}]},{\"@type\":\"WebSite\",\"@id\":\"https:\/\/apuntesdesanluis.com\/#website\",\"url\":\"https:\/\/apuntesdesanluis.com\/\",\"name\":\"Apuntes de San Luis\",\"description\":\"\",\"publisher\":{\"@id\":\"https:\/\/apuntesdesanluis.com\/#\/schema\/person\/b55151d52296fcce64d1a72538a70b90\"},\"potentialAction\":[{\"@type\":\"SearchAction\",\"target\":{\"@type\":\"EntryPoint\",\"urlTemplate\":\"https:\/\/apuntesdesanluis.com\/?s={search_term_string}\"},\"query-input\":{\"@type\":\"PropertyValueSpecification\",\"valueRequired\":true,\"valueName\":\"search_term_string\"}}],\"inLanguage\":\"es-AR\"},{\"@type\":[\"Person\",\"Organization\"],\"@id\":\"https:\/\/apuntesdesanluis.com\/#\/schema\/person\/b55151d52296fcce64d1a72538a70b90\",\"name\":\"apuntesdesanluis.com\",\"image\":{\"@type\":\"ImageObject\",\"inLanguage\":\"es-AR\",\"@id\":\"https:\/\/apuntesdesanluis.com\/#\/schema\/person\/image\/\",\"url\":\"https:\/\/apuntesdesanluis.com\/wp-content\/uploads\/2023\/07\/cropped-apuntesdesanluis.png\",\"contentUrl\":\"https:\/\/apuntesdesanluis.com\/wp-content\/uploads\/2023\/07\/cropped-apuntesdesanluis.png\",\"width\":450,\"height\":112,\"caption\":\"apuntesdesanluis.com\"},\"logo\":{\"@id\":\"https:\/\/apuntesdesanluis.com\/#\/schema\/person\/image\/\"},\"sameAs\":[\"https:\/\/apuntesdesanluis.com\"],\"url\":\"https:\/\/apuntesdesanluis.com\/index.php\/author\/apuntesdesanluis-com\/\"}]}<\/script>\n<!-- \/ Yoast SEO plugin. -->","yoast_head_json":{"title":"EL PRO CRITIC\u00d3 AL GOBIERNO, PERO APOYAR\u00c1 EL VETO A LA LEY DE FINANCIAMIENTO UNIVERSITARIO - Apuntes de San Luis","robots":{"index":"index","follow":"follow","max-snippet":"max-snippet:-1","max-image-preview":"max-image-preview:large","max-video-preview":"max-video-preview:-1"},"canonical":"https:\/\/apuntesdesanluis.com\/index.php\/2024\/10\/07\/el-pro-critico-al-gobierno-pero-apoyara-el-veto-a-la-ley-de-financiamiento-universitario\/","og_locale":"es_ES","og_type":"article","og_title":"EL PRO CRITIC\u00d3 AL GOBIERNO, PERO APOYAR\u00c1 EL VETO A LA LEY DE FINANCIAMIENTO UNIVERSITARIO - Apuntes de San Luis","og_description":"Tras una reuni\u00f3n convocada por Mauricio Macri, el PRO decidi\u00f3 apoyar el veto que firm\u00f3...","og_url":"https:\/\/apuntesdesanluis.com\/index.php\/2024\/10\/07\/el-pro-critico-al-gobierno-pero-apoyara-el-veto-a-la-ley-de-financiamiento-universitario\/","og_site_name":"Apuntes de San Luis","article_published_time":"2024-10-07T18:54:41+00:00","article_modified_time":"2024-10-07T18:55:08+00:00","og_image":[{"width":600,"height":350,"url":"https:\/\/apuntesdesanluis.com\/wp-content\/uploads\/2023\/10\/macri-1.png","type":"image\/png"}],"author":"apuntesdesanluis.com","twitter_card":"summary_large_image","twitter_misc":{"Escrito por":"apuntesdesanluis.com","Tiempo de lectura":"3 minutos"},"schema":{"@context":"https:\/\/schema.org","@graph":[{"@type":"Article","@id":"https:\/\/apuntesdesanluis.com\/index.php\/2024\/10\/07\/el-pro-critico-al-gobierno-pero-apoyara-el-veto-a-la-ley-de-financiamiento-universitario\/#article","isPartOf":{"@id":"https:\/\/apuntesdesanluis.com\/index.php\/2024\/10\/07\/el-pro-critico-al-gobierno-pero-apoyara-el-veto-a-la-ley-de-financiamiento-universitario\/"},"author":{"name":"apuntesdesanluis.com","@id":"https:\/\/apuntesdesanluis.com\/#\/schema\/person\/b55151d52296fcce64d1a72538a70b90"},"headline":"EL PRO CRITIC\u00d3 AL GOBIERNO, PERO APOYAR\u00c1 EL VETO A LA LEY DE FINANCIAMIENTO UNIVERSITARIO","datePublished":"2024-10-07T18:54:41+00:00","dateModified":"2024-10-07T18:55:08+00:00","mainEntityOfPage":{"@id":"https:\/\/apuntesdesanluis.com\/index.php\/2024\/10\/07\/el-pro-critico-al-gobierno-pero-apoyara-el-veto-a-la-ley-de-financiamiento-universitario\/"},"wordCount":609,"publisher":{"@id":"https:\/\/apuntesdesanluis.com\/#\/schema\/person\/b55151d52296fcce64d1a72538a70b90"},"image":{"@id":"https:\/\/apuntesdesanluis.com\/index.php\/2024\/10\/07\/el-pro-critico-al-gobierno-pero-apoyara-el-veto-a-la-ley-de-financiamiento-universitario\/#primaryimage"},"thumbnailUrl":"https:\/\/apuntesdesanluis.com\/wp-content\/uploads\/2023\/10\/macri-1.png","articleSection":["Nacionales\/Internacionales"],"inLanguage":"es-AR"},{"@type":"WebPage","@id":"https:\/\/apuntesdesanluis.com\/index.php\/2024\/10\/07\/el-pro-critico-al-gobierno-pero-apoyara-el-veto-a-la-ley-de-financiamiento-universitario\/","url":"https:\/\/apuntesdesanluis.com\/index.php\/2024\/10\/07\/el-pro-critico-al-gobierno-pero-apoyara-el-veto-a-la-ley-de-financiamiento-universitario\/","name":"EL PRO CRITIC\u00d3 AL GOBIERNO, PERO APOYAR\u00c1 EL VETO A LA LEY DE FINANCIAMIENTO UNIVERSITARIO - Apuntes de San Luis","isPartOf":{"@id":"https:\/\/apuntesdesanluis.com\/#website"},"primaryImageOfPage":{"@id":"https:\/\/apuntesdesanluis.com\/index.php\/2024\/10\/07\/el-pro-critico-al-gobierno-pero-apoyara-el-veto-a-la-ley-de-financiamiento-universitario\/#primaryimage"},"image":{"@id":"https:\/\/apuntesdesanluis.com\/index.php\/2024\/10\/07\/el-pro-critico-al-gobierno-pero-apoyara-el-veto-a-la-ley-de-financiamiento-universitario\/#primaryimage"},"thumbnailUrl":"https:\/\/apuntesdesanluis.com\/wp-content\/uploads\/2023\/10\/macri-1.png","datePublished":"2024-10-07T18:54:41+00:00","dateModified":"2024-10-07T18:55:08+00:00","breadcrumb":{"@id":"https:\/\/apuntesdesanluis.com\/index.php\/2024\/10\/07\/el-pro-critico-al-gobierno-pero-apoyara-el-veto-a-la-ley-de-financiamiento-universitario\/#breadcrumb"},"inLanguage":"es-AR","potentialAction":[{"@type":"ReadAction","target":["https:\/\/apuntesdesanluis.com\/index.php\/2024\/10\/07\/el-pro-critico-al-gobierno-pero-apoyara-el-veto-a-la-ley-de-financiamiento-universitario\/"]}]},{"@type":"ImageObject","inLanguage":"es-AR","@id":"https:\/\/apuntesdesanluis.com\/index.php\/2024\/10\/07\/el-pro-critico-al-gobierno-pero-apoyara-el-veto-a-la-ley-de-financiamiento-universitario\/#primaryimage","url":"https:\/\/apuntesdesanluis.com\/wp-content\/uploads\/2023\/10\/macri-1.png","contentUrl":"https:\/\/apuntesdesanluis.com\/wp-content\/uploads\/2023\/10\/macri-1.png","width":600,"height":350},{"@type":"BreadcrumbList","@id":"https:\/\/apuntesdesanluis.com\/index.php\/2024\/10\/07\/el-pro-critico-al-gobierno-pero-apoyara-el-veto-a-la-ley-de-financiamiento-universitario\/#breadcrumb","itemListElement":[{"@type":"ListItem","position":1,"name":"Inicio","item":"https:\/\/apuntesdesanluis.com\/"},{"@type":"ListItem","position":2,"name":"EL PRO CRITIC\u00d3 AL GOBIERNO, PERO APOYAR\u00c1 EL VETO A LA LEY DE FINANCIAMIENTO UNIVERSITARIO"}]},{"@type":"WebSite","@id":"https:\/\/apuntesdesanluis.com\/#website","url":"https:\/\/apuntesdesanluis.com\/","name":"Apuntes de San Luis","description":"","publisher":{"@id":"https:\/\/apuntesdesanluis.com\/#\/schema\/person\/b55151d52296fcce64d1a72538a70b90"},"potentialAction":[{"@type":"SearchAction","target":{"@type":"EntryPoint","urlTemplate":"https:\/\/apuntesdesanluis.com\/?s={search_term_string}"},"query-input":{"@type":"PropertyValueSpecification","valueRequired":true,"valueName":"search_term_string"}}],"inLanguage":"es-AR"},{"@type":["Person","Organization"],"@id":"https:\/\/apuntesdesanluis.com\/#\/schema\/person\/b55151d52296fcce64d1a72538a70b90","name":"apuntesdesanluis.com","image":{"@type":"ImageObject","inLanguage":"es-AR","@id":"https:\/\/apuntesdesanluis.com\/#\/schema\/person\/image\/","url":"https:\/\/apuntesdesanluis.com\/wp-content\/uploads\/2023\/07\/cropped-apuntesdesanluis.png","contentUrl":"https:\/\/apuntesdesanluis.com\/wp-content\/uploads\/2023\/07\/cropped-apuntesdesanluis.png","width":450,"height":112,"caption":"apuntesdesanluis.com"},"logo":{"@id":"https:\/\/apuntesdesanluis.com\/#\/schema\/person\/image\/"},"sameAs":["https:\/\/apuntesdesanluis.com"],"url":"https:\/\/apuntesdesanluis.com\/index.php\/author\/apuntesdesanluis-com\/"}]}},"featured_image_urls":{"full":["https:\/\/apuntesdesanluis.com\/wp-content\/uploads\/2023\/10\/macri-1.png",600,350,false],"thumbnail":["https:\/\/apuntesdesanluis.com\/wp-content\/uploads\/2023\/10\/macri-1-150x150.png",150,150,true],"medium":["https:\/\/apuntesdesanluis.com\/wp-content\/uploads\/2023\/10\/macri-1-300x175.png",300,175,true],"medium_large":["https:\/\/apuntesdesanluis.com\/wp-content\/uploads\/2023\/10\/macri-1.png",600,350,false],"large":["https:\/\/apuntesdesanluis.com\/wp-content\/uploads\/2023\/10\/macri-1.png",600,350,false],"1536x1536":["https:\/\/apuntesdesanluis.com\/wp-content\/uploads\/2023\/10\/macri-1.png",600,350,false],"2048x2048":["https:\/\/apuntesdesanluis.com\/wp-content\/uploads\/2023\/10\/macri-1.png",600,350,false],"newsever-slider-full":["https:\/\/apuntesdesanluis.com\/wp-content\/uploads\/2023\/10\/macri-1.png",600,350,false],"newsever-featured":["https:\/\/apuntesdesanluis.com\/wp-content\/uploads\/2023\/10\/macri-1.png",600,350,false],"newsever-medium":["https:\/\/apuntesdesanluis.com\/wp-content\/uploads\/2023\/10\/macri-1.png",600,350,false]},"author_info":{"display_name":"apuntesdesanluis.com","author_link":"https:\/\/apuntesdesanluis.com\/index.php\/author\/apuntesdesanluis-com\/"},"category_info":"<a href=\"https:\/\/apuntesdesanluis.com\/index.php\/category\/nacionales-internacionales\/\" rel=\"category tag\">Nacionales\/Internacionales<\/a>","tag_info":"Nacionales\/Internacionales","comment_count":"0","_links":{"self":[{"href":"https:\/\/apuntesdesanluis.com\/index.php\/wp-json\/wp\/v2\/posts\/23469","targetHints":{"allow":["GET"]}}],"collection":[{"href":"https:\/\/apuntesdesanluis.com\/index.php\/wp-json\/wp\/v2\/posts"}],"about":[{"href":"https:\/\/apuntesdesanluis.com\/index.php\/wp-json\/wp\/v2\/types\/post"}],"author":[{"embeddable":true,"href":"https:\/\/apuntesdesanluis.com\/index.php\/wp-json\/wp\/v2\/users\/1"}],"replies":[{"embeddable":true,"href":"https:\/\/apuntesdesanluis.com\/index.php\/wp-json\/wp\/v2\/comments?post=23469"}],"version-history":[{"count":2,"href":"https:\/\/apuntesdesanluis.com\/index.php\/wp-json\/wp\/v2\/posts\/23469\/revisions"}],"predecessor-version":[{"id":23471,"href":"https:\/\/apuntesdesanluis.com\/index.php\/wp-json\/wp\/v2\/posts\/23469\/revisions\/23471"}],"wp:featuredmedia":[{"embeddable":true,"href":"https:\/\/apuntesdesanluis.com\/index.php\/wp-json\/wp\/v2\/media\/5966"}],"wp:attachment":[{"href":"https:\/\/apuntesdesanluis.com\/index.php\/wp-json\/wp\/v2\/media?parent=23469"}],"wp:term":[{"taxonomy":"category","embeddable":true,"href":"https:\/\/apuntesdesanluis.com\/index.php\/wp-json\/wp\/v2\/categories?post=23469"},{"taxonomy":"post_tag","embeddable":true,"href":"https:\/\/apuntesdesanluis.com\/index.php\/wp-json\/wp\/v2\/tags?post=23469"}],"curies":[{"name":"wp","href":"https:\/\/api.w.org\/{rel}","templated":true}]}}