{"id":23472,"date":"2024-10-07T16:13:54","date_gmt":"2024-10-07T19:13:54","guid":{"rendered":"https:\/\/apuntesdesanluis.com\/?p=23472"},"modified":"2024-10-07T16:13:54","modified_gmt":"2024-10-07T19:13:54","slug":"continua-el-dialogo-con-los-partidos-politicos-por-la-reforma-electoral","status":"publish","type":"post","link":"https:\/\/apuntesdesanluis.com\/index.php\/2024\/10\/07\/continua-el-dialogo-con-los-partidos-politicos-por-la-reforma-electoral\/","title":{"rendered":"CONTIN\u00daA EL DI\u00c1LOGO CON LOS PARTIDOS POL\u00cdTICOS POR LA REFORMA ELECTORAL"},"content":{"rendered":"<h3>La secretar\u00eda de Asuntos Institucionales y Enlace Parlamentario, a cargo del secretario <strong>Jos\u00e9 Giraudo<\/strong>, avanza con las reuniones semanales con distintos partidos pol\u00edticos en el marco del an\u00e1lisis de la reforma electoral.<\/h3>\n<h3>El \u00faltimo encuentro cont\u00f3 con la participaci\u00f3n de representantes del <strong>Partido Justicialista (PJ), Frente para la Victoria (FpV), Compromiso por San Luis, M\u00e1s San Luis<\/strong> y <strong>Tercera Posici\u00f3n<\/strong>.<\/h3>\n<h3><img fetchpriority=\"high\" decoding=\"async\" class=\"wp-image-23474 aligncenter\" src=\"https:\/\/apuntesdesanluis.com\/wp-content\/uploads\/2024\/10\/dialogo-3-300x216.jpg\" alt=\"\" width=\"608\" height=\"438\" srcset=\"https:\/\/apuntesdesanluis.com\/wp-content\/uploads\/2024\/10\/dialogo-3-300x216.jpg 300w, https:\/\/apuntesdesanluis.com\/wp-content\/uploads\/2024\/10\/dialogo-3.jpg 700w\" sizes=\"(max-width: 608px) 100vw, 608px\" \/><\/h3>\n<h3>El debate principal gir\u00f3 en torno a la necesidad de modernizar y transparentar las pr\u00e1cticas electorales, siguiendo las pautas trazadas por el gobernador Claudio Poggi. Los dirigentes discutieron temas como la derogaci\u00f3n de la Ley de Lemas, la implementaci\u00f3n de la boleta \u00fanica de papel, paridad de g\u00e9nero y el an\u00e1lisis de nuevos sistemas de votaci\u00f3n, como el voto electr\u00f3nico, que permitan reducir costos y mejorar la eficiencia de los comicios.<\/h3>\n<h3>Giraudo explic\u00f3 que se est\u00e1n generando distintos espacios de di\u00e1logo para que todos los actores participen y se alcance una conformidad amplia para la reforma. Respecto a esto, \u00c1ngela Gatto, representante del PJ, expres\u00f3 que espera que se logre el consenso entre los espacios y se respete.<\/h3>\n<div style=\"width: 640px;\" class=\"wp-video\"><!--[if lt IE 9]><script>document.createElement('video');<\/script><![endif]-->\n<video class=\"wp-video-shortcode\" id=\"video-23472-1\" width=\"640\" height=\"360\" preload=\"metadata\" controls=\"controls\"><source type=\"video\/mp4\" src=\"https:\/\/apuntesdesanluis.com\/wp-content\/uploads\/2024\/10\/gonzalez.mp4?_=1\" \/><a href=\"https:\/\/apuntesdesanluis.com\/wp-content\/uploads\/2024\/10\/gonzalez.mp4\">https:\/\/apuntesdesanluis.com\/wp-content\/uploads\/2024\/10\/gonzalez.mp4<\/a><\/video><\/div>\n<h3><strong>Diego Gonz\u00e1lez<\/strong>, tambi\u00e9n del PJ, destac\u00f3 la relevancia de esta mesa de debate para tratar temas como la modernizaci\u00f3n del sistema de votaci\u00f3n y la posibilidad de eliminar ciertos aspectos de la ley electoral vigente. El secretario sum\u00f3 que \u201cel sistema actual es vetusto, costoso, tanto en t\u00e9rminos econ\u00f3micos como ambientales. Buscamos facilitar los procesos para los partidos pol\u00edticos y los ciudadanos\u201d.<\/h3>\n<h3><strong>Hugo Murgo<\/strong>, de Compromiso por San Luis, valor\u00f3 la iniciativa del Gobierno provincial: \u201cNosotros estamos muy de acuerdo con la propuesta, sobre todo en el voto, c\u00f3mo expresar el nuevo voto y eliminar algunas cosas que la ley tiene que eliminar porque ya es vieja y obsoleta\u201d.<\/h3>\n<div style=\"width: 640px;\" class=\"wp-video\"><video class=\"wp-video-shortcode\" id=\"video-23472-2\" width=\"640\" height=\"360\" preload=\"metadata\" controls=\"controls\"><source type=\"video\/mp4\" src=\"https:\/\/apuntesdesanluis.com\/wp-content\/uploads\/2024\/10\/murgo.mp4?_=2\" \/><a href=\"https:\/\/apuntesdesanluis.com\/wp-content\/uploads\/2024\/10\/murgo.mp4\">https:\/\/apuntesdesanluis.com\/wp-content\/uploads\/2024\/10\/murgo.mp4<\/a><\/video><\/div>\n<h3>El representante de FpV, <strong>Roberto Gonz\u00e1lez Esp\u00edndola<\/strong>, expres\u00f3: \u201cSiempre es bueno dialogar y la convocatoria me parece que es importante\u201d. Esp\u00edndola reflexion\u00f3 que es fundamental que se expresen las diversas opiniones e ideolog\u00edas presentes en los partidos pol\u00edticos, independientemente del resultado final que se llegue a aprobar.<\/h3>\n<h3>Las reuniones de la Secretar\u00eda continuar\u00e1n en las pr\u00f3ximas semanas y ser\u00e1n paralelas a las de la Comisi\u00f3n de An\u00e1lisis del Sistema Electoral y Protocolo de Traspaso de Mando en la Legislatura, buscando intercambiar opiniones sobre estas modificaciones y lograr un marco electoral que se adapte a las demandas actuales de la provincia.<\/h3>\n<p>&nbsp;<\/p>\n<p>&nbsp;<\/p>\n<p>&nbsp;<\/p>\n<p>&nbsp;<\/p>\n<p>&nbsp;<\/p>\n<p>&nbsp;<\/p>\n<p>&nbsp;<\/p>\n","protected":false},"excerpt":{"rendered":"<p>La secretar\u00eda de Asuntos Institucionales y Enlace Parlamentario, a cargo del secretario Jos\u00e9 Giraudo, avanza&#8230;<\/p>\n","protected":false},"author":1,"featured_media":23473,"comment_status":"closed","ping_status":"closed","sticky":false,"template":"","format":"standard","meta":{"footnotes":""},"categories":[6],"tags":[],"class_list":["post-23472","post","type-post","status-publish","format-standard","has-post-thumbnail","hentry","category-ciudad-provincia"],"yoast_head":"<!-- This site is optimized with the Yoast SEO plugin v26.1.1 - https:\/\/yoast.com\/wordpress\/plugins\/seo\/ -->\n<title>CONTIN\u00daA EL DI\u00c1LOGO CON LOS PARTIDOS POL\u00cdTICOS POR LA REFORMA ELECTORAL - Apuntes de San Luis<\/title>\n<meta name=\"robots\" content=\"index, follow, max-snippet:-1, max-image-preview:large, max-video-preview:-1\" \/>\n<link rel=\"canonical\" href=\"https:\/\/apuntesdesanluis.com\/index.php\/2024\/10\/07\/continua-el-dialogo-con-los-partidos-politicos-por-la-reforma-electoral\/\" \/>\n<meta property=\"og:locale\" content=\"es_ES\" \/>\n<meta property=\"og:type\" content=\"article\" \/>\n<meta property=\"og:title\" content=\"CONTIN\u00daA EL DI\u00c1LOGO CON LOS PARTIDOS POL\u00cdTICOS POR LA REFORMA ELECTORAL - Apuntes de San Luis\" \/>\n<meta property=\"og:description\" content=\"La secretar\u00eda de Asuntos Institucionales y Enlace Parlamentario, a cargo del secretario Jos\u00e9 Giraudo, avanza...\" \/>\n<meta property=\"og:url\" content=\"https:\/\/apuntesdesanluis.com\/index.php\/2024\/10\/07\/continua-el-dialogo-con-los-partidos-politicos-por-la-reforma-electoral\/\" \/>\n<meta property=\"og:site_name\" content=\"Apuntes de San Luis\" \/>\n<meta property=\"article:published_time\" content=\"2024-10-07T19:13:54+00:00\" \/>\n<meta property=\"og:image\" content=\"https:\/\/apuntesdesanluis.com\/wp-content\/uploads\/2024\/10\/dialogo-2.jpg\" \/>\n\t<meta property=\"og:image:width\" content=\"700\" \/>\n\t<meta property=\"og:image:height\" content=\"465\" \/>\n\t<meta property=\"og:image:type\" content=\"image\/jpeg\" \/>\n<meta name=\"author\" content=\"apuntesdesanluis.com\" \/>\n<meta name=\"twitter:card\" content=\"summary_large_image\" \/>\n<meta name=\"twitter:label1\" content=\"Escrito por\" \/>\n\t<meta name=\"twitter:data1\" content=\"apuntesdesanluis.com\" \/>\n\t<meta name=\"twitter:label2\" content=\"Tiempo de lectura\" \/>\n\t<meta name=\"twitter:data2\" content=\"3 minutos\" \/>\n<script type=\"application\/ld+json\" class=\"yoast-schema-graph\">{\"@context\":\"https:\/\/schema.org\",\"@graph\":[{\"@type\":\"Article\",\"@id\":\"https:\/\/apuntesdesanluis.com\/index.php\/2024\/10\/07\/continua-el-dialogo-con-los-partidos-politicos-por-la-reforma-electoral\/#article\",\"isPartOf\":{\"@id\":\"https:\/\/apuntesdesanluis.com\/index.php\/2024\/10\/07\/continua-el-dialogo-con-los-partidos-politicos-por-la-reforma-electoral\/\"},\"author\":{\"name\":\"apuntesdesanluis.com\",\"@id\":\"https:\/\/apuntesdesanluis.com\/#\/schema\/person\/b55151d52296fcce64d1a72538a70b90\"},\"headline\":\"CONTIN\u00daA EL DI\u00c1LOGO CON LOS PARTIDOS POL\u00cdTICOS POR LA REFORMA ELECTORAL\",\"datePublished\":\"2024-10-07T19:13:54+00:00\",\"mainEntityOfPage\":{\"@id\":\"https:\/\/apuntesdesanluis.com\/index.php\/2024\/10\/07\/continua-el-dialogo-con-los-partidos-politicos-por-la-reforma-electoral\/\"},\"wordCount\":466,\"publisher\":{\"@id\":\"https:\/\/apuntesdesanluis.com\/#\/schema\/person\/b55151d52296fcce64d1a72538a70b90\"},\"image\":{\"@id\":\"https:\/\/apuntesdesanluis.com\/index.php\/2024\/10\/07\/continua-el-dialogo-con-los-partidos-politicos-por-la-reforma-electoral\/#primaryimage\"},\"thumbnailUrl\":\"https:\/\/apuntesdesanluis.com\/wp-content\/uploads\/2024\/10\/dialogo-2.jpg\",\"articleSection\":[\"Ciudad\/Provincia\"],\"inLanguage\":\"es-AR\"},{\"@type\":\"WebPage\",\"@id\":\"https:\/\/apuntesdesanluis.com\/index.php\/2024\/10\/07\/continua-el-dialogo-con-los-partidos-politicos-por-la-reforma-electoral\/\",\"url\":\"https:\/\/apuntesdesanluis.com\/index.php\/2024\/10\/07\/continua-el-dialogo-con-los-partidos-politicos-por-la-reforma-electoral\/\",\"name\":\"CONTIN\u00daA EL DI\u00c1LOGO CON LOS PARTIDOS POL\u00cdTICOS POR LA REFORMA ELECTORAL - Apuntes de San Luis\",\"isPartOf\":{\"@id\":\"https:\/\/apuntesdesanluis.com\/#website\"},\"primaryImageOfPage\":{\"@id\":\"https:\/\/apuntesdesanluis.com\/index.php\/2024\/10\/07\/continua-el-dialogo-con-los-partidos-politicos-por-la-reforma-electoral\/#primaryimage\"},\"image\":{\"@id\":\"https:\/\/apuntesdesanluis.com\/index.php\/2024\/10\/07\/continua-el-dialogo-con-los-partidos-politicos-por-la-reforma-electoral\/#primaryimage\"},\"thumbnailUrl\":\"https:\/\/apuntesdesanluis.com\/wp-content\/uploads\/2024\/10\/dialogo-2.jpg\",\"datePublished\":\"2024-10-07T19:13:54+00:00\",\"breadcrumb\":{\"@id\":\"https:\/\/apuntesdesanluis.com\/index.php\/2024\/10\/07\/continua-el-dialogo-con-los-partidos-politicos-por-la-reforma-electoral\/#breadcrumb\"},\"inLanguage\":\"es-AR\",\"potentialAction\":[{\"@type\":\"ReadAction\",\"target\":[\"https:\/\/apuntesdesanluis.com\/index.php\/2024\/10\/07\/continua-el-dialogo-con-los-partidos-politicos-por-la-reforma-electoral\/\"]}]},{\"@type\":\"ImageObject\",\"inLanguage\":\"es-AR\",\"@id\":\"https:\/\/apuntesdesanluis.com\/index.php\/2024\/10\/07\/continua-el-dialogo-con-los-partidos-politicos-por-la-reforma-electoral\/#primaryimage\",\"url\":\"https:\/\/apuntesdesanluis.com\/wp-content\/uploads\/2024\/10\/dialogo-2.jpg\",\"contentUrl\":\"https:\/\/apuntesdesanluis.com\/wp-content\/uploads\/2024\/10\/dialogo-2.jpg\",\"width\":700,\"height\":465},{\"@type\":\"BreadcrumbList\",\"@id\":\"https:\/\/apuntesdesanluis.com\/index.php\/2024\/10\/07\/continua-el-dialogo-con-los-partidos-politicos-por-la-reforma-electoral\/#breadcrumb\",\"itemListElement\":[{\"@type\":\"ListItem\",\"position\":1,\"name\":\"Inicio\",\"item\":\"https:\/\/apuntesdesanluis.com\/\"},{\"@type\":\"ListItem\",\"position\":2,\"name\":\"CONTIN\u00daA EL DI\u00c1LOGO CON LOS PARTIDOS POL\u00cdTICOS POR LA REFORMA ELECTORAL\"}]},{\"@type\":\"WebSite\",\"@id\":\"https:\/\/apuntesdesanluis.com\/#website\",\"url\":\"https:\/\/apuntesdesanluis.com\/\",\"name\":\"Apuntes de San Luis\",\"description\":\"\",\"publisher\":{\"@id\":\"https:\/\/apuntesdesanluis.com\/#\/schema\/person\/b55151d52296fcce64d1a72538a70b90\"},\"potentialAction\":[{\"@type\":\"SearchAction\",\"target\":{\"@type\":\"EntryPoint\",\"urlTemplate\":\"https:\/\/apuntesdesanluis.com\/?s={search_term_string}\"},\"query-input\":{\"@type\":\"PropertyValueSpecification\",\"valueRequired\":true,\"valueName\":\"search_term_string\"}}],\"inLanguage\":\"es-AR\"},{\"@type\":[\"Person\",\"Organization\"],\"@id\":\"https:\/\/apuntesdesanluis.com\/#\/schema\/person\/b55151d52296fcce64d1a72538a70b90\",\"name\":\"apuntesdesanluis.com\",\"image\":{\"@type\":\"ImageObject\",\"inLanguage\":\"es-AR\",\"@id\":\"https:\/\/apuntesdesanluis.com\/#\/schema\/person\/image\/\",\"url\":\"https:\/\/apuntesdesanluis.com\/wp-content\/uploads\/2023\/07\/cropped-apuntesdesanluis.png\",\"contentUrl\":\"https:\/\/apuntesdesanluis.com\/wp-content\/uploads\/2023\/07\/cropped-apuntesdesanluis.png\",\"width\":450,\"height\":112,\"caption\":\"apuntesdesanluis.com\"},\"logo\":{\"@id\":\"https:\/\/apuntesdesanluis.com\/#\/schema\/person\/image\/\"},\"sameAs\":[\"https:\/\/apuntesdesanluis.com\"],\"url\":\"https:\/\/apuntesdesanluis.com\/index.php\/author\/apuntesdesanluis-com\/\"}]}<\/script>\n<!-- \/ Yoast SEO plugin. -->","yoast_head_json":{"title":"CONTIN\u00daA EL DI\u00c1LOGO CON LOS PARTIDOS POL\u00cdTICOS POR LA REFORMA ELECTORAL - Apuntes de San Luis","robots":{"index":"index","follow":"follow","max-snippet":"max-snippet:-1","max-image-preview":"max-image-preview:large","max-video-preview":"max-video-preview:-1"},"canonical":"https:\/\/apuntesdesanluis.com\/index.php\/2024\/10\/07\/continua-el-dialogo-con-los-partidos-politicos-por-la-reforma-electoral\/","og_locale":"es_ES","og_type":"article","og_title":"CONTIN\u00daA EL DI\u00c1LOGO CON LOS PARTIDOS POL\u00cdTICOS POR LA REFORMA ELECTORAL - Apuntes de San Luis","og_description":"La secretar\u00eda de Asuntos Institucionales y Enlace Parlamentario, a cargo del secretario Jos\u00e9 Giraudo, avanza...","og_url":"https:\/\/apuntesdesanluis.com\/index.php\/2024\/10\/07\/continua-el-dialogo-con-los-partidos-politicos-por-la-reforma-electoral\/","og_site_name":"Apuntes de San Luis","article_published_time":"2024-10-07T19:13:54+00:00","og_image":[{"width":700,"height":465,"url":"https:\/\/apuntesdesanluis.com\/wp-content\/uploads\/2024\/10\/dialogo-2.jpg","type":"image\/jpeg"}],"author":"apuntesdesanluis.com","twitter_card":"summary_large_image","twitter_misc":{"Escrito por":"apuntesdesanluis.com","Tiempo de lectura":"3 minutos"},"schema":{"@context":"https:\/\/schema.org","@graph":[{"@type":"Article","@id":"https:\/\/apuntesdesanluis.com\/index.php\/2024\/10\/07\/continua-el-dialogo-con-los-partidos-politicos-por-la-reforma-electoral\/#article","isPartOf":{"@id":"https:\/\/apuntesdesanluis.com\/index.php\/2024\/10\/07\/continua-el-dialogo-con-los-partidos-politicos-por-la-reforma-electoral\/"},"author":{"name":"apuntesdesanluis.com","@id":"https:\/\/apuntesdesanluis.com\/#\/schema\/person\/b55151d52296fcce64d1a72538a70b90"},"headline":"CONTIN\u00daA EL DI\u00c1LOGO CON LOS PARTIDOS POL\u00cdTICOS POR LA REFORMA ELECTORAL","datePublished":"2024-10-07T19:13:54+00:00","mainEntityOfPage":{"@id":"https:\/\/apuntesdesanluis.com\/index.php\/2024\/10\/07\/continua-el-dialogo-con-los-partidos-politicos-por-la-reforma-electoral\/"},"wordCount":466,"publisher":{"@id":"https:\/\/apuntesdesanluis.com\/#\/schema\/person\/b55151d52296fcce64d1a72538a70b90"},"image":{"@id":"https:\/\/apuntesdesanluis.com\/index.php\/2024\/10\/07\/continua-el-dialogo-con-los-partidos-politicos-por-la-reforma-electoral\/#primaryimage"},"thumbnailUrl":"https:\/\/apuntesdesanluis.com\/wp-content\/uploads\/2024\/10\/dialogo-2.jpg","articleSection":["Ciudad\/Provincia"],"inLanguage":"es-AR"},{"@type":"WebPage","@id":"https:\/\/apuntesdesanluis.com\/index.php\/2024\/10\/07\/continua-el-dialogo-con-los-partidos-politicos-por-la-reforma-electoral\/","url":"https:\/\/apuntesdesanluis.com\/index.php\/2024\/10\/07\/continua-el-dialogo-con-los-partidos-politicos-por-la-reforma-electoral\/","name":"CONTIN\u00daA EL DI\u00c1LOGO CON LOS PARTIDOS POL\u00cdTICOS POR LA REFORMA ELECTORAL - Apuntes de San Luis","isPartOf":{"@id":"https:\/\/apuntesdesanluis.com\/#website"},"primaryImageOfPage":{"@id":"https:\/\/apuntesdesanluis.com\/index.php\/2024\/10\/07\/continua-el-dialogo-con-los-partidos-politicos-por-la-reforma-electoral\/#primaryimage"},"image":{"@id":"https:\/\/apuntesdesanluis.com\/index.php\/2024\/10\/07\/continua-el-dialogo-con-los-partidos-politicos-por-la-reforma-electoral\/#primaryimage"},"thumbnailUrl":"https:\/\/apuntesdesanluis.com\/wp-content\/uploads\/2024\/10\/dialogo-2.jpg","datePublished":"2024-10-07T19:13:54+00:00","breadcrumb":{"@id":"https:\/\/apuntesdesanluis.com\/index.php\/2024\/10\/07\/continua-el-dialogo-con-los-partidos-politicos-por-la-reforma-electoral\/#breadcrumb"},"inLanguage":"es-AR","potentialAction":[{"@type":"ReadAction","target":["https:\/\/apuntesdesanluis.com\/index.php\/2024\/10\/07\/continua-el-dialogo-con-los-partidos-politicos-por-la-reforma-electoral\/"]}]},{"@type":"ImageObject","inLanguage":"es-AR","@id":"https:\/\/apuntesdesanluis.com\/index.php\/2024\/10\/07\/continua-el-dialogo-con-los-partidos-politicos-por-la-reforma-electoral\/#primaryimage","url":"https:\/\/apuntesdesanluis.com\/wp-content\/uploads\/2024\/10\/dialogo-2.jpg","contentUrl":"https:\/\/apuntesdesanluis.com\/wp-content\/uploads\/2024\/10\/dialogo-2.jpg","width":700,"height":465},{"@type":"BreadcrumbList","@id":"https:\/\/apuntesdesanluis.com\/index.php\/2024\/10\/07\/continua-el-dialogo-con-los-partidos-politicos-por-la-reforma-electoral\/#breadcrumb","itemListElement":[{"@type":"ListItem","position":1,"name":"Inicio","item":"https:\/\/apuntesdesanluis.com\/"},{"@type":"ListItem","position":2,"name":"CONTIN\u00daA EL DI\u00c1LOGO CON LOS PARTIDOS POL\u00cdTICOS POR LA REFORMA ELECTORAL"}]},{"@type":"WebSite","@id":"https:\/\/apuntesdesanluis.com\/#website","url":"https:\/\/apuntesdesanluis.com\/","name":"Apuntes de San Luis","description":"","publisher":{"@id":"https:\/\/apuntesdesanluis.com\/#\/schema\/person\/b55151d52296fcce64d1a72538a70b90"},"potentialAction":[{"@type":"SearchAction","target":{"@type":"EntryPoint","urlTemplate":"https:\/\/apuntesdesanluis.com\/?s={search_term_string}"},"query-input":{"@type":"PropertyValueSpecification","valueRequired":true,"valueName":"search_term_string"}}],"inLanguage":"es-AR"},{"@type":["Person","Organization"],"@id":"https:\/\/apuntesdesanluis.com\/#\/schema\/person\/b55151d52296fcce64d1a72538a70b90","name":"apuntesdesanluis.com","image":{"@type":"ImageObject","inLanguage":"es-AR","@id":"https:\/\/apuntesdesanluis.com\/#\/schema\/person\/image\/","url":"https:\/\/apuntesdesanluis.com\/wp-content\/uploads\/2023\/07\/cropped-apuntesdesanluis.png","contentUrl":"https:\/\/apuntesdesanluis.com\/wp-content\/uploads\/2023\/07\/cropped-apuntesdesanluis.png","width":450,"height":112,"caption":"apuntesdesanluis.com"},"logo":{"@id":"https:\/\/apuntesdesanluis.com\/#\/schema\/person\/image\/"},"sameAs":["https:\/\/apuntesdesanluis.com"],"url":"https:\/\/apuntesdesanluis.com\/index.php\/author\/apuntesdesanluis-com\/"}]}},"featured_image_urls":{"full":["https:\/\/apuntesdesanluis.com\/wp-content\/uploads\/2024\/10\/dialogo-2.jpg",700,465,false],"thumbnail":["https:\/\/apuntesdesanluis.com\/wp-content\/uploads\/2024\/10\/dialogo-2-150x150.jpg",150,150,true],"medium":["https:\/\/apuntesdesanluis.com\/wp-content\/uploads\/2024\/10\/dialogo-2-300x199.jpg",300,199,true],"medium_large":["https:\/\/apuntesdesanluis.com\/wp-content\/uploads\/2024\/10\/dialogo-2.jpg",640,425,false],"large":["https:\/\/apuntesdesanluis.com\/wp-content\/uploads\/2024\/10\/dialogo-2.jpg",640,425,false],"1536x1536":["https:\/\/apuntesdesanluis.com\/wp-content\/uploads\/2024\/10\/dialogo-2.jpg",700,465,false],"2048x2048":["https:\/\/apuntesdesanluis.com\/wp-content\/uploads\/2024\/10\/dialogo-2.jpg",700,465,false],"newsever-slider-full":["https:\/\/apuntesdesanluis.com\/wp-content\/uploads\/2024\/10\/dialogo-2.jpg",700,465,false],"newsever-featured":["https:\/\/apuntesdesanluis.com\/wp-content\/uploads\/2024\/10\/dialogo-2.jpg",700,465,false],"newsever-medium":["https:\/\/apuntesdesanluis.com\/wp-content\/uploads\/2024\/10\/dialogo-2.jpg",700,465,false]},"author_info":{"display_name":"apuntesdesanluis.com","author_link":"https:\/\/apuntesdesanluis.com\/index.php\/author\/apuntesdesanluis-com\/"},"category_info":"<a href=\"https:\/\/apuntesdesanluis.com\/index.php\/category\/ciudad-provincia\/\" rel=\"category tag\">Ciudad\/Provincia<\/a>","tag_info":"Ciudad\/Provincia","comment_count":"0","_links":{"self":[{"href":"https:\/\/apuntesdesanluis.com\/index.php\/wp-json\/wp\/v2\/posts\/23472","targetHints":{"allow":["GET"]}}],"collection":[{"href":"https:\/\/apuntesdesanluis.com\/index.php\/wp-json\/wp\/v2\/posts"}],"about":[{"href":"https:\/\/apuntesdesanluis.com\/index.php\/wp-json\/wp\/v2\/types\/post"}],"author":[{"embeddable":true,"href":"https:\/\/apuntesdesanluis.com\/index.php\/wp-json\/wp\/v2\/users\/1"}],"replies":[{"embeddable":true,"href":"https:\/\/apuntesdesanluis.com\/index.php\/wp-json\/wp\/v2\/comments?post=23472"}],"version-history":[{"count":1,"href":"https:\/\/apuntesdesanluis.com\/index.php\/wp-json\/wp\/v2\/posts\/23472\/revisions"}],"predecessor-version":[{"id":23477,"href":"https:\/\/apuntesdesanluis.com\/index.php\/wp-json\/wp\/v2\/posts\/23472\/revisions\/23477"}],"wp:featuredmedia":[{"embeddable":true,"href":"https:\/\/apuntesdesanluis.com\/index.php\/wp-json\/wp\/v2\/media\/23473"}],"wp:attachment":[{"href":"https:\/\/apuntesdesanluis.com\/index.php\/wp-json\/wp\/v2\/media?parent=23472"}],"wp:term":[{"taxonomy":"category","embeddable":true,"href":"https:\/\/apuntesdesanluis.com\/index.php\/wp-json\/wp\/v2\/categories?post=23472"},{"taxonomy":"post_tag","embeddable":true,"href":"https:\/\/apuntesdesanluis.com\/index.php\/wp-json\/wp\/v2\/tags?post=23472"}],"curies":[{"name":"wp","href":"https:\/\/api.w.org\/{rel}","templated":true}]}}