{"id":23482,"date":"2024-10-07T17:28:38","date_gmt":"2024-10-07T20:28:38","guid":{"rendered":"https:\/\/apuntesdesanluis.com\/?p=23482"},"modified":"2024-10-07T17:33:45","modified_gmt":"2024-10-07T20:33:45","slug":"polemica-en-la-ucr-el-sector-de-lousteau-afirma-que-gano-la-eleccion","status":"publish","type":"post","link":"https:\/\/apuntesdesanluis.com\/index.php\/2024\/10\/07\/polemica-en-la-ucr-el-sector-de-lousteau-afirma-que-gano-la-eleccion\/","title":{"rendered":"POL\u00c9MICA EN LA UCR: EL SECTOR DE LOUSTEAU AFIRMA QUE GAN\u00d3 LA ELECCI\u00d3N"},"content":{"rendered":"<h3>El candidato a presidir el Comit\u00e9 de la UCR de la provincia de Buenos Aires por la lista \u201cFuturo Radical\u201d, Pablo Domenichini asegur\u00f3 que su espacio fue el vencedor de las elecciones internas que se celebraron este domingo, pese a que el sector rival -Unidad Radical, cuyo candidato fue <span style=\"color: #3366ff;\"><strong><a style=\"color: #3366ff;\" href=\"https:\/\/apuntesdesanluis.com\/index.php\/2024\/10\/07\/abad-y-posse-frenaron-en-las-elecciones-internas-de-provincia-de-bs-as-a-lousteau-manes\/\" target=\"_blank\" rel=\"noopener\">el ex intendente de Trenque Lauquen, Miguel Fern\u00e1ndez- tambi\u00e9n se proclam\u00f3 ganador<\/a><\/strong>.<\/span><\/h3>\n<h3>En el medio est\u00e1n las dos c\u00fapulas que pugnan por la conducci\u00f3n del partido. La figura del senador nacional por la Ciudad, <strong>Mart\u00edn Lousteau<\/strong>; el diputado nacional <strong>Facundo Manes<\/strong> acompa\u00f1ando la lista de Domenichini y el sector del senador nacional por la Provincia de Buenos Aires, <strong>Maximiliano Abad<\/strong>, encarnado en el oficialismo radical y buena parte de los intendentes bonaerenses boina blanca por el otro.<\/h3>\n<h3>En la madrugada del lunes, la Junta Electoral partidaria emiti\u00f3 una resoluci\u00f3n con el escrutinio provisorio en la que da como ganadora a la lista de Fern\u00e1ndez con el 55% de los votos; que hizo que la dirigencia que respald\u00f3 a este sector en las internas saliera a celebrar la victoria. En el recuento est\u00e1n impugnadas todas las mesas de Quilmes, donde \u201cFuturo Radical\u201d tiene buena parte de su electorado. Este lunes al mediod\u00eda, el espacio de Lousteau mostr\u00f3 su escrutinio con Quilmes incluido que lo da como ganador por 561.<\/h3>\n<h3>Domenichini lo explic\u00f3 de la siguiente manera: \u201cNosotros. Hemos ganado la elecci\u00f3n, desarrollamos una campa\u00f1a muy importante planteando la mirada de un radicalismo que tenga identidad propia y vocaci\u00f3n protag\u00f3nica y la mayor\u00eda de los afiliados que se han acercado a votar han elegido a Futuro Radical para conducir el comit\u00e9 de la Provincia\u201d.<\/h3>\n<h3>En cuanto a las razones por las que la otra lista se arroga el triunfo, agreg\u00f3 que \u201cesa resoluci\u00f3n no contempla el resultado de Quilmes, basado en una impugnaci\u00f3n que nadie conoce y que no sucedi\u00f3 durante todo el tiempo que dur\u00f3 el comicio y tambi\u00e9n est\u00e1n cargados de forma parcial los resultados de otros distritos que obviamente son favorables a nuestra lista y que terminan conformando el triunfo de la lista futuro radical\u201d.<\/h3>\n<p>&nbsp;<\/p>\n<p>&nbsp;<\/p>\n<p>&nbsp;<\/p>\n<p>&nbsp;<\/p>\n","protected":false},"excerpt":{"rendered":"<p>El candidato a presidir el Comit\u00e9 de la UCR de la provincia de Buenos Aires&#8230;<\/p>\n","protected":false},"author":1,"featured_media":23483,"comment_status":"closed","ping_status":"closed","sticky":false,"template":"","format":"standard","meta":{"footnotes":""},"categories":[5],"tags":[],"class_list":["post-23482","post","type-post","status-publish","format-standard","has-post-thumbnail","hentry","category-nacionales-internacionales"],"yoast_head":"<!-- This site is optimized with the Yoast SEO plugin v26.1.1 - https:\/\/yoast.com\/wordpress\/plugins\/seo\/ -->\n<title>POL\u00c9MICA EN LA UCR: EL SECTOR DE LOUSTEAU AFIRMA QUE GAN\u00d3 LA ELECCI\u00d3N - Apuntes de San Luis<\/title>\n<meta name=\"robots\" content=\"index, follow, max-snippet:-1, max-image-preview:large, max-video-preview:-1\" \/>\n<link rel=\"canonical\" href=\"https:\/\/apuntesdesanluis.com\/index.php\/2024\/10\/07\/polemica-en-la-ucr-el-sector-de-lousteau-afirma-que-gano-la-eleccion\/\" \/>\n<meta property=\"og:locale\" content=\"es_ES\" \/>\n<meta property=\"og:type\" content=\"article\" \/>\n<meta property=\"og:title\" content=\"POL\u00c9MICA EN LA UCR: EL SECTOR DE LOUSTEAU AFIRMA QUE GAN\u00d3 LA ELECCI\u00d3N - Apuntes de San Luis\" \/>\n<meta property=\"og:description\" content=\"El candidato a presidir el Comit\u00e9 de la UCR de la provincia de Buenos Aires...\" \/>\n<meta property=\"og:url\" content=\"https:\/\/apuntesdesanluis.com\/index.php\/2024\/10\/07\/polemica-en-la-ucr-el-sector-de-lousteau-afirma-que-gano-la-eleccion\/\" \/>\n<meta property=\"og:site_name\" content=\"Apuntes de San Luis\" \/>\n<meta property=\"article:published_time\" content=\"2024-10-07T20:28:38+00:00\" \/>\n<meta property=\"article:modified_time\" content=\"2024-10-07T20:33:45+00:00\" \/>\n<meta property=\"og:image\" content=\"https:\/\/apuntesdesanluis.com\/wp-content\/uploads\/2024\/10\/pablo-dominichini.png\" \/>\n\t<meta property=\"og:image:width\" content=\"737\" \/>\n\t<meta property=\"og:image:height\" content=\"476\" \/>\n\t<meta property=\"og:image:type\" content=\"image\/png\" \/>\n<meta name=\"author\" content=\"apuntesdesanluis.com\" \/>\n<meta name=\"twitter:card\" content=\"summary_large_image\" \/>\n<meta name=\"twitter:label1\" content=\"Escrito por\" \/>\n\t<meta name=\"twitter:data1\" content=\"apuntesdesanluis.com\" \/>\n\t<meta name=\"twitter:label2\" content=\"Tiempo de lectura\" \/>\n\t<meta name=\"twitter:data2\" content=\"2 minutos\" \/>\n<script type=\"application\/ld+json\" class=\"yoast-schema-graph\">{\"@context\":\"https:\/\/schema.org\",\"@graph\":[{\"@type\":\"Article\",\"@id\":\"https:\/\/apuntesdesanluis.com\/index.php\/2024\/10\/07\/polemica-en-la-ucr-el-sector-de-lousteau-afirma-que-gano-la-eleccion\/#article\",\"isPartOf\":{\"@id\":\"https:\/\/apuntesdesanluis.com\/index.php\/2024\/10\/07\/polemica-en-la-ucr-el-sector-de-lousteau-afirma-que-gano-la-eleccion\/\"},\"author\":{\"name\":\"apuntesdesanluis.com\",\"@id\":\"https:\/\/apuntesdesanluis.com\/#\/schema\/person\/b55151d52296fcce64d1a72538a70b90\"},\"headline\":\"POL\u00c9MICA EN LA UCR: EL SECTOR DE LOUSTEAU AFIRMA QUE GAN\u00d3 LA ELECCI\u00d3N\",\"datePublished\":\"2024-10-07T20:28:38+00:00\",\"dateModified\":\"2024-10-07T20:33:45+00:00\",\"mainEntityOfPage\":{\"@id\":\"https:\/\/apuntesdesanluis.com\/index.php\/2024\/10\/07\/polemica-en-la-ucr-el-sector-de-lousteau-afirma-que-gano-la-eleccion\/\"},\"wordCount\":382,\"publisher\":{\"@id\":\"https:\/\/apuntesdesanluis.com\/#\/schema\/person\/b55151d52296fcce64d1a72538a70b90\"},\"image\":{\"@id\":\"https:\/\/apuntesdesanluis.com\/index.php\/2024\/10\/07\/polemica-en-la-ucr-el-sector-de-lousteau-afirma-que-gano-la-eleccion\/#primaryimage\"},\"thumbnailUrl\":\"https:\/\/apuntesdesanluis.com\/wp-content\/uploads\/2024\/10\/pablo-dominichini.png\",\"articleSection\":[\"Nacionales\/Internacionales\"],\"inLanguage\":\"es-AR\"},{\"@type\":\"WebPage\",\"@id\":\"https:\/\/apuntesdesanluis.com\/index.php\/2024\/10\/07\/polemica-en-la-ucr-el-sector-de-lousteau-afirma-que-gano-la-eleccion\/\",\"url\":\"https:\/\/apuntesdesanluis.com\/index.php\/2024\/10\/07\/polemica-en-la-ucr-el-sector-de-lousteau-afirma-que-gano-la-eleccion\/\",\"name\":\"POL\u00c9MICA EN LA UCR: EL SECTOR DE LOUSTEAU AFIRMA QUE GAN\u00d3 LA ELECCI\u00d3N - Apuntes de San Luis\",\"isPartOf\":{\"@id\":\"https:\/\/apuntesdesanluis.com\/#website\"},\"primaryImageOfPage\":{\"@id\":\"https:\/\/apuntesdesanluis.com\/index.php\/2024\/10\/07\/polemica-en-la-ucr-el-sector-de-lousteau-afirma-que-gano-la-eleccion\/#primaryimage\"},\"image\":{\"@id\":\"https:\/\/apuntesdesanluis.com\/index.php\/2024\/10\/07\/polemica-en-la-ucr-el-sector-de-lousteau-afirma-que-gano-la-eleccion\/#primaryimage\"},\"thumbnailUrl\":\"https:\/\/apuntesdesanluis.com\/wp-content\/uploads\/2024\/10\/pablo-dominichini.png\",\"datePublished\":\"2024-10-07T20:28:38+00:00\",\"dateModified\":\"2024-10-07T20:33:45+00:00\",\"breadcrumb\":{\"@id\":\"https:\/\/apuntesdesanluis.com\/index.php\/2024\/10\/07\/polemica-en-la-ucr-el-sector-de-lousteau-afirma-que-gano-la-eleccion\/#breadcrumb\"},\"inLanguage\":\"es-AR\",\"potentialAction\":[{\"@type\":\"ReadAction\",\"target\":[\"https:\/\/apuntesdesanluis.com\/index.php\/2024\/10\/07\/polemica-en-la-ucr-el-sector-de-lousteau-afirma-que-gano-la-eleccion\/\"]}]},{\"@type\":\"ImageObject\",\"inLanguage\":\"es-AR\",\"@id\":\"https:\/\/apuntesdesanluis.com\/index.php\/2024\/10\/07\/polemica-en-la-ucr-el-sector-de-lousteau-afirma-que-gano-la-eleccion\/#primaryimage\",\"url\":\"https:\/\/apuntesdesanluis.com\/wp-content\/uploads\/2024\/10\/pablo-dominichini.png\",\"contentUrl\":\"https:\/\/apuntesdesanluis.com\/wp-content\/uploads\/2024\/10\/pablo-dominichini.png\",\"width\":737,\"height\":476},{\"@type\":\"BreadcrumbList\",\"@id\":\"https:\/\/apuntesdesanluis.com\/index.php\/2024\/10\/07\/polemica-en-la-ucr-el-sector-de-lousteau-afirma-que-gano-la-eleccion\/#breadcrumb\",\"itemListElement\":[{\"@type\":\"ListItem\",\"position\":1,\"name\":\"Inicio\",\"item\":\"https:\/\/apuntesdesanluis.com\/\"},{\"@type\":\"ListItem\",\"position\":2,\"name\":\"POL\u00c9MICA EN LA UCR: EL SECTOR DE LOUSTEAU AFIRMA QUE GAN\u00d3 LA ELECCI\u00d3N\"}]},{\"@type\":\"WebSite\",\"@id\":\"https:\/\/apuntesdesanluis.com\/#website\",\"url\":\"https:\/\/apuntesdesanluis.com\/\",\"name\":\"Apuntes de San Luis\",\"description\":\"\",\"publisher\":{\"@id\":\"https:\/\/apuntesdesanluis.com\/#\/schema\/person\/b55151d52296fcce64d1a72538a70b90\"},\"potentialAction\":[{\"@type\":\"SearchAction\",\"target\":{\"@type\":\"EntryPoint\",\"urlTemplate\":\"https:\/\/apuntesdesanluis.com\/?s={search_term_string}\"},\"query-input\":{\"@type\":\"PropertyValueSpecification\",\"valueRequired\":true,\"valueName\":\"search_term_string\"}}],\"inLanguage\":\"es-AR\"},{\"@type\":[\"Person\",\"Organization\"],\"@id\":\"https:\/\/apuntesdesanluis.com\/#\/schema\/person\/b55151d52296fcce64d1a72538a70b90\",\"name\":\"apuntesdesanluis.com\",\"image\":{\"@type\":\"ImageObject\",\"inLanguage\":\"es-AR\",\"@id\":\"https:\/\/apuntesdesanluis.com\/#\/schema\/person\/image\/\",\"url\":\"https:\/\/apuntesdesanluis.com\/wp-content\/uploads\/2023\/07\/cropped-apuntesdesanluis.png\",\"contentUrl\":\"https:\/\/apuntesdesanluis.com\/wp-content\/uploads\/2023\/07\/cropped-apuntesdesanluis.png\",\"width\":450,\"height\":112,\"caption\":\"apuntesdesanluis.com\"},\"logo\":{\"@id\":\"https:\/\/apuntesdesanluis.com\/#\/schema\/person\/image\/\"},\"sameAs\":[\"https:\/\/apuntesdesanluis.com\"],\"url\":\"https:\/\/apuntesdesanluis.com\/index.php\/author\/apuntesdesanluis-com\/\"}]}<\/script>\n<!-- \/ Yoast SEO plugin. -->","yoast_head_json":{"title":"POL\u00c9MICA EN LA UCR: EL SECTOR DE LOUSTEAU AFIRMA QUE GAN\u00d3 LA ELECCI\u00d3N - Apuntes de San Luis","robots":{"index":"index","follow":"follow","max-snippet":"max-snippet:-1","max-image-preview":"max-image-preview:large","max-video-preview":"max-video-preview:-1"},"canonical":"https:\/\/apuntesdesanluis.com\/index.php\/2024\/10\/07\/polemica-en-la-ucr-el-sector-de-lousteau-afirma-que-gano-la-eleccion\/","og_locale":"es_ES","og_type":"article","og_title":"POL\u00c9MICA EN LA UCR: EL SECTOR DE LOUSTEAU AFIRMA QUE GAN\u00d3 LA ELECCI\u00d3N - Apuntes de San Luis","og_description":"El candidato a presidir el Comit\u00e9 de la UCR de la provincia de Buenos Aires...","og_url":"https:\/\/apuntesdesanluis.com\/index.php\/2024\/10\/07\/polemica-en-la-ucr-el-sector-de-lousteau-afirma-que-gano-la-eleccion\/","og_site_name":"Apuntes de San Luis","article_published_time":"2024-10-07T20:28:38+00:00","article_modified_time":"2024-10-07T20:33:45+00:00","og_image":[{"width":737,"height":476,"url":"https:\/\/apuntesdesanluis.com\/wp-content\/uploads\/2024\/10\/pablo-dominichini.png","type":"image\/png"}],"author":"apuntesdesanluis.com","twitter_card":"summary_large_image","twitter_misc":{"Escrito por":"apuntesdesanluis.com","Tiempo de lectura":"2 minutos"},"schema":{"@context":"https:\/\/schema.org","@graph":[{"@type":"Article","@id":"https:\/\/apuntesdesanluis.com\/index.php\/2024\/10\/07\/polemica-en-la-ucr-el-sector-de-lousteau-afirma-que-gano-la-eleccion\/#article","isPartOf":{"@id":"https:\/\/apuntesdesanluis.com\/index.php\/2024\/10\/07\/polemica-en-la-ucr-el-sector-de-lousteau-afirma-que-gano-la-eleccion\/"},"author":{"name":"apuntesdesanluis.com","@id":"https:\/\/apuntesdesanluis.com\/#\/schema\/person\/b55151d52296fcce64d1a72538a70b90"},"headline":"POL\u00c9MICA EN LA UCR: EL SECTOR DE LOUSTEAU AFIRMA QUE GAN\u00d3 LA ELECCI\u00d3N","datePublished":"2024-10-07T20:28:38+00:00","dateModified":"2024-10-07T20:33:45+00:00","mainEntityOfPage":{"@id":"https:\/\/apuntesdesanluis.com\/index.php\/2024\/10\/07\/polemica-en-la-ucr-el-sector-de-lousteau-afirma-que-gano-la-eleccion\/"},"wordCount":382,"publisher":{"@id":"https:\/\/apuntesdesanluis.com\/#\/schema\/person\/b55151d52296fcce64d1a72538a70b90"},"image":{"@id":"https:\/\/apuntesdesanluis.com\/index.php\/2024\/10\/07\/polemica-en-la-ucr-el-sector-de-lousteau-afirma-que-gano-la-eleccion\/#primaryimage"},"thumbnailUrl":"https:\/\/apuntesdesanluis.com\/wp-content\/uploads\/2024\/10\/pablo-dominichini.png","articleSection":["Nacionales\/Internacionales"],"inLanguage":"es-AR"},{"@type":"WebPage","@id":"https:\/\/apuntesdesanluis.com\/index.php\/2024\/10\/07\/polemica-en-la-ucr-el-sector-de-lousteau-afirma-que-gano-la-eleccion\/","url":"https:\/\/apuntesdesanluis.com\/index.php\/2024\/10\/07\/polemica-en-la-ucr-el-sector-de-lousteau-afirma-que-gano-la-eleccion\/","name":"POL\u00c9MICA EN LA UCR: EL SECTOR DE LOUSTEAU AFIRMA QUE GAN\u00d3 LA ELECCI\u00d3N - Apuntes de San Luis","isPartOf":{"@id":"https:\/\/apuntesdesanluis.com\/#website"},"primaryImageOfPage":{"@id":"https:\/\/apuntesdesanluis.com\/index.php\/2024\/10\/07\/polemica-en-la-ucr-el-sector-de-lousteau-afirma-que-gano-la-eleccion\/#primaryimage"},"image":{"@id":"https:\/\/apuntesdesanluis.com\/index.php\/2024\/10\/07\/polemica-en-la-ucr-el-sector-de-lousteau-afirma-que-gano-la-eleccion\/#primaryimage"},"thumbnailUrl":"https:\/\/apuntesdesanluis.com\/wp-content\/uploads\/2024\/10\/pablo-dominichini.png","datePublished":"2024-10-07T20:28:38+00:00","dateModified":"2024-10-07T20:33:45+00:00","breadcrumb":{"@id":"https:\/\/apuntesdesanluis.com\/index.php\/2024\/10\/07\/polemica-en-la-ucr-el-sector-de-lousteau-afirma-que-gano-la-eleccion\/#breadcrumb"},"inLanguage":"es-AR","potentialAction":[{"@type":"ReadAction","target":["https:\/\/apuntesdesanluis.com\/index.php\/2024\/10\/07\/polemica-en-la-ucr-el-sector-de-lousteau-afirma-que-gano-la-eleccion\/"]}]},{"@type":"ImageObject","inLanguage":"es-AR","@id":"https:\/\/apuntesdesanluis.com\/index.php\/2024\/10\/07\/polemica-en-la-ucr-el-sector-de-lousteau-afirma-que-gano-la-eleccion\/#primaryimage","url":"https:\/\/apuntesdesanluis.com\/wp-content\/uploads\/2024\/10\/pablo-dominichini.png","contentUrl":"https:\/\/apuntesdesanluis.com\/wp-content\/uploads\/2024\/10\/pablo-dominichini.png","width":737,"height":476},{"@type":"BreadcrumbList","@id":"https:\/\/apuntesdesanluis.com\/index.php\/2024\/10\/07\/polemica-en-la-ucr-el-sector-de-lousteau-afirma-que-gano-la-eleccion\/#breadcrumb","itemListElement":[{"@type":"ListItem","position":1,"name":"Inicio","item":"https:\/\/apuntesdesanluis.com\/"},{"@type":"ListItem","position":2,"name":"POL\u00c9MICA EN LA UCR: EL SECTOR DE LOUSTEAU AFIRMA QUE GAN\u00d3 LA ELECCI\u00d3N"}]},{"@type":"WebSite","@id":"https:\/\/apuntesdesanluis.com\/#website","url":"https:\/\/apuntesdesanluis.com\/","name":"Apuntes de San Luis","description":"","publisher":{"@id":"https:\/\/apuntesdesanluis.com\/#\/schema\/person\/b55151d52296fcce64d1a72538a70b90"},"potentialAction":[{"@type":"SearchAction","target":{"@type":"EntryPoint","urlTemplate":"https:\/\/apuntesdesanluis.com\/?s={search_term_string}"},"query-input":{"@type":"PropertyValueSpecification","valueRequired":true,"valueName":"search_term_string"}}],"inLanguage":"es-AR"},{"@type":["Person","Organization"],"@id":"https:\/\/apuntesdesanluis.com\/#\/schema\/person\/b55151d52296fcce64d1a72538a70b90","name":"apuntesdesanluis.com","image":{"@type":"ImageObject","inLanguage":"es-AR","@id":"https:\/\/apuntesdesanluis.com\/#\/schema\/person\/image\/","url":"https:\/\/apuntesdesanluis.com\/wp-content\/uploads\/2023\/07\/cropped-apuntesdesanluis.png","contentUrl":"https:\/\/apuntesdesanluis.com\/wp-content\/uploads\/2023\/07\/cropped-apuntesdesanluis.png","width":450,"height":112,"caption":"apuntesdesanluis.com"},"logo":{"@id":"https:\/\/apuntesdesanluis.com\/#\/schema\/person\/image\/"},"sameAs":["https:\/\/apuntesdesanluis.com"],"url":"https:\/\/apuntesdesanluis.com\/index.php\/author\/apuntesdesanluis-com\/"}]}},"featured_image_urls":{"full":["https:\/\/apuntesdesanluis.com\/wp-content\/uploads\/2024\/10\/pablo-dominichini.png",737,476,false],"thumbnail":["https:\/\/apuntesdesanluis.com\/wp-content\/uploads\/2024\/10\/pablo-dominichini-150x150.png",150,150,true],"medium":["https:\/\/apuntesdesanluis.com\/wp-content\/uploads\/2024\/10\/pablo-dominichini-300x194.png",300,194,true],"medium_large":["https:\/\/apuntesdesanluis.com\/wp-content\/uploads\/2024\/10\/pablo-dominichini.png",640,413,false],"large":["https:\/\/apuntesdesanluis.com\/wp-content\/uploads\/2024\/10\/pablo-dominichini.png",640,413,false],"1536x1536":["https:\/\/apuntesdesanluis.com\/wp-content\/uploads\/2024\/10\/pablo-dominichini.png",737,476,false],"2048x2048":["https:\/\/apuntesdesanluis.com\/wp-content\/uploads\/2024\/10\/pablo-dominichini.png",737,476,false],"newsever-slider-full":["https:\/\/apuntesdesanluis.com\/wp-content\/uploads\/2024\/10\/pablo-dominichini.png",737,476,false],"newsever-featured":["https:\/\/apuntesdesanluis.com\/wp-content\/uploads\/2024\/10\/pablo-dominichini.png",737,476,false],"newsever-medium":["https:\/\/apuntesdesanluis.com\/wp-content\/uploads\/2024\/10\/pablo-dominichini-720x475.png",720,475,true]},"author_info":{"display_name":"apuntesdesanluis.com","author_link":"https:\/\/apuntesdesanluis.com\/index.php\/author\/apuntesdesanluis-com\/"},"category_info":"<a href=\"https:\/\/apuntesdesanluis.com\/index.php\/category\/nacionales-internacionales\/\" rel=\"category tag\">Nacionales\/Internacionales<\/a>","tag_info":"Nacionales\/Internacionales","comment_count":"0","_links":{"self":[{"href":"https:\/\/apuntesdesanluis.com\/index.php\/wp-json\/wp\/v2\/posts\/23482","targetHints":{"allow":["GET"]}}],"collection":[{"href":"https:\/\/apuntesdesanluis.com\/index.php\/wp-json\/wp\/v2\/posts"}],"about":[{"href":"https:\/\/apuntesdesanluis.com\/index.php\/wp-json\/wp\/v2\/types\/post"}],"author":[{"embeddable":true,"href":"https:\/\/apuntesdesanluis.com\/index.php\/wp-json\/wp\/v2\/users\/1"}],"replies":[{"embeddable":true,"href":"https:\/\/apuntesdesanluis.com\/index.php\/wp-json\/wp\/v2\/comments?post=23482"}],"version-history":[{"count":5,"href":"https:\/\/apuntesdesanluis.com\/index.php\/wp-json\/wp\/v2\/posts\/23482\/revisions"}],"predecessor-version":[{"id":23488,"href":"https:\/\/apuntesdesanluis.com\/index.php\/wp-json\/wp\/v2\/posts\/23482\/revisions\/23488"}],"wp:featuredmedia":[{"embeddable":true,"href":"https:\/\/apuntesdesanluis.com\/index.php\/wp-json\/wp\/v2\/media\/23483"}],"wp:attachment":[{"href":"https:\/\/apuntesdesanluis.com\/index.php\/wp-json\/wp\/v2\/media?parent=23482"}],"wp:term":[{"taxonomy":"category","embeddable":true,"href":"https:\/\/apuntesdesanluis.com\/index.php\/wp-json\/wp\/v2\/categories?post=23482"},{"taxonomy":"post_tag","embeddable":true,"href":"https:\/\/apuntesdesanluis.com\/index.php\/wp-json\/wp\/v2\/tags?post=23482"}],"curies":[{"name":"wp","href":"https:\/\/api.w.org\/{rel}","templated":true}]}}