{"id":23489,"date":"2024-10-07T19:17:56","date_gmt":"2024-10-07T22:17:56","guid":{"rendered":"https:\/\/apuntesdesanluis.com\/?p=23489"},"modified":"2024-10-08T07:55:22","modified_gmt":"2024-10-08T10:55:22","slug":"polemico-habilitan-a-los-mayores-de-13-anos-a-entrar-en-el-mercado-de-capitales","status":"publish","type":"post","link":"https:\/\/apuntesdesanluis.com\/index.php\/2024\/10\/07\/polemico-habilitan-a-los-mayores-de-13-anos-a-entrar-en-el-mercado-de-capitales\/","title":{"rendered":"POL\u00c9MICO: HABILITAN A LOS MAYORES DE 13 A\u00d1OS A ENTRAR EN EL MERCADO DE CAPITALES"},"content":{"rendered":"<h3>La Comisi\u00f3n Nacional de Valores (CNV) public\u00f3 este lunes en el Bolet\u00edn Oficial una resoluci\u00f3n general que permite que los adolescentes a partir de los 13 a\u00f1os puedan operar en el mercado de capitales. Hasta ahora, los menores s\u00f3lo pod\u00edan abrir una cuenta en un banco e invertir el dinero en fondos comunes de inversi\u00f3n, pazos fijos y billeteras virtuales.<\/h3>\n<h3>Al igual que con las operaciones anteriores, para meterse en el mercado de capitales, los menores deber\u00e1n contar con el correspondiente permiso y asesoramiento de los padres.<\/h3>\n<h3>Mientras a nivel nacional, incluido San Luis, se lleva adelante una campa\u00f1a para evitar las apuestas en l\u00ednea y evitar el avance de la ludopat\u00eda juvenil, con esta medida se alienta a los j\u00f3venes a ingresar a lo que se conoce como la &#8220;timba financiera&#8221;: la compra y venta de acciones. Toda una contradicci\u00f3n en s\u00ed misma.<\/h3>\n<h3>A trav\u00e9s de la Resoluci\u00f3n General 1023\/2024, publicada este lunes en el Bolet\u00edn Oficial, la medida busca &#8220;impulsar el desarrollo de nuevas iniciativas orientadas a promover diferentes herramientas e instrumentos que faciliten el acceso de los j\u00f3venes al sistema financiero&#8221;.<\/h3>\n<h3>&#8220;En virtud de ello, se propicia una reforma normativa orientada a incorporar un r\u00e9gimen especial para la apertura de subcuentas comitentes para j\u00f3venes adolescentes, estableci\u00e9ndose el alcance de las operaciones y requerimientos que deber\u00e1n acreditarse en materia de representaci\u00f3n legal del menor para que \u00e9stos puedan operar en el Mercado de Capitales&#8221;, detalla la iniciativa.<\/h3>\n<h3>Por su parte, <strong>Patricia Boedo<\/strong>, vicepresidenta de la CNV, al hablar en la Bolsa de Comercio de Buenos Aires, manifest\u00f3: &#8220;Pensamos, quiz\u00e1s, en los riegos, pero nos enfrentamos a otra realidad. Sabemos que hoy por hoy, y a trav\u00e9s de las billeteras virtuales, los j\u00f3venes manejan y administran ya su propio dinero. Es una realidad. Es una realidad que en esa administraci\u00f3n pueden hacer distintas transacciones y hasta pueden adquirir diversos activos del mercado de capitales, sacando los fondos como una inversi\u00f3n&#8221;.<\/h3>\n<h3>&#8220;Es una necesidad de los j\u00f3venes conocer el manejo del mercado de capitales. \u00bfY qu\u00e9 mejor que hacerlo desde una edad temprana? Unos a\u00f1os apenas antes de que salgan a esa etapa de la vida, que es la etapa laboral, y que puede ser una herramienta, debe ser una herramienta de mucha utilidad para los j\u00f3venes&#8221;, se\u00f1al\u00f3. Y agreg\u00f3: &#8220;En la Comisi\u00f3n de Valores no nos arriesg\u00e1bamos a bajar la edad a partir de la cual se pod\u00eda intervenir en el mercado. Hoy por hoy ya es un hecho, y la celebramos&#8221;.<\/h3>\n<h3>Para los expertos, la clave est\u00e1 en que para que esta nueva alternativa sea exitosa debe existir la posibilidad de introducir la educaci\u00f3n financiera en las escuelas. Y por ello, y en el d\u00eda de la Educaci\u00f3n Financiera, es que esta ma\u00f1ana el jefe de gobierno porte\u00f1o, Jorge Macri, present\u00f3 el proyecto de la Ciudad para que, desde marzo de 2025, se incluyan programas especiales en todos los colegios p\u00fablicos y privados de CABA.<\/h3>\n<h3>Los expertos de mercado celebraron la noticia. &#8220;Desde los 13 a\u00f1os se va a poder abrir una cuenta en Cocos Capital para comprar bonos argentinos sin pagar comisiones. Vamos a tener que redoblar esfuerzos en lo que estamos haciendo de educaci\u00f3n financiera para menores. \u00a1Gran noticia para Argentina!\u201d, escribi\u00f3 en su cuenta de la red social X Ariel Sbdar,<\/h3>\n<h3>Por su parte, Elena Alonso, gerente general de Emerald Capital Global, tambi\u00e9n festej\u00f3 la medida: &#8220;\u00a1Excelente noticia!&#8221;, escribi\u00f3 en X. Y en di\u00e1logo con Clar\u00edn sum\u00f3: &#8220;Es una muy buena oportunidad para que los chicos se comiencen a familiarizar con estas cosas. Son subcuentas dentro de las cuentas de los adultos&#8221;, aunque para la especialista, claro, &#8220;esto tiene que venir acompa\u00f1ado de educaci\u00f3n financiera&#8221;. &#8220;Hay que hacer mucha docencia, mismo con los clientes adultos. Pero la potencialidad que tienen al invertir desde chicos es tremenda&#8221;, sum\u00f3. Y concluy\u00f3: No se trata de que hagan trading con las inversiones. Si no que la idea es que ellos empiecen a cambiar el concepto de gasto por el de inversi\u00f3n&#8221;.<\/h3>\n<h3>Si bien la resoluci\u00f3n entra en vigencia desde el martes 8 de octubre de 2024, la resoluci\u00f3n otorga un plazo hasta el 15 de noviembre de 2024 para que los Agentes y Depositantes en el Agente Depositario Central de Valores Negociables (ADCVN) adecuen y presenten sus reglamentaciones ante la CNV para su aprobaci\u00f3n.<\/h3>\n<h3>Qu\u00e9 operaciones podr\u00e1n realizar:<\/h3>\n<h3>Seg\u00fan especifica la disposici\u00f3n, los adolescentes podr\u00e1n abrir subcuentas comitentes acompa\u00f1ados de un representante legal, qui\u00e9n deber\u00e1 presentar, con car\u00e1cter de declaraci\u00f3n jurada, los siguientes datos:<\/h3>\n<ul>\n<li>\n<h3>Nombre y apellido completo<\/h3>\n<\/li>\n<li>\n<h3>Domicilio real<\/h3>\n<\/li>\n<li>\n<h3>Nacionalidad<\/h3>\n<\/li>\n<li>\n<h3>N\u00famero de documento de identidad (DNI)<\/h3>\n<\/li>\n<li>\n<h3>Correo electr\u00f3nico<\/h3>\n<\/li>\n<\/ul>\n<h3>Con esas subcuentas los menores podr\u00e1n realizar:<\/h3>\n<h3>Tras la publicaci\u00f3n de la disposici\u00f3n, los Agentes de Liquidaci\u00f3n y Compensaci\u00f3n (ALyC), en su rol de Agentes y Depositantes en el Agente Depositario Central de Valores Negociables (ADCVN), tendr\u00e1n hasta el 15 de noviembre para &#8220;adecuar las disposiciones relativas a los convenios de apertura de subcuenta comitente&#8221;, para habilitar la apertura de cuentas para menores de edad.<\/h3>\n<h3><strong>EDUCACI\u00d3N FINANCIERA EN LA ESCUELA PRIMARIA<\/strong><\/h3>\n<h3>Este lunes 7 de octubre es el d\u00eda de la Educaci\u00f3n Financiera, a ra\u00edz de ello, el jefe de Gobierno porte\u00f1o, Jorge Macri, present\u00f3 el nuevo proyecto de aprendizaje para la escuela primaria. Por ejemplo, para Matem\u00e1tica, el plan promete buscar\u00e1 &#8220;formar alumnos capaces de usar sus conocimientos en una variedad de situaciones, incluyendo contextos interdisciplinarios y de la vida cotidiana&#8221;.<\/h3>\n<h3>De esta forma, m\u00e1s all\u00e1 de saber calcular cu\u00e1l es el promedio, lo indispensable ser\u00e1 saber cu\u00e1l de estas aplicaciones se debe usar en un contexto donde se presenta un determinado problema para los alumnos.<\/h3>\n<h3>&#8220;Con la educaci\u00f3n financiera se busca que los alumnos est\u00e9n preparados para tomar decisiones informadas y responsables; y con la educaci\u00f3n digital que sean usuarios y creadores de tecnolog\u00eda y potencien sus capacidades para los desaf\u00edos de este siglo&#8221;, se\u00f1al\u00f3 al respecto.<\/h3>\n<h3><\/h3>\n<h3><\/h3>\n<h3><\/h3>\n","protected":false},"excerpt":{"rendered":"<p>La Comisi\u00f3n Nacional de Valores (CNV) public\u00f3 este lunes en el Bolet\u00edn Oficial una resoluci\u00f3n&#8230;<\/p>\n","protected":false},"author":1,"featured_media":23490,"comment_status":"closed","ping_status":"closed","sticky":false,"template":"","format":"standard","meta":{"footnotes":""},"categories":[5],"tags":[],"class_list":["post-23489","post","type-post","status-publish","format-standard","has-post-thumbnail","hentry","category-nacionales-internacionales"],"yoast_head":"<!-- This site is optimized with the Yoast SEO plugin v26.1.1 - https:\/\/yoast.com\/wordpress\/plugins\/seo\/ -->\n<title>POL\u00c9MICO: HABILITAN A LOS MAYORES DE 13 A\u00d1OS A ENTRAR EN EL MERCADO DE CAPITALES - Apuntes de San Luis<\/title>\n<meta name=\"robots\" content=\"index, follow, max-snippet:-1, max-image-preview:large, max-video-preview:-1\" \/>\n<link rel=\"canonical\" href=\"https:\/\/apuntesdesanluis.com\/index.php\/2024\/10\/07\/polemico-habilitan-a-los-mayores-de-13-anos-a-entrar-en-el-mercado-de-capitales\/\" \/>\n<meta property=\"og:locale\" content=\"es_ES\" \/>\n<meta property=\"og:type\" content=\"article\" \/>\n<meta property=\"og:title\" content=\"POL\u00c9MICO: HABILITAN A LOS MAYORES DE 13 A\u00d1OS A ENTRAR EN EL MERCADO DE CAPITALES - Apuntes de San Luis\" \/>\n<meta property=\"og:description\" content=\"La Comisi\u00f3n Nacional de Valores (CNV) public\u00f3 este lunes en el Bolet\u00edn Oficial una resoluci\u00f3n...\" \/>\n<meta property=\"og:url\" content=\"https:\/\/apuntesdesanluis.com\/index.php\/2024\/10\/07\/polemico-habilitan-a-los-mayores-de-13-anos-a-entrar-en-el-mercado-de-capitales\/\" \/>\n<meta property=\"og:site_name\" content=\"Apuntes de San Luis\" \/>\n<meta property=\"article:published_time\" content=\"2024-10-07T22:17:56+00:00\" \/>\n<meta property=\"article:modified_time\" content=\"2024-10-08T10:55:22+00:00\" \/>\n<meta property=\"og:image\" content=\"https:\/\/apuntesdesanluis.com\/wp-content\/uploads\/2024\/10\/adolescente-invierte.png\" \/>\n\t<meta property=\"og:image:width\" content=\"1028\" \/>\n\t<meta property=\"og:image:height\" content=\"615\" \/>\n\t<meta property=\"og:image:type\" content=\"image\/png\" \/>\n<meta name=\"author\" content=\"apuntesdesanluis.com\" \/>\n<meta name=\"twitter:card\" content=\"summary_large_image\" \/>\n<meta name=\"twitter:label1\" content=\"Escrito por\" \/>\n\t<meta name=\"twitter:data1\" content=\"apuntesdesanluis.com\" \/>\n\t<meta name=\"twitter:label2\" content=\"Tiempo de lectura\" \/>\n\t<meta name=\"twitter:data2\" content=\"5 minutos\" \/>\n<script type=\"application\/ld+json\" class=\"yoast-schema-graph\">{\"@context\":\"https:\/\/schema.org\",\"@graph\":[{\"@type\":\"Article\",\"@id\":\"https:\/\/apuntesdesanluis.com\/index.php\/2024\/10\/07\/polemico-habilitan-a-los-mayores-de-13-anos-a-entrar-en-el-mercado-de-capitales\/#article\",\"isPartOf\":{\"@id\":\"https:\/\/apuntesdesanluis.com\/index.php\/2024\/10\/07\/polemico-habilitan-a-los-mayores-de-13-anos-a-entrar-en-el-mercado-de-capitales\/\"},\"author\":{\"name\":\"apuntesdesanluis.com\",\"@id\":\"https:\/\/apuntesdesanluis.com\/#\/schema\/person\/b55151d52296fcce64d1a72538a70b90\"},\"headline\":\"POL\u00c9MICO: HABILITAN A LOS MAYORES DE 13 A\u00d1OS A ENTRAR EN EL MERCADO DE CAPITALES\",\"datePublished\":\"2024-10-07T22:17:56+00:00\",\"dateModified\":\"2024-10-08T10:55:22+00:00\",\"mainEntityOfPage\":{\"@id\":\"https:\/\/apuntesdesanluis.com\/index.php\/2024\/10\/07\/polemico-habilitan-a-los-mayores-de-13-anos-a-entrar-en-el-mercado-de-capitales\/\"},\"wordCount\":1058,\"publisher\":{\"@id\":\"https:\/\/apuntesdesanluis.com\/#\/schema\/person\/b55151d52296fcce64d1a72538a70b90\"},\"image\":{\"@id\":\"https:\/\/apuntesdesanluis.com\/index.php\/2024\/10\/07\/polemico-habilitan-a-los-mayores-de-13-anos-a-entrar-en-el-mercado-de-capitales\/#primaryimage\"},\"thumbnailUrl\":\"https:\/\/apuntesdesanluis.com\/wp-content\/uploads\/2024\/10\/adolescente-invierte.png\",\"articleSection\":[\"Nacionales\/Internacionales\"],\"inLanguage\":\"es-AR\"},{\"@type\":\"WebPage\",\"@id\":\"https:\/\/apuntesdesanluis.com\/index.php\/2024\/10\/07\/polemico-habilitan-a-los-mayores-de-13-anos-a-entrar-en-el-mercado-de-capitales\/\",\"url\":\"https:\/\/apuntesdesanluis.com\/index.php\/2024\/10\/07\/polemico-habilitan-a-los-mayores-de-13-anos-a-entrar-en-el-mercado-de-capitales\/\",\"name\":\"POL\u00c9MICO: HABILITAN A LOS MAYORES DE 13 A\u00d1OS A ENTRAR EN EL MERCADO DE CAPITALES - Apuntes de San Luis\",\"isPartOf\":{\"@id\":\"https:\/\/apuntesdesanluis.com\/#website\"},\"primaryImageOfPage\":{\"@id\":\"https:\/\/apuntesdesanluis.com\/index.php\/2024\/10\/07\/polemico-habilitan-a-los-mayores-de-13-anos-a-entrar-en-el-mercado-de-capitales\/#primaryimage\"},\"image\":{\"@id\":\"https:\/\/apuntesdesanluis.com\/index.php\/2024\/10\/07\/polemico-habilitan-a-los-mayores-de-13-anos-a-entrar-en-el-mercado-de-capitales\/#primaryimage\"},\"thumbnailUrl\":\"https:\/\/apuntesdesanluis.com\/wp-content\/uploads\/2024\/10\/adolescente-invierte.png\",\"datePublished\":\"2024-10-07T22:17:56+00:00\",\"dateModified\":\"2024-10-08T10:55:22+00:00\",\"breadcrumb\":{\"@id\":\"https:\/\/apuntesdesanluis.com\/index.php\/2024\/10\/07\/polemico-habilitan-a-los-mayores-de-13-anos-a-entrar-en-el-mercado-de-capitales\/#breadcrumb\"},\"inLanguage\":\"es-AR\",\"potentialAction\":[{\"@type\":\"ReadAction\",\"target\":[\"https:\/\/apuntesdesanluis.com\/index.php\/2024\/10\/07\/polemico-habilitan-a-los-mayores-de-13-anos-a-entrar-en-el-mercado-de-capitales\/\"]}]},{\"@type\":\"ImageObject\",\"inLanguage\":\"es-AR\",\"@id\":\"https:\/\/apuntesdesanluis.com\/index.php\/2024\/10\/07\/polemico-habilitan-a-los-mayores-de-13-anos-a-entrar-en-el-mercado-de-capitales\/#primaryimage\",\"url\":\"https:\/\/apuntesdesanluis.com\/wp-content\/uploads\/2024\/10\/adolescente-invierte.png\",\"contentUrl\":\"https:\/\/apuntesdesanluis.com\/wp-content\/uploads\/2024\/10\/adolescente-invierte.png\",\"width\":1028,\"height\":615},{\"@type\":\"BreadcrumbList\",\"@id\":\"https:\/\/apuntesdesanluis.com\/index.php\/2024\/10\/07\/polemico-habilitan-a-los-mayores-de-13-anos-a-entrar-en-el-mercado-de-capitales\/#breadcrumb\",\"itemListElement\":[{\"@type\":\"ListItem\",\"position\":1,\"name\":\"Inicio\",\"item\":\"https:\/\/apuntesdesanluis.com\/\"},{\"@type\":\"ListItem\",\"position\":2,\"name\":\"POL\u00c9MICO: HABILITAN A LOS MAYORES DE 13 A\u00d1OS A ENTRAR EN EL MERCADO DE CAPITALES\"}]},{\"@type\":\"WebSite\",\"@id\":\"https:\/\/apuntesdesanluis.com\/#website\",\"url\":\"https:\/\/apuntesdesanluis.com\/\",\"name\":\"Apuntes de San Luis\",\"description\":\"\",\"publisher\":{\"@id\":\"https:\/\/apuntesdesanluis.com\/#\/schema\/person\/b55151d52296fcce64d1a72538a70b90\"},\"potentialAction\":[{\"@type\":\"SearchAction\",\"target\":{\"@type\":\"EntryPoint\",\"urlTemplate\":\"https:\/\/apuntesdesanluis.com\/?s={search_term_string}\"},\"query-input\":{\"@type\":\"PropertyValueSpecification\",\"valueRequired\":true,\"valueName\":\"search_term_string\"}}],\"inLanguage\":\"es-AR\"},{\"@type\":[\"Person\",\"Organization\"],\"@id\":\"https:\/\/apuntesdesanluis.com\/#\/schema\/person\/b55151d52296fcce64d1a72538a70b90\",\"name\":\"apuntesdesanluis.com\",\"image\":{\"@type\":\"ImageObject\",\"inLanguage\":\"es-AR\",\"@id\":\"https:\/\/apuntesdesanluis.com\/#\/schema\/person\/image\/\",\"url\":\"https:\/\/apuntesdesanluis.com\/wp-content\/uploads\/2023\/07\/cropped-apuntesdesanluis.png\",\"contentUrl\":\"https:\/\/apuntesdesanluis.com\/wp-content\/uploads\/2023\/07\/cropped-apuntesdesanluis.png\",\"width\":450,\"height\":112,\"caption\":\"apuntesdesanluis.com\"},\"logo\":{\"@id\":\"https:\/\/apuntesdesanluis.com\/#\/schema\/person\/image\/\"},\"sameAs\":[\"https:\/\/apuntesdesanluis.com\"],\"url\":\"https:\/\/apuntesdesanluis.com\/index.php\/author\/apuntesdesanluis-com\/\"}]}<\/script>\n<!-- \/ Yoast SEO plugin. -->","yoast_head_json":{"title":"POL\u00c9MICO: HABILITAN A LOS MAYORES DE 13 A\u00d1OS A ENTRAR EN EL MERCADO DE CAPITALES - Apuntes de San Luis","robots":{"index":"index","follow":"follow","max-snippet":"max-snippet:-1","max-image-preview":"max-image-preview:large","max-video-preview":"max-video-preview:-1"},"canonical":"https:\/\/apuntesdesanluis.com\/index.php\/2024\/10\/07\/polemico-habilitan-a-los-mayores-de-13-anos-a-entrar-en-el-mercado-de-capitales\/","og_locale":"es_ES","og_type":"article","og_title":"POL\u00c9MICO: HABILITAN A LOS MAYORES DE 13 A\u00d1OS A ENTRAR EN EL MERCADO DE CAPITALES - Apuntes de San Luis","og_description":"La Comisi\u00f3n Nacional de Valores (CNV) public\u00f3 este lunes en el Bolet\u00edn Oficial una resoluci\u00f3n...","og_url":"https:\/\/apuntesdesanluis.com\/index.php\/2024\/10\/07\/polemico-habilitan-a-los-mayores-de-13-anos-a-entrar-en-el-mercado-de-capitales\/","og_site_name":"Apuntes de San Luis","article_published_time":"2024-10-07T22:17:56+00:00","article_modified_time":"2024-10-08T10:55:22+00:00","og_image":[{"width":1028,"height":615,"url":"https:\/\/apuntesdesanluis.com\/wp-content\/uploads\/2024\/10\/adolescente-invierte.png","type":"image\/png"}],"author":"apuntesdesanluis.com","twitter_card":"summary_large_image","twitter_misc":{"Escrito por":"apuntesdesanluis.com","Tiempo de lectura":"5 minutos"},"schema":{"@context":"https:\/\/schema.org","@graph":[{"@type":"Article","@id":"https:\/\/apuntesdesanluis.com\/index.php\/2024\/10\/07\/polemico-habilitan-a-los-mayores-de-13-anos-a-entrar-en-el-mercado-de-capitales\/#article","isPartOf":{"@id":"https:\/\/apuntesdesanluis.com\/index.php\/2024\/10\/07\/polemico-habilitan-a-los-mayores-de-13-anos-a-entrar-en-el-mercado-de-capitales\/"},"author":{"name":"apuntesdesanluis.com","@id":"https:\/\/apuntesdesanluis.com\/#\/schema\/person\/b55151d52296fcce64d1a72538a70b90"},"headline":"POL\u00c9MICO: HABILITAN A LOS MAYORES DE 13 A\u00d1OS A ENTRAR EN EL MERCADO DE CAPITALES","datePublished":"2024-10-07T22:17:56+00:00","dateModified":"2024-10-08T10:55:22+00:00","mainEntityOfPage":{"@id":"https:\/\/apuntesdesanluis.com\/index.php\/2024\/10\/07\/polemico-habilitan-a-los-mayores-de-13-anos-a-entrar-en-el-mercado-de-capitales\/"},"wordCount":1058,"publisher":{"@id":"https:\/\/apuntesdesanluis.com\/#\/schema\/person\/b55151d52296fcce64d1a72538a70b90"},"image":{"@id":"https:\/\/apuntesdesanluis.com\/index.php\/2024\/10\/07\/polemico-habilitan-a-los-mayores-de-13-anos-a-entrar-en-el-mercado-de-capitales\/#primaryimage"},"thumbnailUrl":"https:\/\/apuntesdesanluis.com\/wp-content\/uploads\/2024\/10\/adolescente-invierte.png","articleSection":["Nacionales\/Internacionales"],"inLanguage":"es-AR"},{"@type":"WebPage","@id":"https:\/\/apuntesdesanluis.com\/index.php\/2024\/10\/07\/polemico-habilitan-a-los-mayores-de-13-anos-a-entrar-en-el-mercado-de-capitales\/","url":"https:\/\/apuntesdesanluis.com\/index.php\/2024\/10\/07\/polemico-habilitan-a-los-mayores-de-13-anos-a-entrar-en-el-mercado-de-capitales\/","name":"POL\u00c9MICO: HABILITAN A LOS MAYORES DE 13 A\u00d1OS A ENTRAR EN EL MERCADO DE CAPITALES - Apuntes de San Luis","isPartOf":{"@id":"https:\/\/apuntesdesanluis.com\/#website"},"primaryImageOfPage":{"@id":"https:\/\/apuntesdesanluis.com\/index.php\/2024\/10\/07\/polemico-habilitan-a-los-mayores-de-13-anos-a-entrar-en-el-mercado-de-capitales\/#primaryimage"},"image":{"@id":"https:\/\/apuntesdesanluis.com\/index.php\/2024\/10\/07\/polemico-habilitan-a-los-mayores-de-13-anos-a-entrar-en-el-mercado-de-capitales\/#primaryimage"},"thumbnailUrl":"https:\/\/apuntesdesanluis.com\/wp-content\/uploads\/2024\/10\/adolescente-invierte.png","datePublished":"2024-10-07T22:17:56+00:00","dateModified":"2024-10-08T10:55:22+00:00","breadcrumb":{"@id":"https:\/\/apuntesdesanluis.com\/index.php\/2024\/10\/07\/polemico-habilitan-a-los-mayores-de-13-anos-a-entrar-en-el-mercado-de-capitales\/#breadcrumb"},"inLanguage":"es-AR","potentialAction":[{"@type":"ReadAction","target":["https:\/\/apuntesdesanluis.com\/index.php\/2024\/10\/07\/polemico-habilitan-a-los-mayores-de-13-anos-a-entrar-en-el-mercado-de-capitales\/"]}]},{"@type":"ImageObject","inLanguage":"es-AR","@id":"https:\/\/apuntesdesanluis.com\/index.php\/2024\/10\/07\/polemico-habilitan-a-los-mayores-de-13-anos-a-entrar-en-el-mercado-de-capitales\/#primaryimage","url":"https:\/\/apuntesdesanluis.com\/wp-content\/uploads\/2024\/10\/adolescente-invierte.png","contentUrl":"https:\/\/apuntesdesanluis.com\/wp-content\/uploads\/2024\/10\/adolescente-invierte.png","width":1028,"height":615},{"@type":"BreadcrumbList","@id":"https:\/\/apuntesdesanluis.com\/index.php\/2024\/10\/07\/polemico-habilitan-a-los-mayores-de-13-anos-a-entrar-en-el-mercado-de-capitales\/#breadcrumb","itemListElement":[{"@type":"ListItem","position":1,"name":"Inicio","item":"https:\/\/apuntesdesanluis.com\/"},{"@type":"ListItem","position":2,"name":"POL\u00c9MICO: HABILITAN A LOS MAYORES DE 13 A\u00d1OS A ENTRAR EN EL MERCADO DE CAPITALES"}]},{"@type":"WebSite","@id":"https:\/\/apuntesdesanluis.com\/#website","url":"https:\/\/apuntesdesanluis.com\/","name":"Apuntes de San Luis","description":"","publisher":{"@id":"https:\/\/apuntesdesanluis.com\/#\/schema\/person\/b55151d52296fcce64d1a72538a70b90"},"potentialAction":[{"@type":"SearchAction","target":{"@type":"EntryPoint","urlTemplate":"https:\/\/apuntesdesanluis.com\/?s={search_term_string}"},"query-input":{"@type":"PropertyValueSpecification","valueRequired":true,"valueName":"search_term_string"}}],"inLanguage":"es-AR"},{"@type":["Person","Organization"],"@id":"https:\/\/apuntesdesanluis.com\/#\/schema\/person\/b55151d52296fcce64d1a72538a70b90","name":"apuntesdesanluis.com","image":{"@type":"ImageObject","inLanguage":"es-AR","@id":"https:\/\/apuntesdesanluis.com\/#\/schema\/person\/image\/","url":"https:\/\/apuntesdesanluis.com\/wp-content\/uploads\/2023\/07\/cropped-apuntesdesanluis.png","contentUrl":"https:\/\/apuntesdesanluis.com\/wp-content\/uploads\/2023\/07\/cropped-apuntesdesanluis.png","width":450,"height":112,"caption":"apuntesdesanluis.com"},"logo":{"@id":"https:\/\/apuntesdesanluis.com\/#\/schema\/person\/image\/"},"sameAs":["https:\/\/apuntesdesanluis.com"],"url":"https:\/\/apuntesdesanluis.com\/index.php\/author\/apuntesdesanluis-com\/"}]}},"featured_image_urls":{"full":["https:\/\/apuntesdesanluis.com\/wp-content\/uploads\/2024\/10\/adolescente-invierte.png",1028,615,false],"thumbnail":["https:\/\/apuntesdesanluis.com\/wp-content\/uploads\/2024\/10\/adolescente-invierte-150x150.png",150,150,true],"medium":["https:\/\/apuntesdesanluis.com\/wp-content\/uploads\/2024\/10\/adolescente-invierte-300x179.png",300,179,true],"medium_large":["https:\/\/apuntesdesanluis.com\/wp-content\/uploads\/2024\/10\/adolescente-invierte-768x459.png",640,383,true],"large":["https:\/\/apuntesdesanluis.com\/wp-content\/uploads\/2024\/10\/adolescente-invierte-1024x613.png",640,383,true],"1536x1536":["https:\/\/apuntesdesanluis.com\/wp-content\/uploads\/2024\/10\/adolescente-invierte.png",1028,615,false],"2048x2048":["https:\/\/apuntesdesanluis.com\/wp-content\/uploads\/2024\/10\/adolescente-invierte.png",1028,615,false],"newsever-slider-full":["https:\/\/apuntesdesanluis.com\/wp-content\/uploads\/2024\/10\/adolescente-invierte.png",1028,615,false],"newsever-featured":["https:\/\/apuntesdesanluis.com\/wp-content\/uploads\/2024\/10\/adolescente-invierte-1024x613.png",1024,613,true],"newsever-medium":["https:\/\/apuntesdesanluis.com\/wp-content\/uploads\/2024\/10\/adolescente-invierte-720x475.png",720,475,true]},"author_info":{"display_name":"apuntesdesanluis.com","author_link":"https:\/\/apuntesdesanluis.com\/index.php\/author\/apuntesdesanluis-com\/"},"category_info":"<a href=\"https:\/\/apuntesdesanluis.com\/index.php\/category\/nacionales-internacionales\/\" rel=\"category tag\">Nacionales\/Internacionales<\/a>","tag_info":"Nacionales\/Internacionales","comment_count":"0","_links":{"self":[{"href":"https:\/\/apuntesdesanluis.com\/index.php\/wp-json\/wp\/v2\/posts\/23489","targetHints":{"allow":["GET"]}}],"collection":[{"href":"https:\/\/apuntesdesanluis.com\/index.php\/wp-json\/wp\/v2\/posts"}],"about":[{"href":"https:\/\/apuntesdesanluis.com\/index.php\/wp-json\/wp\/v2\/types\/post"}],"author":[{"embeddable":true,"href":"https:\/\/apuntesdesanluis.com\/index.php\/wp-json\/wp\/v2\/users\/1"}],"replies":[{"embeddable":true,"href":"https:\/\/apuntesdesanluis.com\/index.php\/wp-json\/wp\/v2\/comments?post=23489"}],"version-history":[{"count":5,"href":"https:\/\/apuntesdesanluis.com\/index.php\/wp-json\/wp\/v2\/posts\/23489\/revisions"}],"predecessor-version":[{"id":23519,"href":"https:\/\/apuntesdesanluis.com\/index.php\/wp-json\/wp\/v2\/posts\/23489\/revisions\/23519"}],"wp:featuredmedia":[{"embeddable":true,"href":"https:\/\/apuntesdesanluis.com\/index.php\/wp-json\/wp\/v2\/media\/23490"}],"wp:attachment":[{"href":"https:\/\/apuntesdesanluis.com\/index.php\/wp-json\/wp\/v2\/media?parent=23489"}],"wp:term":[{"taxonomy":"category","embeddable":true,"href":"https:\/\/apuntesdesanluis.com\/index.php\/wp-json\/wp\/v2\/categories?post=23489"},{"taxonomy":"post_tag","embeddable":true,"href":"https:\/\/apuntesdesanluis.com\/index.php\/wp-json\/wp\/v2\/tags?post=23489"}],"curies":[{"name":"wp","href":"https:\/\/api.w.org\/{rel}","templated":true}]}}