{"id":2349,"date":"2023-08-29T21:37:44","date_gmt":"2023-08-30T00:37:44","guid":{"rendered":"https:\/\/apuntesdesanluis.com\/?p=2349"},"modified":"2023-08-29T21:39:04","modified_gmt":"2023-08-30T00:39:04","slug":"aprobaron-instituir-el-premio-anual-espiritu-bomberil-juan-bautista-piaggi","status":"publish","type":"post","link":"https:\/\/apuntesdesanluis.com\/index.php\/2023\/08\/29\/aprobaron-instituir-el-premio-anual-espiritu-bomberil-juan-bautista-piaggi\/","title":{"rendered":"APROBARON INSTITUIR EL PREMIO ANUAL &#8220;ESP\u00cdRITU BOMBERIL JUAN BAUTISTA PIAGGI&#8221;"},"content":{"rendered":"<h3>El despacho del proyecto de comunicaci\u00f3n fue aprobado en la sesi\u00f3n ordinaria del Concejo Deliberante de Villa Mercedes, celebrada este martes 29, presidida por la Presidenta Provisional <strong>Luc\u00eda Vanesa Lacerda Traversi<\/strong>.<\/h3>\n<h3>Propone que cada 2 de junio se entregue un reconocimiento a integrantes destacados del cuerpo activo de Bomberos Voluntarios El Fort\u00edn, iniciativa que fue fundamentada por la edil <strong>Gabriela L\u00f3pez<\/strong> y aprobada por unanimidad.<\/h3>\n<h3>Otro tema destacado que se aprob\u00f3 fue un Proyecto de Ordenanza referido a Instalaci\u00f3n de se\u00f1al\u00e9tica universal, basada en s\u00edmbolos pictogr\u00e1ficos del Centro Aragon\u00e9s para la Comunicaci\u00f3n Alternativa y Aumentativa (ARASAAC), en edificios con acceso al p\u00fablico y en espacios municipales de uso p\u00fablico.<\/h3>\n<h3>La s\u00edntesis de lo tratado es la siguiente:<\/h3>\n<h3>COMISIONES OBRAS Y SERVICIOS P\u00daBLICOS- INTERPRETACI\u00d3N Y ASUNTOS LEGALES-HACIENDA Y PRESUPUESTO<\/h3>\n<h3>El Expte. N\u00b0 20206-0\/21 Proyecto de Ordenanza referido a Declarar en la ciudad de Villa Mercedes la Emergencia en veredas, cordones y rampas para discapacitados, creaci\u00f3n de &#8220;Programa Municipal de Veredas&#8221; y de &#8220;Registro de Frentistas voluntarios&#8221; (Archivo), el cual fue fundamentado por el Concejal Hugo Rossi y aprobado de forma un\u00e1nime.<\/h3>\n<h3>OBRAS Y SERVICIOS P\u00daBLICOS-HACIENDA Y PRESUPUESTO<\/h3>\n<h3>El Expte. N\u00b0 20273-0\/21 Proyecto de Ordenanza referido a Construcci\u00f3n de un Circuito Deportivo Motocicl\u00edstico de velocidad en \u00f3valo de tierra, destinado a la pr\u00e1ctica segura de este deporte (Archivo). El Edil Rossi ley\u00f3 el dictamen del despacho en cuesti\u00f3n, el cual fue aprobado por unanimidad.<\/h3>\n<h3>El Expte. N\u00b0 20287-c\/21- Proyecto de Comunicaci\u00f3n referido a solicitar al Departamento Ejecutivo Municipal, incorporar al plan de obras, conforme convenio y adenda firmado con el Gobierno de San Luis, la instalaci\u00f3n de sistema cloacal y conexi\u00f3n a red, como as\u00ed tambi\u00e9n conexi\u00f3n y\/o extensi\u00f3n de agua sobre calle El\u00edas Adre, en el tramo comprendido entre Dr. Mestre y Lamadrid y por calle Sargento Baigorria, en el tramo comprendido entre Asia y Rita Baruscotti, del barrio Villa Rafaela. (Archivo). El Concejal Rossi argument\u00f3 el dictamen, que fue aprobado por unanimidad.<\/h3>\n<h3>OBRAS Y SERVICIOS P\u00daBLICOS- HACIENDA Y PRESUPUESTO- ACCI\u00d3N SOCIAL, CULTURA Y EDUCACI\u00d3N<\/h3>\n<h3>El Expte. N\u00b0 20154-0\/21 Proyecto de Ordenanza referido a Designar con el nombre de &#8220;Paseo de la Experiencia&#8221;, al sector noroeste del Parque Costanera R\u00edo Quinto, comprendido entre las calles Las Heras, Pedernera y calle de acceso oeste a dicho parque, con instalaci\u00f3n del equipamiento necesario destinado para uso y desarrollo de actividades de los adultos mayores (Archivo). Tambi\u00e9n result\u00f3 aprobado de forma un\u00e1nime, tras ser fundamentado por el Concejal Rossi.<\/h3>\n<h3>OBRAS Y SERVICIOS P\u00daBLICOS- ACCI\u00d3N SOCIAL, CULTURA Y EDUCACI\u00d3N<\/h3>\n<h3>El Expte. N\u00b0 20071-n\/21- Nota N\u00b0 12\/2021 referido a Sr. Dar\u00edo Sebasti\u00e1n Fern\u00e1ndez, solicita autorizaci\u00f3n para pintar el monumento de conmemoraci\u00f3n del D\u00eda Nacional de la Donaci\u00f3n de \u00d3rganos, ubicado en Plaza de la Salud y denominar el mismo &#8220;Roberto Fern\u00e1ndez&#8221;, en reconocimiento al fundador de esa instituci\u00f3n. (Archivo).<\/h3>\n<h3>OBRAS Y SERVICIOS P\u00daBLICOS- ECOLOG\u00cdA, MEDIO AMBIENTE E HIGIENE<\/h3>\n<h3>El Expte. N\u00b0 20311-0\/21 Proyecto de Ordenanza referido a Colocaci\u00f3n de Paneles Solares en los edificios y dependencias municipales y creaci\u00f3n de Programa Municipal de Energ\u00eda Solar. (Archivo).<\/h3>\n<h3>ACCI\u00d3N SOCIAL, CULTURA Y EDUCACI\u00d3N<\/h3>\n<h3>El Expte. N\u00b0 21564-c\/23 Proyecto de Comunicaci\u00f3n referido a Solicitar al Departamento Ejecutivo Municipal lleve a cabo las gestiones necesarias para la realizaci\u00f3n de la muestra fotogr\u00e1fica multidisciplinar y de un corto documental, en instalaciones p\u00fablicas localizadas en el entorno de la Calle Angosta, que fue fundamentado por la Concejal Gabriela L\u00f3pez y aprobado por unanimidad.<\/h3>\n<h3>El Expte N\u00b0 21632-r\/23 Proyecto de Resoluci\u00f3n referido a Instituir en el \u00e1mbito del Honorable Concejo Deliberante el premio anual &#8220;Esp\u00edritu Bomberil: Juan Bautista Piaggi&#8221;, a efectos de su entrega, el 02 de junio de cada a\u00f1o a integrantes destacados del cuerpo activo de Bomberos Voluntarios El Fort\u00edn. La Edil Gabriela L\u00f3pez ley\u00f3 el dictamen con modificaciones realizadas, el cual fue aprobado por unanimidad.<\/h3>\n<h3>El Expte. N\u00b0 21713-d\/23 Proyecto de Declaraci\u00f3n referido a El Honorable Concejo Deliberante Reconoce y Distingue al Instructor y Umpire Internacional de Taekwondo Edgar Ernesto Fan\u00edn- VII Dan (ITF), por su destacada trayectoria deportiva, formativa y competitiva, como as\u00ed tambi\u00e9n a la academia de Taekwondo Villa Mercedes por su compromiso social y solidario para con la comunidad y a sus alumnos, por los logros alcanzados en representaci\u00f3n de la ciudad de Villa Mercedes, la Provincia y el Pa\u00eds en diversas competencias internacionales. La Concejal Gabriela L\u00f3pez fundament\u00f3 el despacho el cual cont\u00f3 con la aprobaci\u00f3n de todo el cuerpo.<\/h3>\n<h3>El Expte. N\u00b0 21762-r\/23 Proyecto de Resoluci\u00f3n referido a Disponer la presencia de disertantes especializados en las fechas conmemorativas de los &#8220;D\u00eda Municipales&#8221; dispuesto por Ordenanzas, para el dictado de charlas en el seno del Honorable Concejo Deliberante, con el objeto de visibilizar y concientizar respecto de las mismas.<\/h3>\n<h3>El Expte. N\u00b0 21764-d\/23 Proyecto de Declaraci\u00f3n referido a El Honorable Concejo Deliberante Declara de Inter\u00e9s Legislativo, Social y Educativo, la conmemoraci\u00f3n de los 50 a\u00f1os de la Universidad Nacional de San Luis, reconociendo su destacado aporte a la educaci\u00f3n, la investigaci\u00f3n y el desarrollo regional. El mismo fue fundamentado por la Concejal Gabriela L\u00f3pez y aprobado por unanimidad con la modificaci\u00f3n realizada previamente.<\/h3>\n<h3>El Expte. N\u00b0 21767-n\/23- Nota N\u00b0 22\/2023 referido a Subsecretar\u00eda Municipal de Desarrollo Social, presenta anteproyecto de Ordenanza para Declarar el 24 de agosto como &#8220;D\u00eda del Vecinalismo&#8221;, el cual fue aprobado por mayor\u00eda.<\/h3>\n<h3>ACCI\u00d3N SOCIAL, CULTURA Y EDUCACI\u00d3N- OBRAS Y SERVICIOS P\u00daBLICOS<\/h3>\n<h3>El Expte. N\u00b0 20901-0\/22. Proyecto de Ordenanza referido a Instalaci\u00f3n de se\u00f1al\u00e9tica universal, basada en s\u00edmbolos pictogr\u00e1ficos del Centro Aragon\u00e9s para la Comunicaci\u00f3n Alternativa y Aumentativa (ARASAAC), en edificios con acceso al p\u00fablico y en espacios municipales de uso p\u00fablico. La Concejal Gabriela L\u00f3pez enumer\u00f3 las modificaciones del mencionado despacho, oportunidad en que el Concejal Hugo Rossi agradeci\u00f3 el acompa\u00f1amiento de este importante y necesaria\u00a0 norma, el cual cont\u00f3 con la aprobaci\u00f3n de forma un\u00e1nime.<\/h3>\n<h3>ECOLOG\u00cdA, MEDIO AMBIENTE E HIGIENE<\/h3>\n<h3>El Expediente Interno del Departamento Ejecutivo Municipal N\u00b0 9343 -2023, a trav\u00e9s del cual se tramita autorizaci\u00f3n para la extracci\u00f3n de \u00e1rbol (Mora), ubicado en San Juan N\u00b0 319. (Autorizado), fundamentado por el Concejal Federico Fonzar y aprobado por unanimidad.<\/h3>\n","protected":false},"excerpt":{"rendered":"<p>El despacho del proyecto de comunicaci\u00f3n fue aprobado en la sesi\u00f3n ordinaria del Concejo Deliberante&#8230;<\/p>\n","protected":false},"author":1,"featured_media":2350,"comment_status":"closed","ping_status":"closed","sticky":false,"template":"","format":"standard","meta":{"footnotes":""},"categories":[6],"tags":[],"class_list":["post-2349","post","type-post","status-publish","format-standard","has-post-thumbnail","hentry","category-ciudad-provincia"],"yoast_head":"<!-- This site is optimized with the Yoast SEO plugin v26.1.1 - https:\/\/yoast.com\/wordpress\/plugins\/seo\/ -->\n<title>APROBARON INSTITUIR EL PREMIO ANUAL &quot;ESP\u00cdRITU BOMBERIL JUAN BAUTISTA PIAGGI&quot; - Apuntes de San Luis<\/title>\n<meta name=\"robots\" content=\"index, follow, max-snippet:-1, max-image-preview:large, max-video-preview:-1\" \/>\n<link rel=\"canonical\" href=\"https:\/\/apuntesdesanluis.com\/index.php\/2023\/08\/29\/aprobaron-instituir-el-premio-anual-espiritu-bomberil-juan-bautista-piaggi\/\" \/>\n<meta property=\"og:locale\" content=\"es_ES\" \/>\n<meta property=\"og:type\" content=\"article\" \/>\n<meta property=\"og:title\" content=\"APROBARON INSTITUIR EL PREMIO ANUAL &quot;ESP\u00cdRITU BOMBERIL JUAN BAUTISTA PIAGGI&quot; - Apuntes de San Luis\" \/>\n<meta property=\"og:description\" content=\"El despacho del proyecto de comunicaci\u00f3n fue aprobado en la sesi\u00f3n ordinaria del Concejo Deliberante...\" \/>\n<meta property=\"og:url\" content=\"https:\/\/apuntesdesanluis.com\/index.php\/2023\/08\/29\/aprobaron-instituir-el-premio-anual-espiritu-bomberil-juan-bautista-piaggi\/\" \/>\n<meta property=\"og:site_name\" content=\"Apuntes de San Luis\" \/>\n<meta property=\"article:published_time\" content=\"2023-08-30T00:37:44+00:00\" \/>\n<meta property=\"article:modified_time\" content=\"2023-08-30T00:39:04+00:00\" \/>\n<meta property=\"og:image\" content=\"https:\/\/apuntesdesanluis.com\/wp-content\/uploads\/2023\/08\/concejo-deliberante-1.png\" \/>\n\t<meta property=\"og:image:width\" content=\"686\" \/>\n\t<meta property=\"og:image:height\" content=\"402\" \/>\n\t<meta property=\"og:image:type\" content=\"image\/png\" \/>\n<meta name=\"author\" content=\"apuntesdesanluis.com\" \/>\n<meta name=\"twitter:card\" content=\"summary_large_image\" \/>\n<meta name=\"twitter:label1\" content=\"Escrito por\" \/>\n\t<meta name=\"twitter:data1\" content=\"apuntesdesanluis.com\" \/>\n\t<meta name=\"twitter:label2\" content=\"Tiempo de lectura\" \/>\n\t<meta name=\"twitter:data2\" content=\"5 minutos\" \/>\n<script type=\"application\/ld+json\" class=\"yoast-schema-graph\">{\"@context\":\"https:\/\/schema.org\",\"@graph\":[{\"@type\":\"Article\",\"@id\":\"https:\/\/apuntesdesanluis.com\/index.php\/2023\/08\/29\/aprobaron-instituir-el-premio-anual-espiritu-bomberil-juan-bautista-piaggi\/#article\",\"isPartOf\":{\"@id\":\"https:\/\/apuntesdesanluis.com\/index.php\/2023\/08\/29\/aprobaron-instituir-el-premio-anual-espiritu-bomberil-juan-bautista-piaggi\/\"},\"author\":{\"name\":\"apuntesdesanluis.com\",\"@id\":\"https:\/\/apuntesdesanluis.com\/#\/schema\/person\/b55151d52296fcce64d1a72538a70b90\"},\"headline\":\"APROBARON INSTITUIR EL PREMIO ANUAL &#8220;ESP\u00cdRITU BOMBERIL JUAN BAUTISTA PIAGGI&#8221;\",\"datePublished\":\"2023-08-30T00:37:44+00:00\",\"dateModified\":\"2023-08-30T00:39:04+00:00\",\"mainEntityOfPage\":{\"@id\":\"https:\/\/apuntesdesanluis.com\/index.php\/2023\/08\/29\/aprobaron-instituir-el-premio-anual-espiritu-bomberil-juan-bautista-piaggi\/\"},\"wordCount\":1113,\"publisher\":{\"@id\":\"https:\/\/apuntesdesanluis.com\/#\/schema\/person\/b55151d52296fcce64d1a72538a70b90\"},\"image\":{\"@id\":\"https:\/\/apuntesdesanluis.com\/index.php\/2023\/08\/29\/aprobaron-instituir-el-premio-anual-espiritu-bomberil-juan-bautista-piaggi\/#primaryimage\"},\"thumbnailUrl\":\"https:\/\/apuntesdesanluis.com\/wp-content\/uploads\/2023\/08\/concejo-deliberante-1.png\",\"articleSection\":[\"Ciudad\/Provincia\"],\"inLanguage\":\"es-AR\"},{\"@type\":\"WebPage\",\"@id\":\"https:\/\/apuntesdesanluis.com\/index.php\/2023\/08\/29\/aprobaron-instituir-el-premio-anual-espiritu-bomberil-juan-bautista-piaggi\/\",\"url\":\"https:\/\/apuntesdesanluis.com\/index.php\/2023\/08\/29\/aprobaron-instituir-el-premio-anual-espiritu-bomberil-juan-bautista-piaggi\/\",\"name\":\"APROBARON INSTITUIR EL PREMIO ANUAL \\\"ESP\u00cdRITU BOMBERIL JUAN BAUTISTA PIAGGI\\\" - Apuntes de San Luis\",\"isPartOf\":{\"@id\":\"https:\/\/apuntesdesanluis.com\/#website\"},\"primaryImageOfPage\":{\"@id\":\"https:\/\/apuntesdesanluis.com\/index.php\/2023\/08\/29\/aprobaron-instituir-el-premio-anual-espiritu-bomberil-juan-bautista-piaggi\/#primaryimage\"},\"image\":{\"@id\":\"https:\/\/apuntesdesanluis.com\/index.php\/2023\/08\/29\/aprobaron-instituir-el-premio-anual-espiritu-bomberil-juan-bautista-piaggi\/#primaryimage\"},\"thumbnailUrl\":\"https:\/\/apuntesdesanluis.com\/wp-content\/uploads\/2023\/08\/concejo-deliberante-1.png\",\"datePublished\":\"2023-08-30T00:37:44+00:00\",\"dateModified\":\"2023-08-30T00:39:04+00:00\",\"breadcrumb\":{\"@id\":\"https:\/\/apuntesdesanluis.com\/index.php\/2023\/08\/29\/aprobaron-instituir-el-premio-anual-espiritu-bomberil-juan-bautista-piaggi\/#breadcrumb\"},\"inLanguage\":\"es-AR\",\"potentialAction\":[{\"@type\":\"ReadAction\",\"target\":[\"https:\/\/apuntesdesanluis.com\/index.php\/2023\/08\/29\/aprobaron-instituir-el-premio-anual-espiritu-bomberil-juan-bautista-piaggi\/\"]}]},{\"@type\":\"ImageObject\",\"inLanguage\":\"es-AR\",\"@id\":\"https:\/\/apuntesdesanluis.com\/index.php\/2023\/08\/29\/aprobaron-instituir-el-premio-anual-espiritu-bomberil-juan-bautista-piaggi\/#primaryimage\",\"url\":\"https:\/\/apuntesdesanluis.com\/wp-content\/uploads\/2023\/08\/concejo-deliberante-1.png\",\"contentUrl\":\"https:\/\/apuntesdesanluis.com\/wp-content\/uploads\/2023\/08\/concejo-deliberante-1.png\",\"width\":686,\"height\":402},{\"@type\":\"BreadcrumbList\",\"@id\":\"https:\/\/apuntesdesanluis.com\/index.php\/2023\/08\/29\/aprobaron-instituir-el-premio-anual-espiritu-bomberil-juan-bautista-piaggi\/#breadcrumb\",\"itemListElement\":[{\"@type\":\"ListItem\",\"position\":1,\"name\":\"Inicio\",\"item\":\"https:\/\/apuntesdesanluis.com\/\"},{\"@type\":\"ListItem\",\"position\":2,\"name\":\"APROBARON INSTITUIR EL PREMIO ANUAL &#8220;ESP\u00cdRITU BOMBERIL JUAN BAUTISTA PIAGGI&#8221;\"}]},{\"@type\":\"WebSite\",\"@id\":\"https:\/\/apuntesdesanluis.com\/#website\",\"url\":\"https:\/\/apuntesdesanluis.com\/\",\"name\":\"Apuntes de San Luis\",\"description\":\"\",\"publisher\":{\"@id\":\"https:\/\/apuntesdesanluis.com\/#\/schema\/person\/b55151d52296fcce64d1a72538a70b90\"},\"potentialAction\":[{\"@type\":\"SearchAction\",\"target\":{\"@type\":\"EntryPoint\",\"urlTemplate\":\"https:\/\/apuntesdesanluis.com\/?s={search_term_string}\"},\"query-input\":{\"@type\":\"PropertyValueSpecification\",\"valueRequired\":true,\"valueName\":\"search_term_string\"}}],\"inLanguage\":\"es-AR\"},{\"@type\":[\"Person\",\"Organization\"],\"@id\":\"https:\/\/apuntesdesanluis.com\/#\/schema\/person\/b55151d52296fcce64d1a72538a70b90\",\"name\":\"apuntesdesanluis.com\",\"image\":{\"@type\":\"ImageObject\",\"inLanguage\":\"es-AR\",\"@id\":\"https:\/\/apuntesdesanluis.com\/#\/schema\/person\/image\/\",\"url\":\"https:\/\/apuntesdesanluis.com\/wp-content\/uploads\/2023\/07\/cropped-apuntesdesanluis.png\",\"contentUrl\":\"https:\/\/apuntesdesanluis.com\/wp-content\/uploads\/2023\/07\/cropped-apuntesdesanluis.png\",\"width\":450,\"height\":112,\"caption\":\"apuntesdesanluis.com\"},\"logo\":{\"@id\":\"https:\/\/apuntesdesanluis.com\/#\/schema\/person\/image\/\"},\"sameAs\":[\"https:\/\/apuntesdesanluis.com\"],\"url\":\"https:\/\/apuntesdesanluis.com\/index.php\/author\/apuntesdesanluis-com\/\"}]}<\/script>\n<!-- \/ Yoast SEO plugin. -->","yoast_head_json":{"title":"APROBARON INSTITUIR EL PREMIO ANUAL \"ESP\u00cdRITU BOMBERIL JUAN BAUTISTA PIAGGI\" - Apuntes de San Luis","robots":{"index":"index","follow":"follow","max-snippet":"max-snippet:-1","max-image-preview":"max-image-preview:large","max-video-preview":"max-video-preview:-1"},"canonical":"https:\/\/apuntesdesanluis.com\/index.php\/2023\/08\/29\/aprobaron-instituir-el-premio-anual-espiritu-bomberil-juan-bautista-piaggi\/","og_locale":"es_ES","og_type":"article","og_title":"APROBARON INSTITUIR EL PREMIO ANUAL \"ESP\u00cdRITU BOMBERIL JUAN BAUTISTA PIAGGI\" - Apuntes de San Luis","og_description":"El despacho del proyecto de comunicaci\u00f3n fue aprobado en la sesi\u00f3n ordinaria del Concejo Deliberante...","og_url":"https:\/\/apuntesdesanluis.com\/index.php\/2023\/08\/29\/aprobaron-instituir-el-premio-anual-espiritu-bomberil-juan-bautista-piaggi\/","og_site_name":"Apuntes de San Luis","article_published_time":"2023-08-30T00:37:44+00:00","article_modified_time":"2023-08-30T00:39:04+00:00","og_image":[{"width":686,"height":402,"url":"https:\/\/apuntesdesanluis.com\/wp-content\/uploads\/2023\/08\/concejo-deliberante-1.png","type":"image\/png"}],"author":"apuntesdesanluis.com","twitter_card":"summary_large_image","twitter_misc":{"Escrito por":"apuntesdesanluis.com","Tiempo de lectura":"5 minutos"},"schema":{"@context":"https:\/\/schema.org","@graph":[{"@type":"Article","@id":"https:\/\/apuntesdesanluis.com\/index.php\/2023\/08\/29\/aprobaron-instituir-el-premio-anual-espiritu-bomberil-juan-bautista-piaggi\/#article","isPartOf":{"@id":"https:\/\/apuntesdesanluis.com\/index.php\/2023\/08\/29\/aprobaron-instituir-el-premio-anual-espiritu-bomberil-juan-bautista-piaggi\/"},"author":{"name":"apuntesdesanluis.com","@id":"https:\/\/apuntesdesanluis.com\/#\/schema\/person\/b55151d52296fcce64d1a72538a70b90"},"headline":"APROBARON INSTITUIR EL PREMIO ANUAL &#8220;ESP\u00cdRITU BOMBERIL JUAN BAUTISTA PIAGGI&#8221;","datePublished":"2023-08-30T00:37:44+00:00","dateModified":"2023-08-30T00:39:04+00:00","mainEntityOfPage":{"@id":"https:\/\/apuntesdesanluis.com\/index.php\/2023\/08\/29\/aprobaron-instituir-el-premio-anual-espiritu-bomberil-juan-bautista-piaggi\/"},"wordCount":1113,"publisher":{"@id":"https:\/\/apuntesdesanluis.com\/#\/schema\/person\/b55151d52296fcce64d1a72538a70b90"},"image":{"@id":"https:\/\/apuntesdesanluis.com\/index.php\/2023\/08\/29\/aprobaron-instituir-el-premio-anual-espiritu-bomberil-juan-bautista-piaggi\/#primaryimage"},"thumbnailUrl":"https:\/\/apuntesdesanluis.com\/wp-content\/uploads\/2023\/08\/concejo-deliberante-1.png","articleSection":["Ciudad\/Provincia"],"inLanguage":"es-AR"},{"@type":"WebPage","@id":"https:\/\/apuntesdesanluis.com\/index.php\/2023\/08\/29\/aprobaron-instituir-el-premio-anual-espiritu-bomberil-juan-bautista-piaggi\/","url":"https:\/\/apuntesdesanluis.com\/index.php\/2023\/08\/29\/aprobaron-instituir-el-premio-anual-espiritu-bomberil-juan-bautista-piaggi\/","name":"APROBARON INSTITUIR EL PREMIO ANUAL \"ESP\u00cdRITU BOMBERIL JUAN BAUTISTA PIAGGI\" - Apuntes de San Luis","isPartOf":{"@id":"https:\/\/apuntesdesanluis.com\/#website"},"primaryImageOfPage":{"@id":"https:\/\/apuntesdesanluis.com\/index.php\/2023\/08\/29\/aprobaron-instituir-el-premio-anual-espiritu-bomberil-juan-bautista-piaggi\/#primaryimage"},"image":{"@id":"https:\/\/apuntesdesanluis.com\/index.php\/2023\/08\/29\/aprobaron-instituir-el-premio-anual-espiritu-bomberil-juan-bautista-piaggi\/#primaryimage"},"thumbnailUrl":"https:\/\/apuntesdesanluis.com\/wp-content\/uploads\/2023\/08\/concejo-deliberante-1.png","datePublished":"2023-08-30T00:37:44+00:00","dateModified":"2023-08-30T00:39:04+00:00","breadcrumb":{"@id":"https:\/\/apuntesdesanluis.com\/index.php\/2023\/08\/29\/aprobaron-instituir-el-premio-anual-espiritu-bomberil-juan-bautista-piaggi\/#breadcrumb"},"inLanguage":"es-AR","potentialAction":[{"@type":"ReadAction","target":["https:\/\/apuntesdesanluis.com\/index.php\/2023\/08\/29\/aprobaron-instituir-el-premio-anual-espiritu-bomberil-juan-bautista-piaggi\/"]}]},{"@type":"ImageObject","inLanguage":"es-AR","@id":"https:\/\/apuntesdesanluis.com\/index.php\/2023\/08\/29\/aprobaron-instituir-el-premio-anual-espiritu-bomberil-juan-bautista-piaggi\/#primaryimage","url":"https:\/\/apuntesdesanluis.com\/wp-content\/uploads\/2023\/08\/concejo-deliberante-1.png","contentUrl":"https:\/\/apuntesdesanluis.com\/wp-content\/uploads\/2023\/08\/concejo-deliberante-1.png","width":686,"height":402},{"@type":"BreadcrumbList","@id":"https:\/\/apuntesdesanluis.com\/index.php\/2023\/08\/29\/aprobaron-instituir-el-premio-anual-espiritu-bomberil-juan-bautista-piaggi\/#breadcrumb","itemListElement":[{"@type":"ListItem","position":1,"name":"Inicio","item":"https:\/\/apuntesdesanluis.com\/"},{"@type":"ListItem","position":2,"name":"APROBARON INSTITUIR EL PREMIO ANUAL &#8220;ESP\u00cdRITU BOMBERIL JUAN BAUTISTA PIAGGI&#8221;"}]},{"@type":"WebSite","@id":"https:\/\/apuntesdesanluis.com\/#website","url":"https:\/\/apuntesdesanluis.com\/","name":"Apuntes de San Luis","description":"","publisher":{"@id":"https:\/\/apuntesdesanluis.com\/#\/schema\/person\/b55151d52296fcce64d1a72538a70b90"},"potentialAction":[{"@type":"SearchAction","target":{"@type":"EntryPoint","urlTemplate":"https:\/\/apuntesdesanluis.com\/?s={search_term_string}"},"query-input":{"@type":"PropertyValueSpecification","valueRequired":true,"valueName":"search_term_string"}}],"inLanguage":"es-AR"},{"@type":["Person","Organization"],"@id":"https:\/\/apuntesdesanluis.com\/#\/schema\/person\/b55151d52296fcce64d1a72538a70b90","name":"apuntesdesanluis.com","image":{"@type":"ImageObject","inLanguage":"es-AR","@id":"https:\/\/apuntesdesanluis.com\/#\/schema\/person\/image\/","url":"https:\/\/apuntesdesanluis.com\/wp-content\/uploads\/2023\/07\/cropped-apuntesdesanluis.png","contentUrl":"https:\/\/apuntesdesanluis.com\/wp-content\/uploads\/2023\/07\/cropped-apuntesdesanluis.png","width":450,"height":112,"caption":"apuntesdesanluis.com"},"logo":{"@id":"https:\/\/apuntesdesanluis.com\/#\/schema\/person\/image\/"},"sameAs":["https:\/\/apuntesdesanluis.com"],"url":"https:\/\/apuntesdesanluis.com\/index.php\/author\/apuntesdesanluis-com\/"}]}},"featured_image_urls":{"full":["https:\/\/apuntesdesanluis.com\/wp-content\/uploads\/2023\/08\/concejo-deliberante-1.png",686,402,false],"thumbnail":["https:\/\/apuntesdesanluis.com\/wp-content\/uploads\/2023\/08\/concejo-deliberante-1-150x150.png",150,150,true],"medium":["https:\/\/apuntesdesanluis.com\/wp-content\/uploads\/2023\/08\/concejo-deliberante-1-300x176.png",300,176,true],"medium_large":["https:\/\/apuntesdesanluis.com\/wp-content\/uploads\/2023\/08\/concejo-deliberante-1.png",640,375,false],"large":["https:\/\/apuntesdesanluis.com\/wp-content\/uploads\/2023\/08\/concejo-deliberante-1.png",640,375,false],"1536x1536":["https:\/\/apuntesdesanluis.com\/wp-content\/uploads\/2023\/08\/concejo-deliberante-1.png",686,402,false],"2048x2048":["https:\/\/apuntesdesanluis.com\/wp-content\/uploads\/2023\/08\/concejo-deliberante-1.png",686,402,false],"newsever-slider-full":["https:\/\/apuntesdesanluis.com\/wp-content\/uploads\/2023\/08\/concejo-deliberante-1.png",686,402,false],"newsever-featured":["https:\/\/apuntesdesanluis.com\/wp-content\/uploads\/2023\/08\/concejo-deliberante-1.png",686,402,false],"newsever-medium":["https:\/\/apuntesdesanluis.com\/wp-content\/uploads\/2023\/08\/concejo-deliberante-1.png",686,402,false]},"author_info":{"display_name":"apuntesdesanluis.com","author_link":"https:\/\/apuntesdesanluis.com\/index.php\/author\/apuntesdesanluis-com\/"},"category_info":"<a href=\"https:\/\/apuntesdesanluis.com\/index.php\/category\/ciudad-provincia\/\" rel=\"category tag\">Ciudad\/Provincia<\/a>","tag_info":"Ciudad\/Provincia","comment_count":"0","_links":{"self":[{"href":"https:\/\/apuntesdesanluis.com\/index.php\/wp-json\/wp\/v2\/posts\/2349","targetHints":{"allow":["GET"]}}],"collection":[{"href":"https:\/\/apuntesdesanluis.com\/index.php\/wp-json\/wp\/v2\/posts"}],"about":[{"href":"https:\/\/apuntesdesanluis.com\/index.php\/wp-json\/wp\/v2\/types\/post"}],"author":[{"embeddable":true,"href":"https:\/\/apuntesdesanluis.com\/index.php\/wp-json\/wp\/v2\/users\/1"}],"replies":[{"embeddable":true,"href":"https:\/\/apuntesdesanluis.com\/index.php\/wp-json\/wp\/v2\/comments?post=2349"}],"version-history":[{"count":3,"href":"https:\/\/apuntesdesanluis.com\/index.php\/wp-json\/wp\/v2\/posts\/2349\/revisions"}],"predecessor-version":[{"id":2353,"href":"https:\/\/apuntesdesanluis.com\/index.php\/wp-json\/wp\/v2\/posts\/2349\/revisions\/2353"}],"wp:featuredmedia":[{"embeddable":true,"href":"https:\/\/apuntesdesanluis.com\/index.php\/wp-json\/wp\/v2\/media\/2350"}],"wp:attachment":[{"href":"https:\/\/apuntesdesanluis.com\/index.php\/wp-json\/wp\/v2\/media?parent=2349"}],"wp:term":[{"taxonomy":"category","embeddable":true,"href":"https:\/\/apuntesdesanluis.com\/index.php\/wp-json\/wp\/v2\/categories?post=2349"},{"taxonomy":"post_tag","embeddable":true,"href":"https:\/\/apuntesdesanluis.com\/index.php\/wp-json\/wp\/v2\/tags?post=2349"}],"curies":[{"name":"wp","href":"https:\/\/api.w.org\/{rel}","templated":true}]}}